{"id":18772,"date":"2026-09-03T07:30:00","date_gmt":"2026-09-03T05:30:00","guid":{"rendered":"https:\/\/artyplan.com\/?p=18772"},"modified":"2026-09-02T12:34:22","modified_gmt":"2026-09-02T10:34:22","slug":"web-to-print-o-proveidor-dimpressio-tradicional-8-criteris-per-decidir","status":"publish","type":"post","link":"https:\/\/artyplan.com\/ca\/bloc\/web-to-print-o-proveidor-tradicional\/","title":{"rendered":"Web to print o prove\u00efdor d\u2019impressi\u00f3 tradicional? 8 criteris per decidir"},"content":{"rendered":"\t\t<div data-elementor-type=\"wp-post\" data-elementor-id=\"18772\" class=\"elementor elementor-18772 elementor-18703\" data-elementor-post-type=\"post\">\n\t\t\t\t<div class=\"elementor-element elementor-element-48ac1ef e-flex e-con-boxed e-con e-parent\" data-id=\"48ac1ef\" data-element_type=\"container\" data-e-type=\"container\">\n\t\t\t\t\t<div class=\"e-con-inner\">\n\t\t\t\t<div class=\"elementor-element elementor-element-39f92f9 elementor-position-top elementor-widget elementor-widget-image-box\" data-id=\"39f92f9\" data-element_type=\"widget\" data-e-type=\"widget\" data-widget_type=\"image-box.default\">\n\t\t\t\t\t<div class=\"elementor-image-box-wrapper\"><figure class=\"elementor-image-box-img\"><a href=\"https:\/\/artyplan.com\/ca\/empresa\/autors\/ignasi-pietx-i-rusinol\/\" tabindex=\"-1\"><img fetchpriority=\"high\" decoding=\"async\" width=\"639\" height=\"639\" src=\"https:\/\/artyplan.com\/wp-content\/uploads\/2026\/06\/Ignasi-Pietx.jpeg\" class=\"elementor-animation-bounce-in attachment-full size-full wp-image-16572\" alt=\"Ignasi Pietx i Rusi\u00f1ol\" srcset=\"https:\/\/artyplan.com\/wp-content\/uploads\/2026\/06\/Ignasi-Pietx.jpeg 639w, https:\/\/artyplan.com\/wp-content\/uploads\/2026\/06\/Ignasi-Pietx-300x300.jpeg 300w, https:\/\/artyplan.com\/wp-content\/uploads\/2026\/06\/Ignasi-Pietx-150x150.jpeg 150w\" sizes=\"(max-width: 639px) 100vw, 639px\" \/><\/a><\/figure><div class=\"elementor-image-box-content\"><h3 class=\"elementor-image-box-title\"><a href=\"https:\/\/artyplan.com\/ca\/empresa\/autors\/ignasi-pietx-i-rusinol\/\">Ignasi Pietx i Rusi\u00f1ol<\/a><\/h3><p class=\"elementor-image-box-description\">Director General \/<br \/>CEO d\u2019Artyplan<\/p><\/div><\/div>\t\t\t\t<\/div>\n\t\t<div class=\"elementor-element elementor-element-ff5b635 e-con-full e-flex e-con e-child\" data-id=\"ff5b635\" data-element_type=\"container\" data-e-type=\"container\">\n\t\t<div class=\"elementor-element elementor-element-a6d0589 e-con-full e-flex e-con e-child\" data-id=\"a6d0589\" data-element_type=\"container\" data-e-type=\"container\" data-settings=\"{&quot;background_background&quot;:&quot;classic&quot;}\">\n\t\t\t\t<div class=\"elementor-element elementor-element-d0e49f2 elementor-widget-widescreen__width-inherit elementor-widget elementor-widget-heading\" data-id=\"d0e49f2\" data-element_type=\"widget\" data-e-type=\"widget\" data-widget_type=\"heading.default\">\n\t\t\t\t\t<h2 class=\"elementor-heading-title elementor-size-default\">Qu\u00e8 \u00e9s millor per a una empresa: web to print o un prove\u00efdor d\u2019impressi\u00f3 tradicional?<\/h2>\t\t\t\t<\/div>\n\t\t\t\t<div class=\"elementor-element elementor-element-0885b51 elementor-widget-widescreen__width-inherit elementor-widget elementor-widget-text-editor\" data-id=\"0885b51\" data-element_type=\"widget\" data-e-type=\"widget\" data-widget_type=\"text-editor.default\">\n\t\t\t\t\t\t\t\t\t<p style=\"text-align: center;\">Dep\u00e8n d\u2019una sola variable: quantes comandes d\u2019impressi\u00f3 genera l\u2019organitzaci\u00f3 i qui les fa. Si les comandes s\u00f3n poques, grans i centralitzades en un departament, un prove\u00efdor tradicional amb gesti\u00f3 de compte funciona b\u00e9. Si s\u00f3n moltes, petites i les generen desenes de persones repartides \u2014botigues, delegacions, franquiciats\u2014, <a href=\"https:\/\/artyplan.com\/ca\/web-to-print\/\">una plataforma web to print<\/a> \u00e9s la difer\u00e8ncia entre governar la marca o perseguir-la. <\/p><p style=\"text-align: center;\">Per\u00f2 la pregunta amaga una trampa: <strong>web to print i prove\u00efdor d\u2019impressi\u00f3 no s\u00f3n alternatives del mateix tipus.<\/strong> Un \u00e9s un programari; l\u2019altre, qui fabrica. La decisi\u00f3 real no \u00e9s \u201cplataforma o impremta\u201d, sin\u00f3 quina combinaci\u00f3 de programari i producci\u00f3 encaixa amb la manera com la teva organitzaci\u00f3 demana impressi\u00f3. Aquest article ofereix els vuit criteris per decidir-ho amb dades.  <\/p>\t\t\t\t\t\t\t\t<\/div>\n\t\t\t\t<\/div>\n\t\t<div class=\"elementor-element elementor-element-cbb11b7 e-con-full e-flex e-con e-child\" data-id=\"cbb11b7\" data-element_type=\"container\" data-e-type=\"container\">\n\t\t\t\t<div class=\"elementor-element elementor-element-d40ea08 elementor-widget elementor-widget-heading\" data-id=\"d40ea08\" data-element_type=\"widget\" data-e-type=\"widget\" data-widget_type=\"heading.default\">\n\t\t\t\t\t<h2 class=\"elementor-heading-title elementor-size-default\">Un mercat que creix perqu\u00e8 el problema \u00e9s real<\/h2>\t\t\t\t<\/div>\n\t\t<div class=\"elementor-element elementor-element-694f622 e-con-full e-flex e-con e-child\" data-id=\"694f622\" data-element_type=\"container\" data-e-type=\"container\">\n\t\t<div class=\"elementor-element elementor-element-1d188bd e-con-full e-flex e-con e-child\" data-id=\"1d188bd\" data-element_type=\"container\" data-e-type=\"container\">\n\t\t<div class=\"elementor-element elementor-element-98b9f10 e-con-full e-flex e-con e-child\" data-id=\"98b9f10\" data-element_type=\"container\" data-e-type=\"container\">\n\t\t\t\t<div class=\"elementor-element elementor-element-6a992da elementor-widget elementor-widget-text-editor\" data-id=\"6a992da\" data-element_type=\"widget\" data-e-type=\"widget\" data-widget_type=\"text-editor.default\">\n\t\t\t\t\t\t\t\t\t<p>El programari web to print \u00e9s una categoria global en expansi\u00f3. Les estimacions de les consultores divergeixen en la xifra exacta \u2014Fortune Business Insights valora el mercat mundial en uns 1.430 milions de d\u00f2lars el 2025, amb una projecci\u00f3 de 3.130 milions per al 2034 (un 9,1% anual), mentre que altres firmes el situen una mica per sobre dels 1.000 milions amb creixements del 6\u20137%\u2014, per\u00f2 totes coincideixen en la direcci\u00f3: creixement sostingut d\u2019un d\u00edgit alt durant la pr\u00f2xima d\u00e8cada. <\/p>\n<p>Qu\u00e8 impulsa aquest creixement? El mateix fenomen que veiem cada setmana als br\u00edfings: les organitzacions amb xarxa f\u00edsica generen cada vegada m\u00e9s peticions d\u2019impressi\u00f3 descentralitzades. Cada botiga vol el seu cartell amb la promoci\u00f3 local, cada delegaci\u00f3 les seves targetes, cada franquiciat el seu vinil d\u2019aparador. I el gran consum espanyol, un mercat de<strong> 131.000 milions d\u2019euros<\/strong> el 2025 segons NIQ, opera amb xarxes de centenars o milers de punts per ensenya.   <\/p>\n<p>Gestionar aquest degoteig per correu electr\u00f2nic amb un prove\u00efdor tradicional funciona fins que deixa de funcionar. El s\u00edmptoma \u00e9s sempre el mateix: el departament de m\u00e0rqueting convertit en finestreta de comandes, aprovant arts finals a les onze de la nit. <\/p>\t\t\t\t\t\t\t\t<\/div>\n\t\t\t\t<\/div>\n\t\t\t\t<\/div>\n\t\t<div class=\"elementor-element elementor-element-92a43f1 e-con-full e-flex e-con e-child\" data-id=\"92a43f1\" data-element_type=\"container\" data-e-type=\"container\">\n\t\t\t\t<div class=\"elementor-element elementor-element-26c895f elementor-widget elementor-widget-heading\" data-id=\"26c895f\" data-element_type=\"widget\" data-e-type=\"widget\" data-widget_type=\"heading.default\">\n\t\t\t\t\t<h3 class=\"elementor-heading-title elementor-size-default\">Mercat mundial de programari web to print<\/h3>\t\t\t\t<\/div>\n\t\t\t\t<div class=\"elementor-element elementor-element-7451aab elementor-widget elementor-widget-heading\" data-id=\"7451aab\" data-element_type=\"widget\" data-e-type=\"widget\" data-widget_type=\"heading.default\">\n\t\t\t\t\t<p class=\"elementor-heading-title elementor-size-default\">Fortune Business Insights, 2025 \u00b7 en milions de USD \u00b7 altres consultores estimen rangs inferiors amb la mateixa tend\u00e8ncia<\/p>\t\t\t\t<\/div>\n\t\t\t\t<div class=\"elementor-element elementor-element-28fc7c6 elementor-widget__width-inherit elementor-widget-laptop__width-initial elementor-widget elementor-widget-html\" data-id=\"28fc7c6\" data-element_type=\"widget\" data-e-type=\"widget\" data-widget_type=\"html.default\">\n\t\t\t\t\t<style>\n\n\/* ==========================================\n   GR\u00c0FIC MERCAT WEB TO PRINT\n========================================== *\/\n\n.arty-w2p-chart{\n    width:100%;\n    box-sizing:border-box;\n    font-family:inherit;\n}\n\n\n\/* ==========================================\n   \u00c0REA DEL GR\u00c0FIC\n========================================== *\/\n\n.arty-w2p-chart-area{\n    position:relative;\n\n    width:100%;\n    height:300px;\n\n    display:flex;\n    align-items:flex-end;\n\n    box-sizing:border-box;\n\n    padding:20px 55px 0 30px;\n\n    border-left:2px solid #D9E1E8;\n    border-bottom:2px solid #D9E1E8;\n}\n\n\n\/* ==========================================\n   COLUMNES\n========================================== *\/\n\n.arty-w2p-bars{\n    width:100%;\n    height:100%;\n\n    display:flex;\n    align-items:flex-end;\n    justify-content:space-between;\n\n    gap:8%;\n}\n\n.arty-w2p-item{\n    position:relative;\n\n    width:18%;\n    height:100%;\n\n    display:flex;\n    flex-direction:column;\n    justify-content:flex-end;\n    align-items:center;\n}\n\n\n\/* ==========================================\n   VALORS\n========================================== *\/\n\n.arty-w2p-value{\n    width:100%;\n\n    margin:0 0 8px 0;\n\n    color:#3D4957;\n\n    font-size:20px;\n    line-height:1;\n    font-weight:700;\n\n    text-align:center;\n    white-space:nowrap;\n}\n\n\n\/* 2030 *\/\n.arty-w2p-item.blue .arty-w2p-value{\n    color:#00A3E0;\n}\n\n\n\/* 2034 *\/\n.arty-w2p-item.black .arty-w2p-value{\n    color:#111111;\n}\n\n\n\/* ==========================================\n   BARRES\n========================================== *\/\n\n.arty-w2p-bar{\n    width:100%;\n    max-width:115px;\n\n    height:var(--altura);\n    min-height:30px;\n\n    background:#AAB5C1;\n\n    border-radius:7px 7px 0 0;\n}\n\n\n\/* 2026 lleugerament m\u00e9s fosc *\/\n.arty-w2p-item.second .arty-w2p-bar{\n    background:#8796A6;\n}\n\n\n\/* 2030 - BLAU ARTYPLAN *\/\n.arty-w2p-item.blue .arty-w2p-bar{\n    background:#00A3E0;\n}\n\n\n\/* 2034 - NEGRE *\/\n.arty-w2p-item.black .arty-w2p-bar{\n    background:#111111;\n}\n\n\n\/* ==========================================\n   ANYS\n========================================== *\/\n\n.arty-w2p-year{\n    position:absolute;\n\n    top:calc(100% + 18px);\n    left:50%;\n\n    width:150%;\n\n    transform:translateX(-50%);\n\n    color:#4E5E70;\n\n    font-size:16px;\n    line-height:1.25;\n    font-weight:400;\n\n    text-align:center;\n    white-space:nowrap;\n}\n\n\n\/* ==========================================\n   CREIXEMENT\n========================================== *\/\n\n.arty-w2p-growth{\n    position:absolute;\n\n    top:32px;\n    right:-5px;\n\n    color:#111111;\n\n    text-align:left;\n}\n\n.arty-w2p-growth strong{\n    display:block;\n\n    margin:0 0 5px 0;\n\n    font-size:18px;\n    line-height:1;\n    font-weight:700;\n}\n\n.arty-w2p-growth span{\n    display:block;\n\n    color:#53677E;\n\n    font-size:14px;\n    line-height:1.2;\n}\n\n\n\/* ==========================================\n   TAULETA\n========================================== *\/\n\n@media (max-width:1024px){\n\n    .arty-w2p-chart{\n        width:100%;\n        max-width:760px;\n        margin:0 auto;\n    }\n\n    .arty-w2p-chart-area{\n        height:300px;\n\n        padding:\n            20px\n            65px\n            0\n            28px;\n    }\n\n}\n\n\n\/* ==========================================\n   M\u00d2BIL\n========================================== *\/\n\n@media (max-width:767px){\n\n    .arty-w2p-chart{\n        width:100%;\n    }\n\n    .arty-w2p-chart-area{\n        height:250px;\n\n        padding:\n            22px\n            14px\n            0\n            14px;\n    }\n\n    .arty-w2p-bars{\n        gap:6%;\n    }\n\n    .arty-w2p-item{\n        width:20%;\n    }\n\n    .arty-w2p-value{\n        margin-bottom:7px;\n\n        font-size:15px;\n    }\n\n    .arty-w2p-bar{\n        max-width:70px;\n\n        border-radius:5px 5px 0 0;\n    }\n\n    .arty-w2p-year{\n        top:calc(100% + 13px);\n\n        width:145%;\n\n        font-size:12px;\n        line-height:1.2;\n\n        white-space:normal;\n    }\n\n    .arty-w2p-growth{\n        top:-14px;\n        right:-2px;\n\n        text-align:right;\n    }\n\n    .arty-w2p-growth strong{\n        margin-bottom:3px;\n\n        font-size:14px;\n    }\n\n    .arty-w2p-growth span{\n        font-size:11px;\n    }\n\n}\n\n<\/style>\n\n\n<div class=\"arty-w2p-chart\">\n\n    <div class=\"arty-w2p-chart-area\">\n\n        <div class=\"arty-w2p-bars\">\n\n\n            <!-- 2025 -->\n\n            <div class=\"arty-w2p-item\">\n\n                <div class=\"arty-w2p-value\">\n                    1.430\n                <\/div>\n\n                <div\n                    class=\"arty-w2p-bar\"\n                    style=\"--altura:45.7%;\">\n                <\/div>\n\n                <div class=\"arty-w2p-year\">\n                    2025\n                <\/div>\n\n            <\/div>\n\n\n            <!-- 2026 -->\n\n            <div class=\"arty-w2p-item second\">\n\n                <div class=\"arty-w2p-value\">\n                    1.560\n                <\/div>\n\n                <div\n                    class=\"arty-w2p-bar\"\n                    style=\"--altura:49.8%;\">\n                <\/div>\n\n                <div class=\"arty-w2p-year\">\n                    2026\n                <\/div>\n\n            <\/div>\n\n\n            <!-- 2030 -->\n\n            <div class=\"arty-w2p-item blue\">\n\n                <div class=\"arty-w2p-value\">\n                    ~2.200\n                <\/div>\n\n                <div\n                    class=\"arty-w2p-bar\"\n                    style=\"--altura:70.3%;\">\n                <\/div>\n\n                <div class=\"arty-w2p-year\">\n                    2030<br>(proj.)\n                <\/div>\n\n            <\/div>\n\n\n            <!-- 2034 -->\n\n            <div class=\"arty-w2p-item black\">\n\n                <div class=\"arty-w2p-value\">\n                    3.130\n                <\/div>\n\n                <div\n                    class=\"arty-w2p-bar\"\n                    style=\"--altura:100%;\">\n                <\/div>\n\n                <div class=\"arty-w2p-year\">\n                    2034<br>(proj.)\n                <\/div>\n\n            <\/div>\n\n        <\/div>\n\n\n        <!-- CREIXEMENT -->\n\n        <div class=\"arty-w2p-growth\">\n\n            <strong>\n                +9,1%\n            <\/strong>\n\n            <span>\n                anual\n            <\/span>\n\n        <\/div>\n\n    <\/div>\n\n<\/div>\t\t\t\t<\/div>\n\t\t\t\t<\/div>\n\t\t\t\t<\/div>\n\t\t\t\t<\/div>\n\t\t<div class=\"elementor-element elementor-element-67cb2df e-con-full e-flex e-con e-child\" data-id=\"67cb2df\" data-element_type=\"container\" data-e-type=\"container\">\n\t\t\t\t<div class=\"elementor-element elementor-element-66d56ea elementor-widget-widescreen__width-inherit elementor-widget elementor-widget-heading\" data-id=\"66d56ea\" data-element_type=\"widget\" data-e-type=\"widget\" data-widget_type=\"heading.default\">\n\t\t\t\t\t<h2 class=\"elementor-heading-title elementor-size-default\">Els 8 criteris, un per un<\/h2>\t\t\t\t<\/div>\n\t\t<div class=\"elementor-element elementor-element-08d3cf0 e-con-full e-flex e-con e-child\" data-id=\"08d3cf0\" data-element_type=\"container\" data-e-type=\"container\">\n\t\t<div class=\"elementor-element elementor-element-741d654 e-con-full e-flex e-con e-child\" data-id=\"741d654\" data-element_type=\"container\" data-e-type=\"container\">\n\t\t<div class=\"elementor-element elementor-element-d55573c e-con-full e-flex e-con e-child\" data-id=\"d55573c\" data-element_type=\"container\" data-e-type=\"container\" data-settings=\"{&quot;background_background&quot;:&quot;classic&quot;}\">\n\t\t\t\t<div class=\"elementor-element elementor-element-16d91ca elementor-widget-widescreen__width-inherit elementor-widget elementor-widget-heading\" data-id=\"16d91ca\" data-element_type=\"widget\" data-e-type=\"widget\" data-widget_type=\"heading.default\">\n\t\t\t\t\t<h3 class=\"elementor-heading-title elementor-size-default\">1. Volum i fragmentaci\u00f3 de les comandes<\/h3>\t\t\t\t<\/div>\n\t\t\t\t<div class=\"elementor-element elementor-element-ce48355 elementor-widget-divider--view-line elementor-widget elementor-widget-divider\" data-id=\"ce48355\" data-element_type=\"widget\" data-e-type=\"widget\" data-widget_type=\"divider.default\">\n\t\t\t\t\t\t\t<div class=\"elementor-divider\">\n\t\t\t<span class=\"elementor-divider-separator\">\n\t\t\t\t\t\t<\/span>\n\t\t<\/div>\n\t\t\t\t\t\t<\/div>\n\t\t\t\t<div class=\"elementor-element elementor-element-052464a elementor-widget elementor-widget-text-editor\" data-id=\"052464a\" data-element_type=\"widget\" data-e-type=\"widget\" data-widget_type=\"text-editor.default\">\n\t\t\t\t\t\t\t\t\t<p class=\"p1\">El criteri decisiu. La pregunta correcta no \u00e9s \u201cquant imprimeixo a l\u2019any?\u201d sin\u00f3 \u201cen quantes comandes es divideix i qui les genera?\u201d. <\/p>\n<p class=\"p1\">Un mili\u00f3 d\u2019euros en 12 comandes anuals del departament central: prove\u00efdor tradicional amb gesti\u00f3 de compte. El mateix mili\u00f3 en 3.000 microcomandes de 400 botigues: sense plataforma, aquest volum \u00e9s ingovernable. <\/p>\t\t\t\t\t\t\t\t<\/div>\n\t\t\t\t<\/div>\n\t\t\t\t<\/div>\n\t\t<div class=\"elementor-element elementor-element-e4cbc67 e-con-full e-flex e-con e-child\" data-id=\"e4cbc67\" data-element_type=\"container\" data-e-type=\"container\">\n\t\t<div class=\"elementor-element elementor-element-75ffd6c e-con-full e-flex e-con e-child\" data-id=\"75ffd6c\" data-element_type=\"container\" data-e-type=\"container\" data-settings=\"{&quot;background_background&quot;:&quot;classic&quot;}\">\n\t\t\t\t<div class=\"elementor-element elementor-element-d2c1dc4 elementor-widget-widescreen__width-inherit elementor-widget elementor-widget-heading\" data-id=\"d2c1dc4\" data-element_type=\"widget\" data-e-type=\"widget\" data-widget_type=\"heading.default\">\n\t\t\t\t\t<h3 class=\"elementor-heading-title elementor-size-default\">2. Control de marca<\/h3>\t\t\t\t<\/div>\n\t\t\t\t<div class=\"elementor-element elementor-element-8756ac2 elementor-widget-divider--view-line elementor-widget elementor-widget-divider\" data-id=\"8756ac2\" data-element_type=\"widget\" data-e-type=\"widget\" data-widget_type=\"divider.default\">\n\t\t\t\t\t\t\t<div class=\"elementor-divider\">\n\t\t\t<span class=\"elementor-divider-separator\">\n\t\t\t\t\t\t<\/span>\n\t\t<\/div>\n\t\t\t\t\t\t<\/div>\n\t\t\t\t<div class=\"elementor-element elementor-element-feb2a6b elementor-widget elementor-widget-text-editor\" data-id=\"feb2a6b\" data-element_type=\"widget\" data-e-type=\"widget\" data-widget_type=\"text-editor.default\">\n\t\t\t\t\t\t\t\t\t<p>L\u2019argument m\u00e9s s\u00f2lid del web to print i el menys quantificat en les comparatives. <a href=\"https:\/\/artyplan.com\/ca\/blog\/guia-web-to-print-retail\/\">Amb plantilles bloquejades, l\u2019usuari de botiga nom\u00e9s edita els camps permesos<\/a> \u2014preu, data, adre\u00e7a\u2014 i la marca queda protegida pel disseny, no per la vigil\u00e0ncia.<\/p><p>L\u2019alternativa real no \u00e9s \u201cel prove\u00efdor tradicional cuida la marca\u201d: \u00e9s que cada petici\u00f3 descentralitzada passa (o no) per un embut de revisi\u00f3 manual a central. El cost d\u2019aquest embut no apareix en cap factura, per\u00f2 es paga en hores de m\u00e0rqueting i en versions del logotip que ning\u00fa no va aprovar. <\/p>\t\t\t\t\t\t\t\t<\/div>\n\t\t\t\t<\/div>\n\t\t\t\t<\/div>\n\t\t\t\t<\/div>\n\t\t<div class=\"elementor-element elementor-element-db164b3 e-con-full e-flex e-con e-child\" data-id=\"db164b3\" data-element_type=\"container\" data-e-type=\"container\" data-settings=\"{&quot;background_background&quot;:&quot;classic&quot;}\">\n\t\t\t\t<div class=\"elementor-element elementor-element-ae28999 elementor-widget-widescreen__width-inherit elementor-widget elementor-widget-heading\" data-id=\"ae28999\" data-element_type=\"widget\" data-e-type=\"widget\" data-widget_type=\"heading.default\">\n\t\t\t\t\t<h3 class=\"elementor-heading-title elementor-size-default\">3. Cost real per comanda<\/h3>\t\t\t\t<\/div>\n\t\t\t\t<div class=\"elementor-element elementor-element-ea709a9 elementor-widget-divider--view-line elementor-widget elementor-widget-divider\" data-id=\"ea709a9\" data-element_type=\"widget\" data-e-type=\"widget\" data-widget_type=\"divider.default\">\n\t\t\t\t\t\t\t<div class=\"elementor-divider\">\n\t\t\t<span class=\"elementor-divider-separator\">\n\t\t\t\t\t\t<\/span>\n\t\t<\/div>\n\t\t\t\t\t\t<\/div>\n\t\t\t\t<div class=\"elementor-element elementor-element-168171f elementor-widget-widescreen__width-inherit elementor-widget elementor-widget-text-editor\" data-id=\"168171f\" data-element_type=\"widget\" data-e-type=\"widget\" data-widget_type=\"text-editor.default\">\n\t\t\t\t\t\t\t\t\t<p class=\"p1\" style=\"text-align: center;\">Aqu\u00ed les comparatives solen fer trampa mirant nom\u00e9s el preu d\u2019impremta. El cost real d\u2019una comanda descentralitzada inclou la gesti\u00f3: rebre-la, interpretar-la, muntar l\u2019art final, aprovar-lo, llan\u00e7ar-lo i facturar-lo. <\/p>\t\t\t\t\t\t\t\t<\/div>\n\t\t\t\t<div class=\"elementor-element elementor-element-94b6253 elementor-widget elementor-widget-html\" data-id=\"94b6253\" data-element_type=\"widget\" data-e-type=\"widget\" data-widget_type=\"html.default\">\n\t\t\t\t\t<style>\n\n\/* ========================================\n   TAULA COMPARATIVA W2P\n======================================== *\/\n\n.comparativa-w2p{\n    width:100%;\n    border-collapse:separate;\n    border-spacing:0;\n    background:#ffffff;\n    border-radius:12px;\n    overflow:hidden;\n}\n\n\n\/* ========================================\n   CAP\u00c7ALERA\n======================================== *\/\n\n.comparativa-w2p thead th{\n    background:#000000;\n    color:#ffffff;\n    text-align:left;\n\n    padding:18px 22px;\n\n    font-size:16px;\n    line-height:1.4;\n    font-weight:700;\n\n    vertical-align:middle;\n\n    border:none !important;\n}\n\n\n\/* AMPLADES DE COLUMNES *\/\n\n.comparativa-w2p thead th:nth-child(1){\n    width:31%;\n}\n\n.comparativa-w2p thead th:nth-child(2){\n    width:37%;\n}\n\n.comparativa-w2p thead th:nth-child(3){\n    width:32%;\n}\n\n\n\/* ========================================\n   CEL\u00b7LES\n======================================== *\/\n\n.comparativa-w2p td{\n    padding:20px 22px;\n\n    font-size:16px;\n    line-height:1.5;\n\n    color:#1e2d3f;\n\n    vertical-align:middle;\n\n    background:#ffffff;\n\n    border-left:none !important;\n    border-right:none !important;\n    border-top:none !important;\n}\n\n\n\/* L\u00cdNIES ENTRE FILES *\/\n\n.comparativa-w2p tbody tr:not(:last-child) td{\n    border-bottom:1px solid #d9d9d9;\n}\n\n\n\/* ========================================\n   PRIMERA COLUMNA\n======================================== *\/\n\n.comparativa-w2p .titulo{\n    font-weight:700;\n    color:#111111;\n}\n\n\n\/* ========================================\n   COLUMNA W2P\n======================================== *\/\n\n.comparativa-w2p .w2p{\n    color:#00A3E0;\n    font-weight:700;\n}\n\n\n\/* ========================================\n   TAULETA\n======================================== *\/\n\n@media (max-width:1024px) and (min-width:768px){\n\n    .comparativa-w2p thead th{\n        padding:16px 18px;\n        font-size:15px;\n    }\n\n    .comparativa-w2p td{\n        padding:18px;\n        font-size:15px;\n    }\n\n}\n\n\n\/* ========================================\n   M\u00d2BIL: TARGETES\n======================================== *\/\n\n@media (max-width:767px){\n\n    .comparativa-w2p,\n    .comparativa-w2p thead,\n    .comparativa-w2p tbody,\n    .comparativa-w2p tr,\n    .comparativa-w2p td{\n        display:block;\n        width:100%;\n    }\n\n\n    \/* TAULA GENERAL *\/\n\n    .comparativa-w2p{\n        border-radius:0;\n        background:transparent;\n        overflow:visible;\n    }\n\n\n    \/* AMAGUEM LA CAP\u00c7ALERA *\/\n\n    .comparativa-w2p thead{\n        display:none;\n    }\n\n\n    \/* CADA FILA ES CONVERTEIX EN TARGETA *\/\n\n    .comparativa-w2p tr{\n        margin-bottom:18px;\n\n        background:#ffffff;\n\n        border-radius:12px;\n        overflow:hidden;\n\n        border:none !important;\n    }\n\n\n    \/* CEL\u00b7LES *\/\n\n    .comparativa-w2p td{\n        padding:14px 16px;\n\n        font-size:15px;\n        line-height:1.45;\n\n        background:#ffffff;\n\n        border:none !important;\n    }\n\n\n    \/* CONCEPTE = CAP\u00c7ALERA NEGRA DE LA TARGETA *\/\n\n    .comparativa-w2p td.titulo{\n        background:#000000;\n        color:#ffffff;\n\n        font-weight:700;\n\n        padding:15px 16px;\n    }\n\n\n    \/* RESTA DE CAMPS *\/\n\n    .comparativa-w2p td:not(.titulo){\n        display:flex;\n\n        justify-content:space-between;\n        align-items:flex-start;\n\n        gap:16px;\n\n        text-align:right;\n\n        border-bottom:1px solid #d9d9d9 !important;\n    }\n\n\n    \/* ETIQUETA DE CADA CAMP *\/\n\n    .comparativa-w2p td:not(.titulo)::before{\n        content:attr(data-label);\n\n        font-weight:700;\n        color:#000000;\n\n        text-align:left;\n\n        flex:0 0 43%;\n    }\n\n\n    \/* W2P EN CYAN *\/\n\n    .comparativa-w2p td.w2p{\n        color:#00A3E0;\n        font-weight:700;\n    }\n\n\n    \/* SENSE L\u00cdNIA A L'\u00daLTIMA CEL\u00b7LA *\/\n\n    .comparativa-w2p td:last-child{\n        border-bottom:none !important;\n    }\n\n}\n\n<\/style>\n\n\n<table class=\"comparativa-w2p\">\n\n    <thead>\n\n        <tr>\n\n            <th>\n                Concepte\n            <\/th>\n\n            <th>\n                Comanda per correu electr\u00f2nic a prove\u00efdor tradicional\n            <\/th>\n\n            <th>\n                Comanda per plataforma W2P\n            <\/th>\n\n        <\/tr>\n\n    <\/thead>\n\n\n    <tbody>\n\n\n        <!-- RECEPCI\u00d3 -->\n\n        <tr>\n\n            <td class=\"titulo\">\n                Recepci\u00f3 i interpretaci\u00f3 del br\u00edfing\n            <\/td>\n\n            <td data-label=\"Comanda per correu electr\u00f2nic\">\n                Manual, 2-5 correus\n            <\/td>\n\n            <td\n                class=\"w2p\"\n                data-label=\"Plataforma W2P\">\n                Formulari estructurat\n            <\/td>\n\n        <\/tr>\n\n\n        <!-- ART FINAL -->\n\n        <tr>\n\n            <td class=\"titulo\">\n                Muntatge de l\u2019art final\n            <\/td>\n\n            <td data-label=\"Comanda per correu electr\u00f2nic\">\n                Dissenyador o prove\u00efdor\n            <\/td>\n\n            <td\n                class=\"w2p\"\n                data-label=\"Plataforma W2P\">\n                Plantilla autom\u00e0tica\n            <\/td>\n\n        <\/tr>\n\n\n        <!-- APROVACI\u00d3 -->\n\n        <tr>\n\n            <td class=\"titulo\">\n                Aprovaci\u00f3 de marca\n            <\/td>\n\n            <td data-label=\"Comanda per correu electr\u00f2nic\">\n                Revisi\u00f3 manual a central\n            <\/td>\n\n            <td\n                class=\"w2p\"\n                data-label=\"Plataforma W2P\">\n                Bloquejada per disseny\n            <\/td>\n\n        <\/tr>\n\n\n        <!-- ERRORS -->\n\n        <tr>\n\n            <td class=\"titulo\">\n                Errors de versi\u00f3\/mida\n            <\/td>\n\n            <td data-label=\"Comanda per correu electr\u00f2nic\">\n                Freq\u00fcents en pics\n            <\/td>\n\n            <td\n                class=\"w2p\"\n                data-label=\"Plataforma W2P\">\n                Residual\n            <\/td>\n\n        <\/tr>\n\n\n        <!-- FACTURACI\u00d3 -->\n\n        <tr>\n\n            <td class=\"titulo\">\n                Facturaci\u00f3\n            <\/td>\n\n            <td data-label=\"Comanda per correu electr\u00f2nic\">\n                Consolidaci\u00f3 manual\n            <\/td>\n\n            <td\n                class=\"w2p\"\n                data-label=\"Plataforma W2P\">\n                Autom\u00e0tica per centre de cost\n            <\/td>\n\n        <\/tr>\n\n\n        <!-- COST -->\n\n        <tr>\n\n            <td class=\"titulo\">\n                Cost administratiu per comanda\n            <\/td>\n\n            <td data-label=\"Comanda per correu electr\u00f2nic\">\n                Alt i creixent amb el volum\n            <\/td>\n\n            <td\n                class=\"w2p\"\n                data-label=\"Plataforma W2P\">\n                Marginal decreixent\n            <\/td>\n\n        <\/tr>\n\n\n    <\/tbody>\n\n<\/table>\t\t\t\t<\/div>\n\t\t\t\t<div class=\"elementor-element elementor-element-890d2fb elementor-widget-widescreen__width-inherit elementor-widget elementor-widget-text-editor\" data-id=\"890d2fb\" data-element_type=\"widget\" data-e-type=\"widget\" data-widget_type=\"text-editor.default\">\n\t\t\t\t\t\t\t\t\t<p class=\"p1\" style=\"text-align: center;\"><em>(Comparativa qualitativa basada en l\u2019operativa de la plataforma Web2Print d\u2019Artyplan; els temps exactes depenen de cada organitzaci\u00f3.)<\/em><\/p>\t\t\t\t\t\t\t\t<\/div>\n\t\t\t\t<div class=\"elementor-element elementor-element-e3f4ded elementor-widget-widescreen__width-inherit elementor-widget elementor-widget-text-editor\" data-id=\"e3f4ded\" data-element_type=\"widget\" data-e-type=\"widget\" data-widget_type=\"text-editor.default\">\n\t\t\t\t\t\t\t\t\t<p class=\"p1\" style=\"text-align: center;\">Amb poques comandes, la difer\u00e8ncia administrativa \u00e9s irrellevant i el prove\u00efdor tradicional pot ser m\u00e9s barat en total. A partir d\u2019un cert volum de microcomandes, la partida administrativa domina el cost i la plataforma es paga sola. <\/p>\t\t\t\t\t\t\t\t<\/div>\n\t\t\t\t<\/div>\n\t\t<div class=\"elementor-element elementor-element-86b31e7 e-con-full e-flex e-con e-child\" data-id=\"86b31e7\" data-element_type=\"container\" data-e-type=\"container\" data-settings=\"{&quot;background_background&quot;:&quot;classic&quot;}\">\n\t\t\t\t<div class=\"elementor-element elementor-element-276f7d1 elementor-widget-widescreen__width-inherit elementor-widget elementor-widget-heading\" data-id=\"276f7d1\" data-element_type=\"widget\" data-e-type=\"widget\" data-widget_type=\"heading.default\">\n\t\t\t\t\t<h3 class=\"elementor-heading-title elementor-size-default\">4. Velocitat de posada al mercat<\/h3>\t\t\t\t<\/div>\n\t\t\t\t<div class=\"elementor-element elementor-element-5932592 elementor-widget-divider--view-line elementor-widget elementor-widget-divider\" data-id=\"5932592\" data-element_type=\"widget\" data-e-type=\"widget\" data-widget_type=\"divider.default\">\n\t\t\t\t\t\t\t<div class=\"elementor-divider\">\n\t\t\t<span class=\"elementor-divider-separator\">\n\t\t\t\t\t\t<\/span>\n\t\t<\/div>\n\t\t\t\t\t\t<\/div>\n\t\t\t\t<div class=\"elementor-element elementor-element-d6213ab elementor-widget-widescreen__width-inherit elementor-widget elementor-widget-text-editor\" data-id=\"d6213ab\" data-element_type=\"widget\" data-e-type=\"widget\" data-widget_type=\"text-editor.default\">\n\t\t\t\t\t\t\t\t\t<p class=\"p1\" style=\"text-align: center;\">Una campanya local urgent \u2014obertura, liquidaci\u00f3, esdeveniment de zona\u2014 pel circuit tradicional encadena br\u00edfing, disseny, aprovaci\u00f3 i producci\u00f3: dies. Per plataforma, la botiga personalitza la plantilla aprovada i la comanda entra directament a producci\u00f3: hores. Ara b\u00e9, aquesta velocitat nom\u00e9s existeix si darrere de la plataforma hi ha capacitat real de producci\u00f3 i distribuci\u00f3. Un W2P connectat a una impremta saturada \u00e9s un formulari bonic davant d\u2019una cua.   <\/p>\t\t\t\t\t\t\t\t<\/div>\n\t\t\t\t<\/div>\n\t\t<div class=\"elementor-element elementor-element-e257ea9 e-con-full e-flex e-con e-child\" data-id=\"e257ea9\" data-element_type=\"container\" data-e-type=\"container\" data-settings=\"{&quot;background_background&quot;:&quot;classic&quot;}\">\n\t\t\t\t<div class=\"elementor-element elementor-element-103be3b elementor-widget-widescreen__width-inherit elementor-widget elementor-widget-heading\" data-id=\"103be3b\" data-element_type=\"widget\" data-e-type=\"widget\" data-widget_type=\"heading.default\">\n\t\t\t\t\t<h3 class=\"elementor-heading-title elementor-size-default\">5. Integraci\u00f3 amb la producci\u00f3 (el criteri que gaireb\u00e9 ning\u00fa mira)<\/h3>\t\t\t\t<\/div>\n\t\t\t\t<div class=\"elementor-element elementor-element-e28f033 elementor-widget-divider--view-line elementor-widget elementor-widget-divider\" data-id=\"e28f033\" data-element_type=\"widget\" data-e-type=\"widget\" data-widget_type=\"divider.default\">\n\t\t\t\t\t\t\t<div class=\"elementor-divider\">\n\t\t\t<span class=\"elementor-divider-separator\">\n\t\t\t\t\t\t<\/span>\n\t\t<\/div>\n\t\t\t\t\t\t<\/div>\n\t\t\t\t<div class=\"elementor-element elementor-element-abb5093 elementor-widget-widescreen__width-inherit elementor-widget elementor-widget-text-editor\" data-id=\"abb5093\" data-element_type=\"widget\" data-e-type=\"widget\" data-widget_type=\"text-editor.default\">\n\t\t\t\t\t\t\t\t\t<p class=\"p1\" style=\"text-align: center;\">Un programari web to print sense producci\u00f3 integrada no resol el problema de la impressi\u00f3 descentralitzada: nom\u00e9s n\u2019automatitza l\u2019entrada. Tot el que passa despr\u00e9s del clic \u2014imprimir, acabar, <a href=\"https:\/\/artyplan.com\/ca\/emmagatzematge-picking-i-logistica\/\">preparar, enviar, reposar<\/a>\u2014 continua depenent de qui fabrica, i aquesta \u00e9s la ra\u00f3 per la qual la pregunta del t\u00edtol est\u00e0 mal plantejada. Les configuracions possibles s\u00f3n tres, i conv\u00e9 comparar-les de cara.  <\/p>\t\t\t\t\t\t\t\t<\/div>\n\t\t\t\t<div class=\"elementor-element elementor-element-6324ed2 elementor-widget elementor-widget-html\" data-id=\"6324ed2\" data-element_type=\"widget\" data-e-type=\"widget\" data-widget_type=\"html.default\">\n\t\t\t\t\t<style>\n\n\/* ========================================\n   TAULA CONFIGURACIONS W2P\n======================================== *\/\n\n.comparativa-config{\n    width:100%;\n    border-collapse:separate;\n    border-spacing:0;\n    background:#ffffff;\n    border-radius:12px;\n    overflow:hidden;\n}\n\n\n\/* ========================================\n   CAP\u00c7ALERA\n======================================== *\/\n\n.comparativa-config thead th{\n    background:#000000;\n    color:#ffffff;\n    text-align:left;\n\n    padding:18px 22px;\n\n    font-size:16px;\n    line-height:1.4;\n    font-weight:700;\n\n    vertical-align:middle;\n\n    border:none !important;\n}\n\n\n\/* AMPLADES DE COLUMNES *\/\n\n.comparativa-config thead th:nth-child(1){\n    width:30%;\n}\n\n.comparativa-config thead th:nth-child(2){\n    width:28%;\n}\n\n.comparativa-config thead th:nth-child(3){\n    width:42%;\n}\n\n\n\/* ========================================\n   CEL\u00b7LES\n======================================== *\/\n\n.comparativa-config td{\n    padding:20px 22px;\n\n    font-size:16px;\n    line-height:1.5;\n\n    color:#1e2d3f;\n\n    vertical-align:middle;\n\n    background:#ffffff;\n\n    border-left:none !important;\n    border-right:none !important;\n    border-top:none !important;\n}\n\n\n\/* L\u00cdNIES ENTRE FILES *\/\n\n.comparativa-config tbody tr:not(:last-child) td{\n    border-bottom:1px solid #d9d9d9;\n}\n\n\n\/* ========================================\n   PRIMERA COLUMNA\n======================================== *\/\n\n.comparativa-config .titulo{\n    font-weight:700;\n    color:#111111;\n}\n\n\n\/* ========================================\n   QU\u00c8 RESOL\n======================================== *\/\n\n.comparativa-config .resuelve{\n    color:#00A3E0;\n    font-weight:700;\n}\n\n\n\/* ========================================\n   TAULETA\n======================================== *\/\n\n@media (max-width:1024px) and (min-width:768px){\n\n    .comparativa-config thead th{\n        padding:16px 18px;\n        font-size:15px;\n    }\n\n    .comparativa-config td{\n        padding:18px;\n        font-size:15px;\n    }\n\n}\n\n\n\/* ========================================\n   M\u00d2BIL: TARGETES\n======================================== *\/\n\n@media (max-width:767px){\n\n    .comparativa-config,\n    .comparativa-config thead,\n    .comparativa-config tbody,\n    .comparativa-config tr,\n    .comparativa-config td{\n        display:block;\n        width:100%;\n    }\n\n\n    .comparativa-config{\n        border-radius:0;\n        background:transparent;\n        overflow:visible;\n    }\n\n\n    \/* AMAGAR CAP\u00c7ALERA *\/\n\n    .comparativa-config thead{\n        display:none;\n    }\n\n\n    \/* CADA FILA = TARGETA *\/\n\n    .comparativa-config tr{\n        margin-bottom:18px;\n\n        background:#ffffff;\n\n        border-radius:12px;\n        overflow:hidden;\n\n        border:none !important;\n    }\n\n\n    \/* CEL\u00b7LES *\/\n\n    .comparativa-config td{\n        padding:14px 16px;\n\n        font-size:15px;\n        line-height:1.45;\n\n        background:#ffffff;\n\n        border:none !important;\n    }\n\n\n    \/* CONFIGURACI\u00d3 = CAP\u00c7ALERA NEGRA *\/\n\n    .comparativa-config td.titulo{\n        background:#000000;\n        color:#ffffff;\n\n        font-weight:700;\n\n        padding:15px 16px;\n    }\n\n\n    \/* RESTA DE CAMPS *\/\n\n    .comparativa-config td:not(.titulo){\n        display:flex;\n\n        justify-content:space-between;\n        align-items:flex-start;\n\n        gap:16px;\n\n        text-align:right;\n\n        border-bottom:1px solid #d9d9d9 !important;\n    }\n\n\n    \/* ETIQUETA *\/\n\n    .comparativa-config td:not(.titulo)::before{\n        content:attr(data-label);\n\n        font-weight:700;\n        color:#000000;\n\n        text-align:left;\n\n        flex:0 0 38%;\n    }\n\n\n    \/* QU\u00c8 RESOL EN CYAN *\/\n\n    .comparativa-config td.resuelve{\n        color:#00A3E0;\n        font-weight:700;\n    }\n\n\n    \/* \u00daLTIMA CEL\u00b7LA *\/\n\n    .comparativa-config td:last-child{\n        border-bottom:none !important;\n    }\n\n}\n\n<\/style>\n\n\n<table class=\"comparativa-config\">\n\n    <thead>\n        <tr>\n            <th>\n                Configuraci\u00f3\n            <\/th>\n\n            <th>\n                Qu\u00e8 resol\n            <\/th>\n\n            <th>\n                On falla\n            <\/th>\n        <\/tr>\n    <\/thead>\n\n    <tbody>\n\n\n        <!-- PROGRAMARI INDEPENDENT -->\n\n        <tr>\n\n            <td class=\"titulo\">\n                Programari W2P independent + impremta a part\n            <\/td>\n\n            <td\n                class=\"resuelve\"\n                data-label=\"Qu\u00e8 resol\">\n                La captura de la comanda\n            <\/td>\n\n            <td data-label=\"On falla\">\n                La responsabilitat es divideix en dues parts: el programari culpa la impremta i viceversa\n            <\/td>\n\n        <\/tr>\n\n\n        <!-- PROVE\u00cfDOR TRADICIONAL -->\n\n        <tr>\n\n            <td class=\"titulo\">\n                Prove\u00efdor tradicional sense plataforma\n            <\/td>\n\n            <td\n                class=\"resuelve\"\n                data-label=\"Qu\u00e8 resol\">\n                La producci\u00f3\n            <\/td>\n\n            <td data-label=\"On falla\">\n                La gesti\u00f3 descentralitzada satura m\u00e0rqueting\n            <\/td>\n\n        <\/tr>\n\n\n        <!-- PLATAFORMA DEL PRODUCTOR -->\n\n        <tr>\n\n            <td class=\"titulo\">\n                Plataforma W2P del mateix productor\n            <\/td>\n\n            <td\n                class=\"resuelve\"\n                data-label=\"Qu\u00e8 resol\">\n                Comanda i fabricaci\u00f3 sota un \u00fanic responsable\n            <\/td>\n\n            <td data-label=\"On falla\">\n                Exigeix que el productor tingui una plataforma madura, no un portal improvisat\n            <\/td>\n\n        <\/tr>\n\n\n    <\/tbody>\n\n<\/table>\t\t\t\t<\/div>\n\t\t\t\t<div class=\"elementor-element elementor-element-86327b1 elementor-widget-widescreen__width-inherit elementor-widget elementor-widget-text-editor\" data-id=\"86327b1\" data-element_type=\"widget\" data-e-type=\"widget\" data-widget_type=\"text-editor.default\">\n\t\t\t\t\t\t\t\t\t<p class=\"p1\" style=\"text-align: center;\">\u00c9s la mateixa l\u00f2gica del responsable \u00fanic que s\u2019aplica a qualsevol campanya multisede: quan la comanda i la f\u00e0brica s\u00f3n de la mateixa casa, no hi ha cap escletxa contractual per on caigui el resultat.<\/p>\t\t\t\t\t\t\t\t<\/div>\n\t\t\t\t<\/div>\n\t\t<div class=\"elementor-element elementor-element-2b5ae2f e-con-full e-flex e-con e-child\" data-id=\"2b5ae2f\" data-element_type=\"container\" data-e-type=\"container\">\n\t\t<div class=\"elementor-element elementor-element-8adddc1 e-con-full e-flex e-con e-child\" data-id=\"8adddc1\" data-element_type=\"container\" data-e-type=\"container\">\n\t\t<div class=\"elementor-element elementor-element-fb1eb37 e-con-full e-flex e-con e-child\" data-id=\"fb1eb37\" data-element_type=\"container\" data-e-type=\"container\" data-settings=\"{&quot;background_background&quot;:&quot;classic&quot;}\">\n\t\t\t\t<div class=\"elementor-element elementor-element-84eb153 elementor-widget-widescreen__width-inherit elementor-widget elementor-widget-heading\" data-id=\"84eb153\" data-element_type=\"widget\" data-e-type=\"widget\" data-widget_type=\"heading.default\">\n\t\t\t\t\t<h3 class=\"elementor-heading-title elementor-size-default\">6. Governan\u00e7a de la despesa<\/h3>\t\t\t\t<\/div>\n\t\t\t\t<div class=\"elementor-element elementor-element-ca4af01 elementor-widget-divider--view-line elementor-widget elementor-widget-divider\" data-id=\"ca4af01\" data-element_type=\"widget\" data-e-type=\"widget\" data-widget_type=\"divider.default\">\n\t\t\t\t\t\t\t<div class=\"elementor-divider\">\n\t\t\t<span class=\"elementor-divider-separator\">\n\t\t\t\t\t\t<\/span>\n\t\t<\/div>\n\t\t\t\t\t\t<\/div>\n\t\t\t\t<div class=\"elementor-element elementor-element-2656e29 elementor-widget elementor-widget-text-editor\" data-id=\"2656e29\" data-element_type=\"widget\" data-e-type=\"widget\" data-widget_type=\"text-editor.default\">\n\t\t\t\t\t\t\t\t\t<p class=\"p1\">Una plataforma dona a compres el que el correu electr\u00f2nic mai no donar\u00e0: dades. Qui demana, qu\u00e8, quant, contra quin centre de cost, amb quina freq\u00fc\u00e8ncia. Pressupostos per botiga amb l\u00edmits autom\u00e0tics, cat\u00e0legs tancats per perfil, informes de consum per regi\u00f3.  <\/p>\n<p class=\"p1\">Amb un prove\u00efdor tradicional aquest control nom\u00e9s existeix si alg\u00fa consolida factures a m\u00e0. En xarxes grans, ning\u00fa no ho fa. <\/p>\t\t\t\t\t\t\t\t<\/div>\n\t\t\t\t<\/div>\n\t\t\t\t<\/div>\n\t\t<div class=\"elementor-element elementor-element-6d24e1e e-con-full e-flex e-con e-child\" data-id=\"6d24e1e\" data-element_type=\"container\" data-e-type=\"container\">\n\t\t<div class=\"elementor-element elementor-element-94a76d3 e-con-full e-flex e-con e-child\" data-id=\"94a76d3\" data-element_type=\"container\" data-e-type=\"container\" data-settings=\"{&quot;background_background&quot;:&quot;classic&quot;}\">\n\t\t\t\t<div class=\"elementor-element elementor-element-5363034 elementor-widget-widescreen__width-inherit elementor-widget elementor-widget-heading\" data-id=\"5363034\" data-element_type=\"widget\" data-e-type=\"widget\" data-widget_type=\"heading.default\">\n\t\t\t\t\t<h3 class=\"elementor-heading-title elementor-size-default\">7. Capacitat per al que no \u00e9s estandarditzable<\/h3>\t\t\t\t<\/div>\n\t\t\t\t<div class=\"elementor-element elementor-element-9cfc977 elementor-widget-divider--view-line elementor-widget elementor-widget-divider\" data-id=\"9cfc977\" data-element_type=\"widget\" data-e-type=\"widget\" data-widget_type=\"divider.default\">\n\t\t\t\t\t\t\t<div class=\"elementor-divider\">\n\t\t\t<span class=\"elementor-divider-separator\">\n\t\t\t\t\t\t<\/span>\n\t\t<\/div>\n\t\t\t\t\t\t<\/div>\n\t\t\t\t<div class=\"elementor-element elementor-element-a190324 elementor-widget elementor-widget-text-editor\" data-id=\"a190324\" data-element_type=\"widget\" data-e-type=\"widget\" data-widget_type=\"text-editor.default\">\n\t\t\t\t\t\t\t\t\t<p>El criteri que juga a favor del circuit tradicional. Una plataforma \u00e9s imbatible en all\u00f2 repetitiu: cartelleria de preu, vinils de mides conegudes, papereria. Per\u00f2 un estand per a una fira, una<a href=\"https:\/\/artyplan.com\/ca\/impressio\/plv-per-a-retail-fabricacio-logistica-i-installacio-arreu-despanya\"> PLV especial<\/a> amb acabats complexos o un projecte de senyal\u00edstica singular no caben en una plantilla; necessiten oficina t\u00e8cnica, prototip i conversa.  <\/p><p>Una organitzaci\u00f3 amb xarxa f\u00edsica necessita totes dues coses. Per aix\u00f2 el model que competeix de deb\u00f2 no \u00e9s \u201cplataforma contra impremta\u201d, sin\u00f3 el prove\u00efdor que ofereix plataforma per al flux repetitiu i equip t\u00e8cnic per al projecte singular. <\/p>\t\t\t\t\t\t\t\t<\/div>\n\t\t\t\t<\/div>\n\t\t\t\t<\/div>\n\t\t\t\t<\/div>\n\t\t<div class=\"elementor-element elementor-element-3e516aa e-con-full e-flex e-con e-child\" data-id=\"3e516aa\" data-element_type=\"container\" data-e-type=\"container\" data-settings=\"{&quot;background_background&quot;:&quot;classic&quot;}\">\n\t\t\t\t<div class=\"elementor-element elementor-element-b0e1e57 elementor-widget-widescreen__width-inherit elementor-widget elementor-widget-heading\" data-id=\"b0e1e57\" data-element_type=\"widget\" data-e-type=\"widget\" data-widget_type=\"heading.default\">\n\t\t\t\t\t<h3 class=\"elementor-heading-title elementor-size-default\">8. Cost i risc d\u2019implantaci\u00f3<\/h3>\t\t\t\t<\/div>\n\t\t\t\t<div class=\"elementor-element elementor-element-bfd2e77 elementor-widget-divider--view-line elementor-widget elementor-widget-divider\" data-id=\"bfd2e77\" data-element_type=\"widget\" data-e-type=\"widget\" data-widget_type=\"divider.default\">\n\t\t\t\t\t\t\t<div class=\"elementor-divider\">\n\t\t\t<span class=\"elementor-divider-separator\">\n\t\t\t\t\t\t<\/span>\n\t\t<\/div>\n\t\t\t\t\t\t<\/div>\n\t\t\t\t<div class=\"elementor-element elementor-element-d5359dd elementor-widget-widescreen__width-inherit elementor-widget elementor-widget-text-editor\" data-id=\"d5359dd\" data-element_type=\"widget\" data-e-type=\"widget\" data-widget_type=\"text-editor.default\">\n\t\t\t\t\t\t\t\t\t<p class=\"p1\" style=\"text-align: center;\">El punt on moren m\u00e9s projectes W2P. Implantar una plataforma implica catalogar productes, construir plantilles, carregar usuaris i permisos, integrar la facturaci\u00f3 i formar la xarxa. Fet amb m\u00e8tode, s\u00f3n setmanes; improvisat, \u00e9s un portal que ning\u00fa no utilitza i que confirma els esc\u00e8ptics.  <\/p>\n<p class=\"p1\" style=\"text-align: center;\">La pregunta per al prove\u00efdor no \u00e9s \u201ctens web to print?\u201d sin\u00f3 \u201cquantes xarxes de m\u00e9s de cent punts tens operant a la teva plataforma i quin percentatge de les seves comandes ja hi entra?\u201d. La resposta separa la plataforma madura de l\u2019experiment. <\/p>\t\t\t\t\t\t\t\t<\/div>\n\t\t\t\t<\/div>\n\t\t\t\t<\/div>\n\t\t\t\t<\/div>\n\t\t<div class=\"elementor-element elementor-element-fe3c389 e-con-full e-flex e-con e-child\" data-id=\"fe3c389\" data-element_type=\"container\" data-e-type=\"container\">\n\t\t\t\t<div class=\"elementor-element elementor-element-e05a4f5 elementor-widget elementor-widget-heading\" data-id=\"e05a4f5\" data-element_type=\"widget\" data-e-type=\"widget\" data-widget_type=\"heading.default\">\n\t\t\t\t\t<h2 class=\"elementor-heading-title elementor-size-default\">Sis senyals que la teva organitzaci\u00f3 ja ha superat el circuit tradicional<\/h2>\t\t\t\t<\/div>\n\t\t\t\t<div class=\"elementor-element elementor-element-627c9d8 elementor-widget-widescreen__width-inherit elementor-widget elementor-widget-text-editor\" data-id=\"627c9d8\" data-element_type=\"widget\" data-e-type=\"widget\" data-widget_type=\"text-editor.default\">\n\t\t\t\t\t\t\t\t\t<p class=\"p1\" style=\"text-align: center;\">La transici\u00f3 al web to print gaireb\u00e9 mai no es decideix en fred; la sol for\u00e7ar el dia a dia. Aquests s\u00f3n els senyals que, quan apareixen junts, indiquen que el circuit per correu electr\u00f2nic ja est\u00e0 costant m\u00e9s del que sembla: <\/p>\t\t\t\t\t\t\t\t<\/div>\n\t\t\t\t<div class=\"elementor-element elementor-element-961e050 elementor-widget__width-initial elementor-widget elementor-widget-html\" data-id=\"961e050\" data-element_type=\"widget\" data-e-type=\"widget\" data-widget_type=\"html.default\">\n\t\t\t\t\t<style>\n\n\/* ==========================================\n   CHECKLIST\n========================================== *\/\n\n.arty-checklist-nueva {\n    list-style: none !important;\n    counter-reset: arty-check;\n    margin: 0 !important;\n    padding: 0 !important;\n}\n\n\n\/* CADA FILA *\/\n.arty-checklist-nueva > li {\n    counter-increment: arty-check;\n\n    display: grid !important;\n    grid-template-columns: 32px minmax(0, 1fr) !important;\n    column-gap: 14px !important;\n\n    align-items: start !important;\n\n    margin: 0 0 16px 0 !important;\n    padding: 0 !important;\n\n    font-size: 16px;\n    line-height: 1.5;\n\n    color: #1e2d3f;\n\n    text-align: left !important;\n}\n\n\n\/* \u00daLTIMA FILA *\/\n.arty-checklist-nueva > li:last-child {\n    margin-bottom: 0 !important;\n}\n\n\n\/* CERCLE NUMERAT *\/\n.arty-checklist-nueva > li::before {\n    content: counter(arty-check);\n\n    width: 32px !important;\n    height: 32px !important;\n\n    display: flex !important;\n    align-items: center !important;\n    justify-content: center !important;\n\n    margin: 0 !important;\n    padding: 0 !important;\n\n    background: #00A3E0;\n    color: #ffffff;\n\n    border-radius: 50%;\n\n    font-size: 14px;\n    font-weight: 700;\n    line-height: 1;\n\n    box-sizing: border-box;\n}\n\n\n\/* TEXT *\/\n.arty-checklist-texto {\n    display: block !important;\n\n    width: auto !important;\n    min-width: 0 !important;\n\n    margin: 0 !important;\n    padding: 2px 0 0 0 !important;\n\n    text-align: left !important;\n\n    word-spacing: normal !important;\n    letter-spacing: normal !important;\n}\n\n\n\/* TEXT EN NEGRETA *\/\n.arty-checklist-titulo {\n    display: inline !important;\n\n    width: auto !important;\n    min-width: 0 !important;\n    max-width: none !important;\n\n    margin: 0 !important;\n    padding: 0 !important;\n\n    font-weight: 700 !important;\n\n    color: #111111;\n\n    text-align: left !important;\n\n    word-spacing: normal !important;\n    letter-spacing: normal !important;\n\n    float: none !important;\n}\n\n\n\/* ==========================================\n   M\u00d2BIL\n========================================== *\/\n\n@media (max-width: 767px) {\n\n    .arty-checklist-nueva > li {\n        grid-template-columns: 28px minmax(0, 1fr) !important;\n        column-gap: 10px !important;\n\n        margin-bottom: 14px !important;\n\n        font-size: 15px;\n        line-height: 1.5;\n    }\n\n    .arty-checklist-nueva > li::before {\n        width: 28px !important;\n        height: 28px !important;\n\n        font-size: 13px;\n    }\n\n    .arty-checklist-texto {\n        padding-top: 1px !important;\n    }\n\n}\n\n<\/style>\n\n\n<ol class=\"arty-checklist-nueva\">\n\n    <li>\n        <div class=\"arty-checklist-texto\">\n\n            <span class=\"arty-checklist-titulo\">\n                M\u00e0rqueting dedica hores setmanals a tramitar comandes d\u2019impressi\u00f3 de la xarxa, no a campanyes.\n            <\/span>\n\n            Si alg\u00fa de l\u2019equip t\u00e9 \u201cgestionar peticions de botigues\u201d com a tasca recurrent, aquesta n\u00f2mina \u00e9s un cost d\u2019impressi\u00f3 no comptabilitzat.\n\n        <\/div>\n    <\/li>\n\n\n    <li>\n        <div class=\"arty-checklist-texto\">\n\n            <span class=\"arty-checklist-titulo\">\n                Circulen versions del logotip o plantilles que ning\u00fa a central no ha aprovat.\n            <\/span>\n\n            El dia que una foto d\u2019una botiga revela un cartell amb la tipografia canviada, el problema fa mesos que existeix sense que n\u2019hi hagu\u00e9s const\u00e0ncia gr\u00e0fica.\n\n        <\/div>\n    <\/li>\n\n\n    <li>\n        <div class=\"arty-checklist-texto\">\n\n            <span class=\"arty-checklist-titulo\">\n                Ning\u00fa no sap quant gasta cada botiga en impressi\u00f3.\n            <\/span>\n\n            Si la resposta a \u201cquin va ser el cost gr\u00e0fic de la delegaci\u00f3 de Val\u00e8ncia l\u2019any passat?\u201d exigeix obrir un Excel i creuar factures, no hi ha governan\u00e7a de la despesa: hi ha comptabilitat forense.\n\n        <\/div>\n    <\/li>\n\n\n    <li>\n        <div class=\"arty-checklist-texto\">\n\n            <span class=\"arty-checklist-titulo\">\n                Les comandes urgents de la xarxa se salten el circuit.\n            <\/span>\n\n            Quan les botigues comencen a demanar directament a impremtes locals perqu\u00e8 \u201ccentral triga massa\u201d, la marca s\u2019est\u00e0 produint en vint impremtes diferents amb vint criteris de color diferents.\n\n        <\/div>\n    <\/li>\n\n\n    <li>\n        <div class=\"arty-checklist-texto\">\n\n            <span class=\"arty-checklist-titulo\">\n                Els mateixos errors de mida o versi\u00f3 es repeteixen a cada campanya.\n            <\/span>\n\n            Un error puntual \u00e9s hum\u00e0; un error recurrent \u00e9s un proc\u00e9s sense estructura.\n\n        <\/div>\n    <\/li>\n\n\n    <li>\n        <div class=\"arty-checklist-texto\">\n\n            <span class=\"arty-checklist-titulo\">\n                La despesa en impressi\u00f3 creix m\u00e9s de pressa que la xarxa.\n            <\/span>\n\n            M\u00e9s botigues haurien de generar economies d\u2019escala; si el cost per punt augmenta, la fricci\u00f3 administrativa s\u2019est\u00e0 menjant aquesta escala.\n\n        <\/div>\n    <\/li>\n\n<\/ol>\t\t\t\t<\/div>\n\t\t\t\t<div class=\"elementor-element elementor-element-dc24421 elementor-widget-widescreen__width-inherit elementor-widget elementor-widget-text-editor\" data-id=\"dc24421\" data-element_type=\"widget\" data-e-type=\"widget\" data-widget_type=\"text-editor.default\">\n\t\t\t\t\t\t\t\t\t<p class=\"p1\">Tres o m\u00e9s senyals simultanis no s\u2019arreglen contractant una altra impremta m\u00e9s barata. S\u2019arreglen canviant el model de comanda. <\/p>\t\t\t\t\t\t\t\t<\/div>\n\t\t\t\t<\/div>\n\t\t<div class=\"elementor-element elementor-element-10e5f64 e-con-full e-flex e-con e-child\" data-id=\"10e5f64\" data-element_type=\"container\" data-e-type=\"container\">\n\t\t\t\t<div class=\"elementor-element elementor-element-3371521 elementor-widget elementor-widget-heading\" data-id=\"3371521\" data-element_type=\"widget\" data-e-type=\"widget\" data-widget_type=\"heading.default\">\n\t\t\t\t\t<h2 class=\"elementor-heading-title elementor-size-default\">Com implantar-lo sense morir en l\u2019intent: les quatre fases<\/h2>\t\t\t\t<\/div>\n\t\t\t\t<div class=\"elementor-element elementor-element-8a8ef80 elementor-widget-widescreen__width-inherit elementor-widget elementor-widget-text-editor\" data-id=\"8a8ef80\" data-element_type=\"widget\" data-e-type=\"widget\" data-widget_type=\"text-editor.default\">\n\t\t\t\t\t\t\t\t\t<p class=\"p1\" style=\"text-align: center;\">El criteri 8 avisava que la implantaci\u00f3 \u00e9s on m\u00e9s projectes W2P fracassen. La seq\u00fc\u00e8ncia que funciona \u2014i que apliquem amb les xarxes que operen a la nostra plataforma\u2014 \u00e9s gradual: <\/p>\t\t\t\t\t\t\t\t<\/div>\n\t\t\t\t<div class=\"elementor-element elementor-element-5c79eaf elementor-widget__width-initial elementor-icon-list--layout-traditional elementor-list-item-link-full_width elementor-widget elementor-widget-icon-list\" data-id=\"5c79eaf\" data-element_type=\"widget\" data-e-type=\"widget\" data-widget_type=\"icon-list.default\">\n\t\t\t\t\t\t\t<ul class=\"elementor-icon-list-items\">\n\t\t\t\t\t\t\t<li class=\"elementor-icon-list-item\">\n\t\t\t\t\t\t\t\t\t\t\t<span class=\"elementor-icon-list-icon\">\n\t\t\t\t\t\t\t<svg aria-hidden=\"true\" class=\"e-font-icon-svg e-fas-check\" viewBox=\"0 0 512 512\" xmlns=\"http:\/\/www.w3.org\/2000\/svg\"><path d=\"M173.898 439.404l-166.4-166.4c-9.997-9.997-9.997-26.206 0-36.204l36.203-36.204c9.997-9.998 26.207-9.998 36.204 0L192 312.69 432.095 72.596c9.997-9.997 26.207-9.997 36.204 0l36.203 36.204c9.997 9.997 9.997 26.206 0 36.204l-294.4 294.401c-9.998 9.997-26.207 9.997-36.204-.001z\"><\/path><\/svg>\t\t\t\t\t\t<\/span>\n\t\t\t\t\t\t\t\t\t\t<span class=\"elementor-icon-list-text\"><strong>Fase 1 \u2014 Cat\u00e0leg m\u00ednim viable (setmanes 1-3). <\/strong>S\u2019incorporen a la plataforma nom\u00e9s els 10-15 productes de m\u00e9s rotaci\u00f3: cartelleria de preu, papereria, vinils est\u00e0ndard. Cal resistir la temptaci\u00f3 de pujar-ho tot; el cat\u00e0leg gegant a l\u2019arrencada \u00e9s la primera causa de portals que ning\u00fa no utilitza. <\/span>\n\t\t\t\t\t\t\t\t\t<\/li>\n\t\t\t\t\t\t\t\t<li class=\"elementor-icon-list-item\">\n\t\t\t\t\t\t\t\t\t\t\t<span class=\"elementor-icon-list-icon\">\n\t\t\t\t\t\t\t<svg aria-hidden=\"true\" class=\"e-font-icon-svg e-fas-check\" viewBox=\"0 0 512 512\" xmlns=\"http:\/\/www.w3.org\/2000\/svg\"><path d=\"M173.898 439.404l-166.4-166.4c-9.997-9.997-9.997-26.206 0-36.204l36.203-36.204c9.997-9.998 26.207-9.998 36.204 0L192 312.69 432.095 72.596c9.997-9.997 26.207-9.997 36.204 0l36.203 36.204c9.997 9.997 9.997 26.206 0 36.204l-294.4 294.401c-9.998 9.997-26.207 9.997-36.204-.001z\"><\/path><\/svg>\t\t\t\t\t\t<\/span>\n\t\t\t\t\t\t\t\t\t\t<span class=\"elementor-icon-list-text\"><strong>Fase 2 \u2014 Pilot amb xarxa redu\u00efda (setmanes 3-6). <\/strong>Un grup de 10-20 botigues volunt\u00e0ries opera en paral\u00b7lel al circuit antic. D\u2019aqu\u00ed surten els ajustos reals: camps que falten a les plantilles, permisos mal dimensionats, textos d\u2019ajuda que ning\u00fa no ent\u00e9n. <\/span>\n\t\t\t\t\t\t\t\t\t<\/li>\n\t\t\t\t\t\t\t\t<li class=\"elementor-icon-list-item\">\n\t\t\t\t\t\t\t\t\t\t\t<span class=\"elementor-icon-list-icon\">\n\t\t\t\t\t\t\t<svg aria-hidden=\"true\" class=\"e-font-icon-svg e-fas-check\" viewBox=\"0 0 512 512\" xmlns=\"http:\/\/www.w3.org\/2000\/svg\"><path d=\"M173.898 439.404l-166.4-166.4c-9.997-9.997-9.997-26.206 0-36.204l36.203-36.204c9.997-9.998 26.207-9.998 36.204 0L192 312.69 432.095 72.596c9.997-9.997 26.207-9.997 36.204 0l36.203 36.204c9.997 9.997 9.997 26.206 0 36.204l-294.4 294.401c-9.998 9.997-26.207 9.997-36.204-.001z\"><\/path><\/svg>\t\t\t\t\t\t<\/span>\n\t\t\t\t\t\t\t\t\t\t<span class=\"elementor-icon-list-text\"><strong>Fase 3 \u2014 Desplegament per onades (setmanes 6-12). <\/strong>La resta de la xarxa entra per grups, amb formaci\u00f3 breu i suport refor\u00e7at la primera setmana de cada onada. El circuit per correu electr\u00f2nic es tanca formalment per als productes incorporats a la plataforma: mentre les dues vies convisquin sense data de tancament, guanya la vella. <\/span>\n\t\t\t\t\t\t\t\t\t<\/li>\n\t\t\t\t\t\t\t\t<li class=\"elementor-icon-list-item\">\n\t\t\t\t\t\t\t\t\t\t\t<span class=\"elementor-icon-list-icon\">\n\t\t\t\t\t\t\t<svg aria-hidden=\"true\" class=\"e-font-icon-svg e-fas-check\" viewBox=\"0 0 512 512\" xmlns=\"http:\/\/www.w3.org\/2000\/svg\"><path d=\"M173.898 439.404l-166.4-166.4c-9.997-9.997-9.997-26.206 0-36.204l36.203-36.204c9.997-9.998 26.207-9.998 36.204 0L192 312.69 432.095 72.596c9.997-9.997 26.207-9.997 36.204 0l36.203 36.204c9.997 9.997 9.997 26.206 0 36.204l-294.4 294.401c-9.998 9.997-26.207 9.997-36.204-.001z\"><\/path><\/svg>\t\t\t\t\t\t<\/span>\n\t\t\t\t\t\t\t\t\t\t<span class=\"elementor-icon-list-text\"><strong>Fase 4 \u2014 Ampliaci\u00f3 de cat\u00e0leg (a partir del mes 3). <\/strong>Nom\u00e9s quan la xarxa utilitza la plataforma amb normalitat s\u2019hi incorporen productes nous, comen\u00e7ant pels que m\u00e9s peticions per correu electr\u00f2nic continuen generant. La dada d\u2019adopci\u00f3 \u2014percentatge de comandes que entren per la plataforma\u2014 \u00e9s l\u2019indicador d\u2019\u00e8xit, no el nombre de productes pujats. <\/span>\n\t\t\t\t\t\t\t\t\t<\/li>\n\t\t\t\t\t\t<\/ul>\n\t\t\t\t\t\t<\/div>\n\t\t<div class=\"elementor-element elementor-element-c8d3858 e-con-full e-flex e-con e-child\" data-id=\"c8d3858\" data-element_type=\"container\" data-e-type=\"container\">\n\t\t\t\t<div class=\"elementor-element elementor-element-1b40947 elementor-widget elementor-widget-heading\" data-id=\"1b40947\" data-element_type=\"widget\" data-e-type=\"widget\" data-widget_type=\"heading.default\">\n\t\t\t\t\t<h3 class=\"elementor-heading-title elementor-size-default\">La variable que decideix no \u00e9s la despesa: \u00e9s la fragmentaci\u00f3<\/h3>\t\t\t\t<\/div>\n\t\t\t\t<div class=\"elementor-element elementor-element-cf8a38a elementor-widget elementor-widget-heading\" data-id=\"cf8a38a\" data-element_type=\"widget\" data-e-type=\"widget\" data-widget_type=\"heading.default\">\n\t\t\t\t\t<p class=\"elementor-heading-title elementor-size-default\">Marc de decisi\u00f3 \u00b7 elaboraci\u00f3 Artyplan \/ Growth Origin<\/p>\t\t\t\t<\/div>\n\t\t\t\t<div class=\"elementor-element elementor-element-ae5d3ad elementor-widget elementor-widget-html\" data-id=\"ae5d3ad\" data-element_type=\"widget\" data-e-type=\"widget\" data-widget_type=\"html.default\">\n\t\t\t\t\t<style>\n\n\/* ==========================================\n   MATRIU DE DECISI\u00d3 W2P\n========================================== *\/\n\n.arty-w2p-matrix{\n    width:100%;\n    box-sizing:border-box;\n    font-family:inherit;\n}\n\n\n\/* ==========================================\n   ZONA PRINCIPAL\n========================================== *\/\n\n.arty-w2p-matrix-inner{\n    display:grid;\n    grid-template-columns:42px minmax(0,1fr);\n    grid-template-rows:auto 42px;\n\n    width:100%;\n\n    box-sizing:border-box;\n}\n\n\n\/* ==========================================\n   EIX VERTICAL\n========================================== *\/\n\n.arty-w2p-y-axis{\n    grid-column:1;\n    grid-row:1;\n\n    display:flex;\n    align-items:center;\n    justify-content:center;\n\n    border-right:2px solid #AEBCCD;\n\n    position:relative;\n}\n\n.arty-w2p-y-axis span{\n    display:block;\n\n    color:#44556A;\n\n    font-size:15px;\n    line-height:1.2;\n    font-weight:700;\n\n    white-space:nowrap;\n\n    transform:rotate(-90deg);\n}\n\n\n\/* ==========================================\n   QUADR\u00cdCULA 2x2\n========================================== *\/\n\n.arty-w2p-grid{\n    grid-column:2;\n    grid-row:1;\n\n    display:grid;\n    grid-template-columns:1fr 1fr;\n    grid-template-rows:1fr 1fr;\n\n    gap:10px;\n\n    padding:10px 10px 8px 10px;\n\n    border-bottom:2px solid #AEBCCD;\n\n    box-sizing:border-box;\n}\n\n\n\/* ==========================================\n   TARGETES\n========================================== *\/\n\n.arty-w2p-card{\n    min-height:170px;\n\n    display:flex;\n    flex-direction:column;\n    align-items:center;\n    justify-content:center;\n\n    padding:24px 22px;\n\n    box-sizing:border-box;\n\n    border:1px solid #D8E0E8;\n    border-radius:8px;\n\n    background:#F7F9FB;\n\n    text-align:center;\n}\n\n\n\/* T\u00cdTOL *\/\n\n.arty-w2p-card h4{\n    margin:0 0 8px 0;\n    padding:0;\n\n    color:#111111;\n\n    font-size:18px;\n    line-height:1.3;\n    font-weight:700;\n}\n\n\n\/* DESCRIPCI\u00d3 *\/\n\n.arty-w2p-card p{\n    margin:0 0 13px 0;\n    padding:0;\n\n    color:#68788B;\n\n    font-size:15px;\n    line-height:1.4;\n    font-weight:400;\n}\n\n\n\/* RECOMANACI\u00d3 *\/\n\n.arty-w2p-card strong{\n    display:block;\n\n    margin:0;\n    padding:0;\n\n    color:#44556A;\n\n    font-size:16px;\n    line-height:1.4;\n    font-weight:700;\n}\n\n\n\/* ==========================================\n   VARIANTS\n========================================== *\/\n\n\/* PROJECTES SINGULARS *\/\n\n.arty-w2p-card.singular{\n    background:#F7F9FB;\n}\n\n\n\/* XARXA + PROJECTES MIXTOS *\/\n\n.arty-w2p-card.mixto{\n    background:#F1F8FB;\n    border-color:#B8DFEC;\n}\n\n.arty-w2p-card.mixto strong{\n    color:#111111;\n}\n\n\n\/* COMANDES GRANS *\/\n\n.arty-w2p-card.tradicional{\n    background:#F7F9FB;\n}\n\n\n\/* MICROCOMANDES *\/\n\n.arty-w2p-card.red{\n    background:#EAF8FC;\n    border-color:#8FD8EB;\n}\n\n.arty-w2p-card.red strong{\n    color:#00A3E0;\n}\n\n\n\/* PROJECTES SINGULARS EN CYAN *\/\n\n.arty-w2p-card.singular strong{\n    color:#00A3E0;\n}\n\n\n\/* ==========================================\n   EIX HORITZONTAL\n========================================== *\/\n\n.arty-w2p-x-axis{\n    grid-column:2;\n    grid-row:2;\n\n    display:flex;\n    align-items:flex-end;\n    justify-content:center;\n\n    padding-top:12px;\n\n    color:#44556A;\n\n    font-size:15px;\n    line-height:1.3;\n    font-weight:700;\n\n    text-align:center;\n}\n\n\n\/* ==========================================\n   TAULETA\n   PASSA A UNA COLUMNA\n========================================== *\/\n\n@media (max-width:1024px){\n\n    .arty-w2p-matrix-inner{\n        display:block;\n    }\n\n\n    \/* TRAIEM ELS EIXOS VISUALS *\/\n\n    .arty-w2p-y-axis,\n    .arty-w2p-x-axis{\n        display:none;\n    }\n\n\n    .arty-w2p-grid{\n        display:grid;\n        grid-template-columns:1fr;\n\n        gap:14px;\n\n        padding:0;\n\n        border:none;\n    }\n\n\n    .arty-w2p-card{\n        min-height:0;\n\n        align-items:flex-start;\n\n        padding:22px;\n\n        text-align:left;\n    }\n\n\n    .arty-w2p-card h4{\n        font-size:18px;\n    }\n\n    .arty-w2p-card p{\n        font-size:15px;\n    }\n\n    .arty-w2p-card strong{\n        font-size:16px;\n    }\n\n\n    \/*\n     * ETIQUETA DE POSICI\u00d3 PER CONSERVAR\n     * EL SIGNIFICAT DE LA MATRIU\n     *\/\n\n    .arty-w2p-card::before{\n        display:block;\n\n        margin:0 0 9px 0;\n\n        color:#7A8795;\n\n        font-size:11px;\n        line-height:1.2;\n        font-weight:700;\n\n        text-transform:uppercase;\n        letter-spacing:.5px;\n    }\n\n\n    .arty-w2p-card.singular::before{\n        content:\"M\u00e9s complexitat \u00b7 menys comandes\";\n    }\n\n    .arty-w2p-card.mixto::before{\n        content:\"M\u00e9s complexitat \u00b7 m\u00e9s comandes\";\n    }\n\n    .arty-w2p-card.tradicional::before{\n        content:\"Menys complexitat \u00b7 menys comandes\";\n    }\n\n    .arty-w2p-card.red::before{\n        content:\"Menys complexitat \u00b7 m\u00e9s comandes\";\n    }\n\n}\n\n\n\/* ==========================================\n   M\u00d2BIL\n========================================== *\/\n\n@media (max-width:767px){\n\n    .arty-w2p-grid{\n        gap:12px;\n    }\n\n    .arty-w2p-card{\n        padding:18px;\n\n        border-radius:8px;\n    }\n\n    .arty-w2p-card h4{\n        margin-bottom:6px;\n\n        font-size:16px;\n        line-height:1.3;\n    }\n\n    .arty-w2p-card p{\n        margin-bottom:10px;\n\n        font-size:14px;\n        line-height:1.4;\n    }\n\n    .arty-w2p-card strong{\n        font-size:14px;\n        line-height:1.4;\n    }\n\n    .arty-w2p-card::before{\n        margin-bottom:7px;\n\n        font-size:10px;\n    }\n\n}\n\n<\/style>\n\n\n<div class=\"arty-w2p-matrix\">\n\n    <div class=\"arty-w2p-matrix-inner\">\n\n\n        <!-- EIX VERTICAL -->\n\n        <div class=\"arty-w2p-y-axis\">\n\n            <span>\n                \u2192 Complexitat del producte\n            <\/span>\n\n        <\/div>\n\n\n        <!-- MATRIU -->\n\n        <div class=\"arty-w2p-grid\">\n\n\n            <!-- A DALT ESQUERRA -->\n\n            <div class=\"arty-w2p-card singular\">\n\n                <h4>\n                    Projectes singulars\n                <\/h4>\n\n                <p>\n                    estands, PLV especial, senyal\u00edstica\n                <\/p>\n\n                <strong>\n                    \u2192 Oficina t\u00e8cnica + tracte directe\n                <\/strong>\n\n            <\/div>\n\n\n            <!-- A DALT DRETA -->\n\n            <div class=\"arty-w2p-card mixto\">\n\n                <h4>\n                    Xarxa + projectes mixtos\n                <\/h4>\n\n                <p>\n                    retail amb campanyes i flux diari\n                <\/p>\n\n                <strong>\n                    \u2192 Prove\u00efdor integral:<br>\n                    plataforma + oficina t\u00e8cnica\n                <\/strong>\n\n            <\/div>\n\n\n            <!-- A BAIX ESQUERRA -->\n\n            <div class=\"arty-w2p-card tradicional\">\n\n                <h4>\n                    Comandes grans i centralitzades\n                <\/h4>\n\n                <p>\n                    poques comandes, un departament\n                <\/p>\n\n                <strong>\n                    \u2192 Prove\u00efdor tradicional amb gesti\u00f3 de compte\n                <\/strong>\n\n            <\/div>\n\n\n            <!-- A BAIX DRETA -->\n\n            <div class=\"arty-w2p-card red\">\n\n                <h4>\n                    Microcomandes de xarxa\n                <\/h4>\n\n                <p>\n                    botigues, franqu\u00edcies, delegacions\n                <\/p>\n\n                <strong>\n                    \u2192 W2P amb producci\u00f3 integrada\n                <\/strong>\n\n            <\/div>\n\n\n        <\/div>\n\n\n        <!-- EIX HORITZONTAL -->\n\n        <div class=\"arty-w2p-x-axis\">\n            \u2192 N\u00ba de comandes i de persones que les generen\n        <\/div>\n\n\n    <\/div>\n\n<\/div>\t\t\t\t<\/div>\n\t\t\t\t<\/div>\n\t\t\t\t<\/div>\n\t\t<div class=\"elementor-element elementor-element-fcd5940 e-con-full e-flex e-con e-child\" data-id=\"fcd5940\" data-element_type=\"container\" data-e-type=\"container\">\n\t\t\t\t<div class=\"elementor-element elementor-element-782e001 elementor-widget elementor-widget-heading\" data-id=\"782e001\" data-element_type=\"widget\" data-e-type=\"widget\" data-widget_type=\"heading.default\">\n\t\t\t\t\t<h2 class=\"elementor-heading-title elementor-size-default\">La matriu de decisi\u00f3<\/h2>\t\t\t\t<\/div>\n\t\t\t\t<div class=\"elementor-element elementor-element-c001da9 elementor-widget elementor-widget-html\" data-id=\"c001da9\" data-element_type=\"widget\" data-e-type=\"widget\" data-widget_type=\"html.default\">\n\t\t\t\t\t<style>\n\n\/* ========================================\n   TAULA MATRIU DE DECISI\u00d3\n======================================== *\/\n\n.comparativa-decision{\n    width:100%;\n    border-collapse:separate;\n    border-spacing:0;\n    background:#ffffff;\n    border-radius:12px;\n    overflow:hidden;\n}\n\n\n\/* ========================================\n   CAP\u00c7ALERA\n======================================== *\/\n\n.comparativa-decision thead th{\n    background:#000000;\n    color:#ffffff;\n    text-align:left;\n\n    padding:18px 22px;\n\n    font-size:16px;\n    line-height:1.4;\n    font-weight:700;\n\n    vertical-align:middle;\n\n    border:none !important;\n}\n\n\n\/* AMPLADES *\/\n\n.comparativa-decision thead th:nth-child(1){\n    width:44%;\n}\n\n.comparativa-decision thead th:nth-child(2){\n    width:56%;\n}\n\n\n\/* ========================================\n   CEL\u00b7LES\n======================================== *\/\n\n.comparativa-decision td{\n    padding:20px 22px;\n\n    font-size:16px;\n    line-height:1.5;\n\n    color:#1e2d3f;\n\n    vertical-align:middle;\n\n    background:#ffffff;\n\n    border-left:none !important;\n    border-right:none !important;\n    border-top:none !important;\n}\n\n\n\/* L\u00cdNIES ENTRE FILES *\/\n\n.comparativa-decision tbody tr:not(:last-child) td{\n    border-bottom:1px solid #d9d9d9;\n}\n\n\n\/* ========================================\n   PRIMERA COLUMNA\n======================================== *\/\n\n.comparativa-decision .situacion{\n    font-weight:700;\n    color:#111111;\n}\n\n\n\/* ========================================\n   CONFIGURACI\u00d3 RECOMANADA\n======================================== *\/\n\n.comparativa-decision .recomendada{\n    color:#00A3E0;\n    font-weight:700;\n}\n\n\n\/* ========================================\n   TAULETA\n======================================== *\/\n\n@media (max-width:1024px) and (min-width:768px){\n\n    .comparativa-decision thead th{\n        padding:16px 18px;\n        font-size:15px;\n    }\n\n    .comparativa-decision td{\n        padding:18px;\n        font-size:15px;\n    }\n\n}\n\n\n\/* ========================================\n   M\u00d2BIL: TARGETES\n======================================== *\/\n\n@media (max-width:767px){\n\n    .comparativa-decision,\n    .comparativa-decision thead,\n    .comparativa-decision tbody,\n    .comparativa-decision tr,\n    .comparativa-decision td{\n        display:block;\n        width:100%;\n    }\n\n\n    .comparativa-decision{\n        border-radius:0;\n        background:transparent;\n        overflow:visible;\n    }\n\n\n    \/* AMAGAR CAP\u00c7ALERA *\/\n\n    .comparativa-decision thead{\n        display:none;\n    }\n\n\n    \/* CADA FILA = TARGETA *\/\n\n    .comparativa-decision tr{\n        margin-bottom:18px;\n\n        background:#ffffff;\n\n        border-radius:12px;\n        overflow:hidden;\n\n        border:none !important;\n    }\n\n\n    \/* CEL\u00b7LES *\/\n\n    .comparativa-decision td{\n        padding:14px 16px;\n\n        font-size:15px;\n        line-height:1.45;\n\n        background:#ffffff;\n\n        border:none !important;\n    }\n\n\n    \/* SITUACI\u00d3 = CAP\u00c7ALERA NEGRA *\/\n\n    .comparativa-decision td.situacion{\n        background:#000000;\n        color:#ffffff;\n\n        font-weight:700;\n\n        padding:15px 16px;\n    }\n\n\n    \/* CONFIGURACI\u00d3 *\/\n\n    .comparativa-decision td.recomendada{\n        display:flex;\n\n        justify-content:space-between;\n        align-items:flex-start;\n\n        gap:16px;\n\n        text-align:right;\n\n        color:#00A3E0;\n        font-weight:700;\n\n        border-bottom:none !important;\n    }\n\n\n    \/* ETIQUETA *\/\n\n    .comparativa-decision td.recomendada::before{\n        content:attr(data-label);\n\n        font-weight:700;\n        color:#000000;\n\n        text-align:left;\n\n        flex:0 0 38%;\n    }\n\n}\n\n<\/style>\n\n\n<table class=\"comparativa-decision\">\n\n    <thead>\n        <tr>\n            <th>\n                La teva situaci\u00f3\n            <\/th>\n\n            <th>\n                Configuraci\u00f3 recomanada\n            <\/th>\n        <\/tr>\n    <\/thead>\n\n    <tbody>\n\n        <tr>\n            <td class=\"situacion\">\n                Poques comandes, grans i centralitzades\n            <\/td>\n\n            <td\n                class=\"recomendada\"\n                data-label=\"Configuraci\u00f3 recomanada\">\n                Prove\u00efdor tradicional amb gesti\u00f3 de compte\n            <\/td>\n        <\/tr>\n\n\n        <tr>\n            <td class=\"situacion\">\n                Moltes microcomandes de xarxa pr\u00f2pia (botigues, delegacions)\n            <\/td>\n\n            <td\n                class=\"recomendada\"\n                data-label=\"Configuraci\u00f3 recomanada\">\n                Plataforma W2P amb producci\u00f3 integrada\n            <\/td>\n        <\/tr>\n\n\n        <tr>\n            <td class=\"situacion\">\n                Barreja de flux repetitiu + projectes singulars\n            <\/td>\n\n            <td\n                class=\"recomendada\"\n                data-label=\"Configuraci\u00f3 recomanada\">\n                Prove\u00efdor integral: plataforma per al que \u00e9s repetitiu, oficina t\u00e8cnica per al que \u00e9s singular\n            <\/td>\n        <\/tr>\n\n\n        <tr>\n            <td class=\"situacion\">\n                Franqu\u00edcia amb una marca molt normativitzada\n            <\/td>\n\n            <td\n                class=\"recomendada\"\n                data-label=\"Configuraci\u00f3 recomanada\">\n                Plataforma W2P amb plantilles bloquejades i cat\u00e0leg tancat\n            <\/td>\n        <\/tr>\n\n\n        <tr>\n            <td class=\"situacion\">\n                Campanyes nacionals puntuals sense xarxa pr\u00f2pia\n            <\/td>\n\n            <td\n                class=\"recomendada\"\n                data-label=\"Configuraci\u00f3 recomanada\">\n                Prove\u00efdor tradicional amb capacitat log\u00edstica auditada\n            <\/td>\n        <\/tr>\n\n    <\/tbody>\n\n<\/table>\t\t\t\t<\/div>\n\t\t\t\t<\/div>\n\t\t<div class=\"elementor-element elementor-element-cb99b36 e-con-full e-flex e-con e-child\" data-id=\"cb99b36\" data-element_type=\"container\" data-e-type=\"container\">\n\t\t\t\t<div class=\"elementor-element elementor-element-4d9fc67 elementor-widget elementor-widget-heading\" data-id=\"4d9fc67\" data-element_type=\"widget\" data-e-type=\"widget\" data-widget_type=\"heading.default\">\n\t\t\t\t\t<h2 class=\"elementor-heading-title elementor-size-default\">Preguntes freq\u00fcents<\/h2>\t\t\t\t<\/div>\n\t\t\t\t<div class=\"elementor-element elementor-element-6f37eeb elementor-widget elementor-widget-n-accordion\" data-id=\"6f37eeb\" data-element_type=\"widget\" data-e-type=\"widget\" data-settings=\"{&quot;default_state&quot;:&quot;expanded&quot;,&quot;max_items_expended&quot;:&quot;one&quot;,&quot;n_accordion_animation_duration&quot;:{&quot;unit&quot;:&quot;ms&quot;,&quot;size&quot;:400,&quot;sizes&quot;:[]}}\" data-widget_type=\"nested-accordion.default\">\n\t\t\t\t\t\t\t<div class=\"e-n-accordion\" aria-label=\"Accordion. Open links with Enter or Space, close with Escape, and navigate with Arrow Keys\">\n\t\t\t\t\t\t<details id=\"e-n-accordion-item-1160\" class=\"e-n-accordion-item\" open>\n\t\t\t\t<summary class=\"e-n-accordion-item-title\" data-accordion-index=\"1\" tabindex=\"0\" aria-expanded=\"true\" aria-controls=\"e-n-accordion-item-1160\" >\n\t\t\t\t\t<span class='e-n-accordion-item-title-header'><div class=\"e-n-accordion-item-title-text\"> Qu\u00e8 \u00e9s una plataforma web to print? <\/div><\/span>\n\t\t\t\t\t\t\t<span class='e-n-accordion-item-title-icon'>\n\t\t\t<span class='e-opened' ><svg aria-hidden=\"true\" class=\"e-font-icon-svg e-fas-minus\" viewBox=\"0 0 448 512\" xmlns=\"http:\/\/www.w3.org\/2000\/svg\"><path d=\"M416 208H32c-17.67 0-32 14.33-32 32v32c0 17.67 14.33 32 32 32h384c17.67 0 32-14.33 32-32v-32c0-17.67-14.33-32-32-32z\"><\/path><\/svg><\/span>\n\t\t\t<span class='e-closed'><svg aria-hidden=\"true\" class=\"e-font-icon-svg e-fas-plus\" viewBox=\"0 0 448 512\" xmlns=\"http:\/\/www.w3.org\/2000\/svg\"><path d=\"M416 208H272V64c0-17.67-14.33-32-32-32h-32c-17.67 0-32 14.33-32 32v144H32c-17.67 0-32 14.33-32 32v32c0 17.67 14.33 32 32 32h144v144c0 17.67 14.33 32 32 32h32c17.67 0 32-14.33 32-32V304h144c17.67 0 32-14.33 32-32v-32c0-17.67-14.33-32-32-32z\"><\/path><\/svg><\/span>\n\t\t<\/span>\n\n\t\t\t\t\t\t<\/summary>\n\t\t\t\t<div role=\"region\" aria-labelledby=\"e-n-accordion-item-1160\" class=\"elementor-element elementor-element-020f79e e-con-full e-flex e-con e-child\" data-id=\"020f79e\" data-element_type=\"container\" data-e-type=\"container\">\n\t\t\t\t<div class=\"elementor-element elementor-element-1bfb7e4 elementor-widget elementor-widget-text-editor\" data-id=\"1bfb7e4\" data-element_type=\"widget\" data-e-type=\"widget\" data-widget_type=\"text-editor.default\">\n\t\t\t\t\t\t\t\t\t<p>Un programari que permet als usuaris autoritzats d\u2019una organitzaci\u00f3 \u2014botigues, delegacions, franquiciats\u2014 demanar material impr\u00e8s des d\u2019un portal en l\u00ednia, personalitzant plantilles aprovades per la marca. Les comandes entren directament al flux de producci\u00f3, amb control de permisos, pressupostos i facturaci\u00f3 per centre de cost. <\/p>\t\t\t\t\t\t\t\t<\/div>\n\t\t\t\t<\/div>\n\t\t\t\t\t<\/details>\n\t\t\t\t\t\t<details id=\"e-n-accordion-item-1161\" class=\"e-n-accordion-item\" >\n\t\t\t\t<summary class=\"e-n-accordion-item-title\" data-accordion-index=\"2\" tabindex=\"-1\" aria-expanded=\"false\" aria-controls=\"e-n-accordion-item-1161\" >\n\t\t\t\t\t<span class='e-n-accordion-item-title-header'><div class=\"e-n-accordion-item-title-text\"> Quant creix el mercat del web to print? <\/div><\/span>\n\t\t\t\t\t\t\t<span class='e-n-accordion-item-title-icon'>\n\t\t\t<span class='e-opened' ><svg aria-hidden=\"true\" class=\"e-font-icon-svg e-fas-minus\" viewBox=\"0 0 448 512\" xmlns=\"http:\/\/www.w3.org\/2000\/svg\"><path d=\"M416 208H32c-17.67 0-32 14.33-32 32v32c0 17.67 14.33 32 32 32h384c17.67 0 32-14.33 32-32v-32c0-17.67-14.33-32-32-32z\"><\/path><\/svg><\/span>\n\t\t\t<span class='e-closed'><svg aria-hidden=\"true\" class=\"e-font-icon-svg e-fas-plus\" viewBox=\"0 0 448 512\" xmlns=\"http:\/\/www.w3.org\/2000\/svg\"><path d=\"M416 208H272V64c0-17.67-14.33-32-32-32h-32c-17.67 0-32 14.33-32 32v144H32c-17.67 0-32 14.33-32 32v32c0 17.67 14.33 32 32 32h144v144c0 17.67 14.33 32 32 32h32c17.67 0 32-14.33 32-32V304h144c17.67 0 32-14.33 32-32v-32c0-17.67-14.33-32-32-32z\"><\/path><\/svg><\/span>\n\t\t<\/span>\n\n\t\t\t\t\t\t<\/summary>\n\t\t\t\t<div role=\"region\" aria-labelledby=\"e-n-accordion-item-1161\" class=\"elementor-element elementor-element-67feb0f e-con-full e-flex e-con e-child\" data-id=\"67feb0f\" data-element_type=\"container\" data-e-type=\"container\">\n\t\t\t\t<div class=\"elementor-element elementor-element-5f02788 elementor-widget elementor-widget-text-editor\" data-id=\"5f02788\" data-element_type=\"widget\" data-e-type=\"widget\" data-widget_type=\"text-editor.default\">\n\t\t\t\t\t\t\t\t\t<p class=\"p1\">Les consultores internacionals estimen creixements anuals d\u2019entre el 6% i el 9% per a la pr\u00f2xima d\u00e8cada. Fortune Business Insights valora el mercat mundial de programari W2P en uns 1.430 milions de d\u00f2lars el 2025, amb una projecci\u00f3 de 3.130 milions el 2034; altres firmes treballen amb xifres una mica inferiors amb la mateixa tend\u00e8ncia ascendent. <\/p>\t\t\t\t\t\t\t\t<\/div>\n\t\t\t\t<\/div>\n\t\t\t\t\t<\/details>\n\t\t\t\t\t\t<details id=\"e-n-accordion-item-1162\" class=\"e-n-accordion-item\" >\n\t\t\t\t<summary class=\"e-n-accordion-item-title\" data-accordion-index=\"3\" tabindex=\"-1\" aria-expanded=\"false\" aria-controls=\"e-n-accordion-item-1162\" >\n\t\t\t\t\t<span class='e-n-accordion-item-title-header'><div class=\"e-n-accordion-item-title-text\"> Quan compensa el web to print davant d\u2019un prove\u00efdor tradicional? <\/div><\/span>\n\t\t\t\t\t\t\t<span class='e-n-accordion-item-title-icon'>\n\t\t\t<span class='e-opened' ><svg aria-hidden=\"true\" class=\"e-font-icon-svg e-fas-minus\" viewBox=\"0 0 448 512\" xmlns=\"http:\/\/www.w3.org\/2000\/svg\"><path d=\"M416 208H32c-17.67 0-32 14.33-32 32v32c0 17.67 14.33 32 32 32h384c17.67 0 32-14.33 32-32v-32c0-17.67-14.33-32-32-32z\"><\/path><\/svg><\/span>\n\t\t\t<span class='e-closed'><svg aria-hidden=\"true\" class=\"e-font-icon-svg e-fas-plus\" viewBox=\"0 0 448 512\" xmlns=\"http:\/\/www.w3.org\/2000\/svg\"><path d=\"M416 208H272V64c0-17.67-14.33-32-32-32h-32c-17.67 0-32 14.33-32 32v144H32c-17.67 0-32 14.33-32 32v32c0 17.67 14.33 32 32 32h144v144c0 17.67 14.33 32 32 32h32c17.67 0 32-14.33 32-32V304h144c17.67 0 32-14.33 32-32v-32c0-17.67-14.33-32-32-32z\"><\/path><\/svg><\/span>\n\t\t<\/span>\n\n\t\t\t\t\t\t<\/summary>\n\t\t\t\t<div role=\"region\" aria-labelledby=\"e-n-accordion-item-1162\" class=\"elementor-element elementor-element-adc92a7 e-con-full e-flex e-con e-child\" data-id=\"adc92a7\" data-element_type=\"container\" data-e-type=\"container\">\n\t\t\t\t<div class=\"elementor-element elementor-element-0fab7ca elementor-widget elementor-widget-text-editor\" data-id=\"0fab7ca\" data-element_type=\"widget\" data-e-type=\"widget\" data-widget_type=\"text-editor.default\">\n\t\t\t\t\t\t\t\t\t<p class=\"p1\">Quan les comandes d\u2019impressi\u00f3 s\u00f3n nombroses, petites i descentralitzades. El llindar no \u00e9s la despesa total sin\u00f3 la fragmentaci\u00f3: a partir de desenes de peticions mensuals generades per una xarxa, el cost administratiu de gestionar-les per correu electr\u00f2nic supera el d\u2019una plataforma. Amb poques comandes grans i centralitzades, el circuit tradicional continua sent m\u00e9s eficient.  <\/p>\t\t\t\t\t\t\t\t<\/div>\n\t\t\t\t<\/div>\n\t\t\t\t\t<\/details>\n\t\t\t\t\t\t<details id=\"e-n-accordion-item-1163\" class=\"e-n-accordion-item\" >\n\t\t\t\t<summary class=\"e-n-accordion-item-title\" data-accordion-index=\"4\" tabindex=\"-1\" aria-expanded=\"false\" aria-controls=\"e-n-accordion-item-1163\" >\n\t\t\t\t\t<span class='e-n-accordion-item-title-header'><div class=\"e-n-accordion-item-title-text\"> Pot el web to print substituir completament el prove\u00efdor tradicional? <\/div><\/span>\n\t\t\t\t\t\t\t<span class='e-n-accordion-item-title-icon'>\n\t\t\t<span class='e-opened' ><svg aria-hidden=\"true\" class=\"e-font-icon-svg e-fas-minus\" viewBox=\"0 0 448 512\" xmlns=\"http:\/\/www.w3.org\/2000\/svg\"><path d=\"M416 208H32c-17.67 0-32 14.33-32 32v32c0 17.67 14.33 32 32 32h384c17.67 0 32-14.33 32-32v-32c0-17.67-14.33-32-32-32z\"><\/path><\/svg><\/span>\n\t\t\t<span class='e-closed'><svg aria-hidden=\"true\" class=\"e-font-icon-svg e-fas-plus\" viewBox=\"0 0 448 512\" xmlns=\"http:\/\/www.w3.org\/2000\/svg\"><path d=\"M416 208H272V64c0-17.67-14.33-32-32-32h-32c-17.67 0-32 14.33-32 32v144H32c-17.67 0-32 14.33-32 32v32c0 17.67 14.33 32 32 32h144v144c0 17.67 14.33 32 32 32h32c17.67 0 32-14.33 32-32V304h144c17.67 0 32-14.33 32-32v-32c0-17.67-14.33-32-32-32z\"><\/path><\/svg><\/span>\n\t\t<\/span>\n\n\t\t\t\t\t\t<\/summary>\n\t\t\t\t<div role=\"region\" aria-labelledby=\"e-n-accordion-item-1163\" class=\"elementor-element elementor-element-1316b56 e-con-full e-flex e-con e-child\" data-id=\"1316b56\" data-element_type=\"container\" data-e-type=\"container\">\n\t\t\t\t<div class=\"elementor-element elementor-element-0109cb6 elementor-widget elementor-widget-text-editor\" data-id=\"0109cb6\" data-element_type=\"widget\" data-e-type=\"widget\" data-widget_type=\"text-editor.default\">\n\t\t\t\t\t\t\t\t\t<p class=\"p1\">No en organitzacions amb necessitats mixtes. La plataforma resol el flux repetitiu \u2014cartelleria, papereria, formats est\u00e0ndard\u2014, per\u00f2 els projectes singulars \u2014estands, PLV amb acabats especials, senyal\u00edstica a mida\u2014 requereixen oficina t\u00e8cnica i tracte directe. El model m\u00e9s eficient combina totes dues coses sota un mateix prove\u00efdor.  <\/p>\t\t\t\t\t\t\t\t<\/div>\n\t\t\t\t<\/div>\n\t\t\t\t\t<\/details>\n\t\t\t\t\t\t<details id=\"e-n-accordion-item-1164\" class=\"e-n-accordion-item\" >\n\t\t\t\t<summary class=\"e-n-accordion-item-title\" data-accordion-index=\"5\" tabindex=\"-1\" aria-expanded=\"false\" aria-controls=\"e-n-accordion-item-1164\" >\n\t\t\t\t\t<span class='e-n-accordion-item-title-header'><div class=\"e-n-accordion-item-title-text\"> Qu\u00e8 cal exigir a un prove\u00efdor de web to print? <\/div><\/span>\n\t\t\t\t\t\t\t<span class='e-n-accordion-item-title-icon'>\n\t\t\t<span class='e-opened' ><svg aria-hidden=\"true\" class=\"e-font-icon-svg e-fas-minus\" viewBox=\"0 0 448 512\" xmlns=\"http:\/\/www.w3.org\/2000\/svg\"><path d=\"M416 208H32c-17.67 0-32 14.33-32 32v32c0 17.67 14.33 32 32 32h384c17.67 0 32-14.33 32-32v-32c0-17.67-14.33-32-32-32z\"><\/path><\/svg><\/span>\n\t\t\t<span class='e-closed'><svg aria-hidden=\"true\" class=\"e-font-icon-svg e-fas-plus\" viewBox=\"0 0 448 512\" xmlns=\"http:\/\/www.w3.org\/2000\/svg\"><path d=\"M416 208H272V64c0-17.67-14.33-32-32-32h-32c-17.67 0-32 14.33-32 32v144H32c-17.67 0-32 14.33-32 32v32c0 17.67 14.33 32 32 32h144v144c0 17.67 14.33 32 32 32h32c17.67 0 32-14.33 32-32V304h144c17.67 0 32-14.33 32-32v-32c0-17.67-14.33-32-32-32z\"><\/path><\/svg><\/span>\n\t\t<\/span>\n\n\t\t\t\t\t\t<\/summary>\n\t\t\t\t<div role=\"region\" aria-labelledby=\"e-n-accordion-item-1164\" class=\"elementor-element elementor-element-e9307bb e-con-full e-flex e-con e-child\" data-id=\"e9307bb\" data-element_type=\"container\" data-e-type=\"container\">\n\t\t\t\t<div class=\"elementor-element elementor-element-88f266a elementor-widget elementor-widget-text-editor\" data-id=\"88f266a\" data-element_type=\"widget\" data-e-type=\"widget\" data-widget_type=\"text-editor.default\">\n\t\t\t\t\t\t\t\t\t<p>Producci\u00f3 pr\u00f2pia integrada amb la plataforma, refer\u00e8ncies de xarxes comparables en mida ja operatives, plantilles amb bloqueig de marca, control de pressupostos per centre de cost i un pla d\u2019implantaci\u00f3 amb formaci\u00f3 inclosa. Un programari sense f\u00e0brica al darrere nom\u00e9s automatitza l\u2019entrada del problema. <\/p>\t\t\t\t\t\t\t\t<\/div>\n\t\t\t\t<\/div>\n\t\t\t\t\t<\/details>\n\t\t\t\t\t<\/div>\n\t\t\t\t\t\t<\/div>\n\t\t\t\t<\/div>\n\t\t<div class=\"elementor-element elementor-element-10b39c9 e-con-full e-flex e-con e-child\" data-id=\"10b39c9\" data-element_type=\"container\" data-e-type=\"container\">\n\t\t<div class=\"elementor-element elementor-element-47d471a e-con-full e-flex e-con e-child\" data-id=\"47d471a\" data-element_type=\"container\" data-e-type=\"container\">\n\t\t\t\t<div class=\"elementor-element elementor-element-6ce4c8d elementor-widget elementor-widget-heading\" data-id=\"6ce4c8d\" data-element_type=\"widget\" data-e-type=\"widget\" data-widget_type=\"heading.default\">\n\t\t\t\t\t<h2 class=\"elementor-heading-title elementor-size-default\">Sobre l\u2019autor<\/h2>\t\t\t\t<\/div>\n\t\t\t\t<div class=\"elementor-element elementor-element-94cb2fa elementor-widget elementor-widget-text-editor\" data-id=\"94cb2fa\" data-element_type=\"widget\" data-e-type=\"widget\" data-widget_type=\"text-editor.default\">\n\t\t\t\t\t\t\t\t\t<p style=\"text-align: left;\">Ignasi Pietx i Rusi\u00f1ol \u00e9s Director General \/ CEO d\u2019Artyplan i fa m\u00e9s de tres d\u00e8cades que est\u00e0 vinculat a l\u2019evoluci\u00f3 de la companyia i al sector de la producci\u00f3 gr\u00e0fica, la impressi\u00f3 i la comunicaci\u00f3 visual. Es va incorporar a Artyplan el 1993 com a Director Financer i posteriorment va assumir la Direcci\u00f3 General. Economista de formaci\u00f3, la seva traject\u00f2ria combina visi\u00f3 empresarial, coneixement del retail i experi\u00e8ncia en gesti\u00f3, innovaci\u00f3 i creixement. Sota la seva direcci\u00f3, Artyplan ha ampliat la seva capacitat productiva i la seva pres\u00e8ncia, amb centres de producci\u00f3 a Barcelona i Madrid i una oferta de serveis orientada a empreses, marques i xarxes de retail.   <\/p>\t\t\t\t\t\t\t\t<\/div>\n\t\t\t\t<\/div>\n\t\t<div class=\"elementor-element elementor-element-a645d85 e-con-full e-flex e-con e-child\" data-id=\"a645d85\" data-element_type=\"container\" data-e-type=\"container\">\n\t\t\t\t<div class=\"elementor-element elementor-element-05e8b09 elementor-widget elementor-widget-heading\" data-id=\"05e8b09\" data-element_type=\"widget\" data-e-type=\"widget\" data-widget_type=\"heading.default\">\n\t\t\t\t\t<h2 class=\"elementor-heading-title elementor-size-default\">Fonts<\/h2>\t\t\t\t<\/div>\n\t\t\t\t<div class=\"elementor-element elementor-element-37c950d elementor-widget elementor-widget-text-editor\" data-id=\"37c950d\" data-element_type=\"widget\" data-e-type=\"widget\" data-widget_type=\"text-editor.default\">\n\t\t\t\t\t\t\t\t\t<ul>\n<li style=\"text-align: left;\">Fortune Business Insights \u2014<em> Web to Print Software Market<\/em> (2025)<\/li>\n<li style=\"text-align: left;\">NIQ \u2014 <em>El Gran Consumo en Espa\u00f1a, principales tendencias de 2025<\/em> (enero 2026)<\/li>\n<li style=\"text-align: left;\">neobis \u2014 <em>Estudio Econ\u00f3mico del sector de Artes Gr\u00e1ficas<\/em> (2025)<\/li>\n<\/ul>\t\t\t\t\t\t\t\t<\/div>\n\t\t\t\t<\/div>\n\t\t\t\t<\/div>\n\t\t\t\t\t<\/div>\n\t\t\t\t<\/div>\n\t\t\t\t<\/div>\n\t\t","protected":false},"excerpt":{"rendered":"<p>Ignasi Pietx i Rusi\u00f1ol Director General \/CEO d\u2019Artyplan Qu\u00e8 \u00e9s millor per a una empresa: web to print o un prove\u00efdor d\u2019impressi\u00f3 tradicional? Dep\u00e8n d\u2019una sola variable: quantes comandes d\u2019impressi\u00f3 genera l\u2019organitzaci\u00f3 i qui les fa. Si les comandes s\u00f3n poques, grans i centralitzades en un departament, un prove\u00efdor tradicional amb gesti\u00f3 de compte funciona [&hellip;]<\/p>\n","protected":false},"author":4,"featured_media":18771,"comment_status":"closed","ping_status":"open","sticky":false,"template":"","format":"standard","meta":{"footnotes":""},"categories":[54],"tags":[],"class_list":["post-18772","post","type-post","status-publish","format-standard","has-post-thumbnail","hentry","category-noticies-ca"],"yoast_head":"<!-- This site is optimized with the Yoast SEO Premium plugin v26.5 (Yoast SEO v26.5) - https:\/\/yoast.com\/wordpress\/plugins\/seo\/ -->\n<title>Web to print o prove\u00efdor tradicional? 8 criteris<\/title>\n<meta name=\"description\" content=\"Quan compensa una plataforma web to print i quan un prove\u00efdor tradicional: 8 criteris, matriu de decisi\u00f3 i fases d\u2019implantaci\u00f3.\" \/>\n<meta name=\"robots\" content=\"index, follow, max-snippet:-1, max-image-preview:large, max-video-preview:-1\" \/>\n<link rel=\"canonical\" href=\"https:\/\/artyplan.com\/ca\/bloc\/web-to-print-o-proveidor-tradicional\/\" \/>\n<meta property=\"og:locale\" content=\"ca_ES\" \/>\n<meta property=\"og:type\" content=\"article\" \/>\n<meta property=\"og:title\" content=\"Web to print o prove\u00efdor tradicional? 8 criteris\" \/>\n<meta property=\"og:description\" content=\"Quan compensa una plataforma web to print i quan un prove\u00efdor tradicional: 8 criteris, matriu de decisi\u00f3 i fases d\u2019implantaci\u00f3.\" \/>\n<meta property=\"og:url\" content=\"https:\/\/artyplan.com\/ca\/bloc\/web-to-print-o-proveidor-tradicional\/\" \/>\n<meta property=\"og:site_name\" content=\"Artyplan\" \/>\n<meta property=\"article:publisher\" content=\"https:\/\/www.facebook.com\/artyplan\" \/>\n<meta property=\"article:published_time\" content=\"2026-09-03T05:30:00+00:00\" \/>\n<meta property=\"og:image\" content=\"https:\/\/artyplan.com\/wp-content\/uploads\/2026\/09\/web-to-print-o-proveedor-tradicional.png\" \/>\n\t<meta property=\"og:image:width\" content=\"2172\" \/>\n\t<meta property=\"og:image:height\" content=\"678\" \/>\n\t<meta property=\"og:image:type\" content=\"image\/png\" \/>\n<meta name=\"author\" content=\"Carlota Blanco\" \/>\n<meta name=\"twitter:card\" content=\"summary_large_image\" \/>\n<meta name=\"twitter:title\" content=\"Web to print o prove\u00efdor tradicional? 8 criteris\" \/>\n<meta name=\"twitter:label1\" content=\"Escrit per\" \/>\n\t<meta name=\"twitter:data1\" content=\"Carlota Blanco\" \/>\n\t<meta name=\"twitter:label2\" content=\"Temps estimat de lectura\" \/>\n\t<meta name=\"twitter:data2\" content=\"22 minuts\" \/>\n<script type=\"application\/ld+json\" class=\"yoast-schema-graph\">{\"@context\":\"https:\/\/schema.org\",\"@graph\":[{\"@type\":\"Article\",\"@id\":\"https:\/\/artyplan.com\/ca\/bloc\/web-to-print-o-proveidor-tradicional\/#article\",\"isPartOf\":{\"@id\":\"https:\/\/artyplan.com\/ca\/bloc\/web-to-print-o-proveidor-tradicional\/\"},\"author\":{\"name\":\"Carlota Blanco\",\"@id\":\"https:\/\/artyplan.com\/ca\/#\/schema\/person\/6da23f13e5be7963a2577bcf6832efd5\"},\"headline\":\"Web to print o prove\u00efdor d\u2019impressi\u00f3 tradicional? 8 criteris per decidir\",\"datePublished\":\"2026-09-03T05:30:00+00:00\",\"mainEntityOfPage\":{\"@id\":\"https:\/\/artyplan.com\/ca\/bloc\/web-to-print-o-proveidor-tradicional\/\"},\"wordCount\":2771,\"publisher\":{\"@id\":\"https:\/\/artyplan.com\/ca\/#organization\"},\"image\":{\"@id\":\"https:\/\/artyplan.com\/ca\/bloc\/web-to-print-o-proveidor-tradicional\/#primaryimage\"},\"thumbnailUrl\":\"https:\/\/artyplan.com\/wp-content\/uploads\/2026\/09\/web-to-print-o-proveedor-tradicional.png\",\"articleSection\":[\"Noticies\"],\"inLanguage\":\"ca\"},{\"@type\":\"WebPage\",\"@id\":\"https:\/\/artyplan.com\/ca\/bloc\/web-to-print-o-proveidor-tradicional\/\",\"url\":\"https:\/\/artyplan.com\/ca\/bloc\/web-to-print-o-proveidor-tradicional\/\",\"name\":\"Web to print o prove\u00efdor tradicional? 8 criteris\",\"isPartOf\":{\"@id\":\"https:\/\/artyplan.com\/ca\/#website\"},\"primaryImageOfPage\":{\"@id\":\"https:\/\/artyplan.com\/ca\/bloc\/web-to-print-o-proveidor-tradicional\/#primaryimage\"},\"image\":{\"@id\":\"https:\/\/artyplan.com\/ca\/bloc\/web-to-print-o-proveidor-tradicional\/#primaryimage\"},\"thumbnailUrl\":\"https:\/\/artyplan.com\/wp-content\/uploads\/2026\/09\/web-to-print-o-proveedor-tradicional.png\",\"datePublished\":\"2026-09-03T05:30:00+00:00\",\"description\":\"Quan compensa una plataforma web to print i quan un prove\u00efdor tradicional: 8 criteris, matriu de decisi\u00f3 i fases d\u2019implantaci\u00f3.\",\"breadcrumb\":{\"@id\":\"https:\/\/artyplan.com\/ca\/bloc\/web-to-print-o-proveidor-tradicional\/#breadcrumb\"},\"inLanguage\":\"ca\",\"potentialAction\":[{\"@type\":\"ReadAction\",\"target\":[\"https:\/\/artyplan.com\/ca\/bloc\/web-to-print-o-proveidor-tradicional\/\"]}]},{\"@type\":\"ImageObject\",\"inLanguage\":\"ca\",\"@id\":\"https:\/\/artyplan.com\/ca\/bloc\/web-to-print-o-proveidor-tradicional\/#primaryimage\",\"url\":\"https:\/\/artyplan.com\/wp-content\/uploads\/2026\/09\/web-to-print-o-proveedor-tradicional.png\",\"contentUrl\":\"https:\/\/artyplan.com\/wp-content\/uploads\/2026\/09\/web-to-print-o-proveedor-tradicional.png\",\"width\":2172,\"height\":678,\"caption\":\"web to print vs impressi\u00f3 tradicional\"},{\"@type\":\"BreadcrumbList\",\"@id\":\"https:\/\/artyplan.com\/ca\/bloc\/web-to-print-o-proveidor-tradicional\/#breadcrumb\",\"itemListElement\":[{\"@type\":\"ListItem\",\"position\":1,\"name\":\"Artyplan\",\"item\":\"https:\/\/artyplan.com\/ca\/\"},{\"@type\":\"ListItem\",\"position\":2,\"name\":\"Web to print o prove\u00efdor d\u2019impressi\u00f3 tradicional? 8 criteris per decidir\"}]},{\"@type\":\"WebSite\",\"@id\":\"https:\/\/artyplan.com\/ca\/#website\",\"url\":\"https:\/\/artyplan.com\/ca\/\",\"name\":\"Artyplan\",\"description\":\"\",\"publisher\":{\"@id\":\"https:\/\/artyplan.com\/ca\/#organization\"},\"potentialAction\":[{\"@type\":\"SearchAction\",\"target\":{\"@type\":\"EntryPoint\",\"urlTemplate\":\"https:\/\/artyplan.com\/ca\/?s={search_term_string}\"},\"query-input\":{\"@type\":\"PropertyValueSpecification\",\"valueRequired\":true,\"valueName\":\"search_term_string\"}}],\"inLanguage\":\"ca\"},{\"@type\":\"Organization\",\"@id\":\"https:\/\/artyplan.com\/ca\/#organization\",\"name\":\"Artyplan\",\"url\":\"https:\/\/artyplan.com\/ca\/\",\"logo\":{\"@type\":\"ImageObject\",\"inLanguage\":\"ca\",\"@id\":\"https:\/\/artyplan.com\/ca\/#\/schema\/logo\/image\/\",\"url\":\"https:\/\/artyplan.com\/wp-content\/uploads\/2025\/12\/Logo-artyplan-690x690-1.png\",\"contentUrl\":\"https:\/\/artyplan.com\/wp-content\/uploads\/2025\/12\/Logo-artyplan-690x690-1.png\",\"width\":690,\"height\":690,\"caption\":\"Artyplan\"},\"image\":{\"@id\":\"https:\/\/artyplan.com\/ca\/#\/schema\/logo\/image\/\"},\"sameAs\":[\"https:\/\/www.facebook.com\/artyplan\",\"https:\/\/www.instagram.com\/artyplan\/\",\"https:\/\/www.linkedin.com\/company\/artyplan\"],\"description\":\"Artyplan \u00e9s una empresa especialitzada en producci\u00f3 gr\u00e0fica i comunicaci\u00f3 visual amb 60 anys dexperi\u00e8ncia. Oferim solucions integrals d'impressi\u00f3 en gran format, PLV i retail, gesti\u00f3 d'esdeveniments i fires, disseny i fabricaci\u00f3 a mida, log\u00edstica i serveis d'instal\u00b7laci\u00f3 a tot el territori. Treballem per a marques, ag\u00e8ncies, espais comercials i institucions que necessiten un partner fiable per desenvolupar campanyes de m\u00e0rqueting, projectes de retail i accions de branding o m\u00e0rqueting. Combinem tecnologia avan\u00e7ada d\u00b4impressi\u00f3 digital, un equip expert i una gesti\u00f3 completa de projectes per garantir qualitat, agilitat i resultats a mida per a cada client. Disposem de plataformes B2B que faciliten als nostres clients la gesti\u00f3 de les comandes de materials impresos aix\u00ed com la log\u00edstica dels mateixos.\",\"email\":\"info@artyplan.com\",\"telephone\":\"+34 93 200 87 99\",\"legalName\":\"Artyplan S.L.\",\"vatID\":\"B61963229\",\"numberOfEmployees\":{\"@type\":\"QuantitativeValue\",\"minValue\":\"51\",\"maxValue\":\"200\"}},{\"@type\":\"Person\",\"@id\":\"https:\/\/artyplan.com\/ca\/#\/schema\/person\/6da23f13e5be7963a2577bcf6832efd5\",\"name\":\"Carlota Blanco\",\"image\":{\"@type\":\"ImageObject\",\"inLanguage\":\"ca\",\"@id\":\"https:\/\/artyplan.com\/ca\/#\/schema\/person\/image\/\",\"url\":\"https:\/\/secure.gravatar.com\/avatar\/11243627ff2d293b29a3943db62af14cc820bc1db5b86570b66326af815f8f18?s=96&d=mm&r=g\",\"contentUrl\":\"https:\/\/secure.gravatar.com\/avatar\/11243627ff2d293b29a3943db62af14cc820bc1db5b86570b66326af815f8f18?s=96&d=mm&r=g\",\"caption\":\"Carlota Blanco\"}}]}<\/script>\n<!-- \/ Yoast SEO Premium plugin. -->","yoast_head_json":{"title":"Web to print o prove\u00efdor tradicional? 8 criteris","description":"Quan compensa una plataforma web to print i quan un prove\u00efdor tradicional: 8 criteris, matriu de decisi\u00f3 i fases d\u2019implantaci\u00f3.","robots":{"index":"index","follow":"follow","max-snippet":"max-snippet:-1","max-image-preview":"max-image-preview:large","max-video-preview":"max-video-preview:-1"},"canonical":"https:\/\/artyplan.com\/ca\/bloc\/web-to-print-o-proveidor-tradicional\/","og_locale":"ca_ES","og_type":"article","og_title":"Web to print o prove\u00efdor tradicional? 8 criteris","og_description":"Quan compensa una plataforma web to print i quan un prove\u00efdor tradicional: 8 criteris, matriu de decisi\u00f3 i fases d\u2019implantaci\u00f3.","og_url":"https:\/\/artyplan.com\/ca\/bloc\/web-to-print-o-proveidor-tradicional\/","og_site_name":"Artyplan","article_publisher":"https:\/\/www.facebook.com\/artyplan","article_published_time":"2026-09-03T05:30:00+00:00","og_image":[{"width":2172,"height":678,"url":"https:\/\/artyplan.com\/wp-content\/uploads\/2026\/09\/web-to-print-o-proveedor-tradicional.png","type":"image\/png"}],"author":"Carlota Blanco","twitter_card":"summary_large_image","twitter_title":"Web to print o prove\u00efdor tradicional? 8 criteris","twitter_misc":{"Escrit per":"Carlota Blanco","Temps estimat de lectura":"22 minuts"},"schema":{"@context":"https:\/\/schema.org","@graph":[{"@type":"Article","@id":"https:\/\/artyplan.com\/ca\/bloc\/web-to-print-o-proveidor-tradicional\/#article","isPartOf":{"@id":"https:\/\/artyplan.com\/ca\/bloc\/web-to-print-o-proveidor-tradicional\/"},"author":{"name":"Carlota Blanco","@id":"https:\/\/artyplan.com\/ca\/#\/schema\/person\/6da23f13e5be7963a2577bcf6832efd5"},"headline":"Web to print o prove\u00efdor d\u2019impressi\u00f3 tradicional? 8 criteris per decidir","datePublished":"2026-09-03T05:30:00+00:00","mainEntityOfPage":{"@id":"https:\/\/artyplan.com\/ca\/bloc\/web-to-print-o-proveidor-tradicional\/"},"wordCount":2771,"publisher":{"@id":"https:\/\/artyplan.com\/ca\/#organization"},"image":{"@id":"https:\/\/artyplan.com\/ca\/bloc\/web-to-print-o-proveidor-tradicional\/#primaryimage"},"thumbnailUrl":"https:\/\/artyplan.com\/wp-content\/uploads\/2026\/09\/web-to-print-o-proveedor-tradicional.png","articleSection":["Noticies"],"inLanguage":"ca"},{"@type":"WebPage","@id":"https:\/\/artyplan.com\/ca\/bloc\/web-to-print-o-proveidor-tradicional\/","url":"https:\/\/artyplan.com\/ca\/bloc\/web-to-print-o-proveidor-tradicional\/","name":"Web to print o prove\u00efdor tradicional? 8 criteris","isPartOf":{"@id":"https:\/\/artyplan.com\/ca\/#website"},"primaryImageOfPage":{"@id":"https:\/\/artyplan.com\/ca\/bloc\/web-to-print-o-proveidor-tradicional\/#primaryimage"},"image":{"@id":"https:\/\/artyplan.com\/ca\/bloc\/web-to-print-o-proveidor-tradicional\/#primaryimage"},"thumbnailUrl":"https:\/\/artyplan.com\/wp-content\/uploads\/2026\/09\/web-to-print-o-proveedor-tradicional.png","datePublished":"2026-09-03T05:30:00+00:00","description":"Quan compensa una plataforma web to print i quan un prove\u00efdor tradicional: 8 criteris, matriu de decisi\u00f3 i fases d\u2019implantaci\u00f3.","breadcrumb":{"@id":"https:\/\/artyplan.com\/ca\/bloc\/web-to-print-o-proveidor-tradicional\/#breadcrumb"},"inLanguage":"ca","potentialAction":[{"@type":"ReadAction","target":["https:\/\/artyplan.com\/ca\/bloc\/web-to-print-o-proveidor-tradicional\/"]}]},{"@type":"ImageObject","inLanguage":"ca","@id":"https:\/\/artyplan.com\/ca\/bloc\/web-to-print-o-proveidor-tradicional\/#primaryimage","url":"https:\/\/artyplan.com\/wp-content\/uploads\/2026\/09\/web-to-print-o-proveedor-tradicional.png","contentUrl":"https:\/\/artyplan.com\/wp-content\/uploads\/2026\/09\/web-to-print-o-proveedor-tradicional.png","width":2172,"height":678,"caption":"web to print vs impressi\u00f3 tradicional"},{"@type":"BreadcrumbList","@id":"https:\/\/artyplan.com\/ca\/bloc\/web-to-print-o-proveidor-tradicional\/#breadcrumb","itemListElement":[{"@type":"ListItem","position":1,"name":"Artyplan","item":"https:\/\/artyplan.com\/ca\/"},{"@type":"ListItem","position":2,"name":"Web to print o prove\u00efdor d\u2019impressi\u00f3 tradicional? 8 criteris per decidir"}]},{"@type":"WebSite","@id":"https:\/\/artyplan.com\/ca\/#website","url":"https:\/\/artyplan.com\/ca\/","name":"Artyplan","description":"","publisher":{"@id":"https:\/\/artyplan.com\/ca\/#organization"},"potentialAction":[{"@type":"SearchAction","target":{"@type":"EntryPoint","urlTemplate":"https:\/\/artyplan.com\/ca\/?s={search_term_string}"},"query-input":{"@type":"PropertyValueSpecification","valueRequired":true,"valueName":"search_term_string"}}],"inLanguage":"ca"},{"@type":"Organization","@id":"https:\/\/artyplan.com\/ca\/#organization","name":"Artyplan","url":"https:\/\/artyplan.com\/ca\/","logo":{"@type":"ImageObject","inLanguage":"ca","@id":"https:\/\/artyplan.com\/ca\/#\/schema\/logo\/image\/","url":"https:\/\/artyplan.com\/wp-content\/uploads\/2025\/12\/Logo-artyplan-690x690-1.png","contentUrl":"https:\/\/artyplan.com\/wp-content\/uploads\/2025\/12\/Logo-artyplan-690x690-1.png","width":690,"height":690,"caption":"Artyplan"},"image":{"@id":"https:\/\/artyplan.com\/ca\/#\/schema\/logo\/image\/"},"sameAs":["https:\/\/www.facebook.com\/artyplan","https:\/\/www.instagram.com\/artyplan\/","https:\/\/www.linkedin.com\/company\/artyplan"],"description":"Artyplan \u00e9s una empresa especialitzada en producci\u00f3 gr\u00e0fica i comunicaci\u00f3 visual amb 60 anys dexperi\u00e8ncia. Oferim solucions integrals d'impressi\u00f3 en gran format, PLV i retail, gesti\u00f3 d'esdeveniments i fires, disseny i fabricaci\u00f3 a mida, log\u00edstica i serveis d'instal\u00b7laci\u00f3 a tot el territori. Treballem per a marques, ag\u00e8ncies, espais comercials i institucions que necessiten un partner fiable per desenvolupar campanyes de m\u00e0rqueting, projectes de retail i accions de branding o m\u00e0rqueting. Combinem tecnologia avan\u00e7ada d\u00b4impressi\u00f3 digital, un equip expert i una gesti\u00f3 completa de projectes per garantir qualitat, agilitat i resultats a mida per a cada client. Disposem de plataformes B2B que faciliten als nostres clients la gesti\u00f3 de les comandes de materials impresos aix\u00ed com la log\u00edstica dels mateixos.","email":"info@artyplan.com","telephone":"+34 93 200 87 99","legalName":"Artyplan S.L.","vatID":"B61963229","numberOfEmployees":{"@type":"QuantitativeValue","minValue":"51","maxValue":"200"}},{"@type":"Person","@id":"https:\/\/artyplan.com\/ca\/#\/schema\/person\/6da23f13e5be7963a2577bcf6832efd5","name":"Carlota Blanco","image":{"@type":"ImageObject","inLanguage":"ca","@id":"https:\/\/artyplan.com\/ca\/#\/schema\/person\/image\/","url":"https:\/\/secure.gravatar.com\/avatar\/11243627ff2d293b29a3943db62af14cc820bc1db5b86570b66326af815f8f18?s=96&d=mm&r=g","contentUrl":"https:\/\/secure.gravatar.com\/avatar\/11243627ff2d293b29a3943db62af14cc820bc1db5b86570b66326af815f8f18?s=96&d=mm&r=g","caption":"Carlota Blanco"}}]}},"_links":{"self":[{"href":"https:\/\/artyplan.com\/ca\/wp-json\/wp\/v2\/posts\/18772","targetHints":{"allow":["GET"]}}],"collection":[{"href":"https:\/\/artyplan.com\/ca\/wp-json\/wp\/v2\/posts"}],"about":[{"href":"https:\/\/artyplan.com\/ca\/wp-json\/wp\/v2\/types\/post"}],"author":[{"embeddable":true,"href":"https:\/\/artyplan.com\/ca\/wp-json\/wp\/v2\/users\/4"}],"replies":[{"embeddable":true,"href":"https:\/\/artyplan.com\/ca\/wp-json\/wp\/v2\/comments?post=18772"}],"version-history":[{"count":15,"href":"https:\/\/artyplan.com\/ca\/wp-json\/wp\/v2\/posts\/18772\/revisions"}],"predecessor-version":[{"id":18834,"href":"https:\/\/artyplan.com\/ca\/wp-json\/wp\/v2\/posts\/18772\/revisions\/18834"}],"wp:featuredmedia":[{"embeddable":true,"href":"https:\/\/artyplan.com\/ca\/wp-json\/wp\/v2\/media\/18771"}],"wp:attachment":[{"href":"https:\/\/artyplan.com\/ca\/wp-json\/wp\/v2\/media?parent=18772"}],"wp:term":[{"taxonomy":"category","embeddable":true,"href":"https:\/\/artyplan.com\/ca\/wp-json\/wp\/v2\/categories?post=18772"},{"taxonomy":"post_tag","embeddable":true,"href":"https:\/\/artyplan.com\/ca\/wp-json\/wp\/v2\/tags?post=18772"}],"curies":[{"name":"wp","href":"https:\/\/api.w.org\/{rel}","templated":true}]}}