{"id":4903,"date":"2019-11-14T00:00:00","date_gmt":"2019-11-13T22:00:00","guid":{"rendered":"https:\/\/preweb.artyplan.com\/sin-categorizar\/artyplan-obre-un-nou-punt-de-venda-dins-labacus-de-lhospitalet\/"},"modified":"2025-09-07T16:07:11","modified_gmt":"2025-09-07T14:07:11","slug":"artyplan-obre-un-nou-punt-de-venda-dins-labacus-de-lhospitalet","status":"publish","type":"post","link":"https:\/\/artyplan.com\/ca\/blog\/artyplan-obre-un-nou-punt-de-venda-dins-labacus-de-lhospitalet\/","title":{"rendered":"Artyplan obre un nou punt de venda dins l\u2019Abacus de L\u2019Hospitalet."},"content":{"rendered":"<p>A Artyplan seguim amb la din\u00e0mica de creixement i apostant per la dinamitzaci\u00f3 del m\u00f3n del retail a Catalunya. Per aquest motiu, ens complau informar que des d\u2019inicis d\u2019aquest mes de novembre ja servim els nostres productes i serveis d\u2019impressi\u00f3 a l\u2019Hospitalet de Llobregat.<\/p>\n<p>Aquest creixement neix de la m\u00e0 d\u2019un acord entre dos l\u00edders sectorials, Abacus Cooperativa i Artyplan \u201cThe print experience\u201d, dues empreses amb una reconeguda traject\u00f2ria que s\u2019uneixen per crear sinergies i donar una resposta molt m\u00e9s completa al sector.<\/p>\n<p>Amb aquesta iniciativa, apostem per un nou format de punt de venda integrat dins les instal\u00b7lacions d\u2019Abacus de l\u2019Hospitalet, oferint servei cada dia de la setmana.<\/p>\n<p>Per tal d\u2019innovar i donar una experi\u00e8ncia m\u00e9s completa als nostres clients, des d\u2019Artyplan hem apostat per oferir els serveis de copisteria de sempre amb una mirada cap al futur i donant una especial import\u00e0ncia a l\u2019experi\u00e8ncia del nostre client dins del punt de venda. Algunes de les novetats s\u00f3n la incorporaci\u00f3 d\u2019una m\u00e0quina d\u2019impressi\u00f3 3D, la implementaci\u00f3 d\u2019una \u00e0mplia zona d\u2019impressi\u00f3 i retoc d\u2019imatges <em>in situ<\/em>\u00a0i la personalitzaci\u00f3 de samarretes i bosses t\u00e8xtils.<\/p>\n<p>Vine a viure l\u2019experi\u00e8ncia, estem a La Rambla Just Oliveras, 5. T\u2019hi esperem de dilluns a divendres 10 a 14 i 16.30 a 20.30h.<\/p>\n<p>&nbsp;<\/p>\n\n","protected":false},"excerpt":{"rendered":"<p>A Artyplan seguim amb la din\u00e0mica de creixement i apostant per la dinamitzaci\u00f3 del m\u00f3n del retail a Catalunya. Per aquest motiu, ens complau informar que des d\u2019inicis d\u2019aquest mes de novembre ja servim els nostres productes i serveis d\u2019impressi\u00f3 a l\u2019Hospitalet de Llobregat. Aquest creixement neix de la m\u00e0 d\u2019un acord entre dos l\u00edders [&hellip;]<\/p>\n","protected":false},"author":3,"featured_media":6897,"comment_status":"closed","ping_status":"closed","sticky":false,"template":"","format":"standard","meta":{"footnotes":""},"categories":[54,1],"tags":[],"class_list":["post-4903","post","type-post","status-publish","format-standard","has-post-thumbnail","hentry","category-noticies-ca","category-sense-categoritzar"],"yoast_head":"<!-- This site is optimized with the Yoast SEO Premium plugin v26.5 (Yoast SEO v26.5) - https:\/\/yoast.com\/wordpress\/plugins\/seo\/ -->\n<title>Artyplan obre un nou punt de venda dins l\u2019Abacus de L\u2019Hospitalet.<\/title>\n<meta name=\"description\" content=\"Ens complau informar-te de que servim els nostres productes i serveis d\u2019impressi\u00f3 a l\u2019Hospitalet de Llobregat.\" \/>\n<meta name=\"robots\" content=\"index, follow, max-snippet:-1, max-image-preview:large, max-video-preview:-1\" \/>\n<link rel=\"canonical\" href=\"https:\/\/artyplan.com\/ca\/blog\/artyplan-obre-un-nou-punt-de-venda-dins-labacus-de-lhospitalet\/\" \/>\n<meta property=\"og:locale\" content=\"ca_ES\" \/>\n<meta property=\"og:type\" content=\"article\" \/>\n<meta property=\"og:title\" content=\"Artyplan obre un nou punt de venda dins l\u2019Abacus de L\u2019Hospitalet.\" \/>\n<meta property=\"og:description\" content=\"Ens complau informar-te de que servim els nostres productes i serveis d\u2019impressi\u00f3 a l\u2019Hospitalet de Llobregat.\" \/>\n<meta property=\"og:url\" content=\"https:\/\/artyplan.com\/ca\/blog\/artyplan-obre-un-nou-punt-de-venda-dins-labacus-de-lhospitalet\/\" \/>\n<meta property=\"og:site_name\" content=\"Artyplan\" \/>\n<meta property=\"article:publisher\" content=\"https:\/\/www.facebook.com\/artyplan\" \/>\n<meta property=\"article:published_time\" content=\"2019-11-13T22:00:00+00:00\" \/>\n<meta property=\"article:modified_time\" content=\"2025-09-07T14:07:11+00:00\" \/>\n<meta property=\"og:image\" content=\"https:\/\/artyplan.com\/wp-content\/uploads\/2025\/09\/artyplan-hospitalet.jpg\" \/>\n\t<meta property=\"og:image:width\" content=\"391\" \/>\n\t<meta property=\"og:image:height\" content=\"220\" \/>\n\t<meta property=\"og:image:type\" content=\"image\/jpeg\" \/>\n<meta name=\"author\" content=\"Sergio Triguero\" \/>\n<meta name=\"twitter:card\" content=\"summary_large_image\" \/>\n<meta name=\"twitter:label1\" content=\"Escrit per\" \/>\n\t<meta name=\"twitter:data1\" content=\"Sergio Triguero\" \/>\n\t<meta name=\"twitter:label2\" content=\"Temps estimat de lectura\" \/>\n\t<meta name=\"twitter:data2\" content=\"1 minut\" \/>\n<script type=\"application\/ld+json\" class=\"yoast-schema-graph\">{\"@context\":\"https:\/\/schema.org\",\"@graph\":[{\"@type\":\"Article\",\"@id\":\"https:\/\/artyplan.com\/ca\/blog\/artyplan-obre-un-nou-punt-de-venda-dins-labacus-de-lhospitalet\/#article\",\"isPartOf\":{\"@id\":\"https:\/\/artyplan.com\/ca\/blog\/artyplan-obre-un-nou-punt-de-venda-dins-labacus-de-lhospitalet\/\"},\"author\":{\"name\":\"Sergio Triguero\",\"@id\":\"https:\/\/artyplan.com\/ca\/#\/schema\/person\/0ef19accced432bc277b8d5248cd2cc0\"},\"headline\":\"Artyplan obre un nou punt de venda dins l\u2019Abacus de L\u2019Hospitalet.\",\"datePublished\":\"2019-11-13T22:00:00+00:00\",\"dateModified\":\"2025-09-07T14:07:11+00:00\",\"mainEntityOfPage\":{\"@id\":\"https:\/\/artyplan.com\/ca\/blog\/artyplan-obre-un-nou-punt-de-venda-dins-labacus-de-lhospitalet\/\"},\"wordCount\":278,\"publisher\":{\"@id\":\"https:\/\/artyplan.com\/ca\/#organization\"},\"image\":{\"@id\":\"https:\/\/artyplan.com\/ca\/blog\/artyplan-obre-un-nou-punt-de-venda-dins-labacus-de-lhospitalet\/#primaryimage\"},\"thumbnailUrl\":\"https:\/\/artyplan.com\/wp-content\/uploads\/2025\/09\/artyplan-hospitalet.jpg\",\"articleSection\":[\"Noticies\",\"Sense-categoritzar\"],\"inLanguage\":\"ca\"},{\"@type\":\"WebPage\",\"@id\":\"https:\/\/artyplan.com\/ca\/blog\/artyplan-obre-un-nou-punt-de-venda-dins-labacus-de-lhospitalet\/\",\"url\":\"https:\/\/artyplan.com\/ca\/blog\/artyplan-obre-un-nou-punt-de-venda-dins-labacus-de-lhospitalet\/\",\"name\":\"Artyplan obre un nou punt de venda dins l\u2019Abacus de L\u2019Hospitalet.\",\"isPartOf\":{\"@id\":\"https:\/\/artyplan.com\/ca\/#website\"},\"primaryImageOfPage\":{\"@id\":\"https:\/\/artyplan.com\/ca\/blog\/artyplan-obre-un-nou-punt-de-venda-dins-labacus-de-lhospitalet\/#primaryimage\"},\"image\":{\"@id\":\"https:\/\/artyplan.com\/ca\/blog\/artyplan-obre-un-nou-punt-de-venda-dins-labacus-de-lhospitalet\/#primaryimage\"},\"thumbnailUrl\":\"https:\/\/artyplan.com\/wp-content\/uploads\/2025\/09\/artyplan-hospitalet.jpg\",\"datePublished\":\"2019-11-13T22:00:00+00:00\",\"dateModified\":\"2025-09-07T14:07:11+00:00\",\"description\":\"Ens complau informar-te de que servim els nostres productes i serveis d\u2019impressi\u00f3 a l\u2019Hospitalet de Llobregat.\",\"breadcrumb\":{\"@id\":\"https:\/\/artyplan.com\/ca\/blog\/artyplan-obre-un-nou-punt-de-venda-dins-labacus-de-lhospitalet\/#breadcrumb\"},\"inLanguage\":\"ca\",\"potentialAction\":[{\"@type\":\"ReadAction\",\"target\":[\"https:\/\/artyplan.com\/ca\/blog\/artyplan-obre-un-nou-punt-de-venda-dins-labacus-de-lhospitalet\/\"]}]},{\"@type\":\"ImageObject\",\"inLanguage\":\"ca\",\"@id\":\"https:\/\/artyplan.com\/ca\/blog\/artyplan-obre-un-nou-punt-de-venda-dins-labacus-de-lhospitalet\/#primaryimage\",\"url\":\"https:\/\/artyplan.com\/wp-content\/uploads\/2025\/09\/artyplan-hospitalet.jpg\",\"contentUrl\":\"https:\/\/artyplan.com\/wp-content\/uploads\/2025\/09\/artyplan-hospitalet.jpg\",\"width\":391,\"height\":220,\"caption\":\"nuevo punto de venta artyplan hospitalet\"},{\"@type\":\"BreadcrumbList\",\"@id\":\"https:\/\/artyplan.com\/ca\/blog\/artyplan-obre-un-nou-punt-de-venda-dins-labacus-de-lhospitalet\/#breadcrumb\",\"itemListElement\":[{\"@type\":\"ListItem\",\"position\":1,\"name\":\"Artyplan\",\"item\":\"https:\/\/artyplan.com\/ca\/\"},{\"@type\":\"ListItem\",\"position\":2,\"name\":\"Artyplan obre un nou punt de venda dins l\u2019Abacus de L\u2019Hospitalet.\"}]},{\"@type\":\"WebSite\",\"@id\":\"https:\/\/artyplan.com\/ca\/#website\",\"url\":\"https:\/\/artyplan.com\/ca\/\",\"name\":\"Artyplan\",\"description\":\"\",\"publisher\":{\"@id\":\"https:\/\/artyplan.com\/ca\/#organization\"},\"potentialAction\":[{\"@type\":\"SearchAction\",\"target\":{\"@type\":\"EntryPoint\",\"urlTemplate\":\"https:\/\/artyplan.com\/ca\/?s={search_term_string}\"},\"query-input\":{\"@type\":\"PropertyValueSpecification\",\"valueRequired\":true,\"valueName\":\"search_term_string\"}}],\"inLanguage\":\"ca\"},{\"@type\":\"Organization\",\"@id\":\"https:\/\/artyplan.com\/ca\/#organization\",\"name\":\"Artyplan\",\"url\":\"https:\/\/artyplan.com\/ca\/\",\"logo\":{\"@type\":\"ImageObject\",\"inLanguage\":\"ca\",\"@id\":\"https:\/\/artyplan.com\/ca\/#\/schema\/logo\/image\/\",\"url\":\"https:\/\/artyplan.com\/wp-content\/uploads\/2025\/12\/Logo-artyplan-690x690-1.png\",\"contentUrl\":\"https:\/\/artyplan.com\/wp-content\/uploads\/2025\/12\/Logo-artyplan-690x690-1.png\",\"width\":690,\"height\":690,\"caption\":\"Artyplan\"},\"image\":{\"@id\":\"https:\/\/artyplan.com\/ca\/#\/schema\/logo\/image\/\"},\"sameAs\":[\"https:\/\/www.facebook.com\/artyplan\",\"https:\/\/www.instagram.com\/artyplan\/\",\"https:\/\/www.linkedin.com\/company\/artyplan\"],\"description\":\"Artyplan \u00e9s una empresa especialitzada en producci\u00f3 gr\u00e0fica i comunicaci\u00f3 visual amb 60 anys dexperi\u00e8ncia. Oferim solucions integrals d'impressi\u00f3 en gran format, PLV i retail, gesti\u00f3 d'esdeveniments i fires, disseny i fabricaci\u00f3 a mida, log\u00edstica i serveis d'instal\u00b7laci\u00f3 a tot el territori. Treballem per a marques, ag\u00e8ncies, espais comercials i institucions que necessiten un partner fiable per desenvolupar campanyes de m\u00e0rqueting, projectes de retail i accions de branding o m\u00e0rqueting. Combinem tecnologia avan\u00e7ada d\u00b4impressi\u00f3 digital, un equip expert i una gesti\u00f3 completa de projectes per garantir qualitat, agilitat i resultats a mida per a cada client. Disposem de plataformes B2B que faciliten als nostres clients la gesti\u00f3 de les comandes de materials impresos aix\u00ed com la log\u00edstica dels mateixos.\",\"email\":\"info@artyplan.com\",\"telephone\":\"+34 93 200 87 99\",\"legalName\":\"Artyplan S.L.\",\"vatID\":\"B61963229\",\"numberOfEmployees\":{\"@type\":\"QuantitativeValue\",\"minValue\":\"51\",\"maxValue\":\"200\"}},{\"@type\":\"Person\",\"@id\":\"https:\/\/artyplan.com\/ca\/#\/schema\/person\/0ef19accced432bc277b8d5248cd2cc0\",\"name\":\"Sergio Triguero\",\"image\":{\"@type\":\"ImageObject\",\"inLanguage\":\"ca\",\"@id\":\"https:\/\/artyplan.com\/ca\/#\/schema\/person\/image\/\",\"url\":\"https:\/\/secure.gravatar.com\/avatar\/c742a95811ffbc635a3d111ab446f278cce576575d14970fd5d56e17580c3f23?s=96&d=mm&r=g\",\"contentUrl\":\"https:\/\/secure.gravatar.com\/avatar\/c742a95811ffbc635a3d111ab446f278cce576575d14970fd5d56e17580c3f23?s=96&d=mm&r=g\",\"caption\":\"Sergio Triguero\"}}]}<\/script>\n<!-- \/ Yoast SEO Premium plugin. -->","yoast_head_json":{"title":"Artyplan obre un nou punt de venda dins l\u2019Abacus de L\u2019Hospitalet.","description":"Ens complau informar-te de que servim els nostres productes i serveis d\u2019impressi\u00f3 a l\u2019Hospitalet de Llobregat.","robots":{"index":"index","follow":"follow","max-snippet":"max-snippet:-1","max-image-preview":"max-image-preview:large","max-video-preview":"max-video-preview:-1"},"canonical":"https:\/\/artyplan.com\/ca\/blog\/artyplan-obre-un-nou-punt-de-venda-dins-labacus-de-lhospitalet\/","og_locale":"ca_ES","og_type":"article","og_title":"Artyplan obre un nou punt de venda dins l\u2019Abacus de L\u2019Hospitalet.","og_description":"Ens complau informar-te de que servim els nostres productes i serveis d\u2019impressi\u00f3 a l\u2019Hospitalet de Llobregat.","og_url":"https:\/\/artyplan.com\/ca\/blog\/artyplan-obre-un-nou-punt-de-venda-dins-labacus-de-lhospitalet\/","og_site_name":"Artyplan","article_publisher":"https:\/\/www.facebook.com\/artyplan","article_published_time":"2019-11-13T22:00:00+00:00","article_modified_time":"2025-09-07T14:07:11+00:00","og_image":[{"width":391,"height":220,"url":"https:\/\/artyplan.com\/wp-content\/uploads\/2025\/09\/artyplan-hospitalet.jpg","type":"image\/jpeg"}],"author":"Sergio Triguero","twitter_card":"summary_large_image","twitter_misc":{"Escrit per":"Sergio Triguero","Temps estimat de lectura":"1 minut"},"schema":{"@context":"https:\/\/schema.org","@graph":[{"@type":"Article","@id":"https:\/\/artyplan.com\/ca\/blog\/artyplan-obre-un-nou-punt-de-venda-dins-labacus-de-lhospitalet\/#article","isPartOf":{"@id":"https:\/\/artyplan.com\/ca\/blog\/artyplan-obre-un-nou-punt-de-venda-dins-labacus-de-lhospitalet\/"},"author":{"name":"Sergio Triguero","@id":"https:\/\/artyplan.com\/ca\/#\/schema\/person\/0ef19accced432bc277b8d5248cd2cc0"},"headline":"Artyplan obre un nou punt de venda dins l\u2019Abacus de L\u2019Hospitalet.","datePublished":"2019-11-13T22:00:00+00:00","dateModified":"2025-09-07T14:07:11+00:00","mainEntityOfPage":{"@id":"https:\/\/artyplan.com\/ca\/blog\/artyplan-obre-un-nou-punt-de-venda-dins-labacus-de-lhospitalet\/"},"wordCount":278,"publisher":{"@id":"https:\/\/artyplan.com\/ca\/#organization"},"image":{"@id":"https:\/\/artyplan.com\/ca\/blog\/artyplan-obre-un-nou-punt-de-venda-dins-labacus-de-lhospitalet\/#primaryimage"},"thumbnailUrl":"https:\/\/artyplan.com\/wp-content\/uploads\/2025\/09\/artyplan-hospitalet.jpg","articleSection":["Noticies","Sense-categoritzar"],"inLanguage":"ca"},{"@type":"WebPage","@id":"https:\/\/artyplan.com\/ca\/blog\/artyplan-obre-un-nou-punt-de-venda-dins-labacus-de-lhospitalet\/","url":"https:\/\/artyplan.com\/ca\/blog\/artyplan-obre-un-nou-punt-de-venda-dins-labacus-de-lhospitalet\/","name":"Artyplan obre un nou punt de venda dins l\u2019Abacus de L\u2019Hospitalet.","isPartOf":{"@id":"https:\/\/artyplan.com\/ca\/#website"},"primaryImageOfPage":{"@id":"https:\/\/artyplan.com\/ca\/blog\/artyplan-obre-un-nou-punt-de-venda-dins-labacus-de-lhospitalet\/#primaryimage"},"image":{"@id":"https:\/\/artyplan.com\/ca\/blog\/artyplan-obre-un-nou-punt-de-venda-dins-labacus-de-lhospitalet\/#primaryimage"},"thumbnailUrl":"https:\/\/artyplan.com\/wp-content\/uploads\/2025\/09\/artyplan-hospitalet.jpg","datePublished":"2019-11-13T22:00:00+00:00","dateModified":"2025-09-07T14:07:11+00:00","description":"Ens complau informar-te de que servim els nostres productes i serveis d\u2019impressi\u00f3 a l\u2019Hospitalet de Llobregat.","breadcrumb":{"@id":"https:\/\/artyplan.com\/ca\/blog\/artyplan-obre-un-nou-punt-de-venda-dins-labacus-de-lhospitalet\/#breadcrumb"},"inLanguage":"ca","potentialAction":[{"@type":"ReadAction","target":["https:\/\/artyplan.com\/ca\/blog\/artyplan-obre-un-nou-punt-de-venda-dins-labacus-de-lhospitalet\/"]}]},{"@type":"ImageObject","inLanguage":"ca","@id":"https:\/\/artyplan.com\/ca\/blog\/artyplan-obre-un-nou-punt-de-venda-dins-labacus-de-lhospitalet\/#primaryimage","url":"https:\/\/artyplan.com\/wp-content\/uploads\/2025\/09\/artyplan-hospitalet.jpg","contentUrl":"https:\/\/artyplan.com\/wp-content\/uploads\/2025\/09\/artyplan-hospitalet.jpg","width":391,"height":220,"caption":"nuevo punto de venta artyplan hospitalet"},{"@type":"BreadcrumbList","@id":"https:\/\/artyplan.com\/ca\/blog\/artyplan-obre-un-nou-punt-de-venda-dins-labacus-de-lhospitalet\/#breadcrumb","itemListElement":[{"@type":"ListItem","position":1,"name":"Artyplan","item":"https:\/\/artyplan.com\/ca\/"},{"@type":"ListItem","position":2,"name":"Artyplan obre un nou punt de venda dins l\u2019Abacus de L\u2019Hospitalet."}]},{"@type":"WebSite","@id":"https:\/\/artyplan.com\/ca\/#website","url":"https:\/\/artyplan.com\/ca\/","name":"Artyplan","description":"","publisher":{"@id":"https:\/\/artyplan.com\/ca\/#organization"},"potentialAction":[{"@type":"SearchAction","target":{"@type":"EntryPoint","urlTemplate":"https:\/\/artyplan.com\/ca\/?s={search_term_string}"},"query-input":{"@type":"PropertyValueSpecification","valueRequired":true,"valueName":"search_term_string"}}],"inLanguage":"ca"},{"@type":"Organization","@id":"https:\/\/artyplan.com\/ca\/#organization","name":"Artyplan","url":"https:\/\/artyplan.com\/ca\/","logo":{"@type":"ImageObject","inLanguage":"ca","@id":"https:\/\/artyplan.com\/ca\/#\/schema\/logo\/image\/","url":"https:\/\/artyplan.com\/wp-content\/uploads\/2025\/12\/Logo-artyplan-690x690-1.png","contentUrl":"https:\/\/artyplan.com\/wp-content\/uploads\/2025\/12\/Logo-artyplan-690x690-1.png","width":690,"height":690,"caption":"Artyplan"},"image":{"@id":"https:\/\/artyplan.com\/ca\/#\/schema\/logo\/image\/"},"sameAs":["https:\/\/www.facebook.com\/artyplan","https:\/\/www.instagram.com\/artyplan\/","https:\/\/www.linkedin.com\/company\/artyplan"],"description":"Artyplan \u00e9s una empresa especialitzada en producci\u00f3 gr\u00e0fica i comunicaci\u00f3 visual amb 60 anys dexperi\u00e8ncia. Oferim solucions integrals d'impressi\u00f3 en gran format, PLV i retail, gesti\u00f3 d'esdeveniments i fires, disseny i fabricaci\u00f3 a mida, log\u00edstica i serveis d'instal\u00b7laci\u00f3 a tot el territori. Treballem per a marques, ag\u00e8ncies, espais comercials i institucions que necessiten un partner fiable per desenvolupar campanyes de m\u00e0rqueting, projectes de retail i accions de branding o m\u00e0rqueting. Combinem tecnologia avan\u00e7ada d\u00b4impressi\u00f3 digital, un equip expert i una gesti\u00f3 completa de projectes per garantir qualitat, agilitat i resultats a mida per a cada client. Disposem de plataformes B2B que faciliten als nostres clients la gesti\u00f3 de les comandes de materials impresos aix\u00ed com la log\u00edstica dels mateixos.","email":"info@artyplan.com","telephone":"+34 93 200 87 99","legalName":"Artyplan S.L.","vatID":"B61963229","numberOfEmployees":{"@type":"QuantitativeValue","minValue":"51","maxValue":"200"}},{"@type":"Person","@id":"https:\/\/artyplan.com\/ca\/#\/schema\/person\/0ef19accced432bc277b8d5248cd2cc0","name":"Sergio Triguero","image":{"@type":"ImageObject","inLanguage":"ca","@id":"https:\/\/artyplan.com\/ca\/#\/schema\/person\/image\/","url":"https:\/\/secure.gravatar.com\/avatar\/c742a95811ffbc635a3d111ab446f278cce576575d14970fd5d56e17580c3f23?s=96&d=mm&r=g","contentUrl":"https:\/\/secure.gravatar.com\/avatar\/c742a95811ffbc635a3d111ab446f278cce576575d14970fd5d56e17580c3f23?s=96&d=mm&r=g","caption":"Sergio Triguero"}}]}},"_links":{"self":[{"href":"https:\/\/artyplan.com\/ca\/wp-json\/wp\/v2\/posts\/4903","targetHints":{"allow":["GET"]}}],"collection":[{"href":"https:\/\/artyplan.com\/ca\/wp-json\/wp\/v2\/posts"}],"about":[{"href":"https:\/\/artyplan.com\/ca\/wp-json\/wp\/v2\/types\/post"}],"author":[{"embeddable":true,"href":"https:\/\/artyplan.com\/ca\/wp-json\/wp\/v2\/users\/3"}],"replies":[{"embeddable":true,"href":"https:\/\/artyplan.com\/ca\/wp-json\/wp\/v2\/comments?post=4903"}],"version-history":[{"count":1,"href":"https:\/\/artyplan.com\/ca\/wp-json\/wp\/v2\/posts\/4903\/revisions"}],"predecessor-version":[{"id":4904,"href":"https:\/\/artyplan.com\/ca\/wp-json\/wp\/v2\/posts\/4903\/revisions\/4904"}],"wp:featuredmedia":[{"embeddable":true,"href":"https:\/\/artyplan.com\/ca\/wp-json\/wp\/v2\/media\/6897"}],"wp:attachment":[{"href":"https:\/\/artyplan.com\/ca\/wp-json\/wp\/v2\/media?parent=4903"}],"wp:term":[{"taxonomy":"category","embeddable":true,"href":"https:\/\/artyplan.com\/ca\/wp-json\/wp\/v2\/categories?post=4903"},{"taxonomy":"post_tag","embeddable":true,"href":"https:\/\/artyplan.com\/ca\/wp-json\/wp\/v2\/tags?post=4903"}],"curies":[{"name":"wp","href":"https:\/\/api.w.org\/{rel}","templated":true}]}}