{"id":4923,"date":"2019-11-11T00:00:00","date_gmt":"2019-11-10T22:00:00","guid":{"rendered":"https:\/\/preweb.artyplan.com\/sin-categorizar\/enganxats-als-vinils\/"},"modified":"2025-09-07T16:07:25","modified_gmt":"2025-09-07T14:07:25","slug":"enganxats-als-vinils","status":"publish","type":"post","link":"https:\/\/artyplan.com\/ca\/blog\/enganxats-als-vinils\/","title":{"rendered":"Enganxats als vinils"},"content":{"rendered":"<p>Una de les maneres m\u00e9s habituals de dotar un espai de personalitat \u00e9s la incorporaci\u00f3 de mobles o objectes f\u00edsics que omplen i fan les zones m\u00e9s acollidores, tant en ambients dom\u00e8stics com professionals.<\/p>\n<p>Des d\u2019Artyplan, us proposem que us enganxeu al variat m\u00f3n dels vinils fent de la decoraci\u00f3 una activitat divertida, din\u00e0mica i sobretot econ\u00f2mica, fent \u00fas de tota la nostra gamma de vinils.<\/p>\n<p>La nostra experi\u00e8ncia en el sector de la impressi\u00f3 i materials ens ha fet descobrir m\u00faltiples tipologies de vinils, adaptades a tota mena de vidres, parets, sostres i terres. Gr\u00e0cies als nostres clients, hem vinilat espais realment incre\u00efbles, que ens han obert les portes a tenir un portfoli complet de feines realitzades amb aquest material.<\/p>\n<h3>ELS VINILS M\u00c9S POPULARS<\/h3>\n<p>Des del vinil de tall, perfectament preparat per enganxar frases inspiracionals, imatges corporatives o conceptuals a les parets o vidres de qualsevol espai, fins al vinil per parets rugoses o dif\u00edcils que permeten enganxar el material a qualsevol superf\u00edcie, independentment del seu relleu.<\/p>\n<p>Disposem de vinils microperforats, ideals per finestres, ja que deixen passar la llum a l\u2019interior. Aquests, estan formats per una l\u00e0mina pl\u00e0stica amb un patr\u00f3 de petits forats i distribuci\u00f3 regular.<\/p>\n<p>Comptem amb la tecnologia easydot, coneguda com a bubble free, que permet que el vinil sigui reposicionable gr\u00e0cies a micro ventoses adherents. Aquestes caracter\u00edstiques fan que aquest material sigui especialment ideal per aplicacions de curta i mitjana durada, tant en l\u2019\u00e0mbit comercial com en el personal. Aquest tipus de vinil permet fer decoraci\u00f3 estacional, promocions puntuals i sobretot, permet fer canvis constants.<\/p>\n<p>Us deixem un quadre amb un breu resum de les principals caracter\u00edstiques de cadasc\u00fa.<\/p>\n<p>Elaborat amb el suport de Josep Balsells, Director d&#8217;Operacions d&#8217;Artyplan.<\/p>\n\n","protected":false},"excerpt":{"rendered":"<p>Una de les maneres m\u00e9s habituals de dotar un espai de personalitat \u00e9s la incorporaci\u00f3 de mobles o objectes f\u00edsics que omplen i fan les zones m\u00e9s acollidores, tant en ambients dom\u00e8stics com professionals. Des d\u2019Artyplan, us proposem que us enganxeu al variat m\u00f3n dels vinils fent de la decoraci\u00f3 una activitat divertida, din\u00e0mica i [&hellip;]<\/p>\n","protected":false},"author":3,"featured_media":6892,"comment_status":"closed","ping_status":"closed","sticky":false,"template":"","format":"standard","meta":{"footnotes":""},"categories":[1],"tags":[],"class_list":["post-4923","post","type-post","status-publish","format-standard","has-post-thumbnail","hentry","category-sense-categoritzar"],"yoast_head":"<!-- This site is optimized with the Yoast SEO Premium plugin v26.5 (Yoast SEO v26.5) - https:\/\/yoast.com\/wordpress\/plugins\/seo\/ -->\n<title>Enganxats als vinils | Artyplan<\/title>\n<meta name=\"description\" content=\"La nostra experi\u00e8ncia en impressi\u00f3 ens ha fet descobrir tipologies de vinils, adaptades a tota mena de vidres, parets, sostres i terres.\" \/>\n<meta name=\"robots\" content=\"index, follow, max-snippet:-1, max-image-preview:large, max-video-preview:-1\" \/>\n<link rel=\"canonical\" href=\"https:\/\/artyplan.com\/ca\/blog\/enganxats-als-vinils\/\" \/>\n<meta property=\"og:locale\" content=\"ca_ES\" \/>\n<meta property=\"og:type\" content=\"article\" \/>\n<meta property=\"og:title\" content=\"Enganxats als vinils\" \/>\n<meta property=\"og:description\" content=\"La nostra experi\u00e8ncia en impressi\u00f3 ens ha fet descobrir tipologies de vinils, adaptades a tota mena de vidres, parets, sostres i terres.\" \/>\n<meta property=\"og:url\" content=\"https:\/\/artyplan.com\/ca\/blog\/enganxats-als-vinils\/\" \/>\n<meta property=\"og:site_name\" content=\"Artyplan\" \/>\n<meta property=\"article:publisher\" content=\"https:\/\/www.facebook.com\/artyplan\" \/>\n<meta property=\"article:published_time\" content=\"2019-11-10T22:00:00+00:00\" \/>\n<meta property=\"article:modified_time\" content=\"2025-09-07T14:07:25+00:00\" \/>\n<meta property=\"og:image\" content=\"https:\/\/artyplan.com\/wp-content\/uploads\/2025\/09\/CotxeDarrerapost2-1.jpg\" \/>\n\t<meta property=\"og:image:width\" content=\"1920\" \/>\n\t<meta property=\"og:image:height\" content=\"1920\" \/>\n\t<meta property=\"og:image:type\" content=\"image\/jpeg\" \/>\n<meta name=\"author\" content=\"Sergio Triguero\" \/>\n<meta name=\"twitter:card\" content=\"summary_large_image\" \/>\n<meta name=\"twitter:label1\" content=\"Escrit per\" \/>\n\t<meta name=\"twitter:data1\" content=\"Sergio Triguero\" \/>\n\t<meta name=\"twitter:label2\" content=\"Temps estimat de lectura\" \/>\n\t<meta name=\"twitter:data2\" content=\"2 minuts\" \/>\n<script type=\"application\/ld+json\" class=\"yoast-schema-graph\">{\"@context\":\"https:\/\/schema.org\",\"@graph\":[{\"@type\":\"Article\",\"@id\":\"https:\/\/artyplan.com\/ca\/blog\/enganxats-als-vinils\/#article\",\"isPartOf\":{\"@id\":\"https:\/\/artyplan.com\/ca\/blog\/enganxats-als-vinils\/\"},\"author\":{\"name\":\"Sergio Triguero\",\"@id\":\"https:\/\/artyplan.com\/ca\/#\/schema\/person\/0ef19accced432bc277b8d5248cd2cc0\"},\"headline\":\"Enganxats als vinils\",\"datePublished\":\"2019-11-10T22:00:00+00:00\",\"dateModified\":\"2025-09-07T14:07:25+00:00\",\"mainEntityOfPage\":{\"@id\":\"https:\/\/artyplan.com\/ca\/blog\/enganxats-als-vinils\/\"},\"wordCount\":374,\"publisher\":{\"@id\":\"https:\/\/artyplan.com\/ca\/#organization\"},\"image\":{\"@id\":\"https:\/\/artyplan.com\/ca\/blog\/enganxats-als-vinils\/#primaryimage\"},\"thumbnailUrl\":\"https:\/\/artyplan.com\/wp-content\/uploads\/2025\/09\/CotxeDarrerapost2-1.jpg\",\"articleSection\":[\"Sense-categoritzar\"],\"inLanguage\":\"ca\"},{\"@type\":\"WebPage\",\"@id\":\"https:\/\/artyplan.com\/ca\/blog\/enganxats-als-vinils\/\",\"url\":\"https:\/\/artyplan.com\/ca\/blog\/enganxats-als-vinils\/\",\"name\":\"Enganxats als vinils | Artyplan\",\"isPartOf\":{\"@id\":\"https:\/\/artyplan.com\/ca\/#website\"},\"primaryImageOfPage\":{\"@id\":\"https:\/\/artyplan.com\/ca\/blog\/enganxats-als-vinils\/#primaryimage\"},\"image\":{\"@id\":\"https:\/\/artyplan.com\/ca\/blog\/enganxats-als-vinils\/#primaryimage\"},\"thumbnailUrl\":\"https:\/\/artyplan.com\/wp-content\/uploads\/2025\/09\/CotxeDarrerapost2-1.jpg\",\"datePublished\":\"2019-11-10T22:00:00+00:00\",\"dateModified\":\"2025-09-07T14:07:25+00:00\",\"description\":\"La nostra experi\u00e8ncia en impressi\u00f3 ens ha fet descobrir tipologies de vinils, adaptades a tota mena de vidres, parets, sostres i terres.\",\"breadcrumb\":{\"@id\":\"https:\/\/artyplan.com\/ca\/blog\/enganxats-als-vinils\/#breadcrumb\"},\"inLanguage\":\"ca\",\"potentialAction\":[{\"@type\":\"ReadAction\",\"target\":[\"https:\/\/artyplan.com\/ca\/blog\/enganxats-als-vinils\/\"]}]},{\"@type\":\"ImageObject\",\"inLanguage\":\"ca\",\"@id\":\"https:\/\/artyplan.com\/ca\/blog\/enganxats-als-vinils\/#primaryimage\",\"url\":\"https:\/\/artyplan.com\/wp-content\/uploads\/2025\/09\/CotxeDarrerapost2-1.jpg\",\"contentUrl\":\"https:\/\/artyplan.com\/wp-content\/uploads\/2025\/09\/CotxeDarrerapost2-1.jpg\",\"width\":1920,\"height\":1920,\"caption\":\"rotulaci\u00f3n veh\u00edculo\"},{\"@type\":\"BreadcrumbList\",\"@id\":\"https:\/\/artyplan.com\/ca\/blog\/enganxats-als-vinils\/#breadcrumb\",\"itemListElement\":[{\"@type\":\"ListItem\",\"position\":1,\"name\":\"Artyplan\",\"item\":\"https:\/\/artyplan.com\/ca\/\"},{\"@type\":\"ListItem\",\"position\":2,\"name\":\"Enganxats als vinils\"}]},{\"@type\":\"WebSite\",\"@id\":\"https:\/\/artyplan.com\/ca\/#website\",\"url\":\"https:\/\/artyplan.com\/ca\/\",\"name\":\"Artyplan\",\"description\":\"\",\"publisher\":{\"@id\":\"https:\/\/artyplan.com\/ca\/#organization\"},\"potentialAction\":[{\"@type\":\"SearchAction\",\"target\":{\"@type\":\"EntryPoint\",\"urlTemplate\":\"https:\/\/artyplan.com\/ca\/?s={search_term_string}\"},\"query-input\":{\"@type\":\"PropertyValueSpecification\",\"valueRequired\":true,\"valueName\":\"search_term_string\"}}],\"inLanguage\":\"ca\"},{\"@type\":\"Organization\",\"@id\":\"https:\/\/artyplan.com\/ca\/#organization\",\"name\":\"Artyplan\",\"url\":\"https:\/\/artyplan.com\/ca\/\",\"logo\":{\"@type\":\"ImageObject\",\"inLanguage\":\"ca\",\"@id\":\"https:\/\/artyplan.com\/ca\/#\/schema\/logo\/image\/\",\"url\":\"https:\/\/artyplan.com\/wp-content\/uploads\/2025\/12\/Logo-artyplan-690x690-1.png\",\"contentUrl\":\"https:\/\/artyplan.com\/wp-content\/uploads\/2025\/12\/Logo-artyplan-690x690-1.png\",\"width\":690,\"height\":690,\"caption\":\"Artyplan\"},\"image\":{\"@id\":\"https:\/\/artyplan.com\/ca\/#\/schema\/logo\/image\/\"},\"sameAs\":[\"https:\/\/www.facebook.com\/artyplan\",\"https:\/\/www.instagram.com\/artyplan\/\",\"https:\/\/www.linkedin.com\/company\/artyplan\"],\"description\":\"Artyplan \u00e9s una empresa especialitzada en producci\u00f3 gr\u00e0fica i comunicaci\u00f3 visual amb 60 anys dexperi\u00e8ncia. Oferim solucions integrals d'impressi\u00f3 en gran format, PLV i retail, gesti\u00f3 d'esdeveniments i fires, disseny i fabricaci\u00f3 a mida, log\u00edstica i serveis d'instal\u00b7laci\u00f3 a tot el territori. Treballem per a marques, ag\u00e8ncies, espais comercials i institucions que necessiten un partner fiable per desenvolupar campanyes de m\u00e0rqueting, projectes de retail i accions de branding o m\u00e0rqueting. Combinem tecnologia avan\u00e7ada d\u00b4impressi\u00f3 digital, un equip expert i una gesti\u00f3 completa de projectes per garantir qualitat, agilitat i resultats a mida per a cada client. Disposem de plataformes B2B que faciliten als nostres clients la gesti\u00f3 de les comandes de materials impresos aix\u00ed com la log\u00edstica dels mateixos.\",\"email\":\"info@artyplan.com\",\"telephone\":\"+34 93 200 87 99\",\"legalName\":\"Artyplan S.L.\",\"vatID\":\"B61963229\",\"numberOfEmployees\":{\"@type\":\"QuantitativeValue\",\"minValue\":\"51\",\"maxValue\":\"200\"}},{\"@type\":\"Person\",\"@id\":\"https:\/\/artyplan.com\/ca\/#\/schema\/person\/0ef19accced432bc277b8d5248cd2cc0\",\"name\":\"Sergio Triguero\",\"image\":{\"@type\":\"ImageObject\",\"inLanguage\":\"ca\",\"@id\":\"https:\/\/artyplan.com\/ca\/#\/schema\/person\/image\/\",\"url\":\"https:\/\/secure.gravatar.com\/avatar\/c742a95811ffbc635a3d111ab446f278cce576575d14970fd5d56e17580c3f23?s=96&d=mm&r=g\",\"contentUrl\":\"https:\/\/secure.gravatar.com\/avatar\/c742a95811ffbc635a3d111ab446f278cce576575d14970fd5d56e17580c3f23?s=96&d=mm&r=g\",\"caption\":\"Sergio Triguero\"}}]}<\/script>\n<!-- \/ Yoast SEO Premium plugin. -->","yoast_head_json":{"title":"Enganxats als vinils | Artyplan","description":"La nostra experi\u00e8ncia en impressi\u00f3 ens ha fet descobrir tipologies de vinils, adaptades a tota mena de vidres, parets, sostres i terres.","robots":{"index":"index","follow":"follow","max-snippet":"max-snippet:-1","max-image-preview":"max-image-preview:large","max-video-preview":"max-video-preview:-1"},"canonical":"https:\/\/artyplan.com\/ca\/blog\/enganxats-als-vinils\/","og_locale":"ca_ES","og_type":"article","og_title":"Enganxats als vinils","og_description":"La nostra experi\u00e8ncia en impressi\u00f3 ens ha fet descobrir tipologies de vinils, adaptades a tota mena de vidres, parets, sostres i terres.","og_url":"https:\/\/artyplan.com\/ca\/blog\/enganxats-als-vinils\/","og_site_name":"Artyplan","article_publisher":"https:\/\/www.facebook.com\/artyplan","article_published_time":"2019-11-10T22:00:00+00:00","article_modified_time":"2025-09-07T14:07:25+00:00","og_image":[{"width":1920,"height":1920,"url":"https:\/\/artyplan.com\/wp-content\/uploads\/2025\/09\/CotxeDarrerapost2-1.jpg","type":"image\/jpeg"}],"author":"Sergio Triguero","twitter_card":"summary_large_image","twitter_misc":{"Escrit per":"Sergio Triguero","Temps estimat de lectura":"2 minuts"},"schema":{"@context":"https:\/\/schema.org","@graph":[{"@type":"Article","@id":"https:\/\/artyplan.com\/ca\/blog\/enganxats-als-vinils\/#article","isPartOf":{"@id":"https:\/\/artyplan.com\/ca\/blog\/enganxats-als-vinils\/"},"author":{"name":"Sergio Triguero","@id":"https:\/\/artyplan.com\/ca\/#\/schema\/person\/0ef19accced432bc277b8d5248cd2cc0"},"headline":"Enganxats als vinils","datePublished":"2019-11-10T22:00:00+00:00","dateModified":"2025-09-07T14:07:25+00:00","mainEntityOfPage":{"@id":"https:\/\/artyplan.com\/ca\/blog\/enganxats-als-vinils\/"},"wordCount":374,"publisher":{"@id":"https:\/\/artyplan.com\/ca\/#organization"},"image":{"@id":"https:\/\/artyplan.com\/ca\/blog\/enganxats-als-vinils\/#primaryimage"},"thumbnailUrl":"https:\/\/artyplan.com\/wp-content\/uploads\/2025\/09\/CotxeDarrerapost2-1.jpg","articleSection":["Sense-categoritzar"],"inLanguage":"ca"},{"@type":"WebPage","@id":"https:\/\/artyplan.com\/ca\/blog\/enganxats-als-vinils\/","url":"https:\/\/artyplan.com\/ca\/blog\/enganxats-als-vinils\/","name":"Enganxats als vinils | Artyplan","isPartOf":{"@id":"https:\/\/artyplan.com\/ca\/#website"},"primaryImageOfPage":{"@id":"https:\/\/artyplan.com\/ca\/blog\/enganxats-als-vinils\/#primaryimage"},"image":{"@id":"https:\/\/artyplan.com\/ca\/blog\/enganxats-als-vinils\/#primaryimage"},"thumbnailUrl":"https:\/\/artyplan.com\/wp-content\/uploads\/2025\/09\/CotxeDarrerapost2-1.jpg","datePublished":"2019-11-10T22:00:00+00:00","dateModified":"2025-09-07T14:07:25+00:00","description":"La nostra experi\u00e8ncia en impressi\u00f3 ens ha fet descobrir tipologies de vinils, adaptades a tota mena de vidres, parets, sostres i terres.","breadcrumb":{"@id":"https:\/\/artyplan.com\/ca\/blog\/enganxats-als-vinils\/#breadcrumb"},"inLanguage":"ca","potentialAction":[{"@type":"ReadAction","target":["https:\/\/artyplan.com\/ca\/blog\/enganxats-als-vinils\/"]}]},{"@type":"ImageObject","inLanguage":"ca","@id":"https:\/\/artyplan.com\/ca\/blog\/enganxats-als-vinils\/#primaryimage","url":"https:\/\/artyplan.com\/wp-content\/uploads\/2025\/09\/CotxeDarrerapost2-1.jpg","contentUrl":"https:\/\/artyplan.com\/wp-content\/uploads\/2025\/09\/CotxeDarrerapost2-1.jpg","width":1920,"height":1920,"caption":"rotulaci\u00f3n veh\u00edculo"},{"@type":"BreadcrumbList","@id":"https:\/\/artyplan.com\/ca\/blog\/enganxats-als-vinils\/#breadcrumb","itemListElement":[{"@type":"ListItem","position":1,"name":"Artyplan","item":"https:\/\/artyplan.com\/ca\/"},{"@type":"ListItem","position":2,"name":"Enganxats als vinils"}]},{"@type":"WebSite","@id":"https:\/\/artyplan.com\/ca\/#website","url":"https:\/\/artyplan.com\/ca\/","name":"Artyplan","description":"","publisher":{"@id":"https:\/\/artyplan.com\/ca\/#organization"},"potentialAction":[{"@type":"SearchAction","target":{"@type":"EntryPoint","urlTemplate":"https:\/\/artyplan.com\/ca\/?s={search_term_string}"},"query-input":{"@type":"PropertyValueSpecification","valueRequired":true,"valueName":"search_term_string"}}],"inLanguage":"ca"},{"@type":"Organization","@id":"https:\/\/artyplan.com\/ca\/#organization","name":"Artyplan","url":"https:\/\/artyplan.com\/ca\/","logo":{"@type":"ImageObject","inLanguage":"ca","@id":"https:\/\/artyplan.com\/ca\/#\/schema\/logo\/image\/","url":"https:\/\/artyplan.com\/wp-content\/uploads\/2025\/12\/Logo-artyplan-690x690-1.png","contentUrl":"https:\/\/artyplan.com\/wp-content\/uploads\/2025\/12\/Logo-artyplan-690x690-1.png","width":690,"height":690,"caption":"Artyplan"},"image":{"@id":"https:\/\/artyplan.com\/ca\/#\/schema\/logo\/image\/"},"sameAs":["https:\/\/www.facebook.com\/artyplan","https:\/\/www.instagram.com\/artyplan\/","https:\/\/www.linkedin.com\/company\/artyplan"],"description":"Artyplan \u00e9s una empresa especialitzada en producci\u00f3 gr\u00e0fica i comunicaci\u00f3 visual amb 60 anys dexperi\u00e8ncia. Oferim solucions integrals d'impressi\u00f3 en gran format, PLV i retail, gesti\u00f3 d'esdeveniments i fires, disseny i fabricaci\u00f3 a mida, log\u00edstica i serveis d'instal\u00b7laci\u00f3 a tot el territori. Treballem per a marques, ag\u00e8ncies, espais comercials i institucions que necessiten un partner fiable per desenvolupar campanyes de m\u00e0rqueting, projectes de retail i accions de branding o m\u00e0rqueting. Combinem tecnologia avan\u00e7ada d\u00b4impressi\u00f3 digital, un equip expert i una gesti\u00f3 completa de projectes per garantir qualitat, agilitat i resultats a mida per a cada client. Disposem de plataformes B2B que faciliten als nostres clients la gesti\u00f3 de les comandes de materials impresos aix\u00ed com la log\u00edstica dels mateixos.","email":"info@artyplan.com","telephone":"+34 93 200 87 99","legalName":"Artyplan S.L.","vatID":"B61963229","numberOfEmployees":{"@type":"QuantitativeValue","minValue":"51","maxValue":"200"}},{"@type":"Person","@id":"https:\/\/artyplan.com\/ca\/#\/schema\/person\/0ef19accced432bc277b8d5248cd2cc0","name":"Sergio Triguero","image":{"@type":"ImageObject","inLanguage":"ca","@id":"https:\/\/artyplan.com\/ca\/#\/schema\/person\/image\/","url":"https:\/\/secure.gravatar.com\/avatar\/c742a95811ffbc635a3d111ab446f278cce576575d14970fd5d56e17580c3f23?s=96&d=mm&r=g","contentUrl":"https:\/\/secure.gravatar.com\/avatar\/c742a95811ffbc635a3d111ab446f278cce576575d14970fd5d56e17580c3f23?s=96&d=mm&r=g","caption":"Sergio Triguero"}}]}},"_links":{"self":[{"href":"https:\/\/artyplan.com\/ca\/wp-json\/wp\/v2\/posts\/4923","targetHints":{"allow":["GET"]}}],"collection":[{"href":"https:\/\/artyplan.com\/ca\/wp-json\/wp\/v2\/posts"}],"about":[{"href":"https:\/\/artyplan.com\/ca\/wp-json\/wp\/v2\/types\/post"}],"author":[{"embeddable":true,"href":"https:\/\/artyplan.com\/ca\/wp-json\/wp\/v2\/users\/3"}],"replies":[{"embeddable":true,"href":"https:\/\/artyplan.com\/ca\/wp-json\/wp\/v2\/comments?post=4923"}],"version-history":[{"count":1,"href":"https:\/\/artyplan.com\/ca\/wp-json\/wp\/v2\/posts\/4923\/revisions"}],"predecessor-version":[{"id":4924,"href":"https:\/\/artyplan.com\/ca\/wp-json\/wp\/v2\/posts\/4923\/revisions\/4924"}],"wp:featuredmedia":[{"embeddable":true,"href":"https:\/\/artyplan.com\/ca\/wp-json\/wp\/v2\/media\/6892"}],"wp:attachment":[{"href":"https:\/\/artyplan.com\/ca\/wp-json\/wp\/v2\/media?parent=4923"}],"wp:term":[{"taxonomy":"category","embeddable":true,"href":"https:\/\/artyplan.com\/ca\/wp-json\/wp\/v2\/categories?post=4923"},{"taxonomy":"post_tag","embeddable":true,"href":"https:\/\/artyplan.com\/ca\/wp-json\/wp\/v2\/tags?post=4923"}],"curies":[{"name":"wp","href":"https:\/\/api.w.org\/{rel}","templated":true}]}}