{"id":4975,"date":"2020-06-17T00:00:00","date_gmt":"2020-06-16T22:00:00","guid":{"rendered":"https:\/\/preweb.artyplan.com\/sin-categorizar\/diferencia-entre-vinils-de-tall-i-vinils-impressos\/"},"modified":"2025-12-16T15:09:06","modified_gmt":"2025-12-16T13:09:06","slug":"diferencia-entre-vinils-de-tall-i-vinils-impressos","status":"publish","type":"post","link":"https:\/\/artyplan.com\/ca\/blog\/diferencia-entre-vinils-de-tall-i-vinils-impressos\/","title":{"rendered":"Difer\u00e8ncia entre vinils de tall i vinils impressos"},"content":{"rendered":"<p>Els diferents <strong>tipus de vinils<\/strong> proporcionen una \u00e0mplia gamma de solucions pels establiments comercials, espais industrials i per les llars en general. Coneixes els seus avantatges decoratius i publicitaris?<\/p>\n<p>En primer lloc, es col\u00b7loquen i retiren f\u00e0cilment, per la qual cosa s\u00f3n molt pr\u00e0ctics. A m\u00e9s a m\u00e9s, la impressi\u00f3 es pot personalitzar i la seva qualitat visual pot ser molt alta.<\/p>\n<h2>Tipus de vinils: apr\u00e8n a distingir-los<\/h2>\n<p>Existeixen vinils transparents, transl\u00facids i micro perforats, segons la seva relaci\u00f3 amb la llum.<\/p>\n<p>Tamb\u00e9 \u00e9s interessant diferenciar-los en funci\u00f3 de com es fixen a les superf\u00edcies escollides:<\/p>\n<p>&#8211; <strong>Autoadhesius<\/strong>. S\u00f3n els que tenen m\u00e9s resist\u00e8ncia en el temps i no es desenganxen.<\/p>\n<p>&#8211; <strong>Electroest\u00e0tics<\/strong>. Recomanats per l&#8217;exterior, es col\u00b7loquen amb aigua i sab\u00f3.<\/p>\n<p>&#8211; <strong>Imantats<\/strong>. Se situen sobre superf\u00edcies met\u00e0l\u00b7liques, pr\u00e0cticament a l&#8217;instant.<\/p>\n<h2>Vinil impr\u00e8s vs. vinil de tall<\/h2>\n<p>Aquesta \u00e9s la principal difer\u00e8ncia que has de con\u00e8ixer.\u00a0 Les seves caracter\u00edstiques i aplicacions s\u00f3n molt diferents. En realitat, una vegada les coneixes resulta m\u00e9s senzilla distingir-la. Per\u00f2 com que ning\u00fa neix ensenyat, us explicarem aquesta classificaci\u00f3 per a l&#8217;\u00fas i la <a href=\"http:\/\/artyplan.com\/ca\/productes-impressio\/serveis-dimpressio-de-gran-format\/vinils-impres\/\" target=\"_blank\" rel=\"noopener\">decoraci\u00f3 amb vinils<\/a>.<\/p>\n<p>&nbsp;<\/p>\n<h3><strong>Vinil de tall<\/strong><\/h3>\n<p>Es tracta d&#8217;un vinil <strong>unicolor<\/strong>, disponible en una \u00e0mplia varietat de tons. La clau est\u00e0 en el fet que <strong>es talla <\/strong>segons la forma escollida fins a crear dissenys definits.<\/p>\n<p>\u00c9s molt habitual el seu \u00fas per reproduir logotips, texts i figures senzilles. S\u00f3n, per exemple, els que es troben en els aparadors, anunciant rebaixes o promocions.<\/p>\n<p>Una vegada familiaritzats amb el seu \u00fas, \u00e9s possible crear <strong>dissenys atractius<\/strong>\u00a0amb <a href=\"http:\/\/artyplan.com\/ca\/productes-impressio\/serveis-dimpressio-de-gran-format\/vinils-de-tall\/\" target=\"_blank\" rel=\"noopener\">vinils de tall<\/a> combinats amb diferents colors. No obstant aix\u00f2, si busques un efecte fotogr\u00e0fic en la reproducci\u00f3 dels colors, els vinils impresos s\u00f3n la alternativa m\u00e9s gran.<\/p>\n<p>Amb tot, \u00e9s una <strong>alternativa d&#8217;impressi\u00f3 vers\u00e0til i econ\u00f2mica, <\/strong>\u00a0impactant, amb grans possibilitats expressives quan es t\u00e9 una experi\u00e8ncia en el seu \u00fas.<\/p>\n<p>\u00c9s l&#8217;opci\u00f3 m\u00e9s habitual, sobretot, en 3 casos:<\/p>\n<p>&#8211; Texts publicitaris o informatius en <strong>aparadors<\/strong>, sobretot per a ofertes, logos, horaris i altres informacions.<\/p>\n<p>&#8211; Retolaci\u00f3 de <strong>cotxes.<\/strong><\/p>\n<p>&#8211; <strong>Interiorisme <\/strong>i decoraci\u00f3 de parabrises, parets i altres superf\u00edcies.<\/p>\n<p>&nbsp;<\/p>\n<h3><strong>Vinil impr\u00e8s<\/strong><\/h3>\n<p>Es tracta\u00a0 d&#8217;un <strong>material adhesiu blanc<\/strong> sobre el qual es pot imprimir qualsevol disseny multicolor, unicolor o en blanc i negre.<\/p>\n<p>Permet, per aix\u00f2, una <strong>creativitat il\u00b7limitada<\/strong>. Vindria a ser, en cert mode, com una gran fulla en blanc en la que pots plasmar qualsevol motiu, detall, text o contingut.<\/p>\n<p>Si el necessites en un format gran, els professionals combinen diverses peces per formar la imatge completa.<\/p>\n<p>Tamb\u00e9 es poden laminar, per allargar la seva durabilitat en exteriors.<\/p>\n<p>Els vinils impresos s&#8217;apliquen, sobretot, en tres circumst\u00e0ncies:<\/p>\n<p>&#8211; Retolaci\u00f3 publicit\u00e0ria de <strong>vehicles grans<\/strong>, com els autobusos o les furgonetes de repartiment.<\/p>\n<p>&#8211; <strong>Anuncis publicitaris,<\/strong> tant en el lloc de venda com en altres suports.<\/p>\n<p>&#8211; <strong>Interiorisme <\/strong>personalitzat.<\/p>\n<p>Ara que coneixes els principals <strong>tipus de vinils<\/strong>, sens dubte ser\u00e0s capa\u00e7 d&#8217;aprofitar-los en la teva llar o en el teu negoci. Contacte amb el nostre equip de professionals per crear-los.<\/p>\n","protected":false},"excerpt":{"rendered":"<p>Els diferents tipus de vinils proporcionen una \u00e0mplia gamma de solucions pels establiments comercials, espais industrials i per les llars en general. Coneixes els seus avantatges decoratius i publicitaris? En primer lloc, es col\u00b7loquen i retiren f\u00e0cilment, per la qual cosa s\u00f3n molt pr\u00e0ctics. A m\u00e9s a m\u00e9s, la impressi\u00f3 es pot personalitzar i la [&hellip;]<\/p>\n","protected":false},"author":3,"featured_media":4976,"comment_status":"closed","ping_status":"closed","sticky":false,"template":"","format":"standard","meta":{"footnotes":""},"categories":[1],"tags":[],"class_list":["post-4975","post","type-post","status-publish","format-standard","has-post-thumbnail","hentry","category-sense-categoritzar"],"yoast_head":"<!-- This site is optimized with the Yoast SEO Premium plugin v26.5 (Yoast SEO v26.5) - https:\/\/yoast.com\/wordpress\/plugins\/seo\/ -->\n<title>Difer\u00e8ncia entre vinils de tall i vinils impressos - Artyplan<\/title>\n<meta name=\"description\" content=\"Descubre los vinils de tall i vinils impressos para la decoraci\u00f3 i publicitat en comer\u00e7os i llars. Efectius i personalitzables.\" \/>\n<meta name=\"robots\" content=\"index, follow, max-snippet:-1, max-image-preview:large, max-video-preview:-1\" \/>\n<link rel=\"canonical\" href=\"https:\/\/artyplan.com\/ca\/blog\/diferencia-entre-vinils-de-tall-i-vinils-impressos\/\" \/>\n<meta property=\"og:locale\" content=\"ca_ES\" \/>\n<meta property=\"og:type\" content=\"article\" \/>\n<meta property=\"og:title\" content=\"Difer\u00e8ncia entre vinils de tall i vinils impressos\" \/>\n<meta property=\"og:description\" content=\"Descubre los vinils de tall i vinils impressos para la decoraci\u00f3 i publicitat en comer\u00e7os i llars. Efectius i personalitzables.\" \/>\n<meta property=\"og:url\" content=\"https:\/\/artyplan.com\/ca\/blog\/diferencia-entre-vinils-de-tall-i-vinils-impressos\/\" \/>\n<meta property=\"og:site_name\" content=\"Artyplan\" \/>\n<meta property=\"article:publisher\" content=\"https:\/\/www.facebook.com\/artyplan\" \/>\n<meta property=\"article:published_time\" content=\"2020-06-16T22:00:00+00:00\" \/>\n<meta property=\"article:modified_time\" content=\"2025-12-16T13:09:06+00:00\" \/>\n<meta property=\"og:image\" content=\"https:\/\/artyplan.com\/wp-content\/uploads\/2025\/09\/tamany-blog-creuset.png\" \/>\n\t<meta property=\"og:image:width\" content=\"1920\" \/>\n\t<meta property=\"og:image:height\" content=\"600\" \/>\n\t<meta property=\"og:image:type\" content=\"image\/png\" \/>\n<meta name=\"author\" content=\"Sergio Triguero\" \/>\n<meta name=\"twitter:card\" content=\"summary_large_image\" \/>\n<meta name=\"twitter:label1\" content=\"Escrit per\" \/>\n\t<meta name=\"twitter:data1\" content=\"Sergio Triguero\" \/>\n\t<meta name=\"twitter:label2\" content=\"Temps estimat de lectura\" \/>\n\t<meta name=\"twitter:data2\" content=\"3 minuts\" \/>\n<script type=\"application\/ld+json\" class=\"yoast-schema-graph\">{\"@context\":\"https:\/\/schema.org\",\"@graph\":[{\"@type\":\"Article\",\"@id\":\"https:\/\/artyplan.com\/ca\/blog\/diferencia-entre-vinils-de-tall-i-vinils-impressos\/#article\",\"isPartOf\":{\"@id\":\"https:\/\/artyplan.com\/ca\/blog\/diferencia-entre-vinils-de-tall-i-vinils-impressos\/\"},\"author\":{\"name\":\"Sergio Triguero\",\"@id\":\"https:\/\/artyplan.com\/ca\/#\/schema\/person\/0ef19accced432bc277b8d5248cd2cc0\"},\"headline\":\"Difer\u00e8ncia entre vinils de tall i vinils impressos\",\"datePublished\":\"2020-06-16T22:00:00+00:00\",\"dateModified\":\"2025-12-16T13:09:06+00:00\",\"mainEntityOfPage\":{\"@id\":\"https:\/\/artyplan.com\/ca\/blog\/diferencia-entre-vinils-de-tall-i-vinils-impressos\/\"},\"wordCount\":551,\"publisher\":{\"@id\":\"https:\/\/artyplan.com\/ca\/#organization\"},\"image\":{\"@id\":\"https:\/\/artyplan.com\/ca\/blog\/diferencia-entre-vinils-de-tall-i-vinils-impressos\/#primaryimage\"},\"thumbnailUrl\":\"https:\/\/artyplan.com\/wp-content\/uploads\/2025\/09\/tamany-blog-creuset.png\",\"articleSection\":[\"Sense-categoritzar\"],\"inLanguage\":\"ca\"},{\"@type\":\"WebPage\",\"@id\":\"https:\/\/artyplan.com\/ca\/blog\/diferencia-entre-vinils-de-tall-i-vinils-impressos\/\",\"url\":\"https:\/\/artyplan.com\/ca\/blog\/diferencia-entre-vinils-de-tall-i-vinils-impressos\/\",\"name\":\"Difer\u00e8ncia entre vinils de tall i vinils impressos - Artyplan\",\"isPartOf\":{\"@id\":\"https:\/\/artyplan.com\/ca\/#website\"},\"primaryImageOfPage\":{\"@id\":\"https:\/\/artyplan.com\/ca\/blog\/diferencia-entre-vinils-de-tall-i-vinils-impressos\/#primaryimage\"},\"image\":{\"@id\":\"https:\/\/artyplan.com\/ca\/blog\/diferencia-entre-vinils-de-tall-i-vinils-impressos\/#primaryimage\"},\"thumbnailUrl\":\"https:\/\/artyplan.com\/wp-content\/uploads\/2025\/09\/tamany-blog-creuset.png\",\"datePublished\":\"2020-06-16T22:00:00+00:00\",\"dateModified\":\"2025-12-16T13:09:06+00:00\",\"description\":\"Descubre los vinils de tall i vinils impressos para la decoraci\u00f3 i publicitat en comer\u00e7os i llars. Efectius i personalitzables.\",\"breadcrumb\":{\"@id\":\"https:\/\/artyplan.com\/ca\/blog\/diferencia-entre-vinils-de-tall-i-vinils-impressos\/#breadcrumb\"},\"inLanguage\":\"ca\",\"potentialAction\":[{\"@type\":\"ReadAction\",\"target\":[\"https:\/\/artyplan.com\/ca\/blog\/diferencia-entre-vinils-de-tall-i-vinils-impressos\/\"]}]},{\"@type\":\"ImageObject\",\"inLanguage\":\"ca\",\"@id\":\"https:\/\/artyplan.com\/ca\/blog\/diferencia-entre-vinils-de-tall-i-vinils-impressos\/#primaryimage\",\"url\":\"https:\/\/artyplan.com\/wp-content\/uploads\/2025\/09\/tamany-blog-creuset.png\",\"contentUrl\":\"https:\/\/artyplan.com\/wp-content\/uploads\/2025\/09\/tamany-blog-creuset.png\",\"width\":1920,\"height\":600,\"caption\":\"vinil impres i de tall|vinils de tall i vinils impresos|vinil impres i de tall\"},{\"@type\":\"BreadcrumbList\",\"@id\":\"https:\/\/artyplan.com\/ca\/blog\/diferencia-entre-vinils-de-tall-i-vinils-impressos\/#breadcrumb\",\"itemListElement\":[{\"@type\":\"ListItem\",\"position\":1,\"name\":\"Artyplan\",\"item\":\"https:\/\/artyplan.com\/ca\/\"},{\"@type\":\"ListItem\",\"position\":2,\"name\":\"Difer\u00e8ncia entre vinils de tall i vinils impressos\"}]},{\"@type\":\"WebSite\",\"@id\":\"https:\/\/artyplan.com\/ca\/#website\",\"url\":\"https:\/\/artyplan.com\/ca\/\",\"name\":\"Artyplan\",\"description\":\"\",\"publisher\":{\"@id\":\"https:\/\/artyplan.com\/ca\/#organization\"},\"potentialAction\":[{\"@type\":\"SearchAction\",\"target\":{\"@type\":\"EntryPoint\",\"urlTemplate\":\"https:\/\/artyplan.com\/ca\/?s={search_term_string}\"},\"query-input\":{\"@type\":\"PropertyValueSpecification\",\"valueRequired\":true,\"valueName\":\"search_term_string\"}}],\"inLanguage\":\"ca\"},{\"@type\":\"Organization\",\"@id\":\"https:\/\/artyplan.com\/ca\/#organization\",\"name\":\"Artyplan\",\"url\":\"https:\/\/artyplan.com\/ca\/\",\"logo\":{\"@type\":\"ImageObject\",\"inLanguage\":\"ca\",\"@id\":\"https:\/\/artyplan.com\/ca\/#\/schema\/logo\/image\/\",\"url\":\"https:\/\/artyplan.com\/wp-content\/uploads\/2025\/12\/Logo-artyplan-690x690-1.png\",\"contentUrl\":\"https:\/\/artyplan.com\/wp-content\/uploads\/2025\/12\/Logo-artyplan-690x690-1.png\",\"width\":690,\"height\":690,\"caption\":\"Artyplan\"},\"image\":{\"@id\":\"https:\/\/artyplan.com\/ca\/#\/schema\/logo\/image\/\"},\"sameAs\":[\"https:\/\/www.facebook.com\/artyplan\",\"https:\/\/www.instagram.com\/artyplan\/\",\"https:\/\/www.linkedin.com\/company\/artyplan\"],\"description\":\"Artyplan \u00e9s una empresa especialitzada en producci\u00f3 gr\u00e0fica i comunicaci\u00f3 visual amb 60 anys dexperi\u00e8ncia. Oferim solucions integrals d'impressi\u00f3 en gran format, PLV i retail, gesti\u00f3 d'esdeveniments i fires, disseny i fabricaci\u00f3 a mida, log\u00edstica i serveis d'instal\u00b7laci\u00f3 a tot el territori. Treballem per a marques, ag\u00e8ncies, espais comercials i institucions que necessiten un partner fiable per desenvolupar campanyes de m\u00e0rqueting, projectes de retail i accions de branding o m\u00e0rqueting. Combinem tecnologia avan\u00e7ada d\u00b4impressi\u00f3 digital, un equip expert i una gesti\u00f3 completa de projectes per garantir qualitat, agilitat i resultats a mida per a cada client. Disposem de plataformes B2B que faciliten als nostres clients la gesti\u00f3 de les comandes de materials impresos aix\u00ed com la log\u00edstica dels mateixos.\",\"email\":\"info@artyplan.com\",\"telephone\":\"+34 93 200 87 99\",\"legalName\":\"Artyplan S.L.\",\"vatID\":\"B61963229\",\"numberOfEmployees\":{\"@type\":\"QuantitativeValue\",\"minValue\":\"51\",\"maxValue\":\"200\"}},{\"@type\":\"Person\",\"@id\":\"https:\/\/artyplan.com\/ca\/#\/schema\/person\/0ef19accced432bc277b8d5248cd2cc0\",\"name\":\"Sergio Triguero\",\"image\":{\"@type\":\"ImageObject\",\"inLanguage\":\"ca\",\"@id\":\"https:\/\/artyplan.com\/ca\/#\/schema\/person\/image\/\",\"url\":\"https:\/\/secure.gravatar.com\/avatar\/c742a95811ffbc635a3d111ab446f278cce576575d14970fd5d56e17580c3f23?s=96&d=mm&r=g\",\"contentUrl\":\"https:\/\/secure.gravatar.com\/avatar\/c742a95811ffbc635a3d111ab446f278cce576575d14970fd5d56e17580c3f23?s=96&d=mm&r=g\",\"caption\":\"Sergio Triguero\"}}]}<\/script>\n<!-- \/ Yoast SEO Premium plugin. -->","yoast_head_json":{"title":"Difer\u00e8ncia entre vinils de tall i vinils impressos - Artyplan","description":"Descubre los vinils de tall i vinils impressos para la decoraci\u00f3 i publicitat en comer\u00e7os i llars. Efectius i personalitzables.","robots":{"index":"index","follow":"follow","max-snippet":"max-snippet:-1","max-image-preview":"max-image-preview:large","max-video-preview":"max-video-preview:-1"},"canonical":"https:\/\/artyplan.com\/ca\/blog\/diferencia-entre-vinils-de-tall-i-vinils-impressos\/","og_locale":"ca_ES","og_type":"article","og_title":"Difer\u00e8ncia entre vinils de tall i vinils impressos","og_description":"Descubre los vinils de tall i vinils impressos para la decoraci\u00f3 i publicitat en comer\u00e7os i llars. Efectius i personalitzables.","og_url":"https:\/\/artyplan.com\/ca\/blog\/diferencia-entre-vinils-de-tall-i-vinils-impressos\/","og_site_name":"Artyplan","article_publisher":"https:\/\/www.facebook.com\/artyplan","article_published_time":"2020-06-16T22:00:00+00:00","article_modified_time":"2025-12-16T13:09:06+00:00","og_image":[{"width":1920,"height":600,"url":"https:\/\/artyplan.com\/wp-content\/uploads\/2025\/09\/tamany-blog-creuset.png","type":"image\/png"}],"author":"Sergio Triguero","twitter_card":"summary_large_image","twitter_misc":{"Escrit per":"Sergio Triguero","Temps estimat de lectura":"3 minuts"},"schema":{"@context":"https:\/\/schema.org","@graph":[{"@type":"Article","@id":"https:\/\/artyplan.com\/ca\/blog\/diferencia-entre-vinils-de-tall-i-vinils-impressos\/#article","isPartOf":{"@id":"https:\/\/artyplan.com\/ca\/blog\/diferencia-entre-vinils-de-tall-i-vinils-impressos\/"},"author":{"name":"Sergio Triguero","@id":"https:\/\/artyplan.com\/ca\/#\/schema\/person\/0ef19accced432bc277b8d5248cd2cc0"},"headline":"Difer\u00e8ncia entre vinils de tall i vinils impressos","datePublished":"2020-06-16T22:00:00+00:00","dateModified":"2025-12-16T13:09:06+00:00","mainEntityOfPage":{"@id":"https:\/\/artyplan.com\/ca\/blog\/diferencia-entre-vinils-de-tall-i-vinils-impressos\/"},"wordCount":551,"publisher":{"@id":"https:\/\/artyplan.com\/ca\/#organization"},"image":{"@id":"https:\/\/artyplan.com\/ca\/blog\/diferencia-entre-vinils-de-tall-i-vinils-impressos\/#primaryimage"},"thumbnailUrl":"https:\/\/artyplan.com\/wp-content\/uploads\/2025\/09\/tamany-blog-creuset.png","articleSection":["Sense-categoritzar"],"inLanguage":"ca"},{"@type":"WebPage","@id":"https:\/\/artyplan.com\/ca\/blog\/diferencia-entre-vinils-de-tall-i-vinils-impressos\/","url":"https:\/\/artyplan.com\/ca\/blog\/diferencia-entre-vinils-de-tall-i-vinils-impressos\/","name":"Difer\u00e8ncia entre vinils de tall i vinils impressos - Artyplan","isPartOf":{"@id":"https:\/\/artyplan.com\/ca\/#website"},"primaryImageOfPage":{"@id":"https:\/\/artyplan.com\/ca\/blog\/diferencia-entre-vinils-de-tall-i-vinils-impressos\/#primaryimage"},"image":{"@id":"https:\/\/artyplan.com\/ca\/blog\/diferencia-entre-vinils-de-tall-i-vinils-impressos\/#primaryimage"},"thumbnailUrl":"https:\/\/artyplan.com\/wp-content\/uploads\/2025\/09\/tamany-blog-creuset.png","datePublished":"2020-06-16T22:00:00+00:00","dateModified":"2025-12-16T13:09:06+00:00","description":"Descubre los vinils de tall i vinils impressos para la decoraci\u00f3 i publicitat en comer\u00e7os i llars. Efectius i personalitzables.","breadcrumb":{"@id":"https:\/\/artyplan.com\/ca\/blog\/diferencia-entre-vinils-de-tall-i-vinils-impressos\/#breadcrumb"},"inLanguage":"ca","potentialAction":[{"@type":"ReadAction","target":["https:\/\/artyplan.com\/ca\/blog\/diferencia-entre-vinils-de-tall-i-vinils-impressos\/"]}]},{"@type":"ImageObject","inLanguage":"ca","@id":"https:\/\/artyplan.com\/ca\/blog\/diferencia-entre-vinils-de-tall-i-vinils-impressos\/#primaryimage","url":"https:\/\/artyplan.com\/wp-content\/uploads\/2025\/09\/tamany-blog-creuset.png","contentUrl":"https:\/\/artyplan.com\/wp-content\/uploads\/2025\/09\/tamany-blog-creuset.png","width":1920,"height":600,"caption":"vinil impres i de tall|vinils de tall i vinils impresos|vinil impres i de tall"},{"@type":"BreadcrumbList","@id":"https:\/\/artyplan.com\/ca\/blog\/diferencia-entre-vinils-de-tall-i-vinils-impressos\/#breadcrumb","itemListElement":[{"@type":"ListItem","position":1,"name":"Artyplan","item":"https:\/\/artyplan.com\/ca\/"},{"@type":"ListItem","position":2,"name":"Difer\u00e8ncia entre vinils de tall i vinils impressos"}]},{"@type":"WebSite","@id":"https:\/\/artyplan.com\/ca\/#website","url":"https:\/\/artyplan.com\/ca\/","name":"Artyplan","description":"","publisher":{"@id":"https:\/\/artyplan.com\/ca\/#organization"},"potentialAction":[{"@type":"SearchAction","target":{"@type":"EntryPoint","urlTemplate":"https:\/\/artyplan.com\/ca\/?s={search_term_string}"},"query-input":{"@type":"PropertyValueSpecification","valueRequired":true,"valueName":"search_term_string"}}],"inLanguage":"ca"},{"@type":"Organization","@id":"https:\/\/artyplan.com\/ca\/#organization","name":"Artyplan","url":"https:\/\/artyplan.com\/ca\/","logo":{"@type":"ImageObject","inLanguage":"ca","@id":"https:\/\/artyplan.com\/ca\/#\/schema\/logo\/image\/","url":"https:\/\/artyplan.com\/wp-content\/uploads\/2025\/12\/Logo-artyplan-690x690-1.png","contentUrl":"https:\/\/artyplan.com\/wp-content\/uploads\/2025\/12\/Logo-artyplan-690x690-1.png","width":690,"height":690,"caption":"Artyplan"},"image":{"@id":"https:\/\/artyplan.com\/ca\/#\/schema\/logo\/image\/"},"sameAs":["https:\/\/www.facebook.com\/artyplan","https:\/\/www.instagram.com\/artyplan\/","https:\/\/www.linkedin.com\/company\/artyplan"],"description":"Artyplan \u00e9s una empresa especialitzada en producci\u00f3 gr\u00e0fica i comunicaci\u00f3 visual amb 60 anys dexperi\u00e8ncia. Oferim solucions integrals d'impressi\u00f3 en gran format, PLV i retail, gesti\u00f3 d'esdeveniments i fires, disseny i fabricaci\u00f3 a mida, log\u00edstica i serveis d'instal\u00b7laci\u00f3 a tot el territori. Treballem per a marques, ag\u00e8ncies, espais comercials i institucions que necessiten un partner fiable per desenvolupar campanyes de m\u00e0rqueting, projectes de retail i accions de branding o m\u00e0rqueting. Combinem tecnologia avan\u00e7ada d\u00b4impressi\u00f3 digital, un equip expert i una gesti\u00f3 completa de projectes per garantir qualitat, agilitat i resultats a mida per a cada client. Disposem de plataformes B2B que faciliten als nostres clients la gesti\u00f3 de les comandes de materials impresos aix\u00ed com la log\u00edstica dels mateixos.","email":"info@artyplan.com","telephone":"+34 93 200 87 99","legalName":"Artyplan S.L.","vatID":"B61963229","numberOfEmployees":{"@type":"QuantitativeValue","minValue":"51","maxValue":"200"}},{"@type":"Person","@id":"https:\/\/artyplan.com\/ca\/#\/schema\/person\/0ef19accced432bc277b8d5248cd2cc0","name":"Sergio Triguero","image":{"@type":"ImageObject","inLanguage":"ca","@id":"https:\/\/artyplan.com\/ca\/#\/schema\/person\/image\/","url":"https:\/\/secure.gravatar.com\/avatar\/c742a95811ffbc635a3d111ab446f278cce576575d14970fd5d56e17580c3f23?s=96&d=mm&r=g","contentUrl":"https:\/\/secure.gravatar.com\/avatar\/c742a95811ffbc635a3d111ab446f278cce576575d14970fd5d56e17580c3f23?s=96&d=mm&r=g","caption":"Sergio Triguero"}}]}},"_links":{"self":[{"href":"https:\/\/artyplan.com\/ca\/wp-json\/wp\/v2\/posts\/4975","targetHints":{"allow":["GET"]}}],"collection":[{"href":"https:\/\/artyplan.com\/ca\/wp-json\/wp\/v2\/posts"}],"about":[{"href":"https:\/\/artyplan.com\/ca\/wp-json\/wp\/v2\/types\/post"}],"author":[{"embeddable":true,"href":"https:\/\/artyplan.com\/ca\/wp-json\/wp\/v2\/users\/3"}],"replies":[{"embeddable":true,"href":"https:\/\/artyplan.com\/ca\/wp-json\/wp\/v2\/comments?post=4975"}],"version-history":[{"count":1,"href":"https:\/\/artyplan.com\/ca\/wp-json\/wp\/v2\/posts\/4975\/revisions"}],"predecessor-version":[{"id":6179,"href":"https:\/\/artyplan.com\/ca\/wp-json\/wp\/v2\/posts\/4975\/revisions\/6179"}],"wp:featuredmedia":[{"embeddable":true,"href":"https:\/\/artyplan.com\/ca\/wp-json\/wp\/v2\/media\/4976"}],"wp:attachment":[{"href":"https:\/\/artyplan.com\/ca\/wp-json\/wp\/v2\/media?parent=4975"}],"wp:term":[{"taxonomy":"category","embeddable":true,"href":"https:\/\/artyplan.com\/ca\/wp-json\/wp\/v2\/categories?post=4975"},{"taxonomy":"post_tag","embeddable":true,"href":"https:\/\/artyplan.com\/ca\/wp-json\/wp\/v2\/tags?post=4975"}],"curies":[{"name":"wp","href":"https:\/\/api.w.org\/{rel}","templated":true}]}}