{"id":5027,"date":"2020-10-13T00:00:00","date_gmt":"2020-10-12T22:00:00","guid":{"rendered":"https:\/\/preweb.artyplan.com\/sin-categorizar\/claus-per-a-muntar-bon-photocall\/"},"modified":"2025-09-07T16:08:23","modified_gmt":"2025-09-07T14:08:23","slug":"claus-per-a-muntar-bon-photocall","status":"publish","type":"post","link":"https:\/\/artyplan.com\/ca\/blog\/claus-per-a-muntar-bon-photocall\/","title":{"rendered":"Claus per a muntar un bon photocall"},"content":{"rendered":"<p>Qu\u00e8 \u00e9s un\u00a0<em>photocall<\/em>? Com s&#8217;ha de muntar perqu\u00e8 atregui els convidats d&#8217;un esdeveniment? Vegem les<strong> claus per a muntar un bon photocall<\/strong>.<\/p>\n<h2>Com escollir el\u00a0<em>photocall?<\/em><\/h2>\n<p>Des de fa diversos anys, es pot trobar un\u00a0<em>photocall<\/em> en cada esdeveniment. Serveix, b\u00e0sicament, perqu\u00e8 els convidats a un acte puguin realitzar-se fotografies amb accessoris o ambients decoratius divertits. A continuaci\u00f3 us detallem alguns factors claus a tenir en compte:<\/p>\n<h3>On situar-lo?<\/h3>\n<p>El\u00a0<em>photocall<\/em>\u00a0o pop-up (estructura met\u00e0l\u00b7lica i gr\u00e0fica)\u00a0es\u00a0situa a <strong>l&#8217;entrada de l&#8217;esdeveniment<\/strong>, assegurant una total visibilitat. Aquest, tamb\u00e9 es pot instal\u00b7lar a l&#8217;aire lliure; si decideixes col\u00b7locar-lo en una platja, tingues\u00a0en compte la marea.<\/p>\n<h3>Escull els accessoris que siguin apropiats i realistes<\/h3>\n<p>Fixa&#8217;t en el perfil dels teus convidats. Procura triar accessoris que puguin identificar-se amb ells i que els causin diversi\u00f3. Hi ha, milers <strong>d&#8217;escenaris visuals<\/strong> amb els quals tots podem relacionar-nos, aix\u00ed que explora totes les possibilitats per a tenir la idea correcta.<\/p>\n<p>Idees? Hi ha molt\u00edssimes! Poden ser diferents tem\u00e0tiques, ja siguin pel\u00b7l\u00edcules, moviments hist\u00f2rics, s\u00e8ries de televisi\u00f3, etc. Per\u00f2 recorda, que sempre ha d&#8217;haver-hi concordan\u00e7a amb l&#8217;esdeveniment.<\/p>\n<h3>Visibilitat de les teves xarxes socials!<\/h3>\n<p>Si ets l&#8217;empresa que organitza l&#8217;esdeveniment, especifica en la gr\u00e0fica impresa la <strong>direcci\u00f3 de la teva p\u00e0gina web<\/strong> o el teu usuari a les xarxes socials perqu\u00e8 els assistents puguin etiquetar l&#8217;esdeveniment i l&#8217;organitzador en les seves xarxes i aix\u00ed crear <em>engagement<\/em> de marca. A m\u00e9s a m\u00e9s, servir\u00e0 com a <strong>banc d&#8217;imatges<\/strong> de l&#8217;esdeveniment on tothom podr\u00e0 consultar m\u00e9s endavant les fotografies realitzades.<\/p>\n<h3>Tingues en compte les mides del\u00a0<em>photocall<\/em><\/h3>\n<p>Una cosa molt important \u00e9s saber quines seran les <strong>dimensions de la grand\u00e0ria del cartell utilitzat<\/strong>. Per escollir la mida d&#8217;aquest has de tenir en compte l&#8217;espai de qu\u00e8 disposes per col\u00b7locar-lo. Les mides est\u00e0ndard s\u00f3n: 3&#215;3, 4&#215;3 i 5&#215;3 metres.<\/p>\n<h3>Tria el millor fons per al\u00a0<em>photocall<\/em><\/h3>\n<p>Si utilitzar\u00e0s un cartell, et recomanem triar la paret o fons de darrere, amb concordan\u00e7a a la imatge de l&#8217;acte, i que aquest s&#8217;adeq\u00fci a les mides dels <a href=\"http:\/\/artyplan.com\/ca\/productes-impressio\/packaging\/packaging-promocional\/pop-ups\/\" target=\"_blank\" rel=\"noopener\"><strong>pop\u00a0ups\u00a0o murs d&#8217;imatge<\/strong><\/a>.<\/p>\n<p>No fa falta ser un expert ni empresari del sector per a saber<strong> fer un bon\u00a0<em>photocall<\/em><\/strong>. Per\u00f2 amb ajuda professional pots donar un toc incre\u00efble al teu pr\u00f2xim acte. I una cosa no menys rellevant: assegura&#8217;t que els assistents s\u00e0piguen qu\u00e8 hi ha un <em>photocall<\/em>\u00a0i, per descomptat, que seran fotografiats.<\/p>\n<p>En conclusi\u00f3, crea una experi\u00e8ncia divertida pels teus assistents i posa a la disposici\u00f3 de tots aquesta magn\u00edfica eina coneixent b\u00e9 les claus per a muntar un photocall.<\/p>\n","protected":false},"excerpt":{"rendered":"<p>Qu\u00e8 \u00e9s un\u00a0photocall? Com s&#8217;ha de muntar perqu\u00e8 atregui els convidats d&#8217;un esdeveniment? Vegem les claus per a muntar un bon photocall. Com escollir el\u00a0photocall? Des de fa diversos anys, es pot trobar un\u00a0photocall en cada esdeveniment. Serveix, b\u00e0sicament, perqu\u00e8 els convidats a un acte puguin realitzar-se fotografies amb accessoris o ambients decoratius divertits. A [&hellip;]<\/p>\n","protected":false},"author":3,"featured_media":5028,"comment_status":"closed","ping_status":"closed","sticky":false,"template":"","format":"standard","meta":{"footnotes":""},"categories":[1],"tags":[],"class_list":["post-5027","post","type-post","status-publish","format-standard","has-post-thumbnail","hentry","category-sense-categoritzar"],"yoast_head":"<!-- This site is optimized with the Yoast SEO Premium plugin v26.5 (Yoast SEO v26.5) - https:\/\/yoast.com\/wordpress\/plugins\/seo\/ -->\n<title>Les claus imprescenidibles per a muntar un bon photocall | Artyplan<\/title>\n<meta name=\"description\" content=\"Quines claus s\u00f3n imprescindibles per un photocall? Apr\u00e8n a utilitzar correctament aquesta eina i sorpr\u00e8n als assistents de l&#039;esdeveniment.\" \/>\n<meta name=\"robots\" content=\"index, follow, max-snippet:-1, max-image-preview:large, max-video-preview:-1\" \/>\n<link rel=\"canonical\" href=\"https:\/\/artyplan.com\/ca\/blog\/claus-per-a-muntar-bon-photocall\/\" \/>\n<meta property=\"og:locale\" content=\"ca_ES\" \/>\n<meta property=\"og:type\" content=\"article\" \/>\n<meta property=\"og:title\" content=\"Claus per a muntar un bon photocall\" \/>\n<meta property=\"og:description\" content=\"Quines claus s\u00f3n imprescindibles per un photocall? Apr\u00e8n a utilitzar correctament aquesta eina i sorpr\u00e8n als assistents de l&#039;esdeveniment.\" \/>\n<meta property=\"og:url\" content=\"https:\/\/artyplan.com\/ca\/blog\/claus-per-a-muntar-bon-photocall\/\" \/>\n<meta property=\"og:site_name\" content=\"Artyplan\" \/>\n<meta property=\"article:publisher\" content=\"https:\/\/www.facebook.com\/artyplan\" \/>\n<meta property=\"article:published_time\" content=\"2020-10-12T22:00:00+00:00\" \/>\n<meta property=\"article:modified_time\" content=\"2025-09-07T14:08:23+00:00\" \/>\n<meta property=\"og:image\" content=\"https:\/\/artyplan.com\/wp-content\/uploads\/2025\/09\/pop-up-evento.jpg\" \/>\n\t<meta property=\"og:image:width\" content=\"500\" \/>\n\t<meta property=\"og:image:height\" content=\"500\" \/>\n\t<meta property=\"og:image:type\" content=\"image\/jpeg\" \/>\n<meta name=\"author\" content=\"Sergio Triguero\" \/>\n<meta name=\"twitter:card\" content=\"summary_large_image\" \/>\n<meta name=\"twitter:label1\" content=\"Escrit per\" \/>\n\t<meta name=\"twitter:data1\" content=\"Sergio Triguero\" \/>\n\t<meta name=\"twitter:label2\" content=\"Temps estimat de lectura\" \/>\n\t<meta name=\"twitter:data2\" content=\"2 minuts\" \/>\n<script type=\"application\/ld+json\" class=\"yoast-schema-graph\">{\"@context\":\"https:\/\/schema.org\",\"@graph\":[{\"@type\":\"Article\",\"@id\":\"https:\/\/artyplan.com\/ca\/blog\/claus-per-a-muntar-bon-photocall\/#article\",\"isPartOf\":{\"@id\":\"https:\/\/artyplan.com\/ca\/blog\/claus-per-a-muntar-bon-photocall\/\"},\"author\":{\"name\":\"Sergio Triguero\",\"@id\":\"https:\/\/artyplan.com\/ca\/#\/schema\/person\/0ef19accced432bc277b8d5248cd2cc0\"},\"headline\":\"Claus per a muntar un bon photocall\",\"datePublished\":\"2020-10-12T22:00:00+00:00\",\"dateModified\":\"2025-09-07T14:08:23+00:00\",\"mainEntityOfPage\":{\"@id\":\"https:\/\/artyplan.com\/ca\/blog\/claus-per-a-muntar-bon-photocall\/\"},\"wordCount\":480,\"publisher\":{\"@id\":\"https:\/\/artyplan.com\/ca\/#organization\"},\"image\":{\"@id\":\"https:\/\/artyplan.com\/ca\/blog\/claus-per-a-muntar-bon-photocall\/#primaryimage\"},\"thumbnailUrl\":\"https:\/\/artyplan.com\/wp-content\/uploads\/2025\/09\/pop-up-evento.jpg\",\"articleSection\":[\"Sense-categoritzar\"],\"inLanguage\":\"ca\"},{\"@type\":\"WebPage\",\"@id\":\"https:\/\/artyplan.com\/ca\/blog\/claus-per-a-muntar-bon-photocall\/\",\"url\":\"https:\/\/artyplan.com\/ca\/blog\/claus-per-a-muntar-bon-photocall\/\",\"name\":\"Les claus imprescenidibles per a muntar un bon photocall | Artyplan\",\"isPartOf\":{\"@id\":\"https:\/\/artyplan.com\/ca\/#website\"},\"primaryImageOfPage\":{\"@id\":\"https:\/\/artyplan.com\/ca\/blog\/claus-per-a-muntar-bon-photocall\/#primaryimage\"},\"image\":{\"@id\":\"https:\/\/artyplan.com\/ca\/blog\/claus-per-a-muntar-bon-photocall\/#primaryimage\"},\"thumbnailUrl\":\"https:\/\/artyplan.com\/wp-content\/uploads\/2025\/09\/pop-up-evento.jpg\",\"datePublished\":\"2020-10-12T22:00:00+00:00\",\"dateModified\":\"2025-09-07T14:08:23+00:00\",\"description\":\"Quines claus s\u00f3n imprescindibles per un photocall? Apr\u00e8n a utilitzar correctament aquesta eina i sorpr\u00e8n als assistents de l'esdeveniment.\",\"breadcrumb\":{\"@id\":\"https:\/\/artyplan.com\/ca\/blog\/claus-per-a-muntar-bon-photocall\/#breadcrumb\"},\"inLanguage\":\"ca\",\"potentialAction\":[{\"@type\":\"ReadAction\",\"target\":[\"https:\/\/artyplan.com\/ca\/blog\/claus-per-a-muntar-bon-photocall\/\"]}]},{\"@type\":\"ImageObject\",\"inLanguage\":\"ca\",\"@id\":\"https:\/\/artyplan.com\/ca\/blog\/claus-per-a-muntar-bon-photocall\/#primaryimage\",\"url\":\"https:\/\/artyplan.com\/wp-content\/uploads\/2025\/09\/pop-up-evento.jpg\",\"contentUrl\":\"https:\/\/artyplan.com\/wp-content\/uploads\/2025\/09\/pop-up-evento.jpg\",\"width\":500,\"height\":500,\"caption\":\"|claus-muntar-photocall|\"},{\"@type\":\"BreadcrumbList\",\"@id\":\"https:\/\/artyplan.com\/ca\/blog\/claus-per-a-muntar-bon-photocall\/#breadcrumb\",\"itemListElement\":[{\"@type\":\"ListItem\",\"position\":1,\"name\":\"Artyplan\",\"item\":\"https:\/\/artyplan.com\/ca\/\"},{\"@type\":\"ListItem\",\"position\":2,\"name\":\"Claus per a muntar un bon photocall\"}]},{\"@type\":\"WebSite\",\"@id\":\"https:\/\/artyplan.com\/ca\/#website\",\"url\":\"https:\/\/artyplan.com\/ca\/\",\"name\":\"Artyplan\",\"description\":\"\",\"publisher\":{\"@id\":\"https:\/\/artyplan.com\/ca\/#organization\"},\"potentialAction\":[{\"@type\":\"SearchAction\",\"target\":{\"@type\":\"EntryPoint\",\"urlTemplate\":\"https:\/\/artyplan.com\/ca\/?s={search_term_string}\"},\"query-input\":{\"@type\":\"PropertyValueSpecification\",\"valueRequired\":true,\"valueName\":\"search_term_string\"}}],\"inLanguage\":\"ca\"},{\"@type\":\"Organization\",\"@id\":\"https:\/\/artyplan.com\/ca\/#organization\",\"name\":\"Artyplan\",\"url\":\"https:\/\/artyplan.com\/ca\/\",\"logo\":{\"@type\":\"ImageObject\",\"inLanguage\":\"ca\",\"@id\":\"https:\/\/artyplan.com\/ca\/#\/schema\/logo\/image\/\",\"url\":\"https:\/\/artyplan.com\/wp-content\/uploads\/2025\/12\/Logo-artyplan-690x690-1.png\",\"contentUrl\":\"https:\/\/artyplan.com\/wp-content\/uploads\/2025\/12\/Logo-artyplan-690x690-1.png\",\"width\":690,\"height\":690,\"caption\":\"Artyplan\"},\"image\":{\"@id\":\"https:\/\/artyplan.com\/ca\/#\/schema\/logo\/image\/\"},\"sameAs\":[\"https:\/\/www.facebook.com\/artyplan\",\"https:\/\/www.instagram.com\/artyplan\/\",\"https:\/\/www.linkedin.com\/company\/artyplan\"],\"description\":\"Artyplan \u00e9s una empresa especialitzada en producci\u00f3 gr\u00e0fica i comunicaci\u00f3 visual amb 60 anys dexperi\u00e8ncia. Oferim solucions integrals d'impressi\u00f3 en gran format, PLV i retail, gesti\u00f3 d'esdeveniments i fires, disseny i fabricaci\u00f3 a mida, log\u00edstica i serveis d'instal\u00b7laci\u00f3 a tot el territori. Treballem per a marques, ag\u00e8ncies, espais comercials i institucions que necessiten un partner fiable per desenvolupar campanyes de m\u00e0rqueting, projectes de retail i accions de branding o m\u00e0rqueting. Combinem tecnologia avan\u00e7ada d\u00b4impressi\u00f3 digital, un equip expert i una gesti\u00f3 completa de projectes per garantir qualitat, agilitat i resultats a mida per a cada client. Disposem de plataformes B2B que faciliten als nostres clients la gesti\u00f3 de les comandes de materials impresos aix\u00ed com la log\u00edstica dels mateixos.\",\"email\":\"info@artyplan.com\",\"telephone\":\"+34 93 200 87 99\",\"legalName\":\"Artyplan S.L.\",\"vatID\":\"B61963229\",\"numberOfEmployees\":{\"@type\":\"QuantitativeValue\",\"minValue\":\"51\",\"maxValue\":\"200\"}},{\"@type\":\"Person\",\"@id\":\"https:\/\/artyplan.com\/ca\/#\/schema\/person\/0ef19accced432bc277b8d5248cd2cc0\",\"name\":\"Sergio Triguero\",\"image\":{\"@type\":\"ImageObject\",\"inLanguage\":\"ca\",\"@id\":\"https:\/\/artyplan.com\/ca\/#\/schema\/person\/image\/\",\"url\":\"https:\/\/secure.gravatar.com\/avatar\/c742a95811ffbc635a3d111ab446f278cce576575d14970fd5d56e17580c3f23?s=96&d=mm&r=g\",\"contentUrl\":\"https:\/\/secure.gravatar.com\/avatar\/c742a95811ffbc635a3d111ab446f278cce576575d14970fd5d56e17580c3f23?s=96&d=mm&r=g\",\"caption\":\"Sergio Triguero\"}}]}<\/script>\n<!-- \/ Yoast SEO Premium plugin. -->","yoast_head_json":{"title":"Les claus imprescenidibles per a muntar un bon photocall | Artyplan","description":"Quines claus s\u00f3n imprescindibles per un photocall? Apr\u00e8n a utilitzar correctament aquesta eina i sorpr\u00e8n als assistents de l'esdeveniment.","robots":{"index":"index","follow":"follow","max-snippet":"max-snippet:-1","max-image-preview":"max-image-preview:large","max-video-preview":"max-video-preview:-1"},"canonical":"https:\/\/artyplan.com\/ca\/blog\/claus-per-a-muntar-bon-photocall\/","og_locale":"ca_ES","og_type":"article","og_title":"Claus per a muntar un bon photocall","og_description":"Quines claus s\u00f3n imprescindibles per un photocall? Apr\u00e8n a utilitzar correctament aquesta eina i sorpr\u00e8n als assistents de l'esdeveniment.","og_url":"https:\/\/artyplan.com\/ca\/blog\/claus-per-a-muntar-bon-photocall\/","og_site_name":"Artyplan","article_publisher":"https:\/\/www.facebook.com\/artyplan","article_published_time":"2020-10-12T22:00:00+00:00","article_modified_time":"2025-09-07T14:08:23+00:00","og_image":[{"width":500,"height":500,"url":"https:\/\/artyplan.com\/wp-content\/uploads\/2025\/09\/pop-up-evento.jpg","type":"image\/jpeg"}],"author":"Sergio Triguero","twitter_card":"summary_large_image","twitter_misc":{"Escrit per":"Sergio Triguero","Temps estimat de lectura":"2 minuts"},"schema":{"@context":"https:\/\/schema.org","@graph":[{"@type":"Article","@id":"https:\/\/artyplan.com\/ca\/blog\/claus-per-a-muntar-bon-photocall\/#article","isPartOf":{"@id":"https:\/\/artyplan.com\/ca\/blog\/claus-per-a-muntar-bon-photocall\/"},"author":{"name":"Sergio Triguero","@id":"https:\/\/artyplan.com\/ca\/#\/schema\/person\/0ef19accced432bc277b8d5248cd2cc0"},"headline":"Claus per a muntar un bon photocall","datePublished":"2020-10-12T22:00:00+00:00","dateModified":"2025-09-07T14:08:23+00:00","mainEntityOfPage":{"@id":"https:\/\/artyplan.com\/ca\/blog\/claus-per-a-muntar-bon-photocall\/"},"wordCount":480,"publisher":{"@id":"https:\/\/artyplan.com\/ca\/#organization"},"image":{"@id":"https:\/\/artyplan.com\/ca\/blog\/claus-per-a-muntar-bon-photocall\/#primaryimage"},"thumbnailUrl":"https:\/\/artyplan.com\/wp-content\/uploads\/2025\/09\/pop-up-evento.jpg","articleSection":["Sense-categoritzar"],"inLanguage":"ca"},{"@type":"WebPage","@id":"https:\/\/artyplan.com\/ca\/blog\/claus-per-a-muntar-bon-photocall\/","url":"https:\/\/artyplan.com\/ca\/blog\/claus-per-a-muntar-bon-photocall\/","name":"Les claus imprescenidibles per a muntar un bon photocall | Artyplan","isPartOf":{"@id":"https:\/\/artyplan.com\/ca\/#website"},"primaryImageOfPage":{"@id":"https:\/\/artyplan.com\/ca\/blog\/claus-per-a-muntar-bon-photocall\/#primaryimage"},"image":{"@id":"https:\/\/artyplan.com\/ca\/blog\/claus-per-a-muntar-bon-photocall\/#primaryimage"},"thumbnailUrl":"https:\/\/artyplan.com\/wp-content\/uploads\/2025\/09\/pop-up-evento.jpg","datePublished":"2020-10-12T22:00:00+00:00","dateModified":"2025-09-07T14:08:23+00:00","description":"Quines claus s\u00f3n imprescindibles per un photocall? Apr\u00e8n a utilitzar correctament aquesta eina i sorpr\u00e8n als assistents de l'esdeveniment.","breadcrumb":{"@id":"https:\/\/artyplan.com\/ca\/blog\/claus-per-a-muntar-bon-photocall\/#breadcrumb"},"inLanguage":"ca","potentialAction":[{"@type":"ReadAction","target":["https:\/\/artyplan.com\/ca\/blog\/claus-per-a-muntar-bon-photocall\/"]}]},{"@type":"ImageObject","inLanguage":"ca","@id":"https:\/\/artyplan.com\/ca\/blog\/claus-per-a-muntar-bon-photocall\/#primaryimage","url":"https:\/\/artyplan.com\/wp-content\/uploads\/2025\/09\/pop-up-evento.jpg","contentUrl":"https:\/\/artyplan.com\/wp-content\/uploads\/2025\/09\/pop-up-evento.jpg","width":500,"height":500,"caption":"|claus-muntar-photocall|"},{"@type":"BreadcrumbList","@id":"https:\/\/artyplan.com\/ca\/blog\/claus-per-a-muntar-bon-photocall\/#breadcrumb","itemListElement":[{"@type":"ListItem","position":1,"name":"Artyplan","item":"https:\/\/artyplan.com\/ca\/"},{"@type":"ListItem","position":2,"name":"Claus per a muntar un bon photocall"}]},{"@type":"WebSite","@id":"https:\/\/artyplan.com\/ca\/#website","url":"https:\/\/artyplan.com\/ca\/","name":"Artyplan","description":"","publisher":{"@id":"https:\/\/artyplan.com\/ca\/#organization"},"potentialAction":[{"@type":"SearchAction","target":{"@type":"EntryPoint","urlTemplate":"https:\/\/artyplan.com\/ca\/?s={search_term_string}"},"query-input":{"@type":"PropertyValueSpecification","valueRequired":true,"valueName":"search_term_string"}}],"inLanguage":"ca"},{"@type":"Organization","@id":"https:\/\/artyplan.com\/ca\/#organization","name":"Artyplan","url":"https:\/\/artyplan.com\/ca\/","logo":{"@type":"ImageObject","inLanguage":"ca","@id":"https:\/\/artyplan.com\/ca\/#\/schema\/logo\/image\/","url":"https:\/\/artyplan.com\/wp-content\/uploads\/2025\/12\/Logo-artyplan-690x690-1.png","contentUrl":"https:\/\/artyplan.com\/wp-content\/uploads\/2025\/12\/Logo-artyplan-690x690-1.png","width":690,"height":690,"caption":"Artyplan"},"image":{"@id":"https:\/\/artyplan.com\/ca\/#\/schema\/logo\/image\/"},"sameAs":["https:\/\/www.facebook.com\/artyplan","https:\/\/www.instagram.com\/artyplan\/","https:\/\/www.linkedin.com\/company\/artyplan"],"description":"Artyplan \u00e9s una empresa especialitzada en producci\u00f3 gr\u00e0fica i comunicaci\u00f3 visual amb 60 anys dexperi\u00e8ncia. Oferim solucions integrals d'impressi\u00f3 en gran format, PLV i retail, gesti\u00f3 d'esdeveniments i fires, disseny i fabricaci\u00f3 a mida, log\u00edstica i serveis d'instal\u00b7laci\u00f3 a tot el territori. Treballem per a marques, ag\u00e8ncies, espais comercials i institucions que necessiten un partner fiable per desenvolupar campanyes de m\u00e0rqueting, projectes de retail i accions de branding o m\u00e0rqueting. Combinem tecnologia avan\u00e7ada d\u00b4impressi\u00f3 digital, un equip expert i una gesti\u00f3 completa de projectes per garantir qualitat, agilitat i resultats a mida per a cada client. Disposem de plataformes B2B que faciliten als nostres clients la gesti\u00f3 de les comandes de materials impresos aix\u00ed com la log\u00edstica dels mateixos.","email":"info@artyplan.com","telephone":"+34 93 200 87 99","legalName":"Artyplan S.L.","vatID":"B61963229","numberOfEmployees":{"@type":"QuantitativeValue","minValue":"51","maxValue":"200"}},{"@type":"Person","@id":"https:\/\/artyplan.com\/ca\/#\/schema\/person\/0ef19accced432bc277b8d5248cd2cc0","name":"Sergio Triguero","image":{"@type":"ImageObject","inLanguage":"ca","@id":"https:\/\/artyplan.com\/ca\/#\/schema\/person\/image\/","url":"https:\/\/secure.gravatar.com\/avatar\/c742a95811ffbc635a3d111ab446f278cce576575d14970fd5d56e17580c3f23?s=96&d=mm&r=g","contentUrl":"https:\/\/secure.gravatar.com\/avatar\/c742a95811ffbc635a3d111ab446f278cce576575d14970fd5d56e17580c3f23?s=96&d=mm&r=g","caption":"Sergio Triguero"}}]}},"_links":{"self":[{"href":"https:\/\/artyplan.com\/ca\/wp-json\/wp\/v2\/posts\/5027","targetHints":{"allow":["GET"]}}],"collection":[{"href":"https:\/\/artyplan.com\/ca\/wp-json\/wp\/v2\/posts"}],"about":[{"href":"https:\/\/artyplan.com\/ca\/wp-json\/wp\/v2\/types\/post"}],"author":[{"embeddable":true,"href":"https:\/\/artyplan.com\/ca\/wp-json\/wp\/v2\/users\/3"}],"replies":[{"embeddable":true,"href":"https:\/\/artyplan.com\/ca\/wp-json\/wp\/v2\/comments?post=5027"}],"version-history":[{"count":1,"href":"https:\/\/artyplan.com\/ca\/wp-json\/wp\/v2\/posts\/5027\/revisions"}],"predecessor-version":[{"id":6213,"href":"https:\/\/artyplan.com\/ca\/wp-json\/wp\/v2\/posts\/5027\/revisions\/6213"}],"wp:featuredmedia":[{"embeddable":true,"href":"https:\/\/artyplan.com\/ca\/wp-json\/wp\/v2\/media\/5028"}],"wp:attachment":[{"href":"https:\/\/artyplan.com\/ca\/wp-json\/wp\/v2\/media?parent=5027"}],"wp:term":[{"taxonomy":"category","embeddable":true,"href":"https:\/\/artyplan.com\/ca\/wp-json\/wp\/v2\/categories?post=5027"},{"taxonomy":"post_tag","embeddable":true,"href":"https:\/\/artyplan.com\/ca\/wp-json\/wp\/v2\/tags?post=5027"}],"curies":[{"name":"wp","href":"https:\/\/api.w.org\/{rel}","templated":true}]}}