{"id":5037,"date":"2020-11-02T00:00:00","date_gmt":"2020-11-01T22:00:00","guid":{"rendered":"https:\/\/preweb.artyplan.com\/sin-categorizar\/per-que-actualitzar-catalegs-comercials\/"},"modified":"2025-09-07T16:08:32","modified_gmt":"2025-09-07T14:08:32","slug":"per-que-actualitzar-catalegs-comercials","status":"publish","type":"post","link":"https:\/\/artyplan.com\/ca\/blog\/per-que-actualitzar-catalegs-comercials\/","title":{"rendered":"Per qu\u00e8 actualitzar els cat\u00e0legs comercials?"},"content":{"rendered":"<p>Els <strong><a href=\"http:\/\/artyplan.com\/ca\/productes-impressio\/serveis-dimpressio-de-petit-format\/impressio-comercial\/catalegs\/\" target=\"_blank\" rel=\"noopener\">cat\u00e0legs comercials<\/a><\/strong> fa molts anys que realitzen la mateixa funci\u00f3. Per aix\u00f2, el dubte m\u00e9s repetit \u00e9s: han de modernitzar-se? La resposta \u00e9s clarament afirmativa. En aquest article, t&#8217;explicarem els avantatges d&#8217;actualitzar un cat\u00e0leg comercial i posar-lo acord als temps en els quals vivim.<\/p>\n<h2>La import\u00e0ncia d&#8217;actualitzar-se en la impressi\u00f3 de cat\u00e0legs<\/h2>\n<p>En el m\u00f3n en el qual vivim estar a l&#8217;\u00faltima \u00e9s una de les coses m\u00e9s importants en el sector del m\u00e0rqueting i la publicitat. Per aix\u00f2, volem explicar-te la import\u00e0ncia d&#8217;actualitzar la <strong>impressi\u00f3 dels teus cat\u00e0legs<\/strong>.<\/p>\n<p>\u00c9s molt important con\u00e8ixer el p\u00fablic al qual va dirigit la teva empresa. Aix\u00ed, es podr\u00e0 crear uns cat\u00e0legs comercials molt millors i que generin uns majors beneficis. No obstant aix\u00f2, a m\u00e9s de l&#8217;anteriorment comentat, tamb\u00e9 s&#8217;ha de tenir en compte els seg\u00fcents conceptes:<\/p>\n<p><strong>&#8211; Ser millor que la compet\u00e8ncia.<\/strong> Analitzar a la teva compet\u00e8ncia \u00e9s vital en qualsevol estrat\u00e8gia. Per aix\u00f2, tingues en compte que si els teus cat\u00e0legs impresos estan millor que les companyies de la compet\u00e8ncia arribar\u00e0s a molts m\u00e9s clients potencials.<\/p>\n<p><strong>&#8211; Generar confian\u00e7a.<\/strong> Com m\u00e9s actualitzats estiguin els teus cat\u00e0legs, m\u00e9s confiaran els teus clients en tu. Per qu\u00e8? Perqu\u00e8 s\u2019adonaran que t&#8217;importen i que mantens la qualitat en tots els aspectes de la teva empresa.<\/p>\n<p><strong>&#8211; Anar acord als temps.<\/strong> \u00c9s fonamental estar al corrent de les \u00faltimes tend\u00e8ncies en impressi\u00f3 per a poder actualitzar els teus cat\u00e0legs. Si el teu p\u00fablic veu que et quedes molt enrere, al final, se n&#8217;aniran a una altra empresa que s\u00ed que estigui actualitzada.<\/p>\n<p><strong>&#8211; Els preus en temps real.<\/strong> Si algun preu del teu cat\u00e0leg canvia, o vols actualitzar la llista de productes, no el deixis passar. Mantenir actualitzat el teu cat\u00e0leg en aquest sentit et portar\u00e0 molts problemes o decepcions amb futurs clients que, potser, volen comprar alguna cosa que ja no tens o amb un preu diferent.<\/p>\n<p><strong>&#8211; Pensa en el planeta.<\/strong> Si vols arribar a un p\u00fablic m\u00e9s jove, has de pensar en uns certs aspectes que avui dia s\u00f3n molt importants. Optar per papers reciclats donar\u00e0 una imatge de la teva empresa molt bona. \u00c9s important que el teu p\u00fablic objectiu vegi que el medi ambient t&#8217;importa. Pensa-ho a l&#8217;hora de crear els teus cat\u00e0legs, ja que millorar\u00e0 la teva imatge de marca.<\/p>\n<h3>Uneix-te al futur dels cat\u00e0legs comercials<\/h3>\n<p>Com pots veure, tenir els <strong>cat\u00e0legs comercials<\/strong> de la teva empresa actualitzats pot generar-te m\u00e9s clients i, per tant, m\u00e9s beneficis. El millor \u00e9s que confi\u00efs en professionals del sector, ja que a m\u00e9s que aconseguir\u00e0s un treball de qualitat, t&#8217;aconsellaran amb les \u00faltimes tend\u00e8ncies del m\u00f3n de la impressi\u00f3.<\/p>\n<p>&nbsp;<\/p>\n","protected":false},"excerpt":{"rendered":"<p>Els cat\u00e0legs comercials fa molts anys que realitzen la mateixa funci\u00f3. Per aix\u00f2, el dubte m\u00e9s repetit \u00e9s: han de modernitzar-se? La resposta \u00e9s clarament afirmativa. En aquest article, t&#8217;explicarem els avantatges d&#8217;actualitzar un cat\u00e0leg comercial i posar-lo acord als temps en els quals vivim. La import\u00e0ncia d&#8217;actualitzar-se en la impressi\u00f3 de cat\u00e0legs En el [&hellip;]<\/p>\n","protected":false},"author":3,"featured_media":5036,"comment_status":"closed","ping_status":"closed","sticky":false,"template":"","format":"standard","meta":{"footnotes":""},"categories":[1],"tags":[],"class_list":["post-5037","post","type-post","status-publish","format-standard","has-post-thumbnail","hentry","category-sense-categoritzar"],"yoast_head":"<!-- This site is optimized with the Yoast SEO Premium plugin v26.5 (Yoast SEO v26.5) - https:\/\/yoast.com\/wordpress\/plugins\/seo\/ -->\n<title>Per qu\u00e8 actualitzar els cat\u00e0legs comercials? | Artyplan<\/title>\n<meta name=\"description\" content=\"Coneix els principals motius de per qu\u00e8 actualitzar els cat\u00e0legs comercials es tant important. Descobreix-ho ara mateix!\" \/>\n<meta name=\"robots\" content=\"index, follow, max-snippet:-1, max-image-preview:large, max-video-preview:-1\" \/>\n<link rel=\"canonical\" href=\"https:\/\/artyplan.com\/ca\/blog\/per-que-actualitzar-catalegs-comercials\/\" \/>\n<meta property=\"og:locale\" content=\"ca_ES\" \/>\n<meta property=\"og:type\" content=\"article\" \/>\n<meta property=\"og:title\" content=\"Per qu\u00e8 actualitzar els cat\u00e0legs comercials?\" \/>\n<meta property=\"og:description\" content=\"Coneix els principals motius de per qu\u00e8 actualitzar els cat\u00e0legs comercials es tant important. Descobreix-ho ara mateix!\" \/>\n<meta property=\"og:url\" content=\"https:\/\/artyplan.com\/ca\/blog\/per-que-actualitzar-catalegs-comercials\/\" \/>\n<meta property=\"og:site_name\" content=\"Artyplan\" \/>\n<meta property=\"article:publisher\" content=\"https:\/\/www.facebook.com\/artyplan\" \/>\n<meta property=\"article:published_time\" content=\"2020-11-01T22:00:00+00:00\" \/>\n<meta property=\"article:modified_time\" content=\"2025-09-07T14:08:32+00:00\" \/>\n<meta property=\"og:image\" content=\"https:\/\/artyplan.com\/wp-content\/uploads\/2025\/09\/catalogos-comerciales-1.jpg\" \/>\n\t<meta property=\"og:image:width\" content=\"1500\" \/>\n\t<meta property=\"og:image:height\" content=\"1004\" \/>\n\t<meta property=\"og:image:type\" content=\"image\/jpeg\" \/>\n<meta name=\"author\" content=\"Sergio Triguero\" \/>\n<meta name=\"twitter:card\" content=\"summary_large_image\" \/>\n<meta name=\"twitter:label1\" content=\"Escrit per\" \/>\n\t<meta name=\"twitter:data1\" content=\"Sergio Triguero\" \/>\n\t<meta name=\"twitter:label2\" content=\"Temps estimat de lectura\" \/>\n\t<meta name=\"twitter:data2\" content=\"2 minuts\" \/>\n<script type=\"application\/ld+json\" class=\"yoast-schema-graph\">{\"@context\":\"https:\/\/schema.org\",\"@graph\":[{\"@type\":\"Article\",\"@id\":\"https:\/\/artyplan.com\/ca\/blog\/per-que-actualitzar-catalegs-comercials\/#article\",\"isPartOf\":{\"@id\":\"https:\/\/artyplan.com\/ca\/blog\/per-que-actualitzar-catalegs-comercials\/\"},\"author\":{\"name\":\"Sergio Triguero\",\"@id\":\"https:\/\/artyplan.com\/ca\/#\/schema\/person\/0ef19accced432bc277b8d5248cd2cc0\"},\"headline\":\"Per qu\u00e8 actualitzar els cat\u00e0legs comercials?\",\"datePublished\":\"2020-11-01T22:00:00+00:00\",\"dateModified\":\"2025-09-07T14:08:32+00:00\",\"mainEntityOfPage\":{\"@id\":\"https:\/\/artyplan.com\/ca\/blog\/per-que-actualitzar-catalegs-comercials\/\"},\"wordCount\":504,\"publisher\":{\"@id\":\"https:\/\/artyplan.com\/ca\/#organization\"},\"image\":{\"@id\":\"https:\/\/artyplan.com\/ca\/blog\/per-que-actualitzar-catalegs-comercials\/#primaryimage\"},\"thumbnailUrl\":\"https:\/\/artyplan.com\/wp-content\/uploads\/2025\/09\/catalogos-comerciales-1.jpg\",\"articleSection\":[\"Sense-categoritzar\"],\"inLanguage\":\"ca\"},{\"@type\":\"WebPage\",\"@id\":\"https:\/\/artyplan.com\/ca\/blog\/per-que-actualitzar-catalegs-comercials\/\",\"url\":\"https:\/\/artyplan.com\/ca\/blog\/per-que-actualitzar-catalegs-comercials\/\",\"name\":\"Per qu\u00e8 actualitzar els cat\u00e0legs comercials? | Artyplan\",\"isPartOf\":{\"@id\":\"https:\/\/artyplan.com\/ca\/#website\"},\"primaryImageOfPage\":{\"@id\":\"https:\/\/artyplan.com\/ca\/blog\/per-que-actualitzar-catalegs-comercials\/#primaryimage\"},\"image\":{\"@id\":\"https:\/\/artyplan.com\/ca\/blog\/per-que-actualitzar-catalegs-comercials\/#primaryimage\"},\"thumbnailUrl\":\"https:\/\/artyplan.com\/wp-content\/uploads\/2025\/09\/catalogos-comerciales-1.jpg\",\"datePublished\":\"2020-11-01T22:00:00+00:00\",\"dateModified\":\"2025-09-07T14:08:32+00:00\",\"description\":\"Coneix els principals motius de per qu\u00e8 actualitzar els cat\u00e0legs comercials es tant important. Descobreix-ho ara mateix!\",\"breadcrumb\":{\"@id\":\"https:\/\/artyplan.com\/ca\/blog\/per-que-actualitzar-catalegs-comercials\/#breadcrumb\"},\"inLanguage\":\"ca\",\"potentialAction\":[{\"@type\":\"ReadAction\",\"target\":[\"https:\/\/artyplan.com\/ca\/blog\/per-que-actualitzar-catalegs-comercials\/\"]}]},{\"@type\":\"ImageObject\",\"inLanguage\":\"ca\",\"@id\":\"https:\/\/artyplan.com\/ca\/blog\/per-que-actualitzar-catalegs-comercials\/#primaryimage\",\"url\":\"https:\/\/artyplan.com\/wp-content\/uploads\/2025\/09\/catalogos-comerciales-1.jpg\",\"contentUrl\":\"https:\/\/artyplan.com\/wp-content\/uploads\/2025\/09\/catalogos-comerciales-1.jpg\",\"width\":1500,\"height\":1004,\"caption\":\"cat\u00e1logos de producto de relojes\"},{\"@type\":\"BreadcrumbList\",\"@id\":\"https:\/\/artyplan.com\/ca\/blog\/per-que-actualitzar-catalegs-comercials\/#breadcrumb\",\"itemListElement\":[{\"@type\":\"ListItem\",\"position\":1,\"name\":\"Artyplan\",\"item\":\"https:\/\/artyplan.com\/ca\/\"},{\"@type\":\"ListItem\",\"position\":2,\"name\":\"Per qu\u00e8 actualitzar els cat\u00e0legs comercials?\"}]},{\"@type\":\"WebSite\",\"@id\":\"https:\/\/artyplan.com\/ca\/#website\",\"url\":\"https:\/\/artyplan.com\/ca\/\",\"name\":\"Artyplan\",\"description\":\"\",\"publisher\":{\"@id\":\"https:\/\/artyplan.com\/ca\/#organization\"},\"potentialAction\":[{\"@type\":\"SearchAction\",\"target\":{\"@type\":\"EntryPoint\",\"urlTemplate\":\"https:\/\/artyplan.com\/ca\/?s={search_term_string}\"},\"query-input\":{\"@type\":\"PropertyValueSpecification\",\"valueRequired\":true,\"valueName\":\"search_term_string\"}}],\"inLanguage\":\"ca\"},{\"@type\":\"Organization\",\"@id\":\"https:\/\/artyplan.com\/ca\/#organization\",\"name\":\"Artyplan\",\"url\":\"https:\/\/artyplan.com\/ca\/\",\"logo\":{\"@type\":\"ImageObject\",\"inLanguage\":\"ca\",\"@id\":\"https:\/\/artyplan.com\/ca\/#\/schema\/logo\/image\/\",\"url\":\"https:\/\/artyplan.com\/wp-content\/uploads\/2025\/12\/Logo-artyplan-690x690-1.png\",\"contentUrl\":\"https:\/\/artyplan.com\/wp-content\/uploads\/2025\/12\/Logo-artyplan-690x690-1.png\",\"width\":690,\"height\":690,\"caption\":\"Artyplan\"},\"image\":{\"@id\":\"https:\/\/artyplan.com\/ca\/#\/schema\/logo\/image\/\"},\"sameAs\":[\"https:\/\/www.facebook.com\/artyplan\",\"https:\/\/www.instagram.com\/artyplan\/\",\"https:\/\/www.linkedin.com\/company\/artyplan\"],\"description\":\"Artyplan \u00e9s una empresa especialitzada en producci\u00f3 gr\u00e0fica i comunicaci\u00f3 visual amb 60 anys dexperi\u00e8ncia. Oferim solucions integrals d'impressi\u00f3 en gran format, PLV i retail, gesti\u00f3 d'esdeveniments i fires, disseny i fabricaci\u00f3 a mida, log\u00edstica i serveis d'instal\u00b7laci\u00f3 a tot el territori. Treballem per a marques, ag\u00e8ncies, espais comercials i institucions que necessiten un partner fiable per desenvolupar campanyes de m\u00e0rqueting, projectes de retail i accions de branding o m\u00e0rqueting. Combinem tecnologia avan\u00e7ada d\u00b4impressi\u00f3 digital, un equip expert i una gesti\u00f3 completa de projectes per garantir qualitat, agilitat i resultats a mida per a cada client. Disposem de plataformes B2B que faciliten als nostres clients la gesti\u00f3 de les comandes de materials impresos aix\u00ed com la log\u00edstica dels mateixos.\",\"email\":\"info@artyplan.com\",\"telephone\":\"+34 93 200 87 99\",\"legalName\":\"Artyplan S.L.\",\"vatID\":\"B61963229\",\"numberOfEmployees\":{\"@type\":\"QuantitativeValue\",\"minValue\":\"51\",\"maxValue\":\"200\"}},{\"@type\":\"Person\",\"@id\":\"https:\/\/artyplan.com\/ca\/#\/schema\/person\/0ef19accced432bc277b8d5248cd2cc0\",\"name\":\"Sergio Triguero\",\"image\":{\"@type\":\"ImageObject\",\"inLanguage\":\"ca\",\"@id\":\"https:\/\/artyplan.com\/ca\/#\/schema\/person\/image\/\",\"url\":\"https:\/\/secure.gravatar.com\/avatar\/c742a95811ffbc635a3d111ab446f278cce576575d14970fd5d56e17580c3f23?s=96&d=mm&r=g\",\"contentUrl\":\"https:\/\/secure.gravatar.com\/avatar\/c742a95811ffbc635a3d111ab446f278cce576575d14970fd5d56e17580c3f23?s=96&d=mm&r=g\",\"caption\":\"Sergio Triguero\"}}]}<\/script>\n<!-- \/ Yoast SEO Premium plugin. -->","yoast_head_json":{"title":"Per qu\u00e8 actualitzar els cat\u00e0legs comercials? | Artyplan","description":"Coneix els principals motius de per qu\u00e8 actualitzar els cat\u00e0legs comercials es tant important. Descobreix-ho ara mateix!","robots":{"index":"index","follow":"follow","max-snippet":"max-snippet:-1","max-image-preview":"max-image-preview:large","max-video-preview":"max-video-preview:-1"},"canonical":"https:\/\/artyplan.com\/ca\/blog\/per-que-actualitzar-catalegs-comercials\/","og_locale":"ca_ES","og_type":"article","og_title":"Per qu\u00e8 actualitzar els cat\u00e0legs comercials?","og_description":"Coneix els principals motius de per qu\u00e8 actualitzar els cat\u00e0legs comercials es tant important. Descobreix-ho ara mateix!","og_url":"https:\/\/artyplan.com\/ca\/blog\/per-que-actualitzar-catalegs-comercials\/","og_site_name":"Artyplan","article_publisher":"https:\/\/www.facebook.com\/artyplan","article_published_time":"2020-11-01T22:00:00+00:00","article_modified_time":"2025-09-07T14:08:32+00:00","og_image":[{"width":1500,"height":1004,"url":"https:\/\/artyplan.com\/wp-content\/uploads\/2025\/09\/catalogos-comerciales-1.jpg","type":"image\/jpeg"}],"author":"Sergio Triguero","twitter_card":"summary_large_image","twitter_misc":{"Escrit per":"Sergio Triguero","Temps estimat de lectura":"2 minuts"},"schema":{"@context":"https:\/\/schema.org","@graph":[{"@type":"Article","@id":"https:\/\/artyplan.com\/ca\/blog\/per-que-actualitzar-catalegs-comercials\/#article","isPartOf":{"@id":"https:\/\/artyplan.com\/ca\/blog\/per-que-actualitzar-catalegs-comercials\/"},"author":{"name":"Sergio Triguero","@id":"https:\/\/artyplan.com\/ca\/#\/schema\/person\/0ef19accced432bc277b8d5248cd2cc0"},"headline":"Per qu\u00e8 actualitzar els cat\u00e0legs comercials?","datePublished":"2020-11-01T22:00:00+00:00","dateModified":"2025-09-07T14:08:32+00:00","mainEntityOfPage":{"@id":"https:\/\/artyplan.com\/ca\/blog\/per-que-actualitzar-catalegs-comercials\/"},"wordCount":504,"publisher":{"@id":"https:\/\/artyplan.com\/ca\/#organization"},"image":{"@id":"https:\/\/artyplan.com\/ca\/blog\/per-que-actualitzar-catalegs-comercials\/#primaryimage"},"thumbnailUrl":"https:\/\/artyplan.com\/wp-content\/uploads\/2025\/09\/catalogos-comerciales-1.jpg","articleSection":["Sense-categoritzar"],"inLanguage":"ca"},{"@type":"WebPage","@id":"https:\/\/artyplan.com\/ca\/blog\/per-que-actualitzar-catalegs-comercials\/","url":"https:\/\/artyplan.com\/ca\/blog\/per-que-actualitzar-catalegs-comercials\/","name":"Per qu\u00e8 actualitzar els cat\u00e0legs comercials? | Artyplan","isPartOf":{"@id":"https:\/\/artyplan.com\/ca\/#website"},"primaryImageOfPage":{"@id":"https:\/\/artyplan.com\/ca\/blog\/per-que-actualitzar-catalegs-comercials\/#primaryimage"},"image":{"@id":"https:\/\/artyplan.com\/ca\/blog\/per-que-actualitzar-catalegs-comercials\/#primaryimage"},"thumbnailUrl":"https:\/\/artyplan.com\/wp-content\/uploads\/2025\/09\/catalogos-comerciales-1.jpg","datePublished":"2020-11-01T22:00:00+00:00","dateModified":"2025-09-07T14:08:32+00:00","description":"Coneix els principals motius de per qu\u00e8 actualitzar els cat\u00e0legs comercials es tant important. Descobreix-ho ara mateix!","breadcrumb":{"@id":"https:\/\/artyplan.com\/ca\/blog\/per-que-actualitzar-catalegs-comercials\/#breadcrumb"},"inLanguage":"ca","potentialAction":[{"@type":"ReadAction","target":["https:\/\/artyplan.com\/ca\/blog\/per-que-actualitzar-catalegs-comercials\/"]}]},{"@type":"ImageObject","inLanguage":"ca","@id":"https:\/\/artyplan.com\/ca\/blog\/per-que-actualitzar-catalegs-comercials\/#primaryimage","url":"https:\/\/artyplan.com\/wp-content\/uploads\/2025\/09\/catalogos-comerciales-1.jpg","contentUrl":"https:\/\/artyplan.com\/wp-content\/uploads\/2025\/09\/catalogos-comerciales-1.jpg","width":1500,"height":1004,"caption":"cat\u00e1logos de producto de relojes"},{"@type":"BreadcrumbList","@id":"https:\/\/artyplan.com\/ca\/blog\/per-que-actualitzar-catalegs-comercials\/#breadcrumb","itemListElement":[{"@type":"ListItem","position":1,"name":"Artyplan","item":"https:\/\/artyplan.com\/ca\/"},{"@type":"ListItem","position":2,"name":"Per qu\u00e8 actualitzar els cat\u00e0legs comercials?"}]},{"@type":"WebSite","@id":"https:\/\/artyplan.com\/ca\/#website","url":"https:\/\/artyplan.com\/ca\/","name":"Artyplan","description":"","publisher":{"@id":"https:\/\/artyplan.com\/ca\/#organization"},"potentialAction":[{"@type":"SearchAction","target":{"@type":"EntryPoint","urlTemplate":"https:\/\/artyplan.com\/ca\/?s={search_term_string}"},"query-input":{"@type":"PropertyValueSpecification","valueRequired":true,"valueName":"search_term_string"}}],"inLanguage":"ca"},{"@type":"Organization","@id":"https:\/\/artyplan.com\/ca\/#organization","name":"Artyplan","url":"https:\/\/artyplan.com\/ca\/","logo":{"@type":"ImageObject","inLanguage":"ca","@id":"https:\/\/artyplan.com\/ca\/#\/schema\/logo\/image\/","url":"https:\/\/artyplan.com\/wp-content\/uploads\/2025\/12\/Logo-artyplan-690x690-1.png","contentUrl":"https:\/\/artyplan.com\/wp-content\/uploads\/2025\/12\/Logo-artyplan-690x690-1.png","width":690,"height":690,"caption":"Artyplan"},"image":{"@id":"https:\/\/artyplan.com\/ca\/#\/schema\/logo\/image\/"},"sameAs":["https:\/\/www.facebook.com\/artyplan","https:\/\/www.instagram.com\/artyplan\/","https:\/\/www.linkedin.com\/company\/artyplan"],"description":"Artyplan \u00e9s una empresa especialitzada en producci\u00f3 gr\u00e0fica i comunicaci\u00f3 visual amb 60 anys dexperi\u00e8ncia. Oferim solucions integrals d'impressi\u00f3 en gran format, PLV i retail, gesti\u00f3 d'esdeveniments i fires, disseny i fabricaci\u00f3 a mida, log\u00edstica i serveis d'instal\u00b7laci\u00f3 a tot el territori. Treballem per a marques, ag\u00e8ncies, espais comercials i institucions que necessiten un partner fiable per desenvolupar campanyes de m\u00e0rqueting, projectes de retail i accions de branding o m\u00e0rqueting. Combinem tecnologia avan\u00e7ada d\u00b4impressi\u00f3 digital, un equip expert i una gesti\u00f3 completa de projectes per garantir qualitat, agilitat i resultats a mida per a cada client. Disposem de plataformes B2B que faciliten als nostres clients la gesti\u00f3 de les comandes de materials impresos aix\u00ed com la log\u00edstica dels mateixos.","email":"info@artyplan.com","telephone":"+34 93 200 87 99","legalName":"Artyplan S.L.","vatID":"B61963229","numberOfEmployees":{"@type":"QuantitativeValue","minValue":"51","maxValue":"200"}},{"@type":"Person","@id":"https:\/\/artyplan.com\/ca\/#\/schema\/person\/0ef19accced432bc277b8d5248cd2cc0","name":"Sergio Triguero","image":{"@type":"ImageObject","inLanguage":"ca","@id":"https:\/\/artyplan.com\/ca\/#\/schema\/person\/image\/","url":"https:\/\/secure.gravatar.com\/avatar\/c742a95811ffbc635a3d111ab446f278cce576575d14970fd5d56e17580c3f23?s=96&d=mm&r=g","contentUrl":"https:\/\/secure.gravatar.com\/avatar\/c742a95811ffbc635a3d111ab446f278cce576575d14970fd5d56e17580c3f23?s=96&d=mm&r=g","caption":"Sergio Triguero"}}]}},"_links":{"self":[{"href":"https:\/\/artyplan.com\/ca\/wp-json\/wp\/v2\/posts\/5037","targetHints":{"allow":["GET"]}}],"collection":[{"href":"https:\/\/artyplan.com\/ca\/wp-json\/wp\/v2\/posts"}],"about":[{"href":"https:\/\/artyplan.com\/ca\/wp-json\/wp\/v2\/types\/post"}],"author":[{"embeddable":true,"href":"https:\/\/artyplan.com\/ca\/wp-json\/wp\/v2\/users\/3"}],"replies":[{"embeddable":true,"href":"https:\/\/artyplan.com\/ca\/wp-json\/wp\/v2\/comments?post=5037"}],"version-history":[{"count":1,"href":"https:\/\/artyplan.com\/ca\/wp-json\/wp\/v2\/posts\/5037\/revisions"}],"predecessor-version":[{"id":6219,"href":"https:\/\/artyplan.com\/ca\/wp-json\/wp\/v2\/posts\/5037\/revisions\/6219"}],"wp:featuredmedia":[{"embeddable":true,"href":"https:\/\/artyplan.com\/ca\/wp-json\/wp\/v2\/media\/5036"}],"wp:attachment":[{"href":"https:\/\/artyplan.com\/ca\/wp-json\/wp\/v2\/media?parent=5037"}],"wp:term":[{"taxonomy":"category","embeddable":true,"href":"https:\/\/artyplan.com\/ca\/wp-json\/wp\/v2\/categories?post=5037"},{"taxonomy":"post_tag","embeddable":true,"href":"https:\/\/artyplan.com\/ca\/wp-json\/wp\/v2\/tags?post=5037"}],"curies":[{"name":"wp","href":"https:\/\/api.w.org\/{rel}","templated":true}]}}