{"id":5040,"date":"2020-11-13T00:00:00","date_gmt":"2020-11-12T22:00:00","guid":{"rendered":"https:\/\/preweb.artyplan.com\/sin-categorizar\/origen-impressio-qui-va-crear-primera-impressora\/"},"modified":"2026-01-30T11:52:43","modified_gmt":"2026-01-30T09:52:43","slug":"origen-impressio-qui-va-crear-primera-impressora","status":"publish","type":"post","link":"https:\/\/artyplan.com\/ca\/blog\/origen-impressio-qui-va-crear-primera-impressora\/","title":{"rendered":"L&#8217;origen de la impressi\u00f3. Qui va crear la primera impressora?"},"content":{"rendered":"<p>Gr\u00e0cies a la <strong>creaci\u00f3 de la primera impressora<\/strong> i a una posterior dedicaci\u00f3 absoluta en el desenvolupament tecnol\u00f2gic d&#8217;aquest sector, actualment disposem d&#8217;unes impressores eficaces i d&#8217;excel\u00b7lents qualitats.<\/p>\n<p>Com a <a href=\"http:\/\/artyplan.com\/ca\/serveis\/centre-atencio-al-client\/\" target=\"_blank\" rel=\"noopener\">centre d&#8217;atenci\u00f3 al client i servei de suport<\/a> en qualsevol tema relacionat a projectes d&#8217;impressi\u00f3, volem fer un rep\u00e0s a <strong>l&#8217;origen de la impressi\u00f3<\/strong> per a con\u00e8ixer qui va inventar el primer aparell capa\u00e7 d&#8217;imprimir, a m\u00e9s de saber com ha anat evolucionant amb el temps.<\/p>\n<h2>L&#8217;origen de la impressi\u00f3<\/h2>\n<p>Avui en dia podem trobar impressores que tenen connexi\u00f3 Wifi i poden rebre ordres des de qualsevol dispositiu m\u00f2bil, <strong>la hist\u00f2ria de la impressi\u00f3 es remunta a molts anys enrere<\/strong>. \u00c9s dif\u00edcil nomenar a una sola persona com a creadora absoluta de l\u2019aparell perqu\u00e8 la idea va ser generada i formada per diverses persones.<\/p>\n<p>No obstant aix\u00f2, podr\u00edem considerar a <strong>David Edward\u00a0Hughes<\/strong>\u00a0com l&#8217;inventor d&#8217;una esp\u00e8cie de tel\u00e8graf que era capa\u00e7 de transmetre dades mitjan\u00e7ant un codi perforat i que va tenir lloc l&#8217;any 1855. No obstant aix\u00f2, el <strong>veritable pioner va ser Charles\u00a0Babbage<\/strong> el que, en 1940, va crear els dissenys de la impressora m\u00e9s antiga. Encara que, no va ser fins cinquanta anys m\u00e9s tard quan un grup d&#8217;enginyers va agafar els pl\u00e0nols d&#8217;aquest projecte i van crear la primera impressora. Aquest producte, actualment es pot visitar en el <strong>Museu de Ci\u00e8ncia de Londres<\/strong>, pesa prop de 2000 quilograms i est\u00e0 format per m\u00e9s de 4000 peces.<\/p>\n<h2>Evoluci\u00f3 de la impressora m\u00e9s antiga<\/h2>\n<p>A partir de qu\u00e8 aquells enginyers prenguessin la iniciativa, es van comen\u00e7ar a fer els primers passos en el sector de la impressi\u00f3 i la tecnologia d&#8217;aquestes m\u00e0quines es va anar desenvolupant r\u00e0pidament. Al 1953, <strong>Remington Rand<\/strong> va crear una impressora d&#8217;alta velocitat que era capa\u00e7 d&#8217;imprimir sis-centes l\u00ednies de text per minut.<\/p>\n<p>Quatre anys m\u00e9s tard, la multinacional IBM va patentar <strong>la impressora de matriu de punts<\/strong> capa\u00e7 de lliscar un cap\u00e7al d&#8217;impressi\u00f3 pel paper. Al 1959, la mateixa empresa va inventar els equips d&#8217;impressi\u00f3 per l\u00ednies que inclo\u00efen una escala de grisos per a\u00a0sobre imprimir\u00a0amb m\u00e9s claredat.<\/p>\n<p><strong>Les impressores l\u00e0ser<\/strong> s\u00f3n utilitzades ara per les seves \u00e0mplies prestacions, aquestes no funciones amb cartutxos de tinta, sin\u00f3, \u00a0imprimeixen amb t\u00f2ner. Al 1969, l&#8217;enginyer americ\u00e0 <strong>Gary\u00a0Starkweather\u00a0<\/strong>va crear la primera impressora d&#8217;aquestes caracter\u00edstiques, per\u00f2 fins a 1977 no es va comercialitzar.<\/p>\n<p>En conclusi\u00f3, la import\u00e0ncia que t\u00e9 la tecnologia en les <strong>empreses que ens dediquem a la impressi\u00f3<\/strong> \u00e9s rellevant per anar-nos adaptant als diferents canvis de la societat i donar aix\u00ed un servei centrat en el client i en qu\u00e8 necessita.<\/p>\n","protected":false},"excerpt":{"rendered":"<p>Gr\u00e0cies a la creaci\u00f3 de la primera impressora i a una posterior dedicaci\u00f3 absoluta en el desenvolupament tecnol\u00f2gic d&#8217;aquest sector, actualment disposem d&#8217;unes impressores eficaces i d&#8217;excel\u00b7lents qualitats. Com a centre d&#8217;atenci\u00f3 al client i servei de suport en qualsevol tema relacionat a projectes d&#8217;impressi\u00f3, volem fer un rep\u00e0s a l&#8217;origen de la impressi\u00f3 per [&hellip;]<\/p>\n","protected":false},"author":3,"featured_media":5039,"comment_status":"closed","ping_status":"closed","sticky":false,"template":"","format":"standard","meta":{"footnotes":""},"categories":[54,1],"tags":[],"class_list":["post-5040","post","type-post","status-publish","format-standard","has-post-thumbnail","hentry","category-noticies-ca","category-sense-categoritzar"],"yoast_head":"<!-- This site is optimized with the Yoast SEO Premium plugin v26.5 (Yoast SEO v26.5) - https:\/\/yoast.com\/wordpress\/plugins\/seo\/ -->\n<title>L&#039;origen de la impressi\u00f3. Qui va crear la primera impressora?<\/title>\n<meta name=\"description\" content=\"Coneix ara mateix l&#039;origen de la impressi\u00f3 i descobreix qui va ser el creador principal de la primera impresora, gr\u00e0cies a Artyplan!\" \/>\n<meta name=\"robots\" content=\"index, follow, max-snippet:-1, max-image-preview:large, max-video-preview:-1\" \/>\n<link rel=\"canonical\" href=\"https:\/\/artyplan.com\/ca\/blog\/origen-impressio-qui-va-crear-primera-impressora\/\" \/>\n<meta property=\"og:locale\" content=\"ca_ES\" \/>\n<meta property=\"og:type\" content=\"article\" \/>\n<meta property=\"og:title\" content=\"L&#039;origen de la impressi\u00f3. Qui va crear la primera impressora?\" \/>\n<meta property=\"og:description\" content=\"Coneix ara mateix l&#039;origen de la impressi\u00f3 i descobreix qui va ser el creador principal de la primera impresora, gr\u00e0cies a Artyplan!\" \/>\n<meta property=\"og:url\" content=\"https:\/\/artyplan.com\/ca\/blog\/origen-impressio-qui-va-crear-primera-impressora\/\" \/>\n<meta property=\"og:site_name\" content=\"Artyplan\" \/>\n<meta property=\"article:publisher\" content=\"https:\/\/www.facebook.com\/artyplan\" \/>\n<meta property=\"article:published_time\" content=\"2020-11-12T22:00:00+00:00\" \/>\n<meta property=\"article:modified_time\" content=\"2026-01-30T09:52:43+00:00\" \/>\n<meta property=\"og:image\" content=\"https:\/\/artyplan.com\/wp-content\/uploads\/2025\/09\/origen-impresion-scaled-1.jpg\" \/>\n\t<meta property=\"og:image:width\" content=\"2560\" \/>\n\t<meta property=\"og:image:height\" content=\"938\" \/>\n\t<meta property=\"og:image:type\" content=\"image\/jpeg\" \/>\n<meta name=\"author\" content=\"Sergio Triguero\" \/>\n<meta name=\"twitter:card\" content=\"summary_large_image\" \/>\n<meta name=\"twitter:label1\" content=\"Escrit per\" \/>\n\t<meta name=\"twitter:data1\" content=\"Sergio Triguero\" \/>\n\t<meta name=\"twitter:label2\" content=\"Temps estimat de lectura\" \/>\n\t<meta name=\"twitter:data2\" content=\"3 minuts\" \/>\n<script type=\"application\/ld+json\" class=\"yoast-schema-graph\">{\"@context\":\"https:\/\/schema.org\",\"@graph\":[{\"@type\":\"Article\",\"@id\":\"https:\/\/artyplan.com\/ca\/blog\/origen-impressio-qui-va-crear-primera-impressora\/#article\",\"isPartOf\":{\"@id\":\"https:\/\/artyplan.com\/ca\/blog\/origen-impressio-qui-va-crear-primera-impressora\/\"},\"author\":{\"name\":\"Sergio Triguero\",\"@id\":\"https:\/\/artyplan.com\/ca\/#\/schema\/person\/0ef19accced432bc277b8d5248cd2cc0\"},\"headline\":\"L&#8217;origen de la impressi\u00f3. Qui va crear la primera impressora?\",\"datePublished\":\"2020-11-12T22:00:00+00:00\",\"dateModified\":\"2026-01-30T09:52:43+00:00\",\"mainEntityOfPage\":{\"@id\":\"https:\/\/artyplan.com\/ca\/blog\/origen-impressio-qui-va-crear-primera-impressora\/\"},\"wordCount\":489,\"publisher\":{\"@id\":\"https:\/\/artyplan.com\/ca\/#organization\"},\"image\":{\"@id\":\"https:\/\/artyplan.com\/ca\/blog\/origen-impressio-qui-va-crear-primera-impressora\/#primaryimage\"},\"thumbnailUrl\":\"https:\/\/artyplan.com\/wp-content\/uploads\/2025\/09\/origen-impresion-scaled-1.jpg\",\"articleSection\":[\"Noticies\",\"Sense-categoritzar\"],\"inLanguage\":\"ca\"},{\"@type\":\"WebPage\",\"@id\":\"https:\/\/artyplan.com\/ca\/blog\/origen-impressio-qui-va-crear-primera-impressora\/\",\"url\":\"https:\/\/artyplan.com\/ca\/blog\/origen-impressio-qui-va-crear-primera-impressora\/\",\"name\":\"L'origen de la impressi\u00f3. Qui va crear la primera impressora?\",\"isPartOf\":{\"@id\":\"https:\/\/artyplan.com\/ca\/#website\"},\"primaryImageOfPage\":{\"@id\":\"https:\/\/artyplan.com\/ca\/blog\/origen-impressio-qui-va-crear-primera-impressora\/#primaryimage\"},\"image\":{\"@id\":\"https:\/\/artyplan.com\/ca\/blog\/origen-impressio-qui-va-crear-primera-impressora\/#primaryimage\"},\"thumbnailUrl\":\"https:\/\/artyplan.com\/wp-content\/uploads\/2025\/09\/origen-impresion-scaled-1.jpg\",\"datePublished\":\"2020-11-12T22:00:00+00:00\",\"dateModified\":\"2026-01-30T09:52:43+00:00\",\"description\":\"Coneix ara mateix l'origen de la impressi\u00f3 i descobreix qui va ser el creador principal de la primera impresora, gr\u00e0cies a Artyplan!\",\"breadcrumb\":{\"@id\":\"https:\/\/artyplan.com\/ca\/blog\/origen-impressio-qui-va-crear-primera-impressora\/#breadcrumb\"},\"inLanguage\":\"ca\",\"potentialAction\":[{\"@type\":\"ReadAction\",\"target\":[\"https:\/\/artyplan.com\/ca\/blog\/origen-impressio-qui-va-crear-primera-impressora\/\"]}]},{\"@type\":\"ImageObject\",\"inLanguage\":\"ca\",\"@id\":\"https:\/\/artyplan.com\/ca\/blog\/origen-impressio-qui-va-crear-primera-impressora\/#primaryimage\",\"url\":\"https:\/\/artyplan.com\/wp-content\/uploads\/2025\/09\/origen-impresion-scaled-1.jpg\",\"contentUrl\":\"https:\/\/artyplan.com\/wp-content\/uploads\/2025\/09\/origen-impresion-scaled-1.jpg\",\"width\":2560,\"height\":938,\"caption\":\"|\"},{\"@type\":\"BreadcrumbList\",\"@id\":\"https:\/\/artyplan.com\/ca\/blog\/origen-impressio-qui-va-crear-primera-impressora\/#breadcrumb\",\"itemListElement\":[{\"@type\":\"ListItem\",\"position\":1,\"name\":\"Artyplan\",\"item\":\"https:\/\/artyplan.com\/ca\/\"},{\"@type\":\"ListItem\",\"position\":2,\"name\":\"L&#8217;origen de la impressi\u00f3. Qui va crear la primera impressora?\"}]},{\"@type\":\"WebSite\",\"@id\":\"https:\/\/artyplan.com\/ca\/#website\",\"url\":\"https:\/\/artyplan.com\/ca\/\",\"name\":\"Artyplan\",\"description\":\"\",\"publisher\":{\"@id\":\"https:\/\/artyplan.com\/ca\/#organization\"},\"potentialAction\":[{\"@type\":\"SearchAction\",\"target\":{\"@type\":\"EntryPoint\",\"urlTemplate\":\"https:\/\/artyplan.com\/ca\/?s={search_term_string}\"},\"query-input\":{\"@type\":\"PropertyValueSpecification\",\"valueRequired\":true,\"valueName\":\"search_term_string\"}}],\"inLanguage\":\"ca\"},{\"@type\":\"Organization\",\"@id\":\"https:\/\/artyplan.com\/ca\/#organization\",\"name\":\"Artyplan\",\"url\":\"https:\/\/artyplan.com\/ca\/\",\"logo\":{\"@type\":\"ImageObject\",\"inLanguage\":\"ca\",\"@id\":\"https:\/\/artyplan.com\/ca\/#\/schema\/logo\/image\/\",\"url\":\"https:\/\/artyplan.com\/wp-content\/uploads\/2025\/12\/Logo-artyplan-690x690-1.png\",\"contentUrl\":\"https:\/\/artyplan.com\/wp-content\/uploads\/2025\/12\/Logo-artyplan-690x690-1.png\",\"width\":690,\"height\":690,\"caption\":\"Artyplan\"},\"image\":{\"@id\":\"https:\/\/artyplan.com\/ca\/#\/schema\/logo\/image\/\"},\"sameAs\":[\"https:\/\/www.facebook.com\/artyplan\",\"https:\/\/www.instagram.com\/artyplan\/\",\"https:\/\/www.linkedin.com\/company\/artyplan\"],\"description\":\"Artyplan \u00e9s una empresa especialitzada en producci\u00f3 gr\u00e0fica i comunicaci\u00f3 visual amb 60 anys dexperi\u00e8ncia. Oferim solucions integrals d'impressi\u00f3 en gran format, PLV i retail, gesti\u00f3 d'esdeveniments i fires, disseny i fabricaci\u00f3 a mida, log\u00edstica i serveis d'instal\u00b7laci\u00f3 a tot el territori. Treballem per a marques, ag\u00e8ncies, espais comercials i institucions que necessiten un partner fiable per desenvolupar campanyes de m\u00e0rqueting, projectes de retail i accions de branding o m\u00e0rqueting. Combinem tecnologia avan\u00e7ada d\u00b4impressi\u00f3 digital, un equip expert i una gesti\u00f3 completa de projectes per garantir qualitat, agilitat i resultats a mida per a cada client. Disposem de plataformes B2B que faciliten als nostres clients la gesti\u00f3 de les comandes de materials impresos aix\u00ed com la log\u00edstica dels mateixos.\",\"email\":\"info@artyplan.com\",\"telephone\":\"+34 93 200 87 99\",\"legalName\":\"Artyplan S.L.\",\"vatID\":\"B61963229\",\"numberOfEmployees\":{\"@type\":\"QuantitativeValue\",\"minValue\":\"51\",\"maxValue\":\"200\"}},{\"@type\":\"Person\",\"@id\":\"https:\/\/artyplan.com\/ca\/#\/schema\/person\/0ef19accced432bc277b8d5248cd2cc0\",\"name\":\"Sergio Triguero\",\"image\":{\"@type\":\"ImageObject\",\"inLanguage\":\"ca\",\"@id\":\"https:\/\/artyplan.com\/ca\/#\/schema\/person\/image\/\",\"url\":\"https:\/\/secure.gravatar.com\/avatar\/c742a95811ffbc635a3d111ab446f278cce576575d14970fd5d56e17580c3f23?s=96&d=mm&r=g\",\"contentUrl\":\"https:\/\/secure.gravatar.com\/avatar\/c742a95811ffbc635a3d111ab446f278cce576575d14970fd5d56e17580c3f23?s=96&d=mm&r=g\",\"caption\":\"Sergio Triguero\"}}]}<\/script>\n<!-- \/ Yoast SEO Premium plugin. -->","yoast_head_json":{"title":"L'origen de la impressi\u00f3. Qui va crear la primera impressora?","description":"Coneix ara mateix l'origen de la impressi\u00f3 i descobreix qui va ser el creador principal de la primera impresora, gr\u00e0cies a Artyplan!","robots":{"index":"index","follow":"follow","max-snippet":"max-snippet:-1","max-image-preview":"max-image-preview:large","max-video-preview":"max-video-preview:-1"},"canonical":"https:\/\/artyplan.com\/ca\/blog\/origen-impressio-qui-va-crear-primera-impressora\/","og_locale":"ca_ES","og_type":"article","og_title":"L'origen de la impressi\u00f3. Qui va crear la primera impressora?","og_description":"Coneix ara mateix l'origen de la impressi\u00f3 i descobreix qui va ser el creador principal de la primera impresora, gr\u00e0cies a Artyplan!","og_url":"https:\/\/artyplan.com\/ca\/blog\/origen-impressio-qui-va-crear-primera-impressora\/","og_site_name":"Artyplan","article_publisher":"https:\/\/www.facebook.com\/artyplan","article_published_time":"2020-11-12T22:00:00+00:00","article_modified_time":"2026-01-30T09:52:43+00:00","og_image":[{"width":2560,"height":938,"url":"https:\/\/artyplan.com\/wp-content\/uploads\/2025\/09\/origen-impresion-scaled-1.jpg","type":"image\/jpeg"}],"author":"Sergio Triguero","twitter_card":"summary_large_image","twitter_misc":{"Escrit per":"Sergio Triguero","Temps estimat de lectura":"3 minuts"},"schema":{"@context":"https:\/\/schema.org","@graph":[{"@type":"Article","@id":"https:\/\/artyplan.com\/ca\/blog\/origen-impressio-qui-va-crear-primera-impressora\/#article","isPartOf":{"@id":"https:\/\/artyplan.com\/ca\/blog\/origen-impressio-qui-va-crear-primera-impressora\/"},"author":{"name":"Sergio Triguero","@id":"https:\/\/artyplan.com\/ca\/#\/schema\/person\/0ef19accced432bc277b8d5248cd2cc0"},"headline":"L&#8217;origen de la impressi\u00f3. Qui va crear la primera impressora?","datePublished":"2020-11-12T22:00:00+00:00","dateModified":"2026-01-30T09:52:43+00:00","mainEntityOfPage":{"@id":"https:\/\/artyplan.com\/ca\/blog\/origen-impressio-qui-va-crear-primera-impressora\/"},"wordCount":489,"publisher":{"@id":"https:\/\/artyplan.com\/ca\/#organization"},"image":{"@id":"https:\/\/artyplan.com\/ca\/blog\/origen-impressio-qui-va-crear-primera-impressora\/#primaryimage"},"thumbnailUrl":"https:\/\/artyplan.com\/wp-content\/uploads\/2025\/09\/origen-impresion-scaled-1.jpg","articleSection":["Noticies","Sense-categoritzar"],"inLanguage":"ca"},{"@type":"WebPage","@id":"https:\/\/artyplan.com\/ca\/blog\/origen-impressio-qui-va-crear-primera-impressora\/","url":"https:\/\/artyplan.com\/ca\/blog\/origen-impressio-qui-va-crear-primera-impressora\/","name":"L'origen de la impressi\u00f3. Qui va crear la primera impressora?","isPartOf":{"@id":"https:\/\/artyplan.com\/ca\/#website"},"primaryImageOfPage":{"@id":"https:\/\/artyplan.com\/ca\/blog\/origen-impressio-qui-va-crear-primera-impressora\/#primaryimage"},"image":{"@id":"https:\/\/artyplan.com\/ca\/blog\/origen-impressio-qui-va-crear-primera-impressora\/#primaryimage"},"thumbnailUrl":"https:\/\/artyplan.com\/wp-content\/uploads\/2025\/09\/origen-impresion-scaled-1.jpg","datePublished":"2020-11-12T22:00:00+00:00","dateModified":"2026-01-30T09:52:43+00:00","description":"Coneix ara mateix l'origen de la impressi\u00f3 i descobreix qui va ser el creador principal de la primera impresora, gr\u00e0cies a Artyplan!","breadcrumb":{"@id":"https:\/\/artyplan.com\/ca\/blog\/origen-impressio-qui-va-crear-primera-impressora\/#breadcrumb"},"inLanguage":"ca","potentialAction":[{"@type":"ReadAction","target":["https:\/\/artyplan.com\/ca\/blog\/origen-impressio-qui-va-crear-primera-impressora\/"]}]},{"@type":"ImageObject","inLanguage":"ca","@id":"https:\/\/artyplan.com\/ca\/blog\/origen-impressio-qui-va-crear-primera-impressora\/#primaryimage","url":"https:\/\/artyplan.com\/wp-content\/uploads\/2025\/09\/origen-impresion-scaled-1.jpg","contentUrl":"https:\/\/artyplan.com\/wp-content\/uploads\/2025\/09\/origen-impresion-scaled-1.jpg","width":2560,"height":938,"caption":"|"},{"@type":"BreadcrumbList","@id":"https:\/\/artyplan.com\/ca\/blog\/origen-impressio-qui-va-crear-primera-impressora\/#breadcrumb","itemListElement":[{"@type":"ListItem","position":1,"name":"Artyplan","item":"https:\/\/artyplan.com\/ca\/"},{"@type":"ListItem","position":2,"name":"L&#8217;origen de la impressi\u00f3. Qui va crear la primera impressora?"}]},{"@type":"WebSite","@id":"https:\/\/artyplan.com\/ca\/#website","url":"https:\/\/artyplan.com\/ca\/","name":"Artyplan","description":"","publisher":{"@id":"https:\/\/artyplan.com\/ca\/#organization"},"potentialAction":[{"@type":"SearchAction","target":{"@type":"EntryPoint","urlTemplate":"https:\/\/artyplan.com\/ca\/?s={search_term_string}"},"query-input":{"@type":"PropertyValueSpecification","valueRequired":true,"valueName":"search_term_string"}}],"inLanguage":"ca"},{"@type":"Organization","@id":"https:\/\/artyplan.com\/ca\/#organization","name":"Artyplan","url":"https:\/\/artyplan.com\/ca\/","logo":{"@type":"ImageObject","inLanguage":"ca","@id":"https:\/\/artyplan.com\/ca\/#\/schema\/logo\/image\/","url":"https:\/\/artyplan.com\/wp-content\/uploads\/2025\/12\/Logo-artyplan-690x690-1.png","contentUrl":"https:\/\/artyplan.com\/wp-content\/uploads\/2025\/12\/Logo-artyplan-690x690-1.png","width":690,"height":690,"caption":"Artyplan"},"image":{"@id":"https:\/\/artyplan.com\/ca\/#\/schema\/logo\/image\/"},"sameAs":["https:\/\/www.facebook.com\/artyplan","https:\/\/www.instagram.com\/artyplan\/","https:\/\/www.linkedin.com\/company\/artyplan"],"description":"Artyplan \u00e9s una empresa especialitzada en producci\u00f3 gr\u00e0fica i comunicaci\u00f3 visual amb 60 anys dexperi\u00e8ncia. Oferim solucions integrals d'impressi\u00f3 en gran format, PLV i retail, gesti\u00f3 d'esdeveniments i fires, disseny i fabricaci\u00f3 a mida, log\u00edstica i serveis d'instal\u00b7laci\u00f3 a tot el territori. Treballem per a marques, ag\u00e8ncies, espais comercials i institucions que necessiten un partner fiable per desenvolupar campanyes de m\u00e0rqueting, projectes de retail i accions de branding o m\u00e0rqueting. Combinem tecnologia avan\u00e7ada d\u00b4impressi\u00f3 digital, un equip expert i una gesti\u00f3 completa de projectes per garantir qualitat, agilitat i resultats a mida per a cada client. Disposem de plataformes B2B que faciliten als nostres clients la gesti\u00f3 de les comandes de materials impresos aix\u00ed com la log\u00edstica dels mateixos.","email":"info@artyplan.com","telephone":"+34 93 200 87 99","legalName":"Artyplan S.L.","vatID":"B61963229","numberOfEmployees":{"@type":"QuantitativeValue","minValue":"51","maxValue":"200"}},{"@type":"Person","@id":"https:\/\/artyplan.com\/ca\/#\/schema\/person\/0ef19accced432bc277b8d5248cd2cc0","name":"Sergio Triguero","image":{"@type":"ImageObject","inLanguage":"ca","@id":"https:\/\/artyplan.com\/ca\/#\/schema\/person\/image\/","url":"https:\/\/secure.gravatar.com\/avatar\/c742a95811ffbc635a3d111ab446f278cce576575d14970fd5d56e17580c3f23?s=96&d=mm&r=g","contentUrl":"https:\/\/secure.gravatar.com\/avatar\/c742a95811ffbc635a3d111ab446f278cce576575d14970fd5d56e17580c3f23?s=96&d=mm&r=g","caption":"Sergio Triguero"}}]}},"_links":{"self":[{"href":"https:\/\/artyplan.com\/ca\/wp-json\/wp\/v2\/posts\/5040","targetHints":{"allow":["GET"]}}],"collection":[{"href":"https:\/\/artyplan.com\/ca\/wp-json\/wp\/v2\/posts"}],"about":[{"href":"https:\/\/artyplan.com\/ca\/wp-json\/wp\/v2\/types\/post"}],"author":[{"embeddable":true,"href":"https:\/\/artyplan.com\/ca\/wp-json\/wp\/v2\/users\/3"}],"replies":[{"embeddable":true,"href":"https:\/\/artyplan.com\/ca\/wp-json\/wp\/v2\/comments?post=5040"}],"version-history":[{"count":1,"href":"https:\/\/artyplan.com\/ca\/wp-json\/wp\/v2\/posts\/5040\/revisions"}],"predecessor-version":[{"id":6221,"href":"https:\/\/artyplan.com\/ca\/wp-json\/wp\/v2\/posts\/5040\/revisions\/6221"}],"wp:featuredmedia":[{"embeddable":true,"href":"https:\/\/artyplan.com\/ca\/wp-json\/wp\/v2\/media\/5039"}],"wp:attachment":[{"href":"https:\/\/artyplan.com\/ca\/wp-json\/wp\/v2\/media?parent=5040"}],"wp:term":[{"taxonomy":"category","embeddable":true,"href":"https:\/\/artyplan.com\/ca\/wp-json\/wp\/v2\/categories?post=5040"},{"taxonomy":"post_tag","embeddable":true,"href":"https:\/\/artyplan.com\/ca\/wp-json\/wp\/v2\/tags?post=5040"}],"curies":[{"name":"wp","href":"https:\/\/api.w.org\/{rel}","templated":true}]}}