{"id":5049,"date":"2020-11-30T00:00:00","date_gmt":"2020-11-29T22:00:00","guid":{"rendered":"https:\/\/preweb.artyplan.com\/sin-categorizar\/tendencies-en-la-impressio-pel-2021\/"},"modified":"2025-09-07T16:08:46","modified_gmt":"2025-09-07T14:08:46","slug":"tendencies-en-la-impressio-pel-2021","status":"publish","type":"post","link":"https:\/\/artyplan.com\/ca\/blog\/tendencies-en-la-impressio-pel-2021\/","title":{"rendered":"Tend\u00e8ncies en la impressi\u00f3 pel 2021"},"content":{"rendered":"<p>El m\u00f3n de la impressi\u00f3 canvia molt\u00a0de pressa, per aix\u00f2, estar al corrent de totes les novetats \u00e9s ja una cosa fonamental. En l&#8217;article d&#8217;avui t&#8217;explicarem les <strong>tend\u00e8ncies d&#8217;impressi\u00f3 per al 2021<\/strong>; no te les perdis, segur que no vols quedar-te enrere.<\/p>\n<h3>Les noves tend\u00e8ncies d&#8217;impressi\u00f3 per al 2021<\/h3>\n<p>M\u00e9s colors, dissenys atrevits, minimalisme&#8230; A continuaci\u00f3, podr\u00e0s comprovar les tend\u00e8ncies que es veuran en el sector de la impressi\u00f3 l&#8217;any que ve:<\/p>\n<p>\u2022 <strong>Pensant en el disseny<\/strong>: El disseny \u00e9s una de les coses m\u00e9s importants en el m\u00f3n de la publicitat. Per aix\u00f2, cuidar-ho \u00e9s important. En 2021, els dissenys d&#8217;impressi\u00f3 estaran molt relacionats amb les tend\u00e8ncies d&#8217;altres sectors com la moda o la decoraci\u00f3. L&#8217;estil vintage torna per a quedar-se.<\/p>\n<p>\u2022 <strong>Minimalisme<\/strong>: El \u00abmenys \u00e9s m\u00e9s\u00bb mai va tenir tant de sentit. L&#8217;any que ve no es portaran els dissenys massa carregats, sin\u00f3 tot el contrari. A l&#8217;hora de promocionar qualsevol classe de producte o projecte has de pensar en el p\u00fablic objectiu al qual vols arribar i que aquest se senti relaxat en veure la publicitat.<\/p>\n<p>\u2022 <strong>Colors per tot arreu:<\/strong> Els \u00faltims anys s&#8217;ha emportat molt el disseny en un sol color, per\u00f2 l&#8217;any que ve aix\u00f2 canviar\u00e0; aix\u00f2 s\u00ed, sempre pensant en el minimalisme. Les combinacions de colors com el negre i el blanc pegaran molt fort en 2021. El millor \u00e9s que pensis com integrar-los en les teves impressions per a estar a l&#8217;\u00faltima.<\/p>\n<p>\u2022<strong> Embalatge vist\u00f3s:<\/strong> Pensar en el p\u00fablic al qual vols dirigir-te ser\u00e0 molt important a l&#8217;hora dels embalatges. Per exemple, si el teu p\u00fablic final est\u00e0 destinat a viatjar, seria ideal que fiquessis un globus terraq\u00fci en el disseny de la teva impressi\u00f3.<\/p>\n<p>\u2022 <strong>Menys pl\u00e0stic:<\/strong> Per descomptat, aquests \u00faltims anys les ganes de cuidar el medi ambient i el planeta han pujat, i aix\u00f2 no anava a ser diferent en el m\u00f3n de la impressi\u00f3. M\u00e9s paper i menys pl\u00e0stic \u00e9s el que es portar\u00e0 l&#8217;any que ve. Hi ha noves maneres de fer adhesius per a poder seguir una tend\u00e8ncia que ha arribat per a quedar-se.<\/p>\n<p>\u2022 <strong>Personalitzar el missatge<\/strong>: Les impressions personalitzades per als diferents clients s\u00f3n una tend\u00e8ncia que seguiran les empreses en 2021. Com m\u00e9s especial\u00a0se\u00a0senti una persona, m\u00e9s fidel es tornar\u00e0 a una marca.<\/p>\n<h3>Optar per professionals \u00e9s la clau<\/h3>\n<p>Si vols que les tend\u00e8ncies d&#8217;impressi\u00f3 per al 2021 arribin a la teva vida, \u00e9s molt important que comptis amb professionals que controlin el\u00a0<a href=\"http:\/\/artyplan.com\/ca\/serveis\/print-management\/\" target=\"_blank\" rel=\"noopener\">Print\u00a0Management o Gesti\u00f3 d&#8217;Impressi\u00f3<\/a>. Com m\u00e9s polit sigui el treball, millor imatge projectar\u00e0s cap als altres.<\/p>\n","protected":false},"excerpt":{"rendered":"<p>El m\u00f3n de la impressi\u00f3 canvia molt\u00a0de pressa, per aix\u00f2, estar al corrent de totes les novetats \u00e9s ja una cosa fonamental. En l&#8217;article d&#8217;avui t&#8217;explicarem les tend\u00e8ncies d&#8217;impressi\u00f3 per al 2021; no te les perdis, segur que no vols quedar-te enrere. Les noves tend\u00e8ncies d&#8217;impressi\u00f3 per al 2021 M\u00e9s colors, dissenys atrevits, minimalisme&#8230; A [&hellip;]<\/p>\n","protected":false},"author":3,"featured_media":5048,"comment_status":"closed","ping_status":"closed","sticky":false,"template":"","format":"standard","meta":{"footnotes":""},"categories":[1],"tags":[],"class_list":["post-5049","post","type-post","status-publish","format-standard","has-post-thumbnail","hentry","category-sense-categoritzar"],"yoast_head":"<!-- This site is optimized with the Yoast SEO Premium plugin v26.5 (Yoast SEO v26.5) - https:\/\/yoast.com\/wordpress\/plugins\/seo\/ -->\n<title>Tend\u00e8ncies en la impressi\u00f3 pel 2021 - Artyplan<\/title>\n<meta name=\"description\" content=\"Aquestes tend\u00e8ncies d&#039;impressi\u00f3 pel 2021 venen per quedar-se; m\u00e9s colors, el &quot;menys es m\u00e9s&quot; i missatges personalitzats s\u00f3n algunes d&#039;elles\" \/>\n<meta name=\"robots\" content=\"index, follow, max-snippet:-1, max-image-preview:large, max-video-preview:-1\" \/>\n<link rel=\"canonical\" href=\"https:\/\/artyplan.com\/ca\/blog\/tendencies-en-la-impressio-pel-2021\/\" \/>\n<meta property=\"og:locale\" content=\"ca_ES\" \/>\n<meta property=\"og:type\" content=\"article\" \/>\n<meta property=\"og:title\" content=\"Tend\u00e8ncies en la impressi\u00f3 pel 2021\" \/>\n<meta property=\"og:description\" content=\"Aquestes tend\u00e8ncies d&#039;impressi\u00f3 pel 2021 venen per quedar-se; m\u00e9s colors, el &quot;menys es m\u00e9s&quot; i missatges personalitzats s\u00f3n algunes d&#039;elles\" \/>\n<meta property=\"og:url\" content=\"https:\/\/artyplan.com\/ca\/blog\/tendencies-en-la-impressio-pel-2021\/\" \/>\n<meta property=\"og:site_name\" content=\"Artyplan\" \/>\n<meta property=\"article:publisher\" content=\"https:\/\/www.facebook.com\/artyplan\" \/>\n<meta property=\"article:published_time\" content=\"2020-11-29T22:00:00+00:00\" \/>\n<meta property=\"article:modified_time\" content=\"2025-09-07T14:08:46+00:00\" \/>\n<meta property=\"og:image\" content=\"https:\/\/artyplan.com\/wp-content\/uploads\/2025\/09\/tendencias-impresion-para-2021-scaled-1.jpg\" \/>\n\t<meta property=\"og:image:width\" content=\"2560\" \/>\n\t<meta property=\"og:image:height\" content=\"1707\" \/>\n\t<meta property=\"og:image:type\" content=\"image\/jpeg\" \/>\n<meta name=\"author\" content=\"Sergio Triguero\" \/>\n<meta name=\"twitter:card\" content=\"summary_large_image\" \/>\n<meta name=\"twitter:label1\" content=\"Escrit per\" \/>\n\t<meta name=\"twitter:data1\" content=\"Sergio Triguero\" \/>\n\t<meta name=\"twitter:label2\" content=\"Temps estimat de lectura\" \/>\n\t<meta name=\"twitter:data2\" content=\"2 minuts\" \/>\n<script type=\"application\/ld+json\" class=\"yoast-schema-graph\">{\"@context\":\"https:\/\/schema.org\",\"@graph\":[{\"@type\":\"Article\",\"@id\":\"https:\/\/artyplan.com\/ca\/blog\/tendencies-en-la-impressio-pel-2021\/#article\",\"isPartOf\":{\"@id\":\"https:\/\/artyplan.com\/ca\/blog\/tendencies-en-la-impressio-pel-2021\/\"},\"author\":{\"name\":\"Sergio Triguero\",\"@id\":\"https:\/\/artyplan.com\/ca\/#\/schema\/person\/0ef19accced432bc277b8d5248cd2cc0\"},\"headline\":\"Tend\u00e8ncies en la impressi\u00f3 pel 2021\",\"datePublished\":\"2020-11-29T22:00:00+00:00\",\"dateModified\":\"2025-09-07T14:08:46+00:00\",\"mainEntityOfPage\":{\"@id\":\"https:\/\/artyplan.com\/ca\/blog\/tendencies-en-la-impressio-pel-2021\/\"},\"wordCount\":469,\"publisher\":{\"@id\":\"https:\/\/artyplan.com\/ca\/#organization\"},\"image\":{\"@id\":\"https:\/\/artyplan.com\/ca\/blog\/tendencies-en-la-impressio-pel-2021\/#primaryimage\"},\"thumbnailUrl\":\"https:\/\/artyplan.com\/wp-content\/uploads\/2025\/09\/tendencias-impresion-para-2021-scaled-1.jpg\",\"articleSection\":[\"Sense-categoritzar\"],\"inLanguage\":\"ca\"},{\"@type\":\"WebPage\",\"@id\":\"https:\/\/artyplan.com\/ca\/blog\/tendencies-en-la-impressio-pel-2021\/\",\"url\":\"https:\/\/artyplan.com\/ca\/blog\/tendencies-en-la-impressio-pel-2021\/\",\"name\":\"Tend\u00e8ncies en la impressi\u00f3 pel 2021 - Artyplan\",\"isPartOf\":{\"@id\":\"https:\/\/artyplan.com\/ca\/#website\"},\"primaryImageOfPage\":{\"@id\":\"https:\/\/artyplan.com\/ca\/blog\/tendencies-en-la-impressio-pel-2021\/#primaryimage\"},\"image\":{\"@id\":\"https:\/\/artyplan.com\/ca\/blog\/tendencies-en-la-impressio-pel-2021\/#primaryimage\"},\"thumbnailUrl\":\"https:\/\/artyplan.com\/wp-content\/uploads\/2025\/09\/tendencias-impresion-para-2021-scaled-1.jpg\",\"datePublished\":\"2020-11-29T22:00:00+00:00\",\"dateModified\":\"2025-09-07T14:08:46+00:00\",\"description\":\"Aquestes tend\u00e8ncies d'impressi\u00f3 pel 2021 venen per quedar-se; m\u00e9s colors, el \\\"menys es m\u00e9s\\\" i missatges personalitzats s\u00f3n algunes d'elles\",\"breadcrumb\":{\"@id\":\"https:\/\/artyplan.com\/ca\/blog\/tendencies-en-la-impressio-pel-2021\/#breadcrumb\"},\"inLanguage\":\"ca\",\"potentialAction\":[{\"@type\":\"ReadAction\",\"target\":[\"https:\/\/artyplan.com\/ca\/blog\/tendencies-en-la-impressio-pel-2021\/\"]}]},{\"@type\":\"ImageObject\",\"inLanguage\":\"ca\",\"@id\":\"https:\/\/artyplan.com\/ca\/blog\/tendencies-en-la-impressio-pel-2021\/#primaryimage\",\"url\":\"https:\/\/artyplan.com\/wp-content\/uploads\/2025\/09\/tendencias-impresion-para-2021-scaled-1.jpg\",\"contentUrl\":\"https:\/\/artyplan.com\/wp-content\/uploads\/2025\/09\/tendencias-impresion-para-2021-scaled-1.jpg\",\"width\":2560,\"height\":1707,\"caption\":\"tendencias de impresi\u00f3n para el 2021|\"},{\"@type\":\"BreadcrumbList\",\"@id\":\"https:\/\/artyplan.com\/ca\/blog\/tendencies-en-la-impressio-pel-2021\/#breadcrumb\",\"itemListElement\":[{\"@type\":\"ListItem\",\"position\":1,\"name\":\"Artyplan\",\"item\":\"https:\/\/artyplan.com\/ca\/\"},{\"@type\":\"ListItem\",\"position\":2,\"name\":\"Tend\u00e8ncies en la impressi\u00f3 pel 2021\"}]},{\"@type\":\"WebSite\",\"@id\":\"https:\/\/artyplan.com\/ca\/#website\",\"url\":\"https:\/\/artyplan.com\/ca\/\",\"name\":\"Artyplan\",\"description\":\"\",\"publisher\":{\"@id\":\"https:\/\/artyplan.com\/ca\/#organization\"},\"potentialAction\":[{\"@type\":\"SearchAction\",\"target\":{\"@type\":\"EntryPoint\",\"urlTemplate\":\"https:\/\/artyplan.com\/ca\/?s={search_term_string}\"},\"query-input\":{\"@type\":\"PropertyValueSpecification\",\"valueRequired\":true,\"valueName\":\"search_term_string\"}}],\"inLanguage\":\"ca\"},{\"@type\":\"Organization\",\"@id\":\"https:\/\/artyplan.com\/ca\/#organization\",\"name\":\"Artyplan\",\"url\":\"https:\/\/artyplan.com\/ca\/\",\"logo\":{\"@type\":\"ImageObject\",\"inLanguage\":\"ca\",\"@id\":\"https:\/\/artyplan.com\/ca\/#\/schema\/logo\/image\/\",\"url\":\"https:\/\/artyplan.com\/wp-content\/uploads\/2025\/12\/Logo-artyplan-690x690-1.png\",\"contentUrl\":\"https:\/\/artyplan.com\/wp-content\/uploads\/2025\/12\/Logo-artyplan-690x690-1.png\",\"width\":690,\"height\":690,\"caption\":\"Artyplan\"},\"image\":{\"@id\":\"https:\/\/artyplan.com\/ca\/#\/schema\/logo\/image\/\"},\"sameAs\":[\"https:\/\/www.facebook.com\/artyplan\",\"https:\/\/www.instagram.com\/artyplan\/\",\"https:\/\/www.linkedin.com\/company\/artyplan\"],\"description\":\"Artyplan \u00e9s una empresa especialitzada en producci\u00f3 gr\u00e0fica i comunicaci\u00f3 visual amb 60 anys dexperi\u00e8ncia. Oferim solucions integrals d'impressi\u00f3 en gran format, PLV i retail, gesti\u00f3 d'esdeveniments i fires, disseny i fabricaci\u00f3 a mida, log\u00edstica i serveis d'instal\u00b7laci\u00f3 a tot el territori. Treballem per a marques, ag\u00e8ncies, espais comercials i institucions que necessiten un partner fiable per desenvolupar campanyes de m\u00e0rqueting, projectes de retail i accions de branding o m\u00e0rqueting. Combinem tecnologia avan\u00e7ada d\u00b4impressi\u00f3 digital, un equip expert i una gesti\u00f3 completa de projectes per garantir qualitat, agilitat i resultats a mida per a cada client. Disposem de plataformes B2B que faciliten als nostres clients la gesti\u00f3 de les comandes de materials impresos aix\u00ed com la log\u00edstica dels mateixos.\",\"email\":\"info@artyplan.com\",\"telephone\":\"+34 93 200 87 99\",\"legalName\":\"Artyplan S.L.\",\"vatID\":\"B61963229\",\"numberOfEmployees\":{\"@type\":\"QuantitativeValue\",\"minValue\":\"51\",\"maxValue\":\"200\"}},{\"@type\":\"Person\",\"@id\":\"https:\/\/artyplan.com\/ca\/#\/schema\/person\/0ef19accced432bc277b8d5248cd2cc0\",\"name\":\"Sergio Triguero\",\"image\":{\"@type\":\"ImageObject\",\"inLanguage\":\"ca\",\"@id\":\"https:\/\/artyplan.com\/ca\/#\/schema\/person\/image\/\",\"url\":\"https:\/\/secure.gravatar.com\/avatar\/c742a95811ffbc635a3d111ab446f278cce576575d14970fd5d56e17580c3f23?s=96&d=mm&r=g\",\"contentUrl\":\"https:\/\/secure.gravatar.com\/avatar\/c742a95811ffbc635a3d111ab446f278cce576575d14970fd5d56e17580c3f23?s=96&d=mm&r=g\",\"caption\":\"Sergio Triguero\"}}]}<\/script>\n<!-- \/ Yoast SEO Premium plugin. -->","yoast_head_json":{"title":"Tend\u00e8ncies en la impressi\u00f3 pel 2021 - Artyplan","description":"Aquestes tend\u00e8ncies d'impressi\u00f3 pel 2021 venen per quedar-se; m\u00e9s colors, el \"menys es m\u00e9s\" i missatges personalitzats s\u00f3n algunes d'elles","robots":{"index":"index","follow":"follow","max-snippet":"max-snippet:-1","max-image-preview":"max-image-preview:large","max-video-preview":"max-video-preview:-1"},"canonical":"https:\/\/artyplan.com\/ca\/blog\/tendencies-en-la-impressio-pel-2021\/","og_locale":"ca_ES","og_type":"article","og_title":"Tend\u00e8ncies en la impressi\u00f3 pel 2021","og_description":"Aquestes tend\u00e8ncies d'impressi\u00f3 pel 2021 venen per quedar-se; m\u00e9s colors, el \"menys es m\u00e9s\" i missatges personalitzats s\u00f3n algunes d'elles","og_url":"https:\/\/artyplan.com\/ca\/blog\/tendencies-en-la-impressio-pel-2021\/","og_site_name":"Artyplan","article_publisher":"https:\/\/www.facebook.com\/artyplan","article_published_time":"2020-11-29T22:00:00+00:00","article_modified_time":"2025-09-07T14:08:46+00:00","og_image":[{"width":2560,"height":1707,"url":"https:\/\/artyplan.com\/wp-content\/uploads\/2025\/09\/tendencias-impresion-para-2021-scaled-1.jpg","type":"image\/jpeg"}],"author":"Sergio Triguero","twitter_card":"summary_large_image","twitter_misc":{"Escrit per":"Sergio Triguero","Temps estimat de lectura":"2 minuts"},"schema":{"@context":"https:\/\/schema.org","@graph":[{"@type":"Article","@id":"https:\/\/artyplan.com\/ca\/blog\/tendencies-en-la-impressio-pel-2021\/#article","isPartOf":{"@id":"https:\/\/artyplan.com\/ca\/blog\/tendencies-en-la-impressio-pel-2021\/"},"author":{"name":"Sergio Triguero","@id":"https:\/\/artyplan.com\/ca\/#\/schema\/person\/0ef19accced432bc277b8d5248cd2cc0"},"headline":"Tend\u00e8ncies en la impressi\u00f3 pel 2021","datePublished":"2020-11-29T22:00:00+00:00","dateModified":"2025-09-07T14:08:46+00:00","mainEntityOfPage":{"@id":"https:\/\/artyplan.com\/ca\/blog\/tendencies-en-la-impressio-pel-2021\/"},"wordCount":469,"publisher":{"@id":"https:\/\/artyplan.com\/ca\/#organization"},"image":{"@id":"https:\/\/artyplan.com\/ca\/blog\/tendencies-en-la-impressio-pel-2021\/#primaryimage"},"thumbnailUrl":"https:\/\/artyplan.com\/wp-content\/uploads\/2025\/09\/tendencias-impresion-para-2021-scaled-1.jpg","articleSection":["Sense-categoritzar"],"inLanguage":"ca"},{"@type":"WebPage","@id":"https:\/\/artyplan.com\/ca\/blog\/tendencies-en-la-impressio-pel-2021\/","url":"https:\/\/artyplan.com\/ca\/blog\/tendencies-en-la-impressio-pel-2021\/","name":"Tend\u00e8ncies en la impressi\u00f3 pel 2021 - Artyplan","isPartOf":{"@id":"https:\/\/artyplan.com\/ca\/#website"},"primaryImageOfPage":{"@id":"https:\/\/artyplan.com\/ca\/blog\/tendencies-en-la-impressio-pel-2021\/#primaryimage"},"image":{"@id":"https:\/\/artyplan.com\/ca\/blog\/tendencies-en-la-impressio-pel-2021\/#primaryimage"},"thumbnailUrl":"https:\/\/artyplan.com\/wp-content\/uploads\/2025\/09\/tendencias-impresion-para-2021-scaled-1.jpg","datePublished":"2020-11-29T22:00:00+00:00","dateModified":"2025-09-07T14:08:46+00:00","description":"Aquestes tend\u00e8ncies d'impressi\u00f3 pel 2021 venen per quedar-se; m\u00e9s colors, el \"menys es m\u00e9s\" i missatges personalitzats s\u00f3n algunes d'elles","breadcrumb":{"@id":"https:\/\/artyplan.com\/ca\/blog\/tendencies-en-la-impressio-pel-2021\/#breadcrumb"},"inLanguage":"ca","potentialAction":[{"@type":"ReadAction","target":["https:\/\/artyplan.com\/ca\/blog\/tendencies-en-la-impressio-pel-2021\/"]}]},{"@type":"ImageObject","inLanguage":"ca","@id":"https:\/\/artyplan.com\/ca\/blog\/tendencies-en-la-impressio-pel-2021\/#primaryimage","url":"https:\/\/artyplan.com\/wp-content\/uploads\/2025\/09\/tendencias-impresion-para-2021-scaled-1.jpg","contentUrl":"https:\/\/artyplan.com\/wp-content\/uploads\/2025\/09\/tendencias-impresion-para-2021-scaled-1.jpg","width":2560,"height":1707,"caption":"tendencias de impresi\u00f3n para el 2021|"},{"@type":"BreadcrumbList","@id":"https:\/\/artyplan.com\/ca\/blog\/tendencies-en-la-impressio-pel-2021\/#breadcrumb","itemListElement":[{"@type":"ListItem","position":1,"name":"Artyplan","item":"https:\/\/artyplan.com\/ca\/"},{"@type":"ListItem","position":2,"name":"Tend\u00e8ncies en la impressi\u00f3 pel 2021"}]},{"@type":"WebSite","@id":"https:\/\/artyplan.com\/ca\/#website","url":"https:\/\/artyplan.com\/ca\/","name":"Artyplan","description":"","publisher":{"@id":"https:\/\/artyplan.com\/ca\/#organization"},"potentialAction":[{"@type":"SearchAction","target":{"@type":"EntryPoint","urlTemplate":"https:\/\/artyplan.com\/ca\/?s={search_term_string}"},"query-input":{"@type":"PropertyValueSpecification","valueRequired":true,"valueName":"search_term_string"}}],"inLanguage":"ca"},{"@type":"Organization","@id":"https:\/\/artyplan.com\/ca\/#organization","name":"Artyplan","url":"https:\/\/artyplan.com\/ca\/","logo":{"@type":"ImageObject","inLanguage":"ca","@id":"https:\/\/artyplan.com\/ca\/#\/schema\/logo\/image\/","url":"https:\/\/artyplan.com\/wp-content\/uploads\/2025\/12\/Logo-artyplan-690x690-1.png","contentUrl":"https:\/\/artyplan.com\/wp-content\/uploads\/2025\/12\/Logo-artyplan-690x690-1.png","width":690,"height":690,"caption":"Artyplan"},"image":{"@id":"https:\/\/artyplan.com\/ca\/#\/schema\/logo\/image\/"},"sameAs":["https:\/\/www.facebook.com\/artyplan","https:\/\/www.instagram.com\/artyplan\/","https:\/\/www.linkedin.com\/company\/artyplan"],"description":"Artyplan \u00e9s una empresa especialitzada en producci\u00f3 gr\u00e0fica i comunicaci\u00f3 visual amb 60 anys dexperi\u00e8ncia. Oferim solucions integrals d'impressi\u00f3 en gran format, PLV i retail, gesti\u00f3 d'esdeveniments i fires, disseny i fabricaci\u00f3 a mida, log\u00edstica i serveis d'instal\u00b7laci\u00f3 a tot el territori. Treballem per a marques, ag\u00e8ncies, espais comercials i institucions que necessiten un partner fiable per desenvolupar campanyes de m\u00e0rqueting, projectes de retail i accions de branding o m\u00e0rqueting. Combinem tecnologia avan\u00e7ada d\u00b4impressi\u00f3 digital, un equip expert i una gesti\u00f3 completa de projectes per garantir qualitat, agilitat i resultats a mida per a cada client. Disposem de plataformes B2B que faciliten als nostres clients la gesti\u00f3 de les comandes de materials impresos aix\u00ed com la log\u00edstica dels mateixos.","email":"info@artyplan.com","telephone":"+34 93 200 87 99","legalName":"Artyplan S.L.","vatID":"B61963229","numberOfEmployees":{"@type":"QuantitativeValue","minValue":"51","maxValue":"200"}},{"@type":"Person","@id":"https:\/\/artyplan.com\/ca\/#\/schema\/person\/0ef19accced432bc277b8d5248cd2cc0","name":"Sergio Triguero","image":{"@type":"ImageObject","inLanguage":"ca","@id":"https:\/\/artyplan.com\/ca\/#\/schema\/person\/image\/","url":"https:\/\/secure.gravatar.com\/avatar\/c742a95811ffbc635a3d111ab446f278cce576575d14970fd5d56e17580c3f23?s=96&d=mm&r=g","contentUrl":"https:\/\/secure.gravatar.com\/avatar\/c742a95811ffbc635a3d111ab446f278cce576575d14970fd5d56e17580c3f23?s=96&d=mm&r=g","caption":"Sergio Triguero"}}]}},"_links":{"self":[{"href":"https:\/\/artyplan.com\/ca\/wp-json\/wp\/v2\/posts\/5049","targetHints":{"allow":["GET"]}}],"collection":[{"href":"https:\/\/artyplan.com\/ca\/wp-json\/wp\/v2\/posts"}],"about":[{"href":"https:\/\/artyplan.com\/ca\/wp-json\/wp\/v2\/types\/post"}],"author":[{"embeddable":true,"href":"https:\/\/artyplan.com\/ca\/wp-json\/wp\/v2\/users\/3"}],"replies":[{"embeddable":true,"href":"https:\/\/artyplan.com\/ca\/wp-json\/wp\/v2\/comments?post=5049"}],"version-history":[{"count":1,"href":"https:\/\/artyplan.com\/ca\/wp-json\/wp\/v2\/posts\/5049\/revisions"}],"predecessor-version":[{"id":6227,"href":"https:\/\/artyplan.com\/ca\/wp-json\/wp\/v2\/posts\/5049\/revisions\/6227"}],"wp:featuredmedia":[{"embeddable":true,"href":"https:\/\/artyplan.com\/ca\/wp-json\/wp\/v2\/media\/5048"}],"wp:attachment":[{"href":"https:\/\/artyplan.com\/ca\/wp-json\/wp\/v2\/media?parent=5049"}],"wp:term":[{"taxonomy":"category","embeddable":true,"href":"https:\/\/artyplan.com\/ca\/wp-json\/wp\/v2\/categories?post=5049"},{"taxonomy":"post_tag","embeddable":true,"href":"https:\/\/artyplan.com\/ca\/wp-json\/wp\/v2\/tags?post=5049"}],"curies":[{"name":"wp","href":"https:\/\/api.w.org\/{rel}","templated":true}]}}