{"id":5070,"date":"2021-01-19T00:00:00","date_gmt":"2021-01-18T22:00:00","guid":{"rendered":"https:\/\/preweb.artyplan.com\/sin-categorizar\/digitalitzar-mes-que-escanejar-document\/"},"modified":"2025-12-16T11:18:49","modified_gmt":"2025-12-16T09:18:49","slug":"digitalitzar-mes-que-escanejar-document","status":"publish","type":"post","link":"https:\/\/artyplan.com\/ca\/blog\/digitalitzar-mes-que-escanejar-document\/","title":{"rendered":"Digitalitzar \u00e9s m\u00e9s que escanejar un document"},"content":{"rendered":"<p>Digitalitzar \u00e9s m\u00e9s que escanejar un document. A l&#8217;hora d&#8217;iniciar un proc\u00e9s de digitalitzaci\u00f3. Primer de tot, s&#8217;ha de tenir en compte, l&#8217;elecci\u00f3 correcta del dispositiu d&#8217;entrada. Aquest dep\u00e8n del tipus d&#8217;original, i\u00a0 les necessitats que s&#8217;espera que cobreixi el document digital generat.<\/p>\n<p>En el proc\u00e9s de digitalitzaci\u00f3 incideixen diferents aspectes com:<\/p>\n<ul>\n<li>La finalitat de la digitalitzaci\u00f3.<\/li>\n<li>Les caracter\u00edstiques f\u00edsiques dels originals.<\/li>\n<li>L&#8217;espai de color desitjat.<\/li>\n<li>La resoluci\u00f3 adequada.<\/li>\n<li>El format de l&#8217;arxiu generat.<\/li>\n<li>El tractament digital.<\/li>\n<li>El suport en qu\u00e8 s&#8217;ha d&#8217;entregar la informaci\u00f3.<\/li>\n<\/ul>\n<p>El nostre <a href=\"http:\/\/artyplan.com\/ca\/serveis\/digitalitzacio-i-gestio-documental\/\" target=\"_blank\" rel=\"noopener\">Servei de digitalitzaci\u00f3 i assessora els clients<\/a> aconsellant-los i guiant-los cap a l&#8217;opci\u00f3 m\u00e9s efica\u00e7, c\u00f2mode i rendible partint de les seves expectatives i necessitats.<\/p>\n<h2>Tractament digital<\/h2>\n<p>D&#8217;entrada en realitzar un proc\u00e9s de digitalitzaci\u00f3, \u00e9s molt important tenir present l\u2019\u00fas i les necessitats que voldrem donar als diferents arxius generats.<\/p>\n<p>Aix\u00ed mateix, cal treballar amb els est\u00e0ndards de format i resoluci\u00f3 recomanats pel m\u00f3n arxiv\u00edstic en l&#8217;\u00e0mbit internacional, per tal que l&#8217;evoluci\u00f3 cont\u00ednua que pateix el m\u00f3n digital no sigui un problema en un futur pr\u00f2xim. Per aquest motiu, \u00e9s molt importat, escollir el format i resoluci\u00f3 adequada.<\/p>\n<p>Escollir el format i la resoluci\u00f3 adequada, generar m\u00e9s d&#8217;un format o realitzar conversions per aquells arxius destinats a m\u00e9s d&#8217;un \u00fas\u00a0 (preservaci\u00f3 \u2013 consulta), processos de reconeixement de text, lectura de codis de barra, reconeixement de marques, incrustaci\u00f3 de marques d&#8217;aigua i la generaci\u00f3 de metadades t\u00e8cniques, descriptives i de context.<\/p>\n<h2>Gesti\u00f3 documental<\/h2>\n<p>Finalment, un cop digitalitzats els documents ser\u00e0 m\u00e9s f\u00e0cil realitzar una gesti\u00f3 documental. \u00c9s a dir, s&#8217;obtindr\u00e0 major capacitat de classificar, emmagatzemar i recupera la documentaci\u00f3 pr\u00e8viament digitalitzada.<\/p>\n<p>Un bon sistema de gesti\u00f3 documental ens pot oferir m\u00faltiples avantatges:<\/p>\n<ul>\n<li>Localitzar i recuperar un document de forma \u00e0gil i senzilla.<\/li>\n<li>Estalviar espai f\u00edsic.<\/li>\n<li>Establir permisos d&#8217;accessos i d&#8217;\u00fas de la informaci\u00f3.<\/li>\n<li>Permetre consultes simult\u00e0nies.<\/li>\n<li>Garantir l&#8217;ordre i la integritat dels documents.<\/li>\n<li>Estalvi econ\u00f2mic en comparaci\u00f3 als costos dels arxius tradicionals<\/li>\n<li>Conservar la mem\u00f2ria de l&#8217;organitzaci\u00f3 i aprofitar el valor dels continguts.<\/li>\n<\/ul>\n<p>Artyplan\u00a0Document,\u00a0assessora\u00a0i elabora projectes\u00a0perqu\u00e8\u00a0els nostres clients puguin treure el m\u00e0xim de rendiment de la\u00a0informaci\u00f3\u00a0digital generada mitjan\u00e7ant\u00a0processos\u00a0de digitalitzaci\u00f3 (de\u00a0f\u00edsic\u00a0a digital), o d&#8217;altres\u00a0processos\u00a0ja digitals.<\/p>\n","protected":false},"excerpt":{"rendered":"<p>Digitalitzar \u00e9s m\u00e9s que escanejar un document. A l&#8217;hora d&#8217;iniciar un proc\u00e9s de digitalitzaci\u00f3. Primer de tot, s&#8217;ha de tenir en compte, l&#8217;elecci\u00f3 correcta del dispositiu d&#8217;entrada. Aquest dep\u00e8n del tipus d&#8217;original, i\u00a0 les necessitats que s&#8217;espera que cobreixi el document digital generat. En el proc\u00e9s de digitalitzaci\u00f3 incideixen diferents aspectes com: La finalitat de [&hellip;]<\/p>\n","protected":false},"author":3,"featured_media":5069,"comment_status":"closed","ping_status":"closed","sticky":false,"template":"","format":"standard","meta":{"footnotes":""},"categories":[1],"tags":[],"class_list":["post-5070","post","type-post","status-publish","format-standard","has-post-thumbnail","hentry","category-sense-categoritzar"],"yoast_head":"<!-- This site is optimized with the Yoast SEO Premium plugin v26.5 (Yoast SEO v26.5) - https:\/\/yoast.com\/wordpress\/plugins\/seo\/ -->\n<title>Digitalitzar \u00e9s m\u00e9s que escanejar un document |Artyplan<\/title>\n<meta name=\"description\" content=\"Descobreix com digitalitzar m\u00e9s que escanejar ajuda a triar l&#039;equip adequat per a cada document.\" \/>\n<meta name=\"robots\" content=\"index, follow, max-snippet:-1, max-image-preview:large, max-video-preview:-1\" \/>\n<link rel=\"canonical\" href=\"https:\/\/artyplan.com\/ca\/blog\/digitalitzar-mes-que-escanejar-document\/\" \/>\n<meta property=\"og:locale\" content=\"ca_ES\" \/>\n<meta property=\"og:type\" content=\"article\" \/>\n<meta property=\"og:title\" content=\"Digitalitzar \u00e9s m\u00e9s que escanejar un document\" \/>\n<meta property=\"og:description\" content=\"Descobreix com digitalitzar m\u00e9s que escanejar ajuda a triar l&#039;equip adequat per a cada document.\" \/>\n<meta property=\"og:url\" content=\"https:\/\/artyplan.com\/ca\/blog\/digitalitzar-mes-que-escanejar-document\/\" \/>\n<meta property=\"og:site_name\" content=\"Artyplan\" \/>\n<meta property=\"article:publisher\" content=\"https:\/\/www.facebook.com\/artyplan\" \/>\n<meta property=\"article:published_time\" content=\"2021-01-18T22:00:00+00:00\" \/>\n<meta property=\"article:modified_time\" content=\"2025-12-16T09:18:49+00:00\" \/>\n<meta property=\"og:image\" content=\"https:\/\/artyplan.com\/wp-content\/uploads\/2025\/09\/digitalizacion-gestion-documental.jpg\" \/>\n\t<meta property=\"og:image:width\" content=\"1920\" \/>\n\t<meta property=\"og:image:height\" content=\"600\" \/>\n\t<meta property=\"og:image:type\" content=\"image\/jpeg\" \/>\n<meta name=\"author\" content=\"Sergio Triguero\" \/>\n<meta name=\"twitter:card\" content=\"summary_large_image\" \/>\n<meta name=\"twitter:label1\" content=\"Escrit per\" \/>\n\t<meta name=\"twitter:data1\" content=\"Sergio Triguero\" \/>\n\t<meta name=\"twitter:label2\" content=\"Temps estimat de lectura\" \/>\n\t<meta name=\"twitter:data2\" content=\"2 minuts\" \/>\n<script type=\"application\/ld+json\" class=\"yoast-schema-graph\">{\"@context\":\"https:\/\/schema.org\",\"@graph\":[{\"@type\":\"Article\",\"@id\":\"https:\/\/artyplan.com\/ca\/blog\/digitalitzar-mes-que-escanejar-document\/#article\",\"isPartOf\":{\"@id\":\"https:\/\/artyplan.com\/ca\/blog\/digitalitzar-mes-que-escanejar-document\/\"},\"author\":{\"name\":\"Sergio Triguero\",\"@id\":\"https:\/\/artyplan.com\/ca\/#\/schema\/person\/0ef19accced432bc277b8d5248cd2cc0\"},\"headline\":\"Digitalitzar \u00e9s m\u00e9s que escanejar un document\",\"datePublished\":\"2021-01-18T22:00:00+00:00\",\"dateModified\":\"2025-12-16T09:18:49+00:00\",\"mainEntityOfPage\":{\"@id\":\"https:\/\/artyplan.com\/ca\/blog\/digitalitzar-mes-que-escanejar-document\/\"},\"wordCount\":424,\"publisher\":{\"@id\":\"https:\/\/artyplan.com\/ca\/#organization\"},\"image\":{\"@id\":\"https:\/\/artyplan.com\/ca\/blog\/digitalitzar-mes-que-escanejar-document\/#primaryimage\"},\"thumbnailUrl\":\"https:\/\/artyplan.com\/wp-content\/uploads\/2025\/09\/digitalizacion-gestion-documental.jpg\",\"articleSection\":[\"Sense-categoritzar\"],\"inLanguage\":\"ca\"},{\"@type\":\"WebPage\",\"@id\":\"https:\/\/artyplan.com\/ca\/blog\/digitalitzar-mes-que-escanejar-document\/\",\"url\":\"https:\/\/artyplan.com\/ca\/blog\/digitalitzar-mes-que-escanejar-document\/\",\"name\":\"Digitalitzar \u00e9s m\u00e9s que escanejar un document |Artyplan\",\"isPartOf\":{\"@id\":\"https:\/\/artyplan.com\/ca\/#website\"},\"primaryImageOfPage\":{\"@id\":\"https:\/\/artyplan.com\/ca\/blog\/digitalitzar-mes-que-escanejar-document\/#primaryimage\"},\"image\":{\"@id\":\"https:\/\/artyplan.com\/ca\/blog\/digitalitzar-mes-que-escanejar-document\/#primaryimage\"},\"thumbnailUrl\":\"https:\/\/artyplan.com\/wp-content\/uploads\/2025\/09\/digitalizacion-gestion-documental.jpg\",\"datePublished\":\"2021-01-18T22:00:00+00:00\",\"dateModified\":\"2025-12-16T09:18:49+00:00\",\"description\":\"Descobreix com digitalitzar m\u00e9s que escanejar ajuda a triar l'equip adequat per a cada document.\",\"breadcrumb\":{\"@id\":\"https:\/\/artyplan.com\/ca\/blog\/digitalitzar-mes-que-escanejar-document\/#breadcrumb\"},\"inLanguage\":\"ca\",\"potentialAction\":[{\"@type\":\"ReadAction\",\"target\":[\"https:\/\/artyplan.com\/ca\/blog\/digitalitzar-mes-que-escanejar-document\/\"]}]},{\"@type\":\"ImageObject\",\"inLanguage\":\"ca\",\"@id\":\"https:\/\/artyplan.com\/ca\/blog\/digitalitzar-mes-que-escanejar-document\/#primaryimage\",\"url\":\"https:\/\/artyplan.com\/wp-content\/uploads\/2025\/09\/digitalizacion-gestion-documental.jpg\",\"contentUrl\":\"https:\/\/artyplan.com\/wp-content\/uploads\/2025\/09\/digitalizacion-gestion-documental.jpg\",\"width\":1920,\"height\":600,\"caption\":\"digitalitzar-mes-que-escanejar-document\"},{\"@type\":\"BreadcrumbList\",\"@id\":\"https:\/\/artyplan.com\/ca\/blog\/digitalitzar-mes-que-escanejar-document\/#breadcrumb\",\"itemListElement\":[{\"@type\":\"ListItem\",\"position\":1,\"name\":\"Artyplan\",\"item\":\"https:\/\/artyplan.com\/ca\/\"},{\"@type\":\"ListItem\",\"position\":2,\"name\":\"Digitalitzar \u00e9s m\u00e9s que escanejar un document\"}]},{\"@type\":\"WebSite\",\"@id\":\"https:\/\/artyplan.com\/ca\/#website\",\"url\":\"https:\/\/artyplan.com\/ca\/\",\"name\":\"Artyplan\",\"description\":\"\",\"publisher\":{\"@id\":\"https:\/\/artyplan.com\/ca\/#organization\"},\"potentialAction\":[{\"@type\":\"SearchAction\",\"target\":{\"@type\":\"EntryPoint\",\"urlTemplate\":\"https:\/\/artyplan.com\/ca\/?s={search_term_string}\"},\"query-input\":{\"@type\":\"PropertyValueSpecification\",\"valueRequired\":true,\"valueName\":\"search_term_string\"}}],\"inLanguage\":\"ca\"},{\"@type\":\"Organization\",\"@id\":\"https:\/\/artyplan.com\/ca\/#organization\",\"name\":\"Artyplan\",\"url\":\"https:\/\/artyplan.com\/ca\/\",\"logo\":{\"@type\":\"ImageObject\",\"inLanguage\":\"ca\",\"@id\":\"https:\/\/artyplan.com\/ca\/#\/schema\/logo\/image\/\",\"url\":\"https:\/\/artyplan.com\/wp-content\/uploads\/2025\/12\/Logo-artyplan-690x690-1.png\",\"contentUrl\":\"https:\/\/artyplan.com\/wp-content\/uploads\/2025\/12\/Logo-artyplan-690x690-1.png\",\"width\":690,\"height\":690,\"caption\":\"Artyplan\"},\"image\":{\"@id\":\"https:\/\/artyplan.com\/ca\/#\/schema\/logo\/image\/\"},\"sameAs\":[\"https:\/\/www.facebook.com\/artyplan\",\"https:\/\/www.instagram.com\/artyplan\/\",\"https:\/\/www.linkedin.com\/company\/artyplan\"],\"description\":\"Artyplan \u00e9s una empresa especialitzada en producci\u00f3 gr\u00e0fica i comunicaci\u00f3 visual amb 60 anys dexperi\u00e8ncia. Oferim solucions integrals d'impressi\u00f3 en gran format, PLV i retail, gesti\u00f3 d'esdeveniments i fires, disseny i fabricaci\u00f3 a mida, log\u00edstica i serveis d'instal\u00b7laci\u00f3 a tot el territori. Treballem per a marques, ag\u00e8ncies, espais comercials i institucions que necessiten un partner fiable per desenvolupar campanyes de m\u00e0rqueting, projectes de retail i accions de branding o m\u00e0rqueting. Combinem tecnologia avan\u00e7ada d\u00b4impressi\u00f3 digital, un equip expert i una gesti\u00f3 completa de projectes per garantir qualitat, agilitat i resultats a mida per a cada client. Disposem de plataformes B2B que faciliten als nostres clients la gesti\u00f3 de les comandes de materials impresos aix\u00ed com la log\u00edstica dels mateixos.\",\"email\":\"info@artyplan.com\",\"telephone\":\"+34 93 200 87 99\",\"legalName\":\"Artyplan S.L.\",\"vatID\":\"B61963229\",\"numberOfEmployees\":{\"@type\":\"QuantitativeValue\",\"minValue\":\"51\",\"maxValue\":\"200\"}},{\"@type\":\"Person\",\"@id\":\"https:\/\/artyplan.com\/ca\/#\/schema\/person\/0ef19accced432bc277b8d5248cd2cc0\",\"name\":\"Sergio Triguero\",\"image\":{\"@type\":\"ImageObject\",\"inLanguage\":\"ca\",\"@id\":\"https:\/\/artyplan.com\/ca\/#\/schema\/person\/image\/\",\"url\":\"https:\/\/secure.gravatar.com\/avatar\/c742a95811ffbc635a3d111ab446f278cce576575d14970fd5d56e17580c3f23?s=96&d=mm&r=g\",\"contentUrl\":\"https:\/\/secure.gravatar.com\/avatar\/c742a95811ffbc635a3d111ab446f278cce576575d14970fd5d56e17580c3f23?s=96&d=mm&r=g\",\"caption\":\"Sergio Triguero\"}}]}<\/script>\n<!-- \/ Yoast SEO Premium plugin. -->","yoast_head_json":{"title":"Digitalitzar \u00e9s m\u00e9s que escanejar un document |Artyplan","description":"Descobreix com digitalitzar m\u00e9s que escanejar ajuda a triar l'equip adequat per a cada document.","robots":{"index":"index","follow":"follow","max-snippet":"max-snippet:-1","max-image-preview":"max-image-preview:large","max-video-preview":"max-video-preview:-1"},"canonical":"https:\/\/artyplan.com\/ca\/blog\/digitalitzar-mes-que-escanejar-document\/","og_locale":"ca_ES","og_type":"article","og_title":"Digitalitzar \u00e9s m\u00e9s que escanejar un document","og_description":"Descobreix com digitalitzar m\u00e9s que escanejar ajuda a triar l'equip adequat per a cada document.","og_url":"https:\/\/artyplan.com\/ca\/blog\/digitalitzar-mes-que-escanejar-document\/","og_site_name":"Artyplan","article_publisher":"https:\/\/www.facebook.com\/artyplan","article_published_time":"2021-01-18T22:00:00+00:00","article_modified_time":"2025-12-16T09:18:49+00:00","og_image":[{"width":1920,"height":600,"url":"https:\/\/artyplan.com\/wp-content\/uploads\/2025\/09\/digitalizacion-gestion-documental.jpg","type":"image\/jpeg"}],"author":"Sergio Triguero","twitter_card":"summary_large_image","twitter_misc":{"Escrit per":"Sergio Triguero","Temps estimat de lectura":"2 minuts"},"schema":{"@context":"https:\/\/schema.org","@graph":[{"@type":"Article","@id":"https:\/\/artyplan.com\/ca\/blog\/digitalitzar-mes-que-escanejar-document\/#article","isPartOf":{"@id":"https:\/\/artyplan.com\/ca\/blog\/digitalitzar-mes-que-escanejar-document\/"},"author":{"name":"Sergio Triguero","@id":"https:\/\/artyplan.com\/ca\/#\/schema\/person\/0ef19accced432bc277b8d5248cd2cc0"},"headline":"Digitalitzar \u00e9s m\u00e9s que escanejar un document","datePublished":"2021-01-18T22:00:00+00:00","dateModified":"2025-12-16T09:18:49+00:00","mainEntityOfPage":{"@id":"https:\/\/artyplan.com\/ca\/blog\/digitalitzar-mes-que-escanejar-document\/"},"wordCount":424,"publisher":{"@id":"https:\/\/artyplan.com\/ca\/#organization"},"image":{"@id":"https:\/\/artyplan.com\/ca\/blog\/digitalitzar-mes-que-escanejar-document\/#primaryimage"},"thumbnailUrl":"https:\/\/artyplan.com\/wp-content\/uploads\/2025\/09\/digitalizacion-gestion-documental.jpg","articleSection":["Sense-categoritzar"],"inLanguage":"ca"},{"@type":"WebPage","@id":"https:\/\/artyplan.com\/ca\/blog\/digitalitzar-mes-que-escanejar-document\/","url":"https:\/\/artyplan.com\/ca\/blog\/digitalitzar-mes-que-escanejar-document\/","name":"Digitalitzar \u00e9s m\u00e9s que escanejar un document |Artyplan","isPartOf":{"@id":"https:\/\/artyplan.com\/ca\/#website"},"primaryImageOfPage":{"@id":"https:\/\/artyplan.com\/ca\/blog\/digitalitzar-mes-que-escanejar-document\/#primaryimage"},"image":{"@id":"https:\/\/artyplan.com\/ca\/blog\/digitalitzar-mes-que-escanejar-document\/#primaryimage"},"thumbnailUrl":"https:\/\/artyplan.com\/wp-content\/uploads\/2025\/09\/digitalizacion-gestion-documental.jpg","datePublished":"2021-01-18T22:00:00+00:00","dateModified":"2025-12-16T09:18:49+00:00","description":"Descobreix com digitalitzar m\u00e9s que escanejar ajuda a triar l'equip adequat per a cada document.","breadcrumb":{"@id":"https:\/\/artyplan.com\/ca\/blog\/digitalitzar-mes-que-escanejar-document\/#breadcrumb"},"inLanguage":"ca","potentialAction":[{"@type":"ReadAction","target":["https:\/\/artyplan.com\/ca\/blog\/digitalitzar-mes-que-escanejar-document\/"]}]},{"@type":"ImageObject","inLanguage":"ca","@id":"https:\/\/artyplan.com\/ca\/blog\/digitalitzar-mes-que-escanejar-document\/#primaryimage","url":"https:\/\/artyplan.com\/wp-content\/uploads\/2025\/09\/digitalizacion-gestion-documental.jpg","contentUrl":"https:\/\/artyplan.com\/wp-content\/uploads\/2025\/09\/digitalizacion-gestion-documental.jpg","width":1920,"height":600,"caption":"digitalitzar-mes-que-escanejar-document"},{"@type":"BreadcrumbList","@id":"https:\/\/artyplan.com\/ca\/blog\/digitalitzar-mes-que-escanejar-document\/#breadcrumb","itemListElement":[{"@type":"ListItem","position":1,"name":"Artyplan","item":"https:\/\/artyplan.com\/ca\/"},{"@type":"ListItem","position":2,"name":"Digitalitzar \u00e9s m\u00e9s que escanejar un document"}]},{"@type":"WebSite","@id":"https:\/\/artyplan.com\/ca\/#website","url":"https:\/\/artyplan.com\/ca\/","name":"Artyplan","description":"","publisher":{"@id":"https:\/\/artyplan.com\/ca\/#organization"},"potentialAction":[{"@type":"SearchAction","target":{"@type":"EntryPoint","urlTemplate":"https:\/\/artyplan.com\/ca\/?s={search_term_string}"},"query-input":{"@type":"PropertyValueSpecification","valueRequired":true,"valueName":"search_term_string"}}],"inLanguage":"ca"},{"@type":"Organization","@id":"https:\/\/artyplan.com\/ca\/#organization","name":"Artyplan","url":"https:\/\/artyplan.com\/ca\/","logo":{"@type":"ImageObject","inLanguage":"ca","@id":"https:\/\/artyplan.com\/ca\/#\/schema\/logo\/image\/","url":"https:\/\/artyplan.com\/wp-content\/uploads\/2025\/12\/Logo-artyplan-690x690-1.png","contentUrl":"https:\/\/artyplan.com\/wp-content\/uploads\/2025\/12\/Logo-artyplan-690x690-1.png","width":690,"height":690,"caption":"Artyplan"},"image":{"@id":"https:\/\/artyplan.com\/ca\/#\/schema\/logo\/image\/"},"sameAs":["https:\/\/www.facebook.com\/artyplan","https:\/\/www.instagram.com\/artyplan\/","https:\/\/www.linkedin.com\/company\/artyplan"],"description":"Artyplan \u00e9s una empresa especialitzada en producci\u00f3 gr\u00e0fica i comunicaci\u00f3 visual amb 60 anys dexperi\u00e8ncia. Oferim solucions integrals d'impressi\u00f3 en gran format, PLV i retail, gesti\u00f3 d'esdeveniments i fires, disseny i fabricaci\u00f3 a mida, log\u00edstica i serveis d'instal\u00b7laci\u00f3 a tot el territori. Treballem per a marques, ag\u00e8ncies, espais comercials i institucions que necessiten un partner fiable per desenvolupar campanyes de m\u00e0rqueting, projectes de retail i accions de branding o m\u00e0rqueting. Combinem tecnologia avan\u00e7ada d\u00b4impressi\u00f3 digital, un equip expert i una gesti\u00f3 completa de projectes per garantir qualitat, agilitat i resultats a mida per a cada client. Disposem de plataformes B2B que faciliten als nostres clients la gesti\u00f3 de les comandes de materials impresos aix\u00ed com la log\u00edstica dels mateixos.","email":"info@artyplan.com","telephone":"+34 93 200 87 99","legalName":"Artyplan S.L.","vatID":"B61963229","numberOfEmployees":{"@type":"QuantitativeValue","minValue":"51","maxValue":"200"}},{"@type":"Person","@id":"https:\/\/artyplan.com\/ca\/#\/schema\/person\/0ef19accced432bc277b8d5248cd2cc0","name":"Sergio Triguero","image":{"@type":"ImageObject","inLanguage":"ca","@id":"https:\/\/artyplan.com\/ca\/#\/schema\/person\/image\/","url":"https:\/\/secure.gravatar.com\/avatar\/c742a95811ffbc635a3d111ab446f278cce576575d14970fd5d56e17580c3f23?s=96&d=mm&r=g","contentUrl":"https:\/\/secure.gravatar.com\/avatar\/c742a95811ffbc635a3d111ab446f278cce576575d14970fd5d56e17580c3f23?s=96&d=mm&r=g","caption":"Sergio Triguero"}}]}},"_links":{"self":[{"href":"https:\/\/artyplan.com\/ca\/wp-json\/wp\/v2\/posts\/5070","targetHints":{"allow":["GET"]}}],"collection":[{"href":"https:\/\/artyplan.com\/ca\/wp-json\/wp\/v2\/posts"}],"about":[{"href":"https:\/\/artyplan.com\/ca\/wp-json\/wp\/v2\/types\/post"}],"author":[{"embeddable":true,"href":"https:\/\/artyplan.com\/ca\/wp-json\/wp\/v2\/users\/3"}],"replies":[{"embeddable":true,"href":"https:\/\/artyplan.com\/ca\/wp-json\/wp\/v2\/comments?post=5070"}],"version-history":[{"count":1,"href":"https:\/\/artyplan.com\/ca\/wp-json\/wp\/v2\/posts\/5070\/revisions"}],"predecessor-version":[{"id":6241,"href":"https:\/\/artyplan.com\/ca\/wp-json\/wp\/v2\/posts\/5070\/revisions\/6241"}],"wp:featuredmedia":[{"embeddable":true,"href":"https:\/\/artyplan.com\/ca\/wp-json\/wp\/v2\/media\/5069"}],"wp:attachment":[{"href":"https:\/\/artyplan.com\/ca\/wp-json\/wp\/v2\/media?parent=5070"}],"wp:term":[{"taxonomy":"category","embeddable":true,"href":"https:\/\/artyplan.com\/ca\/wp-json\/wp\/v2\/categories?post=5070"},{"taxonomy":"post_tag","embeddable":true,"href":"https:\/\/artyplan.com\/ca\/wp-json\/wp\/v2\/tags?post=5070"}],"curies":[{"name":"wp","href":"https:\/\/api.w.org\/{rel}","templated":true}]}}