{"id":5080,"date":"2021-02-18T00:00:00","date_gmt":"2021-02-17T22:00:00","guid":{"rendered":"https:\/\/preweb.artyplan.com\/sin-categorizar\/artyplan-entrega-beques-ualumni-uvic-ucc\/"},"modified":"2025-09-07T16:08:59","modified_gmt":"2025-09-07T14:08:59","slug":"artyplan-entrega-beques-ualumni-uvic-ucc","status":"publish","type":"post","link":"https:\/\/artyplan.com\/ca\/blog\/artyplan-entrega-beques-ualumni-uvic-ucc\/","title":{"rendered":"Artyplan a l\u2019entrega de la beca UAlumni de la UVic-UCC"},"content":{"rendered":"<p><span data-contrast=\"auto\">Artyplan participa en l\u2019acte d\u2019entrega <\/span><span data-contrast=\"auto\">de les beques UAlumni de la UVic-UCC als alumnes de Cicles Formatius de Grau Superior (CFGS), que enguany, s\u2019ha celebrat en format telem\u00e0tic.<\/span><span data-ccp-props=\"{&quot;201341983&quot;:0,&quot;335551550&quot;:6,&quot;335551620&quot;:6,&quot;335559739&quot;:160,&quot;335559740&quot;:259}\">\u00a0<\/span><\/p>\n<p><span data-contrast=\"auto\">Les <\/span><b><span data-contrast=\"auto\">Beques UAlumni a Cicles Formatius de Grau Superior\u00a0<\/span><\/b><span data-contrast=\"auto\">\u00e9s una iniciativa d\u2019UAlumni, entitat que aglutina els antics alumnes de la <a href=\"https:\/\/www.uvic.cat\/\" target=\"_blank\" rel=\"noopener\">UVic-UCC<\/a> i que permet mantenir <\/span><span data-contrast=\"auto\">el contacte amb les diferents generacions d\u2019exestudiants<\/span><span data-contrast=\"auto\">. Dins aquest marc<\/span><span data-contrast=\"auto\">, volen\u00a0<\/span><span data-contrast=\"auto\">esdevenir una ajuda per als estudiants que volen accedir a un cicle formatiu de grau superior (en endavant CFGS) de la UVic-UCC.<\/span><span data-ccp-props=\"{&quot;201341983&quot;:0,&quot;335551550&quot;:6,&quot;335551620&quot;:6,&quot;335559739&quot;:160,&quot;335559740&quot;:259,&quot;469777462&quot;:[720,1440,2160,2880,3600,4320,5040,5760,6480,7200,7920,8640],&quot;469777927&quot;:[0,0,0,0,0,0,0,0,0,0,0,0],&quot;469777928&quot;:[1,1,1,1,1,1,1,1,1,1,1,1]}\">\u00a0<\/span><\/p>\n<p><span data-ccp-props=\"{&quot;201341983&quot;:0,&quot;335551550&quot;:6,&quot;335551620&quot;:6,&quot;335559739&quot;:160,&quot;335559740&quot;:259}\">\u00a0<\/span><span data-contrast=\"auto\">El Director General de Artyplan, Ignasi Pietx, fer valdre la formaci\u00f3 dual de qualitat, com \u202f\u00e9s aquesta magnifica i innovadora \u202finiciativa en l\u2019\u00e0mbit universitari, que t\u00e9 la U<\/span><span data-contrast=\"auto\">niversitat de\u00a0<\/span><span data-contrast=\"auto\">Vic<\/span><span data-contrast=\"auto\">:<\/span><span data-ccp-props=\"{&quot;201341983&quot;:0,&quot;335551550&quot;:6,&quot;335551620&quot;:6,&quot;335559739&quot;:160,&quot;335559740&quot;:259}\">\u00a0<\/span><\/p>\n<p><b><span data-contrast=\"auto\">\u201cE<\/span><\/b><b><span data-contrast=\"auto\">ns ha d\u2019ajudar a millorar i acostar<\/span><\/b><b><span data-contrast=\"auto\">&#8211;<\/span><\/b><b><span data-contrast=\"auto\">nos en l\u2019\u00e0mbit de desenvolupament professional de les persones i per tant la competitivitat de les nostres empreses.<\/span><\/b><b><span data-contrast=\"auto\">\u201d<\/span><\/b><span data-ccp-props=\"{&quot;201341983&quot;:0,&quot;335551550&quot;:2,&quot;335551620&quot;:2,&quot;335559739&quot;:160,&quot;335559740&quot;:259}\">\u00a0<\/span><\/p>\n<p><span data-contrast=\"auto\">L\u2019empresa est\u00e0 orgullosa de contribuir en aquesta col\u00b7laboraci\u00f3 mitjan\u00e7ant\u00a0 beques<\/span><span data-contrast=\"auto\">\u00a0<\/span><span data-contrast=\"auto\">d\u2019estudi per a estudiants de CFGS,\u00a0 formaci\u00f3 que apropa la formaci\u00f3 \u202fi el m\u00f3n laboral real.<\/span><span data-ccp-props=\"{&quot;201341983&quot;:0,&quot;335551550&quot;:6,&quot;335551620&quot;:6,&quot;335559739&quot;:160,&quot;335559740&quot;:259}\">\u00a0<\/span><\/p>\n<p><span data-contrast=\"auto\">Aquest any, les beques\u00a0<\/span><span data-contrast=\"auto\">han estat atorgades a cinc estudiants\u00a0<\/span><span data-contrast=\"auto\">dels cicles formatius de M\u00e0rqueting i Publicitat,\u00a0<\/span><span data-contrast=\"auto\">\u00a0<\/span><span data-contrast=\"none\">Desenvolupament d\u2019Aplicacions Multiplataforma i d\u2019Animacions 3D i Jocs Interactius.<\/span><span data-ccp-props=\"{&quot;201341983&quot;:0,&quot;335551550&quot;:6,&quot;335551620&quot;:6,&quot;335559739&quot;:160,&quot;335559740&quot;:259}\">\u00a0<\/span><\/p>\n<p><span data-contrast=\"auto\">Amb aquesta col\u00b7laboraci\u00f3<\/span><span data-contrast=\"auto\">,<\/span><span data-contrast=\"auto\">\u00a0Artyplan, t\u00e9 la\u00a0 voluntat de\u00a0<\/span><span data-contrast=\"auto\">donar continu\u00eftat <\/span><span data-contrast=\"auto\">al projecte universitari de Vic,\u00a0<\/span><span data-contrast=\"auto\">en el q<\/span><span data-contrast=\"auto\">ue ja fa m\u00e9s de 20 anys que hi particip<\/span><span data-contrast=\"auto\">a<\/span><span data-contrast=\"auto\">\u00a0<\/span><span data-contrast=\"auto\">i, de\u00a0<\/span><span data-contrast=\"auto\">la mateixa manera<\/span><span data-contrast=\"auto\">, mantenir l\u2019estret vincle amb<\/span><span data-contrast=\"auto\">\u00a0<\/span><span data-contrast=\"auto\">la comarca <a href=\"http:\/\/artyplan.com\/ca\/els-nostres-centres\/artyplan-vic\/\" target=\"_blank\" rel=\"noopener\">d\u2019Osona<\/a>.<\/span><span data-ccp-props=\"{&quot;201341983&quot;:0,&quot;335551550&quot;:6,&quot;335551620&quot;:6,&quot;335559739&quot;:160,&quot;335559740&quot;:259,&quot;469777462&quot;:[720,1440,2160,2880,3600,4320,5040,5760,6480,7200,7920,8640],&quot;469777927&quot;:[0,0,0,0,0,0,0,0,0,0,0,0],&quot;469777928&quot;:[1,1,1,1,1,1,1,1,1,1,1,1]}\">\u00a0<\/span><\/p>\n","protected":false},"excerpt":{"rendered":"<p>Artyplan participa en l\u2019acte d\u2019entrega de les beques UAlumni de la UVic-UCC als alumnes de Cicles Formatius de Grau Superior (CFGS), que enguany, s\u2019ha celebrat en format telem\u00e0tic.\u00a0 Les Beques UAlumni a Cicles Formatius de Grau Superior\u00a0\u00e9s una iniciativa d\u2019UAlumni, entitat que aglutina els antics alumnes de la UVic-UCC i que permet mantenir el contacte [&hellip;]<\/p>\n","protected":false},"author":3,"featured_media":5081,"comment_status":"closed","ping_status":"closed","sticky":false,"template":"","format":"standard","meta":{"footnotes":""},"categories":[1],"tags":[],"class_list":["post-5080","post","type-post","status-publish","format-standard","has-post-thumbnail","hentry","category-sense-categoritzar"],"yoast_head":"<!-- This site is optimized with the Yoast SEO Premium plugin v26.5 (Yoast SEO v26.5) - https:\/\/yoast.com\/wordpress\/plugins\/seo\/ -->\n<title>Artyplan a l\u2019entrega de la beca UAlumni de la UVic-UCC<\/title>\n<meta name=\"description\" content=\"Artyplan participa en l&#039;entrega de les beques UAlumni de la UVic-UCC als alumnes de Cicles Formatius de Grau Superior (CFGS).\" \/>\n<meta name=\"robots\" content=\"index, follow, max-snippet:-1, max-image-preview:large, max-video-preview:-1\" \/>\n<link rel=\"canonical\" href=\"https:\/\/artyplan.com\/ca\/blog\/artyplan-entrega-beques-ualumni-uvic-ucc\/\" \/>\n<meta property=\"og:locale\" content=\"ca_ES\" \/>\n<meta property=\"og:type\" content=\"article\" \/>\n<meta property=\"og:title\" content=\"Artyplan a l\u2019entrega de la beca UAlumni de la UVic-UCC\" \/>\n<meta property=\"og:description\" content=\"Artyplan participa en l&#039;entrega de les beques UAlumni de la UVic-UCC als alumnes de Cicles Formatius de Grau Superior (CFGS).\" \/>\n<meta property=\"og:url\" content=\"https:\/\/artyplan.com\/ca\/blog\/artyplan-entrega-beques-ualumni-uvic-ucc\/\" \/>\n<meta property=\"og:site_name\" content=\"Artyplan\" \/>\n<meta property=\"article:publisher\" content=\"https:\/\/www.facebook.com\/artyplan\" \/>\n<meta property=\"article:published_time\" content=\"2021-02-17T22:00:00+00:00\" \/>\n<meta property=\"article:modified_time\" content=\"2025-09-07T14:08:59+00:00\" \/>\n<meta property=\"og:image\" content=\"https:\/\/artyplan.com\/wp-content\/uploads\/2025\/09\/beques-cgfs-ualumni-1.jpg\" \/>\n\t<meta property=\"og:image:width\" content=\"960\" \/>\n\t<meta property=\"og:image:height\" content=\"650\" \/>\n\t<meta property=\"og:image:type\" content=\"image\/jpeg\" \/>\n<meta name=\"author\" content=\"Sergio Triguero\" \/>\n<meta name=\"twitter:card\" content=\"summary_large_image\" \/>\n<meta name=\"twitter:label1\" content=\"Escrit per\" \/>\n\t<meta name=\"twitter:data1\" content=\"Sergio Triguero\" \/>\n\t<meta name=\"twitter:label2\" content=\"Temps estimat de lectura\" \/>\n\t<meta name=\"twitter:data2\" content=\"1 minut\" \/>\n<script type=\"application\/ld+json\" class=\"yoast-schema-graph\">{\"@context\":\"https:\/\/schema.org\",\"@graph\":[{\"@type\":\"Article\",\"@id\":\"https:\/\/artyplan.com\/ca\/blog\/artyplan-entrega-beques-ualumni-uvic-ucc\/#article\",\"isPartOf\":{\"@id\":\"https:\/\/artyplan.com\/ca\/blog\/artyplan-entrega-beques-ualumni-uvic-ucc\/\"},\"author\":{\"name\":\"Sergio Triguero\",\"@id\":\"https:\/\/artyplan.com\/ca\/#\/schema\/person\/0ef19accced432bc277b8d5248cd2cc0\"},\"headline\":\"Artyplan a l\u2019entrega de la beca UAlumni de la UVic-UCC\",\"datePublished\":\"2021-02-17T22:00:00+00:00\",\"dateModified\":\"2025-09-07T14:08:59+00:00\",\"mainEntityOfPage\":{\"@id\":\"https:\/\/artyplan.com\/ca\/blog\/artyplan-entrega-beques-ualumni-uvic-ucc\/\"},\"wordCount\":270,\"publisher\":{\"@id\":\"https:\/\/artyplan.com\/ca\/#organization\"},\"image\":{\"@id\":\"https:\/\/artyplan.com\/ca\/blog\/artyplan-entrega-beques-ualumni-uvic-ucc\/#primaryimage\"},\"thumbnailUrl\":\"https:\/\/artyplan.com\/wp-content\/uploads\/2025\/09\/beques-cgfs-ualumni-1.jpg\",\"articleSection\":[\"Sense-categoritzar\"],\"inLanguage\":\"ca\"},{\"@type\":\"WebPage\",\"@id\":\"https:\/\/artyplan.com\/ca\/blog\/artyplan-entrega-beques-ualumni-uvic-ucc\/\",\"url\":\"https:\/\/artyplan.com\/ca\/blog\/artyplan-entrega-beques-ualumni-uvic-ucc\/\",\"name\":\"Artyplan a l\u2019entrega de la beca UAlumni de la UVic-UCC\",\"isPartOf\":{\"@id\":\"https:\/\/artyplan.com\/ca\/#website\"},\"primaryImageOfPage\":{\"@id\":\"https:\/\/artyplan.com\/ca\/blog\/artyplan-entrega-beques-ualumni-uvic-ucc\/#primaryimage\"},\"image\":{\"@id\":\"https:\/\/artyplan.com\/ca\/blog\/artyplan-entrega-beques-ualumni-uvic-ucc\/#primaryimage\"},\"thumbnailUrl\":\"https:\/\/artyplan.com\/wp-content\/uploads\/2025\/09\/beques-cgfs-ualumni-1.jpg\",\"datePublished\":\"2021-02-17T22:00:00+00:00\",\"dateModified\":\"2025-09-07T14:08:59+00:00\",\"description\":\"Artyplan participa en l'entrega de les beques UAlumni de la UVic-UCC als alumnes de Cicles Formatius de Grau Superior (CFGS).\",\"breadcrumb\":{\"@id\":\"https:\/\/artyplan.com\/ca\/blog\/artyplan-entrega-beques-ualumni-uvic-ucc\/#breadcrumb\"},\"inLanguage\":\"ca\",\"potentialAction\":[{\"@type\":\"ReadAction\",\"target\":[\"https:\/\/artyplan.com\/ca\/blog\/artyplan-entrega-beques-ualumni-uvic-ucc\/\"]}]},{\"@type\":\"ImageObject\",\"inLanguage\":\"ca\",\"@id\":\"https:\/\/artyplan.com\/ca\/blog\/artyplan-entrega-beques-ualumni-uvic-ucc\/#primaryimage\",\"url\":\"https:\/\/artyplan.com\/wp-content\/uploads\/2025\/09\/beques-cgfs-ualumni-1.jpg\",\"contentUrl\":\"https:\/\/artyplan.com\/wp-content\/uploads\/2025\/09\/beques-cgfs-ualumni-1.jpg\",\"width\":960,\"height\":650,\"caption\":\"artyplan beques cfgs ualumni uvic-ucc|artyplan beca ualumni uvic-ucc|artyplan beques ualumni uvic-ucc\"},{\"@type\":\"BreadcrumbList\",\"@id\":\"https:\/\/artyplan.com\/ca\/blog\/artyplan-entrega-beques-ualumni-uvic-ucc\/#breadcrumb\",\"itemListElement\":[{\"@type\":\"ListItem\",\"position\":1,\"name\":\"Artyplan\",\"item\":\"https:\/\/artyplan.com\/ca\/\"},{\"@type\":\"ListItem\",\"position\":2,\"name\":\"Artyplan a l\u2019entrega de la beca UAlumni de la UVic-UCC\"}]},{\"@type\":\"WebSite\",\"@id\":\"https:\/\/artyplan.com\/ca\/#website\",\"url\":\"https:\/\/artyplan.com\/ca\/\",\"name\":\"Artyplan\",\"description\":\"\",\"publisher\":{\"@id\":\"https:\/\/artyplan.com\/ca\/#organization\"},\"potentialAction\":[{\"@type\":\"SearchAction\",\"target\":{\"@type\":\"EntryPoint\",\"urlTemplate\":\"https:\/\/artyplan.com\/ca\/?s={search_term_string}\"},\"query-input\":{\"@type\":\"PropertyValueSpecification\",\"valueRequired\":true,\"valueName\":\"search_term_string\"}}],\"inLanguage\":\"ca\"},{\"@type\":\"Organization\",\"@id\":\"https:\/\/artyplan.com\/ca\/#organization\",\"name\":\"Artyplan\",\"url\":\"https:\/\/artyplan.com\/ca\/\",\"logo\":{\"@type\":\"ImageObject\",\"inLanguage\":\"ca\",\"@id\":\"https:\/\/artyplan.com\/ca\/#\/schema\/logo\/image\/\",\"url\":\"https:\/\/artyplan.com\/wp-content\/uploads\/2025\/12\/Logo-artyplan-690x690-1.png\",\"contentUrl\":\"https:\/\/artyplan.com\/wp-content\/uploads\/2025\/12\/Logo-artyplan-690x690-1.png\",\"width\":690,\"height\":690,\"caption\":\"Artyplan\"},\"image\":{\"@id\":\"https:\/\/artyplan.com\/ca\/#\/schema\/logo\/image\/\"},\"sameAs\":[\"https:\/\/www.facebook.com\/artyplan\",\"https:\/\/www.instagram.com\/artyplan\/\",\"https:\/\/www.linkedin.com\/company\/artyplan\"],\"description\":\"Artyplan \u00e9s una empresa especialitzada en producci\u00f3 gr\u00e0fica i comunicaci\u00f3 visual amb 60 anys dexperi\u00e8ncia. Oferim solucions integrals d'impressi\u00f3 en gran format, PLV i retail, gesti\u00f3 d'esdeveniments i fires, disseny i fabricaci\u00f3 a mida, log\u00edstica i serveis d'instal\u00b7laci\u00f3 a tot el territori. Treballem per a marques, ag\u00e8ncies, espais comercials i institucions que necessiten un partner fiable per desenvolupar campanyes de m\u00e0rqueting, projectes de retail i accions de branding o m\u00e0rqueting. Combinem tecnologia avan\u00e7ada d\u00b4impressi\u00f3 digital, un equip expert i una gesti\u00f3 completa de projectes per garantir qualitat, agilitat i resultats a mida per a cada client. Disposem de plataformes B2B que faciliten als nostres clients la gesti\u00f3 de les comandes de materials impresos aix\u00ed com la log\u00edstica dels mateixos.\",\"email\":\"info@artyplan.com\",\"telephone\":\"+34 93 200 87 99\",\"legalName\":\"Artyplan S.L.\",\"vatID\":\"B61963229\",\"numberOfEmployees\":{\"@type\":\"QuantitativeValue\",\"minValue\":\"51\",\"maxValue\":\"200\"}},{\"@type\":\"Person\",\"@id\":\"https:\/\/artyplan.com\/ca\/#\/schema\/person\/0ef19accced432bc277b8d5248cd2cc0\",\"name\":\"Sergio Triguero\",\"image\":{\"@type\":\"ImageObject\",\"inLanguage\":\"ca\",\"@id\":\"https:\/\/artyplan.com\/ca\/#\/schema\/person\/image\/\",\"url\":\"https:\/\/secure.gravatar.com\/avatar\/c742a95811ffbc635a3d111ab446f278cce576575d14970fd5d56e17580c3f23?s=96&d=mm&r=g\",\"contentUrl\":\"https:\/\/secure.gravatar.com\/avatar\/c742a95811ffbc635a3d111ab446f278cce576575d14970fd5d56e17580c3f23?s=96&d=mm&r=g\",\"caption\":\"Sergio Triguero\"}}]}<\/script>\n<!-- \/ Yoast SEO Premium plugin. -->","yoast_head_json":{"title":"Artyplan a l\u2019entrega de la beca UAlumni de la UVic-UCC","description":"Artyplan participa en l'entrega de les beques UAlumni de la UVic-UCC als alumnes de Cicles Formatius de Grau Superior (CFGS).","robots":{"index":"index","follow":"follow","max-snippet":"max-snippet:-1","max-image-preview":"max-image-preview:large","max-video-preview":"max-video-preview:-1"},"canonical":"https:\/\/artyplan.com\/ca\/blog\/artyplan-entrega-beques-ualumni-uvic-ucc\/","og_locale":"ca_ES","og_type":"article","og_title":"Artyplan a l\u2019entrega de la beca UAlumni de la UVic-UCC","og_description":"Artyplan participa en l'entrega de les beques UAlumni de la UVic-UCC als alumnes de Cicles Formatius de Grau Superior (CFGS).","og_url":"https:\/\/artyplan.com\/ca\/blog\/artyplan-entrega-beques-ualumni-uvic-ucc\/","og_site_name":"Artyplan","article_publisher":"https:\/\/www.facebook.com\/artyplan","article_published_time":"2021-02-17T22:00:00+00:00","article_modified_time":"2025-09-07T14:08:59+00:00","og_image":[{"width":960,"height":650,"url":"https:\/\/artyplan.com\/wp-content\/uploads\/2025\/09\/beques-cgfs-ualumni-1.jpg","type":"image\/jpeg"}],"author":"Sergio Triguero","twitter_card":"summary_large_image","twitter_misc":{"Escrit per":"Sergio Triguero","Temps estimat de lectura":"1 minut"},"schema":{"@context":"https:\/\/schema.org","@graph":[{"@type":"Article","@id":"https:\/\/artyplan.com\/ca\/blog\/artyplan-entrega-beques-ualumni-uvic-ucc\/#article","isPartOf":{"@id":"https:\/\/artyplan.com\/ca\/blog\/artyplan-entrega-beques-ualumni-uvic-ucc\/"},"author":{"name":"Sergio Triguero","@id":"https:\/\/artyplan.com\/ca\/#\/schema\/person\/0ef19accced432bc277b8d5248cd2cc0"},"headline":"Artyplan a l\u2019entrega de la beca UAlumni de la UVic-UCC","datePublished":"2021-02-17T22:00:00+00:00","dateModified":"2025-09-07T14:08:59+00:00","mainEntityOfPage":{"@id":"https:\/\/artyplan.com\/ca\/blog\/artyplan-entrega-beques-ualumni-uvic-ucc\/"},"wordCount":270,"publisher":{"@id":"https:\/\/artyplan.com\/ca\/#organization"},"image":{"@id":"https:\/\/artyplan.com\/ca\/blog\/artyplan-entrega-beques-ualumni-uvic-ucc\/#primaryimage"},"thumbnailUrl":"https:\/\/artyplan.com\/wp-content\/uploads\/2025\/09\/beques-cgfs-ualumni-1.jpg","articleSection":["Sense-categoritzar"],"inLanguage":"ca"},{"@type":"WebPage","@id":"https:\/\/artyplan.com\/ca\/blog\/artyplan-entrega-beques-ualumni-uvic-ucc\/","url":"https:\/\/artyplan.com\/ca\/blog\/artyplan-entrega-beques-ualumni-uvic-ucc\/","name":"Artyplan a l\u2019entrega de la beca UAlumni de la UVic-UCC","isPartOf":{"@id":"https:\/\/artyplan.com\/ca\/#website"},"primaryImageOfPage":{"@id":"https:\/\/artyplan.com\/ca\/blog\/artyplan-entrega-beques-ualumni-uvic-ucc\/#primaryimage"},"image":{"@id":"https:\/\/artyplan.com\/ca\/blog\/artyplan-entrega-beques-ualumni-uvic-ucc\/#primaryimage"},"thumbnailUrl":"https:\/\/artyplan.com\/wp-content\/uploads\/2025\/09\/beques-cgfs-ualumni-1.jpg","datePublished":"2021-02-17T22:00:00+00:00","dateModified":"2025-09-07T14:08:59+00:00","description":"Artyplan participa en l'entrega de les beques UAlumni de la UVic-UCC als alumnes de Cicles Formatius de Grau Superior (CFGS).","breadcrumb":{"@id":"https:\/\/artyplan.com\/ca\/blog\/artyplan-entrega-beques-ualumni-uvic-ucc\/#breadcrumb"},"inLanguage":"ca","potentialAction":[{"@type":"ReadAction","target":["https:\/\/artyplan.com\/ca\/blog\/artyplan-entrega-beques-ualumni-uvic-ucc\/"]}]},{"@type":"ImageObject","inLanguage":"ca","@id":"https:\/\/artyplan.com\/ca\/blog\/artyplan-entrega-beques-ualumni-uvic-ucc\/#primaryimage","url":"https:\/\/artyplan.com\/wp-content\/uploads\/2025\/09\/beques-cgfs-ualumni-1.jpg","contentUrl":"https:\/\/artyplan.com\/wp-content\/uploads\/2025\/09\/beques-cgfs-ualumni-1.jpg","width":960,"height":650,"caption":"artyplan beques cfgs ualumni uvic-ucc|artyplan beca ualumni uvic-ucc|artyplan beques ualumni uvic-ucc"},{"@type":"BreadcrumbList","@id":"https:\/\/artyplan.com\/ca\/blog\/artyplan-entrega-beques-ualumni-uvic-ucc\/#breadcrumb","itemListElement":[{"@type":"ListItem","position":1,"name":"Artyplan","item":"https:\/\/artyplan.com\/ca\/"},{"@type":"ListItem","position":2,"name":"Artyplan a l\u2019entrega de la beca UAlumni de la UVic-UCC"}]},{"@type":"WebSite","@id":"https:\/\/artyplan.com\/ca\/#website","url":"https:\/\/artyplan.com\/ca\/","name":"Artyplan","description":"","publisher":{"@id":"https:\/\/artyplan.com\/ca\/#organization"},"potentialAction":[{"@type":"SearchAction","target":{"@type":"EntryPoint","urlTemplate":"https:\/\/artyplan.com\/ca\/?s={search_term_string}"},"query-input":{"@type":"PropertyValueSpecification","valueRequired":true,"valueName":"search_term_string"}}],"inLanguage":"ca"},{"@type":"Organization","@id":"https:\/\/artyplan.com\/ca\/#organization","name":"Artyplan","url":"https:\/\/artyplan.com\/ca\/","logo":{"@type":"ImageObject","inLanguage":"ca","@id":"https:\/\/artyplan.com\/ca\/#\/schema\/logo\/image\/","url":"https:\/\/artyplan.com\/wp-content\/uploads\/2025\/12\/Logo-artyplan-690x690-1.png","contentUrl":"https:\/\/artyplan.com\/wp-content\/uploads\/2025\/12\/Logo-artyplan-690x690-1.png","width":690,"height":690,"caption":"Artyplan"},"image":{"@id":"https:\/\/artyplan.com\/ca\/#\/schema\/logo\/image\/"},"sameAs":["https:\/\/www.facebook.com\/artyplan","https:\/\/www.instagram.com\/artyplan\/","https:\/\/www.linkedin.com\/company\/artyplan"],"description":"Artyplan \u00e9s una empresa especialitzada en producci\u00f3 gr\u00e0fica i comunicaci\u00f3 visual amb 60 anys dexperi\u00e8ncia. Oferim solucions integrals d'impressi\u00f3 en gran format, PLV i retail, gesti\u00f3 d'esdeveniments i fires, disseny i fabricaci\u00f3 a mida, log\u00edstica i serveis d'instal\u00b7laci\u00f3 a tot el territori. Treballem per a marques, ag\u00e8ncies, espais comercials i institucions que necessiten un partner fiable per desenvolupar campanyes de m\u00e0rqueting, projectes de retail i accions de branding o m\u00e0rqueting. Combinem tecnologia avan\u00e7ada d\u00b4impressi\u00f3 digital, un equip expert i una gesti\u00f3 completa de projectes per garantir qualitat, agilitat i resultats a mida per a cada client. Disposem de plataformes B2B que faciliten als nostres clients la gesti\u00f3 de les comandes de materials impresos aix\u00ed com la log\u00edstica dels mateixos.","email":"info@artyplan.com","telephone":"+34 93 200 87 99","legalName":"Artyplan S.L.","vatID":"B61963229","numberOfEmployees":{"@type":"QuantitativeValue","minValue":"51","maxValue":"200"}},{"@type":"Person","@id":"https:\/\/artyplan.com\/ca\/#\/schema\/person\/0ef19accced432bc277b8d5248cd2cc0","name":"Sergio Triguero","image":{"@type":"ImageObject","inLanguage":"ca","@id":"https:\/\/artyplan.com\/ca\/#\/schema\/person\/image\/","url":"https:\/\/secure.gravatar.com\/avatar\/c742a95811ffbc635a3d111ab446f278cce576575d14970fd5d56e17580c3f23?s=96&d=mm&r=g","contentUrl":"https:\/\/secure.gravatar.com\/avatar\/c742a95811ffbc635a3d111ab446f278cce576575d14970fd5d56e17580c3f23?s=96&d=mm&r=g","caption":"Sergio Triguero"}}]}},"_links":{"self":[{"href":"https:\/\/artyplan.com\/ca\/wp-json\/wp\/v2\/posts\/5080","targetHints":{"allow":["GET"]}}],"collection":[{"href":"https:\/\/artyplan.com\/ca\/wp-json\/wp\/v2\/posts"}],"about":[{"href":"https:\/\/artyplan.com\/ca\/wp-json\/wp\/v2\/types\/post"}],"author":[{"embeddable":true,"href":"https:\/\/artyplan.com\/ca\/wp-json\/wp\/v2\/users\/3"}],"replies":[{"embeddable":true,"href":"https:\/\/artyplan.com\/ca\/wp-json\/wp\/v2\/comments?post=5080"}],"version-history":[{"count":1,"href":"https:\/\/artyplan.com\/ca\/wp-json\/wp\/v2\/posts\/5080\/revisions"}],"predecessor-version":[{"id":6248,"href":"https:\/\/artyplan.com\/ca\/wp-json\/wp\/v2\/posts\/5080\/revisions\/6248"}],"wp:featuredmedia":[{"embeddable":true,"href":"https:\/\/artyplan.com\/ca\/wp-json\/wp\/v2\/media\/5081"}],"wp:attachment":[{"href":"https:\/\/artyplan.com\/ca\/wp-json\/wp\/v2\/media?parent=5080"}],"wp:term":[{"taxonomy":"category","embeddable":true,"href":"https:\/\/artyplan.com\/ca\/wp-json\/wp\/v2\/categories?post=5080"},{"taxonomy":"post_tag","embeddable":true,"href":"https:\/\/artyplan.com\/ca\/wp-json\/wp\/v2\/tags?post=5080"}],"curies":[{"name":"wp","href":"https:\/\/api.w.org\/{rel}","templated":true}]}}