{"id":5090,"date":"2021-03-09T00:00:00","date_gmt":"2021-03-08T22:00:00","guid":{"rendered":"https:\/\/preweb.artyplan.com\/sin-categorizar\/digitalitzar-el-padro\/"},"modified":"2025-09-07T16:09:09","modified_gmt":"2025-09-07T14:09:09","slug":"digitalitzar-el-padro","status":"publish","type":"post","link":"https:\/\/artyplan.com\/ca\/blog\/digitalitzar-el-padro\/","title":{"rendered":"Digitalitzar el padr\u00f3"},"content":{"rendered":"<p>Cada vegada es t\u00e9 m\u00e9s en compte que si no est\u00e0s a Internet, no existeixes, ja que aquesta xarxa permet la connexi\u00f3 de la teva entitat o empresa amb el m\u00f3n. Per\u00f2 no nom\u00e9s est\u00e0 centrada en l\u2019\u00e0mbit del comer\u00e7 i l\u2019intercanvi de b\u00e9ns, sin\u00f3 que cada cop rep m\u00e9s import\u00e0ncia la transpar\u00e8ncia de les institucions amb els usuaris. Mitjan\u00e7ant la digitalitzaci\u00f3 i gesti\u00f3 d\u2019arxius, dades i\u00a0 projectes que t\u00e9 una instituci\u00f3 es pot aconseguir un elevat grau de transpar\u00e8ncia, que sigui f\u00e0cil i accessible per tothom.<\/p>\n<h2>El padr\u00f3<\/h2>\n<p>Un dels documents m\u00e9s importants a l\u2019ajuntament \u00e9s el registre de poblaci\u00f3 de potestat municipal (el padr\u00f3). Aquest \u00e9s un registre administratiu on consta la informaci\u00f3 dels ve\u00efns del municipi. L\u2019ajuntament de la localitat l\u2019ha de crear, mantenir, revisar i custodiar.<\/p>\n<h2>La digitalitzaci\u00f3<\/h2>\n<p>Per tal de tenir un arxiu de padrons ben organitzat i amb el mateix format que els documents actuals \u00e9s important que els padrons municipals hist\u00f2rics estiguin en format digital i per tant, siguin de f\u00e0cil acc\u00e9s per la ciutadania i que el responsable dins de la instituci\u00f3 vetlli pel seu manteniment i preservaci\u00f3.<\/p>\n<p>A <a href=\"http:\/\/artyplan.com\/ca\/serveis\/digitalitzacio-i-gestio-documental\/\" target=\"_blank\" rel=\"noopener\">Artyplan Document<\/a> estem especialitzats en la digitalitzaci\u00f3 de documents hist\u00f2rics per tal de garantir la preservaci\u00f3 del fons hist\u00f2ric de les institucions. Aquest proc\u00e9s consisteix en:<\/p>\n<ul>\n<li>Recollir el document original amb log\u00edstica pr\u00f2pia o mitjan\u00e7ant una unitat m\u00f2bil a casa del client.<\/li>\n<li>Capturar la imatge amb maquin\u00e0ria d\u2019\u00faltima generaci\u00f3. (fitxer m\u00e0ster)<\/li>\n<li>Realitzar la conversi\u00f3 autom\u00e0tica del fitxer m\u00e0ster per tal d\u2019adaptar-se a la seva finalitat.<\/li>\n<\/ul>\n<p>El nostre departament li pot oferir assessorament, consultoria i execuci\u00f3 de plans de preservaci\u00f3 digital, adaptant la metodologia i el sistema de captura.<\/p>\n","protected":false},"excerpt":{"rendered":"<p>Cada vegada es t\u00e9 m\u00e9s en compte que si no est\u00e0s a Internet, no existeixes, ja que aquesta xarxa permet la connexi\u00f3 de la teva entitat o empresa amb el m\u00f3n. Per\u00f2 no nom\u00e9s est\u00e0 centrada en l\u2019\u00e0mbit del comer\u00e7 i l\u2019intercanvi de b\u00e9ns, sin\u00f3 que cada cop rep m\u00e9s import\u00e0ncia la transpar\u00e8ncia de les [&hellip;]<\/p>\n","protected":false},"author":3,"featured_media":6955,"comment_status":"closed","ping_status":"closed","sticky":false,"template":"","format":"standard","meta":{"footnotes":""},"categories":[1],"tags":[],"class_list":["post-5090","post","type-post","status-publish","format-standard","has-post-thumbnail","hentry","category-sense-categoritzar"],"yoast_head":"<!-- This site is optimized with the Yoast SEO Premium plugin v26.5 (Yoast SEO v26.5) - https:\/\/yoast.com\/wordpress\/plugins\/seo\/ -->\n<title>Digitalitzar el padr\u00f3 del teu ajuntament amb Artyplan<\/title>\n<meta name=\"description\" content=\"Digitalitzar el padr\u00f3 del teu ajuntament. El padr\u00f3 del teu ajuntament \u00e9s pot digitalitzar i teniu un arxiu organitzat.\" \/>\n<meta name=\"robots\" content=\"index, follow, max-snippet:-1, max-image-preview:large, max-video-preview:-1\" \/>\n<link rel=\"canonical\" href=\"https:\/\/artyplan.com\/ca\/blog\/digitalitzar-el-padro\/\" \/>\n<meta property=\"og:locale\" content=\"ca_ES\" \/>\n<meta property=\"og:type\" content=\"article\" \/>\n<meta property=\"og:title\" content=\"Digitalitzar el padr\u00f3\" \/>\n<meta property=\"og:description\" content=\"Digitalitzar el padr\u00f3 del teu ajuntament. El padr\u00f3 del teu ajuntament \u00e9s pot digitalitzar i teniu un arxiu organitzat.\" \/>\n<meta property=\"og:url\" content=\"https:\/\/artyplan.com\/ca\/blog\/digitalitzar-el-padro\/\" \/>\n<meta property=\"og:site_name\" content=\"Artyplan\" \/>\n<meta property=\"article:publisher\" content=\"https:\/\/www.facebook.com\/artyplan\" \/>\n<meta property=\"article:published_time\" content=\"2021-03-08T22:00:00+00:00\" \/>\n<meta property=\"article:modified_time\" content=\"2025-09-07T14:09:09+00:00\" \/>\n<meta property=\"og:image\" content=\"https:\/\/artyplan.com\/wp-content\/uploads\/2025\/09\/digitalizar-padron.jpg\" \/>\n\t<meta property=\"og:image:width\" content=\"1920\" \/>\n\t<meta property=\"og:image:height\" content=\"600\" \/>\n\t<meta property=\"og:image:type\" content=\"image\/jpeg\" \/>\n<meta name=\"author\" content=\"Sergio Triguero\" \/>\n<meta name=\"twitter:card\" content=\"summary_large_image\" \/>\n<meta name=\"twitter:label1\" content=\"Escrit per\" \/>\n\t<meta name=\"twitter:data1\" content=\"Sergio Triguero\" \/>\n\t<meta name=\"twitter:label2\" content=\"Temps estimat de lectura\" \/>\n\t<meta name=\"twitter:data2\" content=\"2 minuts\" \/>\n<script type=\"application\/ld+json\" class=\"yoast-schema-graph\">{\"@context\":\"https:\/\/schema.org\",\"@graph\":[{\"@type\":\"Article\",\"@id\":\"https:\/\/artyplan.com\/ca\/blog\/digitalitzar-el-padro\/#article\",\"isPartOf\":{\"@id\":\"https:\/\/artyplan.com\/ca\/blog\/digitalitzar-el-padro\/\"},\"author\":{\"name\":\"Sergio Triguero\",\"@id\":\"https:\/\/artyplan.com\/ca\/#\/schema\/person\/0ef19accced432bc277b8d5248cd2cc0\"},\"headline\":\"Digitalitzar el padr\u00f3\",\"datePublished\":\"2021-03-08T22:00:00+00:00\",\"dateModified\":\"2025-09-07T14:09:09+00:00\",\"mainEntityOfPage\":{\"@id\":\"https:\/\/artyplan.com\/ca\/blog\/digitalitzar-el-padro\/\"},\"wordCount\":313,\"publisher\":{\"@id\":\"https:\/\/artyplan.com\/ca\/#organization\"},\"image\":{\"@id\":\"https:\/\/artyplan.com\/ca\/blog\/digitalitzar-el-padro\/#primaryimage\"},\"thumbnailUrl\":\"https:\/\/artyplan.com\/wp-content\/uploads\/2025\/09\/digitalizar-padron.jpg\",\"articleSection\":[\"Sense-categoritzar\"],\"inLanguage\":\"ca\"},{\"@type\":\"WebPage\",\"@id\":\"https:\/\/artyplan.com\/ca\/blog\/digitalitzar-el-padro\/\",\"url\":\"https:\/\/artyplan.com\/ca\/blog\/digitalitzar-el-padro\/\",\"name\":\"Digitalitzar el padr\u00f3 del teu ajuntament amb Artyplan\",\"isPartOf\":{\"@id\":\"https:\/\/artyplan.com\/ca\/#website\"},\"primaryImageOfPage\":{\"@id\":\"https:\/\/artyplan.com\/ca\/blog\/digitalitzar-el-padro\/#primaryimage\"},\"image\":{\"@id\":\"https:\/\/artyplan.com\/ca\/blog\/digitalitzar-el-padro\/#primaryimage\"},\"thumbnailUrl\":\"https:\/\/artyplan.com\/wp-content\/uploads\/2025\/09\/digitalizar-padron.jpg\",\"datePublished\":\"2021-03-08T22:00:00+00:00\",\"dateModified\":\"2025-09-07T14:09:09+00:00\",\"description\":\"Digitalitzar el padr\u00f3 del teu ajuntament. El padr\u00f3 del teu ajuntament \u00e9s pot digitalitzar i teniu un arxiu organitzat.\",\"breadcrumb\":{\"@id\":\"https:\/\/artyplan.com\/ca\/blog\/digitalitzar-el-padro\/#breadcrumb\"},\"inLanguage\":\"ca\",\"potentialAction\":[{\"@type\":\"ReadAction\",\"target\":[\"https:\/\/artyplan.com\/ca\/blog\/digitalitzar-el-padro\/\"]}]},{\"@type\":\"ImageObject\",\"inLanguage\":\"ca\",\"@id\":\"https:\/\/artyplan.com\/ca\/blog\/digitalitzar-el-padro\/#primaryimage\",\"url\":\"https:\/\/artyplan.com\/wp-content\/uploads\/2025\/09\/digitalizar-padron.jpg\",\"contentUrl\":\"https:\/\/artyplan.com\/wp-content\/uploads\/2025\/09\/digitalizar-padron.jpg\",\"width\":1920,\"height\":600,\"caption\":\"digitalizaci\u00f3n de un padr\u00f3n municipal\"},{\"@type\":\"BreadcrumbList\",\"@id\":\"https:\/\/artyplan.com\/ca\/blog\/digitalitzar-el-padro\/#breadcrumb\",\"itemListElement\":[{\"@type\":\"ListItem\",\"position\":1,\"name\":\"Artyplan\",\"item\":\"https:\/\/artyplan.com\/ca\/\"},{\"@type\":\"ListItem\",\"position\":2,\"name\":\"Digitalitzar el padr\u00f3\"}]},{\"@type\":\"WebSite\",\"@id\":\"https:\/\/artyplan.com\/ca\/#website\",\"url\":\"https:\/\/artyplan.com\/ca\/\",\"name\":\"Artyplan\",\"description\":\"\",\"publisher\":{\"@id\":\"https:\/\/artyplan.com\/ca\/#organization\"},\"potentialAction\":[{\"@type\":\"SearchAction\",\"target\":{\"@type\":\"EntryPoint\",\"urlTemplate\":\"https:\/\/artyplan.com\/ca\/?s={search_term_string}\"},\"query-input\":{\"@type\":\"PropertyValueSpecification\",\"valueRequired\":true,\"valueName\":\"search_term_string\"}}],\"inLanguage\":\"ca\"},{\"@type\":\"Organization\",\"@id\":\"https:\/\/artyplan.com\/ca\/#organization\",\"name\":\"Artyplan\",\"url\":\"https:\/\/artyplan.com\/ca\/\",\"logo\":{\"@type\":\"ImageObject\",\"inLanguage\":\"ca\",\"@id\":\"https:\/\/artyplan.com\/ca\/#\/schema\/logo\/image\/\",\"url\":\"https:\/\/artyplan.com\/wp-content\/uploads\/2025\/12\/Logo-artyplan-690x690-1.png\",\"contentUrl\":\"https:\/\/artyplan.com\/wp-content\/uploads\/2025\/12\/Logo-artyplan-690x690-1.png\",\"width\":690,\"height\":690,\"caption\":\"Artyplan\"},\"image\":{\"@id\":\"https:\/\/artyplan.com\/ca\/#\/schema\/logo\/image\/\"},\"sameAs\":[\"https:\/\/www.facebook.com\/artyplan\",\"https:\/\/www.instagram.com\/artyplan\/\",\"https:\/\/www.linkedin.com\/company\/artyplan\"],\"description\":\"Artyplan \u00e9s una empresa especialitzada en producci\u00f3 gr\u00e0fica i comunicaci\u00f3 visual amb 60 anys dexperi\u00e8ncia. Oferim solucions integrals d'impressi\u00f3 en gran format, PLV i retail, gesti\u00f3 d'esdeveniments i fires, disseny i fabricaci\u00f3 a mida, log\u00edstica i serveis d'instal\u00b7laci\u00f3 a tot el territori. Treballem per a marques, ag\u00e8ncies, espais comercials i institucions que necessiten un partner fiable per desenvolupar campanyes de m\u00e0rqueting, projectes de retail i accions de branding o m\u00e0rqueting. Combinem tecnologia avan\u00e7ada d\u00b4impressi\u00f3 digital, un equip expert i una gesti\u00f3 completa de projectes per garantir qualitat, agilitat i resultats a mida per a cada client. Disposem de plataformes B2B que faciliten als nostres clients la gesti\u00f3 de les comandes de materials impresos aix\u00ed com la log\u00edstica dels mateixos.\",\"email\":\"info@artyplan.com\",\"telephone\":\"+34 93 200 87 99\",\"legalName\":\"Artyplan S.L.\",\"vatID\":\"B61963229\",\"numberOfEmployees\":{\"@type\":\"QuantitativeValue\",\"minValue\":\"51\",\"maxValue\":\"200\"}},{\"@type\":\"Person\",\"@id\":\"https:\/\/artyplan.com\/ca\/#\/schema\/person\/0ef19accced432bc277b8d5248cd2cc0\",\"name\":\"Sergio Triguero\",\"image\":{\"@type\":\"ImageObject\",\"inLanguage\":\"ca\",\"@id\":\"https:\/\/artyplan.com\/ca\/#\/schema\/person\/image\/\",\"url\":\"https:\/\/secure.gravatar.com\/avatar\/c742a95811ffbc635a3d111ab446f278cce576575d14970fd5d56e17580c3f23?s=96&d=mm&r=g\",\"contentUrl\":\"https:\/\/secure.gravatar.com\/avatar\/c742a95811ffbc635a3d111ab446f278cce576575d14970fd5d56e17580c3f23?s=96&d=mm&r=g\",\"caption\":\"Sergio Triguero\"}}]}<\/script>\n<!-- \/ Yoast SEO Premium plugin. -->","yoast_head_json":{"title":"Digitalitzar el padr\u00f3 del teu ajuntament amb Artyplan","description":"Digitalitzar el padr\u00f3 del teu ajuntament. El padr\u00f3 del teu ajuntament \u00e9s pot digitalitzar i teniu un arxiu organitzat.","robots":{"index":"index","follow":"follow","max-snippet":"max-snippet:-1","max-image-preview":"max-image-preview:large","max-video-preview":"max-video-preview:-1"},"canonical":"https:\/\/artyplan.com\/ca\/blog\/digitalitzar-el-padro\/","og_locale":"ca_ES","og_type":"article","og_title":"Digitalitzar el padr\u00f3","og_description":"Digitalitzar el padr\u00f3 del teu ajuntament. El padr\u00f3 del teu ajuntament \u00e9s pot digitalitzar i teniu un arxiu organitzat.","og_url":"https:\/\/artyplan.com\/ca\/blog\/digitalitzar-el-padro\/","og_site_name":"Artyplan","article_publisher":"https:\/\/www.facebook.com\/artyplan","article_published_time":"2021-03-08T22:00:00+00:00","article_modified_time":"2025-09-07T14:09:09+00:00","og_image":[{"width":1920,"height":600,"url":"https:\/\/artyplan.com\/wp-content\/uploads\/2025\/09\/digitalizar-padron.jpg","type":"image\/jpeg"}],"author":"Sergio Triguero","twitter_card":"summary_large_image","twitter_misc":{"Escrit per":"Sergio Triguero","Temps estimat de lectura":"2 minuts"},"schema":{"@context":"https:\/\/schema.org","@graph":[{"@type":"Article","@id":"https:\/\/artyplan.com\/ca\/blog\/digitalitzar-el-padro\/#article","isPartOf":{"@id":"https:\/\/artyplan.com\/ca\/blog\/digitalitzar-el-padro\/"},"author":{"name":"Sergio Triguero","@id":"https:\/\/artyplan.com\/ca\/#\/schema\/person\/0ef19accced432bc277b8d5248cd2cc0"},"headline":"Digitalitzar el padr\u00f3","datePublished":"2021-03-08T22:00:00+00:00","dateModified":"2025-09-07T14:09:09+00:00","mainEntityOfPage":{"@id":"https:\/\/artyplan.com\/ca\/blog\/digitalitzar-el-padro\/"},"wordCount":313,"publisher":{"@id":"https:\/\/artyplan.com\/ca\/#organization"},"image":{"@id":"https:\/\/artyplan.com\/ca\/blog\/digitalitzar-el-padro\/#primaryimage"},"thumbnailUrl":"https:\/\/artyplan.com\/wp-content\/uploads\/2025\/09\/digitalizar-padron.jpg","articleSection":["Sense-categoritzar"],"inLanguage":"ca"},{"@type":"WebPage","@id":"https:\/\/artyplan.com\/ca\/blog\/digitalitzar-el-padro\/","url":"https:\/\/artyplan.com\/ca\/blog\/digitalitzar-el-padro\/","name":"Digitalitzar el padr\u00f3 del teu ajuntament amb Artyplan","isPartOf":{"@id":"https:\/\/artyplan.com\/ca\/#website"},"primaryImageOfPage":{"@id":"https:\/\/artyplan.com\/ca\/blog\/digitalitzar-el-padro\/#primaryimage"},"image":{"@id":"https:\/\/artyplan.com\/ca\/blog\/digitalitzar-el-padro\/#primaryimage"},"thumbnailUrl":"https:\/\/artyplan.com\/wp-content\/uploads\/2025\/09\/digitalizar-padron.jpg","datePublished":"2021-03-08T22:00:00+00:00","dateModified":"2025-09-07T14:09:09+00:00","description":"Digitalitzar el padr\u00f3 del teu ajuntament. El padr\u00f3 del teu ajuntament \u00e9s pot digitalitzar i teniu un arxiu organitzat.","breadcrumb":{"@id":"https:\/\/artyplan.com\/ca\/blog\/digitalitzar-el-padro\/#breadcrumb"},"inLanguage":"ca","potentialAction":[{"@type":"ReadAction","target":["https:\/\/artyplan.com\/ca\/blog\/digitalitzar-el-padro\/"]}]},{"@type":"ImageObject","inLanguage":"ca","@id":"https:\/\/artyplan.com\/ca\/blog\/digitalitzar-el-padro\/#primaryimage","url":"https:\/\/artyplan.com\/wp-content\/uploads\/2025\/09\/digitalizar-padron.jpg","contentUrl":"https:\/\/artyplan.com\/wp-content\/uploads\/2025\/09\/digitalizar-padron.jpg","width":1920,"height":600,"caption":"digitalizaci\u00f3n de un padr\u00f3n municipal"},{"@type":"BreadcrumbList","@id":"https:\/\/artyplan.com\/ca\/blog\/digitalitzar-el-padro\/#breadcrumb","itemListElement":[{"@type":"ListItem","position":1,"name":"Artyplan","item":"https:\/\/artyplan.com\/ca\/"},{"@type":"ListItem","position":2,"name":"Digitalitzar el padr\u00f3"}]},{"@type":"WebSite","@id":"https:\/\/artyplan.com\/ca\/#website","url":"https:\/\/artyplan.com\/ca\/","name":"Artyplan","description":"","publisher":{"@id":"https:\/\/artyplan.com\/ca\/#organization"},"potentialAction":[{"@type":"SearchAction","target":{"@type":"EntryPoint","urlTemplate":"https:\/\/artyplan.com\/ca\/?s={search_term_string}"},"query-input":{"@type":"PropertyValueSpecification","valueRequired":true,"valueName":"search_term_string"}}],"inLanguage":"ca"},{"@type":"Organization","@id":"https:\/\/artyplan.com\/ca\/#organization","name":"Artyplan","url":"https:\/\/artyplan.com\/ca\/","logo":{"@type":"ImageObject","inLanguage":"ca","@id":"https:\/\/artyplan.com\/ca\/#\/schema\/logo\/image\/","url":"https:\/\/artyplan.com\/wp-content\/uploads\/2025\/12\/Logo-artyplan-690x690-1.png","contentUrl":"https:\/\/artyplan.com\/wp-content\/uploads\/2025\/12\/Logo-artyplan-690x690-1.png","width":690,"height":690,"caption":"Artyplan"},"image":{"@id":"https:\/\/artyplan.com\/ca\/#\/schema\/logo\/image\/"},"sameAs":["https:\/\/www.facebook.com\/artyplan","https:\/\/www.instagram.com\/artyplan\/","https:\/\/www.linkedin.com\/company\/artyplan"],"description":"Artyplan \u00e9s una empresa especialitzada en producci\u00f3 gr\u00e0fica i comunicaci\u00f3 visual amb 60 anys dexperi\u00e8ncia. Oferim solucions integrals d'impressi\u00f3 en gran format, PLV i retail, gesti\u00f3 d'esdeveniments i fires, disseny i fabricaci\u00f3 a mida, log\u00edstica i serveis d'instal\u00b7laci\u00f3 a tot el territori. Treballem per a marques, ag\u00e8ncies, espais comercials i institucions que necessiten un partner fiable per desenvolupar campanyes de m\u00e0rqueting, projectes de retail i accions de branding o m\u00e0rqueting. Combinem tecnologia avan\u00e7ada d\u00b4impressi\u00f3 digital, un equip expert i una gesti\u00f3 completa de projectes per garantir qualitat, agilitat i resultats a mida per a cada client. Disposem de plataformes B2B que faciliten als nostres clients la gesti\u00f3 de les comandes de materials impresos aix\u00ed com la log\u00edstica dels mateixos.","email":"info@artyplan.com","telephone":"+34 93 200 87 99","legalName":"Artyplan S.L.","vatID":"B61963229","numberOfEmployees":{"@type":"QuantitativeValue","minValue":"51","maxValue":"200"}},{"@type":"Person","@id":"https:\/\/artyplan.com\/ca\/#\/schema\/person\/0ef19accced432bc277b8d5248cd2cc0","name":"Sergio Triguero","image":{"@type":"ImageObject","inLanguage":"ca","@id":"https:\/\/artyplan.com\/ca\/#\/schema\/person\/image\/","url":"https:\/\/secure.gravatar.com\/avatar\/c742a95811ffbc635a3d111ab446f278cce576575d14970fd5d56e17580c3f23?s=96&d=mm&r=g","contentUrl":"https:\/\/secure.gravatar.com\/avatar\/c742a95811ffbc635a3d111ab446f278cce576575d14970fd5d56e17580c3f23?s=96&d=mm&r=g","caption":"Sergio Triguero"}}]}},"_links":{"self":[{"href":"https:\/\/artyplan.com\/ca\/wp-json\/wp\/v2\/posts\/5090","targetHints":{"allow":["GET"]}}],"collection":[{"href":"https:\/\/artyplan.com\/ca\/wp-json\/wp\/v2\/posts"}],"about":[{"href":"https:\/\/artyplan.com\/ca\/wp-json\/wp\/v2\/types\/post"}],"author":[{"embeddable":true,"href":"https:\/\/artyplan.com\/ca\/wp-json\/wp\/v2\/users\/3"}],"replies":[{"embeddable":true,"href":"https:\/\/artyplan.com\/ca\/wp-json\/wp\/v2\/comments?post=5090"}],"version-history":[{"count":1,"href":"https:\/\/artyplan.com\/ca\/wp-json\/wp\/v2\/posts\/5090\/revisions"}],"predecessor-version":[{"id":6254,"href":"https:\/\/artyplan.com\/ca\/wp-json\/wp\/v2\/posts\/5090\/revisions\/6254"}],"wp:featuredmedia":[{"embeddable":true,"href":"https:\/\/artyplan.com\/ca\/wp-json\/wp\/v2\/media\/6955"}],"wp:attachment":[{"href":"https:\/\/artyplan.com\/ca\/wp-json\/wp\/v2\/media?parent=5090"}],"wp:term":[{"taxonomy":"category","embeddable":true,"href":"https:\/\/artyplan.com\/ca\/wp-json\/wp\/v2\/categories?post=5090"},{"taxonomy":"post_tag","embeddable":true,"href":"https:\/\/artyplan.com\/ca\/wp-json\/wp\/v2\/tags?post=5090"}],"curies":[{"name":"wp","href":"https:\/\/api.w.org\/{rel}","templated":true}]}}