{"id":5095,"date":"2021-03-15T00:00:00","date_gmt":"2021-03-14T22:00:00","guid":{"rendered":"https:\/\/preweb.artyplan.com\/sin-categorizar\/materials-ecologics-per-a-la-impressio\/"},"modified":"2025-09-07T16:09:11","modified_gmt":"2025-09-07T14:09:11","slug":"materials-ecologics-per-a-la-impressio","status":"publish","type":"post","link":"https:\/\/artyplan.com\/ca\/blog\/materials-ecologics-per-a-la-impressio\/","title":{"rendered":"Materials ecol\u00f2gics per a la impressi\u00f3"},"content":{"rendered":"<p>El nostre planeta necessita ajuda. Ens trobem en una situaci\u00f3 l\u00edmit des d&#8217;un punt de vista mediambiental, i tot influeix. Per aix\u00f2, <strong>a <span class=\"hiddenSpellError\">Artyplan<\/span>, <a href=\"http:\/\/artyplan.com\/sostenibilidad-medioambiental\/\" target=\"_blank\" rel=\"noopener\">treballem per impulsar un desenvolupament sostenible<\/a><\/strong>. Per\u00f2 el nostre comprom\u00eds no sols es concreta en l&#8217;\u00fas de <strong>tota mena material ecol\u00f2gic<\/strong>: volem explicar-te quines s\u00f3n les caracter\u00edstiques del nostre negoci i com contribu\u00efm a cura del planeta.<\/p>\n<h2>Material ecol\u00f2gic: qu\u00e8 \u00e9s i per qu\u00e8 apostem per ell<\/h2>\n<p>L&#8217;\u00fas de <strong>material ecol\u00f2gic<\/strong> i l&#8217;aplicaci\u00f3 de processos productius sostenibles forma part del nostre ADN. Estem plenament responsabilitzats i sabem que, amb ells, redu\u00efm la contaminaci\u00f3 ambiental, limitem l&#8217;abocament de deixalles perjudicials i afavorim, en definitiva, el millor estat del planeta.<\/p>\n<p>Utilitzem elements ecol\u00f2gics, \u00e9s a dir, que es relacionen ambientalment amb la naturalesa de manera sostenible. A m\u00e9s d&#8217;una q\u00fcesti\u00f3 de sensibilitat ecol\u00f2gica, el seu \u00fas permet a empreses i particulars projectar una <strong>imatge actual, positiva i ecol\u00f2gica<\/strong> que, cada vegada, aprecien m\u00e9s i m\u00e9s persones.<\/p>\n<h2>Alguns materials i les seves aplicacions<\/h2>\n<p>L&#8217;\u00fas de recursos sostenibles en imprimir i produir permet cuidar el medi ambient, i \u00e9s un tret diferencial de <strong>responsabilitat social corporativa<\/strong>. A continuaci\u00f3, t&#8217;expliquem quins s\u00f3n els principals <strong>materials d&#8217;impressi\u00f3 ecol\u00f2gics<\/strong> que usem.<\/p>\n<ul>\n<li><strong>Material reciclatge i reciclable.<\/strong> El reciclatge \u00e9s el <strong>suport ecol\u00f2gic<\/strong> que ja ha estat utilitzat i s&#8217;ha elaborat per a tornar a emprar-se. El reciclable, per part seva, \u00e9s potencialment aprofitable sempre que sigui dipositat en el contenidor blau i se li apliquin, despr\u00e9s, els procediments apropiats.<\/li>\n<li><strong>Material biodegradable i compostable.<\/strong> Estan completament lliures de PVC i, per aix\u00f2, no \u00e9s necess\u00e0ria la intervenci\u00f3 humana perqu\u00e8 es reintegrin amb la naturalesa de la mateixa manera que ho fan les fulles o els trossos de fusta. Fins i tot serveixen d&#8217;abonament al cap de poques setmanes!<\/li>\n<li><strong>Bamb\u00fa, cart\u00f3, fusta i altres.<\/strong> S&#8217;utilitzen per a la realitzaci\u00f3 de\u00a0<em><span class=\"hiddenGreenError\" style=\"padding-bottom: 2px; background-image: url('..\/..\/..\/..\/..\/images\/squiggle_green.png'); background-repeat: repeat-x; background-position: left bottom; cursor: default; color: #666666; font-family: 'Open Sans', Helvetica, Arial, sans-serif; font-size: 16px; font-variant-ligatures: normal; font-variant-caps: normal; font-weight: 300; letter-spacing: normal; orphans: 2; text-align: start; text-indent: 0px; text-transform: none; white-space: normal; widows: 2; word-spacing: 0px; -webkit-text-stroke-width: 0px; text-decoration-thickness: initial; text-decoration-style: initial; text-decoration-color: initial;\">displays<\/span><\/em>\u00a0o <em>pacs<\/em> que, fins ara, s&#8217;elaboraven amb pl\u00e0stic. La seva petjada ecol\u00f2gica \u00e9s significativament menor.<\/li>\n<li><strong>Tintes l\u00e0tex.<\/strong> No et fixis en el seu nom, perqu\u00e8 en realitat estan formades per una soluci\u00f3 d&#8217;aigua amb humectants que inclouen, suspesos, diferents pigments i pol\u00edmers (resines). Sense renunciar als avantatges de les tintes solvents, beneficien al medi ambient i a la salut. Quan s&#8217;assequen, l&#8217;aigua es dilueix en la naturalesa sense desprendre residus t\u00f2xics ni males olors.<\/li>\n<li><strong>Impressores sostenibles.<\/strong> L&#8217;elecci\u00f3 de m\u00e0quines d&#8217;impressi\u00f3 compatibles amb les tintes anteriors, i dissenyades amb un enfocament ecol\u00f2gic, contribueix poderosament a la salut mediambiental. Els seus principals beneficis s\u00f3n l&#8217;abs\u00e8ncia d&#8217;emissions de compostos org\u00e0nics vol\u00e0tils (<span class=\"hiddenSpellError\">VOC<\/span>) i el que aporten una excel\u00b7lent qualitat de l&#8217;aire amb la m\u00e0xima seguretat.<\/li>\n<li><strong>Tecnologia UVI sostenible.<\/strong> \u00c9s possible aplicar aquest procediment sense generar residus contaminants, sempre que es tinguin la voluntat i els equips correctes.<\/li>\n<li><strong>Altres alternatives.<\/strong> Qualsevol proposta d&#8217;impressi\u00f3 que redueixi l&#8217;impacte ambiental i afavoreixi la reutilitzaci\u00f3 \u00e9s positiva. Aix\u00ed, per exemple, existeixen vinils <span class=\"hiddenSpellError\">multiventosa<\/span> que es poden reutilitzar i canviar d&#8217;una localitzaci\u00f3 a una altra, i que s\u00f3n una excel\u00b7lent alternativa.<\/li>\n<\/ul>\n<h2><span class=\"hiddenSpellError\">Artyplan<\/span>, una impressi\u00f3 ecol\u00f2gica<\/h2>\n<p>Si est\u00e0s buscant un<strong> projecte d&#8217;impressi\u00f3 mediambiental sostenible<\/strong>, som l&#8217;empresa que necessites. El nostre comprom\u00eds ecol\u00f2gic es concreta en fets, en realitats que posem a la teva disposici\u00f3 i de les quals pots beneficiar-te en tot moment.<\/p>\n<p>Tant \u00e9s aix\u00ed que comptem amb el <strong>segell verd\u00a0<span class=\"hiddenSpellError\">FSC\u00ae<\/span><\/strong>, recolzat per una organitzaci\u00f3 global la finalitat de la qual \u00e9s assegurar i validar la gesti\u00f3 forestal responsable i beneficiosa en tot el planeta. Aix\u00ed mateix, tamb\u00e9 disposem de la <strong>certificaci\u00f3 Indexo Energia<\/strong>, perqu\u00e8 la nostra energia el\u00e8ctrica t\u00e9 un origen renovable.<\/p>\n<p>No ho dubtis, cuidar el medi ambient ens beneficia a tots, i tamb\u00e9 a la teva marca! <strong>Aposta pel paper reciclat i els materials sostenibles en condicions \u00f2ptimes<\/strong>. Compta amb nosaltres: en\u00a0<span class=\"hiddenSpellError\">Artyplan<\/span>, som especialistes en impressi\u00f3 ecol\u00f2gica.<\/p>\n","protected":false},"excerpt":{"rendered":"<p>El nostre planeta necessita ajuda. Ens trobem en una situaci\u00f3 l\u00edmit des d&#8217;un punt de vista mediambiental, i tot influeix. Per aix\u00f2, a Artyplan, treballem per impulsar un desenvolupament sostenible. Per\u00f2 el nostre comprom\u00eds no sols es concreta en l&#8217;\u00fas de tota mena material ecol\u00f2gic: volem explicar-te quines s\u00f3n les caracter\u00edstiques del nostre negoci i [&hellip;]<\/p>\n","protected":false},"author":3,"featured_media":5094,"comment_status":"closed","ping_status":"closed","sticky":false,"template":"","format":"standard","meta":{"footnotes":""},"categories":[1],"tags":[],"class_list":["post-5095","post","type-post","status-publish","format-standard","has-post-thumbnail","hentry","category-sense-categoritzar"],"yoast_head":"<!-- This site is optimized with the Yoast SEO Premium plugin v26.5 (Yoast SEO v26.5) - https:\/\/yoast.com\/wordpress\/plugins\/seo\/ -->\n<title>Materials ecol\u00f2gics per a la impressi\u00f3 - | Artyplan<\/title>\n<meta name=\"description\" content=\"El material ecol\u00f2gic als procesos d&#039;impressi\u00f3 \u00e9s important per impulsar un desenvolupament sostenible. Per qu\u00e8 els has d&#039;escollir?\" \/>\n<meta name=\"robots\" content=\"index, follow, max-snippet:-1, max-image-preview:large, max-video-preview:-1\" \/>\n<link rel=\"canonical\" href=\"https:\/\/artyplan.com\/ca\/blog\/materials-ecologics-per-a-la-impressio\/\" \/>\n<meta property=\"og:locale\" content=\"ca_ES\" \/>\n<meta property=\"og:type\" content=\"article\" \/>\n<meta property=\"og:title\" content=\"Materials ecol\u00f2gics per a la impressi\u00f3\" \/>\n<meta property=\"og:description\" content=\"El material ecol\u00f2gic als procesos d&#039;impressi\u00f3 \u00e9s important per impulsar un desenvolupament sostenible. Per qu\u00e8 els has d&#039;escollir?\" \/>\n<meta property=\"og:url\" content=\"https:\/\/artyplan.com\/ca\/blog\/materials-ecologics-per-a-la-impressio\/\" \/>\n<meta property=\"og:site_name\" content=\"Artyplan\" \/>\n<meta property=\"article:publisher\" content=\"https:\/\/www.facebook.com\/artyplan\" \/>\n<meta property=\"article:published_time\" content=\"2021-03-14T22:00:00+00:00\" \/>\n<meta property=\"article:modified_time\" content=\"2025-09-07T14:09:11+00:00\" \/>\n<meta property=\"og:image\" content=\"https:\/\/artyplan.com\/wp-content\/uploads\/2025\/09\/materiales-ecologicos-impresion.jpg\" \/>\n\t<meta property=\"og:image:width\" content=\"1920\" \/>\n\t<meta property=\"og:image:height\" content=\"600\" \/>\n\t<meta property=\"og:image:type\" content=\"image\/jpeg\" \/>\n<meta name=\"author\" content=\"Sergio Triguero\" \/>\n<meta name=\"twitter:card\" content=\"summary_large_image\" \/>\n<meta name=\"twitter:label1\" content=\"Escrit per\" \/>\n\t<meta name=\"twitter:data1\" content=\"Sergio Triguero\" \/>\n\t<meta name=\"twitter:label2\" content=\"Temps estimat de lectura\" \/>\n\t<meta name=\"twitter:data2\" content=\"3 minuts\" \/>\n<script type=\"application\/ld+json\" class=\"yoast-schema-graph\">{\"@context\":\"https:\/\/schema.org\",\"@graph\":[{\"@type\":\"Article\",\"@id\":\"https:\/\/artyplan.com\/ca\/blog\/materials-ecologics-per-a-la-impressio\/#article\",\"isPartOf\":{\"@id\":\"https:\/\/artyplan.com\/ca\/blog\/materials-ecologics-per-a-la-impressio\/\"},\"author\":{\"name\":\"Sergio Triguero\",\"@id\":\"https:\/\/artyplan.com\/ca\/#\/schema\/person\/0ef19accced432bc277b8d5248cd2cc0\"},\"headline\":\"Materials ecol\u00f2gics per a la impressi\u00f3\",\"datePublished\":\"2021-03-14T22:00:00+00:00\",\"dateModified\":\"2025-09-07T14:09:11+00:00\",\"mainEntityOfPage\":{\"@id\":\"https:\/\/artyplan.com\/ca\/blog\/materials-ecologics-per-a-la-impressio\/\"},\"wordCount\":693,\"publisher\":{\"@id\":\"https:\/\/artyplan.com\/ca\/#organization\"},\"image\":{\"@id\":\"https:\/\/artyplan.com\/ca\/blog\/materials-ecologics-per-a-la-impressio\/#primaryimage\"},\"thumbnailUrl\":\"https:\/\/artyplan.com\/wp-content\/uploads\/2025\/09\/materiales-ecologicos-impresion.jpg\",\"articleSection\":[\"Sense-categoritzar\"],\"inLanguage\":\"ca\"},{\"@type\":\"WebPage\",\"@id\":\"https:\/\/artyplan.com\/ca\/blog\/materials-ecologics-per-a-la-impressio\/\",\"url\":\"https:\/\/artyplan.com\/ca\/blog\/materials-ecologics-per-a-la-impressio\/\",\"name\":\"Materials ecol\u00f2gics per a la impressi\u00f3 - | Artyplan\",\"isPartOf\":{\"@id\":\"https:\/\/artyplan.com\/ca\/#website\"},\"primaryImageOfPage\":{\"@id\":\"https:\/\/artyplan.com\/ca\/blog\/materials-ecologics-per-a-la-impressio\/#primaryimage\"},\"image\":{\"@id\":\"https:\/\/artyplan.com\/ca\/blog\/materials-ecologics-per-a-la-impressio\/#primaryimage\"},\"thumbnailUrl\":\"https:\/\/artyplan.com\/wp-content\/uploads\/2025\/09\/materiales-ecologicos-impresion.jpg\",\"datePublished\":\"2021-03-14T22:00:00+00:00\",\"dateModified\":\"2025-09-07T14:09:11+00:00\",\"description\":\"El material ecol\u00f2gic als procesos d'impressi\u00f3 \u00e9s important per impulsar un desenvolupament sostenible. Per qu\u00e8 els has d'escollir?\",\"breadcrumb\":{\"@id\":\"https:\/\/artyplan.com\/ca\/blog\/materials-ecologics-per-a-la-impressio\/#breadcrumb\"},\"inLanguage\":\"ca\",\"potentialAction\":[{\"@type\":\"ReadAction\",\"target\":[\"https:\/\/artyplan.com\/ca\/blog\/materials-ecologics-per-a-la-impressio\/\"]}]},{\"@type\":\"ImageObject\",\"inLanguage\":\"ca\",\"@id\":\"https:\/\/artyplan.com\/ca\/blog\/materials-ecologics-per-a-la-impressio\/#primaryimage\",\"url\":\"https:\/\/artyplan.com\/wp-content\/uploads\/2025\/09\/materiales-ecologicos-impresion.jpg\",\"contentUrl\":\"https:\/\/artyplan.com\/wp-content\/uploads\/2025\/09\/materiales-ecologicos-impresion.jpg\",\"width\":1920,\"height\":600,\"caption\":\"material impressi\u00f3 ecol\u00f2gic\"},{\"@type\":\"BreadcrumbList\",\"@id\":\"https:\/\/artyplan.com\/ca\/blog\/materials-ecologics-per-a-la-impressio\/#breadcrumb\",\"itemListElement\":[{\"@type\":\"ListItem\",\"position\":1,\"name\":\"Artyplan\",\"item\":\"https:\/\/artyplan.com\/ca\/\"},{\"@type\":\"ListItem\",\"position\":2,\"name\":\"Materials ecol\u00f2gics per a la impressi\u00f3\"}]},{\"@type\":\"WebSite\",\"@id\":\"https:\/\/artyplan.com\/ca\/#website\",\"url\":\"https:\/\/artyplan.com\/ca\/\",\"name\":\"Artyplan\",\"description\":\"\",\"publisher\":{\"@id\":\"https:\/\/artyplan.com\/ca\/#organization\"},\"potentialAction\":[{\"@type\":\"SearchAction\",\"target\":{\"@type\":\"EntryPoint\",\"urlTemplate\":\"https:\/\/artyplan.com\/ca\/?s={search_term_string}\"},\"query-input\":{\"@type\":\"PropertyValueSpecification\",\"valueRequired\":true,\"valueName\":\"search_term_string\"}}],\"inLanguage\":\"ca\"},{\"@type\":\"Organization\",\"@id\":\"https:\/\/artyplan.com\/ca\/#organization\",\"name\":\"Artyplan\",\"url\":\"https:\/\/artyplan.com\/ca\/\",\"logo\":{\"@type\":\"ImageObject\",\"inLanguage\":\"ca\",\"@id\":\"https:\/\/artyplan.com\/ca\/#\/schema\/logo\/image\/\",\"url\":\"https:\/\/artyplan.com\/wp-content\/uploads\/2025\/12\/Logo-artyplan-690x690-1.png\",\"contentUrl\":\"https:\/\/artyplan.com\/wp-content\/uploads\/2025\/12\/Logo-artyplan-690x690-1.png\",\"width\":690,\"height\":690,\"caption\":\"Artyplan\"},\"image\":{\"@id\":\"https:\/\/artyplan.com\/ca\/#\/schema\/logo\/image\/\"},\"sameAs\":[\"https:\/\/www.facebook.com\/artyplan\",\"https:\/\/www.instagram.com\/artyplan\/\",\"https:\/\/www.linkedin.com\/company\/artyplan\"],\"description\":\"Artyplan \u00e9s una empresa especialitzada en producci\u00f3 gr\u00e0fica i comunicaci\u00f3 visual amb 60 anys dexperi\u00e8ncia. Oferim solucions integrals d'impressi\u00f3 en gran format, PLV i retail, gesti\u00f3 d'esdeveniments i fires, disseny i fabricaci\u00f3 a mida, log\u00edstica i serveis d'instal\u00b7laci\u00f3 a tot el territori. Treballem per a marques, ag\u00e8ncies, espais comercials i institucions que necessiten un partner fiable per desenvolupar campanyes de m\u00e0rqueting, projectes de retail i accions de branding o m\u00e0rqueting. Combinem tecnologia avan\u00e7ada d\u00b4impressi\u00f3 digital, un equip expert i una gesti\u00f3 completa de projectes per garantir qualitat, agilitat i resultats a mida per a cada client. Disposem de plataformes B2B que faciliten als nostres clients la gesti\u00f3 de les comandes de materials impresos aix\u00ed com la log\u00edstica dels mateixos.\",\"email\":\"info@artyplan.com\",\"telephone\":\"+34 93 200 87 99\",\"legalName\":\"Artyplan S.L.\",\"vatID\":\"B61963229\",\"numberOfEmployees\":{\"@type\":\"QuantitativeValue\",\"minValue\":\"51\",\"maxValue\":\"200\"}},{\"@type\":\"Person\",\"@id\":\"https:\/\/artyplan.com\/ca\/#\/schema\/person\/0ef19accced432bc277b8d5248cd2cc0\",\"name\":\"Sergio Triguero\",\"image\":{\"@type\":\"ImageObject\",\"inLanguage\":\"ca\",\"@id\":\"https:\/\/artyplan.com\/ca\/#\/schema\/person\/image\/\",\"url\":\"https:\/\/secure.gravatar.com\/avatar\/c742a95811ffbc635a3d111ab446f278cce576575d14970fd5d56e17580c3f23?s=96&d=mm&r=g\",\"contentUrl\":\"https:\/\/secure.gravatar.com\/avatar\/c742a95811ffbc635a3d111ab446f278cce576575d14970fd5d56e17580c3f23?s=96&d=mm&r=g\",\"caption\":\"Sergio Triguero\"}}]}<\/script>\n<!-- \/ Yoast SEO Premium plugin. -->","yoast_head_json":{"title":"Materials ecol\u00f2gics per a la impressi\u00f3 - | Artyplan","description":"El material ecol\u00f2gic als procesos d'impressi\u00f3 \u00e9s important per impulsar un desenvolupament sostenible. Per qu\u00e8 els has d'escollir?","robots":{"index":"index","follow":"follow","max-snippet":"max-snippet:-1","max-image-preview":"max-image-preview:large","max-video-preview":"max-video-preview:-1"},"canonical":"https:\/\/artyplan.com\/ca\/blog\/materials-ecologics-per-a-la-impressio\/","og_locale":"ca_ES","og_type":"article","og_title":"Materials ecol\u00f2gics per a la impressi\u00f3","og_description":"El material ecol\u00f2gic als procesos d'impressi\u00f3 \u00e9s important per impulsar un desenvolupament sostenible. Per qu\u00e8 els has d'escollir?","og_url":"https:\/\/artyplan.com\/ca\/blog\/materials-ecologics-per-a-la-impressio\/","og_site_name":"Artyplan","article_publisher":"https:\/\/www.facebook.com\/artyplan","article_published_time":"2021-03-14T22:00:00+00:00","article_modified_time":"2025-09-07T14:09:11+00:00","og_image":[{"width":1920,"height":600,"url":"https:\/\/artyplan.com\/wp-content\/uploads\/2025\/09\/materiales-ecologicos-impresion.jpg","type":"image\/jpeg"}],"author":"Sergio Triguero","twitter_card":"summary_large_image","twitter_misc":{"Escrit per":"Sergio Triguero","Temps estimat de lectura":"3 minuts"},"schema":{"@context":"https:\/\/schema.org","@graph":[{"@type":"Article","@id":"https:\/\/artyplan.com\/ca\/blog\/materials-ecologics-per-a-la-impressio\/#article","isPartOf":{"@id":"https:\/\/artyplan.com\/ca\/blog\/materials-ecologics-per-a-la-impressio\/"},"author":{"name":"Sergio Triguero","@id":"https:\/\/artyplan.com\/ca\/#\/schema\/person\/0ef19accced432bc277b8d5248cd2cc0"},"headline":"Materials ecol\u00f2gics per a la impressi\u00f3","datePublished":"2021-03-14T22:00:00+00:00","dateModified":"2025-09-07T14:09:11+00:00","mainEntityOfPage":{"@id":"https:\/\/artyplan.com\/ca\/blog\/materials-ecologics-per-a-la-impressio\/"},"wordCount":693,"publisher":{"@id":"https:\/\/artyplan.com\/ca\/#organization"},"image":{"@id":"https:\/\/artyplan.com\/ca\/blog\/materials-ecologics-per-a-la-impressio\/#primaryimage"},"thumbnailUrl":"https:\/\/artyplan.com\/wp-content\/uploads\/2025\/09\/materiales-ecologicos-impresion.jpg","articleSection":["Sense-categoritzar"],"inLanguage":"ca"},{"@type":"WebPage","@id":"https:\/\/artyplan.com\/ca\/blog\/materials-ecologics-per-a-la-impressio\/","url":"https:\/\/artyplan.com\/ca\/blog\/materials-ecologics-per-a-la-impressio\/","name":"Materials ecol\u00f2gics per a la impressi\u00f3 - | Artyplan","isPartOf":{"@id":"https:\/\/artyplan.com\/ca\/#website"},"primaryImageOfPage":{"@id":"https:\/\/artyplan.com\/ca\/blog\/materials-ecologics-per-a-la-impressio\/#primaryimage"},"image":{"@id":"https:\/\/artyplan.com\/ca\/blog\/materials-ecologics-per-a-la-impressio\/#primaryimage"},"thumbnailUrl":"https:\/\/artyplan.com\/wp-content\/uploads\/2025\/09\/materiales-ecologicos-impresion.jpg","datePublished":"2021-03-14T22:00:00+00:00","dateModified":"2025-09-07T14:09:11+00:00","description":"El material ecol\u00f2gic als procesos d'impressi\u00f3 \u00e9s important per impulsar un desenvolupament sostenible. Per qu\u00e8 els has d'escollir?","breadcrumb":{"@id":"https:\/\/artyplan.com\/ca\/blog\/materials-ecologics-per-a-la-impressio\/#breadcrumb"},"inLanguage":"ca","potentialAction":[{"@type":"ReadAction","target":["https:\/\/artyplan.com\/ca\/blog\/materials-ecologics-per-a-la-impressio\/"]}]},{"@type":"ImageObject","inLanguage":"ca","@id":"https:\/\/artyplan.com\/ca\/blog\/materials-ecologics-per-a-la-impressio\/#primaryimage","url":"https:\/\/artyplan.com\/wp-content\/uploads\/2025\/09\/materiales-ecologicos-impresion.jpg","contentUrl":"https:\/\/artyplan.com\/wp-content\/uploads\/2025\/09\/materiales-ecologicos-impresion.jpg","width":1920,"height":600,"caption":"material impressi\u00f3 ecol\u00f2gic"},{"@type":"BreadcrumbList","@id":"https:\/\/artyplan.com\/ca\/blog\/materials-ecologics-per-a-la-impressio\/#breadcrumb","itemListElement":[{"@type":"ListItem","position":1,"name":"Artyplan","item":"https:\/\/artyplan.com\/ca\/"},{"@type":"ListItem","position":2,"name":"Materials ecol\u00f2gics per a la impressi\u00f3"}]},{"@type":"WebSite","@id":"https:\/\/artyplan.com\/ca\/#website","url":"https:\/\/artyplan.com\/ca\/","name":"Artyplan","description":"","publisher":{"@id":"https:\/\/artyplan.com\/ca\/#organization"},"potentialAction":[{"@type":"SearchAction","target":{"@type":"EntryPoint","urlTemplate":"https:\/\/artyplan.com\/ca\/?s={search_term_string}"},"query-input":{"@type":"PropertyValueSpecification","valueRequired":true,"valueName":"search_term_string"}}],"inLanguage":"ca"},{"@type":"Organization","@id":"https:\/\/artyplan.com\/ca\/#organization","name":"Artyplan","url":"https:\/\/artyplan.com\/ca\/","logo":{"@type":"ImageObject","inLanguage":"ca","@id":"https:\/\/artyplan.com\/ca\/#\/schema\/logo\/image\/","url":"https:\/\/artyplan.com\/wp-content\/uploads\/2025\/12\/Logo-artyplan-690x690-1.png","contentUrl":"https:\/\/artyplan.com\/wp-content\/uploads\/2025\/12\/Logo-artyplan-690x690-1.png","width":690,"height":690,"caption":"Artyplan"},"image":{"@id":"https:\/\/artyplan.com\/ca\/#\/schema\/logo\/image\/"},"sameAs":["https:\/\/www.facebook.com\/artyplan","https:\/\/www.instagram.com\/artyplan\/","https:\/\/www.linkedin.com\/company\/artyplan"],"description":"Artyplan \u00e9s una empresa especialitzada en producci\u00f3 gr\u00e0fica i comunicaci\u00f3 visual amb 60 anys dexperi\u00e8ncia. Oferim solucions integrals d'impressi\u00f3 en gran format, PLV i retail, gesti\u00f3 d'esdeveniments i fires, disseny i fabricaci\u00f3 a mida, log\u00edstica i serveis d'instal\u00b7laci\u00f3 a tot el territori. Treballem per a marques, ag\u00e8ncies, espais comercials i institucions que necessiten un partner fiable per desenvolupar campanyes de m\u00e0rqueting, projectes de retail i accions de branding o m\u00e0rqueting. Combinem tecnologia avan\u00e7ada d\u00b4impressi\u00f3 digital, un equip expert i una gesti\u00f3 completa de projectes per garantir qualitat, agilitat i resultats a mida per a cada client. Disposem de plataformes B2B que faciliten als nostres clients la gesti\u00f3 de les comandes de materials impresos aix\u00ed com la log\u00edstica dels mateixos.","email":"info@artyplan.com","telephone":"+34 93 200 87 99","legalName":"Artyplan S.L.","vatID":"B61963229","numberOfEmployees":{"@type":"QuantitativeValue","minValue":"51","maxValue":"200"}},{"@type":"Person","@id":"https:\/\/artyplan.com\/ca\/#\/schema\/person\/0ef19accced432bc277b8d5248cd2cc0","name":"Sergio Triguero","image":{"@type":"ImageObject","inLanguage":"ca","@id":"https:\/\/artyplan.com\/ca\/#\/schema\/person\/image\/","url":"https:\/\/secure.gravatar.com\/avatar\/c742a95811ffbc635a3d111ab446f278cce576575d14970fd5d56e17580c3f23?s=96&d=mm&r=g","contentUrl":"https:\/\/secure.gravatar.com\/avatar\/c742a95811ffbc635a3d111ab446f278cce576575d14970fd5d56e17580c3f23?s=96&d=mm&r=g","caption":"Sergio Triguero"}}]}},"_links":{"self":[{"href":"https:\/\/artyplan.com\/ca\/wp-json\/wp\/v2\/posts\/5095","targetHints":{"allow":["GET"]}}],"collection":[{"href":"https:\/\/artyplan.com\/ca\/wp-json\/wp\/v2\/posts"}],"about":[{"href":"https:\/\/artyplan.com\/ca\/wp-json\/wp\/v2\/types\/post"}],"author":[{"embeddable":true,"href":"https:\/\/artyplan.com\/ca\/wp-json\/wp\/v2\/users\/3"}],"replies":[{"embeddable":true,"href":"https:\/\/artyplan.com\/ca\/wp-json\/wp\/v2\/comments?post=5095"}],"version-history":[{"count":1,"href":"https:\/\/artyplan.com\/ca\/wp-json\/wp\/v2\/posts\/5095\/revisions"}],"predecessor-version":[{"id":6257,"href":"https:\/\/artyplan.com\/ca\/wp-json\/wp\/v2\/posts\/5095\/revisions\/6257"}],"wp:featuredmedia":[{"embeddable":true,"href":"https:\/\/artyplan.com\/ca\/wp-json\/wp\/v2\/media\/5094"}],"wp:attachment":[{"href":"https:\/\/artyplan.com\/ca\/wp-json\/wp\/v2\/media?parent=5095"}],"wp:term":[{"taxonomy":"category","embeddable":true,"href":"https:\/\/artyplan.com\/ca\/wp-json\/wp\/v2\/categories?post=5095"},{"taxonomy":"post_tag","embeddable":true,"href":"https:\/\/artyplan.com\/ca\/wp-json\/wp\/v2\/tags?post=5095"}],"curies":[{"name":"wp","href":"https:\/\/api.w.org\/{rel}","templated":true}]}}