{"id":5136,"date":"2021-05-03T00:00:00","date_gmt":"2021-05-02T22:00:00","guid":{"rendered":"https:\/\/preweb.artyplan.com\/sin-categorizar\/displays-ecologics-aposta-per-una-grafica-sostenible\/"},"modified":"2025-09-07T16:09:51","modified_gmt":"2025-09-07T14:09:51","slug":"displays-ecologics-aposta-per-una-grafica-sostenible","status":"publish","type":"post","link":"https:\/\/artyplan.com\/ca\/blog\/displays-ecologics-aposta-per-una-grafica-sostenible\/","title":{"rendered":"Displays ecol\u00f2gics: aposta per una gr\u00e0fica sostenible"},"content":{"rendered":"<p>A \u00a0Artyplan apostem per la sostenibilitat ambiental i la gesti\u00f3 eficient dels recursos naturals de la nostra activitat productiva, permetent aix\u00ed la seva preservaci\u00f3. Per aquest motiu comptem en el nostre cat\u00e0leg d&#8217;una extensa gamma de productes i suports ecol\u00f2gics que redueixen l&#8217;impacte ambiental.<\/p>\n<h2>Que \u00e9s un display publicitari<\/h2>\n<p>El\u00a0display\u00a0publicitari \u00e9s un element m\u00e9s d&#8217;una campanya publicit\u00e0ria, aquest actua com a suport en campanyes informatives, publicit\u00e0ries o promocionals dels productes que es mostren en la seva gr\u00e0fica.<\/p>\n<p>Sol ser un expositor molt vers\u00e0til, ja que pot ser col\u00b7locats en llocs molt estrat\u00e8gics com a aparadors, taulells o l\u00ednies de caixa sense que suposin un inconvenient per a la venda.<\/p>\n<h2>Tipus de\u00a0display\u00a0ecol\u00f2gics<\/h2>\n<p>Els\u00a0displays\u00a0ecol\u00f2gics s\u00f3n expositors publicitaris 100% reciclables fabricats en fusta per a \u00fas en interiors. A continuaci\u00f3, us detallem els diferents\u00a0displays\u00a0publicitari ecol\u00f2gics.<\/p>\n<h3><img fetchpriority=\"high\" decoding=\"async\" class=\"alignright wp-image-6908 size-full\" src=\"https:\/\/preweb.artyplan.com\/wp-content\/uploads\/2025\/09\/xbanner-ecologico.jpg\" alt=\"xbanner-wood\" width=\"800\" height=\"400\" \/>Banner en format X<\/h3>\n<p>Model especial d&#8217;expositors port\u00e0tils que es caracteritzen per presentar una estructura de suport en forma de creu. Aquesta estructura permet mantenir en peus una superf\u00edcie gr\u00e0fica impresa que permet exposar informaci\u00f3 de tota mena.<\/p>\n<p>El display Xbanner Wood est\u00e0 compost per una estructura fabricada amb peces ecol\u00f2giques de bamb\u00fa. La principal caracter\u00edstica d&#8217;aquests displays de fusta s\u00f3n el seu f\u00e0cil muntatge i desmuntatges, la seva lleugeresa i el seu f\u00e0cil sistema per a l&#8217;intercanvi de la gr\u00e0fica.<\/p>\n<h3>Banner en format L<\/h3>\n<p>Suport publicitari que funciona de la seg\u00fcent forma, la gr\u00e0fica s&#8217;enrotlla sobre si mateixa i el suport compta amb una pota amb forma de L que sost\u00e9 i tibant la gr\u00e0fica perqu\u00e8 la seva visualitzaci\u00f3 sigui perfecta.<\/p>\n<p>El display Lbanner Wood est\u00e0 format per una estructura amb forma de L fabricada amb peces de bamb\u00fa 100% ecol\u00f2giques. Aquests tipus de displays de fusta es caracteritzen per ser lleugers, desmuntables i amb un f\u00e0cil sistema per a l&#8217;intercanvi d&#8217;imatges. Gr\u00e0cies al caragol d&#8217;ajust en la part posterior permet un ajust \u00f2ptim de la gr\u00e0fica.<\/p>\n<p>Visualment, els displays ecol\u00f2gics que oferim en Artyplan s\u00f3n molt elegants i amb gran resist\u00e8ncia i durabilitat, a m\u00e9s cada display porta amb si una bossa de nil\u00f3 amb anses el que permet que transportar-la sigui m\u00e9s suportable.<\/p>\n<p>El nostre equip del <a href=\"http:\/\/artyplan.com\/ca\/serveis\/centre-atencio-al-client\/\" target=\"_blank\" rel=\"noopener\">centre d&#8217;atenci\u00f3 al client<\/a> et podr\u00e0 oferir la millor soluci\u00f3 ecol\u00f2gica per a la promoci\u00f3\u00a0o\u00a0comunicaci\u00f3 del teu producte o marca en actes publicitaris, fires d&#8217;exposicions, esdeveniments comercials i punts de venda. No dubtis a contactar amb nosaltres i explicar-nos el teu projecte promocional.<\/p>\n","protected":false},"excerpt":{"rendered":"<p>A \u00a0Artyplan apostem per la sostenibilitat ambiental i la gesti\u00f3 eficient dels recursos naturals de la nostra activitat productiva, permetent aix\u00ed la seva preservaci\u00f3. Per aquest motiu comptem en el nostre cat\u00e0leg d&#8217;una extensa gamma de productes i suports ecol\u00f2gics que redueixen l&#8217;impacte ambiental. Que \u00e9s un display publicitari El\u00a0display\u00a0publicitari \u00e9s un element m\u00e9s d&#8217;una [&hellip;]<\/p>\n","protected":false},"author":3,"featured_media":6980,"comment_status":"closed","ping_status":"closed","sticky":false,"template":"","format":"standard","meta":{"footnotes":""},"categories":[1],"tags":[],"class_list":["post-5136","post","type-post","status-publish","format-standard","has-post-thumbnail","hentry","category-sense-categoritzar"],"yoast_head":"<!-- This site is optimized with the Yoast SEO Premium plugin v26.5 (Yoast SEO v26.5) - https:\/\/yoast.com\/wordpress\/plugins\/seo\/ -->\n<title>Displays ecol\u00f2gics: aposta per una gr\u00e0fica sostenible - Artyplan<\/title>\n<meta name=\"description\" content=\"A Artyplan apostem per la sostenibilitat ambiental amb displays ecol\u00f2gics i gr\u00e0fiques sostenibles en la nostra gamma de productes.\" \/>\n<meta name=\"robots\" content=\"index, follow, max-snippet:-1, max-image-preview:large, max-video-preview:-1\" \/>\n<link rel=\"canonical\" href=\"https:\/\/artyplan.com\/ca\/blog\/displays-ecologics-aposta-per-una-grafica-sostenible\/\" \/>\n<meta property=\"og:locale\" content=\"ca_ES\" \/>\n<meta property=\"og:type\" content=\"article\" \/>\n<meta property=\"og:title\" content=\"Displays ecol\u00f2gics: aposta per una gr\u00e0fica sostenible\" \/>\n<meta property=\"og:description\" content=\"A Artyplan apostem per la sostenibilitat ambiental amb displays ecol\u00f2gics i gr\u00e0fiques sostenibles en la nostra gamma de productes.\" \/>\n<meta property=\"og:url\" content=\"https:\/\/artyplan.com\/ca\/blog\/displays-ecologics-aposta-per-una-grafica-sostenible\/\" \/>\n<meta property=\"og:site_name\" content=\"Artyplan\" \/>\n<meta property=\"article:publisher\" content=\"https:\/\/www.facebook.com\/artyplan\" \/>\n<meta property=\"article:published_time\" content=\"2021-05-02T22:00:00+00:00\" \/>\n<meta property=\"article:modified_time\" content=\"2025-09-07T14:09:51+00:00\" \/>\n<meta property=\"og:image\" content=\"https:\/\/artyplan.com\/wp-content\/uploads\/2025\/09\/displays-ecologicos.jpg\" \/>\n\t<meta property=\"og:image:width\" content=\"1920\" \/>\n\t<meta property=\"og:image:height\" content=\"600\" \/>\n\t<meta property=\"og:image:type\" content=\"image\/jpeg\" \/>\n<meta name=\"author\" content=\"Sergio Triguero\" \/>\n<meta name=\"twitter:card\" content=\"summary_large_image\" \/>\n<meta name=\"twitter:label1\" content=\"Escrit per\" \/>\n\t<meta name=\"twitter:data1\" content=\"Sergio Triguero\" \/>\n\t<meta name=\"twitter:label2\" content=\"Temps estimat de lectura\" \/>\n\t<meta name=\"twitter:data2\" content=\"2 minuts\" \/>\n<script type=\"application\/ld+json\" class=\"yoast-schema-graph\">{\"@context\":\"https:\/\/schema.org\",\"@graph\":[{\"@type\":\"Article\",\"@id\":\"https:\/\/artyplan.com\/ca\/blog\/displays-ecologics-aposta-per-una-grafica-sostenible\/#article\",\"isPartOf\":{\"@id\":\"https:\/\/artyplan.com\/ca\/blog\/displays-ecologics-aposta-per-una-grafica-sostenible\/\"},\"author\":{\"name\":\"Sergio Triguero\",\"@id\":\"https:\/\/artyplan.com\/ca\/#\/schema\/person\/0ef19accced432bc277b8d5248cd2cc0\"},\"headline\":\"Displays ecol\u00f2gics: aposta per una gr\u00e0fica sostenible\",\"datePublished\":\"2021-05-02T22:00:00+00:00\",\"dateModified\":\"2025-09-07T14:09:51+00:00\",\"mainEntityOfPage\":{\"@id\":\"https:\/\/artyplan.com\/ca\/blog\/displays-ecologics-aposta-per-una-grafica-sostenible\/\"},\"wordCount\":460,\"publisher\":{\"@id\":\"https:\/\/artyplan.com\/ca\/#organization\"},\"image\":{\"@id\":\"https:\/\/artyplan.com\/ca\/blog\/displays-ecologics-aposta-per-una-grafica-sostenible\/#primaryimage\"},\"thumbnailUrl\":\"https:\/\/artyplan.com\/wp-content\/uploads\/2025\/09\/displays-ecologicos.jpg\",\"articleSection\":[\"Sense-categoritzar\"],\"inLanguage\":\"ca\"},{\"@type\":\"WebPage\",\"@id\":\"https:\/\/artyplan.com\/ca\/blog\/displays-ecologics-aposta-per-una-grafica-sostenible\/\",\"url\":\"https:\/\/artyplan.com\/ca\/blog\/displays-ecologics-aposta-per-una-grafica-sostenible\/\",\"name\":\"Displays ecol\u00f2gics: aposta per una gr\u00e0fica sostenible - Artyplan\",\"isPartOf\":{\"@id\":\"https:\/\/artyplan.com\/ca\/#website\"},\"primaryImageOfPage\":{\"@id\":\"https:\/\/artyplan.com\/ca\/blog\/displays-ecologics-aposta-per-una-grafica-sostenible\/#primaryimage\"},\"image\":{\"@id\":\"https:\/\/artyplan.com\/ca\/blog\/displays-ecologics-aposta-per-una-grafica-sostenible\/#primaryimage\"},\"thumbnailUrl\":\"https:\/\/artyplan.com\/wp-content\/uploads\/2025\/09\/displays-ecologicos.jpg\",\"datePublished\":\"2021-05-02T22:00:00+00:00\",\"dateModified\":\"2025-09-07T14:09:51+00:00\",\"description\":\"A Artyplan apostem per la sostenibilitat ambiental amb displays ecol\u00f2gics i gr\u00e0fiques sostenibles en la nostra gamma de productes.\",\"breadcrumb\":{\"@id\":\"https:\/\/artyplan.com\/ca\/blog\/displays-ecologics-aposta-per-una-grafica-sostenible\/#breadcrumb\"},\"inLanguage\":\"ca\",\"potentialAction\":[{\"@type\":\"ReadAction\",\"target\":[\"https:\/\/artyplan.com\/ca\/blog\/displays-ecologics-aposta-per-una-grafica-sostenible\/\"]}]},{\"@type\":\"ImageObject\",\"inLanguage\":\"ca\",\"@id\":\"https:\/\/artyplan.com\/ca\/blog\/displays-ecologics-aposta-per-una-grafica-sostenible\/#primaryimage\",\"url\":\"https:\/\/artyplan.com\/wp-content\/uploads\/2025\/09\/displays-ecologicos.jpg\",\"contentUrl\":\"https:\/\/artyplan.com\/wp-content\/uploads\/2025\/09\/displays-ecologicos.jpg\",\"width\":1920,\"height\":600,\"caption\":\"display-ecologico|xbanner-wood\"},{\"@type\":\"BreadcrumbList\",\"@id\":\"https:\/\/artyplan.com\/ca\/blog\/displays-ecologics-aposta-per-una-grafica-sostenible\/#breadcrumb\",\"itemListElement\":[{\"@type\":\"ListItem\",\"position\":1,\"name\":\"Artyplan\",\"item\":\"https:\/\/artyplan.com\/ca\/\"},{\"@type\":\"ListItem\",\"position\":2,\"name\":\"Displays ecol\u00f2gics: aposta per una gr\u00e0fica sostenible\"}]},{\"@type\":\"WebSite\",\"@id\":\"https:\/\/artyplan.com\/ca\/#website\",\"url\":\"https:\/\/artyplan.com\/ca\/\",\"name\":\"Artyplan\",\"description\":\"\",\"publisher\":{\"@id\":\"https:\/\/artyplan.com\/ca\/#organization\"},\"potentialAction\":[{\"@type\":\"SearchAction\",\"target\":{\"@type\":\"EntryPoint\",\"urlTemplate\":\"https:\/\/artyplan.com\/ca\/?s={search_term_string}\"},\"query-input\":{\"@type\":\"PropertyValueSpecification\",\"valueRequired\":true,\"valueName\":\"search_term_string\"}}],\"inLanguage\":\"ca\"},{\"@type\":\"Organization\",\"@id\":\"https:\/\/artyplan.com\/ca\/#organization\",\"name\":\"Artyplan\",\"url\":\"https:\/\/artyplan.com\/ca\/\",\"logo\":{\"@type\":\"ImageObject\",\"inLanguage\":\"ca\",\"@id\":\"https:\/\/artyplan.com\/ca\/#\/schema\/logo\/image\/\",\"url\":\"https:\/\/artyplan.com\/wp-content\/uploads\/2025\/12\/Logo-artyplan-690x690-1.png\",\"contentUrl\":\"https:\/\/artyplan.com\/wp-content\/uploads\/2025\/12\/Logo-artyplan-690x690-1.png\",\"width\":690,\"height\":690,\"caption\":\"Artyplan\"},\"image\":{\"@id\":\"https:\/\/artyplan.com\/ca\/#\/schema\/logo\/image\/\"},\"sameAs\":[\"https:\/\/www.facebook.com\/artyplan\",\"https:\/\/www.instagram.com\/artyplan\/\",\"https:\/\/www.linkedin.com\/company\/artyplan\"],\"description\":\"Artyplan \u00e9s una empresa especialitzada en producci\u00f3 gr\u00e0fica i comunicaci\u00f3 visual amb 60 anys dexperi\u00e8ncia. Oferim solucions integrals d'impressi\u00f3 en gran format, PLV i retail, gesti\u00f3 d'esdeveniments i fires, disseny i fabricaci\u00f3 a mida, log\u00edstica i serveis d'instal\u00b7laci\u00f3 a tot el territori. Treballem per a marques, ag\u00e8ncies, espais comercials i institucions que necessiten un partner fiable per desenvolupar campanyes de m\u00e0rqueting, projectes de retail i accions de branding o m\u00e0rqueting. Combinem tecnologia avan\u00e7ada d\u00b4impressi\u00f3 digital, un equip expert i una gesti\u00f3 completa de projectes per garantir qualitat, agilitat i resultats a mida per a cada client. Disposem de plataformes B2B que faciliten als nostres clients la gesti\u00f3 de les comandes de materials impresos aix\u00ed com la log\u00edstica dels mateixos.\",\"email\":\"info@artyplan.com\",\"telephone\":\"+34 93 200 87 99\",\"legalName\":\"Artyplan S.L.\",\"vatID\":\"B61963229\",\"numberOfEmployees\":{\"@type\":\"QuantitativeValue\",\"minValue\":\"51\",\"maxValue\":\"200\"}},{\"@type\":\"Person\",\"@id\":\"https:\/\/artyplan.com\/ca\/#\/schema\/person\/0ef19accced432bc277b8d5248cd2cc0\",\"name\":\"Sergio Triguero\",\"image\":{\"@type\":\"ImageObject\",\"inLanguage\":\"ca\",\"@id\":\"https:\/\/artyplan.com\/ca\/#\/schema\/person\/image\/\",\"url\":\"https:\/\/secure.gravatar.com\/avatar\/c742a95811ffbc635a3d111ab446f278cce576575d14970fd5d56e17580c3f23?s=96&d=mm&r=g\",\"contentUrl\":\"https:\/\/secure.gravatar.com\/avatar\/c742a95811ffbc635a3d111ab446f278cce576575d14970fd5d56e17580c3f23?s=96&d=mm&r=g\",\"caption\":\"Sergio Triguero\"}}]}<\/script>\n<!-- \/ Yoast SEO Premium plugin. -->","yoast_head_json":{"title":"Displays ecol\u00f2gics: aposta per una gr\u00e0fica sostenible - Artyplan","description":"A Artyplan apostem per la sostenibilitat ambiental amb displays ecol\u00f2gics i gr\u00e0fiques sostenibles en la nostra gamma de productes.","robots":{"index":"index","follow":"follow","max-snippet":"max-snippet:-1","max-image-preview":"max-image-preview:large","max-video-preview":"max-video-preview:-1"},"canonical":"https:\/\/artyplan.com\/ca\/blog\/displays-ecologics-aposta-per-una-grafica-sostenible\/","og_locale":"ca_ES","og_type":"article","og_title":"Displays ecol\u00f2gics: aposta per una gr\u00e0fica sostenible","og_description":"A Artyplan apostem per la sostenibilitat ambiental amb displays ecol\u00f2gics i gr\u00e0fiques sostenibles en la nostra gamma de productes.","og_url":"https:\/\/artyplan.com\/ca\/blog\/displays-ecologics-aposta-per-una-grafica-sostenible\/","og_site_name":"Artyplan","article_publisher":"https:\/\/www.facebook.com\/artyplan","article_published_time":"2021-05-02T22:00:00+00:00","article_modified_time":"2025-09-07T14:09:51+00:00","og_image":[{"width":1920,"height":600,"url":"https:\/\/artyplan.com\/wp-content\/uploads\/2025\/09\/displays-ecologicos.jpg","type":"image\/jpeg"}],"author":"Sergio Triguero","twitter_card":"summary_large_image","twitter_misc":{"Escrit per":"Sergio Triguero","Temps estimat de lectura":"2 minuts"},"schema":{"@context":"https:\/\/schema.org","@graph":[{"@type":"Article","@id":"https:\/\/artyplan.com\/ca\/blog\/displays-ecologics-aposta-per-una-grafica-sostenible\/#article","isPartOf":{"@id":"https:\/\/artyplan.com\/ca\/blog\/displays-ecologics-aposta-per-una-grafica-sostenible\/"},"author":{"name":"Sergio Triguero","@id":"https:\/\/artyplan.com\/ca\/#\/schema\/person\/0ef19accced432bc277b8d5248cd2cc0"},"headline":"Displays ecol\u00f2gics: aposta per una gr\u00e0fica sostenible","datePublished":"2021-05-02T22:00:00+00:00","dateModified":"2025-09-07T14:09:51+00:00","mainEntityOfPage":{"@id":"https:\/\/artyplan.com\/ca\/blog\/displays-ecologics-aposta-per-una-grafica-sostenible\/"},"wordCount":460,"publisher":{"@id":"https:\/\/artyplan.com\/ca\/#organization"},"image":{"@id":"https:\/\/artyplan.com\/ca\/blog\/displays-ecologics-aposta-per-una-grafica-sostenible\/#primaryimage"},"thumbnailUrl":"https:\/\/artyplan.com\/wp-content\/uploads\/2025\/09\/displays-ecologicos.jpg","articleSection":["Sense-categoritzar"],"inLanguage":"ca"},{"@type":"WebPage","@id":"https:\/\/artyplan.com\/ca\/blog\/displays-ecologics-aposta-per-una-grafica-sostenible\/","url":"https:\/\/artyplan.com\/ca\/blog\/displays-ecologics-aposta-per-una-grafica-sostenible\/","name":"Displays ecol\u00f2gics: aposta per una gr\u00e0fica sostenible - Artyplan","isPartOf":{"@id":"https:\/\/artyplan.com\/ca\/#website"},"primaryImageOfPage":{"@id":"https:\/\/artyplan.com\/ca\/blog\/displays-ecologics-aposta-per-una-grafica-sostenible\/#primaryimage"},"image":{"@id":"https:\/\/artyplan.com\/ca\/blog\/displays-ecologics-aposta-per-una-grafica-sostenible\/#primaryimage"},"thumbnailUrl":"https:\/\/artyplan.com\/wp-content\/uploads\/2025\/09\/displays-ecologicos.jpg","datePublished":"2021-05-02T22:00:00+00:00","dateModified":"2025-09-07T14:09:51+00:00","description":"A Artyplan apostem per la sostenibilitat ambiental amb displays ecol\u00f2gics i gr\u00e0fiques sostenibles en la nostra gamma de productes.","breadcrumb":{"@id":"https:\/\/artyplan.com\/ca\/blog\/displays-ecologics-aposta-per-una-grafica-sostenible\/#breadcrumb"},"inLanguage":"ca","potentialAction":[{"@type":"ReadAction","target":["https:\/\/artyplan.com\/ca\/blog\/displays-ecologics-aposta-per-una-grafica-sostenible\/"]}]},{"@type":"ImageObject","inLanguage":"ca","@id":"https:\/\/artyplan.com\/ca\/blog\/displays-ecologics-aposta-per-una-grafica-sostenible\/#primaryimage","url":"https:\/\/artyplan.com\/wp-content\/uploads\/2025\/09\/displays-ecologicos.jpg","contentUrl":"https:\/\/artyplan.com\/wp-content\/uploads\/2025\/09\/displays-ecologicos.jpg","width":1920,"height":600,"caption":"display-ecologico|xbanner-wood"},{"@type":"BreadcrumbList","@id":"https:\/\/artyplan.com\/ca\/blog\/displays-ecologics-aposta-per-una-grafica-sostenible\/#breadcrumb","itemListElement":[{"@type":"ListItem","position":1,"name":"Artyplan","item":"https:\/\/artyplan.com\/ca\/"},{"@type":"ListItem","position":2,"name":"Displays ecol\u00f2gics: aposta per una gr\u00e0fica sostenible"}]},{"@type":"WebSite","@id":"https:\/\/artyplan.com\/ca\/#website","url":"https:\/\/artyplan.com\/ca\/","name":"Artyplan","description":"","publisher":{"@id":"https:\/\/artyplan.com\/ca\/#organization"},"potentialAction":[{"@type":"SearchAction","target":{"@type":"EntryPoint","urlTemplate":"https:\/\/artyplan.com\/ca\/?s={search_term_string}"},"query-input":{"@type":"PropertyValueSpecification","valueRequired":true,"valueName":"search_term_string"}}],"inLanguage":"ca"},{"@type":"Organization","@id":"https:\/\/artyplan.com\/ca\/#organization","name":"Artyplan","url":"https:\/\/artyplan.com\/ca\/","logo":{"@type":"ImageObject","inLanguage":"ca","@id":"https:\/\/artyplan.com\/ca\/#\/schema\/logo\/image\/","url":"https:\/\/artyplan.com\/wp-content\/uploads\/2025\/12\/Logo-artyplan-690x690-1.png","contentUrl":"https:\/\/artyplan.com\/wp-content\/uploads\/2025\/12\/Logo-artyplan-690x690-1.png","width":690,"height":690,"caption":"Artyplan"},"image":{"@id":"https:\/\/artyplan.com\/ca\/#\/schema\/logo\/image\/"},"sameAs":["https:\/\/www.facebook.com\/artyplan","https:\/\/www.instagram.com\/artyplan\/","https:\/\/www.linkedin.com\/company\/artyplan"],"description":"Artyplan \u00e9s una empresa especialitzada en producci\u00f3 gr\u00e0fica i comunicaci\u00f3 visual amb 60 anys dexperi\u00e8ncia. Oferim solucions integrals d'impressi\u00f3 en gran format, PLV i retail, gesti\u00f3 d'esdeveniments i fires, disseny i fabricaci\u00f3 a mida, log\u00edstica i serveis d'instal\u00b7laci\u00f3 a tot el territori. Treballem per a marques, ag\u00e8ncies, espais comercials i institucions que necessiten un partner fiable per desenvolupar campanyes de m\u00e0rqueting, projectes de retail i accions de branding o m\u00e0rqueting. Combinem tecnologia avan\u00e7ada d\u00b4impressi\u00f3 digital, un equip expert i una gesti\u00f3 completa de projectes per garantir qualitat, agilitat i resultats a mida per a cada client. Disposem de plataformes B2B que faciliten als nostres clients la gesti\u00f3 de les comandes de materials impresos aix\u00ed com la log\u00edstica dels mateixos.","email":"info@artyplan.com","telephone":"+34 93 200 87 99","legalName":"Artyplan S.L.","vatID":"B61963229","numberOfEmployees":{"@type":"QuantitativeValue","minValue":"51","maxValue":"200"}},{"@type":"Person","@id":"https:\/\/artyplan.com\/ca\/#\/schema\/person\/0ef19accced432bc277b8d5248cd2cc0","name":"Sergio Triguero","image":{"@type":"ImageObject","inLanguage":"ca","@id":"https:\/\/artyplan.com\/ca\/#\/schema\/person\/image\/","url":"https:\/\/secure.gravatar.com\/avatar\/c742a95811ffbc635a3d111ab446f278cce576575d14970fd5d56e17580c3f23?s=96&d=mm&r=g","contentUrl":"https:\/\/secure.gravatar.com\/avatar\/c742a95811ffbc635a3d111ab446f278cce576575d14970fd5d56e17580c3f23?s=96&d=mm&r=g","caption":"Sergio Triguero"}}]}},"_links":{"self":[{"href":"https:\/\/artyplan.com\/ca\/wp-json\/wp\/v2\/posts\/5136","targetHints":{"allow":["GET"]}}],"collection":[{"href":"https:\/\/artyplan.com\/ca\/wp-json\/wp\/v2\/posts"}],"about":[{"href":"https:\/\/artyplan.com\/ca\/wp-json\/wp\/v2\/types\/post"}],"author":[{"embeddable":true,"href":"https:\/\/artyplan.com\/ca\/wp-json\/wp\/v2\/users\/3"}],"replies":[{"embeddable":true,"href":"https:\/\/artyplan.com\/ca\/wp-json\/wp\/v2\/comments?post=5136"}],"version-history":[{"count":7,"href":"https:\/\/artyplan.com\/ca\/wp-json\/wp\/v2\/posts\/5136\/revisions"}],"predecessor-version":[{"id":7686,"href":"https:\/\/artyplan.com\/ca\/wp-json\/wp\/v2\/posts\/5136\/revisions\/7686"}],"wp:featuredmedia":[{"embeddable":true,"href":"https:\/\/artyplan.com\/ca\/wp-json\/wp\/v2\/media\/6980"}],"wp:attachment":[{"href":"https:\/\/artyplan.com\/ca\/wp-json\/wp\/v2\/media?parent=5136"}],"wp:term":[{"taxonomy":"category","embeddable":true,"href":"https:\/\/artyplan.com\/ca\/wp-json\/wp\/v2\/categories?post=5136"},{"taxonomy":"post_tag","embeddable":true,"href":"https:\/\/artyplan.com\/ca\/wp-json\/wp\/v2\/tags?post=5136"}],"curies":[{"name":"wp","href":"https:\/\/api.w.org\/{rel}","templated":true}]}}