{"id":5142,"date":"2021-05-10T00:00:00","date_gmt":"2021-05-09T22:00:00","guid":{"rendered":"https:\/\/preweb.artyplan.com\/sin-categorizar\/elements-grafics-publicitaris-pels-esdeveniment\/"},"modified":"2025-09-07T16:09:56","modified_gmt":"2025-09-07T14:09:56","slug":"elements-grafics-publicitaris-pels-esdeveniment","status":"publish","type":"post","link":"https:\/\/artyplan.com\/ca\/blog\/elements-grafics-publicitaris-pels-esdeveniment\/","title":{"rendered":"Elements gr\u00e0fics i publicitaris pels esdeveniments"},"content":{"rendered":"<p><strong>Organitzar esdeveniments<\/strong> \u00e9s una tasca complexa i que inclou gran quantitat d&#8217;elements i detalls. Entre altres, \u00e9s imprescindible comptar amb els elements de comunicaci\u00f3 necessaris per a informar, persuadir i <strong>donar visibilitat a la marca<\/strong> promotora. Qu\u00e8 has de saber sobre aquest tema abans d&#8217;assumir aquesta tasca?<\/p>\n<h2>Elements gr\u00e0fics i publicitaris per a esdeveniments<\/h2>\n<p>El <em>m\u00e0rqueting<\/em> i la comunicaci\u00f3 exerceixen una funci\u00f3 insubstitu\u00efble en la realitzaci\u00f3 d&#8217;un esdeveniment. Aquests s\u00f3n <strong>els elements publicitaris i els materials gr\u00e0fics<\/strong> que has de contemplar en la teva planificaci\u00f3.<\/p>\n<ul>\n<li><strong><img fetchpriority=\"high\" decoding=\"async\" class=\"alignright wp-image-6923 size-full\" src=\"https:\/\/preweb.artyplan.com\/wp-content\/uploads\/2025\/09\/publicidad-eventos.jpg\" alt=\"\" width=\"960\" height=\"517\" \/><a href=\"http:\/\/artyplan.com\/ca\/productes-impressio\/serveis-dimpressio-de-gran-format\/lones\/\">Lones<\/a>.<\/strong> S\u00f3n impressions de gran format amb imatges i missatges cridaners. Es poden col\u00b7locar en interiors o en exteriors, per a informar o crear ambient, en el primer cas, i per a atreure p\u00fablic en el segon.<\/li>\n<li><strong><span class=\"hiddenSpellError\">Photocall<\/span>.<\/strong> L&#8217;auge de les xarxes socials i el contingut visual fa cada vegada m\u00e9s freq\u00fcent la incorporaci\u00f3 d&#8217;aquests suports en tota classe d&#8217;actes. Normalment,\u00a0 incorporen els logotips dels patrocinadors i els missatges corporatius de l&#8217;esdeveniment.<\/li>\n<li><strong>Cartelleria,\u00a0<span class=\"hiddenSpellError\">rollups<\/span>\u00a0i p\u00f2sters.<\/strong> Dins o fora de la localitzaci\u00f3 de l&#8217;esdeveniment, permeten informar sobre la seva exist\u00e8ncia i animar a visitar-lo.<\/li>\n<li><strong>Panells decoratius, banderoles i\u00a0<a href=\"http:\/\/artyplan.com\/ca\/productes-impressio\/packaging\/displays\/\"><em><span class=\"hiddenGreenError\" style=\"padding-bottom: 2px; background-image: url('..\/..\/..\/..\/..\/images\/squiggle_green.png'); background-repeat: repeat-x; background-position: left bottom; cursor: default; color: #666666; font-family: 'Open Sans', Helvetica, Arial, sans-serif; font-size: 16px; font-variant-ligatures: normal; font-variant-caps: normal; letter-spacing: normal; orphans: 2; text-align: start; text-indent: 0px; text-transform: none; white-space: normal; widows: 2; word-spacing: 0px; -webkit-text-stroke-width: 0px; text-decoration-thickness: initial; text-decoration-style: initial; text-decoration-color: initial;\">displays<\/span><\/em><\/a>.<\/strong> Permeten situar continguts sobre les parets, normalment mitjan\u00e7ant materials com el PVC o el metacrilat.<\/li>\n<li><strong>Marxandatge.<\/strong> Lliurar als assistents detalls promocionals durant la celebraci\u00f3 d&#8217;un esdeveniment sol ser molt recomanable. N&#8217;hi ha de dos tipus: pr\u00e0ctic per a l&#8217;ocasi\u00f3 i promocional. En el primer cas, et pots decantar per bol\u00edgrafs, quaderns, agendes, carpetes, etc\u00e8tera. No obstant aix\u00f2, quan l&#8217;objectiu \u00e9s lliurar un present que transcendeixi l&#8217;acte organitzat, tens al teu abast samarretes i altres peces t\u00e8xtils, tecnologia, clauers, mem\u00f2ries USB, imants&#8230;<\/li>\n<li><strong><a href=\"http:\/\/artyplan.com\/ca\/productes-impressio\/serveis-dimpressio-de-petit-format\/impressio-comercial\/fulletons\/\">Fulletons, fulls de m\u00e0 i cat\u00e0legs<\/a>.<\/strong> S\u00f3n materials gr\u00e0fics amb contingut informatiu o publicitari. La seva fi \u00e9s afavorir l&#8217;aprofitament de l&#8217;acte o animar a gaudir-lo.<\/li>\n<li><strong>Invitacions.<\/strong> Encara que les digitals estan aconseguint un gran protagonisme, una invitaci\u00f3 f\u00edsica sol ser ben rebuda encara.<\/li>\n<\/ul>\n<h2>Per qu\u00e8 centralitzar aquests elements en un prove\u00efdor \u00fanic<\/h2>\n<p>Les exig\u00e8ncies, tasques i esfor\u00e7os que implica organitzar correctament un esdeveniment d&#8217;aquesta envergadura requereixen<strong> optimitzar els temps i envoltar-se dels millors professionals <\/strong>en cada faceta. En el terreny de la comunicaci\u00f3, comptar amb un prove\u00efdor \u00fanic per a tots els elements publicitaris i gr\u00e0fics comporta significatius avantatges, com les seg\u00fcents.<\/p>\n<ol>\n<li><strong>Un enfocament estrat\u00e8gic.<\/strong> Es prenen millors decisions a l&#8217;hora de conjugar els diferents materials creats.<\/li>\n<li><strong>Un estalvi important.<\/strong> Tant de temps com de diners. Les economies d&#8217;escala en la impressi\u00f3 et permeten estalviar costos i, a m\u00e9s, el coneixement de la marca ajuda a reduir els terminis necessaris.<\/li>\n<li><strong>Una adequada previsi\u00f3 econ\u00f2mica.<\/strong> Resulta m\u00e9s senzill i requereixo comptar amb una valoraci\u00f3 pr\u00e8via ajustada del cost total d&#8217;aquesta inversi\u00f3.<\/li>\n<li><strong>Una imatge uniforme.<\/strong> La projecci\u00f3 de marca \u00e9s homog\u00e8nia i, per aix\u00f2, m\u00e9s impactant i visible.<\/li>\n<\/ol>\n<h2><span class=\"hiddenSpellError\">Artyplan<\/span>, un prove\u00efdor de refer\u00e8ncia per als teus projectes gr\u00e0fics<\/h2>\n<p>Som una empresa especialitzada en <strong>tota classe de serveis d&#8217;impressi\u00f3<\/strong>. El nostre model de producci\u00f3 s&#8217;adapta a qualsevol necessitat i expectativa. De fet, atresorem una llarga i molt ben valorada traject\u00f2ria en la impressi\u00f3 de materials tant per a interior com per a exterior.<\/p>\n<p>Som capa\u00e7os, per aix\u00f2, de proporcionar-te un assessorament i una producci\u00f3 integrals a l&#8217;hora de planificar la comunicaci\u00f3 gr\u00e0fica de cada acte p\u00fablic programat. D&#8217;altra banda, disposem de la tecnologia i els equips adequats per a <strong>crear a mesura tots els elements gr\u00e0fics i publicitaris<\/strong> que pots necessitar.<\/p>\n<p>Aix\u00ed que no ho dubtis. <a href=\"http:\/\/artyplan.com\/ca\">Assegura&#8217;t amb\u00a0<span class=\"hiddenSpellError\">Artyplan<\/span><\/a>\u00a0el millor servei, la qualitat i la creativitat que necessites per a la <strong>comunicaci\u00f3 gr\u00e0fica en els teus esdeveniments<\/strong>. Compta amb nosaltres, explica&#8217;ns el teu cas i deixa que els nostres assessors t&#8217;ajudin a fer brillar, encara m\u00e9s, aquest acte p\u00fablic que tan important ser\u00e0 per a la teva empresa. Contacta amb nosaltres ara!<\/p>\n","protected":false},"excerpt":{"rendered":"<p>Organitzar esdeveniments \u00e9s una tasca complexa i que inclou gran quantitat d&#8217;elements i detalls. Entre altres, \u00e9s imprescindible comptar amb els elements de comunicaci\u00f3 necessaris per a informar, persuadir i donar visibilitat a la marca promotora. Qu\u00e8 has de saber sobre aquest tema abans d&#8217;assumir aquesta tasca? Elements gr\u00e0fics i publicitaris per a esdeveniments El [&hellip;]<\/p>\n","protected":false},"author":3,"featured_media":6983,"comment_status":"closed","ping_status":"closed","sticky":false,"template":"","format":"standard","meta":{"footnotes":""},"categories":[1],"tags":[],"class_list":["post-5142","post","type-post","status-publish","format-standard","has-post-thumbnail","hentry","category-sense-categoritzar"],"yoast_head":"<!-- This site is optimized with the Yoast SEO Premium plugin v26.5 (Yoast SEO v26.5) - https:\/\/yoast.com\/wordpress\/plugins\/seo\/ -->\n<title>Elements gr\u00e0fics i publicitaris pels esdeveniments | Artyplan<\/title>\n<meta name=\"description\" content=\"Necessites elements gr\u00e0fics o publicitaris pels teus propers esdeveniments? A Artyplan realitzem impressions i t&#039;ajudem en tot el proc\u00e9s.\" \/>\n<meta name=\"robots\" content=\"index, follow, max-snippet:-1, max-image-preview:large, max-video-preview:-1\" \/>\n<link rel=\"canonical\" href=\"https:\/\/artyplan.com\/ca\/blog\/elements-grafics-publicitaris-pels-esdeveniment\/\" \/>\n<meta property=\"og:locale\" content=\"ca_ES\" \/>\n<meta property=\"og:type\" content=\"article\" \/>\n<meta property=\"og:title\" content=\"Elements gr\u00e0fics i publicitaris pels esdeveniments\" \/>\n<meta property=\"og:description\" content=\"Necessites elements gr\u00e0fics o publicitaris pels teus propers esdeveniments? A Artyplan realitzem impressions i t&#039;ajudem en tot el proc\u00e9s.\" \/>\n<meta property=\"og:url\" content=\"https:\/\/artyplan.com\/ca\/blog\/elements-grafics-publicitaris-pels-esdeveniment\/\" \/>\n<meta property=\"og:site_name\" content=\"Artyplan\" \/>\n<meta property=\"article:publisher\" content=\"https:\/\/www.facebook.com\/artyplan\" \/>\n<meta property=\"article:published_time\" content=\"2021-05-09T22:00:00+00:00\" \/>\n<meta property=\"article:modified_time\" content=\"2025-09-07T14:09:56+00:00\" \/>\n<meta property=\"og:image\" content=\"https:\/\/artyplan.com\/wp-content\/uploads\/2025\/09\/elementos-graficos-eventos.jpg\" \/>\n\t<meta property=\"og:image:width\" content=\"1920\" \/>\n\t<meta property=\"og:image:height\" content=\"600\" \/>\n\t<meta property=\"og:image:type\" content=\"image\/jpeg\" \/>\n<meta name=\"author\" content=\"Sergio Triguero\" \/>\n<meta name=\"twitter:card\" content=\"summary_large_image\" \/>\n<meta name=\"twitter:label1\" content=\"Escrit per\" \/>\n\t<meta name=\"twitter:data1\" content=\"Sergio Triguero\" \/>\n\t<meta name=\"twitter:label2\" content=\"Temps estimat de lectura\" \/>\n\t<meta name=\"twitter:data2\" content=\"3 minuts\" \/>\n<script type=\"application\/ld+json\" class=\"yoast-schema-graph\">{\"@context\":\"https:\/\/schema.org\",\"@graph\":[{\"@type\":\"Article\",\"@id\":\"https:\/\/artyplan.com\/ca\/blog\/elements-grafics-publicitaris-pels-esdeveniment\/#article\",\"isPartOf\":{\"@id\":\"https:\/\/artyplan.com\/ca\/blog\/elements-grafics-publicitaris-pels-esdeveniment\/\"},\"author\":{\"name\":\"Sergio Triguero\",\"@id\":\"https:\/\/artyplan.com\/ca\/#\/schema\/person\/0ef19accced432bc277b8d5248cd2cc0\"},\"headline\":\"Elements gr\u00e0fics i publicitaris pels esdeveniments\",\"datePublished\":\"2021-05-09T22:00:00+00:00\",\"dateModified\":\"2025-09-07T14:09:56+00:00\",\"mainEntityOfPage\":{\"@id\":\"https:\/\/artyplan.com\/ca\/blog\/elements-grafics-publicitaris-pels-esdeveniment\/\"},\"wordCount\":695,\"publisher\":{\"@id\":\"https:\/\/artyplan.com\/ca\/#organization\"},\"image\":{\"@id\":\"https:\/\/artyplan.com\/ca\/blog\/elements-grafics-publicitaris-pels-esdeveniment\/#primaryimage\"},\"thumbnailUrl\":\"https:\/\/artyplan.com\/wp-content\/uploads\/2025\/09\/elementos-graficos-eventos.jpg\",\"articleSection\":[\"Sense-categoritzar\"],\"inLanguage\":\"ca\"},{\"@type\":\"WebPage\",\"@id\":\"https:\/\/artyplan.com\/ca\/blog\/elements-grafics-publicitaris-pels-esdeveniment\/\",\"url\":\"https:\/\/artyplan.com\/ca\/blog\/elements-grafics-publicitaris-pels-esdeveniment\/\",\"name\":\"Elements gr\u00e0fics i publicitaris pels esdeveniments | Artyplan\",\"isPartOf\":{\"@id\":\"https:\/\/artyplan.com\/ca\/#website\"},\"primaryImageOfPage\":{\"@id\":\"https:\/\/artyplan.com\/ca\/blog\/elements-grafics-publicitaris-pels-esdeveniment\/#primaryimage\"},\"image\":{\"@id\":\"https:\/\/artyplan.com\/ca\/blog\/elements-grafics-publicitaris-pels-esdeveniment\/#primaryimage\"},\"thumbnailUrl\":\"https:\/\/artyplan.com\/wp-content\/uploads\/2025\/09\/elementos-graficos-eventos.jpg\",\"datePublished\":\"2021-05-09T22:00:00+00:00\",\"dateModified\":\"2025-09-07T14:09:56+00:00\",\"description\":\"Necessites elements gr\u00e0fics o publicitaris pels teus propers esdeveniments? A Artyplan realitzem impressions i t'ajudem en tot el proc\u00e9s.\",\"breadcrumb\":{\"@id\":\"https:\/\/artyplan.com\/ca\/blog\/elements-grafics-publicitaris-pels-esdeveniment\/#breadcrumb\"},\"inLanguage\":\"ca\",\"potentialAction\":[{\"@type\":\"ReadAction\",\"target\":[\"https:\/\/artyplan.com\/ca\/blog\/elements-grafics-publicitaris-pels-esdeveniment\/\"]}]},{\"@type\":\"ImageObject\",\"inLanguage\":\"ca\",\"@id\":\"https:\/\/artyplan.com\/ca\/blog\/elements-grafics-publicitaris-pels-esdeveniment\/#primaryimage\",\"url\":\"https:\/\/artyplan.com\/wp-content\/uploads\/2025\/09\/elementos-graficos-eventos.jpg\",\"contentUrl\":\"https:\/\/artyplan.com\/wp-content\/uploads\/2025\/09\/elementos-graficos-eventos.jpg\",\"width\":1920,\"height\":600,\"caption\":\"elements-grafics-publicitaris-esdeveniments|elementos graficos eventos|\"},{\"@type\":\"BreadcrumbList\",\"@id\":\"https:\/\/artyplan.com\/ca\/blog\/elements-grafics-publicitaris-pels-esdeveniment\/#breadcrumb\",\"itemListElement\":[{\"@type\":\"ListItem\",\"position\":1,\"name\":\"Artyplan\",\"item\":\"https:\/\/artyplan.com\/ca\/\"},{\"@type\":\"ListItem\",\"position\":2,\"name\":\"Elements gr\u00e0fics i publicitaris pels esdeveniments\"}]},{\"@type\":\"WebSite\",\"@id\":\"https:\/\/artyplan.com\/ca\/#website\",\"url\":\"https:\/\/artyplan.com\/ca\/\",\"name\":\"Artyplan\",\"description\":\"\",\"publisher\":{\"@id\":\"https:\/\/artyplan.com\/ca\/#organization\"},\"potentialAction\":[{\"@type\":\"SearchAction\",\"target\":{\"@type\":\"EntryPoint\",\"urlTemplate\":\"https:\/\/artyplan.com\/ca\/?s={search_term_string}\"},\"query-input\":{\"@type\":\"PropertyValueSpecification\",\"valueRequired\":true,\"valueName\":\"search_term_string\"}}],\"inLanguage\":\"ca\"},{\"@type\":\"Organization\",\"@id\":\"https:\/\/artyplan.com\/ca\/#organization\",\"name\":\"Artyplan\",\"url\":\"https:\/\/artyplan.com\/ca\/\",\"logo\":{\"@type\":\"ImageObject\",\"inLanguage\":\"ca\",\"@id\":\"https:\/\/artyplan.com\/ca\/#\/schema\/logo\/image\/\",\"url\":\"https:\/\/artyplan.com\/wp-content\/uploads\/2025\/12\/Logo-artyplan-690x690-1.png\",\"contentUrl\":\"https:\/\/artyplan.com\/wp-content\/uploads\/2025\/12\/Logo-artyplan-690x690-1.png\",\"width\":690,\"height\":690,\"caption\":\"Artyplan\"},\"image\":{\"@id\":\"https:\/\/artyplan.com\/ca\/#\/schema\/logo\/image\/\"},\"sameAs\":[\"https:\/\/www.facebook.com\/artyplan\",\"https:\/\/www.instagram.com\/artyplan\/\",\"https:\/\/www.linkedin.com\/company\/artyplan\"],\"description\":\"Artyplan \u00e9s una empresa especialitzada en producci\u00f3 gr\u00e0fica i comunicaci\u00f3 visual amb 60 anys dexperi\u00e8ncia. Oferim solucions integrals d'impressi\u00f3 en gran format, PLV i retail, gesti\u00f3 d'esdeveniments i fires, disseny i fabricaci\u00f3 a mida, log\u00edstica i serveis d'instal\u00b7laci\u00f3 a tot el territori. Treballem per a marques, ag\u00e8ncies, espais comercials i institucions que necessiten un partner fiable per desenvolupar campanyes de m\u00e0rqueting, projectes de retail i accions de branding o m\u00e0rqueting. Combinem tecnologia avan\u00e7ada d\u00b4impressi\u00f3 digital, un equip expert i una gesti\u00f3 completa de projectes per garantir qualitat, agilitat i resultats a mida per a cada client. Disposem de plataformes B2B que faciliten als nostres clients la gesti\u00f3 de les comandes de materials impresos aix\u00ed com la log\u00edstica dels mateixos.\",\"email\":\"info@artyplan.com\",\"telephone\":\"+34 93 200 87 99\",\"legalName\":\"Artyplan S.L.\",\"vatID\":\"B61963229\",\"numberOfEmployees\":{\"@type\":\"QuantitativeValue\",\"minValue\":\"51\",\"maxValue\":\"200\"}},{\"@type\":\"Person\",\"@id\":\"https:\/\/artyplan.com\/ca\/#\/schema\/person\/0ef19accced432bc277b8d5248cd2cc0\",\"name\":\"Sergio Triguero\",\"image\":{\"@type\":\"ImageObject\",\"inLanguage\":\"ca\",\"@id\":\"https:\/\/artyplan.com\/ca\/#\/schema\/person\/image\/\",\"url\":\"https:\/\/secure.gravatar.com\/avatar\/c742a95811ffbc635a3d111ab446f278cce576575d14970fd5d56e17580c3f23?s=96&d=mm&r=g\",\"contentUrl\":\"https:\/\/secure.gravatar.com\/avatar\/c742a95811ffbc635a3d111ab446f278cce576575d14970fd5d56e17580c3f23?s=96&d=mm&r=g\",\"caption\":\"Sergio Triguero\"}}]}<\/script>\n<!-- \/ Yoast SEO Premium plugin. -->","yoast_head_json":{"title":"Elements gr\u00e0fics i publicitaris pels esdeveniments | Artyplan","description":"Necessites elements gr\u00e0fics o publicitaris pels teus propers esdeveniments? A Artyplan realitzem impressions i t'ajudem en tot el proc\u00e9s.","robots":{"index":"index","follow":"follow","max-snippet":"max-snippet:-1","max-image-preview":"max-image-preview:large","max-video-preview":"max-video-preview:-1"},"canonical":"https:\/\/artyplan.com\/ca\/blog\/elements-grafics-publicitaris-pels-esdeveniment\/","og_locale":"ca_ES","og_type":"article","og_title":"Elements gr\u00e0fics i publicitaris pels esdeveniments","og_description":"Necessites elements gr\u00e0fics o publicitaris pels teus propers esdeveniments? A Artyplan realitzem impressions i t'ajudem en tot el proc\u00e9s.","og_url":"https:\/\/artyplan.com\/ca\/blog\/elements-grafics-publicitaris-pels-esdeveniment\/","og_site_name":"Artyplan","article_publisher":"https:\/\/www.facebook.com\/artyplan","article_published_time":"2021-05-09T22:00:00+00:00","article_modified_time":"2025-09-07T14:09:56+00:00","og_image":[{"width":1920,"height":600,"url":"https:\/\/artyplan.com\/wp-content\/uploads\/2025\/09\/elementos-graficos-eventos.jpg","type":"image\/jpeg"}],"author":"Sergio Triguero","twitter_card":"summary_large_image","twitter_misc":{"Escrit per":"Sergio Triguero","Temps estimat de lectura":"3 minuts"},"schema":{"@context":"https:\/\/schema.org","@graph":[{"@type":"Article","@id":"https:\/\/artyplan.com\/ca\/blog\/elements-grafics-publicitaris-pels-esdeveniment\/#article","isPartOf":{"@id":"https:\/\/artyplan.com\/ca\/blog\/elements-grafics-publicitaris-pels-esdeveniment\/"},"author":{"name":"Sergio Triguero","@id":"https:\/\/artyplan.com\/ca\/#\/schema\/person\/0ef19accced432bc277b8d5248cd2cc0"},"headline":"Elements gr\u00e0fics i publicitaris pels esdeveniments","datePublished":"2021-05-09T22:00:00+00:00","dateModified":"2025-09-07T14:09:56+00:00","mainEntityOfPage":{"@id":"https:\/\/artyplan.com\/ca\/blog\/elements-grafics-publicitaris-pels-esdeveniment\/"},"wordCount":695,"publisher":{"@id":"https:\/\/artyplan.com\/ca\/#organization"},"image":{"@id":"https:\/\/artyplan.com\/ca\/blog\/elements-grafics-publicitaris-pels-esdeveniment\/#primaryimage"},"thumbnailUrl":"https:\/\/artyplan.com\/wp-content\/uploads\/2025\/09\/elementos-graficos-eventos.jpg","articleSection":["Sense-categoritzar"],"inLanguage":"ca"},{"@type":"WebPage","@id":"https:\/\/artyplan.com\/ca\/blog\/elements-grafics-publicitaris-pels-esdeveniment\/","url":"https:\/\/artyplan.com\/ca\/blog\/elements-grafics-publicitaris-pels-esdeveniment\/","name":"Elements gr\u00e0fics i publicitaris pels esdeveniments | Artyplan","isPartOf":{"@id":"https:\/\/artyplan.com\/ca\/#website"},"primaryImageOfPage":{"@id":"https:\/\/artyplan.com\/ca\/blog\/elements-grafics-publicitaris-pels-esdeveniment\/#primaryimage"},"image":{"@id":"https:\/\/artyplan.com\/ca\/blog\/elements-grafics-publicitaris-pels-esdeveniment\/#primaryimage"},"thumbnailUrl":"https:\/\/artyplan.com\/wp-content\/uploads\/2025\/09\/elementos-graficos-eventos.jpg","datePublished":"2021-05-09T22:00:00+00:00","dateModified":"2025-09-07T14:09:56+00:00","description":"Necessites elements gr\u00e0fics o publicitaris pels teus propers esdeveniments? A Artyplan realitzem impressions i t'ajudem en tot el proc\u00e9s.","breadcrumb":{"@id":"https:\/\/artyplan.com\/ca\/blog\/elements-grafics-publicitaris-pels-esdeveniment\/#breadcrumb"},"inLanguage":"ca","potentialAction":[{"@type":"ReadAction","target":["https:\/\/artyplan.com\/ca\/blog\/elements-grafics-publicitaris-pels-esdeveniment\/"]}]},{"@type":"ImageObject","inLanguage":"ca","@id":"https:\/\/artyplan.com\/ca\/blog\/elements-grafics-publicitaris-pels-esdeveniment\/#primaryimage","url":"https:\/\/artyplan.com\/wp-content\/uploads\/2025\/09\/elementos-graficos-eventos.jpg","contentUrl":"https:\/\/artyplan.com\/wp-content\/uploads\/2025\/09\/elementos-graficos-eventos.jpg","width":1920,"height":600,"caption":"elements-grafics-publicitaris-esdeveniments|elementos graficos eventos|"},{"@type":"BreadcrumbList","@id":"https:\/\/artyplan.com\/ca\/blog\/elements-grafics-publicitaris-pels-esdeveniment\/#breadcrumb","itemListElement":[{"@type":"ListItem","position":1,"name":"Artyplan","item":"https:\/\/artyplan.com\/ca\/"},{"@type":"ListItem","position":2,"name":"Elements gr\u00e0fics i publicitaris pels esdeveniments"}]},{"@type":"WebSite","@id":"https:\/\/artyplan.com\/ca\/#website","url":"https:\/\/artyplan.com\/ca\/","name":"Artyplan","description":"","publisher":{"@id":"https:\/\/artyplan.com\/ca\/#organization"},"potentialAction":[{"@type":"SearchAction","target":{"@type":"EntryPoint","urlTemplate":"https:\/\/artyplan.com\/ca\/?s={search_term_string}"},"query-input":{"@type":"PropertyValueSpecification","valueRequired":true,"valueName":"search_term_string"}}],"inLanguage":"ca"},{"@type":"Organization","@id":"https:\/\/artyplan.com\/ca\/#organization","name":"Artyplan","url":"https:\/\/artyplan.com\/ca\/","logo":{"@type":"ImageObject","inLanguage":"ca","@id":"https:\/\/artyplan.com\/ca\/#\/schema\/logo\/image\/","url":"https:\/\/artyplan.com\/wp-content\/uploads\/2025\/12\/Logo-artyplan-690x690-1.png","contentUrl":"https:\/\/artyplan.com\/wp-content\/uploads\/2025\/12\/Logo-artyplan-690x690-1.png","width":690,"height":690,"caption":"Artyplan"},"image":{"@id":"https:\/\/artyplan.com\/ca\/#\/schema\/logo\/image\/"},"sameAs":["https:\/\/www.facebook.com\/artyplan","https:\/\/www.instagram.com\/artyplan\/","https:\/\/www.linkedin.com\/company\/artyplan"],"description":"Artyplan \u00e9s una empresa especialitzada en producci\u00f3 gr\u00e0fica i comunicaci\u00f3 visual amb 60 anys dexperi\u00e8ncia. Oferim solucions integrals d'impressi\u00f3 en gran format, PLV i retail, gesti\u00f3 d'esdeveniments i fires, disseny i fabricaci\u00f3 a mida, log\u00edstica i serveis d'instal\u00b7laci\u00f3 a tot el territori. Treballem per a marques, ag\u00e8ncies, espais comercials i institucions que necessiten un partner fiable per desenvolupar campanyes de m\u00e0rqueting, projectes de retail i accions de branding o m\u00e0rqueting. Combinem tecnologia avan\u00e7ada d\u00b4impressi\u00f3 digital, un equip expert i una gesti\u00f3 completa de projectes per garantir qualitat, agilitat i resultats a mida per a cada client. Disposem de plataformes B2B que faciliten als nostres clients la gesti\u00f3 de les comandes de materials impresos aix\u00ed com la log\u00edstica dels mateixos.","email":"info@artyplan.com","telephone":"+34 93 200 87 99","legalName":"Artyplan S.L.","vatID":"B61963229","numberOfEmployees":{"@type":"QuantitativeValue","minValue":"51","maxValue":"200"}},{"@type":"Person","@id":"https:\/\/artyplan.com\/ca\/#\/schema\/person\/0ef19accced432bc277b8d5248cd2cc0","name":"Sergio Triguero","image":{"@type":"ImageObject","inLanguage":"ca","@id":"https:\/\/artyplan.com\/ca\/#\/schema\/person\/image\/","url":"https:\/\/secure.gravatar.com\/avatar\/c742a95811ffbc635a3d111ab446f278cce576575d14970fd5d56e17580c3f23?s=96&d=mm&r=g","contentUrl":"https:\/\/secure.gravatar.com\/avatar\/c742a95811ffbc635a3d111ab446f278cce576575d14970fd5d56e17580c3f23?s=96&d=mm&r=g","caption":"Sergio Triguero"}}]}},"_links":{"self":[{"href":"https:\/\/artyplan.com\/ca\/wp-json\/wp\/v2\/posts\/5142","targetHints":{"allow":["GET"]}}],"collection":[{"href":"https:\/\/artyplan.com\/ca\/wp-json\/wp\/v2\/posts"}],"about":[{"href":"https:\/\/artyplan.com\/ca\/wp-json\/wp\/v2\/types\/post"}],"author":[{"embeddable":true,"href":"https:\/\/artyplan.com\/ca\/wp-json\/wp\/v2\/users\/3"}],"replies":[{"embeddable":true,"href":"https:\/\/artyplan.com\/ca\/wp-json\/wp\/v2\/comments?post=5142"}],"version-history":[{"count":7,"href":"https:\/\/artyplan.com\/ca\/wp-json\/wp\/v2\/posts\/5142\/revisions"}],"predecessor-version":[{"id":7688,"href":"https:\/\/artyplan.com\/ca\/wp-json\/wp\/v2\/posts\/5142\/revisions\/7688"}],"wp:featuredmedia":[{"embeddable":true,"href":"https:\/\/artyplan.com\/ca\/wp-json\/wp\/v2\/media\/6983"}],"wp:attachment":[{"href":"https:\/\/artyplan.com\/ca\/wp-json\/wp\/v2\/media?parent=5142"}],"wp:term":[{"taxonomy":"category","embeddable":true,"href":"https:\/\/artyplan.com\/ca\/wp-json\/wp\/v2\/categories?post=5142"},{"taxonomy":"post_tag","embeddable":true,"href":"https:\/\/artyplan.com\/ca\/wp-json\/wp\/v2\/tags?post=5142"}],"curies":[{"name":"wp","href":"https:\/\/api.w.org\/{rel}","templated":true}]}}