{"id":5147,"date":"2021-05-17T00:00:00","date_gmt":"2021-05-16T22:00:00","guid":{"rendered":"https:\/\/preweb.artyplan.com\/sin-categorizar\/elements-grafics-rebaixes\/"},"modified":"2025-09-07T16:10:00","modified_gmt":"2025-09-07T14:10:00","slug":"elements-grafics-rebaixes","status":"publish","type":"post","link":"https:\/\/artyplan.com\/ca\/blog\/elements-grafics-rebaixes\/","title":{"rendered":"Elements gr\u00e0fics essencials per la campanya de rebaixes"},"content":{"rendered":"<p>Les \u00e8poques de rebaixes s\u00f3n determinants per a la majoria dels comer\u00e7os. En elles obtenen un percentatge majoritari dels seus ingressos anuals. Per aix\u00f2 has de fer un esfor\u00e7 addicional en <strong>cartelleria i elements gr\u00e0fics<\/strong> de publicitat en el lloc de venda, per a\u00a0atreure els\u00a0teus clients i potenciar les compres en aquests per\u00edodes.<\/p>\n<h2>Per qu\u00e8 necessites publicitar-te en el teu local durant les rebaixes<\/h2>\n<p>La compet\u00e8ncia \u00e9s fero\u00e7. I en aquestes dates, normalitzades legalment, tots els establiments ofereixen els seus productes alhora en condicions avantatjoses. Els descomptes s\u00f3n molts i impactants a tot arreu, i <strong>els clients se senten impulsats a comprar<\/strong> m\u00e9s i millor. Ara b\u00e9, de qu\u00e8 dep\u00e8n que sigui el teu establiment el triat? I, una vegada en ell, com pots afavorir que les compres, finalment, es realitzin?<\/p>\n<p>Nom\u00e9s el punt de venta pot ajudar-te en aquesta direcci\u00f3. Els grans reclams publicitaris han de convertir-se en <strong>est\u00edmuls emocionals i racionals que confirmin la decisi\u00f3 de compra<\/strong>. Amb ells millores la teva visibilitat enfront de la compet\u00e8ncia. Alhora, aconsegueixes que el teu p\u00fablic es vegi confirmat en la seva intenci\u00f3 de compra, senti confian\u00e7a i descobreixi noves oportunitats que podrien haver-li passat desapercebudes.<\/p>\n<p>A trav\u00e9s d&#8217;aquests missatges comunicar\u00e0s les teves millors ofertes i a crear nexes d&#8217;uni\u00f3 comercial amb els teus destinataris. Pots potenciar aquells productes m\u00e9s atractius o avantatjosos en el seu preu, i fer que aquests actu\u00efn d&#8217;imant per a l&#8217;adquisici\u00f3 d&#8217;uns altres.<\/p>\n<p>En rebaixes, quan un client comen\u00e7a a comprar en el teu establiment, \u00e9s molt possible que adquireixi m\u00e9s d&#8217;un producte&#8230; Si la <strong>teva estrat\u00e8gia de comunicaci\u00f3<\/strong> est\u00e0 a l&#8217;altura. Per aix\u00f2, els materials publicitaris en \u00e8poca de rebaixes s\u00f3n absolutament imprescindibles i rendibles, sempre que els treballis b\u00e9 i siguin adequats per al teu <em>target<\/em>.<\/p>\n<h2>Elements\u00a0 gr\u00e0fics publicitaris per al punt de venda durant les rebaixes<\/h2>\n<p>En realitat no existeixen elements gr\u00e0fics espec\u00edfics per a aquestes \u00e8poques comercials. La principal difer\u00e8ncia amb la resta de l&#8217;any \u00e9s la profusi\u00f3 i la combinaci\u00f3 de diversos d&#8217;ells. Per descomptat, has de <strong>cuidar molt\u00edssim les etiquetes<\/strong>, en les quals has d&#8217;assenyalar ben destacat el preu actual i els anteriors i successius PVP. Aix\u00ed el potencial comprador ser\u00e0 m\u00e9s conscient de la irresistible oportunitat que t\u00e9 entre les seves mans.<\/p>\n<p>Els <strong>vinils en els aparadors<\/strong> i a l&#8217;interior de la botiga et permeten comunicar missatges amb molta pot\u00e8ncia i gran visibilitat. Recorda que el vermell i el blanc s\u00f3n els colors tradicionalment associats a aquests esdeveniments comercials. Tamb\u00e9 la pres\u00e8ncia de c<strong>artelleria, aeris,\u00a0<a href=\"http:\/\/artyplan.com\/ca\/productes-impressio\/packaging\/displays\/\"><em>displays<\/em><\/a>\u00a0i expositors<\/strong> personalitzats per a l&#8217;ocasi\u00f3 contribueix a fomentar aquest esperit consumidor que les rebaixes alimenten.<\/p>\n<p>D&#8217;altra banda, pots col\u00b7locar cubs amb m\u00faltiples cares anunciadores, lones de totes les grand\u00e0ries cobrint les parets interiors o les fa\u00e7anes exteriors del teu immoble comercial, i distribuir <em>roll ups<\/em>\u00a0i materials corporis que impulsin al m\u00e0xim les teves vendes. Completar l&#8217;acci\u00f3 publicit\u00e0ria amb <strong>fullets o cat\u00e0legs publicitaris<\/strong> cridaners, visuals i motivadors ser\u00e0 el colof\u00f3 perfecte per a aconseguir els teus objectius. El contingut audiovisual, projectat en pantalles de major o menor grand\u00e0ria, completa el ventall de possibilitats que tens a la teva disposici\u00f3.<\/p>\n<p>En tot cas, recorda que <strong>el preu i les anomenades a l&#8217;acci\u00f3<\/strong> han de ser els continguts essencials de les teves comunicacions. Utilitza una tipografia molt llegible i poderosa, capa\u00e7 d&#8217;exercir la seva funci\u00f3 de reclam amb un impacte immediat.<\/p>\n<h3>Artyplan\u00a0\u00e9s el teu <em>partner<\/em><\/h3>\n<p>Necessites un col\u00b7laborador per a dur a terme aquesta essencial acci\u00f3 publicit\u00e0ria? \u00a0A <a href=\"http:\/\/artyplan.com\/ca\/contacte\/\">Artyplan<\/a>\u00a0som especialistes en aquest \u00e0mbit, i sabem com ajudar-te.<\/p>\n<p>T&#8217;aportarem <strong>solucions impactants, funcionals, de qualitat i homog\u00e8nies<\/strong>, capaces de generar importants efectes sin\u00e8rgics. Utilitzem materials sostenibles i elaborem en terminis ajustats tota la <strong>cartelleria i els elements gr\u00e0fics<\/strong> que necessitis. Parlem?<\/p>\n","protected":false},"excerpt":{"rendered":"<p>Les \u00e8poques de rebaixes s\u00f3n determinants per a la majoria dels comer\u00e7os. En elles obtenen un percentatge majoritari dels seus ingressos anuals. Per aix\u00f2 has de fer un esfor\u00e7 addicional en cartelleria i elements gr\u00e0fics de publicitat en el lloc de venda, per a\u00a0atreure els\u00a0teus clients i potenciar les compres en aquests per\u00edodes. Per qu\u00e8 [&hellip;]<\/p>\n","protected":false},"author":3,"featured_media":5146,"comment_status":"closed","ping_status":"closed","sticky":false,"template":"","format":"standard","meta":{"footnotes":""},"categories":[54,1],"tags":[],"class_list":["post-5147","post","type-post","status-publish","format-standard","has-post-thumbnail","hentry","category-noticies-ca","category-sense-categoritzar"],"yoast_head":"<!-- This site is optimized with the Yoast SEO Premium plugin v26.5 (Yoast SEO v26.5) - https:\/\/yoast.com\/wordpress\/plugins\/seo\/ -->\n<title>Elements gr\u00e0fics essencials per la campanya de rebaixes | Artyplan<\/title>\n<meta name=\"description\" content=\"Per qu\u00e8 la cartelleria i els elements gr\u00e0fics son fonamentals per aconseguir visibilitat i vendes en rebaixes? Descobreix que utilitzar\" \/>\n<meta name=\"robots\" content=\"index, follow, max-snippet:-1, max-image-preview:large, max-video-preview:-1\" \/>\n<link rel=\"canonical\" href=\"https:\/\/artyplan.com\/ca\/blog\/elements-grafics-rebaixes\/\" \/>\n<meta property=\"og:locale\" content=\"ca_ES\" \/>\n<meta property=\"og:type\" content=\"article\" \/>\n<meta property=\"og:title\" content=\"Elements gr\u00e0fics essencials per la campanya de rebaixes\" \/>\n<meta property=\"og:description\" content=\"Per qu\u00e8 la cartelleria i els elements gr\u00e0fics son fonamentals per aconseguir visibilitat i vendes en rebaixes? Descobreix que utilitzar\" \/>\n<meta property=\"og:url\" content=\"https:\/\/artyplan.com\/ca\/blog\/elements-grafics-rebaixes\/\" \/>\n<meta property=\"og:site_name\" content=\"Artyplan\" \/>\n<meta property=\"article:publisher\" content=\"https:\/\/www.facebook.com\/artyplan\" \/>\n<meta property=\"article:published_time\" content=\"2021-05-16T22:00:00+00:00\" \/>\n<meta property=\"article:modified_time\" content=\"2025-09-07T14:10:00+00:00\" \/>\n<meta property=\"og:image\" content=\"https:\/\/artyplan.com\/wp-content\/uploads\/2025\/09\/carteleria-rebajas.jpg\" \/>\n\t<meta property=\"og:image:width\" content=\"1920\" \/>\n\t<meta property=\"og:image:height\" content=\"600\" \/>\n\t<meta property=\"og:image:type\" content=\"image\/jpeg\" \/>\n<meta name=\"author\" content=\"Sergio Triguero\" \/>\n<meta name=\"twitter:card\" content=\"summary_large_image\" \/>\n<meta name=\"twitter:label1\" content=\"Escrit per\" \/>\n\t<meta name=\"twitter:data1\" content=\"Sergio Triguero\" \/>\n\t<meta name=\"twitter:label2\" content=\"Temps estimat de lectura\" \/>\n\t<meta name=\"twitter:data2\" content=\"3 minuts\" \/>\n<script type=\"application\/ld+json\" class=\"yoast-schema-graph\">{\"@context\":\"https:\/\/schema.org\",\"@graph\":[{\"@type\":\"Article\",\"@id\":\"https:\/\/artyplan.com\/ca\/blog\/elements-grafics-rebaixes\/#article\",\"isPartOf\":{\"@id\":\"https:\/\/artyplan.com\/ca\/blog\/elements-grafics-rebaixes\/\"},\"author\":{\"name\":\"Sergio Triguero\",\"@id\":\"https:\/\/artyplan.com\/ca\/#\/schema\/person\/0ef19accced432bc277b8d5248cd2cc0\"},\"headline\":\"Elements gr\u00e0fics essencials per la campanya de rebaixes\",\"datePublished\":\"2021-05-16T22:00:00+00:00\",\"dateModified\":\"2025-09-07T14:10:00+00:00\",\"mainEntityOfPage\":{\"@id\":\"https:\/\/artyplan.com\/ca\/blog\/elements-grafics-rebaixes\/\"},\"wordCount\":688,\"publisher\":{\"@id\":\"https:\/\/artyplan.com\/ca\/#organization\"},\"image\":{\"@id\":\"https:\/\/artyplan.com\/ca\/blog\/elements-grafics-rebaixes\/#primaryimage\"},\"thumbnailUrl\":\"https:\/\/artyplan.com\/wp-content\/uploads\/2025\/09\/carteleria-rebajas.jpg\",\"articleSection\":[\"Noticies\",\"Sense-categoritzar\"],\"inLanguage\":\"ca\"},{\"@type\":\"WebPage\",\"@id\":\"https:\/\/artyplan.com\/ca\/blog\/elements-grafics-rebaixes\/\",\"url\":\"https:\/\/artyplan.com\/ca\/blog\/elements-grafics-rebaixes\/\",\"name\":\"Elements gr\u00e0fics essencials per la campanya de rebaixes | Artyplan\",\"isPartOf\":{\"@id\":\"https:\/\/artyplan.com\/ca\/#website\"},\"primaryImageOfPage\":{\"@id\":\"https:\/\/artyplan.com\/ca\/blog\/elements-grafics-rebaixes\/#primaryimage\"},\"image\":{\"@id\":\"https:\/\/artyplan.com\/ca\/blog\/elements-grafics-rebaixes\/#primaryimage\"},\"thumbnailUrl\":\"https:\/\/artyplan.com\/wp-content\/uploads\/2025\/09\/carteleria-rebajas.jpg\",\"datePublished\":\"2021-05-16T22:00:00+00:00\",\"dateModified\":\"2025-09-07T14:10:00+00:00\",\"description\":\"Per qu\u00e8 la cartelleria i els elements gr\u00e0fics son fonamentals per aconseguir visibilitat i vendes en rebaixes? Descobreix que utilitzar\",\"breadcrumb\":{\"@id\":\"https:\/\/artyplan.com\/ca\/blog\/elements-grafics-rebaixes\/#breadcrumb\"},\"inLanguage\":\"ca\",\"potentialAction\":[{\"@type\":\"ReadAction\",\"target\":[\"https:\/\/artyplan.com\/ca\/blog\/elements-grafics-rebaixes\/\"]}]},{\"@type\":\"ImageObject\",\"inLanguage\":\"ca\",\"@id\":\"https:\/\/artyplan.com\/ca\/blog\/elements-grafics-rebaixes\/#primaryimage\",\"url\":\"https:\/\/artyplan.com\/wp-content\/uploads\/2025\/09\/carteleria-rebajas.jpg\",\"contentUrl\":\"https:\/\/artyplan.com\/wp-content\/uploads\/2025\/09\/carteleria-rebajas.jpg\",\"width\":1920,\"height\":600,\"caption\":\"elements grafics rebaixes\"},{\"@type\":\"BreadcrumbList\",\"@id\":\"https:\/\/artyplan.com\/ca\/blog\/elements-grafics-rebaixes\/#breadcrumb\",\"itemListElement\":[{\"@type\":\"ListItem\",\"position\":1,\"name\":\"Artyplan\",\"item\":\"https:\/\/artyplan.com\/ca\/\"},{\"@type\":\"ListItem\",\"position\":2,\"name\":\"Elements gr\u00e0fics essencials per la campanya de rebaixes\"}]},{\"@type\":\"WebSite\",\"@id\":\"https:\/\/artyplan.com\/ca\/#website\",\"url\":\"https:\/\/artyplan.com\/ca\/\",\"name\":\"Artyplan\",\"description\":\"\",\"publisher\":{\"@id\":\"https:\/\/artyplan.com\/ca\/#organization\"},\"potentialAction\":[{\"@type\":\"SearchAction\",\"target\":{\"@type\":\"EntryPoint\",\"urlTemplate\":\"https:\/\/artyplan.com\/ca\/?s={search_term_string}\"},\"query-input\":{\"@type\":\"PropertyValueSpecification\",\"valueRequired\":true,\"valueName\":\"search_term_string\"}}],\"inLanguage\":\"ca\"},{\"@type\":\"Organization\",\"@id\":\"https:\/\/artyplan.com\/ca\/#organization\",\"name\":\"Artyplan\",\"url\":\"https:\/\/artyplan.com\/ca\/\",\"logo\":{\"@type\":\"ImageObject\",\"inLanguage\":\"ca\",\"@id\":\"https:\/\/artyplan.com\/ca\/#\/schema\/logo\/image\/\",\"url\":\"https:\/\/artyplan.com\/wp-content\/uploads\/2025\/12\/Logo-artyplan-690x690-1.png\",\"contentUrl\":\"https:\/\/artyplan.com\/wp-content\/uploads\/2025\/12\/Logo-artyplan-690x690-1.png\",\"width\":690,\"height\":690,\"caption\":\"Artyplan\"},\"image\":{\"@id\":\"https:\/\/artyplan.com\/ca\/#\/schema\/logo\/image\/\"},\"sameAs\":[\"https:\/\/www.facebook.com\/artyplan\",\"https:\/\/www.instagram.com\/artyplan\/\",\"https:\/\/www.linkedin.com\/company\/artyplan\"],\"description\":\"Artyplan \u00e9s una empresa especialitzada en producci\u00f3 gr\u00e0fica i comunicaci\u00f3 visual amb 60 anys dexperi\u00e8ncia. Oferim solucions integrals d'impressi\u00f3 en gran format, PLV i retail, gesti\u00f3 d'esdeveniments i fires, disseny i fabricaci\u00f3 a mida, log\u00edstica i serveis d'instal\u00b7laci\u00f3 a tot el territori. Treballem per a marques, ag\u00e8ncies, espais comercials i institucions que necessiten un partner fiable per desenvolupar campanyes de m\u00e0rqueting, projectes de retail i accions de branding o m\u00e0rqueting. Combinem tecnologia avan\u00e7ada d\u00b4impressi\u00f3 digital, un equip expert i una gesti\u00f3 completa de projectes per garantir qualitat, agilitat i resultats a mida per a cada client. Disposem de plataformes B2B que faciliten als nostres clients la gesti\u00f3 de les comandes de materials impresos aix\u00ed com la log\u00edstica dels mateixos.\",\"email\":\"info@artyplan.com\",\"telephone\":\"+34 93 200 87 99\",\"legalName\":\"Artyplan S.L.\",\"vatID\":\"B61963229\",\"numberOfEmployees\":{\"@type\":\"QuantitativeValue\",\"minValue\":\"51\",\"maxValue\":\"200\"}},{\"@type\":\"Person\",\"@id\":\"https:\/\/artyplan.com\/ca\/#\/schema\/person\/0ef19accced432bc277b8d5248cd2cc0\",\"name\":\"Sergio Triguero\",\"image\":{\"@type\":\"ImageObject\",\"inLanguage\":\"ca\",\"@id\":\"https:\/\/artyplan.com\/ca\/#\/schema\/person\/image\/\",\"url\":\"https:\/\/secure.gravatar.com\/avatar\/c742a95811ffbc635a3d111ab446f278cce576575d14970fd5d56e17580c3f23?s=96&d=mm&r=g\",\"contentUrl\":\"https:\/\/secure.gravatar.com\/avatar\/c742a95811ffbc635a3d111ab446f278cce576575d14970fd5d56e17580c3f23?s=96&d=mm&r=g\",\"caption\":\"Sergio Triguero\"}}]}<\/script>\n<!-- \/ Yoast SEO Premium plugin. -->","yoast_head_json":{"title":"Elements gr\u00e0fics essencials per la campanya de rebaixes | Artyplan","description":"Per qu\u00e8 la cartelleria i els elements gr\u00e0fics son fonamentals per aconseguir visibilitat i vendes en rebaixes? Descobreix que utilitzar","robots":{"index":"index","follow":"follow","max-snippet":"max-snippet:-1","max-image-preview":"max-image-preview:large","max-video-preview":"max-video-preview:-1"},"canonical":"https:\/\/artyplan.com\/ca\/blog\/elements-grafics-rebaixes\/","og_locale":"ca_ES","og_type":"article","og_title":"Elements gr\u00e0fics essencials per la campanya de rebaixes","og_description":"Per qu\u00e8 la cartelleria i els elements gr\u00e0fics son fonamentals per aconseguir visibilitat i vendes en rebaixes? Descobreix que utilitzar","og_url":"https:\/\/artyplan.com\/ca\/blog\/elements-grafics-rebaixes\/","og_site_name":"Artyplan","article_publisher":"https:\/\/www.facebook.com\/artyplan","article_published_time":"2021-05-16T22:00:00+00:00","article_modified_time":"2025-09-07T14:10:00+00:00","og_image":[{"width":1920,"height":600,"url":"https:\/\/artyplan.com\/wp-content\/uploads\/2025\/09\/carteleria-rebajas.jpg","type":"image\/jpeg"}],"author":"Sergio Triguero","twitter_card":"summary_large_image","twitter_misc":{"Escrit per":"Sergio Triguero","Temps estimat de lectura":"3 minuts"},"schema":{"@context":"https:\/\/schema.org","@graph":[{"@type":"Article","@id":"https:\/\/artyplan.com\/ca\/blog\/elements-grafics-rebaixes\/#article","isPartOf":{"@id":"https:\/\/artyplan.com\/ca\/blog\/elements-grafics-rebaixes\/"},"author":{"name":"Sergio Triguero","@id":"https:\/\/artyplan.com\/ca\/#\/schema\/person\/0ef19accced432bc277b8d5248cd2cc0"},"headline":"Elements gr\u00e0fics essencials per la campanya de rebaixes","datePublished":"2021-05-16T22:00:00+00:00","dateModified":"2025-09-07T14:10:00+00:00","mainEntityOfPage":{"@id":"https:\/\/artyplan.com\/ca\/blog\/elements-grafics-rebaixes\/"},"wordCount":688,"publisher":{"@id":"https:\/\/artyplan.com\/ca\/#organization"},"image":{"@id":"https:\/\/artyplan.com\/ca\/blog\/elements-grafics-rebaixes\/#primaryimage"},"thumbnailUrl":"https:\/\/artyplan.com\/wp-content\/uploads\/2025\/09\/carteleria-rebajas.jpg","articleSection":["Noticies","Sense-categoritzar"],"inLanguage":"ca"},{"@type":"WebPage","@id":"https:\/\/artyplan.com\/ca\/blog\/elements-grafics-rebaixes\/","url":"https:\/\/artyplan.com\/ca\/blog\/elements-grafics-rebaixes\/","name":"Elements gr\u00e0fics essencials per la campanya de rebaixes | Artyplan","isPartOf":{"@id":"https:\/\/artyplan.com\/ca\/#website"},"primaryImageOfPage":{"@id":"https:\/\/artyplan.com\/ca\/blog\/elements-grafics-rebaixes\/#primaryimage"},"image":{"@id":"https:\/\/artyplan.com\/ca\/blog\/elements-grafics-rebaixes\/#primaryimage"},"thumbnailUrl":"https:\/\/artyplan.com\/wp-content\/uploads\/2025\/09\/carteleria-rebajas.jpg","datePublished":"2021-05-16T22:00:00+00:00","dateModified":"2025-09-07T14:10:00+00:00","description":"Per qu\u00e8 la cartelleria i els elements gr\u00e0fics son fonamentals per aconseguir visibilitat i vendes en rebaixes? Descobreix que utilitzar","breadcrumb":{"@id":"https:\/\/artyplan.com\/ca\/blog\/elements-grafics-rebaixes\/#breadcrumb"},"inLanguage":"ca","potentialAction":[{"@type":"ReadAction","target":["https:\/\/artyplan.com\/ca\/blog\/elements-grafics-rebaixes\/"]}]},{"@type":"ImageObject","inLanguage":"ca","@id":"https:\/\/artyplan.com\/ca\/blog\/elements-grafics-rebaixes\/#primaryimage","url":"https:\/\/artyplan.com\/wp-content\/uploads\/2025\/09\/carteleria-rebajas.jpg","contentUrl":"https:\/\/artyplan.com\/wp-content\/uploads\/2025\/09\/carteleria-rebajas.jpg","width":1920,"height":600,"caption":"elements grafics rebaixes"},{"@type":"BreadcrumbList","@id":"https:\/\/artyplan.com\/ca\/blog\/elements-grafics-rebaixes\/#breadcrumb","itemListElement":[{"@type":"ListItem","position":1,"name":"Artyplan","item":"https:\/\/artyplan.com\/ca\/"},{"@type":"ListItem","position":2,"name":"Elements gr\u00e0fics essencials per la campanya de rebaixes"}]},{"@type":"WebSite","@id":"https:\/\/artyplan.com\/ca\/#website","url":"https:\/\/artyplan.com\/ca\/","name":"Artyplan","description":"","publisher":{"@id":"https:\/\/artyplan.com\/ca\/#organization"},"potentialAction":[{"@type":"SearchAction","target":{"@type":"EntryPoint","urlTemplate":"https:\/\/artyplan.com\/ca\/?s={search_term_string}"},"query-input":{"@type":"PropertyValueSpecification","valueRequired":true,"valueName":"search_term_string"}}],"inLanguage":"ca"},{"@type":"Organization","@id":"https:\/\/artyplan.com\/ca\/#organization","name":"Artyplan","url":"https:\/\/artyplan.com\/ca\/","logo":{"@type":"ImageObject","inLanguage":"ca","@id":"https:\/\/artyplan.com\/ca\/#\/schema\/logo\/image\/","url":"https:\/\/artyplan.com\/wp-content\/uploads\/2025\/12\/Logo-artyplan-690x690-1.png","contentUrl":"https:\/\/artyplan.com\/wp-content\/uploads\/2025\/12\/Logo-artyplan-690x690-1.png","width":690,"height":690,"caption":"Artyplan"},"image":{"@id":"https:\/\/artyplan.com\/ca\/#\/schema\/logo\/image\/"},"sameAs":["https:\/\/www.facebook.com\/artyplan","https:\/\/www.instagram.com\/artyplan\/","https:\/\/www.linkedin.com\/company\/artyplan"],"description":"Artyplan \u00e9s una empresa especialitzada en producci\u00f3 gr\u00e0fica i comunicaci\u00f3 visual amb 60 anys dexperi\u00e8ncia. Oferim solucions integrals d'impressi\u00f3 en gran format, PLV i retail, gesti\u00f3 d'esdeveniments i fires, disseny i fabricaci\u00f3 a mida, log\u00edstica i serveis d'instal\u00b7laci\u00f3 a tot el territori. Treballem per a marques, ag\u00e8ncies, espais comercials i institucions que necessiten un partner fiable per desenvolupar campanyes de m\u00e0rqueting, projectes de retail i accions de branding o m\u00e0rqueting. Combinem tecnologia avan\u00e7ada d\u00b4impressi\u00f3 digital, un equip expert i una gesti\u00f3 completa de projectes per garantir qualitat, agilitat i resultats a mida per a cada client. Disposem de plataformes B2B que faciliten als nostres clients la gesti\u00f3 de les comandes de materials impresos aix\u00ed com la log\u00edstica dels mateixos.","email":"info@artyplan.com","telephone":"+34 93 200 87 99","legalName":"Artyplan S.L.","vatID":"B61963229","numberOfEmployees":{"@type":"QuantitativeValue","minValue":"51","maxValue":"200"}},{"@type":"Person","@id":"https:\/\/artyplan.com\/ca\/#\/schema\/person\/0ef19accced432bc277b8d5248cd2cc0","name":"Sergio Triguero","image":{"@type":"ImageObject","inLanguage":"ca","@id":"https:\/\/artyplan.com\/ca\/#\/schema\/person\/image\/","url":"https:\/\/secure.gravatar.com\/avatar\/c742a95811ffbc635a3d111ab446f278cce576575d14970fd5d56e17580c3f23?s=96&d=mm&r=g","contentUrl":"https:\/\/secure.gravatar.com\/avatar\/c742a95811ffbc635a3d111ab446f278cce576575d14970fd5d56e17580c3f23?s=96&d=mm&r=g","caption":"Sergio Triguero"}}]}},"_links":{"self":[{"href":"https:\/\/artyplan.com\/ca\/wp-json\/wp\/v2\/posts\/5147","targetHints":{"allow":["GET"]}}],"collection":[{"href":"https:\/\/artyplan.com\/ca\/wp-json\/wp\/v2\/posts"}],"about":[{"href":"https:\/\/artyplan.com\/ca\/wp-json\/wp\/v2\/types\/post"}],"author":[{"embeddable":true,"href":"https:\/\/artyplan.com\/ca\/wp-json\/wp\/v2\/users\/3"}],"replies":[{"embeddable":true,"href":"https:\/\/artyplan.com\/ca\/wp-json\/wp\/v2\/comments?post=5147"}],"version-history":[{"count":1,"href":"https:\/\/artyplan.com\/ca\/wp-json\/wp\/v2\/posts\/5147\/revisions"}],"predecessor-version":[{"id":6284,"href":"https:\/\/artyplan.com\/ca\/wp-json\/wp\/v2\/posts\/5147\/revisions\/6284"}],"wp:featuredmedia":[{"embeddable":true,"href":"https:\/\/artyplan.com\/ca\/wp-json\/wp\/v2\/media\/5146"}],"wp:attachment":[{"href":"https:\/\/artyplan.com\/ca\/wp-json\/wp\/v2\/media?parent=5147"}],"wp:term":[{"taxonomy":"category","embeddable":true,"href":"https:\/\/artyplan.com\/ca\/wp-json\/wp\/v2\/categories?post=5147"},{"taxonomy":"post_tag","embeddable":true,"href":"https:\/\/artyplan.com\/ca\/wp-json\/wp\/v2\/tags?post=5147"}],"curies":[{"name":"wp","href":"https:\/\/api.w.org\/{rel}","templated":true}]}}