{"id":5156,"date":"2021-06-07T00:00:00","date_gmt":"2021-06-06T22:00:00","guid":{"rendered":"https:\/\/preweb.artyplan.com\/sin-categorizar\/quin-laminat-escollir-pels-teus-projectes-grafics\/"},"modified":"2025-09-07T16:10:02","modified_gmt":"2025-09-07T14:10:02","slug":"quin-laminat-escollir-pels-teus-projectes-grafics","status":"publish","type":"post","link":"https:\/\/artyplan.com\/ca\/blog\/quin-laminat-escollir-pels-teus-projectes-grafics\/","title":{"rendered":"Quin laminat escollir pels teus projectes gr\u00e0fics"},"content":{"rendered":"<p>La postimpressi\u00f3 engloba totes aquelles funcions que proporcionen al producte la seva qualitat definitiva com a projecte final impr\u00e8s, donant-li un toc est\u00e8tic, protegint la superf\u00edcie, o fins i tot manipulant la seva estructura (acabats)&#8230; Aix\u00ed com l&#8217;empaquetat final, emmagatzematge, i lliurament del producte final.<\/p>\n<p>Un dels processos de postimpressi\u00f3 que ajuda a crear un bon acabat \u00e9s el laminat en els projectes gr\u00e0fics.<\/p>\n<h2>Qu\u00e8 \u00e9s el laminatge en els projectes gr\u00e0fics?<\/h2>\n<p>El laminatge en els projectes gr\u00e0fics \u00e9s un proc\u00e9s mitjan\u00e7ant el qual s&#8217;uneixen dos o m\u00e9s suports per a obtenir una pe\u00e7a gr\u00e0fica. La uni\u00f3 d&#8217;aquests diferents materials es realitza mitjan\u00e7ant calor, amb adhesius i a pressi\u00f3. Els avantatges de laminar el material impr\u00e8s s\u00f3n les de:<\/p>\n<ul>\n<li>Atorgar m\u00e9s valor al material.<\/li>\n<li>Sumar temps de vida al producte.<\/li>\n<li>Permetre la utilitzaci\u00f3 del material en l&#8217;exterior.<\/li>\n<li>Protegir el producte de taques, petjades i fins i tot abrasions.<\/li>\n<li>Proporcionar un major atractiu a les imatges i fotografies.<\/li>\n<li>Millorar el color, aix\u00ed com el contrast de la imatge.<\/li>\n<li>Retardar la desaparici\u00f3 de la imatge.<\/li>\n<li>Manipular i utilitzar els materials sense\u00a0por que\u00a0s&#8217;espatllin.<\/li>\n<\/ul>\n<p>Tradicionalment, la laminaci\u00f3 dels treballs impresos ha protegit els documents professionals, els ha aportat una major qualitat i, en definitiva, aconsegueix un acabat perfecte als treballs.<\/p>\n<h2>Quin tipus de laminatge hi ha?<\/h2>\n<p>El laminat en els projectes gr\u00e0fics proporciona un acabat original, atractiu i impactant del producte. En el proc\u00e9s del laminatge es recobreix el paper impr\u00e8s per a aconseguir que aquest sigui m\u00e9s resistent abans les adversitats de la vida \u00fatil i, per tant, que duri tot el temps possible.<\/p>\n<p>Primer de tot has de con\u00e8ixer la grand\u00e0ria en el qual realitzar\u00e0s la impressi\u00f3 si aquest ser\u00e0 de petit format (fins a la mesura A3 -420&#215;297 mm-) o de gran format (a partir de la mesura A2-<span class=\"hiddenSpellError\">420x594mm<\/span>).<\/p>\n<p>Avui dia existeixen multitud de films per a plastificar i laminar i aconseguir els m\u00e9s incre\u00efbles resultats, els laminats m\u00e9s comuns s\u00f3n:<\/p>\n<ul>\n<li><strong>Laminat mat<\/strong>: Aquest\u00a0acabat t\u00e9 un tacte sed\u00f3s i llis. Absorbeix la llum i crea un efecte &#8216;carb\u00f3&#8217; en les produccions. Se sol triar el laminatge mat per motius est\u00e8tics m\u00e9s que per protegir el paper, funci\u00f3 que tamb\u00e9 realitza. El resultat \u00e9s perfecte per a aplicar-lo en cat\u00e0legs i targetes de visites, donant lloc a una simbiosi ideal entre eleg\u00e0ncia i modernitat.<\/li>\n<li><strong>Laminat brillant<\/strong>: La\u00a0llum es reflecteix sobre aquesta mena de laminatge creant un acabat brillant sobre els productes. Aquesta\u00a0plastificaci\u00f3\u00a0t\u00e9 un alt nivell de qualitat, forta resist\u00e8ncia als frecs i resist\u00e8ncia a la brut\u00edcia, aigua i fins i tot al pas del temps. Tot aix\u00f2 fa que el treball aconsegueixi les m\u00e9s altes expectatives per a tot client: Bellesa, qualitat i protecci\u00f3.<\/li>\n<\/ul>\n<p>Per a con\u00e8ixer quin \u00e9s el que millor s&#8217;adapta al teu projecte gr\u00e0fic, deixa&#8217;t assessorar pels nostres experts en impressi\u00f3. A\u00a0<a href=\"http:\/\/artyplan.com\/ca\/contacte\" target=\"_blank\" rel=\"noopener\"><span class=\"hiddenSpellError\">Artyplan<\/span><\/a>\u00a0t&#8217;aconsellarem amb la millor soluci\u00f3 gr\u00e0fica perqu\u00e8 el resultat del teu projecte sigui l&#8217;\u00f2ptim i l&#8217;esperat.<\/p>\n","protected":false},"excerpt":{"rendered":"<p>La postimpressi\u00f3 engloba totes aquelles funcions que proporcionen al producte la seva qualitat definitiva com a projecte final impr\u00e8s, donant-li un toc est\u00e8tic, protegint la superf\u00edcie, o fins i tot manipulant la seva estructura (acabats)&#8230; Aix\u00ed com l&#8217;empaquetat final, emmagatzematge, i lliurament del producte final. Un dels processos de postimpressi\u00f3 que ajuda a crear un [&hellip;]<\/p>\n","protected":false},"author":3,"featured_media":5155,"comment_status":"closed","ping_status":"closed","sticky":false,"template":"","format":"standard","meta":{"footnotes":""},"categories":[1],"tags":[],"class_list":["post-5156","post","type-post","status-publish","format-standard","has-post-thumbnail","hentry","category-sense-categoritzar"],"yoast_head":"<!-- This site is optimized with the Yoast SEO Premium plugin v26.5 (Yoast SEO v26.5) - https:\/\/yoast.com\/wordpress\/plugins\/seo\/ -->\n<title>Quin laminat escollir pels teus projectes gr\u00e0fics | Artyplan<\/title>\n<meta name=\"description\" content=\"El laminat en els projectes gr\u00e0fics d\u00f3na un acabat \u00f2ptim i de qualitat. Descobreix els advantatges del laminat als projectes gr\u00e0fics.\" \/>\n<meta name=\"robots\" content=\"index, follow, max-snippet:-1, max-image-preview:large, max-video-preview:-1\" \/>\n<link rel=\"canonical\" href=\"https:\/\/artyplan.com\/ca\/blog\/quin-laminat-escollir-pels-teus-projectes-grafics\/\" \/>\n<meta property=\"og:locale\" content=\"ca_ES\" \/>\n<meta property=\"og:type\" content=\"article\" \/>\n<meta property=\"og:title\" content=\"Quin laminat escollir pels teus projectes gr\u00e0fics\" \/>\n<meta property=\"og:description\" content=\"El laminat en els projectes gr\u00e0fics d\u00f3na un acabat \u00f2ptim i de qualitat. Descobreix els advantatges del laminat als projectes gr\u00e0fics.\" \/>\n<meta property=\"og:url\" content=\"https:\/\/artyplan.com\/ca\/blog\/quin-laminat-escollir-pels-teus-projectes-grafics\/\" \/>\n<meta property=\"og:site_name\" content=\"Artyplan\" \/>\n<meta property=\"article:publisher\" content=\"https:\/\/www.facebook.com\/artyplan\" \/>\n<meta property=\"article:published_time\" content=\"2021-06-06T22:00:00+00:00\" \/>\n<meta property=\"article:modified_time\" content=\"2025-09-07T14:10:02+00:00\" \/>\n<meta property=\"og:image\" content=\"https:\/\/artyplan.com\/wp-content\/uploads\/2025\/09\/laminados-impresion.jpg\" \/>\n\t<meta property=\"og:image:width\" content=\"1920\" \/>\n\t<meta property=\"og:image:height\" content=\"600\" \/>\n\t<meta property=\"og:image:type\" content=\"image\/jpeg\" \/>\n<meta name=\"author\" content=\"Sergio Triguero\" \/>\n<meta name=\"twitter:card\" content=\"summary_large_image\" \/>\n<meta name=\"twitter:label1\" content=\"Escrit per\" \/>\n\t<meta name=\"twitter:data1\" content=\"Sergio Triguero\" \/>\n\t<meta name=\"twitter:label2\" content=\"Temps estimat de lectura\" \/>\n\t<meta name=\"twitter:data2\" content=\"3 minuts\" \/>\n<script type=\"application\/ld+json\" class=\"yoast-schema-graph\">{\"@context\":\"https:\/\/schema.org\",\"@graph\":[{\"@type\":\"Article\",\"@id\":\"https:\/\/artyplan.com\/ca\/blog\/quin-laminat-escollir-pels-teus-projectes-grafics\/#article\",\"isPartOf\":{\"@id\":\"https:\/\/artyplan.com\/ca\/blog\/quin-laminat-escollir-pels-teus-projectes-grafics\/\"},\"author\":{\"name\":\"Sergio Triguero\",\"@id\":\"https:\/\/artyplan.com\/ca\/#\/schema\/person\/0ef19accced432bc277b8d5248cd2cc0\"},\"headline\":\"Quin laminat escollir pels teus projectes gr\u00e0fics\",\"datePublished\":\"2021-06-06T22:00:00+00:00\",\"dateModified\":\"2025-09-07T14:10:02+00:00\",\"mainEntityOfPage\":{\"@id\":\"https:\/\/artyplan.com\/ca\/blog\/quin-laminat-escollir-pels-teus-projectes-grafics\/\"},\"wordCount\":546,\"publisher\":{\"@id\":\"https:\/\/artyplan.com\/ca\/#organization\"},\"image\":{\"@id\":\"https:\/\/artyplan.com\/ca\/blog\/quin-laminat-escollir-pels-teus-projectes-grafics\/#primaryimage\"},\"thumbnailUrl\":\"https:\/\/artyplan.com\/wp-content\/uploads\/2025\/09\/laminados-impresion.jpg\",\"articleSection\":[\"Sense-categoritzar\"],\"inLanguage\":\"ca\"},{\"@type\":\"WebPage\",\"@id\":\"https:\/\/artyplan.com\/ca\/blog\/quin-laminat-escollir-pels-teus-projectes-grafics\/\",\"url\":\"https:\/\/artyplan.com\/ca\/blog\/quin-laminat-escollir-pels-teus-projectes-grafics\/\",\"name\":\"Quin laminat escollir pels teus projectes gr\u00e0fics | Artyplan\",\"isPartOf\":{\"@id\":\"https:\/\/artyplan.com\/ca\/#website\"},\"primaryImageOfPage\":{\"@id\":\"https:\/\/artyplan.com\/ca\/blog\/quin-laminat-escollir-pels-teus-projectes-grafics\/#primaryimage\"},\"image\":{\"@id\":\"https:\/\/artyplan.com\/ca\/blog\/quin-laminat-escollir-pels-teus-projectes-grafics\/#primaryimage\"},\"thumbnailUrl\":\"https:\/\/artyplan.com\/wp-content\/uploads\/2025\/09\/laminados-impresion.jpg\",\"datePublished\":\"2021-06-06T22:00:00+00:00\",\"dateModified\":\"2025-09-07T14:10:02+00:00\",\"description\":\"El laminat en els projectes gr\u00e0fics d\u00f3na un acabat \u00f2ptim i de qualitat. Descobreix els advantatges del laminat als projectes gr\u00e0fics.\",\"breadcrumb\":{\"@id\":\"https:\/\/artyplan.com\/ca\/blog\/quin-laminat-escollir-pels-teus-projectes-grafics\/#breadcrumb\"},\"inLanguage\":\"ca\",\"potentialAction\":[{\"@type\":\"ReadAction\",\"target\":[\"https:\/\/artyplan.com\/ca\/blog\/quin-laminat-escollir-pels-teus-projectes-grafics\/\"]}]},{\"@type\":\"ImageObject\",\"inLanguage\":\"ca\",\"@id\":\"https:\/\/artyplan.com\/ca\/blog\/quin-laminat-escollir-pels-teus-projectes-grafics\/#primaryimage\",\"url\":\"https:\/\/artyplan.com\/wp-content\/uploads\/2025\/09\/laminados-impresion.jpg\",\"contentUrl\":\"https:\/\/artyplan.com\/wp-content\/uploads\/2025\/09\/laminados-impresion.jpg\",\"width\":1920,\"height\":600,\"caption\":\"laminats-projectes-gr\u00e0fics-artyplan\"},{\"@type\":\"BreadcrumbList\",\"@id\":\"https:\/\/artyplan.com\/ca\/blog\/quin-laminat-escollir-pels-teus-projectes-grafics\/#breadcrumb\",\"itemListElement\":[{\"@type\":\"ListItem\",\"position\":1,\"name\":\"Artyplan\",\"item\":\"https:\/\/artyplan.com\/ca\/\"},{\"@type\":\"ListItem\",\"position\":2,\"name\":\"Quin laminat escollir pels teus projectes gr\u00e0fics\"}]},{\"@type\":\"WebSite\",\"@id\":\"https:\/\/artyplan.com\/ca\/#website\",\"url\":\"https:\/\/artyplan.com\/ca\/\",\"name\":\"Artyplan\",\"description\":\"\",\"publisher\":{\"@id\":\"https:\/\/artyplan.com\/ca\/#organization\"},\"potentialAction\":[{\"@type\":\"SearchAction\",\"target\":{\"@type\":\"EntryPoint\",\"urlTemplate\":\"https:\/\/artyplan.com\/ca\/?s={search_term_string}\"},\"query-input\":{\"@type\":\"PropertyValueSpecification\",\"valueRequired\":true,\"valueName\":\"search_term_string\"}}],\"inLanguage\":\"ca\"},{\"@type\":\"Organization\",\"@id\":\"https:\/\/artyplan.com\/ca\/#organization\",\"name\":\"Artyplan\",\"url\":\"https:\/\/artyplan.com\/ca\/\",\"logo\":{\"@type\":\"ImageObject\",\"inLanguage\":\"ca\",\"@id\":\"https:\/\/artyplan.com\/ca\/#\/schema\/logo\/image\/\",\"url\":\"https:\/\/artyplan.com\/wp-content\/uploads\/2025\/12\/Logo-artyplan-690x690-1.png\",\"contentUrl\":\"https:\/\/artyplan.com\/wp-content\/uploads\/2025\/12\/Logo-artyplan-690x690-1.png\",\"width\":690,\"height\":690,\"caption\":\"Artyplan\"},\"image\":{\"@id\":\"https:\/\/artyplan.com\/ca\/#\/schema\/logo\/image\/\"},\"sameAs\":[\"https:\/\/www.facebook.com\/artyplan\",\"https:\/\/www.instagram.com\/artyplan\/\",\"https:\/\/www.linkedin.com\/company\/artyplan\"],\"description\":\"Artyplan \u00e9s una empresa especialitzada en producci\u00f3 gr\u00e0fica i comunicaci\u00f3 visual amb 60 anys dexperi\u00e8ncia. Oferim solucions integrals d'impressi\u00f3 en gran format, PLV i retail, gesti\u00f3 d'esdeveniments i fires, disseny i fabricaci\u00f3 a mida, log\u00edstica i serveis d'instal\u00b7laci\u00f3 a tot el territori. Treballem per a marques, ag\u00e8ncies, espais comercials i institucions que necessiten un partner fiable per desenvolupar campanyes de m\u00e0rqueting, projectes de retail i accions de branding o m\u00e0rqueting. Combinem tecnologia avan\u00e7ada d\u00b4impressi\u00f3 digital, un equip expert i una gesti\u00f3 completa de projectes per garantir qualitat, agilitat i resultats a mida per a cada client. Disposem de plataformes B2B que faciliten als nostres clients la gesti\u00f3 de les comandes de materials impresos aix\u00ed com la log\u00edstica dels mateixos.\",\"email\":\"info@artyplan.com\",\"telephone\":\"+34 93 200 87 99\",\"legalName\":\"Artyplan S.L.\",\"vatID\":\"B61963229\",\"numberOfEmployees\":{\"@type\":\"QuantitativeValue\",\"minValue\":\"51\",\"maxValue\":\"200\"}},{\"@type\":\"Person\",\"@id\":\"https:\/\/artyplan.com\/ca\/#\/schema\/person\/0ef19accced432bc277b8d5248cd2cc0\",\"name\":\"Sergio Triguero\",\"image\":{\"@type\":\"ImageObject\",\"inLanguage\":\"ca\",\"@id\":\"https:\/\/artyplan.com\/ca\/#\/schema\/person\/image\/\",\"url\":\"https:\/\/secure.gravatar.com\/avatar\/c742a95811ffbc635a3d111ab446f278cce576575d14970fd5d56e17580c3f23?s=96&d=mm&r=g\",\"contentUrl\":\"https:\/\/secure.gravatar.com\/avatar\/c742a95811ffbc635a3d111ab446f278cce576575d14970fd5d56e17580c3f23?s=96&d=mm&r=g\",\"caption\":\"Sergio Triguero\"}}]}<\/script>\n<!-- \/ Yoast SEO Premium plugin. -->","yoast_head_json":{"title":"Quin laminat escollir pels teus projectes gr\u00e0fics | Artyplan","description":"El laminat en els projectes gr\u00e0fics d\u00f3na un acabat \u00f2ptim i de qualitat. Descobreix els advantatges del laminat als projectes gr\u00e0fics.","robots":{"index":"index","follow":"follow","max-snippet":"max-snippet:-1","max-image-preview":"max-image-preview:large","max-video-preview":"max-video-preview:-1"},"canonical":"https:\/\/artyplan.com\/ca\/blog\/quin-laminat-escollir-pels-teus-projectes-grafics\/","og_locale":"ca_ES","og_type":"article","og_title":"Quin laminat escollir pels teus projectes gr\u00e0fics","og_description":"El laminat en els projectes gr\u00e0fics d\u00f3na un acabat \u00f2ptim i de qualitat. Descobreix els advantatges del laminat als projectes gr\u00e0fics.","og_url":"https:\/\/artyplan.com\/ca\/blog\/quin-laminat-escollir-pels-teus-projectes-grafics\/","og_site_name":"Artyplan","article_publisher":"https:\/\/www.facebook.com\/artyplan","article_published_time":"2021-06-06T22:00:00+00:00","article_modified_time":"2025-09-07T14:10:02+00:00","og_image":[{"width":1920,"height":600,"url":"https:\/\/artyplan.com\/wp-content\/uploads\/2025\/09\/laminados-impresion.jpg","type":"image\/jpeg"}],"author":"Sergio Triguero","twitter_card":"summary_large_image","twitter_misc":{"Escrit per":"Sergio Triguero","Temps estimat de lectura":"3 minuts"},"schema":{"@context":"https:\/\/schema.org","@graph":[{"@type":"Article","@id":"https:\/\/artyplan.com\/ca\/blog\/quin-laminat-escollir-pels-teus-projectes-grafics\/#article","isPartOf":{"@id":"https:\/\/artyplan.com\/ca\/blog\/quin-laminat-escollir-pels-teus-projectes-grafics\/"},"author":{"name":"Sergio Triguero","@id":"https:\/\/artyplan.com\/ca\/#\/schema\/person\/0ef19accced432bc277b8d5248cd2cc0"},"headline":"Quin laminat escollir pels teus projectes gr\u00e0fics","datePublished":"2021-06-06T22:00:00+00:00","dateModified":"2025-09-07T14:10:02+00:00","mainEntityOfPage":{"@id":"https:\/\/artyplan.com\/ca\/blog\/quin-laminat-escollir-pels-teus-projectes-grafics\/"},"wordCount":546,"publisher":{"@id":"https:\/\/artyplan.com\/ca\/#organization"},"image":{"@id":"https:\/\/artyplan.com\/ca\/blog\/quin-laminat-escollir-pels-teus-projectes-grafics\/#primaryimage"},"thumbnailUrl":"https:\/\/artyplan.com\/wp-content\/uploads\/2025\/09\/laminados-impresion.jpg","articleSection":["Sense-categoritzar"],"inLanguage":"ca"},{"@type":"WebPage","@id":"https:\/\/artyplan.com\/ca\/blog\/quin-laminat-escollir-pels-teus-projectes-grafics\/","url":"https:\/\/artyplan.com\/ca\/blog\/quin-laminat-escollir-pels-teus-projectes-grafics\/","name":"Quin laminat escollir pels teus projectes gr\u00e0fics | Artyplan","isPartOf":{"@id":"https:\/\/artyplan.com\/ca\/#website"},"primaryImageOfPage":{"@id":"https:\/\/artyplan.com\/ca\/blog\/quin-laminat-escollir-pels-teus-projectes-grafics\/#primaryimage"},"image":{"@id":"https:\/\/artyplan.com\/ca\/blog\/quin-laminat-escollir-pels-teus-projectes-grafics\/#primaryimage"},"thumbnailUrl":"https:\/\/artyplan.com\/wp-content\/uploads\/2025\/09\/laminados-impresion.jpg","datePublished":"2021-06-06T22:00:00+00:00","dateModified":"2025-09-07T14:10:02+00:00","description":"El laminat en els projectes gr\u00e0fics d\u00f3na un acabat \u00f2ptim i de qualitat. Descobreix els advantatges del laminat als projectes gr\u00e0fics.","breadcrumb":{"@id":"https:\/\/artyplan.com\/ca\/blog\/quin-laminat-escollir-pels-teus-projectes-grafics\/#breadcrumb"},"inLanguage":"ca","potentialAction":[{"@type":"ReadAction","target":["https:\/\/artyplan.com\/ca\/blog\/quin-laminat-escollir-pels-teus-projectes-grafics\/"]}]},{"@type":"ImageObject","inLanguage":"ca","@id":"https:\/\/artyplan.com\/ca\/blog\/quin-laminat-escollir-pels-teus-projectes-grafics\/#primaryimage","url":"https:\/\/artyplan.com\/wp-content\/uploads\/2025\/09\/laminados-impresion.jpg","contentUrl":"https:\/\/artyplan.com\/wp-content\/uploads\/2025\/09\/laminados-impresion.jpg","width":1920,"height":600,"caption":"laminats-projectes-gr\u00e0fics-artyplan"},{"@type":"BreadcrumbList","@id":"https:\/\/artyplan.com\/ca\/blog\/quin-laminat-escollir-pels-teus-projectes-grafics\/#breadcrumb","itemListElement":[{"@type":"ListItem","position":1,"name":"Artyplan","item":"https:\/\/artyplan.com\/ca\/"},{"@type":"ListItem","position":2,"name":"Quin laminat escollir pels teus projectes gr\u00e0fics"}]},{"@type":"WebSite","@id":"https:\/\/artyplan.com\/ca\/#website","url":"https:\/\/artyplan.com\/ca\/","name":"Artyplan","description":"","publisher":{"@id":"https:\/\/artyplan.com\/ca\/#organization"},"potentialAction":[{"@type":"SearchAction","target":{"@type":"EntryPoint","urlTemplate":"https:\/\/artyplan.com\/ca\/?s={search_term_string}"},"query-input":{"@type":"PropertyValueSpecification","valueRequired":true,"valueName":"search_term_string"}}],"inLanguage":"ca"},{"@type":"Organization","@id":"https:\/\/artyplan.com\/ca\/#organization","name":"Artyplan","url":"https:\/\/artyplan.com\/ca\/","logo":{"@type":"ImageObject","inLanguage":"ca","@id":"https:\/\/artyplan.com\/ca\/#\/schema\/logo\/image\/","url":"https:\/\/artyplan.com\/wp-content\/uploads\/2025\/12\/Logo-artyplan-690x690-1.png","contentUrl":"https:\/\/artyplan.com\/wp-content\/uploads\/2025\/12\/Logo-artyplan-690x690-1.png","width":690,"height":690,"caption":"Artyplan"},"image":{"@id":"https:\/\/artyplan.com\/ca\/#\/schema\/logo\/image\/"},"sameAs":["https:\/\/www.facebook.com\/artyplan","https:\/\/www.instagram.com\/artyplan\/","https:\/\/www.linkedin.com\/company\/artyplan"],"description":"Artyplan \u00e9s una empresa especialitzada en producci\u00f3 gr\u00e0fica i comunicaci\u00f3 visual amb 60 anys dexperi\u00e8ncia. Oferim solucions integrals d'impressi\u00f3 en gran format, PLV i retail, gesti\u00f3 d'esdeveniments i fires, disseny i fabricaci\u00f3 a mida, log\u00edstica i serveis d'instal\u00b7laci\u00f3 a tot el territori. Treballem per a marques, ag\u00e8ncies, espais comercials i institucions que necessiten un partner fiable per desenvolupar campanyes de m\u00e0rqueting, projectes de retail i accions de branding o m\u00e0rqueting. Combinem tecnologia avan\u00e7ada d\u00b4impressi\u00f3 digital, un equip expert i una gesti\u00f3 completa de projectes per garantir qualitat, agilitat i resultats a mida per a cada client. Disposem de plataformes B2B que faciliten als nostres clients la gesti\u00f3 de les comandes de materials impresos aix\u00ed com la log\u00edstica dels mateixos.","email":"info@artyplan.com","telephone":"+34 93 200 87 99","legalName":"Artyplan S.L.","vatID":"B61963229","numberOfEmployees":{"@type":"QuantitativeValue","minValue":"51","maxValue":"200"}},{"@type":"Person","@id":"https:\/\/artyplan.com\/ca\/#\/schema\/person\/0ef19accced432bc277b8d5248cd2cc0","name":"Sergio Triguero","image":{"@type":"ImageObject","inLanguage":"ca","@id":"https:\/\/artyplan.com\/ca\/#\/schema\/person\/image\/","url":"https:\/\/secure.gravatar.com\/avatar\/c742a95811ffbc635a3d111ab446f278cce576575d14970fd5d56e17580c3f23?s=96&d=mm&r=g","contentUrl":"https:\/\/secure.gravatar.com\/avatar\/c742a95811ffbc635a3d111ab446f278cce576575d14970fd5d56e17580c3f23?s=96&d=mm&r=g","caption":"Sergio Triguero"}}]}},"_links":{"self":[{"href":"https:\/\/artyplan.com\/ca\/wp-json\/wp\/v2\/posts\/5156","targetHints":{"allow":["GET"]}}],"collection":[{"href":"https:\/\/artyplan.com\/ca\/wp-json\/wp\/v2\/posts"}],"about":[{"href":"https:\/\/artyplan.com\/ca\/wp-json\/wp\/v2\/types\/post"}],"author":[{"embeddable":true,"href":"https:\/\/artyplan.com\/ca\/wp-json\/wp\/v2\/users\/3"}],"replies":[{"embeddable":true,"href":"https:\/\/artyplan.com\/ca\/wp-json\/wp\/v2\/comments?post=5156"}],"version-history":[{"count":1,"href":"https:\/\/artyplan.com\/ca\/wp-json\/wp\/v2\/posts\/5156\/revisions"}],"predecessor-version":[{"id":6290,"href":"https:\/\/artyplan.com\/ca\/wp-json\/wp\/v2\/posts\/5156\/revisions\/6290"}],"wp:featuredmedia":[{"embeddable":true,"href":"https:\/\/artyplan.com\/ca\/wp-json\/wp\/v2\/media\/5155"}],"wp:attachment":[{"href":"https:\/\/artyplan.com\/ca\/wp-json\/wp\/v2\/media?parent=5156"}],"wp:term":[{"taxonomy":"category","embeddable":true,"href":"https:\/\/artyplan.com\/ca\/wp-json\/wp\/v2\/categories?post=5156"},{"taxonomy":"post_tag","embeddable":true,"href":"https:\/\/artyplan.com\/ca\/wp-json\/wp\/v2\/tags?post=5156"}],"curies":[{"name":"wp","href":"https:\/\/api.w.org\/{rel}","templated":true}]}}