{"id":5159,"date":"2021-06-14T00:00:00","date_gmt":"2021-06-13T22:00:00","guid":{"rendered":"https:\/\/preweb.artyplan.com\/sin-categorizar\/la-digitalitzacio-de-lempresa\/"},"modified":"2025-09-07T16:10:02","modified_gmt":"2025-09-07T14:10:02","slug":"la-digitalitzacio-de-lempresa","status":"publish","type":"post","link":"https:\/\/artyplan.com\/ca\/blog\/la-digitalitzacio-de-lempresa\/","title":{"rendered":"La digitalitzaci\u00f3 de l\u2019empresa"},"content":{"rendered":"<p>S&#8217;ent\u00e9n com digitalitzaci\u00f3 a l&#8217;empresa, el proc\u00e9s de convertir un arxiu anal\u00f2gic en un digital. \u00c9s a dir, l\u2019acci\u00f3 d\u2019introduir la informaci\u00f3 continguda a un document f\u00edsic a un format utilitzant la tecnologia i els programes adequats. La t\u00e8cnica m\u00e9s estesa en la digitalitzaci\u00f3 de l&#8217;empresa,\u00a0 \u00e9s la utilitzaci\u00f3 d\u2019esc\u00e0ners, que registren el document en forma d\u2019imatge i l\u2019emmagatzemen.<\/p>\n<p>Un software\u00a0 de reconeixement (OCR)\u00a0 de car\u00e0cters s\u2019encarrega d\u2019interpretar el contingut i guardar-lo en el format adequat per possibles edicions del document.<\/p>\n<h2>Digitalitzaci\u00f3 de documentaci\u00f3<\/h2>\n<p>Cada cop m\u00e9s el format digital ha anat substituint al paper com a material de suport per emmagatzemar informaci\u00f3. La facilitat de gesti\u00f3, la reducci\u00f3 d\u2019espais i l\u2019estalvi econ\u00f2mic s\u00f3n alguns dels avantatges. La digitalitzaci\u00f3 de la documentaci\u00f3 presenta una oportunitat magn\u00edfica per a l\u2019estalvi de recursos d\u2019una organitzaci\u00f3.<\/p>\n<h2>Servei BPO (<em>Business Process Outsourcing<\/em>) \u00a0gesti\u00f3 documental<\/h2>\n<p>El Servei BPO, \u00a0est\u00e0 basat en l&#8217;externalitzaci\u00f3 de processos i serveis, ja que recorren a personal especialitzat que les empreses externes s\u00f3n capaces de concedir-los-hi.<\/p>\n<p>Qualsevol document estructurat \u00e9s susceptible de ser tractat mitjan\u00e7ant un servei BPO de gesti\u00f3 documental, des de test de marques fins a formularis descriptius. Amb aquest servei \u00e9s proporcionar dades en el format de fitxer que necessiten els sistemes de gesti\u00f3.<\/p>\n<p>A Artyplan Document donem solucions personalitzades a les necessitats de digitalitzaci\u00f3 i gesti\u00f3 documental. El nostre equip de treball compenetrat, professional i engrescat us aconsellar\u00e0 i vetllar\u00e0 per donar-vos la millor resposta.<\/p>\n<h2>Cas d\u2019\u00e8xit: Empresa Tecnol\u00f2gica \u2013 Servei BPO<\/h2>\n<p>La delegaci\u00f3 ib\u00e8rica d&#8217;una multinacional, compta amb milers de treballadors. En el seu departament de recursos humans era b\u00e0sic tenir la seva plataforma de gesti\u00f3 documental actualitzada di\u00e0riament per guanyar en efic\u00e0cia i ser diligent en els diferents tr\u00e0mits.<\/p>\n<p>La informaci\u00f3 relacionada amb la vida laboral dels treballadors que di\u00e0riament cal anar gestionant en una gran empresa \u00e9s diversa.\u00a0 Artyplan Document va digitalitzar tot l\u2019hist\u00f2ric d\u2019expedients dels treballadors en actiu i dissenyar un flux de treball per tal d&#8217;incorporar-los al seu gestor documental.<\/p>\n<p>Finalment, tamb\u00e9 es va contemplar la cust\u00f2dia f\u00edsica de la documentaci\u00f3.\u00a0 A m\u00e9s a m\u00e9s, els esfor\u00e7os humans i econ\u00f2mics interns que suposa mantenir al dia un flux de treball com aquest, que \u00e9s necessari, per\u00f2 aporta poc valor afegit a l\u2019organitzaci\u00f3, fa que l\u2019externalitzaci\u00f3 en forma de servei BPO sigui rendible efica\u00e7.<\/p>\n<h2>Artyplan Document el teu <em>partner<\/em> en digitalitzaci\u00f3<\/h2>\n<p>Gr\u00e0cies a la llarga experi\u00e8ncia acumulada en el camp de la digitalitzaci\u00f3, els professionals d&#8217;<a href=\"http:\/\/artyplan.com\/ca\/serveis\/digitalitzacio-i-gestio-documental\/\" target=\"_blank\" rel=\"noopener\">Artyplan Document<\/a> t\u2019assessoraran i t\u2019aconsellaran l\u2019opci\u00f3 m\u00e9s efica\u00e7, c\u00f2mode i rendible pel vostre projecte de digitalitzaci\u00f3.<\/p>\n","protected":false},"excerpt":{"rendered":"<p>S&#8217;ent\u00e9n com digitalitzaci\u00f3 a l&#8217;empresa, el proc\u00e9s de convertir un arxiu anal\u00f2gic en un digital. \u00c9s a dir, l\u2019acci\u00f3 d\u2019introduir la informaci\u00f3 continguda a un document f\u00edsic a un format utilitzant la tecnologia i els programes adequats. La t\u00e8cnica m\u00e9s estesa en la digitalitzaci\u00f3 de l&#8217;empresa,\u00a0 \u00e9s la utilitzaci\u00f3 d\u2019esc\u00e0ners, que registren el document en [&hellip;]<\/p>\n","protected":false},"author":3,"featured_media":5158,"comment_status":"closed","ping_status":"closed","sticky":false,"template":"","format":"standard","meta":{"footnotes":""},"categories":[54,1],"tags":[],"class_list":["post-5159","post","type-post","status-publish","format-standard","has-post-thumbnail","hentry","category-noticies-ca","category-sense-categoritzar"],"yoast_head":"<!-- This site is optimized with the Yoast SEO Premium plugin v26.5 (Yoast SEO v26.5) - https:\/\/yoast.com\/wordpress\/plugins\/seo\/ -->\n<title>La digitalitzaci\u00f3 a l&#039;empresa \u00e9s una oportunitat | Noticies| Artyplan<\/title>\n<meta name=\"description\" content=\"La digitalitzaci\u00f3 a l&#039;empresa presenta una oportunitat magn\u00edfica per a l\u2019estalvi de recursos. Compta amb Artyplan per la digitalitzaci\u00f3\" \/>\n<meta name=\"robots\" content=\"index, follow, max-snippet:-1, max-image-preview:large, max-video-preview:-1\" \/>\n<link rel=\"canonical\" href=\"https:\/\/artyplan.com\/ca\/blog\/la-digitalitzacio-de-lempresa\/\" \/>\n<meta property=\"og:locale\" content=\"ca_ES\" \/>\n<meta property=\"og:type\" content=\"article\" \/>\n<meta property=\"og:title\" content=\"La digitalitzaci\u00f3 de l\u2019empresa\" \/>\n<meta property=\"og:description\" content=\"La digitalitzaci\u00f3 a l&#039;empresa presenta una oportunitat magn\u00edfica per a l\u2019estalvi de recursos. Compta amb Artyplan per la digitalitzaci\u00f3\" \/>\n<meta property=\"og:url\" content=\"https:\/\/artyplan.com\/ca\/blog\/la-digitalitzacio-de-lempresa\/\" \/>\n<meta property=\"og:site_name\" content=\"Artyplan\" \/>\n<meta property=\"article:publisher\" content=\"https:\/\/www.facebook.com\/artyplan\" \/>\n<meta property=\"article:published_time\" content=\"2021-06-13T22:00:00+00:00\" \/>\n<meta property=\"article:modified_time\" content=\"2025-09-07T14:10:02+00:00\" \/>\n<meta property=\"og:image\" content=\"https:\/\/artyplan.com\/wp-content\/uploads\/2025\/09\/digitalizacion-empresa.jpg\" \/>\n\t<meta property=\"og:image:width\" content=\"1920\" \/>\n\t<meta property=\"og:image:height\" content=\"600\" \/>\n\t<meta property=\"og:image:type\" content=\"image\/jpeg\" \/>\n<meta name=\"author\" content=\"Sergio Triguero\" \/>\n<meta name=\"twitter:card\" content=\"summary_large_image\" \/>\n<meta name=\"twitter:label1\" content=\"Escrit per\" \/>\n\t<meta name=\"twitter:data1\" content=\"Sergio Triguero\" \/>\n\t<meta name=\"twitter:label2\" content=\"Temps estimat de lectura\" \/>\n\t<meta name=\"twitter:data2\" content=\"2 minuts\" \/>\n<script type=\"application\/ld+json\" class=\"yoast-schema-graph\">{\"@context\":\"https:\/\/schema.org\",\"@graph\":[{\"@type\":\"Article\",\"@id\":\"https:\/\/artyplan.com\/ca\/blog\/la-digitalitzacio-de-lempresa\/#article\",\"isPartOf\":{\"@id\":\"https:\/\/artyplan.com\/ca\/blog\/la-digitalitzacio-de-lempresa\/\"},\"author\":{\"name\":\"Sergio Triguero\",\"@id\":\"https:\/\/artyplan.com\/ca\/#\/schema\/person\/0ef19accced432bc277b8d5248cd2cc0\"},\"headline\":\"La digitalitzaci\u00f3 de l\u2019empresa\",\"datePublished\":\"2021-06-13T22:00:00+00:00\",\"dateModified\":\"2025-09-07T14:10:02+00:00\",\"mainEntityOfPage\":{\"@id\":\"https:\/\/artyplan.com\/ca\/blog\/la-digitalitzacio-de-lempresa\/\"},\"wordCount\":480,\"publisher\":{\"@id\":\"https:\/\/artyplan.com\/ca\/#organization\"},\"image\":{\"@id\":\"https:\/\/artyplan.com\/ca\/blog\/la-digitalitzacio-de-lempresa\/#primaryimage\"},\"thumbnailUrl\":\"https:\/\/artyplan.com\/wp-content\/uploads\/2025\/09\/digitalizacion-empresa.jpg\",\"articleSection\":[\"Noticies\",\"Sense-categoritzar\"],\"inLanguage\":\"ca\"},{\"@type\":\"WebPage\",\"@id\":\"https:\/\/artyplan.com\/ca\/blog\/la-digitalitzacio-de-lempresa\/\",\"url\":\"https:\/\/artyplan.com\/ca\/blog\/la-digitalitzacio-de-lempresa\/\",\"name\":\"La digitalitzaci\u00f3 a l'empresa \u00e9s una oportunitat | Noticies| Artyplan\",\"isPartOf\":{\"@id\":\"https:\/\/artyplan.com\/ca\/#website\"},\"primaryImageOfPage\":{\"@id\":\"https:\/\/artyplan.com\/ca\/blog\/la-digitalitzacio-de-lempresa\/#primaryimage\"},\"image\":{\"@id\":\"https:\/\/artyplan.com\/ca\/blog\/la-digitalitzacio-de-lempresa\/#primaryimage\"},\"thumbnailUrl\":\"https:\/\/artyplan.com\/wp-content\/uploads\/2025\/09\/digitalizacion-empresa.jpg\",\"datePublished\":\"2021-06-13T22:00:00+00:00\",\"dateModified\":\"2025-09-07T14:10:02+00:00\",\"description\":\"La digitalitzaci\u00f3 a l'empresa presenta una oportunitat magn\u00edfica per a l\u2019estalvi de recursos. Compta amb Artyplan per la digitalitzaci\u00f3\",\"breadcrumb\":{\"@id\":\"https:\/\/artyplan.com\/ca\/blog\/la-digitalitzacio-de-lempresa\/#breadcrumb\"},\"inLanguage\":\"ca\",\"potentialAction\":[{\"@type\":\"ReadAction\",\"target\":[\"https:\/\/artyplan.com\/ca\/blog\/la-digitalitzacio-de-lempresa\/\"]}]},{\"@type\":\"ImageObject\",\"inLanguage\":\"ca\",\"@id\":\"https:\/\/artyplan.com\/ca\/blog\/la-digitalitzacio-de-lempresa\/#primaryimage\",\"url\":\"https:\/\/artyplan.com\/wp-content\/uploads\/2025\/09\/digitalizacion-empresa.jpg\",\"contentUrl\":\"https:\/\/artyplan.com\/wp-content\/uploads\/2025\/09\/digitalizacion-empresa.jpg\",\"width\":1920,\"height\":600,\"caption\":\"digitalizacio-empresa\"},{\"@type\":\"BreadcrumbList\",\"@id\":\"https:\/\/artyplan.com\/ca\/blog\/la-digitalitzacio-de-lempresa\/#breadcrumb\",\"itemListElement\":[{\"@type\":\"ListItem\",\"position\":1,\"name\":\"Artyplan\",\"item\":\"https:\/\/artyplan.com\/ca\/\"},{\"@type\":\"ListItem\",\"position\":2,\"name\":\"La digitalitzaci\u00f3 de l\u2019empresa\"}]},{\"@type\":\"WebSite\",\"@id\":\"https:\/\/artyplan.com\/ca\/#website\",\"url\":\"https:\/\/artyplan.com\/ca\/\",\"name\":\"Artyplan\",\"description\":\"\",\"publisher\":{\"@id\":\"https:\/\/artyplan.com\/ca\/#organization\"},\"potentialAction\":[{\"@type\":\"SearchAction\",\"target\":{\"@type\":\"EntryPoint\",\"urlTemplate\":\"https:\/\/artyplan.com\/ca\/?s={search_term_string}\"},\"query-input\":{\"@type\":\"PropertyValueSpecification\",\"valueRequired\":true,\"valueName\":\"search_term_string\"}}],\"inLanguage\":\"ca\"},{\"@type\":\"Organization\",\"@id\":\"https:\/\/artyplan.com\/ca\/#organization\",\"name\":\"Artyplan\",\"url\":\"https:\/\/artyplan.com\/ca\/\",\"logo\":{\"@type\":\"ImageObject\",\"inLanguage\":\"ca\",\"@id\":\"https:\/\/artyplan.com\/ca\/#\/schema\/logo\/image\/\",\"url\":\"https:\/\/artyplan.com\/wp-content\/uploads\/2025\/12\/Logo-artyplan-690x690-1.png\",\"contentUrl\":\"https:\/\/artyplan.com\/wp-content\/uploads\/2025\/12\/Logo-artyplan-690x690-1.png\",\"width\":690,\"height\":690,\"caption\":\"Artyplan\"},\"image\":{\"@id\":\"https:\/\/artyplan.com\/ca\/#\/schema\/logo\/image\/\"},\"sameAs\":[\"https:\/\/www.facebook.com\/artyplan\",\"https:\/\/www.instagram.com\/artyplan\/\",\"https:\/\/www.linkedin.com\/company\/artyplan\"],\"description\":\"Artyplan \u00e9s una empresa especialitzada en producci\u00f3 gr\u00e0fica i comunicaci\u00f3 visual amb 60 anys dexperi\u00e8ncia. Oferim solucions integrals d'impressi\u00f3 en gran format, PLV i retail, gesti\u00f3 d'esdeveniments i fires, disseny i fabricaci\u00f3 a mida, log\u00edstica i serveis d'instal\u00b7laci\u00f3 a tot el territori. Treballem per a marques, ag\u00e8ncies, espais comercials i institucions que necessiten un partner fiable per desenvolupar campanyes de m\u00e0rqueting, projectes de retail i accions de branding o m\u00e0rqueting. Combinem tecnologia avan\u00e7ada d\u00b4impressi\u00f3 digital, un equip expert i una gesti\u00f3 completa de projectes per garantir qualitat, agilitat i resultats a mida per a cada client. Disposem de plataformes B2B que faciliten als nostres clients la gesti\u00f3 de les comandes de materials impresos aix\u00ed com la log\u00edstica dels mateixos.\",\"email\":\"info@artyplan.com\",\"telephone\":\"+34 93 200 87 99\",\"legalName\":\"Artyplan S.L.\",\"vatID\":\"B61963229\",\"numberOfEmployees\":{\"@type\":\"QuantitativeValue\",\"minValue\":\"51\",\"maxValue\":\"200\"}},{\"@type\":\"Person\",\"@id\":\"https:\/\/artyplan.com\/ca\/#\/schema\/person\/0ef19accced432bc277b8d5248cd2cc0\",\"name\":\"Sergio Triguero\",\"image\":{\"@type\":\"ImageObject\",\"inLanguage\":\"ca\",\"@id\":\"https:\/\/artyplan.com\/ca\/#\/schema\/person\/image\/\",\"url\":\"https:\/\/secure.gravatar.com\/avatar\/c742a95811ffbc635a3d111ab446f278cce576575d14970fd5d56e17580c3f23?s=96&d=mm&r=g\",\"contentUrl\":\"https:\/\/secure.gravatar.com\/avatar\/c742a95811ffbc635a3d111ab446f278cce576575d14970fd5d56e17580c3f23?s=96&d=mm&r=g\",\"caption\":\"Sergio Triguero\"}}]}<\/script>\n<!-- \/ Yoast SEO Premium plugin. -->","yoast_head_json":{"title":"La digitalitzaci\u00f3 a l'empresa \u00e9s una oportunitat | Noticies| Artyplan","description":"La digitalitzaci\u00f3 a l'empresa presenta una oportunitat magn\u00edfica per a l\u2019estalvi de recursos. Compta amb Artyplan per la digitalitzaci\u00f3","robots":{"index":"index","follow":"follow","max-snippet":"max-snippet:-1","max-image-preview":"max-image-preview:large","max-video-preview":"max-video-preview:-1"},"canonical":"https:\/\/artyplan.com\/ca\/blog\/la-digitalitzacio-de-lempresa\/","og_locale":"ca_ES","og_type":"article","og_title":"La digitalitzaci\u00f3 de l\u2019empresa","og_description":"La digitalitzaci\u00f3 a l'empresa presenta una oportunitat magn\u00edfica per a l\u2019estalvi de recursos. Compta amb Artyplan per la digitalitzaci\u00f3","og_url":"https:\/\/artyplan.com\/ca\/blog\/la-digitalitzacio-de-lempresa\/","og_site_name":"Artyplan","article_publisher":"https:\/\/www.facebook.com\/artyplan","article_published_time":"2021-06-13T22:00:00+00:00","article_modified_time":"2025-09-07T14:10:02+00:00","og_image":[{"width":1920,"height":600,"url":"https:\/\/artyplan.com\/wp-content\/uploads\/2025\/09\/digitalizacion-empresa.jpg","type":"image\/jpeg"}],"author":"Sergio Triguero","twitter_card":"summary_large_image","twitter_misc":{"Escrit per":"Sergio Triguero","Temps estimat de lectura":"2 minuts"},"schema":{"@context":"https:\/\/schema.org","@graph":[{"@type":"Article","@id":"https:\/\/artyplan.com\/ca\/blog\/la-digitalitzacio-de-lempresa\/#article","isPartOf":{"@id":"https:\/\/artyplan.com\/ca\/blog\/la-digitalitzacio-de-lempresa\/"},"author":{"name":"Sergio Triguero","@id":"https:\/\/artyplan.com\/ca\/#\/schema\/person\/0ef19accced432bc277b8d5248cd2cc0"},"headline":"La digitalitzaci\u00f3 de l\u2019empresa","datePublished":"2021-06-13T22:00:00+00:00","dateModified":"2025-09-07T14:10:02+00:00","mainEntityOfPage":{"@id":"https:\/\/artyplan.com\/ca\/blog\/la-digitalitzacio-de-lempresa\/"},"wordCount":480,"publisher":{"@id":"https:\/\/artyplan.com\/ca\/#organization"},"image":{"@id":"https:\/\/artyplan.com\/ca\/blog\/la-digitalitzacio-de-lempresa\/#primaryimage"},"thumbnailUrl":"https:\/\/artyplan.com\/wp-content\/uploads\/2025\/09\/digitalizacion-empresa.jpg","articleSection":["Noticies","Sense-categoritzar"],"inLanguage":"ca"},{"@type":"WebPage","@id":"https:\/\/artyplan.com\/ca\/blog\/la-digitalitzacio-de-lempresa\/","url":"https:\/\/artyplan.com\/ca\/blog\/la-digitalitzacio-de-lempresa\/","name":"La digitalitzaci\u00f3 a l'empresa \u00e9s una oportunitat | Noticies| Artyplan","isPartOf":{"@id":"https:\/\/artyplan.com\/ca\/#website"},"primaryImageOfPage":{"@id":"https:\/\/artyplan.com\/ca\/blog\/la-digitalitzacio-de-lempresa\/#primaryimage"},"image":{"@id":"https:\/\/artyplan.com\/ca\/blog\/la-digitalitzacio-de-lempresa\/#primaryimage"},"thumbnailUrl":"https:\/\/artyplan.com\/wp-content\/uploads\/2025\/09\/digitalizacion-empresa.jpg","datePublished":"2021-06-13T22:00:00+00:00","dateModified":"2025-09-07T14:10:02+00:00","description":"La digitalitzaci\u00f3 a l'empresa presenta una oportunitat magn\u00edfica per a l\u2019estalvi de recursos. Compta amb Artyplan per la digitalitzaci\u00f3","breadcrumb":{"@id":"https:\/\/artyplan.com\/ca\/blog\/la-digitalitzacio-de-lempresa\/#breadcrumb"},"inLanguage":"ca","potentialAction":[{"@type":"ReadAction","target":["https:\/\/artyplan.com\/ca\/blog\/la-digitalitzacio-de-lempresa\/"]}]},{"@type":"ImageObject","inLanguage":"ca","@id":"https:\/\/artyplan.com\/ca\/blog\/la-digitalitzacio-de-lempresa\/#primaryimage","url":"https:\/\/artyplan.com\/wp-content\/uploads\/2025\/09\/digitalizacion-empresa.jpg","contentUrl":"https:\/\/artyplan.com\/wp-content\/uploads\/2025\/09\/digitalizacion-empresa.jpg","width":1920,"height":600,"caption":"digitalizacio-empresa"},{"@type":"BreadcrumbList","@id":"https:\/\/artyplan.com\/ca\/blog\/la-digitalitzacio-de-lempresa\/#breadcrumb","itemListElement":[{"@type":"ListItem","position":1,"name":"Artyplan","item":"https:\/\/artyplan.com\/ca\/"},{"@type":"ListItem","position":2,"name":"La digitalitzaci\u00f3 de l\u2019empresa"}]},{"@type":"WebSite","@id":"https:\/\/artyplan.com\/ca\/#website","url":"https:\/\/artyplan.com\/ca\/","name":"Artyplan","description":"","publisher":{"@id":"https:\/\/artyplan.com\/ca\/#organization"},"potentialAction":[{"@type":"SearchAction","target":{"@type":"EntryPoint","urlTemplate":"https:\/\/artyplan.com\/ca\/?s={search_term_string}"},"query-input":{"@type":"PropertyValueSpecification","valueRequired":true,"valueName":"search_term_string"}}],"inLanguage":"ca"},{"@type":"Organization","@id":"https:\/\/artyplan.com\/ca\/#organization","name":"Artyplan","url":"https:\/\/artyplan.com\/ca\/","logo":{"@type":"ImageObject","inLanguage":"ca","@id":"https:\/\/artyplan.com\/ca\/#\/schema\/logo\/image\/","url":"https:\/\/artyplan.com\/wp-content\/uploads\/2025\/12\/Logo-artyplan-690x690-1.png","contentUrl":"https:\/\/artyplan.com\/wp-content\/uploads\/2025\/12\/Logo-artyplan-690x690-1.png","width":690,"height":690,"caption":"Artyplan"},"image":{"@id":"https:\/\/artyplan.com\/ca\/#\/schema\/logo\/image\/"},"sameAs":["https:\/\/www.facebook.com\/artyplan","https:\/\/www.instagram.com\/artyplan\/","https:\/\/www.linkedin.com\/company\/artyplan"],"description":"Artyplan \u00e9s una empresa especialitzada en producci\u00f3 gr\u00e0fica i comunicaci\u00f3 visual amb 60 anys dexperi\u00e8ncia. Oferim solucions integrals d'impressi\u00f3 en gran format, PLV i retail, gesti\u00f3 d'esdeveniments i fires, disseny i fabricaci\u00f3 a mida, log\u00edstica i serveis d'instal\u00b7laci\u00f3 a tot el territori. Treballem per a marques, ag\u00e8ncies, espais comercials i institucions que necessiten un partner fiable per desenvolupar campanyes de m\u00e0rqueting, projectes de retail i accions de branding o m\u00e0rqueting. Combinem tecnologia avan\u00e7ada d\u00b4impressi\u00f3 digital, un equip expert i una gesti\u00f3 completa de projectes per garantir qualitat, agilitat i resultats a mida per a cada client. Disposem de plataformes B2B que faciliten als nostres clients la gesti\u00f3 de les comandes de materials impresos aix\u00ed com la log\u00edstica dels mateixos.","email":"info@artyplan.com","telephone":"+34 93 200 87 99","legalName":"Artyplan S.L.","vatID":"B61963229","numberOfEmployees":{"@type":"QuantitativeValue","minValue":"51","maxValue":"200"}},{"@type":"Person","@id":"https:\/\/artyplan.com\/ca\/#\/schema\/person\/0ef19accced432bc277b8d5248cd2cc0","name":"Sergio Triguero","image":{"@type":"ImageObject","inLanguage":"ca","@id":"https:\/\/artyplan.com\/ca\/#\/schema\/person\/image\/","url":"https:\/\/secure.gravatar.com\/avatar\/c742a95811ffbc635a3d111ab446f278cce576575d14970fd5d56e17580c3f23?s=96&d=mm&r=g","contentUrl":"https:\/\/secure.gravatar.com\/avatar\/c742a95811ffbc635a3d111ab446f278cce576575d14970fd5d56e17580c3f23?s=96&d=mm&r=g","caption":"Sergio Triguero"}}]}},"_links":{"self":[{"href":"https:\/\/artyplan.com\/ca\/wp-json\/wp\/v2\/posts\/5159","targetHints":{"allow":["GET"]}}],"collection":[{"href":"https:\/\/artyplan.com\/ca\/wp-json\/wp\/v2\/posts"}],"about":[{"href":"https:\/\/artyplan.com\/ca\/wp-json\/wp\/v2\/types\/post"}],"author":[{"embeddable":true,"href":"https:\/\/artyplan.com\/ca\/wp-json\/wp\/v2\/users\/3"}],"replies":[{"embeddable":true,"href":"https:\/\/artyplan.com\/ca\/wp-json\/wp\/v2\/comments?post=5159"}],"version-history":[{"count":1,"href":"https:\/\/artyplan.com\/ca\/wp-json\/wp\/v2\/posts\/5159\/revisions"}],"predecessor-version":[{"id":6292,"href":"https:\/\/artyplan.com\/ca\/wp-json\/wp\/v2\/posts\/5159\/revisions\/6292"}],"wp:featuredmedia":[{"embeddable":true,"href":"https:\/\/artyplan.com\/ca\/wp-json\/wp\/v2\/media\/5158"}],"wp:attachment":[{"href":"https:\/\/artyplan.com\/ca\/wp-json\/wp\/v2\/media?parent=5159"}],"wp:term":[{"taxonomy":"category","embeddable":true,"href":"https:\/\/artyplan.com\/ca\/wp-json\/wp\/v2\/categories?post=5159"},{"taxonomy":"post_tag","embeddable":true,"href":"https:\/\/artyplan.com\/ca\/wp-json\/wp\/v2\/tags?post=5159"}],"curies":[{"name":"wp","href":"https:\/\/api.w.org\/{rel}","templated":true}]}}