{"id":5160,"date":"2021-06-21T00:00:00","date_gmt":"2021-06-20T22:00:00","guid":{"rendered":"https:\/\/preweb.artyplan.com\/sin-categorizar\/packaging-promocional-ecologic-obligacio-i-tendencia\/"},"modified":"2025-09-07T16:10:03","modified_gmt":"2025-09-07T14:10:03","slug":"packaging-promocional-ecologic-obligacio-i-tendencia","status":"publish","type":"post","link":"https:\/\/artyplan.com\/ca\/blog\/packaging-promocional-ecologic-obligacio-i-tendencia\/","title":{"rendered":"Packaging promocional ecol\u00f2gic: obligaci\u00f3 i tend\u00e8ncia"},"content":{"rendered":"<p>El <a href=\"http:\/\/artyplan.com\/ca\/productes-impressio\/packaging\/packaging-promocional\/\" target=\"_blank\" rel=\"noopener\"><em>packaging<\/em> promocional<\/a> \u00e9s un element de m\u00e0rqueting fonamental per a donar visibilitat i identificar els teus productes. En el lineal, just en el moment de compra, \u00e9s un factor determinant per a guanyar, o no, la voluntat del p\u00fablic. A m\u00e9s, transmet els valors de la teva marca.<\/p>\n<p>Actualment, l&#8217;ecologia i la consci\u00e8ncia ambiental s\u00f3n conceptes indubtablement en auge. Moltes empreses se sumen a aquest enfocament per convenciment i amb l&#8217;\u00e0nim de connectar millor amb els valors dels seus clients. En tal cas, l&#8217;embalatge sostenible \u00e9s molt m\u00e9s que una possibilitat.<\/p>\n<h2>Qu\u00e8 \u00e9s el packaging promocional<\/h2>\n<p>L&#8217;embalatge\u00a0al\u00b7ludeix als elements que contenen i protegeixen els productes durant la seva distribuci\u00f3 i comercialitzaci\u00f3.<\/p>\n<p>Les seves principals funcions s\u00f3n, per tant:<\/p>\n<ul>\n<li>Afavorir la identificaci\u00f3 i el reconeixement.<\/li>\n<li>Protegir i evitar p\u00e8rdues o minvaments de l&#8217;article.<\/li>\n<li>Arribar al destinatari en perfectes condicions.<\/li>\n<li>Mantenir la qualitat d&#8217;origen.<\/li>\n<li>Evitar impactes o danys durant el proc\u00e9s.<\/li>\n<li>Reduir l&#8217;article a unes dimensions i volum concrets.<\/li>\n<li>Projectar i consolidar una imatge de marca, d&#8217;acord amb els valors i principis que la diferencien.<\/li>\n<li>Tipus d&#8217;embalatge disponibles<\/li>\n<\/ul>\n<p>Davant la import\u00e0ncia creixent d&#8217;aquest concepte, la creativitat ha desembarcat amb for\u00e7a en la seva concepci\u00f3 i desenvolupament. Per aix\u00f2, existeixen tants tipus diferents com puguis imaginar.<\/p>\n<p>A efectes pr\u00e0ctics, no obstant aix\u00f2, et conv\u00e9 diferenciar entre:<\/p>\n<ul>\n<li>Primari. Est\u00e0 en contacte directe amb el producte i el cont\u00e9. A tall d&#8217;exemple, pensa en una bossa de pipes.<\/li>\n<li>Secundari. Inclouen diversos productes iguals, com els\u00a0<span class=\"hiddenSpellError\">packs<\/span> de sis ampolles d&#8217;aigua.<\/li>\n<li>Terciari. S\u00f3n les caixes per a transport i magatzematge dels productes. Realitzada la seva funci\u00f3, solen retirar-se en el local comercial.<\/li>\n<\/ul>\n<h2>Una eina de m\u00e0rqueting en el punt de venda<\/h2>\n<p>La comercialitzaci\u00f3 \u00e9s una q\u00fcesti\u00f3 d&#8217;imatge. Les decisions \u00faltimes, de les quals dep\u00e8n la compra d&#8217;un article concret en lloc d&#8217;un altre de la seva compet\u00e8ncia, depenen de factors emocionals i subconscients que no has de deixar a l&#8217;atzar.<\/p>\n<p>En primer lloc, les millors solucions d&#8217;embalatge et permeten oferir un article d&#8217;aspecte immillorable, distingit i cridaner enfront d&#8217;uns altres d&#8217;id\u00e8ntica funci\u00f3.<\/p>\n<p>A m\u00e9s, un bon embalatge ha de tenir un efecte\u00a0anomenat\u00a0en el lineal. Recorda que, en l&#8217;expositor, la compet\u00e8ncia \u00e9s fero\u00e7. El consumidor a penes dedica uns segons a decidir la seva compra que, sovint, ve preconcebuda per endavant. Per\u00f2 quan atraiem la seva atenci\u00f3 i despertem el seu inter\u00e8s amb un bon disseny i concepte d&#8217;embalatge, podem convertir-ho a la nostra causa.<\/p>\n<p>Aix\u00ed mateix, la capacitat informativa tamb\u00e9 \u00e9s important. El teu env\u00e0s ha de ser recognoscible i, m\u00e9s encara, tamb\u00e9 ha de contenir la informaci\u00f3 necess\u00e0ria per a buidar qualsevol dubte. Recorda que, segons els sectors, hi ha uns certs textos que han de figurar obligat\u00f2riament (les taules nutricionals en els productes d&#8217;alimentaci\u00f3, per exemple).<\/p>\n<p>Finalment, l&#8217;embalatge \u00e9s una oportunitat d&#8217;or per a mostrar el comprom\u00eds mediambiental de l&#8217;empresa. Apostar per materials sostenibles com el cart\u00f3 o les tintes biodegradables captar\u00e0 l&#8217;atenci\u00f3 dels teus clients i suposar\u00e0 un important element diferenciador de la teva marca. Si, a m\u00e9s, aconsegueixes crear envasos f\u00e0cilment re-utilitzables pel client o oferir solucions innovadores com incloure llavors de determinades plantes, els teus productes causaran sensaci\u00f3.<\/p>\n<h2>Necessites un bon embalatge sostenible?<\/h2>\n<p>Ja t&#8217;hem explicat el poder promocional d&#8217;un bon embalatge sostenible. M\u00e9s enll\u00e0 d&#8217;aquest i de la seva funci\u00f3 pr\u00e0ctica, \u00e9s possible que en un futur pr\u00f2xim la legislaci\u00f3 obligui a utilitzar embolcalls ecol\u00f2gics. Anticipa&#8217;t a aix\u00f2 i demostra als teus clients que ets una marca pionera i responsable.<\/p>\n<p>En\u00a0<a href=\"http:\/\/artyplan.com\/ca\/contacte\/\" target=\"_blank\" rel=\"noopener\"><span class=\"hiddenSpellError\">Artyplan<\/span><\/a>\u00a0som especialistes a donar excel\u00b7lents solucions d&#8217;embalatge a tota mena de clients. Quant a\u00a0l&#8217;embalatge\u00a0promocional, t&#8217;ajudarem a aconseguir un aspecte extern \u00f2ptim i adequat a les teves necessitats. Disposem dels materials, els equips i les m\u00e0quines id\u00f2nies per a desenvolupar el teu embalatge sostenible. Truca&#8217;ns.<\/p>\n","protected":false},"excerpt":{"rendered":"<p>El packaging promocional \u00e9s un element de m\u00e0rqueting fonamental per a donar visibilitat i identificar els teus productes. En el lineal, just en el moment de compra, \u00e9s un factor determinant per a guanyar, o no, la voluntat del p\u00fablic. A m\u00e9s, transmet els valors de la teva marca. Actualment, l&#8217;ecologia i la consci\u00e8ncia ambiental [&hellip;]<\/p>\n","protected":false},"author":3,"featured_media":6991,"comment_status":"closed","ping_status":"closed","sticky":false,"template":"","format":"standard","meta":{"footnotes":""},"categories":[1],"tags":[],"class_list":["post-5160","post","type-post","status-publish","format-standard","has-post-thumbnail","hentry","category-sense-categoritzar"],"yoast_head":"<!-- This site is optimized with the Yoast SEO Premium plugin v26.5 (Yoast SEO v26.5) - https:\/\/yoast.com\/wordpress\/plugins\/seo\/ -->\n<title>Packaging promocional: perqu\u00e8 \u00e9s vital en el marketing actual<\/title>\n<meta name=\"description\" content=\"Descobreix el valor mercadol\u00f2gic del packaging promocional. A Artyplan t&#039;ajudarem a aconseguir un packaging efica\u00e7, atractiu i ecol\u00f2gic.\" \/>\n<meta name=\"robots\" content=\"index, follow, max-snippet:-1, max-image-preview:large, max-video-preview:-1\" \/>\n<link rel=\"canonical\" href=\"https:\/\/artyplan.com\/ca\/blog\/packaging-promocional-ecologic-obligacio-i-tendencia\/\" \/>\n<meta property=\"og:locale\" content=\"ca_ES\" \/>\n<meta property=\"og:type\" content=\"article\" \/>\n<meta property=\"og:title\" content=\"Packaging promocional ecol\u00f2gic: obligaci\u00f3 i tend\u00e8ncia\" \/>\n<meta property=\"og:description\" content=\"Descobreix el valor mercadol\u00f2gic del packaging promocional. A Artyplan t&#039;ajudarem a aconseguir un packaging efica\u00e7, atractiu i ecol\u00f2gic.\" \/>\n<meta property=\"og:url\" content=\"https:\/\/artyplan.com\/ca\/blog\/packaging-promocional-ecologic-obligacio-i-tendencia\/\" \/>\n<meta property=\"og:site_name\" content=\"Artyplan\" \/>\n<meta property=\"article:publisher\" content=\"https:\/\/www.facebook.com\/artyplan\" \/>\n<meta property=\"article:published_time\" content=\"2021-06-20T22:00:00+00:00\" \/>\n<meta property=\"article:modified_time\" content=\"2025-09-07T14:10:03+00:00\" \/>\n<meta property=\"og:image\" content=\"https:\/\/artyplan.com\/wp-content\/uploads\/2025\/09\/packaging-promocional.jpg\" \/>\n\t<meta property=\"og:image:width\" content=\"1920\" \/>\n\t<meta property=\"og:image:height\" content=\"600\" \/>\n\t<meta property=\"og:image:type\" content=\"image\/jpeg\" \/>\n<meta name=\"author\" content=\"Sergio Triguero\" \/>\n<meta name=\"twitter:card\" content=\"summary_large_image\" \/>\n<meta name=\"twitter:label1\" content=\"Escrit per\" \/>\n\t<meta name=\"twitter:data1\" content=\"Sergio Triguero\" \/>\n\t<meta name=\"twitter:label2\" content=\"Temps estimat de lectura\" \/>\n\t<meta name=\"twitter:data2\" content=\"3 minuts\" \/>\n<script type=\"application\/ld+json\" class=\"yoast-schema-graph\">{\"@context\":\"https:\/\/schema.org\",\"@graph\":[{\"@type\":\"Article\",\"@id\":\"https:\/\/artyplan.com\/ca\/blog\/packaging-promocional-ecologic-obligacio-i-tendencia\/#article\",\"isPartOf\":{\"@id\":\"https:\/\/artyplan.com\/ca\/blog\/packaging-promocional-ecologic-obligacio-i-tendencia\/\"},\"author\":{\"name\":\"Sergio Triguero\",\"@id\":\"https:\/\/artyplan.com\/ca\/#\/schema\/person\/0ef19accced432bc277b8d5248cd2cc0\"},\"headline\":\"Packaging promocional ecol\u00f2gic: obligaci\u00f3 i tend\u00e8ncia\",\"datePublished\":\"2021-06-20T22:00:00+00:00\",\"dateModified\":\"2025-09-07T14:10:03+00:00\",\"mainEntityOfPage\":{\"@id\":\"https:\/\/artyplan.com\/ca\/blog\/packaging-promocional-ecologic-obligacio-i-tendencia\/\"},\"wordCount\":701,\"publisher\":{\"@id\":\"https:\/\/artyplan.com\/ca\/#organization\"},\"image\":{\"@id\":\"https:\/\/artyplan.com\/ca\/blog\/packaging-promocional-ecologic-obligacio-i-tendencia\/#primaryimage\"},\"thumbnailUrl\":\"https:\/\/artyplan.com\/wp-content\/uploads\/2025\/09\/packaging-promocional.jpg\",\"articleSection\":[\"Sense-categoritzar\"],\"inLanguage\":\"ca\"},{\"@type\":\"WebPage\",\"@id\":\"https:\/\/artyplan.com\/ca\/blog\/packaging-promocional-ecologic-obligacio-i-tendencia\/\",\"url\":\"https:\/\/artyplan.com\/ca\/blog\/packaging-promocional-ecologic-obligacio-i-tendencia\/\",\"name\":\"Packaging promocional: perqu\u00e8 \u00e9s vital en el marketing actual\",\"isPartOf\":{\"@id\":\"https:\/\/artyplan.com\/ca\/#website\"},\"primaryImageOfPage\":{\"@id\":\"https:\/\/artyplan.com\/ca\/blog\/packaging-promocional-ecologic-obligacio-i-tendencia\/#primaryimage\"},\"image\":{\"@id\":\"https:\/\/artyplan.com\/ca\/blog\/packaging-promocional-ecologic-obligacio-i-tendencia\/#primaryimage\"},\"thumbnailUrl\":\"https:\/\/artyplan.com\/wp-content\/uploads\/2025\/09\/packaging-promocional.jpg\",\"datePublished\":\"2021-06-20T22:00:00+00:00\",\"dateModified\":\"2025-09-07T14:10:03+00:00\",\"description\":\"Descobreix el valor mercadol\u00f2gic del packaging promocional. A Artyplan t'ajudarem a aconseguir un packaging efica\u00e7, atractiu i ecol\u00f2gic.\",\"breadcrumb\":{\"@id\":\"https:\/\/artyplan.com\/ca\/blog\/packaging-promocional-ecologic-obligacio-i-tendencia\/#breadcrumb\"},\"inLanguage\":\"ca\",\"potentialAction\":[{\"@type\":\"ReadAction\",\"target\":[\"https:\/\/artyplan.com\/ca\/blog\/packaging-promocional-ecologic-obligacio-i-tendencia\/\"]}]},{\"@type\":\"ImageObject\",\"inLanguage\":\"ca\",\"@id\":\"https:\/\/artyplan.com\/ca\/blog\/packaging-promocional-ecologic-obligacio-i-tendencia\/#primaryimage\",\"url\":\"https:\/\/artyplan.com\/wp-content\/uploads\/2025\/09\/packaging-promocional.jpg\",\"contentUrl\":\"https:\/\/artyplan.com\/wp-content\/uploads\/2025\/09\/packaging-promocional.jpg\",\"width\":1920,\"height\":600,\"caption\":\"cajas de packaging promocional\"},{\"@type\":\"BreadcrumbList\",\"@id\":\"https:\/\/artyplan.com\/ca\/blog\/packaging-promocional-ecologic-obligacio-i-tendencia\/#breadcrumb\",\"itemListElement\":[{\"@type\":\"ListItem\",\"position\":1,\"name\":\"Artyplan\",\"item\":\"https:\/\/artyplan.com\/ca\/\"},{\"@type\":\"ListItem\",\"position\":2,\"name\":\"Packaging promocional ecol\u00f2gic: obligaci\u00f3 i tend\u00e8ncia\"}]},{\"@type\":\"WebSite\",\"@id\":\"https:\/\/artyplan.com\/ca\/#website\",\"url\":\"https:\/\/artyplan.com\/ca\/\",\"name\":\"Artyplan\",\"description\":\"\",\"publisher\":{\"@id\":\"https:\/\/artyplan.com\/ca\/#organization\"},\"potentialAction\":[{\"@type\":\"SearchAction\",\"target\":{\"@type\":\"EntryPoint\",\"urlTemplate\":\"https:\/\/artyplan.com\/ca\/?s={search_term_string}\"},\"query-input\":{\"@type\":\"PropertyValueSpecification\",\"valueRequired\":true,\"valueName\":\"search_term_string\"}}],\"inLanguage\":\"ca\"},{\"@type\":\"Organization\",\"@id\":\"https:\/\/artyplan.com\/ca\/#organization\",\"name\":\"Artyplan\",\"url\":\"https:\/\/artyplan.com\/ca\/\",\"logo\":{\"@type\":\"ImageObject\",\"inLanguage\":\"ca\",\"@id\":\"https:\/\/artyplan.com\/ca\/#\/schema\/logo\/image\/\",\"url\":\"https:\/\/artyplan.com\/wp-content\/uploads\/2025\/12\/Logo-artyplan-690x690-1.png\",\"contentUrl\":\"https:\/\/artyplan.com\/wp-content\/uploads\/2025\/12\/Logo-artyplan-690x690-1.png\",\"width\":690,\"height\":690,\"caption\":\"Artyplan\"},\"image\":{\"@id\":\"https:\/\/artyplan.com\/ca\/#\/schema\/logo\/image\/\"},\"sameAs\":[\"https:\/\/www.facebook.com\/artyplan\",\"https:\/\/www.instagram.com\/artyplan\/\",\"https:\/\/www.linkedin.com\/company\/artyplan\"],\"description\":\"Artyplan \u00e9s una empresa especialitzada en producci\u00f3 gr\u00e0fica i comunicaci\u00f3 visual amb 60 anys dexperi\u00e8ncia. Oferim solucions integrals d'impressi\u00f3 en gran format, PLV i retail, gesti\u00f3 d'esdeveniments i fires, disseny i fabricaci\u00f3 a mida, log\u00edstica i serveis d'instal\u00b7laci\u00f3 a tot el territori. Treballem per a marques, ag\u00e8ncies, espais comercials i institucions que necessiten un partner fiable per desenvolupar campanyes de m\u00e0rqueting, projectes de retail i accions de branding o m\u00e0rqueting. Combinem tecnologia avan\u00e7ada d\u00b4impressi\u00f3 digital, un equip expert i una gesti\u00f3 completa de projectes per garantir qualitat, agilitat i resultats a mida per a cada client. Disposem de plataformes B2B que faciliten als nostres clients la gesti\u00f3 de les comandes de materials impresos aix\u00ed com la log\u00edstica dels mateixos.\",\"email\":\"info@artyplan.com\",\"telephone\":\"+34 93 200 87 99\",\"legalName\":\"Artyplan S.L.\",\"vatID\":\"B61963229\",\"numberOfEmployees\":{\"@type\":\"QuantitativeValue\",\"minValue\":\"51\",\"maxValue\":\"200\"}},{\"@type\":\"Person\",\"@id\":\"https:\/\/artyplan.com\/ca\/#\/schema\/person\/0ef19accced432bc277b8d5248cd2cc0\",\"name\":\"Sergio Triguero\",\"image\":{\"@type\":\"ImageObject\",\"inLanguage\":\"ca\",\"@id\":\"https:\/\/artyplan.com\/ca\/#\/schema\/person\/image\/\",\"url\":\"https:\/\/secure.gravatar.com\/avatar\/c742a95811ffbc635a3d111ab446f278cce576575d14970fd5d56e17580c3f23?s=96&d=mm&r=g\",\"contentUrl\":\"https:\/\/secure.gravatar.com\/avatar\/c742a95811ffbc635a3d111ab446f278cce576575d14970fd5d56e17580c3f23?s=96&d=mm&r=g\",\"caption\":\"Sergio Triguero\"}}]}<\/script>\n<!-- \/ Yoast SEO Premium plugin. -->","yoast_head_json":{"title":"Packaging promocional: perqu\u00e8 \u00e9s vital en el marketing actual","description":"Descobreix el valor mercadol\u00f2gic del packaging promocional. A Artyplan t'ajudarem a aconseguir un packaging efica\u00e7, atractiu i ecol\u00f2gic.","robots":{"index":"index","follow":"follow","max-snippet":"max-snippet:-1","max-image-preview":"max-image-preview:large","max-video-preview":"max-video-preview:-1"},"canonical":"https:\/\/artyplan.com\/ca\/blog\/packaging-promocional-ecologic-obligacio-i-tendencia\/","og_locale":"ca_ES","og_type":"article","og_title":"Packaging promocional ecol\u00f2gic: obligaci\u00f3 i tend\u00e8ncia","og_description":"Descobreix el valor mercadol\u00f2gic del packaging promocional. A Artyplan t'ajudarem a aconseguir un packaging efica\u00e7, atractiu i ecol\u00f2gic.","og_url":"https:\/\/artyplan.com\/ca\/blog\/packaging-promocional-ecologic-obligacio-i-tendencia\/","og_site_name":"Artyplan","article_publisher":"https:\/\/www.facebook.com\/artyplan","article_published_time":"2021-06-20T22:00:00+00:00","article_modified_time":"2025-09-07T14:10:03+00:00","og_image":[{"width":1920,"height":600,"url":"https:\/\/artyplan.com\/wp-content\/uploads\/2025\/09\/packaging-promocional.jpg","type":"image\/jpeg"}],"author":"Sergio Triguero","twitter_card":"summary_large_image","twitter_misc":{"Escrit per":"Sergio Triguero","Temps estimat de lectura":"3 minuts"},"schema":{"@context":"https:\/\/schema.org","@graph":[{"@type":"Article","@id":"https:\/\/artyplan.com\/ca\/blog\/packaging-promocional-ecologic-obligacio-i-tendencia\/#article","isPartOf":{"@id":"https:\/\/artyplan.com\/ca\/blog\/packaging-promocional-ecologic-obligacio-i-tendencia\/"},"author":{"name":"Sergio Triguero","@id":"https:\/\/artyplan.com\/ca\/#\/schema\/person\/0ef19accced432bc277b8d5248cd2cc0"},"headline":"Packaging promocional ecol\u00f2gic: obligaci\u00f3 i tend\u00e8ncia","datePublished":"2021-06-20T22:00:00+00:00","dateModified":"2025-09-07T14:10:03+00:00","mainEntityOfPage":{"@id":"https:\/\/artyplan.com\/ca\/blog\/packaging-promocional-ecologic-obligacio-i-tendencia\/"},"wordCount":701,"publisher":{"@id":"https:\/\/artyplan.com\/ca\/#organization"},"image":{"@id":"https:\/\/artyplan.com\/ca\/blog\/packaging-promocional-ecologic-obligacio-i-tendencia\/#primaryimage"},"thumbnailUrl":"https:\/\/artyplan.com\/wp-content\/uploads\/2025\/09\/packaging-promocional.jpg","articleSection":["Sense-categoritzar"],"inLanguage":"ca"},{"@type":"WebPage","@id":"https:\/\/artyplan.com\/ca\/blog\/packaging-promocional-ecologic-obligacio-i-tendencia\/","url":"https:\/\/artyplan.com\/ca\/blog\/packaging-promocional-ecologic-obligacio-i-tendencia\/","name":"Packaging promocional: perqu\u00e8 \u00e9s vital en el marketing actual","isPartOf":{"@id":"https:\/\/artyplan.com\/ca\/#website"},"primaryImageOfPage":{"@id":"https:\/\/artyplan.com\/ca\/blog\/packaging-promocional-ecologic-obligacio-i-tendencia\/#primaryimage"},"image":{"@id":"https:\/\/artyplan.com\/ca\/blog\/packaging-promocional-ecologic-obligacio-i-tendencia\/#primaryimage"},"thumbnailUrl":"https:\/\/artyplan.com\/wp-content\/uploads\/2025\/09\/packaging-promocional.jpg","datePublished":"2021-06-20T22:00:00+00:00","dateModified":"2025-09-07T14:10:03+00:00","description":"Descobreix el valor mercadol\u00f2gic del packaging promocional. A Artyplan t'ajudarem a aconseguir un packaging efica\u00e7, atractiu i ecol\u00f2gic.","breadcrumb":{"@id":"https:\/\/artyplan.com\/ca\/blog\/packaging-promocional-ecologic-obligacio-i-tendencia\/#breadcrumb"},"inLanguage":"ca","potentialAction":[{"@type":"ReadAction","target":["https:\/\/artyplan.com\/ca\/blog\/packaging-promocional-ecologic-obligacio-i-tendencia\/"]}]},{"@type":"ImageObject","inLanguage":"ca","@id":"https:\/\/artyplan.com\/ca\/blog\/packaging-promocional-ecologic-obligacio-i-tendencia\/#primaryimage","url":"https:\/\/artyplan.com\/wp-content\/uploads\/2025\/09\/packaging-promocional.jpg","contentUrl":"https:\/\/artyplan.com\/wp-content\/uploads\/2025\/09\/packaging-promocional.jpg","width":1920,"height":600,"caption":"cajas de packaging promocional"},{"@type":"BreadcrumbList","@id":"https:\/\/artyplan.com\/ca\/blog\/packaging-promocional-ecologic-obligacio-i-tendencia\/#breadcrumb","itemListElement":[{"@type":"ListItem","position":1,"name":"Artyplan","item":"https:\/\/artyplan.com\/ca\/"},{"@type":"ListItem","position":2,"name":"Packaging promocional ecol\u00f2gic: obligaci\u00f3 i tend\u00e8ncia"}]},{"@type":"WebSite","@id":"https:\/\/artyplan.com\/ca\/#website","url":"https:\/\/artyplan.com\/ca\/","name":"Artyplan","description":"","publisher":{"@id":"https:\/\/artyplan.com\/ca\/#organization"},"potentialAction":[{"@type":"SearchAction","target":{"@type":"EntryPoint","urlTemplate":"https:\/\/artyplan.com\/ca\/?s={search_term_string}"},"query-input":{"@type":"PropertyValueSpecification","valueRequired":true,"valueName":"search_term_string"}}],"inLanguage":"ca"},{"@type":"Organization","@id":"https:\/\/artyplan.com\/ca\/#organization","name":"Artyplan","url":"https:\/\/artyplan.com\/ca\/","logo":{"@type":"ImageObject","inLanguage":"ca","@id":"https:\/\/artyplan.com\/ca\/#\/schema\/logo\/image\/","url":"https:\/\/artyplan.com\/wp-content\/uploads\/2025\/12\/Logo-artyplan-690x690-1.png","contentUrl":"https:\/\/artyplan.com\/wp-content\/uploads\/2025\/12\/Logo-artyplan-690x690-1.png","width":690,"height":690,"caption":"Artyplan"},"image":{"@id":"https:\/\/artyplan.com\/ca\/#\/schema\/logo\/image\/"},"sameAs":["https:\/\/www.facebook.com\/artyplan","https:\/\/www.instagram.com\/artyplan\/","https:\/\/www.linkedin.com\/company\/artyplan"],"description":"Artyplan \u00e9s una empresa especialitzada en producci\u00f3 gr\u00e0fica i comunicaci\u00f3 visual amb 60 anys dexperi\u00e8ncia. Oferim solucions integrals d'impressi\u00f3 en gran format, PLV i retail, gesti\u00f3 d'esdeveniments i fires, disseny i fabricaci\u00f3 a mida, log\u00edstica i serveis d'instal\u00b7laci\u00f3 a tot el territori. Treballem per a marques, ag\u00e8ncies, espais comercials i institucions que necessiten un partner fiable per desenvolupar campanyes de m\u00e0rqueting, projectes de retail i accions de branding o m\u00e0rqueting. Combinem tecnologia avan\u00e7ada d\u00b4impressi\u00f3 digital, un equip expert i una gesti\u00f3 completa de projectes per garantir qualitat, agilitat i resultats a mida per a cada client. Disposem de plataformes B2B que faciliten als nostres clients la gesti\u00f3 de les comandes de materials impresos aix\u00ed com la log\u00edstica dels mateixos.","email":"info@artyplan.com","telephone":"+34 93 200 87 99","legalName":"Artyplan S.L.","vatID":"B61963229","numberOfEmployees":{"@type":"QuantitativeValue","minValue":"51","maxValue":"200"}},{"@type":"Person","@id":"https:\/\/artyplan.com\/ca\/#\/schema\/person\/0ef19accced432bc277b8d5248cd2cc0","name":"Sergio Triguero","image":{"@type":"ImageObject","inLanguage":"ca","@id":"https:\/\/artyplan.com\/ca\/#\/schema\/person\/image\/","url":"https:\/\/secure.gravatar.com\/avatar\/c742a95811ffbc635a3d111ab446f278cce576575d14970fd5d56e17580c3f23?s=96&d=mm&r=g","contentUrl":"https:\/\/secure.gravatar.com\/avatar\/c742a95811ffbc635a3d111ab446f278cce576575d14970fd5d56e17580c3f23?s=96&d=mm&r=g","caption":"Sergio Triguero"}}]}},"_links":{"self":[{"href":"https:\/\/artyplan.com\/ca\/wp-json\/wp\/v2\/posts\/5160","targetHints":{"allow":["GET"]}}],"collection":[{"href":"https:\/\/artyplan.com\/ca\/wp-json\/wp\/v2\/posts"}],"about":[{"href":"https:\/\/artyplan.com\/ca\/wp-json\/wp\/v2\/types\/post"}],"author":[{"embeddable":true,"href":"https:\/\/artyplan.com\/ca\/wp-json\/wp\/v2\/users\/3"}],"replies":[{"embeddable":true,"href":"https:\/\/artyplan.com\/ca\/wp-json\/wp\/v2\/comments?post=5160"}],"version-history":[{"count":1,"href":"https:\/\/artyplan.com\/ca\/wp-json\/wp\/v2\/posts\/5160\/revisions"}],"predecessor-version":[{"id":6293,"href":"https:\/\/artyplan.com\/ca\/wp-json\/wp\/v2\/posts\/5160\/revisions\/6293"}],"wp:featuredmedia":[{"embeddable":true,"href":"https:\/\/artyplan.com\/ca\/wp-json\/wp\/v2\/media\/6991"}],"wp:attachment":[{"href":"https:\/\/artyplan.com\/ca\/wp-json\/wp\/v2\/media?parent=5160"}],"wp:term":[{"taxonomy":"category","embeddable":true,"href":"https:\/\/artyplan.com\/ca\/wp-json\/wp\/v2\/categories?post=5160"},{"taxonomy":"post_tag","embeddable":true,"href":"https:\/\/artyplan.com\/ca\/wp-json\/wp\/v2\/tags?post=5160"}],"curies":[{"name":"wp","href":"https:\/\/api.w.org\/{rel}","templated":true}]}}