{"id":5168,"date":"2021-07-05T00:00:00","date_gmt":"2021-07-04T22:00:00","guid":{"rendered":"https:\/\/preweb.artyplan.com\/sin-categorizar\/com-colocar-un-vinil\/"},"modified":"2025-09-07T16:10:04","modified_gmt":"2025-09-07T14:10:04","slug":"com-colocar-un-vinil","status":"publish","type":"post","link":"https:\/\/artyplan.com\/ca\/blog\/com-colocar-un-vinil\/","title":{"rendered":"Com instal\u00b7lar un vinil?"},"content":{"rendered":"<p>Els vinils poden cobrir parets, terres o incl\u00fas sostres amb dissenys personalitzats. Actualment, es poden trobar en molts espais diferents com oficines, llars, restaurants, hotels, cafeteries, botigues, etc. Actualment, s\u00f3n un element m\u00e9s de la decoraci\u00f3, ja que permeten d&#8217;una forma molt r\u00e0pida donar una aparen\u00e7a diferent dels espais. A continuaci\u00f3, expliquem els passos a seguir per realitzar la instal\u00b7laci\u00f3 d&#8217;un vinil i col\u00b7locar-lo correctament.<\/p>\n<h2>Qu\u00e8 \u00e9s un vinil?<\/h2>\n<p>Com ja explic\u00e0vem a l&#8217;article de <a href=\"http:\/\/artyplan.com\/ca\/ecologic\/vinils-ecologics-sostenible-lliure-pvc\/\" target=\"_blank\" rel=\"noopener\"><em>Vinils ecol\u00f2gics i sostenibles<\/em><\/a>, el vinil \u00e9s un suport que est\u00e0 compost de tres parts; la primera part \u00e9s el film de PVC que pot ser de molts colors i que va al costat de la segona part que \u00e9s l&#8217;adhesiu. La part de l&#8217;adhesiu fa que els vinils aguantin molt temps col\u00b7locat en una superf\u00edcie. La tercera capa \u00e9s on hi ha el paper de suport o paper de silicona; aquesta \u00e9s la part on se sost\u00e9 el vinil abans de ser utilitzat.<\/p>\n<p>Els vinils ecol\u00f2gics s\u00f3n lliures en PVC i\u00a0 el seu adhesiu t\u00e9 la base en aigua, donant aix\u00ed una soluci\u00f3 perfecta i amb consci\u00e8ncia ecol\u00f2gica.<\/p>\n<h2>Instal\u00b7laci\u00f3 de vinils.<\/h2>\n<p>Com instal\u00b7lar un vinil pot semblar un treball complicat, per\u00f2 seguint els passos adequats facilitats pels nostres experts, podr\u00e0s col\u00b7locar-los f\u00e0cilment. Recorda que hi ha dos tipus de vinils: els vinils impresos i els vinils de tall.<\/p>\n<p>Pels vinils impresos aconsellem col\u00b7locar-los en parets llises. I per a col\u00b7locar els vinils decoratius per a vidres, recomanem utilitzar una barreja d&#8217;aigua amb sab\u00f3 per poder lliscar el vinil f\u00e0cilment en el vidre i col\u00b7locar-lo en el seu lloc.<\/p>\n<h3>Quines eines necessites per a la instal\u00b7laci\u00f3 d&#8217;un vinil?<\/h3>\n<p>Per a comen\u00e7ar, necessitar\u00e0s algunes eines que facilitaran la instal\u00b7laci\u00f3 dels vinils. Aquestes s\u00f3n:<\/p>\n<ul>\n<li>Esp\u00e0tula, perqu\u00e8 el vinil s&#8217;adhereixi correctament a la superf\u00edcie.<\/li>\n<li>Drap net; per a netejar la superf\u00edcie abans i despr\u00e9s de la col\u00b7locaci\u00f3 del vinil.<\/li>\n<li>Cinta m\u00e8trica: per a mesurar dist\u00e0ncies i quines el vinil quedi ben col\u00b7locat.<\/li>\n<\/ul>\n<h3>Passos per a instal\u00b7lar el vinil<\/h3>\n<p>Una vegada ja sabem on instal\u00b7larem el vinil i tenim tots els materials a punt,\u00a0 ja podrem comen\u00e7ar a realitzar la instal\u00b7laci\u00f3.<\/p>\n<ol>\n<li>Primer, cal netejar la superf\u00edcie on s&#8217;instal\u00b7lar\u00e0 el vinil. Et recomanem utilitzar un drap net i alcohol de farm\u00e0cia per a col\u00b7locar-lo en un cristall, i un drap sec per a col\u00b7locar-lo en la paret.<\/li>\n<li>Seguidament i ja amb l&#8217;espai net mesura la zona on vols que quedi el teu vinil i marca amb la cinta de carrosser una l\u00ednia recta perqu\u00e8 et serveixi com a guia.<\/li>\n<li>El tercer pas \u00e9s col\u00b7locar-lo en la posici\u00f3 final que vols que quedi el vinil, enganxa&#8217;l a la paret amb la cinta de carrosser i assegura&#8217;t que es fixa b\u00e9.\u00a0 Col\u00b7loca tamb\u00e9 la cinta al centre del vinil des de la part de dalt fins a baix.<\/li>\n<li>Una vegada fixat, s&#8217;ha de retirar una de les puntes superiors del vinil i arribar lentament fins a la meitat.<\/li>\n<li>Despr\u00e9s, instal\u00b7la la part del vinil que acabes de desenganxar sobre l&#8217;altra meitat, evitant aix\u00ed que es deixi anar de la paret i que no es pegui en cap lloc.<\/li>\n<li>Adhereix el vinil a la paret amb el suport d&#8217;una esp\u00e0tula, fes-lo des de dins cap a fora i ves amb compte de no deixar bombolles o arrugues.<\/li>\n<li>Treu la cinta de carrosser que subjecta el vinil, doblega la meitat que est\u00e0 sense enganxar sobre la meitat que est\u00e0 adherida i amb cura treu lentament el paper de silicona.<\/li>\n<li>Finalment, repeteix el pas d&#8217;enganxar fins que tinguis tot el vinil instal\u00b7lat en la superf\u00edcie desitjada.<\/li>\n<\/ol>\n<p>Si la instal\u00b7laci\u00f3 de vinils pot ser una tasca atrafegada\u00a0 per tu, deixa que l&#8217;ha realitzin els instal\u00b7ladors professionals.<\/p>\n<p>Consulta amb el nostre<a href=\"http:\/\/artyplan.com\/ca\/serveis\/centre-atencio-al-client\/\" target=\"_blank\" rel=\"noopener\"> centre d&#8217;atenci\u00f3 al client<\/a> quina \u00e9s la soluci\u00f3 m\u00e9s factible per al teu projecte gr\u00e0fic.<\/p>\n","protected":false},"excerpt":{"rendered":"<p>Els vinils poden cobrir parets, terres o incl\u00fas sostres amb dissenys personalitzats. Actualment, es poden trobar en molts espais diferents com oficines, llars, restaurants, hotels, cafeteries, botigues, etc. Actualment, s\u00f3n un element m\u00e9s de la decoraci\u00f3, ja que permeten d&#8217;una forma molt r\u00e0pida donar una aparen\u00e7a diferent dels espais. A continuaci\u00f3, expliquem els passos a [&hellip;]<\/p>\n","protected":false},"author":3,"featured_media":5167,"comment_status":"closed","ping_status":"closed","sticky":false,"template":"","format":"standard","meta":{"footnotes":""},"categories":[1],"tags":[],"class_list":["post-5168","post","type-post","status-publish","format-standard","has-post-thumbnail","hentry","category-sense-categoritzar"],"yoast_head":"<!-- This site is optimized with the Yoast SEO Premium plugin v26.5 (Yoast SEO v26.5) - https:\/\/yoast.com\/wordpress\/plugins\/seo\/ -->\n<title>Com instal\u00b7lar un vinil? - Artyplan<\/title>\n<meta name=\"description\" content=\"Saps com instal\u00b7lar un vinil publicitari? T&#039;expliquem com fer-ho, pas a pas, al seg\u00fcent article. \u00a1Pren nota!\" \/>\n<meta name=\"robots\" content=\"index, follow, max-snippet:-1, max-image-preview:large, max-video-preview:-1\" \/>\n<link rel=\"canonical\" href=\"https:\/\/artyplan.com\/ca\/blog\/com-colocar-un-vinil\/\" \/>\n<meta property=\"og:locale\" content=\"ca_ES\" \/>\n<meta property=\"og:type\" content=\"article\" \/>\n<meta property=\"og:title\" content=\"Com instal\u00b7lar un vinil?\" \/>\n<meta property=\"og:description\" content=\"Saps com instal\u00b7lar un vinil publicitari? T&#039;expliquem com fer-ho, pas a pas, al seg\u00fcent article. \u00a1Pren nota!\" \/>\n<meta property=\"og:url\" content=\"https:\/\/artyplan.com\/ca\/blog\/com-colocar-un-vinil\/\" \/>\n<meta property=\"og:site_name\" content=\"Artyplan\" \/>\n<meta property=\"article:publisher\" content=\"https:\/\/www.facebook.com\/artyplan\" \/>\n<meta property=\"article:published_time\" content=\"2021-07-04T22:00:00+00:00\" \/>\n<meta property=\"article:modified_time\" content=\"2025-09-07T14:10:04+00:00\" \/>\n<meta property=\"og:image\" content=\"https:\/\/artyplan.com\/wp-content\/uploads\/2025\/09\/como-colocar-un-vinilo.jpg\" \/>\n\t<meta property=\"og:image:width\" content=\"1920\" \/>\n\t<meta property=\"og:image:height\" content=\"600\" \/>\n\t<meta property=\"og:image:type\" content=\"image\/jpeg\" \/>\n<meta name=\"author\" content=\"Sergio Triguero\" \/>\n<meta name=\"twitter:card\" content=\"summary_large_image\" \/>\n<meta name=\"twitter:label1\" content=\"Escrit per\" \/>\n\t<meta name=\"twitter:data1\" content=\"Sergio Triguero\" \/>\n\t<meta name=\"twitter:label2\" content=\"Temps estimat de lectura\" \/>\n\t<meta name=\"twitter:data2\" content=\"3 minuts\" \/>\n<script type=\"application\/ld+json\" class=\"yoast-schema-graph\">{\"@context\":\"https:\/\/schema.org\",\"@graph\":[{\"@type\":\"Article\",\"@id\":\"https:\/\/artyplan.com\/ca\/blog\/com-colocar-un-vinil\/#article\",\"isPartOf\":{\"@id\":\"https:\/\/artyplan.com\/ca\/blog\/com-colocar-un-vinil\/\"},\"author\":{\"name\":\"Sergio Triguero\",\"@id\":\"https:\/\/artyplan.com\/ca\/#\/schema\/person\/0ef19accced432bc277b8d5248cd2cc0\"},\"headline\":\"Com instal\u00b7lar un vinil?\",\"datePublished\":\"2021-07-04T22:00:00+00:00\",\"dateModified\":\"2025-09-07T14:10:04+00:00\",\"mainEntityOfPage\":{\"@id\":\"https:\/\/artyplan.com\/ca\/blog\/com-colocar-un-vinil\/\"},\"wordCount\":710,\"publisher\":{\"@id\":\"https:\/\/artyplan.com\/ca\/#organization\"},\"image\":{\"@id\":\"https:\/\/artyplan.com\/ca\/blog\/com-colocar-un-vinil\/#primaryimage\"},\"thumbnailUrl\":\"https:\/\/artyplan.com\/wp-content\/uploads\/2025\/09\/como-colocar-un-vinilo.jpg\",\"articleSection\":[\"Sense-categoritzar\"],\"inLanguage\":\"ca\"},{\"@type\":\"WebPage\",\"@id\":\"https:\/\/artyplan.com\/ca\/blog\/com-colocar-un-vinil\/\",\"url\":\"https:\/\/artyplan.com\/ca\/blog\/com-colocar-un-vinil\/\",\"name\":\"Com instal\u00b7lar un vinil? - Artyplan\",\"isPartOf\":{\"@id\":\"https:\/\/artyplan.com\/ca\/#website\"},\"primaryImageOfPage\":{\"@id\":\"https:\/\/artyplan.com\/ca\/blog\/com-colocar-un-vinil\/#primaryimage\"},\"image\":{\"@id\":\"https:\/\/artyplan.com\/ca\/blog\/com-colocar-un-vinil\/#primaryimage\"},\"thumbnailUrl\":\"https:\/\/artyplan.com\/wp-content\/uploads\/2025\/09\/como-colocar-un-vinilo.jpg\",\"datePublished\":\"2021-07-04T22:00:00+00:00\",\"dateModified\":\"2025-09-07T14:10:04+00:00\",\"description\":\"Saps com instal\u00b7lar un vinil publicitari? T'expliquem com fer-ho, pas a pas, al seg\u00fcent article. \u00a1Pren nota!\",\"breadcrumb\":{\"@id\":\"https:\/\/artyplan.com\/ca\/blog\/com-colocar-un-vinil\/#breadcrumb\"},\"inLanguage\":\"ca\",\"potentialAction\":[{\"@type\":\"ReadAction\",\"target\":[\"https:\/\/artyplan.com\/ca\/blog\/com-colocar-un-vinil\/\"]}]},{\"@type\":\"ImageObject\",\"inLanguage\":\"ca\",\"@id\":\"https:\/\/artyplan.com\/ca\/blog\/com-colocar-un-vinil\/#primaryimage\",\"url\":\"https:\/\/artyplan.com\/wp-content\/uploads\/2025\/09\/como-colocar-un-vinilo.jpg\",\"contentUrl\":\"https:\/\/artyplan.com\/wp-content\/uploads\/2025\/09\/como-colocar-un-vinilo.jpg\",\"width\":1920,\"height\":600,\"caption\":\"com-instalar-un-vinil\"},{\"@type\":\"BreadcrumbList\",\"@id\":\"https:\/\/artyplan.com\/ca\/blog\/com-colocar-un-vinil\/#breadcrumb\",\"itemListElement\":[{\"@type\":\"ListItem\",\"position\":1,\"name\":\"Artyplan\",\"item\":\"https:\/\/artyplan.com\/ca\/\"},{\"@type\":\"ListItem\",\"position\":2,\"name\":\"Com instal\u00b7lar un vinil?\"}]},{\"@type\":\"WebSite\",\"@id\":\"https:\/\/artyplan.com\/ca\/#website\",\"url\":\"https:\/\/artyplan.com\/ca\/\",\"name\":\"Artyplan\",\"description\":\"\",\"publisher\":{\"@id\":\"https:\/\/artyplan.com\/ca\/#organization\"},\"potentialAction\":[{\"@type\":\"SearchAction\",\"target\":{\"@type\":\"EntryPoint\",\"urlTemplate\":\"https:\/\/artyplan.com\/ca\/?s={search_term_string}\"},\"query-input\":{\"@type\":\"PropertyValueSpecification\",\"valueRequired\":true,\"valueName\":\"search_term_string\"}}],\"inLanguage\":\"ca\"},{\"@type\":\"Organization\",\"@id\":\"https:\/\/artyplan.com\/ca\/#organization\",\"name\":\"Artyplan\",\"url\":\"https:\/\/artyplan.com\/ca\/\",\"logo\":{\"@type\":\"ImageObject\",\"inLanguage\":\"ca\",\"@id\":\"https:\/\/artyplan.com\/ca\/#\/schema\/logo\/image\/\",\"url\":\"https:\/\/artyplan.com\/wp-content\/uploads\/2025\/12\/Logo-artyplan-690x690-1.png\",\"contentUrl\":\"https:\/\/artyplan.com\/wp-content\/uploads\/2025\/12\/Logo-artyplan-690x690-1.png\",\"width\":690,\"height\":690,\"caption\":\"Artyplan\"},\"image\":{\"@id\":\"https:\/\/artyplan.com\/ca\/#\/schema\/logo\/image\/\"},\"sameAs\":[\"https:\/\/www.facebook.com\/artyplan\",\"https:\/\/www.instagram.com\/artyplan\/\",\"https:\/\/www.linkedin.com\/company\/artyplan\"],\"description\":\"Artyplan \u00e9s una empresa especialitzada en producci\u00f3 gr\u00e0fica i comunicaci\u00f3 visual amb 60 anys dexperi\u00e8ncia. Oferim solucions integrals d'impressi\u00f3 en gran format, PLV i retail, gesti\u00f3 d'esdeveniments i fires, disseny i fabricaci\u00f3 a mida, log\u00edstica i serveis d'instal\u00b7laci\u00f3 a tot el territori. Treballem per a marques, ag\u00e8ncies, espais comercials i institucions que necessiten un partner fiable per desenvolupar campanyes de m\u00e0rqueting, projectes de retail i accions de branding o m\u00e0rqueting. Combinem tecnologia avan\u00e7ada d\u00b4impressi\u00f3 digital, un equip expert i una gesti\u00f3 completa de projectes per garantir qualitat, agilitat i resultats a mida per a cada client. Disposem de plataformes B2B que faciliten als nostres clients la gesti\u00f3 de les comandes de materials impresos aix\u00ed com la log\u00edstica dels mateixos.\",\"email\":\"info@artyplan.com\",\"telephone\":\"+34 93 200 87 99\",\"legalName\":\"Artyplan S.L.\",\"vatID\":\"B61963229\",\"numberOfEmployees\":{\"@type\":\"QuantitativeValue\",\"minValue\":\"51\",\"maxValue\":\"200\"}},{\"@type\":\"Person\",\"@id\":\"https:\/\/artyplan.com\/ca\/#\/schema\/person\/0ef19accced432bc277b8d5248cd2cc0\",\"name\":\"Sergio Triguero\",\"image\":{\"@type\":\"ImageObject\",\"inLanguage\":\"ca\",\"@id\":\"https:\/\/artyplan.com\/ca\/#\/schema\/person\/image\/\",\"url\":\"https:\/\/secure.gravatar.com\/avatar\/c742a95811ffbc635a3d111ab446f278cce576575d14970fd5d56e17580c3f23?s=96&d=mm&r=g\",\"contentUrl\":\"https:\/\/secure.gravatar.com\/avatar\/c742a95811ffbc635a3d111ab446f278cce576575d14970fd5d56e17580c3f23?s=96&d=mm&r=g\",\"caption\":\"Sergio Triguero\"}}]}<\/script>\n<!-- \/ Yoast SEO Premium plugin. -->","yoast_head_json":{"title":"Com instal\u00b7lar un vinil? - Artyplan","description":"Saps com instal\u00b7lar un vinil publicitari? T'expliquem com fer-ho, pas a pas, al seg\u00fcent article. \u00a1Pren nota!","robots":{"index":"index","follow":"follow","max-snippet":"max-snippet:-1","max-image-preview":"max-image-preview:large","max-video-preview":"max-video-preview:-1"},"canonical":"https:\/\/artyplan.com\/ca\/blog\/com-colocar-un-vinil\/","og_locale":"ca_ES","og_type":"article","og_title":"Com instal\u00b7lar un vinil?","og_description":"Saps com instal\u00b7lar un vinil publicitari? T'expliquem com fer-ho, pas a pas, al seg\u00fcent article. \u00a1Pren nota!","og_url":"https:\/\/artyplan.com\/ca\/blog\/com-colocar-un-vinil\/","og_site_name":"Artyplan","article_publisher":"https:\/\/www.facebook.com\/artyplan","article_published_time":"2021-07-04T22:00:00+00:00","article_modified_time":"2025-09-07T14:10:04+00:00","og_image":[{"width":1920,"height":600,"url":"https:\/\/artyplan.com\/wp-content\/uploads\/2025\/09\/como-colocar-un-vinilo.jpg","type":"image\/jpeg"}],"author":"Sergio Triguero","twitter_card":"summary_large_image","twitter_misc":{"Escrit per":"Sergio Triguero","Temps estimat de lectura":"3 minuts"},"schema":{"@context":"https:\/\/schema.org","@graph":[{"@type":"Article","@id":"https:\/\/artyplan.com\/ca\/blog\/com-colocar-un-vinil\/#article","isPartOf":{"@id":"https:\/\/artyplan.com\/ca\/blog\/com-colocar-un-vinil\/"},"author":{"name":"Sergio Triguero","@id":"https:\/\/artyplan.com\/ca\/#\/schema\/person\/0ef19accced432bc277b8d5248cd2cc0"},"headline":"Com instal\u00b7lar un vinil?","datePublished":"2021-07-04T22:00:00+00:00","dateModified":"2025-09-07T14:10:04+00:00","mainEntityOfPage":{"@id":"https:\/\/artyplan.com\/ca\/blog\/com-colocar-un-vinil\/"},"wordCount":710,"publisher":{"@id":"https:\/\/artyplan.com\/ca\/#organization"},"image":{"@id":"https:\/\/artyplan.com\/ca\/blog\/com-colocar-un-vinil\/#primaryimage"},"thumbnailUrl":"https:\/\/artyplan.com\/wp-content\/uploads\/2025\/09\/como-colocar-un-vinilo.jpg","articleSection":["Sense-categoritzar"],"inLanguage":"ca"},{"@type":"WebPage","@id":"https:\/\/artyplan.com\/ca\/blog\/com-colocar-un-vinil\/","url":"https:\/\/artyplan.com\/ca\/blog\/com-colocar-un-vinil\/","name":"Com instal\u00b7lar un vinil? - Artyplan","isPartOf":{"@id":"https:\/\/artyplan.com\/ca\/#website"},"primaryImageOfPage":{"@id":"https:\/\/artyplan.com\/ca\/blog\/com-colocar-un-vinil\/#primaryimage"},"image":{"@id":"https:\/\/artyplan.com\/ca\/blog\/com-colocar-un-vinil\/#primaryimage"},"thumbnailUrl":"https:\/\/artyplan.com\/wp-content\/uploads\/2025\/09\/como-colocar-un-vinilo.jpg","datePublished":"2021-07-04T22:00:00+00:00","dateModified":"2025-09-07T14:10:04+00:00","description":"Saps com instal\u00b7lar un vinil publicitari? T'expliquem com fer-ho, pas a pas, al seg\u00fcent article. \u00a1Pren nota!","breadcrumb":{"@id":"https:\/\/artyplan.com\/ca\/blog\/com-colocar-un-vinil\/#breadcrumb"},"inLanguage":"ca","potentialAction":[{"@type":"ReadAction","target":["https:\/\/artyplan.com\/ca\/blog\/com-colocar-un-vinil\/"]}]},{"@type":"ImageObject","inLanguage":"ca","@id":"https:\/\/artyplan.com\/ca\/blog\/com-colocar-un-vinil\/#primaryimage","url":"https:\/\/artyplan.com\/wp-content\/uploads\/2025\/09\/como-colocar-un-vinilo.jpg","contentUrl":"https:\/\/artyplan.com\/wp-content\/uploads\/2025\/09\/como-colocar-un-vinilo.jpg","width":1920,"height":600,"caption":"com-instalar-un-vinil"},{"@type":"BreadcrumbList","@id":"https:\/\/artyplan.com\/ca\/blog\/com-colocar-un-vinil\/#breadcrumb","itemListElement":[{"@type":"ListItem","position":1,"name":"Artyplan","item":"https:\/\/artyplan.com\/ca\/"},{"@type":"ListItem","position":2,"name":"Com instal\u00b7lar un vinil?"}]},{"@type":"WebSite","@id":"https:\/\/artyplan.com\/ca\/#website","url":"https:\/\/artyplan.com\/ca\/","name":"Artyplan","description":"","publisher":{"@id":"https:\/\/artyplan.com\/ca\/#organization"},"potentialAction":[{"@type":"SearchAction","target":{"@type":"EntryPoint","urlTemplate":"https:\/\/artyplan.com\/ca\/?s={search_term_string}"},"query-input":{"@type":"PropertyValueSpecification","valueRequired":true,"valueName":"search_term_string"}}],"inLanguage":"ca"},{"@type":"Organization","@id":"https:\/\/artyplan.com\/ca\/#organization","name":"Artyplan","url":"https:\/\/artyplan.com\/ca\/","logo":{"@type":"ImageObject","inLanguage":"ca","@id":"https:\/\/artyplan.com\/ca\/#\/schema\/logo\/image\/","url":"https:\/\/artyplan.com\/wp-content\/uploads\/2025\/12\/Logo-artyplan-690x690-1.png","contentUrl":"https:\/\/artyplan.com\/wp-content\/uploads\/2025\/12\/Logo-artyplan-690x690-1.png","width":690,"height":690,"caption":"Artyplan"},"image":{"@id":"https:\/\/artyplan.com\/ca\/#\/schema\/logo\/image\/"},"sameAs":["https:\/\/www.facebook.com\/artyplan","https:\/\/www.instagram.com\/artyplan\/","https:\/\/www.linkedin.com\/company\/artyplan"],"description":"Artyplan \u00e9s una empresa especialitzada en producci\u00f3 gr\u00e0fica i comunicaci\u00f3 visual amb 60 anys dexperi\u00e8ncia. Oferim solucions integrals d'impressi\u00f3 en gran format, PLV i retail, gesti\u00f3 d'esdeveniments i fires, disseny i fabricaci\u00f3 a mida, log\u00edstica i serveis d'instal\u00b7laci\u00f3 a tot el territori. Treballem per a marques, ag\u00e8ncies, espais comercials i institucions que necessiten un partner fiable per desenvolupar campanyes de m\u00e0rqueting, projectes de retail i accions de branding o m\u00e0rqueting. Combinem tecnologia avan\u00e7ada d\u00b4impressi\u00f3 digital, un equip expert i una gesti\u00f3 completa de projectes per garantir qualitat, agilitat i resultats a mida per a cada client. Disposem de plataformes B2B que faciliten als nostres clients la gesti\u00f3 de les comandes de materials impresos aix\u00ed com la log\u00edstica dels mateixos.","email":"info@artyplan.com","telephone":"+34 93 200 87 99","legalName":"Artyplan S.L.","vatID":"B61963229","numberOfEmployees":{"@type":"QuantitativeValue","minValue":"51","maxValue":"200"}},{"@type":"Person","@id":"https:\/\/artyplan.com\/ca\/#\/schema\/person\/0ef19accced432bc277b8d5248cd2cc0","name":"Sergio Triguero","image":{"@type":"ImageObject","inLanguage":"ca","@id":"https:\/\/artyplan.com\/ca\/#\/schema\/person\/image\/","url":"https:\/\/secure.gravatar.com\/avatar\/c742a95811ffbc635a3d111ab446f278cce576575d14970fd5d56e17580c3f23?s=96&d=mm&r=g","contentUrl":"https:\/\/secure.gravatar.com\/avatar\/c742a95811ffbc635a3d111ab446f278cce576575d14970fd5d56e17580c3f23?s=96&d=mm&r=g","caption":"Sergio Triguero"}}]}},"_links":{"self":[{"href":"https:\/\/artyplan.com\/ca\/wp-json\/wp\/v2\/posts\/5168","targetHints":{"allow":["GET"]}}],"collection":[{"href":"https:\/\/artyplan.com\/ca\/wp-json\/wp\/v2\/posts"}],"about":[{"href":"https:\/\/artyplan.com\/ca\/wp-json\/wp\/v2\/types\/post"}],"author":[{"embeddable":true,"href":"https:\/\/artyplan.com\/ca\/wp-json\/wp\/v2\/users\/3"}],"replies":[{"embeddable":true,"href":"https:\/\/artyplan.com\/ca\/wp-json\/wp\/v2\/comments?post=5168"}],"version-history":[{"count":1,"href":"https:\/\/artyplan.com\/ca\/wp-json\/wp\/v2\/posts\/5168\/revisions"}],"predecessor-version":[{"id":6298,"href":"https:\/\/artyplan.com\/ca\/wp-json\/wp\/v2\/posts\/5168\/revisions\/6298"}],"wp:featuredmedia":[{"embeddable":true,"href":"https:\/\/artyplan.com\/ca\/wp-json\/wp\/v2\/media\/5167"}],"wp:attachment":[{"href":"https:\/\/artyplan.com\/ca\/wp-json\/wp\/v2\/media?parent=5168"}],"wp:term":[{"taxonomy":"category","embeddable":true,"href":"https:\/\/artyplan.com\/ca\/wp-json\/wp\/v2\/categories?post=5168"},{"taxonomy":"post_tag","embeddable":true,"href":"https:\/\/artyplan.com\/ca\/wp-json\/wp\/v2\/tags?post=5168"}],"curies":[{"name":"wp","href":"https:\/\/api.w.org\/{rel}","templated":true}]}}