{"id":5177,"date":"2021-07-27T00:00:00","date_gmt":"2021-07-26T22:00:00","guid":{"rendered":"https:\/\/preweb.artyplan.com\/sin-categorizar\/digitalitzacio-arxius-audiovisuals-fotografics\/"},"modified":"2025-09-07T16:10:05","modified_gmt":"2025-09-07T14:10:05","slug":"digitalitzacio-arxius-audiovisuals-fotografics","status":"publish","type":"post","link":"https:\/\/artyplan.com\/ca\/blog\/digitalitzacio-arxius-audiovisuals-fotografics\/","title":{"rendered":"Digitalitzaci\u00f3 dels arxius audiovisuals i fotogr\u00e0fics"},"content":{"rendered":"<p>El proc\u00e9s de producci\u00f3 i emissi\u00f3 ve de la m\u00e0 de l&#8217;evoluci\u00f3 tecnol\u00f2gica, de les millores de les telecomunicacions, i d&#8217;una necess\u00e0ria evoluci\u00f3 cap a un m\u00f3n connectat en xarxa.<\/p>\n<p>Les tend\u00e8ncies digitals han fet necessari la digitalitzaci\u00f3 en els departaments de documentaci\u00f3, aquest proc\u00e9s a vegades ha sigut un avantatge, ja que ha donat soluci\u00f3 a alguns problemes que els mitjans han carretejat al llarg de la hist\u00f2ria.<\/p>\n<p>A continuaci\u00f3, s&#8217;exposa breument els motius pels quals pot ser necess\u00e0ria la digitalitzaci\u00f3 d&#8217;arxius audiovisuals.<\/p>\n<ol>\n<li><strong>Major facilitat de conservaci\u00f3 de les col\u00b7leccions<\/strong>. Perque la preservaci\u00f3 de les col\u00b7leccions audiovisuals compta amb un alt cost derivat de la necessitat de controlar instal\u00b7lacions, ubicaci\u00f3, temperatura, etc., sent necessari el manteniment de les condicions en grans espais f\u00edsics.<\/li>\n<li><strong>Facilita la difusi\u00f3 i la socialitzaci\u00f3 dels continguts<\/strong>. Amb el material digitalitzat ser\u00e0 m\u00e9s f\u00e0cil poder difondre&#8217;l per les noves plataformes audiovisuals digitals.<\/li>\n<li><strong>Nous n\u00ednxols de mercat<\/strong>. Si es digitalitza els continguts poden obrir nous n\u00ednxols de mercat dirigits, especialment, als natius digitals.<\/li>\n<li><strong>Amortitzaci\u00f3 de les col\u00b7leccions<\/strong>. La possibilitat real de la difusi\u00f3 de continguts per vies digitalitzades a la xarxa, est\u00e0 la necessitat d&#8217;amortitzar la col\u00b7lecci\u00f3.<\/li>\n<\/ol>\n<h2>Proc\u00e9s de digitalitzaci\u00f3 audiovisual<\/h2>\n<p>Tant el proc\u00e9s de digitalitzaci\u00f3 com la preservaci\u00f3 digital consten d&#8217;una s\u00e8rie de passos que s&#8217;hauran de planificar amb cura perqu\u00e8 el proc\u00e9s sigui el m\u00e9s eficient possible.<\/p>\n<p>A l&#8217;hora de dissenyar un pla de digitalitzaci\u00f3 i preservaci\u00f3 s&#8217;ha de tenir en compte una s\u00e8rie de factors que afecten l&#8217;efici\u00e8ncia d&#8217;aquest projecte, al pressupost i a la viabilitat d&#8217;aquest.<\/p>\n<p>El factor temps \u00e9s crucial, ja que, es desconeix la durabilitat dels suports a digitalitzar. Per aix\u00f2, s&#8217;haur\u00e0 d&#8217;elaborar una an\u00e0lisi tecnol\u00f2gica de la situaci\u00f3 actual:<\/p>\n<ul>\n<li>La potencial obsolesc\u00e8ncia del hardware i el software utilitzats.<\/li>\n<li>La freq\u00fc\u00e8ncia amb les que s&#8217;ha de dur a terme les accions de copiatge o migracions.<\/li>\n<li>Quant temps es tardar\u00e0 a realitzar-lo.<\/li>\n<\/ul>\n<h2><strong>La import\u00e0ncia del patrimoni audiovisual<\/strong><\/h2>\n<p>La digitalitzaci\u00f3 del patrimoni audiovisual permet:<\/p>\n<ul>\n<li>La preservaci\u00f3 dels arxius que combinen imatge i so.<\/li>\n<li>El valor de la utilitzaci\u00f3 dels arxius com potents actius culturals.<\/li>\n<\/ul>\n<p>Aix\u00ed i tot, existeixen col\u00b7leccions i arxius fotogr\u00e0fics i audiovisuals que encara no s&#8217;han convertit a nous formats digitals des dels seus suports originals.<\/p>\n<p>Els arxius audiovisuals en suports obsolets poden tenir una segona vida. Per aix\u00f2, \u00e9s necessari realitzar una digitalitzaci\u00f3 d&#8217;alta qualitat que segueixi les recomanacions internacionals segons el tipus de material, i posar en marxa mesures de preservaci\u00f3 digital que garanteixin la perdurabilitat del nou format digital d&#8217;aquests arxius.<\/p>\n<p>D&#8217;aquesta forma permetrem que les futures generacions tinguin un major coneixement del seu passat.<\/p>\n<h2>Artyplan document el teu \u00a0partner de digitalitzaci\u00f3 audiovisual<\/h2>\n<p>En el departament d&#8217;<a href=\"http:\/\/artyplan.com\/ca\/serveis\/digitalitzacio-i-gestio-documental\/\" target=\"_blank\" rel=\"noopener\">Artyplan\u00a0document<\/a> els nostres assessors experts en digitalitzaci\u00f3 valoraran el teu projecte i et donaran la soluci\u00f3 m\u00e9s eficient i viable per digitalitzar els teus arxius audiovisuals i fotogr\u00e0fics.<\/p>\n","protected":false},"excerpt":{"rendered":"<p>El proc\u00e9s de producci\u00f3 i emissi\u00f3 ve de la m\u00e0 de l&#8217;evoluci\u00f3 tecnol\u00f2gica, de les millores de les telecomunicacions, i d&#8217;una necess\u00e0ria evoluci\u00f3 cap a un m\u00f3n connectat en xarxa. Les tend\u00e8ncies digitals han fet necessari la digitalitzaci\u00f3 en els departaments de documentaci\u00f3, aquest proc\u00e9s a vegades ha sigut un avantatge, ja que ha donat [&hellip;]<\/p>\n","protected":false},"author":3,"featured_media":5176,"comment_status":"closed","ping_status":"closed","sticky":false,"template":"","format":"standard","meta":{"footnotes":""},"categories":[1],"tags":[],"class_list":["post-5177","post","type-post","status-publish","format-standard","has-post-thumbnail","hentry","category-sense-categoritzar"],"yoast_head":"<!-- This site is optimized with the Yoast SEO Premium plugin v26.5 (Yoast SEO v26.5) - https:\/\/yoast.com\/wordpress\/plugins\/seo\/ -->\n<title>Digitalitzaci\u00f3 dels arxius audiovisuals i fotogr\u00e0fics | Artyplan<\/title>\n<meta name=\"description\" content=\"Digitalitzaci\u00f3 d&#039;arxius audiovisuals. T&#039;expliquem la import\u00e0ncia de la digitalitzaci\u00f3 d&#039;arxius audiovisuals.\" \/>\n<meta name=\"robots\" content=\"index, follow, max-snippet:-1, max-image-preview:large, max-video-preview:-1\" \/>\n<link rel=\"canonical\" href=\"https:\/\/artyplan.com\/ca\/blog\/digitalitzacio-arxius-audiovisuals-fotografics\/\" \/>\n<meta property=\"og:locale\" content=\"ca_ES\" \/>\n<meta property=\"og:type\" content=\"article\" \/>\n<meta property=\"og:title\" content=\"Digitalitzaci\u00f3 dels arxius audiovisuals i fotogr\u00e0fics\" \/>\n<meta property=\"og:description\" content=\"Digitalitzaci\u00f3 d&#039;arxius audiovisuals. T&#039;expliquem la import\u00e0ncia de la digitalitzaci\u00f3 d&#039;arxius audiovisuals.\" \/>\n<meta property=\"og:url\" content=\"https:\/\/artyplan.com\/ca\/blog\/digitalitzacio-arxius-audiovisuals-fotografics\/\" \/>\n<meta property=\"og:site_name\" content=\"Artyplan\" \/>\n<meta property=\"article:publisher\" content=\"https:\/\/www.facebook.com\/artyplan\" \/>\n<meta property=\"article:published_time\" content=\"2021-07-26T22:00:00+00:00\" \/>\n<meta property=\"article:modified_time\" content=\"2025-09-07T14:10:05+00:00\" \/>\n<meta property=\"og:image\" content=\"https:\/\/artyplan.com\/wp-content\/uploads\/2025\/09\/digitalizacion-audiovisual.jpg\" \/>\n\t<meta property=\"og:image:width\" content=\"1920\" \/>\n\t<meta property=\"og:image:height\" content=\"600\" \/>\n\t<meta property=\"og:image:type\" content=\"image\/jpeg\" \/>\n<meta name=\"author\" content=\"Sergio Triguero\" \/>\n<meta name=\"twitter:card\" content=\"summary_large_image\" \/>\n<meta name=\"twitter:label1\" content=\"Escrit per\" \/>\n\t<meta name=\"twitter:data1\" content=\"Sergio Triguero\" \/>\n\t<meta name=\"twitter:label2\" content=\"Temps estimat de lectura\" \/>\n\t<meta name=\"twitter:data2\" content=\"3 minuts\" \/>\n<script type=\"application\/ld+json\" class=\"yoast-schema-graph\">{\"@context\":\"https:\/\/schema.org\",\"@graph\":[{\"@type\":\"Article\",\"@id\":\"https:\/\/artyplan.com\/ca\/blog\/digitalitzacio-arxius-audiovisuals-fotografics\/#article\",\"isPartOf\":{\"@id\":\"https:\/\/artyplan.com\/ca\/blog\/digitalitzacio-arxius-audiovisuals-fotografics\/\"},\"author\":{\"name\":\"Sergio Triguero\",\"@id\":\"https:\/\/artyplan.com\/ca\/#\/schema\/person\/0ef19accced432bc277b8d5248cd2cc0\"},\"headline\":\"Digitalitzaci\u00f3 dels arxius audiovisuals i fotogr\u00e0fics\",\"datePublished\":\"2021-07-26T22:00:00+00:00\",\"dateModified\":\"2025-09-07T14:10:05+00:00\",\"mainEntityOfPage\":{\"@id\":\"https:\/\/artyplan.com\/ca\/blog\/digitalitzacio-arxius-audiovisuals-fotografics\/\"},\"wordCount\":530,\"publisher\":{\"@id\":\"https:\/\/artyplan.com\/ca\/#organization\"},\"image\":{\"@id\":\"https:\/\/artyplan.com\/ca\/blog\/digitalitzacio-arxius-audiovisuals-fotografics\/#primaryimage\"},\"thumbnailUrl\":\"https:\/\/artyplan.com\/wp-content\/uploads\/2025\/09\/digitalizacion-audiovisual.jpg\",\"articleSection\":[\"Sense-categoritzar\"],\"inLanguage\":\"ca\"},{\"@type\":\"WebPage\",\"@id\":\"https:\/\/artyplan.com\/ca\/blog\/digitalitzacio-arxius-audiovisuals-fotografics\/\",\"url\":\"https:\/\/artyplan.com\/ca\/blog\/digitalitzacio-arxius-audiovisuals-fotografics\/\",\"name\":\"Digitalitzaci\u00f3 dels arxius audiovisuals i fotogr\u00e0fics | Artyplan\",\"isPartOf\":{\"@id\":\"https:\/\/artyplan.com\/ca\/#website\"},\"primaryImageOfPage\":{\"@id\":\"https:\/\/artyplan.com\/ca\/blog\/digitalitzacio-arxius-audiovisuals-fotografics\/#primaryimage\"},\"image\":{\"@id\":\"https:\/\/artyplan.com\/ca\/blog\/digitalitzacio-arxius-audiovisuals-fotografics\/#primaryimage\"},\"thumbnailUrl\":\"https:\/\/artyplan.com\/wp-content\/uploads\/2025\/09\/digitalizacion-audiovisual.jpg\",\"datePublished\":\"2021-07-26T22:00:00+00:00\",\"dateModified\":\"2025-09-07T14:10:05+00:00\",\"description\":\"Digitalitzaci\u00f3 d'arxius audiovisuals. T'expliquem la import\u00e0ncia de la digitalitzaci\u00f3 d'arxius audiovisuals.\",\"breadcrumb\":{\"@id\":\"https:\/\/artyplan.com\/ca\/blog\/digitalitzacio-arxius-audiovisuals-fotografics\/#breadcrumb\"},\"inLanguage\":\"ca\",\"potentialAction\":[{\"@type\":\"ReadAction\",\"target\":[\"https:\/\/artyplan.com\/ca\/blog\/digitalitzacio-arxius-audiovisuals-fotografics\/\"]}]},{\"@type\":\"ImageObject\",\"inLanguage\":\"ca\",\"@id\":\"https:\/\/artyplan.com\/ca\/blog\/digitalitzacio-arxius-audiovisuals-fotografics\/#primaryimage\",\"url\":\"https:\/\/artyplan.com\/wp-content\/uploads\/2025\/09\/digitalizacion-audiovisual.jpg\",\"contentUrl\":\"https:\/\/artyplan.com\/wp-content\/uploads\/2025\/09\/digitalizacion-audiovisual.jpg\",\"width\":1920,\"height\":600,\"caption\":\"digitalitzaci\u00f3-audiovisual\"},{\"@type\":\"BreadcrumbList\",\"@id\":\"https:\/\/artyplan.com\/ca\/blog\/digitalitzacio-arxius-audiovisuals-fotografics\/#breadcrumb\",\"itemListElement\":[{\"@type\":\"ListItem\",\"position\":1,\"name\":\"Artyplan\",\"item\":\"https:\/\/artyplan.com\/ca\/\"},{\"@type\":\"ListItem\",\"position\":2,\"name\":\"Digitalitzaci\u00f3 dels arxius audiovisuals i fotogr\u00e0fics\"}]},{\"@type\":\"WebSite\",\"@id\":\"https:\/\/artyplan.com\/ca\/#website\",\"url\":\"https:\/\/artyplan.com\/ca\/\",\"name\":\"Artyplan\",\"description\":\"\",\"publisher\":{\"@id\":\"https:\/\/artyplan.com\/ca\/#organization\"},\"potentialAction\":[{\"@type\":\"SearchAction\",\"target\":{\"@type\":\"EntryPoint\",\"urlTemplate\":\"https:\/\/artyplan.com\/ca\/?s={search_term_string}\"},\"query-input\":{\"@type\":\"PropertyValueSpecification\",\"valueRequired\":true,\"valueName\":\"search_term_string\"}}],\"inLanguage\":\"ca\"},{\"@type\":\"Organization\",\"@id\":\"https:\/\/artyplan.com\/ca\/#organization\",\"name\":\"Artyplan\",\"url\":\"https:\/\/artyplan.com\/ca\/\",\"logo\":{\"@type\":\"ImageObject\",\"inLanguage\":\"ca\",\"@id\":\"https:\/\/artyplan.com\/ca\/#\/schema\/logo\/image\/\",\"url\":\"https:\/\/artyplan.com\/wp-content\/uploads\/2025\/12\/Logo-artyplan-690x690-1.png\",\"contentUrl\":\"https:\/\/artyplan.com\/wp-content\/uploads\/2025\/12\/Logo-artyplan-690x690-1.png\",\"width\":690,\"height\":690,\"caption\":\"Artyplan\"},\"image\":{\"@id\":\"https:\/\/artyplan.com\/ca\/#\/schema\/logo\/image\/\"},\"sameAs\":[\"https:\/\/www.facebook.com\/artyplan\",\"https:\/\/www.instagram.com\/artyplan\/\",\"https:\/\/www.linkedin.com\/company\/artyplan\"],\"description\":\"Artyplan \u00e9s una empresa especialitzada en producci\u00f3 gr\u00e0fica i comunicaci\u00f3 visual amb 60 anys dexperi\u00e8ncia. Oferim solucions integrals d'impressi\u00f3 en gran format, PLV i retail, gesti\u00f3 d'esdeveniments i fires, disseny i fabricaci\u00f3 a mida, log\u00edstica i serveis d'instal\u00b7laci\u00f3 a tot el territori. Treballem per a marques, ag\u00e8ncies, espais comercials i institucions que necessiten un partner fiable per desenvolupar campanyes de m\u00e0rqueting, projectes de retail i accions de branding o m\u00e0rqueting. Combinem tecnologia avan\u00e7ada d\u00b4impressi\u00f3 digital, un equip expert i una gesti\u00f3 completa de projectes per garantir qualitat, agilitat i resultats a mida per a cada client. Disposem de plataformes B2B que faciliten als nostres clients la gesti\u00f3 de les comandes de materials impresos aix\u00ed com la log\u00edstica dels mateixos.\",\"email\":\"info@artyplan.com\",\"telephone\":\"+34 93 200 87 99\",\"legalName\":\"Artyplan S.L.\",\"vatID\":\"B61963229\",\"numberOfEmployees\":{\"@type\":\"QuantitativeValue\",\"minValue\":\"51\",\"maxValue\":\"200\"}},{\"@type\":\"Person\",\"@id\":\"https:\/\/artyplan.com\/ca\/#\/schema\/person\/0ef19accced432bc277b8d5248cd2cc0\",\"name\":\"Sergio Triguero\",\"image\":{\"@type\":\"ImageObject\",\"inLanguage\":\"ca\",\"@id\":\"https:\/\/artyplan.com\/ca\/#\/schema\/person\/image\/\",\"url\":\"https:\/\/secure.gravatar.com\/avatar\/c742a95811ffbc635a3d111ab446f278cce576575d14970fd5d56e17580c3f23?s=96&d=mm&r=g\",\"contentUrl\":\"https:\/\/secure.gravatar.com\/avatar\/c742a95811ffbc635a3d111ab446f278cce576575d14970fd5d56e17580c3f23?s=96&d=mm&r=g\",\"caption\":\"Sergio Triguero\"}}]}<\/script>\n<!-- \/ Yoast SEO Premium plugin. -->","yoast_head_json":{"title":"Digitalitzaci\u00f3 dels arxius audiovisuals i fotogr\u00e0fics | Artyplan","description":"Digitalitzaci\u00f3 d'arxius audiovisuals. T'expliquem la import\u00e0ncia de la digitalitzaci\u00f3 d'arxius audiovisuals.","robots":{"index":"index","follow":"follow","max-snippet":"max-snippet:-1","max-image-preview":"max-image-preview:large","max-video-preview":"max-video-preview:-1"},"canonical":"https:\/\/artyplan.com\/ca\/blog\/digitalitzacio-arxius-audiovisuals-fotografics\/","og_locale":"ca_ES","og_type":"article","og_title":"Digitalitzaci\u00f3 dels arxius audiovisuals i fotogr\u00e0fics","og_description":"Digitalitzaci\u00f3 d'arxius audiovisuals. T'expliquem la import\u00e0ncia de la digitalitzaci\u00f3 d'arxius audiovisuals.","og_url":"https:\/\/artyplan.com\/ca\/blog\/digitalitzacio-arxius-audiovisuals-fotografics\/","og_site_name":"Artyplan","article_publisher":"https:\/\/www.facebook.com\/artyplan","article_published_time":"2021-07-26T22:00:00+00:00","article_modified_time":"2025-09-07T14:10:05+00:00","og_image":[{"width":1920,"height":600,"url":"https:\/\/artyplan.com\/wp-content\/uploads\/2025\/09\/digitalizacion-audiovisual.jpg","type":"image\/jpeg"}],"author":"Sergio Triguero","twitter_card":"summary_large_image","twitter_misc":{"Escrit per":"Sergio Triguero","Temps estimat de lectura":"3 minuts"},"schema":{"@context":"https:\/\/schema.org","@graph":[{"@type":"Article","@id":"https:\/\/artyplan.com\/ca\/blog\/digitalitzacio-arxius-audiovisuals-fotografics\/#article","isPartOf":{"@id":"https:\/\/artyplan.com\/ca\/blog\/digitalitzacio-arxius-audiovisuals-fotografics\/"},"author":{"name":"Sergio Triguero","@id":"https:\/\/artyplan.com\/ca\/#\/schema\/person\/0ef19accced432bc277b8d5248cd2cc0"},"headline":"Digitalitzaci\u00f3 dels arxius audiovisuals i fotogr\u00e0fics","datePublished":"2021-07-26T22:00:00+00:00","dateModified":"2025-09-07T14:10:05+00:00","mainEntityOfPage":{"@id":"https:\/\/artyplan.com\/ca\/blog\/digitalitzacio-arxius-audiovisuals-fotografics\/"},"wordCount":530,"publisher":{"@id":"https:\/\/artyplan.com\/ca\/#organization"},"image":{"@id":"https:\/\/artyplan.com\/ca\/blog\/digitalitzacio-arxius-audiovisuals-fotografics\/#primaryimage"},"thumbnailUrl":"https:\/\/artyplan.com\/wp-content\/uploads\/2025\/09\/digitalizacion-audiovisual.jpg","articleSection":["Sense-categoritzar"],"inLanguage":"ca"},{"@type":"WebPage","@id":"https:\/\/artyplan.com\/ca\/blog\/digitalitzacio-arxius-audiovisuals-fotografics\/","url":"https:\/\/artyplan.com\/ca\/blog\/digitalitzacio-arxius-audiovisuals-fotografics\/","name":"Digitalitzaci\u00f3 dels arxius audiovisuals i fotogr\u00e0fics | Artyplan","isPartOf":{"@id":"https:\/\/artyplan.com\/ca\/#website"},"primaryImageOfPage":{"@id":"https:\/\/artyplan.com\/ca\/blog\/digitalitzacio-arxius-audiovisuals-fotografics\/#primaryimage"},"image":{"@id":"https:\/\/artyplan.com\/ca\/blog\/digitalitzacio-arxius-audiovisuals-fotografics\/#primaryimage"},"thumbnailUrl":"https:\/\/artyplan.com\/wp-content\/uploads\/2025\/09\/digitalizacion-audiovisual.jpg","datePublished":"2021-07-26T22:00:00+00:00","dateModified":"2025-09-07T14:10:05+00:00","description":"Digitalitzaci\u00f3 d'arxius audiovisuals. T'expliquem la import\u00e0ncia de la digitalitzaci\u00f3 d'arxius audiovisuals.","breadcrumb":{"@id":"https:\/\/artyplan.com\/ca\/blog\/digitalitzacio-arxius-audiovisuals-fotografics\/#breadcrumb"},"inLanguage":"ca","potentialAction":[{"@type":"ReadAction","target":["https:\/\/artyplan.com\/ca\/blog\/digitalitzacio-arxius-audiovisuals-fotografics\/"]}]},{"@type":"ImageObject","inLanguage":"ca","@id":"https:\/\/artyplan.com\/ca\/blog\/digitalitzacio-arxius-audiovisuals-fotografics\/#primaryimage","url":"https:\/\/artyplan.com\/wp-content\/uploads\/2025\/09\/digitalizacion-audiovisual.jpg","contentUrl":"https:\/\/artyplan.com\/wp-content\/uploads\/2025\/09\/digitalizacion-audiovisual.jpg","width":1920,"height":600,"caption":"digitalitzaci\u00f3-audiovisual"},{"@type":"BreadcrumbList","@id":"https:\/\/artyplan.com\/ca\/blog\/digitalitzacio-arxius-audiovisuals-fotografics\/#breadcrumb","itemListElement":[{"@type":"ListItem","position":1,"name":"Artyplan","item":"https:\/\/artyplan.com\/ca\/"},{"@type":"ListItem","position":2,"name":"Digitalitzaci\u00f3 dels arxius audiovisuals i fotogr\u00e0fics"}]},{"@type":"WebSite","@id":"https:\/\/artyplan.com\/ca\/#website","url":"https:\/\/artyplan.com\/ca\/","name":"Artyplan","description":"","publisher":{"@id":"https:\/\/artyplan.com\/ca\/#organization"},"potentialAction":[{"@type":"SearchAction","target":{"@type":"EntryPoint","urlTemplate":"https:\/\/artyplan.com\/ca\/?s={search_term_string}"},"query-input":{"@type":"PropertyValueSpecification","valueRequired":true,"valueName":"search_term_string"}}],"inLanguage":"ca"},{"@type":"Organization","@id":"https:\/\/artyplan.com\/ca\/#organization","name":"Artyplan","url":"https:\/\/artyplan.com\/ca\/","logo":{"@type":"ImageObject","inLanguage":"ca","@id":"https:\/\/artyplan.com\/ca\/#\/schema\/logo\/image\/","url":"https:\/\/artyplan.com\/wp-content\/uploads\/2025\/12\/Logo-artyplan-690x690-1.png","contentUrl":"https:\/\/artyplan.com\/wp-content\/uploads\/2025\/12\/Logo-artyplan-690x690-1.png","width":690,"height":690,"caption":"Artyplan"},"image":{"@id":"https:\/\/artyplan.com\/ca\/#\/schema\/logo\/image\/"},"sameAs":["https:\/\/www.facebook.com\/artyplan","https:\/\/www.instagram.com\/artyplan\/","https:\/\/www.linkedin.com\/company\/artyplan"],"description":"Artyplan \u00e9s una empresa especialitzada en producci\u00f3 gr\u00e0fica i comunicaci\u00f3 visual amb 60 anys dexperi\u00e8ncia. Oferim solucions integrals d'impressi\u00f3 en gran format, PLV i retail, gesti\u00f3 d'esdeveniments i fires, disseny i fabricaci\u00f3 a mida, log\u00edstica i serveis d'instal\u00b7laci\u00f3 a tot el territori. Treballem per a marques, ag\u00e8ncies, espais comercials i institucions que necessiten un partner fiable per desenvolupar campanyes de m\u00e0rqueting, projectes de retail i accions de branding o m\u00e0rqueting. Combinem tecnologia avan\u00e7ada d\u00b4impressi\u00f3 digital, un equip expert i una gesti\u00f3 completa de projectes per garantir qualitat, agilitat i resultats a mida per a cada client. Disposem de plataformes B2B que faciliten als nostres clients la gesti\u00f3 de les comandes de materials impresos aix\u00ed com la log\u00edstica dels mateixos.","email":"info@artyplan.com","telephone":"+34 93 200 87 99","legalName":"Artyplan S.L.","vatID":"B61963229","numberOfEmployees":{"@type":"QuantitativeValue","minValue":"51","maxValue":"200"}},{"@type":"Person","@id":"https:\/\/artyplan.com\/ca\/#\/schema\/person\/0ef19accced432bc277b8d5248cd2cc0","name":"Sergio Triguero","image":{"@type":"ImageObject","inLanguage":"ca","@id":"https:\/\/artyplan.com\/ca\/#\/schema\/person\/image\/","url":"https:\/\/secure.gravatar.com\/avatar\/c742a95811ffbc635a3d111ab446f278cce576575d14970fd5d56e17580c3f23?s=96&d=mm&r=g","contentUrl":"https:\/\/secure.gravatar.com\/avatar\/c742a95811ffbc635a3d111ab446f278cce576575d14970fd5d56e17580c3f23?s=96&d=mm&r=g","caption":"Sergio Triguero"}}]}},"_links":{"self":[{"href":"https:\/\/artyplan.com\/ca\/wp-json\/wp\/v2\/posts\/5177","targetHints":{"allow":["GET"]}}],"collection":[{"href":"https:\/\/artyplan.com\/ca\/wp-json\/wp\/v2\/posts"}],"about":[{"href":"https:\/\/artyplan.com\/ca\/wp-json\/wp\/v2\/types\/post"}],"author":[{"embeddable":true,"href":"https:\/\/artyplan.com\/ca\/wp-json\/wp\/v2\/users\/3"}],"replies":[{"embeddable":true,"href":"https:\/\/artyplan.com\/ca\/wp-json\/wp\/v2\/comments?post=5177"}],"version-history":[{"count":1,"href":"https:\/\/artyplan.com\/ca\/wp-json\/wp\/v2\/posts\/5177\/revisions"}],"predecessor-version":[{"id":6304,"href":"https:\/\/artyplan.com\/ca\/wp-json\/wp\/v2\/posts\/5177\/revisions\/6304"}],"wp:featuredmedia":[{"embeddable":true,"href":"https:\/\/artyplan.com\/ca\/wp-json\/wp\/v2\/media\/5176"}],"wp:attachment":[{"href":"https:\/\/artyplan.com\/ca\/wp-json\/wp\/v2\/media?parent=5177"}],"wp:term":[{"taxonomy":"category","embeddable":true,"href":"https:\/\/artyplan.com\/ca\/wp-json\/wp\/v2\/categories?post=5177"},{"taxonomy":"post_tag","embeddable":true,"href":"https:\/\/artyplan.com\/ca\/wp-json\/wp\/v2\/tags?post=5177"}],"curies":[{"name":"wp","href":"https:\/\/api.w.org\/{rel}","templated":true}]}}