{"id":5180,"date":"2021-08-02T00:00:00","date_gmt":"2021-08-01T22:00:00","guid":{"rendered":"https:\/\/preweb.artyplan.com\/sin-categorizar\/fulletons-ecologics-i-sostenibles\/"},"modified":"2025-09-07T16:10:06","modified_gmt":"2025-09-07T14:10:06","slug":"fulletons-ecologics-i-sostenibles","status":"publish","type":"post","link":"https:\/\/artyplan.com\/ca\/blog\/fulletons-ecologics-i-sostenibles\/","title":{"rendered":"Fulletons, un mitj\u00e0 promocional, ecol\u00f2gics i sostenibles"},"content":{"rendered":"<p>Avui en dia en els departaments de <strong>m\u00e0rqueting<\/strong>\u00a0i comunicaci\u00f3 es realitzen fulletons, aconsellem que siguin ecol\u00f2gics i sostenibles, com un instrument de <strong>\u00a0promoci\u00f3 i publicitat<\/strong>, i aix\u00ed donar a con\u00e8ixer al p\u00fablic les campanyes, promocions, productes o serveis que ofereix la companyia.<\/p>\n<p>En un m\u00f3n cada cop m\u00e9s conscienciat, utilitzar fulletons ecol\u00f2gics i sostenible permet a les empreses donar a con\u00e8ixer els seus productes o serveis sent a la vegada, respectuosos amb el medi ambient.<\/p>\n<h2><strong>Qu\u00e8 \u00e9s un fullet\u00f3?<\/strong><\/h2>\n<p>Un\u00a0<strong>fullet\u00f3 <\/strong>\u00e9s un <strong>impr\u00e8s de poques fulles que amb una finalitat divulgativa o publicit\u00e0ria. <\/strong>Generalment, els fulletons s\u00f3n entregats a m\u00e0 a la via p\u00fablica amb informaci\u00f3 d\u2019inter\u00e8s sobre restaurants, bars, llocs tur\u00edstics o similars. Tamb\u00e9 s\u00f3n utilitzats amb la mateixa finalitat quan es deixen a diferents comer\u00e7os perqu\u00e8, qui els visiti, pugui agafar el fullet\u00f3 que m\u00e9s l\u2019interessi.<\/p>\n<p>La informaci\u00f3 que es divulga en els fulletons no es correspon amb temes espec\u00edfics, sin\u00f3 que el que <strong>es busca \u00e9s que el p\u00fablic en general pugui comprendre el que es llegeix<\/strong>. El text ha de ser conc\u00eds i clar, ha de mostrar r\u00e0pidament la seva intenci\u00f3 amb paraules claus i, complementar la informaci\u00f3 amb imatges.<\/p>\n<h2><strong>Tipus de fulletons<\/strong><\/h2>\n<p>Els fulletons poden presentar diferents formats, segons la intenci\u00f3 i el missatge que es vulgui comunicar.<\/p>\n<ul>\n<li><strong>Volant o\u00a0<em>flyer<\/em>:<\/strong>\u00a0\u00e9s un fullet\u00f3 breu, en format quartilla (meitat d\u2019un foli), que promou i s\u2019informa sobre determinat producte o servei. Cont\u00e9 la informaci\u00f3 b\u00e0sica perqu\u00e8 el potencial client pugui comprar o accedir al producte o servei que s\u2019ofereix.<\/li>\n<li><strong>D\u00edptic:<\/strong>\u00a0fullet\u00f3 que consta d\u2019una quartilla, impresa per davant i darrere, i doblat per la meitat. S\u2019utilitza per comunicar informaci\u00f3 b\u00e0sica sobre un producte, servei, empresa o esdeveniment i \u00e9s m\u00e9s elaborat que el <em>flyer<\/em>.<\/li>\n<li><strong>Tr\u00edptic:<\/strong>\u00a0\u00e9s un fullet\u00f3 de la mida d\u2019una quartilla doblat en tres parts i impr\u00e8s a ambdues cares, presenta informaci\u00f3 relativa sobre productes, serveis, companyies o esdeveniments.<\/li>\n<li><strong>Encartament:\u00a0<\/strong>\u00e9s un fullet\u00f3 de m\u00e9s fulles, constitu\u00eft com una revista. Com que t\u00e9 un major espai, \u00e9s el tipus de fullet\u00f3 que cont\u00e9 m\u00e9s informaci\u00f3 sobre els productes i serveis.<\/li>\n<\/ul>\n<h2><strong>Impressi\u00f3 de fulletons ecol\u00f2gics<\/strong><\/h2>\n<p>La impressi\u00f3 de fulletons ecol\u00f2gics pot donar un valor extra a tu marca o empresa. I aix\u00ed, demostrar que l\u2019empresa est\u00e0 conscienciada amb el medi ambient.<\/p>\n<p>Els fulletons poden estar impresos amb:<\/p>\n<ul>\n<li><strong>Material reciclat<\/strong>, suports els quals se li est\u00e0 donant una altra vida \u00fatil.<\/li>\n<li><strong>Material reciclable,\u00a0<\/strong>utilitzar suports que es poden utilitzar de nou despr\u00e9s del seu \u00fas principal.<\/li>\n<li><strong>Tintes l\u00e0tex,\u00a0<\/strong>s\u00f3n tintes basades en aigua, que ofereixen molts dels avantatges de les tintes solvents, s\u00f3n eco-amigables i a en assecar-se no generen olors ni residus t\u00f2xics.<\/li>\n<\/ul>\n<p>A m\u00e9s a m\u00e9s, la\u00a0<u><a href=\"http:\/\/artyplan.com\/ca\/noticies\/la-impressio-digital-i-la-impressio-ofset\/\" target=\"_blank\" rel=\"noopener\">impressi\u00f3 digital<\/a><\/u>, permet realitzar les impressions necess\u00e0ries, ja que no est\u00e0 subjecta a una tirada m\u00ednima per poder imprimir, per tant, no genera ni estoc innecessari ni material promocional que no utilitzar\u00e0s. Un altre tret caracter\u00edstic i sostenible \u00e9s el fet de poder personalitzar cada model d&#8217;impressi\u00f3.<\/p>\n<h2><strong>\u00a0Artyplan el teu col\u00b7laborador d\u2019impressi\u00f3 digital sostenible\u00a0<\/strong><\/h2>\n<p>A Artyplan estem compromesos amb el desenvolupament responsable per aquest motiu disposem del segell verd <strong>FSC\u00ae<\/strong>\u00a0que t\u00e9 per objectiu garantir permanentment una gesti\u00f3 forestal responsable. A m\u00e9s a m\u00e9s, disposem d\u2019altres suports d\u2019impressi\u00f3 sostenibles com les <a href=\"http:\/\/artyplan.com\/ca\/noticies\/lones-ecologiques\/\" target=\"_blank\" rel=\"noopener\">lones ecol\u00f2giques<\/a>, els <a href=\"http:\/\/artyplan.com\/ca\/ecologic\/vinils-ecologics-sostenible-lliure-pvc\/\" target=\"_blank\" rel=\"noopener\">vinils sostenibles<\/a>, els <a href=\"http:\/\/artyplan.com\/ecologico\/displays-ecologicos-grafica-sostenible\/\" target=\"_blank\" rel=\"noopener\">displays ecol\u00f2gics<\/a>&#8230; Que poden contribuir a una comunicaci\u00f3 m\u00e9s sostenible. Consulta als nostres assessors d\u2019impressi\u00f3 quin suport d\u2019impressi\u00f3 ecol\u00f2gic podem oferir-te pel teu projecte gr\u00e0fic.<\/p>\n","protected":false},"excerpt":{"rendered":"<p>Avui en dia en els departaments de m\u00e0rqueting\u00a0i comunicaci\u00f3 es realitzen fulletons, aconsellem que siguin ecol\u00f2gics i sostenibles, com un instrument de \u00a0promoci\u00f3 i publicitat, i aix\u00ed donar a con\u00e8ixer al p\u00fablic les campanyes, promocions, productes o serveis que ofereix la companyia. En un m\u00f3n cada cop m\u00e9s conscienciat, utilitzar fulletons ecol\u00f2gics i sostenible permet [&hellip;]<\/p>\n","protected":false},"author":3,"featured_media":5179,"comment_status":"closed","ping_status":"closed","sticky":false,"template":"","format":"standard","meta":{"footnotes":""},"categories":[1],"tags":[],"class_list":["post-5180","post","type-post","status-publish","format-standard","has-post-thumbnail","hentry","category-sense-categoritzar"],"yoast_head":"<!-- This site is optimized with the Yoast SEO Premium plugin v26.5 (Yoast SEO v26.5) - https:\/\/yoast.com\/wordpress\/plugins\/seo\/ -->\n<title>Fulletons, un mitj\u00e0 promocional, ecol\u00f2gics i sostenibles | Artyplan<\/title>\n<meta name=\"description\" content=\"Adquireix fulletons ecol\u00f2gics i sostenibles per promocions. Els fulletons ecol\u00f2gics i sostenibles ajuden a millorar la teva imatge sostenible.\" \/>\n<meta name=\"robots\" content=\"index, follow, max-snippet:-1, max-image-preview:large, max-video-preview:-1\" \/>\n<link rel=\"canonical\" href=\"https:\/\/artyplan.com\/ca\/blog\/fulletons-ecologics-i-sostenibles\/\" \/>\n<meta property=\"og:locale\" content=\"ca_ES\" \/>\n<meta property=\"og:type\" content=\"article\" \/>\n<meta property=\"og:title\" content=\"Fulletons, un mitj\u00e0 promocional, ecol\u00f2gics i sostenibles\" \/>\n<meta property=\"og:description\" content=\"Adquireix fulletons ecol\u00f2gics i sostenibles per promocions. Els fulletons ecol\u00f2gics i sostenibles ajuden a millorar la teva imatge sostenible.\" \/>\n<meta property=\"og:url\" content=\"https:\/\/artyplan.com\/ca\/blog\/fulletons-ecologics-i-sostenibles\/\" \/>\n<meta property=\"og:site_name\" content=\"Artyplan\" \/>\n<meta property=\"article:publisher\" content=\"https:\/\/www.facebook.com\/artyplan\" \/>\n<meta property=\"article:published_time\" content=\"2021-08-01T22:00:00+00:00\" \/>\n<meta property=\"article:modified_time\" content=\"2025-09-07T14:10:06+00:00\" \/>\n<meta property=\"og:image\" content=\"https:\/\/artyplan.com\/wp-content\/uploads\/2025\/09\/folletos-ecologicos-sostenibles.jpg\" \/>\n\t<meta property=\"og:image:width\" content=\"1920\" \/>\n\t<meta property=\"og:image:height\" content=\"600\" \/>\n\t<meta property=\"og:image:type\" content=\"image\/jpeg\" \/>\n<meta name=\"author\" content=\"Sergio Triguero\" \/>\n<meta name=\"twitter:card\" content=\"summary_large_image\" \/>\n<meta name=\"twitter:label1\" content=\"Escrit per\" \/>\n\t<meta name=\"twitter:data1\" content=\"Sergio Triguero\" \/>\n\t<meta name=\"twitter:label2\" content=\"Temps estimat de lectura\" \/>\n\t<meta name=\"twitter:data2\" content=\"3 minuts\" \/>\n<script type=\"application\/ld+json\" class=\"yoast-schema-graph\">{\"@context\":\"https:\/\/schema.org\",\"@graph\":[{\"@type\":\"Article\",\"@id\":\"https:\/\/artyplan.com\/ca\/blog\/fulletons-ecologics-i-sostenibles\/#article\",\"isPartOf\":{\"@id\":\"https:\/\/artyplan.com\/ca\/blog\/fulletons-ecologics-i-sostenibles\/\"},\"author\":{\"name\":\"Sergio Triguero\",\"@id\":\"https:\/\/artyplan.com\/ca\/#\/schema\/person\/0ef19accced432bc277b8d5248cd2cc0\"},\"headline\":\"Fulletons, un mitj\u00e0 promocional, ecol\u00f2gics i sostenibles\",\"datePublished\":\"2021-08-01T22:00:00+00:00\",\"dateModified\":\"2025-09-07T14:10:06+00:00\",\"mainEntityOfPage\":{\"@id\":\"https:\/\/artyplan.com\/ca\/blog\/fulletons-ecologics-i-sostenibles\/\"},\"wordCount\":641,\"publisher\":{\"@id\":\"https:\/\/artyplan.com\/ca\/#organization\"},\"image\":{\"@id\":\"https:\/\/artyplan.com\/ca\/blog\/fulletons-ecologics-i-sostenibles\/#primaryimage\"},\"thumbnailUrl\":\"https:\/\/artyplan.com\/wp-content\/uploads\/2025\/09\/folletos-ecologicos-sostenibles.jpg\",\"articleSection\":[\"Sense-categoritzar\"],\"inLanguage\":\"ca\"},{\"@type\":\"WebPage\",\"@id\":\"https:\/\/artyplan.com\/ca\/blog\/fulletons-ecologics-i-sostenibles\/\",\"url\":\"https:\/\/artyplan.com\/ca\/blog\/fulletons-ecologics-i-sostenibles\/\",\"name\":\"Fulletons, un mitj\u00e0 promocional, ecol\u00f2gics i sostenibles | Artyplan\",\"isPartOf\":{\"@id\":\"https:\/\/artyplan.com\/ca\/#website\"},\"primaryImageOfPage\":{\"@id\":\"https:\/\/artyplan.com\/ca\/blog\/fulletons-ecologics-i-sostenibles\/#primaryimage\"},\"image\":{\"@id\":\"https:\/\/artyplan.com\/ca\/blog\/fulletons-ecologics-i-sostenibles\/#primaryimage\"},\"thumbnailUrl\":\"https:\/\/artyplan.com\/wp-content\/uploads\/2025\/09\/folletos-ecologicos-sostenibles.jpg\",\"datePublished\":\"2021-08-01T22:00:00+00:00\",\"dateModified\":\"2025-09-07T14:10:06+00:00\",\"description\":\"Adquireix fulletons ecol\u00f2gics i sostenibles per promocions. Els fulletons ecol\u00f2gics i sostenibles ajuden a millorar la teva imatge sostenible.\",\"breadcrumb\":{\"@id\":\"https:\/\/artyplan.com\/ca\/blog\/fulletons-ecologics-i-sostenibles\/#breadcrumb\"},\"inLanguage\":\"ca\",\"potentialAction\":[{\"@type\":\"ReadAction\",\"target\":[\"https:\/\/artyplan.com\/ca\/blog\/fulletons-ecologics-i-sostenibles\/\"]}]},{\"@type\":\"ImageObject\",\"inLanguage\":\"ca\",\"@id\":\"https:\/\/artyplan.com\/ca\/blog\/fulletons-ecologics-i-sostenibles\/#primaryimage\",\"url\":\"https:\/\/artyplan.com\/wp-content\/uploads\/2025\/09\/folletos-ecologicos-sostenibles.jpg\",\"contentUrl\":\"https:\/\/artyplan.com\/wp-content\/uploads\/2025\/09\/folletos-ecologicos-sostenibles.jpg\",\"width\":1920,\"height\":600,\"caption\":\"fulletons-ecologics-sostenibles\"},{\"@type\":\"BreadcrumbList\",\"@id\":\"https:\/\/artyplan.com\/ca\/blog\/fulletons-ecologics-i-sostenibles\/#breadcrumb\",\"itemListElement\":[{\"@type\":\"ListItem\",\"position\":1,\"name\":\"Artyplan\",\"item\":\"https:\/\/artyplan.com\/ca\/\"},{\"@type\":\"ListItem\",\"position\":2,\"name\":\"Fulletons, un mitj\u00e0 promocional, ecol\u00f2gics i sostenibles\"}]},{\"@type\":\"WebSite\",\"@id\":\"https:\/\/artyplan.com\/ca\/#website\",\"url\":\"https:\/\/artyplan.com\/ca\/\",\"name\":\"Artyplan\",\"description\":\"\",\"publisher\":{\"@id\":\"https:\/\/artyplan.com\/ca\/#organization\"},\"potentialAction\":[{\"@type\":\"SearchAction\",\"target\":{\"@type\":\"EntryPoint\",\"urlTemplate\":\"https:\/\/artyplan.com\/ca\/?s={search_term_string}\"},\"query-input\":{\"@type\":\"PropertyValueSpecification\",\"valueRequired\":true,\"valueName\":\"search_term_string\"}}],\"inLanguage\":\"ca\"},{\"@type\":\"Organization\",\"@id\":\"https:\/\/artyplan.com\/ca\/#organization\",\"name\":\"Artyplan\",\"url\":\"https:\/\/artyplan.com\/ca\/\",\"logo\":{\"@type\":\"ImageObject\",\"inLanguage\":\"ca\",\"@id\":\"https:\/\/artyplan.com\/ca\/#\/schema\/logo\/image\/\",\"url\":\"https:\/\/artyplan.com\/wp-content\/uploads\/2025\/12\/Logo-artyplan-690x690-1.png\",\"contentUrl\":\"https:\/\/artyplan.com\/wp-content\/uploads\/2025\/12\/Logo-artyplan-690x690-1.png\",\"width\":690,\"height\":690,\"caption\":\"Artyplan\"},\"image\":{\"@id\":\"https:\/\/artyplan.com\/ca\/#\/schema\/logo\/image\/\"},\"sameAs\":[\"https:\/\/www.facebook.com\/artyplan\",\"https:\/\/www.instagram.com\/artyplan\/\",\"https:\/\/www.linkedin.com\/company\/artyplan\"],\"description\":\"Artyplan \u00e9s una empresa especialitzada en producci\u00f3 gr\u00e0fica i comunicaci\u00f3 visual amb 60 anys dexperi\u00e8ncia. Oferim solucions integrals d'impressi\u00f3 en gran format, PLV i retail, gesti\u00f3 d'esdeveniments i fires, disseny i fabricaci\u00f3 a mida, log\u00edstica i serveis d'instal\u00b7laci\u00f3 a tot el territori. Treballem per a marques, ag\u00e8ncies, espais comercials i institucions que necessiten un partner fiable per desenvolupar campanyes de m\u00e0rqueting, projectes de retail i accions de branding o m\u00e0rqueting. Combinem tecnologia avan\u00e7ada d\u00b4impressi\u00f3 digital, un equip expert i una gesti\u00f3 completa de projectes per garantir qualitat, agilitat i resultats a mida per a cada client. Disposem de plataformes B2B que faciliten als nostres clients la gesti\u00f3 de les comandes de materials impresos aix\u00ed com la log\u00edstica dels mateixos.\",\"email\":\"info@artyplan.com\",\"telephone\":\"+34 93 200 87 99\",\"legalName\":\"Artyplan S.L.\",\"vatID\":\"B61963229\",\"numberOfEmployees\":{\"@type\":\"QuantitativeValue\",\"minValue\":\"51\",\"maxValue\":\"200\"}},{\"@type\":\"Person\",\"@id\":\"https:\/\/artyplan.com\/ca\/#\/schema\/person\/0ef19accced432bc277b8d5248cd2cc0\",\"name\":\"Sergio Triguero\",\"image\":{\"@type\":\"ImageObject\",\"inLanguage\":\"ca\",\"@id\":\"https:\/\/artyplan.com\/ca\/#\/schema\/person\/image\/\",\"url\":\"https:\/\/secure.gravatar.com\/avatar\/c742a95811ffbc635a3d111ab446f278cce576575d14970fd5d56e17580c3f23?s=96&d=mm&r=g\",\"contentUrl\":\"https:\/\/secure.gravatar.com\/avatar\/c742a95811ffbc635a3d111ab446f278cce576575d14970fd5d56e17580c3f23?s=96&d=mm&r=g\",\"caption\":\"Sergio Triguero\"}}]}<\/script>\n<!-- \/ Yoast SEO Premium plugin. -->","yoast_head_json":{"title":"Fulletons, un mitj\u00e0 promocional, ecol\u00f2gics i sostenibles | Artyplan","description":"Adquireix fulletons ecol\u00f2gics i sostenibles per promocions. Els fulletons ecol\u00f2gics i sostenibles ajuden a millorar la teva imatge sostenible.","robots":{"index":"index","follow":"follow","max-snippet":"max-snippet:-1","max-image-preview":"max-image-preview:large","max-video-preview":"max-video-preview:-1"},"canonical":"https:\/\/artyplan.com\/ca\/blog\/fulletons-ecologics-i-sostenibles\/","og_locale":"ca_ES","og_type":"article","og_title":"Fulletons, un mitj\u00e0 promocional, ecol\u00f2gics i sostenibles","og_description":"Adquireix fulletons ecol\u00f2gics i sostenibles per promocions. Els fulletons ecol\u00f2gics i sostenibles ajuden a millorar la teva imatge sostenible.","og_url":"https:\/\/artyplan.com\/ca\/blog\/fulletons-ecologics-i-sostenibles\/","og_site_name":"Artyplan","article_publisher":"https:\/\/www.facebook.com\/artyplan","article_published_time":"2021-08-01T22:00:00+00:00","article_modified_time":"2025-09-07T14:10:06+00:00","og_image":[{"width":1920,"height":600,"url":"https:\/\/artyplan.com\/wp-content\/uploads\/2025\/09\/folletos-ecologicos-sostenibles.jpg","type":"image\/jpeg"}],"author":"Sergio Triguero","twitter_card":"summary_large_image","twitter_misc":{"Escrit per":"Sergio Triguero","Temps estimat de lectura":"3 minuts"},"schema":{"@context":"https:\/\/schema.org","@graph":[{"@type":"Article","@id":"https:\/\/artyplan.com\/ca\/blog\/fulletons-ecologics-i-sostenibles\/#article","isPartOf":{"@id":"https:\/\/artyplan.com\/ca\/blog\/fulletons-ecologics-i-sostenibles\/"},"author":{"name":"Sergio Triguero","@id":"https:\/\/artyplan.com\/ca\/#\/schema\/person\/0ef19accced432bc277b8d5248cd2cc0"},"headline":"Fulletons, un mitj\u00e0 promocional, ecol\u00f2gics i sostenibles","datePublished":"2021-08-01T22:00:00+00:00","dateModified":"2025-09-07T14:10:06+00:00","mainEntityOfPage":{"@id":"https:\/\/artyplan.com\/ca\/blog\/fulletons-ecologics-i-sostenibles\/"},"wordCount":641,"publisher":{"@id":"https:\/\/artyplan.com\/ca\/#organization"},"image":{"@id":"https:\/\/artyplan.com\/ca\/blog\/fulletons-ecologics-i-sostenibles\/#primaryimage"},"thumbnailUrl":"https:\/\/artyplan.com\/wp-content\/uploads\/2025\/09\/folletos-ecologicos-sostenibles.jpg","articleSection":["Sense-categoritzar"],"inLanguage":"ca"},{"@type":"WebPage","@id":"https:\/\/artyplan.com\/ca\/blog\/fulletons-ecologics-i-sostenibles\/","url":"https:\/\/artyplan.com\/ca\/blog\/fulletons-ecologics-i-sostenibles\/","name":"Fulletons, un mitj\u00e0 promocional, ecol\u00f2gics i sostenibles | Artyplan","isPartOf":{"@id":"https:\/\/artyplan.com\/ca\/#website"},"primaryImageOfPage":{"@id":"https:\/\/artyplan.com\/ca\/blog\/fulletons-ecologics-i-sostenibles\/#primaryimage"},"image":{"@id":"https:\/\/artyplan.com\/ca\/blog\/fulletons-ecologics-i-sostenibles\/#primaryimage"},"thumbnailUrl":"https:\/\/artyplan.com\/wp-content\/uploads\/2025\/09\/folletos-ecologicos-sostenibles.jpg","datePublished":"2021-08-01T22:00:00+00:00","dateModified":"2025-09-07T14:10:06+00:00","description":"Adquireix fulletons ecol\u00f2gics i sostenibles per promocions. Els fulletons ecol\u00f2gics i sostenibles ajuden a millorar la teva imatge sostenible.","breadcrumb":{"@id":"https:\/\/artyplan.com\/ca\/blog\/fulletons-ecologics-i-sostenibles\/#breadcrumb"},"inLanguage":"ca","potentialAction":[{"@type":"ReadAction","target":["https:\/\/artyplan.com\/ca\/blog\/fulletons-ecologics-i-sostenibles\/"]}]},{"@type":"ImageObject","inLanguage":"ca","@id":"https:\/\/artyplan.com\/ca\/blog\/fulletons-ecologics-i-sostenibles\/#primaryimage","url":"https:\/\/artyplan.com\/wp-content\/uploads\/2025\/09\/folletos-ecologicos-sostenibles.jpg","contentUrl":"https:\/\/artyplan.com\/wp-content\/uploads\/2025\/09\/folletos-ecologicos-sostenibles.jpg","width":1920,"height":600,"caption":"fulletons-ecologics-sostenibles"},{"@type":"BreadcrumbList","@id":"https:\/\/artyplan.com\/ca\/blog\/fulletons-ecologics-i-sostenibles\/#breadcrumb","itemListElement":[{"@type":"ListItem","position":1,"name":"Artyplan","item":"https:\/\/artyplan.com\/ca\/"},{"@type":"ListItem","position":2,"name":"Fulletons, un mitj\u00e0 promocional, ecol\u00f2gics i sostenibles"}]},{"@type":"WebSite","@id":"https:\/\/artyplan.com\/ca\/#website","url":"https:\/\/artyplan.com\/ca\/","name":"Artyplan","description":"","publisher":{"@id":"https:\/\/artyplan.com\/ca\/#organization"},"potentialAction":[{"@type":"SearchAction","target":{"@type":"EntryPoint","urlTemplate":"https:\/\/artyplan.com\/ca\/?s={search_term_string}"},"query-input":{"@type":"PropertyValueSpecification","valueRequired":true,"valueName":"search_term_string"}}],"inLanguage":"ca"},{"@type":"Organization","@id":"https:\/\/artyplan.com\/ca\/#organization","name":"Artyplan","url":"https:\/\/artyplan.com\/ca\/","logo":{"@type":"ImageObject","inLanguage":"ca","@id":"https:\/\/artyplan.com\/ca\/#\/schema\/logo\/image\/","url":"https:\/\/artyplan.com\/wp-content\/uploads\/2025\/12\/Logo-artyplan-690x690-1.png","contentUrl":"https:\/\/artyplan.com\/wp-content\/uploads\/2025\/12\/Logo-artyplan-690x690-1.png","width":690,"height":690,"caption":"Artyplan"},"image":{"@id":"https:\/\/artyplan.com\/ca\/#\/schema\/logo\/image\/"},"sameAs":["https:\/\/www.facebook.com\/artyplan","https:\/\/www.instagram.com\/artyplan\/","https:\/\/www.linkedin.com\/company\/artyplan"],"description":"Artyplan \u00e9s una empresa especialitzada en producci\u00f3 gr\u00e0fica i comunicaci\u00f3 visual amb 60 anys dexperi\u00e8ncia. Oferim solucions integrals d'impressi\u00f3 en gran format, PLV i retail, gesti\u00f3 d'esdeveniments i fires, disseny i fabricaci\u00f3 a mida, log\u00edstica i serveis d'instal\u00b7laci\u00f3 a tot el territori. Treballem per a marques, ag\u00e8ncies, espais comercials i institucions que necessiten un partner fiable per desenvolupar campanyes de m\u00e0rqueting, projectes de retail i accions de branding o m\u00e0rqueting. Combinem tecnologia avan\u00e7ada d\u00b4impressi\u00f3 digital, un equip expert i una gesti\u00f3 completa de projectes per garantir qualitat, agilitat i resultats a mida per a cada client. Disposem de plataformes B2B que faciliten als nostres clients la gesti\u00f3 de les comandes de materials impresos aix\u00ed com la log\u00edstica dels mateixos.","email":"info@artyplan.com","telephone":"+34 93 200 87 99","legalName":"Artyplan S.L.","vatID":"B61963229","numberOfEmployees":{"@type":"QuantitativeValue","minValue":"51","maxValue":"200"}},{"@type":"Person","@id":"https:\/\/artyplan.com\/ca\/#\/schema\/person\/0ef19accced432bc277b8d5248cd2cc0","name":"Sergio Triguero","image":{"@type":"ImageObject","inLanguage":"ca","@id":"https:\/\/artyplan.com\/ca\/#\/schema\/person\/image\/","url":"https:\/\/secure.gravatar.com\/avatar\/c742a95811ffbc635a3d111ab446f278cce576575d14970fd5d56e17580c3f23?s=96&d=mm&r=g","contentUrl":"https:\/\/secure.gravatar.com\/avatar\/c742a95811ffbc635a3d111ab446f278cce576575d14970fd5d56e17580c3f23?s=96&d=mm&r=g","caption":"Sergio Triguero"}}]}},"_links":{"self":[{"href":"https:\/\/artyplan.com\/ca\/wp-json\/wp\/v2\/posts\/5180","targetHints":{"allow":["GET"]}}],"collection":[{"href":"https:\/\/artyplan.com\/ca\/wp-json\/wp\/v2\/posts"}],"about":[{"href":"https:\/\/artyplan.com\/ca\/wp-json\/wp\/v2\/types\/post"}],"author":[{"embeddable":true,"href":"https:\/\/artyplan.com\/ca\/wp-json\/wp\/v2\/users\/3"}],"replies":[{"embeddable":true,"href":"https:\/\/artyplan.com\/ca\/wp-json\/wp\/v2\/comments?post=5180"}],"version-history":[{"count":1,"href":"https:\/\/artyplan.com\/ca\/wp-json\/wp\/v2\/posts\/5180\/revisions"}],"predecessor-version":[{"id":6306,"href":"https:\/\/artyplan.com\/ca\/wp-json\/wp\/v2\/posts\/5180\/revisions\/6306"}],"wp:featuredmedia":[{"embeddable":true,"href":"https:\/\/artyplan.com\/ca\/wp-json\/wp\/v2\/media\/5179"}],"wp:attachment":[{"href":"https:\/\/artyplan.com\/ca\/wp-json\/wp\/v2\/media?parent=5180"}],"wp:term":[{"taxonomy":"category","embeddable":true,"href":"https:\/\/artyplan.com\/ca\/wp-json\/wp\/v2\/categories?post=5180"},{"taxonomy":"post_tag","embeddable":true,"href":"https:\/\/artyplan.com\/ca\/wp-json\/wp\/v2\/tags?post=5180"}],"curies":[{"name":"wp","href":"https:\/\/api.w.org\/{rel}","templated":true}]}}