{"id":5195,"date":"2021-09-13T00:00:00","date_gmt":"2021-09-12T22:00:00","guid":{"rendered":"https:\/\/preweb.artyplan.com\/sin-categorizar\/papereria-corporativa-un-material-imprescindible-a-imprimir\/"},"modified":"2026-01-30T11:32:46","modified_gmt":"2026-01-30T09:32:46","slug":"papereria-corporativa-un-material-imprescindible-a-imprimir","status":"publish","type":"post","link":"https:\/\/artyplan.com\/ca\/blog\/papereria-corporativa-un-material-imprescindible-a-imprimir\/","title":{"rendered":"Papereria corporativa: imprescindible per a la marca"},"content":{"rendered":"<p>La <strong>papereria corporativa \u00a0<\/strong>\u00e9s el punt de partida imprescindible en la comunicaci\u00f3 de qualsevol empresa o marca.<\/p>\n<p>Si est\u00e0s comen\u00e7ant en un negoci, has d\u2019invertir temps, diners i encerts en la seva concepci\u00f3 i disseny. Si ja fa temps que est\u00e0s en l\u2019activitat, recorda renovar-la perqu\u00e8 sigui projectant, exactament la <strong>identitat corporativa<\/strong>\u00a0que precises.<\/p>\n<p>Qu\u00e8 \u00e9s la papereria corporativa?<\/p>\n<p>S\u2019anomena<strong>\u00a0papereria corporativa<\/strong>\u00a0al conjunt d\u2019elements impresos que reflecteixen la imatge de marca i provoquen una impressi\u00f3 positiva, coherent i confiable en els seus destinataris. L\u2019objectiu \u00e9s representar i refor\u00e7ar la marca a partir dels\u00a0<strong>materials impresos<\/strong>\u00a0d\u2019\u00fas m\u00e9s freq\u00fcent.<\/p>\n<p>En molts casos, \u00e9s la responsable de generar el primer impacte de marca en el destinatari, convertint-se en un excel\u00b7lent mitj\u00e0 de comunicaci\u00f3 que, a trav\u00e9s de la creativitat i el disseny, transmet\u00a0<strong>missatges dirigits al p\u00fablic objectiu<\/strong>. Per aconseguir-ho, aquesta ha de ser capa\u00e7 d\u2019impactar, diferenciar, transmetre valors, generar fidelitat i confian\u00e7a i resultar memorable. Sempre ha de ser un aliat, i un estimulant, per les teves relacions comercials.<\/p>\n<h2>Qu\u00e8 inclou la papereria corporativa?<\/h2>\n<p>Existeixen un bon nombre d\u2019elements que formen part d\u2019ella, encara que no totes les empreses necessiten comptar amb cada un d\u2019ells al 100%. Aix\u00ed, per exemple, si ets una empresa amb un objectiu de reducci\u00f3 de paper, el paper de carta o documents d\u2019administraci\u00f3 seran necessaris per a la teva organitzaci\u00f3 en moment m\u00e9s puntual.<\/p>\n<p>Enumerem a continuaci\u00f3 les principals refer\u00e8ncies impreses que solen estar a la teva disposici\u00f3:<\/p>\n<ol>\n<li>Sobres de diferents formats: americ\u00e0, mitja p\u00e0gina, A4, etc.<\/li>\n<li>Targeta o targetes comercials: model \u00fanic o diferents.<\/li>\n<li>Llibretes o quaderns.<\/li>\n<li>Paper de carta o d\u2019administraci\u00f3: albarans, factures, formularis, rebuts&#8230;<\/li>\n<li>Carpetes corporatives: senzilles, tipus d\u00edptic amb solapa, amb butxaca, amb anelles, tr\u00edptics, desplegables amb quatre o m\u00e9s cossos, etc.<\/li>\n<\/ol>\n<h2>Per qu\u00e8 \u00e9s tan important la papereria corporativa?<\/h2>\n<p>La documentaci\u00f3 que entregues als teus clients, est\u00e0 present quan tu o els teus comercials ja no esteu: en les reunions i processos de decisi\u00f3 del teu p\u00fablic objectiu. En aquests moments, representen a la teva empresa i \u00a0<strong>determinen el grau de confian\u00e7a i professionalitat <\/strong>que la teva proposta mereix.<\/p>\n<p>Aquests elements es converteixen, aix\u00ed en una part integral en la construcci\u00f3 de la teva marca, en el seu posicionament i en la seva transmissi\u00f3 i desenvolupament. Per tant,\u00a0<strong>perfilen i difonen la teva imatge<\/strong>, promocionen el teu negoci, generen una impressi\u00f3 positiva \u2014si ho has treballat b\u00e9\u2014, produeixen una experi\u00e8ncia de marca estimulant i coherent i es converteixen en una extensi\u00f3 permanent del teu departament comercial i d\u2019atenci\u00f3 al client.<\/p>\n<p>Quan estem comen\u00e7ant, a m\u00e9s a m\u00e9s cuidar-la \u00e9s encara m\u00e9s important. Els clients a qui et dirigeixes els hi manca una experi\u00e8ncia pr\u00e8via de la marca; \u00e9s a dir, construeixen la seva percepci\u00f3 en cada un dels primers contactes.<\/p>\n<p>La<strong>\u00a0identitat corporativa\u00a0<\/strong>dissenyada reflecteix els valors de la teva marca, per la qual cosa ha de generar unes expectatives apropiades per concretar la venda. En aquests contactes inicials, i en els processos posteriors, \u00a0<strong>la marca parla \u2014i convens\u2014<\/strong>\u00a0d\u2019aquests impresos corporatius que has entregat.<\/p>\n<h2>Artyplan, el teu millor suport professional<\/h2>\n<p>En conseq\u00fc\u00e8ncia, la definici\u00f3 i plasmaci\u00f3 de la teva <strong>papereria corporativa<\/strong> \u00e9s una decisi\u00f3 crucial, tant al dissenyar-la com en imprimir-la. A <a href=\"http:\/\/artyplan.com\/ca\/contacte\/\">Artyplan<\/a> hem treballat molt en aquest camp, i continuem fent-ho. Hem apr\u00e8s a aprofitar la nostra experi\u00e8ncia per assessorar-te en la direcci\u00f3 id\u00f2nia. Et posarem en contacte amb els nostres especialistes en aquest terreny, aut\u00e8ntics professionals amb una dilatada traject\u00f2ria i amplis coneixements t\u00e8cnics per ajudar-te a escollir els materials impresos que necessites. Comencem?<\/p>\n","protected":false},"excerpt":{"rendered":"<p>La papereria corporativa \u00a0\u00e9s el punt de partida imprescindible en la comunicaci\u00f3 de qualsevol empresa o marca. Si est\u00e0s comen\u00e7ant en un negoci, has d\u2019invertir temps, diners i encerts en la seva concepci\u00f3 i disseny. Si ja fa temps que est\u00e0s en l\u2019activitat, recorda renovar-la perqu\u00e8 sigui projectant, exactament la identitat corporativa\u00a0que precises. Qu\u00e8 \u00e9s [&hellip;]<\/p>\n","protected":false},"author":3,"featured_media":5194,"comment_status":"closed","ping_status":"closed","sticky":false,"template":"","format":"standard","meta":{"footnotes":""},"categories":[54,1],"tags":[],"class_list":["post-5195","post","type-post","status-publish","format-standard","has-post-thumbnail","hentry","category-noticies-ca","category-sense-categoritzar"],"yoast_head":"<!-- This site is optimized with the Yoast SEO Premium plugin v26.5 (Yoast SEO v26.5) - https:\/\/yoast.com\/wordpress\/plugins\/seo\/ -->\n<title>Papereria corporativa: imprescindible per a la marca<\/title>\n<meta name=\"description\" content=\"La creaci\u00f3 d&#039;una bona papereria corporatia \u00e9s imprescindible pel teu negoci. En aquesta post t&#039;expliquem la importanica d&#039;aquest material.\" \/>\n<meta name=\"robots\" content=\"index, follow, max-snippet:-1, max-image-preview:large, max-video-preview:-1\" \/>\n<link rel=\"canonical\" href=\"https:\/\/artyplan.com\/ca\/blog\/papereria-corporativa-un-material-imprescindible-a-imprimir\/\" \/>\n<meta property=\"og:locale\" content=\"ca_ES\" \/>\n<meta property=\"og:type\" content=\"article\" \/>\n<meta property=\"og:title\" content=\"Papereria corporativa: imprescindible per a la marca\" \/>\n<meta property=\"og:description\" content=\"La creaci\u00f3 d&#039;una bona papereria corporatia \u00e9s imprescindible pel teu negoci. En aquesta post t&#039;expliquem la importanica d&#039;aquest material.\" \/>\n<meta property=\"og:url\" content=\"https:\/\/artyplan.com\/ca\/blog\/papereria-corporativa-un-material-imprescindible-a-imprimir\/\" \/>\n<meta property=\"og:site_name\" content=\"Artyplan\" \/>\n<meta property=\"article:publisher\" content=\"https:\/\/www.facebook.com\/artyplan\" \/>\n<meta property=\"article:published_time\" content=\"2021-09-12T22:00:00+00:00\" \/>\n<meta property=\"article:modified_time\" content=\"2026-01-30T09:32:46+00:00\" \/>\n<meta property=\"og:image\" content=\"https:\/\/artyplan.com\/wp-content\/uploads\/2025\/09\/papeleria-corporativa-impresion.png\" \/>\n\t<meta property=\"og:image:width\" content=\"1920\" \/>\n\t<meta property=\"og:image:height\" content=\"600\" \/>\n\t<meta property=\"og:image:type\" content=\"image\/png\" \/>\n<meta name=\"author\" content=\"Sergio Triguero\" \/>\n<meta name=\"twitter:card\" content=\"summary_large_image\" \/>\n<meta name=\"twitter:label1\" content=\"Escrit per\" \/>\n\t<meta name=\"twitter:data1\" content=\"Sergio Triguero\" \/>\n\t<meta name=\"twitter:label2\" content=\"Temps estimat de lectura\" \/>\n\t<meta name=\"twitter:data2\" content=\"3 minuts\" \/>\n<script type=\"application\/ld+json\" class=\"yoast-schema-graph\">{\"@context\":\"https:\/\/schema.org\",\"@graph\":[{\"@type\":\"Article\",\"@id\":\"https:\/\/artyplan.com\/ca\/blog\/papereria-corporativa-un-material-imprescindible-a-imprimir\/#article\",\"isPartOf\":{\"@id\":\"https:\/\/artyplan.com\/ca\/blog\/papereria-corporativa-un-material-imprescindible-a-imprimir\/\"},\"author\":{\"name\":\"Sergio Triguero\",\"@id\":\"https:\/\/artyplan.com\/ca\/#\/schema\/person\/0ef19accced432bc277b8d5248cd2cc0\"},\"headline\":\"Papereria corporativa: imprescindible per a la marca\",\"datePublished\":\"2021-09-12T22:00:00+00:00\",\"dateModified\":\"2026-01-30T09:32:46+00:00\",\"mainEntityOfPage\":{\"@id\":\"https:\/\/artyplan.com\/ca\/blog\/papereria-corporativa-un-material-imprescindible-a-imprimir\/\"},\"wordCount\":639,\"publisher\":{\"@id\":\"https:\/\/artyplan.com\/ca\/#organization\"},\"image\":{\"@id\":\"https:\/\/artyplan.com\/ca\/blog\/papereria-corporativa-un-material-imprescindible-a-imprimir\/#primaryimage\"},\"thumbnailUrl\":\"https:\/\/artyplan.com\/wp-content\/uploads\/2025\/09\/papeleria-corporativa-impresion.png\",\"articleSection\":[\"Noticies\",\"Sense-categoritzar\"],\"inLanguage\":\"ca\"},{\"@type\":\"WebPage\",\"@id\":\"https:\/\/artyplan.com\/ca\/blog\/papereria-corporativa-un-material-imprescindible-a-imprimir\/\",\"url\":\"https:\/\/artyplan.com\/ca\/blog\/papereria-corporativa-un-material-imprescindible-a-imprimir\/\",\"name\":\"Papereria corporativa: imprescindible per a la marca\",\"isPartOf\":{\"@id\":\"https:\/\/artyplan.com\/ca\/#website\"},\"primaryImageOfPage\":{\"@id\":\"https:\/\/artyplan.com\/ca\/blog\/papereria-corporativa-un-material-imprescindible-a-imprimir\/#primaryimage\"},\"image\":{\"@id\":\"https:\/\/artyplan.com\/ca\/blog\/papereria-corporativa-un-material-imprescindible-a-imprimir\/#primaryimage\"},\"thumbnailUrl\":\"https:\/\/artyplan.com\/wp-content\/uploads\/2025\/09\/papeleria-corporativa-impresion.png\",\"datePublished\":\"2021-09-12T22:00:00+00:00\",\"dateModified\":\"2026-01-30T09:32:46+00:00\",\"description\":\"La creaci\u00f3 d'una bona papereria corporatia \u00e9s imprescindible pel teu negoci. En aquesta post t'expliquem la importanica d'aquest material.\",\"breadcrumb\":{\"@id\":\"https:\/\/artyplan.com\/ca\/blog\/papereria-corporativa-un-material-imprescindible-a-imprimir\/#breadcrumb\"},\"inLanguage\":\"ca\",\"potentialAction\":[{\"@type\":\"ReadAction\",\"target\":[\"https:\/\/artyplan.com\/ca\/blog\/papereria-corporativa-un-material-imprescindible-a-imprimir\/\"]}]},{\"@type\":\"ImageObject\",\"inLanguage\":\"ca\",\"@id\":\"https:\/\/artyplan.com\/ca\/blog\/papereria-corporativa-un-material-imprescindible-a-imprimir\/#primaryimage\",\"url\":\"https:\/\/artyplan.com\/wp-content\/uploads\/2025\/09\/papeleria-corporativa-impresion.png\",\"contentUrl\":\"https:\/\/artyplan.com\/wp-content\/uploads\/2025\/09\/papeleria-corporativa-impresion.png\",\"width\":1920,\"height\":600,\"caption\":\"papereria-corporativa-artyplan\"},{\"@type\":\"BreadcrumbList\",\"@id\":\"https:\/\/artyplan.com\/ca\/blog\/papereria-corporativa-un-material-imprescindible-a-imprimir\/#breadcrumb\",\"itemListElement\":[{\"@type\":\"ListItem\",\"position\":1,\"name\":\"Artyplan\",\"item\":\"https:\/\/artyplan.com\/ca\/\"},{\"@type\":\"ListItem\",\"position\":2,\"name\":\"Papereria corporativa: imprescindible per a la marca\"}]},{\"@type\":\"WebSite\",\"@id\":\"https:\/\/artyplan.com\/ca\/#website\",\"url\":\"https:\/\/artyplan.com\/ca\/\",\"name\":\"Artyplan\",\"description\":\"\",\"publisher\":{\"@id\":\"https:\/\/artyplan.com\/ca\/#organization\"},\"potentialAction\":[{\"@type\":\"SearchAction\",\"target\":{\"@type\":\"EntryPoint\",\"urlTemplate\":\"https:\/\/artyplan.com\/ca\/?s={search_term_string}\"},\"query-input\":{\"@type\":\"PropertyValueSpecification\",\"valueRequired\":true,\"valueName\":\"search_term_string\"}}],\"inLanguage\":\"ca\"},{\"@type\":\"Organization\",\"@id\":\"https:\/\/artyplan.com\/ca\/#organization\",\"name\":\"Artyplan\",\"url\":\"https:\/\/artyplan.com\/ca\/\",\"logo\":{\"@type\":\"ImageObject\",\"inLanguage\":\"ca\",\"@id\":\"https:\/\/artyplan.com\/ca\/#\/schema\/logo\/image\/\",\"url\":\"https:\/\/artyplan.com\/wp-content\/uploads\/2025\/12\/Logo-artyplan-690x690-1.png\",\"contentUrl\":\"https:\/\/artyplan.com\/wp-content\/uploads\/2025\/12\/Logo-artyplan-690x690-1.png\",\"width\":690,\"height\":690,\"caption\":\"Artyplan\"},\"image\":{\"@id\":\"https:\/\/artyplan.com\/ca\/#\/schema\/logo\/image\/\"},\"sameAs\":[\"https:\/\/www.facebook.com\/artyplan\",\"https:\/\/www.instagram.com\/artyplan\/\",\"https:\/\/www.linkedin.com\/company\/artyplan\"],\"description\":\"Artyplan \u00e9s una empresa especialitzada en producci\u00f3 gr\u00e0fica i comunicaci\u00f3 visual amb 60 anys dexperi\u00e8ncia. Oferim solucions integrals d'impressi\u00f3 en gran format, PLV i retail, gesti\u00f3 d'esdeveniments i fires, disseny i fabricaci\u00f3 a mida, log\u00edstica i serveis d'instal\u00b7laci\u00f3 a tot el territori. Treballem per a marques, ag\u00e8ncies, espais comercials i institucions que necessiten un partner fiable per desenvolupar campanyes de m\u00e0rqueting, projectes de retail i accions de branding o m\u00e0rqueting. Combinem tecnologia avan\u00e7ada d\u00b4impressi\u00f3 digital, un equip expert i una gesti\u00f3 completa de projectes per garantir qualitat, agilitat i resultats a mida per a cada client. Disposem de plataformes B2B que faciliten als nostres clients la gesti\u00f3 de les comandes de materials impresos aix\u00ed com la log\u00edstica dels mateixos.\",\"email\":\"info@artyplan.com\",\"telephone\":\"+34 93 200 87 99\",\"legalName\":\"Artyplan S.L.\",\"vatID\":\"B61963229\",\"numberOfEmployees\":{\"@type\":\"QuantitativeValue\",\"minValue\":\"51\",\"maxValue\":\"200\"}},{\"@type\":\"Person\",\"@id\":\"https:\/\/artyplan.com\/ca\/#\/schema\/person\/0ef19accced432bc277b8d5248cd2cc0\",\"name\":\"Sergio Triguero\",\"image\":{\"@type\":\"ImageObject\",\"inLanguage\":\"ca\",\"@id\":\"https:\/\/artyplan.com\/ca\/#\/schema\/person\/image\/\",\"url\":\"https:\/\/secure.gravatar.com\/avatar\/c742a95811ffbc635a3d111ab446f278cce576575d14970fd5d56e17580c3f23?s=96&d=mm&r=g\",\"contentUrl\":\"https:\/\/secure.gravatar.com\/avatar\/c742a95811ffbc635a3d111ab446f278cce576575d14970fd5d56e17580c3f23?s=96&d=mm&r=g\",\"caption\":\"Sergio Triguero\"}}]}<\/script>\n<!-- \/ Yoast SEO Premium plugin. -->","yoast_head_json":{"title":"Papereria corporativa: imprescindible per a la marca","description":"La creaci\u00f3 d'una bona papereria corporatia \u00e9s imprescindible pel teu negoci. En aquesta post t'expliquem la importanica d'aquest material.","robots":{"index":"index","follow":"follow","max-snippet":"max-snippet:-1","max-image-preview":"max-image-preview:large","max-video-preview":"max-video-preview:-1"},"canonical":"https:\/\/artyplan.com\/ca\/blog\/papereria-corporativa-un-material-imprescindible-a-imprimir\/","og_locale":"ca_ES","og_type":"article","og_title":"Papereria corporativa: imprescindible per a la marca","og_description":"La creaci\u00f3 d'una bona papereria corporatia \u00e9s imprescindible pel teu negoci. En aquesta post t'expliquem la importanica d'aquest material.","og_url":"https:\/\/artyplan.com\/ca\/blog\/papereria-corporativa-un-material-imprescindible-a-imprimir\/","og_site_name":"Artyplan","article_publisher":"https:\/\/www.facebook.com\/artyplan","article_published_time":"2021-09-12T22:00:00+00:00","article_modified_time":"2026-01-30T09:32:46+00:00","og_image":[{"width":1920,"height":600,"url":"https:\/\/artyplan.com\/wp-content\/uploads\/2025\/09\/papeleria-corporativa-impresion.png","type":"image\/png"}],"author":"Sergio Triguero","twitter_card":"summary_large_image","twitter_misc":{"Escrit per":"Sergio Triguero","Temps estimat de lectura":"3 minuts"},"schema":{"@context":"https:\/\/schema.org","@graph":[{"@type":"Article","@id":"https:\/\/artyplan.com\/ca\/blog\/papereria-corporativa-un-material-imprescindible-a-imprimir\/#article","isPartOf":{"@id":"https:\/\/artyplan.com\/ca\/blog\/papereria-corporativa-un-material-imprescindible-a-imprimir\/"},"author":{"name":"Sergio Triguero","@id":"https:\/\/artyplan.com\/ca\/#\/schema\/person\/0ef19accced432bc277b8d5248cd2cc0"},"headline":"Papereria corporativa: imprescindible per a la marca","datePublished":"2021-09-12T22:00:00+00:00","dateModified":"2026-01-30T09:32:46+00:00","mainEntityOfPage":{"@id":"https:\/\/artyplan.com\/ca\/blog\/papereria-corporativa-un-material-imprescindible-a-imprimir\/"},"wordCount":639,"publisher":{"@id":"https:\/\/artyplan.com\/ca\/#organization"},"image":{"@id":"https:\/\/artyplan.com\/ca\/blog\/papereria-corporativa-un-material-imprescindible-a-imprimir\/#primaryimage"},"thumbnailUrl":"https:\/\/artyplan.com\/wp-content\/uploads\/2025\/09\/papeleria-corporativa-impresion.png","articleSection":["Noticies","Sense-categoritzar"],"inLanguage":"ca"},{"@type":"WebPage","@id":"https:\/\/artyplan.com\/ca\/blog\/papereria-corporativa-un-material-imprescindible-a-imprimir\/","url":"https:\/\/artyplan.com\/ca\/blog\/papereria-corporativa-un-material-imprescindible-a-imprimir\/","name":"Papereria corporativa: imprescindible per a la marca","isPartOf":{"@id":"https:\/\/artyplan.com\/ca\/#website"},"primaryImageOfPage":{"@id":"https:\/\/artyplan.com\/ca\/blog\/papereria-corporativa-un-material-imprescindible-a-imprimir\/#primaryimage"},"image":{"@id":"https:\/\/artyplan.com\/ca\/blog\/papereria-corporativa-un-material-imprescindible-a-imprimir\/#primaryimage"},"thumbnailUrl":"https:\/\/artyplan.com\/wp-content\/uploads\/2025\/09\/papeleria-corporativa-impresion.png","datePublished":"2021-09-12T22:00:00+00:00","dateModified":"2026-01-30T09:32:46+00:00","description":"La creaci\u00f3 d'una bona papereria corporatia \u00e9s imprescindible pel teu negoci. En aquesta post t'expliquem la importanica d'aquest material.","breadcrumb":{"@id":"https:\/\/artyplan.com\/ca\/blog\/papereria-corporativa-un-material-imprescindible-a-imprimir\/#breadcrumb"},"inLanguage":"ca","potentialAction":[{"@type":"ReadAction","target":["https:\/\/artyplan.com\/ca\/blog\/papereria-corporativa-un-material-imprescindible-a-imprimir\/"]}]},{"@type":"ImageObject","inLanguage":"ca","@id":"https:\/\/artyplan.com\/ca\/blog\/papereria-corporativa-un-material-imprescindible-a-imprimir\/#primaryimage","url":"https:\/\/artyplan.com\/wp-content\/uploads\/2025\/09\/papeleria-corporativa-impresion.png","contentUrl":"https:\/\/artyplan.com\/wp-content\/uploads\/2025\/09\/papeleria-corporativa-impresion.png","width":1920,"height":600,"caption":"papereria-corporativa-artyplan"},{"@type":"BreadcrumbList","@id":"https:\/\/artyplan.com\/ca\/blog\/papereria-corporativa-un-material-imprescindible-a-imprimir\/#breadcrumb","itemListElement":[{"@type":"ListItem","position":1,"name":"Artyplan","item":"https:\/\/artyplan.com\/ca\/"},{"@type":"ListItem","position":2,"name":"Papereria corporativa: imprescindible per a la marca"}]},{"@type":"WebSite","@id":"https:\/\/artyplan.com\/ca\/#website","url":"https:\/\/artyplan.com\/ca\/","name":"Artyplan","description":"","publisher":{"@id":"https:\/\/artyplan.com\/ca\/#organization"},"potentialAction":[{"@type":"SearchAction","target":{"@type":"EntryPoint","urlTemplate":"https:\/\/artyplan.com\/ca\/?s={search_term_string}"},"query-input":{"@type":"PropertyValueSpecification","valueRequired":true,"valueName":"search_term_string"}}],"inLanguage":"ca"},{"@type":"Organization","@id":"https:\/\/artyplan.com\/ca\/#organization","name":"Artyplan","url":"https:\/\/artyplan.com\/ca\/","logo":{"@type":"ImageObject","inLanguage":"ca","@id":"https:\/\/artyplan.com\/ca\/#\/schema\/logo\/image\/","url":"https:\/\/artyplan.com\/wp-content\/uploads\/2025\/12\/Logo-artyplan-690x690-1.png","contentUrl":"https:\/\/artyplan.com\/wp-content\/uploads\/2025\/12\/Logo-artyplan-690x690-1.png","width":690,"height":690,"caption":"Artyplan"},"image":{"@id":"https:\/\/artyplan.com\/ca\/#\/schema\/logo\/image\/"},"sameAs":["https:\/\/www.facebook.com\/artyplan","https:\/\/www.instagram.com\/artyplan\/","https:\/\/www.linkedin.com\/company\/artyplan"],"description":"Artyplan \u00e9s una empresa especialitzada en producci\u00f3 gr\u00e0fica i comunicaci\u00f3 visual amb 60 anys dexperi\u00e8ncia. Oferim solucions integrals d'impressi\u00f3 en gran format, PLV i retail, gesti\u00f3 d'esdeveniments i fires, disseny i fabricaci\u00f3 a mida, log\u00edstica i serveis d'instal\u00b7laci\u00f3 a tot el territori. Treballem per a marques, ag\u00e8ncies, espais comercials i institucions que necessiten un partner fiable per desenvolupar campanyes de m\u00e0rqueting, projectes de retail i accions de branding o m\u00e0rqueting. Combinem tecnologia avan\u00e7ada d\u00b4impressi\u00f3 digital, un equip expert i una gesti\u00f3 completa de projectes per garantir qualitat, agilitat i resultats a mida per a cada client. Disposem de plataformes B2B que faciliten als nostres clients la gesti\u00f3 de les comandes de materials impresos aix\u00ed com la log\u00edstica dels mateixos.","email":"info@artyplan.com","telephone":"+34 93 200 87 99","legalName":"Artyplan S.L.","vatID":"B61963229","numberOfEmployees":{"@type":"QuantitativeValue","minValue":"51","maxValue":"200"}},{"@type":"Person","@id":"https:\/\/artyplan.com\/ca\/#\/schema\/person\/0ef19accced432bc277b8d5248cd2cc0","name":"Sergio Triguero","image":{"@type":"ImageObject","inLanguage":"ca","@id":"https:\/\/artyplan.com\/ca\/#\/schema\/person\/image\/","url":"https:\/\/secure.gravatar.com\/avatar\/c742a95811ffbc635a3d111ab446f278cce576575d14970fd5d56e17580c3f23?s=96&d=mm&r=g","contentUrl":"https:\/\/secure.gravatar.com\/avatar\/c742a95811ffbc635a3d111ab446f278cce576575d14970fd5d56e17580c3f23?s=96&d=mm&r=g","caption":"Sergio Triguero"}}]}},"_links":{"self":[{"href":"https:\/\/artyplan.com\/ca\/wp-json\/wp\/v2\/posts\/5195","targetHints":{"allow":["GET"]}}],"collection":[{"href":"https:\/\/artyplan.com\/ca\/wp-json\/wp\/v2\/posts"}],"about":[{"href":"https:\/\/artyplan.com\/ca\/wp-json\/wp\/v2\/types\/post"}],"author":[{"embeddable":true,"href":"https:\/\/artyplan.com\/ca\/wp-json\/wp\/v2\/users\/3"}],"replies":[{"embeddable":true,"href":"https:\/\/artyplan.com\/ca\/wp-json\/wp\/v2\/comments?post=5195"}],"version-history":[{"count":2,"href":"https:\/\/artyplan.com\/ca\/wp-json\/wp\/v2\/posts\/5195\/revisions"}],"predecessor-version":[{"id":13534,"href":"https:\/\/artyplan.com\/ca\/wp-json\/wp\/v2\/posts\/5195\/revisions\/13534"}],"wp:featuredmedia":[{"embeddable":true,"href":"https:\/\/artyplan.com\/ca\/wp-json\/wp\/v2\/media\/5194"}],"wp:attachment":[{"href":"https:\/\/artyplan.com\/ca\/wp-json\/wp\/v2\/media?parent=5195"}],"wp:term":[{"taxonomy":"category","embeddable":true,"href":"https:\/\/artyplan.com\/ca\/wp-json\/wp\/v2\/categories?post=5195"},{"taxonomy":"post_tag","embeddable":true,"href":"https:\/\/artyplan.com\/ca\/wp-json\/wp\/v2\/tags?post=5195"}],"curies":[{"name":"wp","href":"https:\/\/api.w.org\/{rel}","templated":true}]}}