{"id":5198,"date":"2021-09-20T00:00:00","date_gmt":"2021-09-19T22:00:00","guid":{"rendered":"https:\/\/preweb.artyplan.com\/sin-categorizar\/la-digitalitzacio-arxius-historics\/"},"modified":"2026-01-30T12:06:26","modified_gmt":"2026-01-30T10:06:26","slug":"la-digitalitzacio-arxius-historics","status":"publish","type":"post","link":"https:\/\/artyplan.com\/ca\/blog\/la-digitalitzacio-arxius-historics\/","title":{"rendered":"Digitalitzaci\u00f3 d\u2019arxius hist\u00f2rics: per qu\u00e8 \u00e9s necess\u00e0ria"},"content":{"rendered":"<p>La digitalitzaci\u00f3 d\u2019arxius hist\u00f2rics al contrari del que un es pot pensar no \u00e9s semblant al proc\u00e9s d\u2019escaneig massiu de documents d\u2019oficina. Si no, que \u00e9s un proc\u00e9s molt m\u00e9s complex, ja que l\u2019arxiu a digitalitzar presenta un format i una conservaci\u00f3 diferent.<\/p>\n<p>La digitalitzaci\u00f3 d\u2019arxius hist\u00f2rics \u00e9s necess\u00e0ria perqu\u00e8 permetr\u00e0 preservar i perpetuar la informaci\u00f3 que cont\u00e9 al llarg dels anys.<\/p>\n<h2><strong>Qu\u00e8 \u00e9s un arxiu hist\u00f2ric?<\/strong><\/h2>\n<p>L\u2019arxiu hist\u00f2ric \u00e9s la unitat responsable a conservar, organitzar, administrar, descriure i divulgar la mem\u00f2ria documental d\u2019una instituci\u00f3, organitzaci\u00f3, associaci\u00f3 o empresa.<\/p>\n<p>Cont\u00e9 documentaci\u00f3 de valor informatiu, hist\u00f2ric i cultural. Conserva la perpetu\u00eftat, en unes condicions que garanteixen la seva integritat i la transmissi\u00f3 de les generacions futures.<\/p>\n<p>En resum, es considera arxius hist\u00f2rics, aquells centres que s\u2019encarreguen del patrimoni hist\u00f2ric documental.<\/p>\n<h2><strong>La qualitat d\u2019imatge en la digitalitzaci\u00f3<\/strong><\/h2>\n<p>\u00c9s molt important la qualitat d\u2019imatge en la digitalitzaci\u00f3 d\u2019arxius hist\u00f2rics. Per la qual cosa aquest procediment no es pot realitzar de forma autom\u00e0tica, ja que produirien un embelliment artificial de la representaci\u00f3 gr\u00e0fica electr\u00f2nica.<\/p>\n<p>Alguns dels factors determinants per obtenir una bona qualitat en el resultat final s\u00f3n la il\u00b7luminaci\u00f3 de la sala de digitalitzaci\u00f3 i el correcte ajust dels perfils de color dels monitors i esc\u00e0ners.<\/p>\n<h2><strong>Que ha de tenir un prove\u00efdor de digitalitzaci\u00f3 d\u2019arxius hist\u00f2rics <\/strong><\/h2>\n<p>Tenint en compte el valor hist\u00f2ric dels documents en un arxiu hist\u00f2ric s\u2019ha d\u2019obligar el prove\u00efdor a adoptar una s\u00e8rie de procediments espec\u00edfics per a la manipulaci\u00f3 d\u2019originals. Entre ells, l\u2019\u00fas de guant de l\u00e0tex i mascareta, la utilitzaci\u00f3 de materials lliures d\u2019\u00e0cids en tot el proc\u00e9s, l\u2019abs\u00e8ncia de mobiliari amb cantonades tallants a la sala de treball i sobretot esc\u00e0ners de llum freda i mecanismes d\u2019arrossegament susceptibles de deteriorar els exemplars.<\/p>\n<p>A m\u00e9s a m\u00e9s, el proc\u00e9s de captura de metadades tamb\u00e9 presenta particularitat i requereix un alt d&#8217;especialitzaci\u00f3, ja que existeixen nombroses normes i est\u00e0ndards internacionals que s\u2019han de complir.<\/p>\n<h2><strong>Artyplan Document el <em>partner<\/em> per a digitalitzar arxius hist\u00f2rics<\/strong><\/h2>\n<p>A <a href=\"http:\/\/artyplan.com\/ca\/serveis\/digitalitzacio-i-gestio-documental\/\" target=\"_blank\" rel=\"noopener\">Artyplan Document<\/a> prove\u00efdor de digitalitzaci\u00f3 d\u2019arxius hist\u00f2rics ha adoptat les mesures necess\u00e0ries per realitzar una manipulaci\u00f3 correcta a l&#8217;hora de digitalitzar.<\/p>\n<p>A m\u00e9s a m\u00e9s, dona solucions personalitzades a les necessitats de digitalitzaci\u00f3 i gesti\u00f3 documental. Comptem amb un equip de treball compenetrat, experimentat i professional que estudiar\u00e0 el vostre projecte i us aconsellar\u00e0 amb una soluci\u00f3 \u00f2ptima i efica\u00e7.<\/p>\n","protected":false},"excerpt":{"rendered":"<p>La digitalitzaci\u00f3 d\u2019arxius hist\u00f2rics al contrari del que un es pot pensar no \u00e9s semblant al proc\u00e9s d\u2019escaneig massiu de documents d\u2019oficina. Si no, que \u00e9s un proc\u00e9s molt m\u00e9s complex, ja que l\u2019arxiu a digitalitzar presenta un format i una conservaci\u00f3 diferent. La digitalitzaci\u00f3 d\u2019arxius hist\u00f2rics \u00e9s necess\u00e0ria perqu\u00e8 permetr\u00e0 preservar i perpetuar la [&hellip;]<\/p>\n","protected":false},"author":3,"featured_media":5197,"comment_status":"closed","ping_status":"closed","sticky":false,"template":"","format":"standard","meta":{"footnotes":""},"categories":[54,1],"tags":[],"class_list":["post-5198","post","type-post","status-publish","format-standard","has-post-thumbnail","hentry","category-noticies-ca","category-sense-categoritzar"],"yoast_head":"<!-- This site is optimized with the Yoast SEO Premium plugin v26.5 (Yoast SEO v26.5) - https:\/\/yoast.com\/wordpress\/plugins\/seo\/ -->\n<title>Digitalitzaci\u00f3 d\u2019arxius hist\u00f2rics: per qu\u00e8 \u00e9s necess\u00e0ria<\/title>\n<meta name=\"description\" content=\"La digitalitzaci\u00f3 d&#039;arxius hist\u00f2rics \u00e9s una tasca complexa. \u00c9s important tenir un bon prove\u00efdor de digitalitzaci\u00f3 d&#039;arxius hist\u00f2rics.\" \/>\n<meta name=\"robots\" content=\"index, follow, max-snippet:-1, max-image-preview:large, max-video-preview:-1\" \/>\n<link rel=\"canonical\" href=\"https:\/\/artyplan.com\/ca\/blog\/la-digitalitzacio-arxius-historics\/\" \/>\n<meta property=\"og:locale\" content=\"ca_ES\" \/>\n<meta property=\"og:type\" content=\"article\" \/>\n<meta property=\"og:title\" content=\"Digitalitzaci\u00f3 d\u2019arxius hist\u00f2rics: per qu\u00e8 \u00e9s necess\u00e0ria\" \/>\n<meta property=\"og:description\" content=\"La digitalitzaci\u00f3 d&#039;arxius hist\u00f2rics \u00e9s una tasca complexa. \u00c9s important tenir un bon prove\u00efdor de digitalitzaci\u00f3 d&#039;arxius hist\u00f2rics.\" \/>\n<meta property=\"og:url\" content=\"https:\/\/artyplan.com\/ca\/blog\/la-digitalitzacio-arxius-historics\/\" \/>\n<meta property=\"og:site_name\" content=\"Artyplan\" \/>\n<meta property=\"article:publisher\" content=\"https:\/\/www.facebook.com\/artyplan\" \/>\n<meta property=\"article:published_time\" content=\"2021-09-19T22:00:00+00:00\" \/>\n<meta property=\"article:modified_time\" content=\"2026-01-30T10:06:26+00:00\" \/>\n<meta property=\"og:image\" content=\"https:\/\/artyplan.com\/wp-content\/uploads\/2025\/09\/digitalizacion-archivo-historico.png\" \/>\n\t<meta property=\"og:image:width\" content=\"1920\" \/>\n\t<meta property=\"og:image:height\" content=\"600\" \/>\n\t<meta property=\"og:image:type\" content=\"image\/png\" \/>\n<meta name=\"author\" content=\"Sergio Triguero\" \/>\n<meta name=\"twitter:card\" content=\"summary_large_image\" \/>\n<meta name=\"twitter:label1\" content=\"Escrit per\" \/>\n\t<meta name=\"twitter:data1\" content=\"Sergio Triguero\" \/>\n\t<meta name=\"twitter:label2\" content=\"Temps estimat de lectura\" \/>\n\t<meta name=\"twitter:data2\" content=\"2 minuts\" \/>\n<script type=\"application\/ld+json\" class=\"yoast-schema-graph\">{\"@context\":\"https:\/\/schema.org\",\"@graph\":[{\"@type\":\"Article\",\"@id\":\"https:\/\/artyplan.com\/ca\/blog\/la-digitalitzacio-arxius-historics\/#article\",\"isPartOf\":{\"@id\":\"https:\/\/artyplan.com\/ca\/blog\/la-digitalitzacio-arxius-historics\/\"},\"author\":{\"name\":\"Sergio Triguero\",\"@id\":\"https:\/\/artyplan.com\/ca\/#\/schema\/person\/0ef19accced432bc277b8d5248cd2cc0\"},\"headline\":\"Digitalitzaci\u00f3 d\u2019arxius hist\u00f2rics: per qu\u00e8 \u00e9s necess\u00e0ria\",\"datePublished\":\"2021-09-19T22:00:00+00:00\",\"dateModified\":\"2026-01-30T10:06:26+00:00\",\"mainEntityOfPage\":{\"@id\":\"https:\/\/artyplan.com\/ca\/blog\/la-digitalitzacio-arxius-historics\/\"},\"wordCount\":459,\"publisher\":{\"@id\":\"https:\/\/artyplan.com\/ca\/#organization\"},\"image\":{\"@id\":\"https:\/\/artyplan.com\/ca\/blog\/la-digitalitzacio-arxius-historics\/#primaryimage\"},\"thumbnailUrl\":\"https:\/\/artyplan.com\/wp-content\/uploads\/2025\/09\/digitalizacion-archivo-historico.png\",\"articleSection\":[\"Noticies\",\"Sense-categoritzar\"],\"inLanguage\":\"ca\"},{\"@type\":\"WebPage\",\"@id\":\"https:\/\/artyplan.com\/ca\/blog\/la-digitalitzacio-arxius-historics\/\",\"url\":\"https:\/\/artyplan.com\/ca\/blog\/la-digitalitzacio-arxius-historics\/\",\"name\":\"Digitalitzaci\u00f3 d\u2019arxius hist\u00f2rics: per qu\u00e8 \u00e9s necess\u00e0ria\",\"isPartOf\":{\"@id\":\"https:\/\/artyplan.com\/ca\/#website\"},\"primaryImageOfPage\":{\"@id\":\"https:\/\/artyplan.com\/ca\/blog\/la-digitalitzacio-arxius-historics\/#primaryimage\"},\"image\":{\"@id\":\"https:\/\/artyplan.com\/ca\/blog\/la-digitalitzacio-arxius-historics\/#primaryimage\"},\"thumbnailUrl\":\"https:\/\/artyplan.com\/wp-content\/uploads\/2025\/09\/digitalizacion-archivo-historico.png\",\"datePublished\":\"2021-09-19T22:00:00+00:00\",\"dateModified\":\"2026-01-30T10:06:26+00:00\",\"description\":\"La digitalitzaci\u00f3 d'arxius hist\u00f2rics \u00e9s una tasca complexa. \u00c9s important tenir un bon prove\u00efdor de digitalitzaci\u00f3 d'arxius hist\u00f2rics.\",\"breadcrumb\":{\"@id\":\"https:\/\/artyplan.com\/ca\/blog\/la-digitalitzacio-arxius-historics\/#breadcrumb\"},\"inLanguage\":\"ca\",\"potentialAction\":[{\"@type\":\"ReadAction\",\"target\":[\"https:\/\/artyplan.com\/ca\/blog\/la-digitalitzacio-arxius-historics\/\"]}]},{\"@type\":\"ImageObject\",\"inLanguage\":\"ca\",\"@id\":\"https:\/\/artyplan.com\/ca\/blog\/la-digitalitzacio-arxius-historics\/#primaryimage\",\"url\":\"https:\/\/artyplan.com\/wp-content\/uploads\/2025\/09\/digitalizacion-archivo-historico.png\",\"contentUrl\":\"https:\/\/artyplan.com\/wp-content\/uploads\/2025\/09\/digitalizacion-archivo-historico.png\",\"width\":1920,\"height\":600,\"caption\":\"digitalitzaci\u00f3-arxius-hist\u00f2rics\"},{\"@type\":\"BreadcrumbList\",\"@id\":\"https:\/\/artyplan.com\/ca\/blog\/la-digitalitzacio-arxius-historics\/#breadcrumb\",\"itemListElement\":[{\"@type\":\"ListItem\",\"position\":1,\"name\":\"Artyplan\",\"item\":\"https:\/\/artyplan.com\/ca\/\"},{\"@type\":\"ListItem\",\"position\":2,\"name\":\"Digitalitzaci\u00f3 d\u2019arxius hist\u00f2rics: per qu\u00e8 \u00e9s necess\u00e0ria\"}]},{\"@type\":\"WebSite\",\"@id\":\"https:\/\/artyplan.com\/ca\/#website\",\"url\":\"https:\/\/artyplan.com\/ca\/\",\"name\":\"Artyplan\",\"description\":\"\",\"publisher\":{\"@id\":\"https:\/\/artyplan.com\/ca\/#organization\"},\"potentialAction\":[{\"@type\":\"SearchAction\",\"target\":{\"@type\":\"EntryPoint\",\"urlTemplate\":\"https:\/\/artyplan.com\/ca\/?s={search_term_string}\"},\"query-input\":{\"@type\":\"PropertyValueSpecification\",\"valueRequired\":true,\"valueName\":\"search_term_string\"}}],\"inLanguage\":\"ca\"},{\"@type\":\"Organization\",\"@id\":\"https:\/\/artyplan.com\/ca\/#organization\",\"name\":\"Artyplan\",\"url\":\"https:\/\/artyplan.com\/ca\/\",\"logo\":{\"@type\":\"ImageObject\",\"inLanguage\":\"ca\",\"@id\":\"https:\/\/artyplan.com\/ca\/#\/schema\/logo\/image\/\",\"url\":\"https:\/\/artyplan.com\/wp-content\/uploads\/2025\/12\/Logo-artyplan-690x690-1.png\",\"contentUrl\":\"https:\/\/artyplan.com\/wp-content\/uploads\/2025\/12\/Logo-artyplan-690x690-1.png\",\"width\":690,\"height\":690,\"caption\":\"Artyplan\"},\"image\":{\"@id\":\"https:\/\/artyplan.com\/ca\/#\/schema\/logo\/image\/\"},\"sameAs\":[\"https:\/\/www.facebook.com\/artyplan\",\"https:\/\/www.instagram.com\/artyplan\/\",\"https:\/\/www.linkedin.com\/company\/artyplan\"],\"description\":\"Artyplan \u00e9s una empresa especialitzada en producci\u00f3 gr\u00e0fica i comunicaci\u00f3 visual amb 60 anys dexperi\u00e8ncia. Oferim solucions integrals d'impressi\u00f3 en gran format, PLV i retail, gesti\u00f3 d'esdeveniments i fires, disseny i fabricaci\u00f3 a mida, log\u00edstica i serveis d'instal\u00b7laci\u00f3 a tot el territori. Treballem per a marques, ag\u00e8ncies, espais comercials i institucions que necessiten un partner fiable per desenvolupar campanyes de m\u00e0rqueting, projectes de retail i accions de branding o m\u00e0rqueting. Combinem tecnologia avan\u00e7ada d\u00b4impressi\u00f3 digital, un equip expert i una gesti\u00f3 completa de projectes per garantir qualitat, agilitat i resultats a mida per a cada client. Disposem de plataformes B2B que faciliten als nostres clients la gesti\u00f3 de les comandes de materials impresos aix\u00ed com la log\u00edstica dels mateixos.\",\"email\":\"info@artyplan.com\",\"telephone\":\"+34 93 200 87 99\",\"legalName\":\"Artyplan S.L.\",\"vatID\":\"B61963229\",\"numberOfEmployees\":{\"@type\":\"QuantitativeValue\",\"minValue\":\"51\",\"maxValue\":\"200\"}},{\"@type\":\"Person\",\"@id\":\"https:\/\/artyplan.com\/ca\/#\/schema\/person\/0ef19accced432bc277b8d5248cd2cc0\",\"name\":\"Sergio Triguero\",\"image\":{\"@type\":\"ImageObject\",\"inLanguage\":\"ca\",\"@id\":\"https:\/\/artyplan.com\/ca\/#\/schema\/person\/image\/\",\"url\":\"https:\/\/secure.gravatar.com\/avatar\/c742a95811ffbc635a3d111ab446f278cce576575d14970fd5d56e17580c3f23?s=96&d=mm&r=g\",\"contentUrl\":\"https:\/\/secure.gravatar.com\/avatar\/c742a95811ffbc635a3d111ab446f278cce576575d14970fd5d56e17580c3f23?s=96&d=mm&r=g\",\"caption\":\"Sergio Triguero\"}}]}<\/script>\n<!-- \/ Yoast SEO Premium plugin. -->","yoast_head_json":{"title":"Digitalitzaci\u00f3 d\u2019arxius hist\u00f2rics: per qu\u00e8 \u00e9s necess\u00e0ria","description":"La digitalitzaci\u00f3 d'arxius hist\u00f2rics \u00e9s una tasca complexa. \u00c9s important tenir un bon prove\u00efdor de digitalitzaci\u00f3 d'arxius hist\u00f2rics.","robots":{"index":"index","follow":"follow","max-snippet":"max-snippet:-1","max-image-preview":"max-image-preview:large","max-video-preview":"max-video-preview:-1"},"canonical":"https:\/\/artyplan.com\/ca\/blog\/la-digitalitzacio-arxius-historics\/","og_locale":"ca_ES","og_type":"article","og_title":"Digitalitzaci\u00f3 d\u2019arxius hist\u00f2rics: per qu\u00e8 \u00e9s necess\u00e0ria","og_description":"La digitalitzaci\u00f3 d'arxius hist\u00f2rics \u00e9s una tasca complexa. \u00c9s important tenir un bon prove\u00efdor de digitalitzaci\u00f3 d'arxius hist\u00f2rics.","og_url":"https:\/\/artyplan.com\/ca\/blog\/la-digitalitzacio-arxius-historics\/","og_site_name":"Artyplan","article_publisher":"https:\/\/www.facebook.com\/artyplan","article_published_time":"2021-09-19T22:00:00+00:00","article_modified_time":"2026-01-30T10:06:26+00:00","og_image":[{"width":1920,"height":600,"url":"https:\/\/artyplan.com\/wp-content\/uploads\/2025\/09\/digitalizacion-archivo-historico.png","type":"image\/png"}],"author":"Sergio Triguero","twitter_card":"summary_large_image","twitter_misc":{"Escrit per":"Sergio Triguero","Temps estimat de lectura":"2 minuts"},"schema":{"@context":"https:\/\/schema.org","@graph":[{"@type":"Article","@id":"https:\/\/artyplan.com\/ca\/blog\/la-digitalitzacio-arxius-historics\/#article","isPartOf":{"@id":"https:\/\/artyplan.com\/ca\/blog\/la-digitalitzacio-arxius-historics\/"},"author":{"name":"Sergio Triguero","@id":"https:\/\/artyplan.com\/ca\/#\/schema\/person\/0ef19accced432bc277b8d5248cd2cc0"},"headline":"Digitalitzaci\u00f3 d\u2019arxius hist\u00f2rics: per qu\u00e8 \u00e9s necess\u00e0ria","datePublished":"2021-09-19T22:00:00+00:00","dateModified":"2026-01-30T10:06:26+00:00","mainEntityOfPage":{"@id":"https:\/\/artyplan.com\/ca\/blog\/la-digitalitzacio-arxius-historics\/"},"wordCount":459,"publisher":{"@id":"https:\/\/artyplan.com\/ca\/#organization"},"image":{"@id":"https:\/\/artyplan.com\/ca\/blog\/la-digitalitzacio-arxius-historics\/#primaryimage"},"thumbnailUrl":"https:\/\/artyplan.com\/wp-content\/uploads\/2025\/09\/digitalizacion-archivo-historico.png","articleSection":["Noticies","Sense-categoritzar"],"inLanguage":"ca"},{"@type":"WebPage","@id":"https:\/\/artyplan.com\/ca\/blog\/la-digitalitzacio-arxius-historics\/","url":"https:\/\/artyplan.com\/ca\/blog\/la-digitalitzacio-arxius-historics\/","name":"Digitalitzaci\u00f3 d\u2019arxius hist\u00f2rics: per qu\u00e8 \u00e9s necess\u00e0ria","isPartOf":{"@id":"https:\/\/artyplan.com\/ca\/#website"},"primaryImageOfPage":{"@id":"https:\/\/artyplan.com\/ca\/blog\/la-digitalitzacio-arxius-historics\/#primaryimage"},"image":{"@id":"https:\/\/artyplan.com\/ca\/blog\/la-digitalitzacio-arxius-historics\/#primaryimage"},"thumbnailUrl":"https:\/\/artyplan.com\/wp-content\/uploads\/2025\/09\/digitalizacion-archivo-historico.png","datePublished":"2021-09-19T22:00:00+00:00","dateModified":"2026-01-30T10:06:26+00:00","description":"La digitalitzaci\u00f3 d'arxius hist\u00f2rics \u00e9s una tasca complexa. \u00c9s important tenir un bon prove\u00efdor de digitalitzaci\u00f3 d'arxius hist\u00f2rics.","breadcrumb":{"@id":"https:\/\/artyplan.com\/ca\/blog\/la-digitalitzacio-arxius-historics\/#breadcrumb"},"inLanguage":"ca","potentialAction":[{"@type":"ReadAction","target":["https:\/\/artyplan.com\/ca\/blog\/la-digitalitzacio-arxius-historics\/"]}]},{"@type":"ImageObject","inLanguage":"ca","@id":"https:\/\/artyplan.com\/ca\/blog\/la-digitalitzacio-arxius-historics\/#primaryimage","url":"https:\/\/artyplan.com\/wp-content\/uploads\/2025\/09\/digitalizacion-archivo-historico.png","contentUrl":"https:\/\/artyplan.com\/wp-content\/uploads\/2025\/09\/digitalizacion-archivo-historico.png","width":1920,"height":600,"caption":"digitalitzaci\u00f3-arxius-hist\u00f2rics"},{"@type":"BreadcrumbList","@id":"https:\/\/artyplan.com\/ca\/blog\/la-digitalitzacio-arxius-historics\/#breadcrumb","itemListElement":[{"@type":"ListItem","position":1,"name":"Artyplan","item":"https:\/\/artyplan.com\/ca\/"},{"@type":"ListItem","position":2,"name":"Digitalitzaci\u00f3 d\u2019arxius hist\u00f2rics: per qu\u00e8 \u00e9s necess\u00e0ria"}]},{"@type":"WebSite","@id":"https:\/\/artyplan.com\/ca\/#website","url":"https:\/\/artyplan.com\/ca\/","name":"Artyplan","description":"","publisher":{"@id":"https:\/\/artyplan.com\/ca\/#organization"},"potentialAction":[{"@type":"SearchAction","target":{"@type":"EntryPoint","urlTemplate":"https:\/\/artyplan.com\/ca\/?s={search_term_string}"},"query-input":{"@type":"PropertyValueSpecification","valueRequired":true,"valueName":"search_term_string"}}],"inLanguage":"ca"},{"@type":"Organization","@id":"https:\/\/artyplan.com\/ca\/#organization","name":"Artyplan","url":"https:\/\/artyplan.com\/ca\/","logo":{"@type":"ImageObject","inLanguage":"ca","@id":"https:\/\/artyplan.com\/ca\/#\/schema\/logo\/image\/","url":"https:\/\/artyplan.com\/wp-content\/uploads\/2025\/12\/Logo-artyplan-690x690-1.png","contentUrl":"https:\/\/artyplan.com\/wp-content\/uploads\/2025\/12\/Logo-artyplan-690x690-1.png","width":690,"height":690,"caption":"Artyplan"},"image":{"@id":"https:\/\/artyplan.com\/ca\/#\/schema\/logo\/image\/"},"sameAs":["https:\/\/www.facebook.com\/artyplan","https:\/\/www.instagram.com\/artyplan\/","https:\/\/www.linkedin.com\/company\/artyplan"],"description":"Artyplan \u00e9s una empresa especialitzada en producci\u00f3 gr\u00e0fica i comunicaci\u00f3 visual amb 60 anys dexperi\u00e8ncia. Oferim solucions integrals d'impressi\u00f3 en gran format, PLV i retail, gesti\u00f3 d'esdeveniments i fires, disseny i fabricaci\u00f3 a mida, log\u00edstica i serveis d'instal\u00b7laci\u00f3 a tot el territori. Treballem per a marques, ag\u00e8ncies, espais comercials i institucions que necessiten un partner fiable per desenvolupar campanyes de m\u00e0rqueting, projectes de retail i accions de branding o m\u00e0rqueting. Combinem tecnologia avan\u00e7ada d\u00b4impressi\u00f3 digital, un equip expert i una gesti\u00f3 completa de projectes per garantir qualitat, agilitat i resultats a mida per a cada client. Disposem de plataformes B2B que faciliten als nostres clients la gesti\u00f3 de les comandes de materials impresos aix\u00ed com la log\u00edstica dels mateixos.","email":"info@artyplan.com","telephone":"+34 93 200 87 99","legalName":"Artyplan S.L.","vatID":"B61963229","numberOfEmployees":{"@type":"QuantitativeValue","minValue":"51","maxValue":"200"}},{"@type":"Person","@id":"https:\/\/artyplan.com\/ca\/#\/schema\/person\/0ef19accced432bc277b8d5248cd2cc0","name":"Sergio Triguero","image":{"@type":"ImageObject","inLanguage":"ca","@id":"https:\/\/artyplan.com\/ca\/#\/schema\/person\/image\/","url":"https:\/\/secure.gravatar.com\/avatar\/c742a95811ffbc635a3d111ab446f278cce576575d14970fd5d56e17580c3f23?s=96&d=mm&r=g","contentUrl":"https:\/\/secure.gravatar.com\/avatar\/c742a95811ffbc635a3d111ab446f278cce576575d14970fd5d56e17580c3f23?s=96&d=mm&r=g","caption":"Sergio Triguero"}}]}},"_links":{"self":[{"href":"https:\/\/artyplan.com\/ca\/wp-json\/wp\/v2\/posts\/5198","targetHints":{"allow":["GET"]}}],"collection":[{"href":"https:\/\/artyplan.com\/ca\/wp-json\/wp\/v2\/posts"}],"about":[{"href":"https:\/\/artyplan.com\/ca\/wp-json\/wp\/v2\/types\/post"}],"author":[{"embeddable":true,"href":"https:\/\/artyplan.com\/ca\/wp-json\/wp\/v2\/users\/3"}],"replies":[{"embeddable":true,"href":"https:\/\/artyplan.com\/ca\/wp-json\/wp\/v2\/comments?post=5198"}],"version-history":[{"count":2,"href":"https:\/\/artyplan.com\/ca\/wp-json\/wp\/v2\/posts\/5198\/revisions"}],"predecessor-version":[{"id":13569,"href":"https:\/\/artyplan.com\/ca\/wp-json\/wp\/v2\/posts\/5198\/revisions\/13569"}],"wp:featuredmedia":[{"embeddable":true,"href":"https:\/\/artyplan.com\/ca\/wp-json\/wp\/v2\/media\/5197"}],"wp:attachment":[{"href":"https:\/\/artyplan.com\/ca\/wp-json\/wp\/v2\/media?parent=5198"}],"wp:term":[{"taxonomy":"category","embeddable":true,"href":"https:\/\/artyplan.com\/ca\/wp-json\/wp\/v2\/categories?post=5198"},{"taxonomy":"post_tag","embeddable":true,"href":"https:\/\/artyplan.com\/ca\/wp-json\/wp\/v2\/tags?post=5198"}],"curies":[{"name":"wp","href":"https:\/\/api.w.org\/{rel}","templated":true}]}}