{"id":5207,"date":"2021-10-11T00:00:00","date_gmt":"2021-10-10T22:00:00","guid":{"rendered":"https:\/\/preweb.artyplan.com\/sin-categorizar\/impressio-calendaris-personalitzar-empreses\/"},"modified":"2026-01-30T13:48:31","modified_gmt":"2026-01-30T11:48:31","slug":"impressio-calendaris-personalitzar-empreses","status":"publish","type":"post","link":"https:\/\/artyplan.com\/ca\/blog\/impressio-calendaris-personalitzar-empreses\/","title":{"rendered":"Calendaris personalizados per a empreses: per qu\u00e8 imprimirlos"},"content":{"rendered":"<p>No podem dominar el temps, per\u00f2 s\u00ed gestionar-lo i treure\u2019n el m\u00e0xim partit. La <strong>impressi\u00f3 de calendaris personalitzats per a empreses <\/strong>i la seva distribuci\u00f3 com a eina de <em>marketing\u00a0<\/em>contribueixen en una millora de la percepci\u00f3 de marca.<\/p>\n<h2>Tipus de calendaris: mides \u00a0i suports<\/h2>\n<p>Encara existeixen diferents mides normalitzades pels calendaris, per a les opcions actuals de personalitzaci\u00f3 en imprimir no son cap repte. L\u2019assessorament dels teus impressors t\u2019ajudar\u00e0 a con\u00e8ixer quins s\u00f3n els formats est\u00e0ndards i, per tant, m\u00e9s econ\u00f2mics. Per\u00f2 si apostes per unes \u00a0<strong>dimensions personalitzades<\/strong>, l\u2019impacte i la diferenciaci\u00f3 s\u00f3n molt majors.<\/p>\n<p>M\u00e9s \u00fatil i oportuna \u00e9s la classificaci\u00f3 de calendaris segons la seva concepci\u00f3 i utilitat. Per exemple, podem optar per la <strong>impressi\u00f3 de calendaris de paret<\/strong>\u00a0o la\u00a0<strong>impressi\u00f3 de calendaris de butxaca<\/strong>. Tamb\u00e9 hi ha calendaris de taula, l\u00e0mines per agendes i estructures triangulars, que sempre resulten molt vers\u00e0tils.<\/p>\n<p>Addicionalment, existeixen <strong>difer\u00e8ncies t\u00e8cniques<\/strong> significatives entre unes i altres. Aix\u00ed com, els imantats per neveres que s\u2019adhereixen a les superf\u00edcies met\u00e0l\u00b7liques. Tamb\u00e9 n\u2019hi ha amb espiral superior o lateral, desplegables, com addendes (com pot ser un suport per al m\u00f2bil), tipus revista i estil de bloc.<\/p>\n<p>L&#8217;\u00faltima diferenciaci\u00f3 important \u00e9s la que distingeix entre <strong>calendaris diaris, setmanals i mensuals<\/strong>.<\/p>\n<h2>Per qu\u00e8 regalar o imprimir un calendari personalitzat?<\/h2>\n<p>Entregar obsequis personalitzats als teus clients, prove\u00efdors, col\u00b7laboradors es un\u00a0<strong>magn\u00edfic recurs de\u00a0<em>marketing<\/em><\/strong>. Si escullas aquests presents, aconseguir\u00e0s efectes positius.<\/p>\n<p>Els calendaris s\u00f3n sempre un regal doblement adequat:<\/p>\n<ul>\n<li>Els seus receptors reben un obsequi \u00fatil, amb un bon disseny i perdurable.<\/li>\n<li>\u00c9s f\u00e0cil encaixar la seva pres\u00e8ncia amb els valors de la marca que promou aquest regal.<\/li>\n<\/ul>\n<h2>Avantatges com a eina de\u00a0<em>marketing<\/em><\/h2>\n<p>Una bona arma mercadol\u00f2gica de <em>merchandising\u00a0<\/em>ha de ser capa\u00e7 de\u00a0<strong>connectar amb el p\u00fablic, crear vincles emocionals i perdura en el temps.<\/strong><\/p>\n<p>Aquests s\u00f3n, precisament, els beneficis com a recurs de publicitat i relacions p\u00fabliques que aporten els calendaris personalitzats impresos:<\/p>\n<ol>\n<li>La seva funcionalitat els fa atractius per <strong>tota mena de p\u00fablics. <\/strong><\/li>\n<li>Permet la inclusi\u00f3 de missatges personalitzats i <strong>dissenys originals. <\/strong><\/li>\n<li>Admet <strong>solucions creatives <\/strong>que els fan m\u00e9s originals i seductors.<\/li>\n<li>El seu \u00fas <strong>perdura en el temps. <\/strong>Generalment, durant un any.<\/li>\n<li>\u00c9s un\u00a0<strong>ambaixador de la marca <\/strong>amb el que conv\u00e9 el p\u00fablic objectiu de manera natural i quotidi\u00e0.<\/li>\n<li>En molts casos, s\u00f3n consultats per altres persones que no van rebre el regal i, llavors actuen com a <strong>enlla\u00e7os de transmissi\u00f3 <\/strong>dels valors de la marca.<\/li>\n<li>Existeixen moltes alternatives amb <strong>costos diferenciats. <\/strong>La polival\u00e8ncia econ\u00f2mica permet que es pugui invertir el pressupost desitjat.<\/li>\n<li>Normalment, \u00e9s una <strong>inversi\u00f3 rendible.<\/strong> \u00c9s dif\u00edcil trobar un altre suport de publicitat que sigui 365 dies a l\u2019any!<\/li>\n<\/ol>\n<p>A m\u00e9s, les noves tecnologies d\u2019impressi\u00f3 han fet possible treure\u2019n el m\u00e0xim partit a aquest tipus de regals per a les empreses, clients i col\u00b7laboradors. Especialment s\u00f3n significatives aquestes tres:<\/p>\n<ol>\n<li><strong>Impacte i pres\u00e8ncia visual.<\/strong> Existeixen t\u00e8cniques, tintes, troquels, papers i molt altres recursos per a diferenciar aquests productes en la ment del consumidor.<\/li>\n<li><strong>Difusi\u00f3<\/strong>. El seu repartiment \u00e9s f\u00e0cil, sigui a m\u00e0 o per correu, i impacten en l\u2019entorn proper del seu destinatari, no solament a cada un d\u2019ells.<\/li>\n<li><strong>Personalitzaci\u00f3<\/strong>. Podem incloure fotografies, frases, colors i dissenys espec\u00edfics per cada marca o destinatari.<\/li>\n<\/ol>\n<h2>Una especialitat d&#8217;Artyplan<\/h2>\n<p>Som una impremta l\u00edder amb una \u00e0mplia experi\u00e8ncia en tot tipus de servei d\u2019impressi\u00f3. Una de les claus del nostre \u00e8xit \u00e9s el <strong>nivell de personalitzaci\u00f3 <\/strong>que proporcionem, aix\u00ed com el servei al client.<\/p>\n<p>\u200bSi est\u00e0s interessat en la\u00a0<strong>impressi\u00f3 de calendaris personalitzats per a empreses<\/strong>, contacta amb nosaltres. Els <a href=\"http:\/\/artyplan.com\/ca\/contacte\/\" target=\"_blank\" rel=\"noopener\">nostres experts<\/a> resoldran tots els teus dubtes.<\/p>\n","protected":false},"excerpt":{"rendered":"<p>No podem dominar el temps, per\u00f2 s\u00ed gestionar-lo i treure\u2019n el m\u00e0xim partit. La impressi\u00f3 de calendaris personalitzats per a empreses i la seva distribuci\u00f3 com a eina de marketing\u00a0contribueixen en una millora de la percepci\u00f3 de marca. Tipus de calendaris: mides \u00a0i suports Encara existeixen diferents mides normalitzades pels calendaris, per a les opcions [&hellip;]<\/p>\n","protected":false},"author":3,"featured_media":5206,"comment_status":"closed","ping_status":"closed","sticky":false,"template":"","format":"standard","meta":{"footnotes":""},"categories":[54,1],"tags":[],"class_list":["post-5207","post","type-post","status-publish","format-standard","has-post-thumbnail","hentry","category-noticies-ca","category-sense-categoritzar"],"yoast_head":"<!-- This site is optimized with the Yoast SEO Premium plugin v26.5 (Yoast SEO v26.5) - https:\/\/yoast.com\/wordpress\/plugins\/seo\/ -->\n<title>Calendaris personalizados per a empreses: per qu\u00e8 imprimirlos<\/title>\n<meta name=\"description\" content=\"La impressi\u00f3 de calendaris personalitzats per a empreses \u00e9s una magn\u00edfica eina de marketing. Vols aprofitar-la?\" \/>\n<meta name=\"robots\" content=\"index, follow, max-snippet:-1, max-image-preview:large, max-video-preview:-1\" \/>\n<link rel=\"canonical\" href=\"https:\/\/artyplan.com\/ca\/blog\/impressio-calendaris-personalitzar-empreses\/\" \/>\n<meta property=\"og:locale\" content=\"ca_ES\" \/>\n<meta property=\"og:type\" content=\"article\" \/>\n<meta property=\"og:title\" content=\"Calendaris personalizados per a empreses: per qu\u00e8 imprimirlos\" \/>\n<meta property=\"og:description\" content=\"La impressi\u00f3 de calendaris personalitzats per a empreses \u00e9s una magn\u00edfica eina de marketing. Vols aprofitar-la?\" \/>\n<meta property=\"og:url\" content=\"https:\/\/artyplan.com\/ca\/blog\/impressio-calendaris-personalitzar-empreses\/\" \/>\n<meta property=\"og:site_name\" content=\"Artyplan\" \/>\n<meta property=\"article:publisher\" content=\"https:\/\/www.facebook.com\/artyplan\" \/>\n<meta property=\"article:published_time\" content=\"2021-10-10T22:00:00+00:00\" \/>\n<meta property=\"article:modified_time\" content=\"2026-01-30T11:48:31+00:00\" \/>\n<meta property=\"og:image\" content=\"https:\/\/artyplan.com\/wp-content\/uploads\/2025\/09\/imprimir-calendario-para-empresa.jpg\" \/>\n\t<meta property=\"og:image:width\" content=\"1920\" \/>\n\t<meta property=\"og:image:height\" content=\"600\" \/>\n\t<meta property=\"og:image:type\" content=\"image\/jpeg\" \/>\n<meta name=\"author\" content=\"Sergio Triguero\" \/>\n<meta name=\"twitter:card\" content=\"summary_large_image\" \/>\n<meta name=\"twitter:label1\" content=\"Escrit per\" \/>\n\t<meta name=\"twitter:data1\" content=\"Sergio Triguero\" \/>\n\t<meta name=\"twitter:label2\" content=\"Temps estimat de lectura\" \/>\n\t<meta name=\"twitter:data2\" content=\"3 minuts\" \/>\n<script type=\"application\/ld+json\" class=\"yoast-schema-graph\">{\"@context\":\"https:\/\/schema.org\",\"@graph\":[{\"@type\":\"Article\",\"@id\":\"https:\/\/artyplan.com\/ca\/blog\/impressio-calendaris-personalitzar-empreses\/#article\",\"isPartOf\":{\"@id\":\"https:\/\/artyplan.com\/ca\/blog\/impressio-calendaris-personalitzar-empreses\/\"},\"author\":{\"name\":\"Sergio Triguero\",\"@id\":\"https:\/\/artyplan.com\/ca\/#\/schema\/person\/0ef19accced432bc277b8d5248cd2cc0\"},\"headline\":\"Calendaris personalizados per a empreses: per qu\u00e8 imprimirlos\",\"datePublished\":\"2021-10-10T22:00:00+00:00\",\"dateModified\":\"2026-01-30T11:48:31+00:00\",\"mainEntityOfPage\":{\"@id\":\"https:\/\/artyplan.com\/ca\/blog\/impressio-calendaris-personalitzar-empreses\/\"},\"wordCount\":661,\"publisher\":{\"@id\":\"https:\/\/artyplan.com\/ca\/#organization\"},\"image\":{\"@id\":\"https:\/\/artyplan.com\/ca\/blog\/impressio-calendaris-personalitzar-empreses\/#primaryimage\"},\"thumbnailUrl\":\"https:\/\/artyplan.com\/wp-content\/uploads\/2025\/09\/imprimir-calendario-para-empresa.jpg\",\"articleSection\":[\"Noticies\",\"Sense-categoritzar\"],\"inLanguage\":\"ca\"},{\"@type\":\"WebPage\",\"@id\":\"https:\/\/artyplan.com\/ca\/blog\/impressio-calendaris-personalitzar-empreses\/\",\"url\":\"https:\/\/artyplan.com\/ca\/blog\/impressio-calendaris-personalitzar-empreses\/\",\"name\":\"Calendaris personalizados per a empreses: per qu\u00e8 imprimirlos\",\"isPartOf\":{\"@id\":\"https:\/\/artyplan.com\/ca\/#website\"},\"primaryImageOfPage\":{\"@id\":\"https:\/\/artyplan.com\/ca\/blog\/impressio-calendaris-personalitzar-empreses\/#primaryimage\"},\"image\":{\"@id\":\"https:\/\/artyplan.com\/ca\/blog\/impressio-calendaris-personalitzar-empreses\/#primaryimage\"},\"thumbnailUrl\":\"https:\/\/artyplan.com\/wp-content\/uploads\/2025\/09\/imprimir-calendario-para-empresa.jpg\",\"datePublished\":\"2021-10-10T22:00:00+00:00\",\"dateModified\":\"2026-01-30T11:48:31+00:00\",\"description\":\"La impressi\u00f3 de calendaris personalitzats per a empreses \u00e9s una magn\u00edfica eina de marketing. Vols aprofitar-la?\",\"breadcrumb\":{\"@id\":\"https:\/\/artyplan.com\/ca\/blog\/impressio-calendaris-personalitzar-empreses\/#breadcrumb\"},\"inLanguage\":\"ca\",\"potentialAction\":[{\"@type\":\"ReadAction\",\"target\":[\"https:\/\/artyplan.com\/ca\/blog\/impressio-calendaris-personalitzar-empreses\/\"]}]},{\"@type\":\"ImageObject\",\"inLanguage\":\"ca\",\"@id\":\"https:\/\/artyplan.com\/ca\/blog\/impressio-calendaris-personalitzar-empreses\/#primaryimage\",\"url\":\"https:\/\/artyplan.com\/wp-content\/uploads\/2025\/09\/imprimir-calendario-para-empresa.jpg\",\"contentUrl\":\"https:\/\/artyplan.com\/wp-content\/uploads\/2025\/09\/imprimir-calendario-para-empresa.jpg\",\"width\":1920,\"height\":600,\"caption\":\"imprimir-calendari-per-empresa\"},{\"@type\":\"BreadcrumbList\",\"@id\":\"https:\/\/artyplan.com\/ca\/blog\/impressio-calendaris-personalitzar-empreses\/#breadcrumb\",\"itemListElement\":[{\"@type\":\"ListItem\",\"position\":1,\"name\":\"Artyplan\",\"item\":\"https:\/\/artyplan.com\/ca\/\"},{\"@type\":\"ListItem\",\"position\":2,\"name\":\"Calendaris personalizados per a empreses: per qu\u00e8 imprimirlos\"}]},{\"@type\":\"WebSite\",\"@id\":\"https:\/\/artyplan.com\/ca\/#website\",\"url\":\"https:\/\/artyplan.com\/ca\/\",\"name\":\"Artyplan\",\"description\":\"\",\"publisher\":{\"@id\":\"https:\/\/artyplan.com\/ca\/#organization\"},\"potentialAction\":[{\"@type\":\"SearchAction\",\"target\":{\"@type\":\"EntryPoint\",\"urlTemplate\":\"https:\/\/artyplan.com\/ca\/?s={search_term_string}\"},\"query-input\":{\"@type\":\"PropertyValueSpecification\",\"valueRequired\":true,\"valueName\":\"search_term_string\"}}],\"inLanguage\":\"ca\"},{\"@type\":\"Organization\",\"@id\":\"https:\/\/artyplan.com\/ca\/#organization\",\"name\":\"Artyplan\",\"url\":\"https:\/\/artyplan.com\/ca\/\",\"logo\":{\"@type\":\"ImageObject\",\"inLanguage\":\"ca\",\"@id\":\"https:\/\/artyplan.com\/ca\/#\/schema\/logo\/image\/\",\"url\":\"https:\/\/artyplan.com\/wp-content\/uploads\/2025\/12\/Logo-artyplan-690x690-1.png\",\"contentUrl\":\"https:\/\/artyplan.com\/wp-content\/uploads\/2025\/12\/Logo-artyplan-690x690-1.png\",\"width\":690,\"height\":690,\"caption\":\"Artyplan\"},\"image\":{\"@id\":\"https:\/\/artyplan.com\/ca\/#\/schema\/logo\/image\/\"},\"sameAs\":[\"https:\/\/www.facebook.com\/artyplan\",\"https:\/\/www.instagram.com\/artyplan\/\",\"https:\/\/www.linkedin.com\/company\/artyplan\"],\"description\":\"Artyplan \u00e9s una empresa especialitzada en producci\u00f3 gr\u00e0fica i comunicaci\u00f3 visual amb 60 anys dexperi\u00e8ncia. Oferim solucions integrals d'impressi\u00f3 en gran format, PLV i retail, gesti\u00f3 d'esdeveniments i fires, disseny i fabricaci\u00f3 a mida, log\u00edstica i serveis d'instal\u00b7laci\u00f3 a tot el territori. Treballem per a marques, ag\u00e8ncies, espais comercials i institucions que necessiten un partner fiable per desenvolupar campanyes de m\u00e0rqueting, projectes de retail i accions de branding o m\u00e0rqueting. Combinem tecnologia avan\u00e7ada d\u00b4impressi\u00f3 digital, un equip expert i una gesti\u00f3 completa de projectes per garantir qualitat, agilitat i resultats a mida per a cada client. Disposem de plataformes B2B que faciliten als nostres clients la gesti\u00f3 de les comandes de materials impresos aix\u00ed com la log\u00edstica dels mateixos.\",\"email\":\"info@artyplan.com\",\"telephone\":\"+34 93 200 87 99\",\"legalName\":\"Artyplan S.L.\",\"vatID\":\"B61963229\",\"numberOfEmployees\":{\"@type\":\"QuantitativeValue\",\"minValue\":\"51\",\"maxValue\":\"200\"}},{\"@type\":\"Person\",\"@id\":\"https:\/\/artyplan.com\/ca\/#\/schema\/person\/0ef19accced432bc277b8d5248cd2cc0\",\"name\":\"Sergio Triguero\",\"image\":{\"@type\":\"ImageObject\",\"inLanguage\":\"ca\",\"@id\":\"https:\/\/artyplan.com\/ca\/#\/schema\/person\/image\/\",\"url\":\"https:\/\/secure.gravatar.com\/avatar\/c742a95811ffbc635a3d111ab446f278cce576575d14970fd5d56e17580c3f23?s=96&d=mm&r=g\",\"contentUrl\":\"https:\/\/secure.gravatar.com\/avatar\/c742a95811ffbc635a3d111ab446f278cce576575d14970fd5d56e17580c3f23?s=96&d=mm&r=g\",\"caption\":\"Sergio Triguero\"}}]}<\/script>\n<!-- \/ Yoast SEO Premium plugin. -->","yoast_head_json":{"title":"Calendaris personalizados per a empreses: per qu\u00e8 imprimirlos","description":"La impressi\u00f3 de calendaris personalitzats per a empreses \u00e9s una magn\u00edfica eina de marketing. Vols aprofitar-la?","robots":{"index":"index","follow":"follow","max-snippet":"max-snippet:-1","max-image-preview":"max-image-preview:large","max-video-preview":"max-video-preview:-1"},"canonical":"https:\/\/artyplan.com\/ca\/blog\/impressio-calendaris-personalitzar-empreses\/","og_locale":"ca_ES","og_type":"article","og_title":"Calendaris personalizados per a empreses: per qu\u00e8 imprimirlos","og_description":"La impressi\u00f3 de calendaris personalitzats per a empreses \u00e9s una magn\u00edfica eina de marketing. Vols aprofitar-la?","og_url":"https:\/\/artyplan.com\/ca\/blog\/impressio-calendaris-personalitzar-empreses\/","og_site_name":"Artyplan","article_publisher":"https:\/\/www.facebook.com\/artyplan","article_published_time":"2021-10-10T22:00:00+00:00","article_modified_time":"2026-01-30T11:48:31+00:00","og_image":[{"width":1920,"height":600,"url":"https:\/\/artyplan.com\/wp-content\/uploads\/2025\/09\/imprimir-calendario-para-empresa.jpg","type":"image\/jpeg"}],"author":"Sergio Triguero","twitter_card":"summary_large_image","twitter_misc":{"Escrit per":"Sergio Triguero","Temps estimat de lectura":"3 minuts"},"schema":{"@context":"https:\/\/schema.org","@graph":[{"@type":"Article","@id":"https:\/\/artyplan.com\/ca\/blog\/impressio-calendaris-personalitzar-empreses\/#article","isPartOf":{"@id":"https:\/\/artyplan.com\/ca\/blog\/impressio-calendaris-personalitzar-empreses\/"},"author":{"name":"Sergio Triguero","@id":"https:\/\/artyplan.com\/ca\/#\/schema\/person\/0ef19accced432bc277b8d5248cd2cc0"},"headline":"Calendaris personalizados per a empreses: per qu\u00e8 imprimirlos","datePublished":"2021-10-10T22:00:00+00:00","dateModified":"2026-01-30T11:48:31+00:00","mainEntityOfPage":{"@id":"https:\/\/artyplan.com\/ca\/blog\/impressio-calendaris-personalitzar-empreses\/"},"wordCount":661,"publisher":{"@id":"https:\/\/artyplan.com\/ca\/#organization"},"image":{"@id":"https:\/\/artyplan.com\/ca\/blog\/impressio-calendaris-personalitzar-empreses\/#primaryimage"},"thumbnailUrl":"https:\/\/artyplan.com\/wp-content\/uploads\/2025\/09\/imprimir-calendario-para-empresa.jpg","articleSection":["Noticies","Sense-categoritzar"],"inLanguage":"ca"},{"@type":"WebPage","@id":"https:\/\/artyplan.com\/ca\/blog\/impressio-calendaris-personalitzar-empreses\/","url":"https:\/\/artyplan.com\/ca\/blog\/impressio-calendaris-personalitzar-empreses\/","name":"Calendaris personalizados per a empreses: per qu\u00e8 imprimirlos","isPartOf":{"@id":"https:\/\/artyplan.com\/ca\/#website"},"primaryImageOfPage":{"@id":"https:\/\/artyplan.com\/ca\/blog\/impressio-calendaris-personalitzar-empreses\/#primaryimage"},"image":{"@id":"https:\/\/artyplan.com\/ca\/blog\/impressio-calendaris-personalitzar-empreses\/#primaryimage"},"thumbnailUrl":"https:\/\/artyplan.com\/wp-content\/uploads\/2025\/09\/imprimir-calendario-para-empresa.jpg","datePublished":"2021-10-10T22:00:00+00:00","dateModified":"2026-01-30T11:48:31+00:00","description":"La impressi\u00f3 de calendaris personalitzats per a empreses \u00e9s una magn\u00edfica eina de marketing. Vols aprofitar-la?","breadcrumb":{"@id":"https:\/\/artyplan.com\/ca\/blog\/impressio-calendaris-personalitzar-empreses\/#breadcrumb"},"inLanguage":"ca","potentialAction":[{"@type":"ReadAction","target":["https:\/\/artyplan.com\/ca\/blog\/impressio-calendaris-personalitzar-empreses\/"]}]},{"@type":"ImageObject","inLanguage":"ca","@id":"https:\/\/artyplan.com\/ca\/blog\/impressio-calendaris-personalitzar-empreses\/#primaryimage","url":"https:\/\/artyplan.com\/wp-content\/uploads\/2025\/09\/imprimir-calendario-para-empresa.jpg","contentUrl":"https:\/\/artyplan.com\/wp-content\/uploads\/2025\/09\/imprimir-calendario-para-empresa.jpg","width":1920,"height":600,"caption":"imprimir-calendari-per-empresa"},{"@type":"BreadcrumbList","@id":"https:\/\/artyplan.com\/ca\/blog\/impressio-calendaris-personalitzar-empreses\/#breadcrumb","itemListElement":[{"@type":"ListItem","position":1,"name":"Artyplan","item":"https:\/\/artyplan.com\/ca\/"},{"@type":"ListItem","position":2,"name":"Calendaris personalizados per a empreses: per qu\u00e8 imprimirlos"}]},{"@type":"WebSite","@id":"https:\/\/artyplan.com\/ca\/#website","url":"https:\/\/artyplan.com\/ca\/","name":"Artyplan","description":"","publisher":{"@id":"https:\/\/artyplan.com\/ca\/#organization"},"potentialAction":[{"@type":"SearchAction","target":{"@type":"EntryPoint","urlTemplate":"https:\/\/artyplan.com\/ca\/?s={search_term_string}"},"query-input":{"@type":"PropertyValueSpecification","valueRequired":true,"valueName":"search_term_string"}}],"inLanguage":"ca"},{"@type":"Organization","@id":"https:\/\/artyplan.com\/ca\/#organization","name":"Artyplan","url":"https:\/\/artyplan.com\/ca\/","logo":{"@type":"ImageObject","inLanguage":"ca","@id":"https:\/\/artyplan.com\/ca\/#\/schema\/logo\/image\/","url":"https:\/\/artyplan.com\/wp-content\/uploads\/2025\/12\/Logo-artyplan-690x690-1.png","contentUrl":"https:\/\/artyplan.com\/wp-content\/uploads\/2025\/12\/Logo-artyplan-690x690-1.png","width":690,"height":690,"caption":"Artyplan"},"image":{"@id":"https:\/\/artyplan.com\/ca\/#\/schema\/logo\/image\/"},"sameAs":["https:\/\/www.facebook.com\/artyplan","https:\/\/www.instagram.com\/artyplan\/","https:\/\/www.linkedin.com\/company\/artyplan"],"description":"Artyplan \u00e9s una empresa especialitzada en producci\u00f3 gr\u00e0fica i comunicaci\u00f3 visual amb 60 anys dexperi\u00e8ncia. Oferim solucions integrals d'impressi\u00f3 en gran format, PLV i retail, gesti\u00f3 d'esdeveniments i fires, disseny i fabricaci\u00f3 a mida, log\u00edstica i serveis d'instal\u00b7laci\u00f3 a tot el territori. Treballem per a marques, ag\u00e8ncies, espais comercials i institucions que necessiten un partner fiable per desenvolupar campanyes de m\u00e0rqueting, projectes de retail i accions de branding o m\u00e0rqueting. Combinem tecnologia avan\u00e7ada d\u00b4impressi\u00f3 digital, un equip expert i una gesti\u00f3 completa de projectes per garantir qualitat, agilitat i resultats a mida per a cada client. Disposem de plataformes B2B que faciliten als nostres clients la gesti\u00f3 de les comandes de materials impresos aix\u00ed com la log\u00edstica dels mateixos.","email":"info@artyplan.com","telephone":"+34 93 200 87 99","legalName":"Artyplan S.L.","vatID":"B61963229","numberOfEmployees":{"@type":"QuantitativeValue","minValue":"51","maxValue":"200"}},{"@type":"Person","@id":"https:\/\/artyplan.com\/ca\/#\/schema\/person\/0ef19accced432bc277b8d5248cd2cc0","name":"Sergio Triguero","image":{"@type":"ImageObject","inLanguage":"ca","@id":"https:\/\/artyplan.com\/ca\/#\/schema\/person\/image\/","url":"https:\/\/secure.gravatar.com\/avatar\/c742a95811ffbc635a3d111ab446f278cce576575d14970fd5d56e17580c3f23?s=96&d=mm&r=g","contentUrl":"https:\/\/secure.gravatar.com\/avatar\/c742a95811ffbc635a3d111ab446f278cce576575d14970fd5d56e17580c3f23?s=96&d=mm&r=g","caption":"Sergio Triguero"}}]}},"_links":{"self":[{"href":"https:\/\/artyplan.com\/ca\/wp-json\/wp\/v2\/posts\/5207","targetHints":{"allow":["GET"]}}],"collection":[{"href":"https:\/\/artyplan.com\/ca\/wp-json\/wp\/v2\/posts"}],"about":[{"href":"https:\/\/artyplan.com\/ca\/wp-json\/wp\/v2\/types\/post"}],"author":[{"embeddable":true,"href":"https:\/\/artyplan.com\/ca\/wp-json\/wp\/v2\/users\/3"}],"replies":[{"embeddable":true,"href":"https:\/\/artyplan.com\/ca\/wp-json\/wp\/v2\/comments?post=5207"}],"version-history":[{"count":2,"href":"https:\/\/artyplan.com\/ca\/wp-json\/wp\/v2\/posts\/5207\/revisions"}],"predecessor-version":[{"id":13631,"href":"https:\/\/artyplan.com\/ca\/wp-json\/wp\/v2\/posts\/5207\/revisions\/13631"}],"wp:featuredmedia":[{"embeddable":true,"href":"https:\/\/artyplan.com\/ca\/wp-json\/wp\/v2\/media\/5206"}],"wp:attachment":[{"href":"https:\/\/artyplan.com\/ca\/wp-json\/wp\/v2\/media?parent=5207"}],"wp:term":[{"taxonomy":"category","embeddable":true,"href":"https:\/\/artyplan.com\/ca\/wp-json\/wp\/v2\/categories?post=5207"},{"taxonomy":"post_tag","embeddable":true,"href":"https:\/\/artyplan.com\/ca\/wp-json\/wp\/v2\/tags?post=5207"}],"curies":[{"name":"wp","href":"https:\/\/api.w.org\/{rel}","templated":true}]}}