{"id":5213,"date":"2021-10-25T00:00:00","date_gmt":"2021-10-24T22:00:00","guid":{"rendered":"https:\/\/preweb.artyplan.com\/sin-categorizar\/packaging-impres-de-cartro-una-gran-alternativa-ecologica\/"},"modified":"2026-01-30T12:22:26","modified_gmt":"2026-01-30T10:22:26","slug":"packaging-impres-de-cartro-una-gran-alternativa-ecologica","status":"publish","type":"post","link":"https:\/\/artyplan.com\/ca\/blog\/packaging-impres-de-cartro-una-gran-alternativa-ecologica\/","title":{"rendered":"Packaging de cartr\u00f3 impr\u00e8s: alternativa ecol\u00f2gica"},"content":{"rendered":"<p>Avui en dia el <em>packaging<\/em> o env\u00e0s de cart\u00f3 pot ser una gran alternativa ecol\u00f2gica per a substituir altres envasos i a la vegada demostrar al consumidor que l\u2019empresa est\u00e0 conscienciada amb el medi ambient i amb la sostenibilitat dels recursos naturals.<\/p>\n<p>En un mercat cada cop m\u00e9s competitiu \u00e9s primordial escollir el <em>packaging<\/em><strong>\u00a0<\/strong>correcte pels nostres productes, per tal de diferenciar-nos de la compet\u00e8ncia. Realitzar el <em>packaging<\/em> impr\u00e8s en cart\u00f3 \u00e9s la gran alternativa ecol\u00f2gica que es necessita per diferenciar-se.<\/p>\n<h2>Qu\u00e8 \u00e9s el<em> packaging<\/em>?<\/h2>\n<p>Packaging\u00a0\u00e9s el nom utilitzat per referir-nos a l\u2019embalatge o env\u00e0s dels productes a la venda. Si aquest cont\u00e9 la imatge corporativa de l\u2019empresa, el client crear\u00e0 una relaci\u00f3 empresa-producte facilitant la seva identificaci\u00f3 a la hora de comprar.<\/p>\n<p>El\u00a0<em>packaging<\/em> ha de complir dos objectius clau, com:<\/p>\n<ol>\n<li>Protegir el producte<\/li>\n<li>Donar la primera imatge de l\u2019empresa.<\/li>\n<\/ol>\n<p>Per un altre costat, aquest ha d\u2019informar sobre el contingut (com s\u2019ha d\u2019utilitzar, caducitat, ingredients, etc.)<\/p>\n<p>A l\u2019hora d\u2019escollir el <em>packaging<\/em> \u00e9s important tenir en compte la funci\u00f3 (contacte directe amb el producte o no) que ha de dur a terme, \u00e9s important tenir en compte la funci\u00f3 (contacte directe amb el producte o no) que ha de complir i el canal de distribuci\u00f3 del producte (temperatura del producte i ambient, tipus de transport o punts de venda fins al client final).<\/p>\n<p>Un\u00a0<em>packaging<\/em> de cart\u00f3 distintiu, senzill i reutilitzable augmentar\u00e0 el seu valor final, a m\u00e9s a m\u00e9s de convertir-se amb una bona estrat\u00e8gia de publicitat i ser una gran alternativa ecol\u00f2gica.<\/p>\n<h2>Packaging de cart\u00f3<\/h2>\n<p>El cart\u00f3 \u00e9s un tipus de material molt manejable que permet crear diferents mides i es pot emmagatzemar f\u00e0cilment. El cart\u00f3 (dep\u00e8n del gruix de la seva composici\u00f3) obt\u00e9 una bona resist\u00e8ncia als cops i pot ser apilat sense patir deformacions.<\/p>\n<p>Les capses de cart\u00f3 tenen unes bones caracter\u00edstiques per ser impreses, i tamb\u00e9 permet una gran flexibilitat a l\u2019hora de dissenyar formes, colors i mides. Per informar de la marca, del producte i sobretot dels aspectes legals per la seva correcta protecci\u00f3.<\/p>\n<p>El cart\u00f3 \u00e9s reciclable i reutilitzable, convertint-lo amb el material m\u00e9s sostenible, i sent un gran atractiu per una societat que demana cada cop una responsabilitat m\u00e9s sostenible a les empreses.<\/p>\n<p>El packaging (capses de cart\u00f3) poden ser sallades de forma molt f\u00e0cil amb cinta adhesiva (o grapes per una major subjecci\u00f3). Altres materials no permeten aquest tancament eficient.<\/p>\n<p>&nbsp;<\/p>\n<h2>Amb quins suports podem realitzar un packaging sostenible<\/h2>\n<p>Per crear un <em>packaging<\/em> existeixen diferents suports, s\u2019ha de tenir en compte les caracter\u00edstiques de cada volum, gruix, l\u2019acabat, o incl\u00fas el color.<\/p>\n<p>A continuaci\u00f3, detallem els dos tipus de suport m\u00e9s comuns per realitzar executar projectes de <em>packaging<\/em> per\u00f2 en hi ha molts m\u00e9s, consulta al teu assessor d\u2019impressi\u00f3 per con\u00e8ixer quin \u00e9s el que m\u00e9s s\u2019adapta al teu projecte.<\/p>\n<h3>Cartr\u00f3 ondulat o cart\u00f3 corrugat<\/h3>\n<p>\u00c9s el tipus de cart\u00f3 m\u00e9s caracter\u00edstic per a realitzar el<em> packaging<\/em> de tota classe d\u2019objectes, ja que ofereix una bona resist\u00e8ncia i es pot adaptar segons les necessitats. Aquest format per la uni\u00f3 de diverses capes de cel\u00b7lulosa, deixant una en la part central que mant\u00e9 una forma ondulada. La longitud i la forma de la ona podr\u00e0 variar per guanyar major resist\u00e8ncia, i incl\u00fas es podr\u00e0 afegir una altra capa d\u2019ondulaci\u00f3.<\/p>\n<p>Dependent de les capes que el formen, el cart\u00f3 corrugat pot ser:<\/p>\n<ul>\n<li>Canal simple. Que compta amb una capa llisa i una d\u2019ondulada.<\/li>\n<li>Canal doble. Que compta amb un paper ondulat, cobert a cada costat per una capa de paper llis.<\/li>\n<li>Canal triple. Est\u00e0 format per la uni\u00f3 de dos peces de canal simple.<\/li>\n<\/ul>\n<h3>Folding o cartolines gr\u00e0fiques<\/h3>\n<p>El folding o cartolina gr\u00e0fica s\u00f3n suports que presenten una gran rigidesa, ideal per a crear embalatges relacionats amb la ind\u00fastria de l\u2019alimentaci\u00f3 o per a cosm\u00e8tics, etc.<\/p>\n<p>\u00c9s aconsellable utilitzar-lo per a productes que per les seves caracter\u00edstiques necessitin un <em>packaging<\/em> m\u00e9s sofisticat i amb un acabat de qualitat. Aquest packaging es pot realitzar amb diversos gramatges, augmentant aix\u00ed la seva resist\u00e8ncia.<\/p>\n<h2>Artyplan el teu partner d\u2019impressi\u00f3 de packaging<\/h2>\n<p>A Artyplan comptem amb un equipo de professional en disseny estructural i de <em><a href=\"http:\/\/artyplan.com\/ca\/productes-impressio\/packaging\/\" target=\"_blank\" rel=\"noopener\">packaging<\/a> <\/em>que t\u2019ajudaran a trobar la millor soluci\u00f3 d\u2019embalatge ecol\u00f2gic pel teu projecte.<\/p>\n","protected":false},"excerpt":{"rendered":"<p>Avui en dia el packaging o env\u00e0s de cart\u00f3 pot ser una gran alternativa ecol\u00f2gica per a substituir altres envasos i a la vegada demostrar al consumidor que l\u2019empresa est\u00e0 conscienciada amb el medi ambient i amb la sostenibilitat dels recursos naturals. En un mercat cada cop m\u00e9s competitiu \u00e9s primordial escollir el packaging\u00a0correcte pels [&hellip;]<\/p>\n","protected":false},"author":3,"featured_media":5212,"comment_status":"closed","ping_status":"closed","sticky":false,"template":"","format":"standard","meta":{"footnotes":""},"categories":[52,1],"tags":[],"class_list":["post-5213","post","type-post","status-publish","format-standard","has-post-thumbnail","hentry","category-ecologic-ca","category-sense-categoritzar"],"yoast_head":"<!-- This site is optimized with the Yoast SEO Premium plugin v26.5 (Yoast SEO v26.5) - https:\/\/yoast.com\/wordpress\/plugins\/seo\/ -->\n<title>Packaging de cartr\u00f3 impr\u00e8s: alternativa ecol\u00f2gica<\/title>\n<meta name=\"description\" content=\"Realitzar el packagin impres en cartr\u00f3 \u00e9s una gran alternativa ecol\u00f2gica. Descobreix aquesta alternativa de packaging ecol\u00f2gic sostenible.\" \/>\n<meta name=\"robots\" content=\"index, follow, max-snippet:-1, max-image-preview:large, max-video-preview:-1\" \/>\n<link rel=\"canonical\" href=\"https:\/\/artyplan.com\/ca\/blog\/packaging-impres-de-cartro-una-gran-alternativa-ecologica\/\" \/>\n<meta property=\"og:locale\" content=\"ca_ES\" \/>\n<meta property=\"og:type\" content=\"article\" \/>\n<meta property=\"og:title\" content=\"Packaging de cartr\u00f3 impr\u00e8s: alternativa ecol\u00f2gica\" \/>\n<meta property=\"og:description\" content=\"Realitzar el packagin impres en cartr\u00f3 \u00e9s una gran alternativa ecol\u00f2gica. Descobreix aquesta alternativa de packaging ecol\u00f2gic sostenible.\" \/>\n<meta property=\"og:url\" content=\"https:\/\/artyplan.com\/ca\/blog\/packaging-impres-de-cartro-una-gran-alternativa-ecologica\/\" \/>\n<meta property=\"og:site_name\" content=\"Artyplan\" \/>\n<meta property=\"article:publisher\" content=\"https:\/\/www.facebook.com\/artyplan\" \/>\n<meta property=\"article:published_time\" content=\"2021-10-24T22:00:00+00:00\" \/>\n<meta property=\"article:modified_time\" content=\"2026-01-30T10:22:26+00:00\" \/>\n<meta property=\"og:image\" content=\"https:\/\/artyplan.com\/wp-content\/uploads\/2025\/09\/packaging-impreso-ecologico.jpg\" \/>\n\t<meta property=\"og:image:width\" content=\"1920\" \/>\n\t<meta property=\"og:image:height\" content=\"600\" \/>\n\t<meta property=\"og:image:type\" content=\"image\/jpeg\" \/>\n<meta name=\"author\" content=\"Sergio Triguero\" \/>\n<meta name=\"twitter:card\" content=\"summary_large_image\" \/>\n<meta name=\"twitter:label1\" content=\"Escrit per\" \/>\n\t<meta name=\"twitter:data1\" content=\"Sergio Triguero\" \/>\n\t<meta name=\"twitter:label2\" content=\"Temps estimat de lectura\" \/>\n\t<meta name=\"twitter:data2\" content=\"4 minuts\" \/>\n<script type=\"application\/ld+json\" class=\"yoast-schema-graph\">{\"@context\":\"https:\/\/schema.org\",\"@graph\":[{\"@type\":\"Article\",\"@id\":\"https:\/\/artyplan.com\/ca\/blog\/packaging-impres-de-cartro-una-gran-alternativa-ecologica\/#article\",\"isPartOf\":{\"@id\":\"https:\/\/artyplan.com\/ca\/blog\/packaging-impres-de-cartro-una-gran-alternativa-ecologica\/\"},\"author\":{\"name\":\"Sergio Triguero\",\"@id\":\"https:\/\/artyplan.com\/ca\/#\/schema\/person\/0ef19accced432bc277b8d5248cd2cc0\"},\"headline\":\"Packaging de cartr\u00f3 impr\u00e8s: alternativa ecol\u00f2gica\",\"datePublished\":\"2021-10-24T22:00:00+00:00\",\"dateModified\":\"2026-01-30T10:22:26+00:00\",\"mainEntityOfPage\":{\"@id\":\"https:\/\/artyplan.com\/ca\/blog\/packaging-impres-de-cartro-una-gran-alternativa-ecologica\/\"},\"wordCount\":770,\"publisher\":{\"@id\":\"https:\/\/artyplan.com\/ca\/#organization\"},\"image\":{\"@id\":\"https:\/\/artyplan.com\/ca\/blog\/packaging-impres-de-cartro-una-gran-alternativa-ecologica\/#primaryimage\"},\"thumbnailUrl\":\"https:\/\/artyplan.com\/wp-content\/uploads\/2025\/09\/packaging-impreso-ecologico.jpg\",\"articleSection\":[\"Ecol\u00f2gic\",\"Sense-categoritzar\"],\"inLanguage\":\"ca\"},{\"@type\":\"WebPage\",\"@id\":\"https:\/\/artyplan.com\/ca\/blog\/packaging-impres-de-cartro-una-gran-alternativa-ecologica\/\",\"url\":\"https:\/\/artyplan.com\/ca\/blog\/packaging-impres-de-cartro-una-gran-alternativa-ecologica\/\",\"name\":\"Packaging de cartr\u00f3 impr\u00e8s: alternativa ecol\u00f2gica\",\"isPartOf\":{\"@id\":\"https:\/\/artyplan.com\/ca\/#website\"},\"primaryImageOfPage\":{\"@id\":\"https:\/\/artyplan.com\/ca\/blog\/packaging-impres-de-cartro-una-gran-alternativa-ecologica\/#primaryimage\"},\"image\":{\"@id\":\"https:\/\/artyplan.com\/ca\/blog\/packaging-impres-de-cartro-una-gran-alternativa-ecologica\/#primaryimage\"},\"thumbnailUrl\":\"https:\/\/artyplan.com\/wp-content\/uploads\/2025\/09\/packaging-impreso-ecologico.jpg\",\"datePublished\":\"2021-10-24T22:00:00+00:00\",\"dateModified\":\"2026-01-30T10:22:26+00:00\",\"description\":\"Realitzar el packagin impres en cartr\u00f3 \u00e9s una gran alternativa ecol\u00f2gica. Descobreix aquesta alternativa de packaging ecol\u00f2gic sostenible.\",\"breadcrumb\":{\"@id\":\"https:\/\/artyplan.com\/ca\/blog\/packaging-impres-de-cartro-una-gran-alternativa-ecologica\/#breadcrumb\"},\"inLanguage\":\"ca\",\"potentialAction\":[{\"@type\":\"ReadAction\",\"target\":[\"https:\/\/artyplan.com\/ca\/blog\/packaging-impres-de-cartro-una-gran-alternativa-ecologica\/\"]}]},{\"@type\":\"ImageObject\",\"inLanguage\":\"ca\",\"@id\":\"https:\/\/artyplan.com\/ca\/blog\/packaging-impres-de-cartro-una-gran-alternativa-ecologica\/#primaryimage\",\"url\":\"https:\/\/artyplan.com\/wp-content\/uploads\/2025\/09\/packaging-impreso-ecologico.jpg\",\"contentUrl\":\"https:\/\/artyplan.com\/wp-content\/uploads\/2025\/09\/packaging-impreso-ecologico.jpg\",\"width\":1920,\"height\":600,\"caption\":\"packaging-impreso-ecologico\"},{\"@type\":\"BreadcrumbList\",\"@id\":\"https:\/\/artyplan.com\/ca\/blog\/packaging-impres-de-cartro-una-gran-alternativa-ecologica\/#breadcrumb\",\"itemListElement\":[{\"@type\":\"ListItem\",\"position\":1,\"name\":\"Artyplan\",\"item\":\"https:\/\/artyplan.com\/ca\/\"},{\"@type\":\"ListItem\",\"position\":2,\"name\":\"Packaging de cartr\u00f3 impr\u00e8s: alternativa ecol\u00f2gica\"}]},{\"@type\":\"WebSite\",\"@id\":\"https:\/\/artyplan.com\/ca\/#website\",\"url\":\"https:\/\/artyplan.com\/ca\/\",\"name\":\"Artyplan\",\"description\":\"\",\"publisher\":{\"@id\":\"https:\/\/artyplan.com\/ca\/#organization\"},\"potentialAction\":[{\"@type\":\"SearchAction\",\"target\":{\"@type\":\"EntryPoint\",\"urlTemplate\":\"https:\/\/artyplan.com\/ca\/?s={search_term_string}\"},\"query-input\":{\"@type\":\"PropertyValueSpecification\",\"valueRequired\":true,\"valueName\":\"search_term_string\"}}],\"inLanguage\":\"ca\"},{\"@type\":\"Organization\",\"@id\":\"https:\/\/artyplan.com\/ca\/#organization\",\"name\":\"Artyplan\",\"url\":\"https:\/\/artyplan.com\/ca\/\",\"logo\":{\"@type\":\"ImageObject\",\"inLanguage\":\"ca\",\"@id\":\"https:\/\/artyplan.com\/ca\/#\/schema\/logo\/image\/\",\"url\":\"https:\/\/artyplan.com\/wp-content\/uploads\/2025\/12\/Logo-artyplan-690x690-1.png\",\"contentUrl\":\"https:\/\/artyplan.com\/wp-content\/uploads\/2025\/12\/Logo-artyplan-690x690-1.png\",\"width\":690,\"height\":690,\"caption\":\"Artyplan\"},\"image\":{\"@id\":\"https:\/\/artyplan.com\/ca\/#\/schema\/logo\/image\/\"},\"sameAs\":[\"https:\/\/www.facebook.com\/artyplan\",\"https:\/\/www.instagram.com\/artyplan\/\",\"https:\/\/www.linkedin.com\/company\/artyplan\"],\"description\":\"Artyplan \u00e9s una empresa especialitzada en producci\u00f3 gr\u00e0fica i comunicaci\u00f3 visual amb 60 anys dexperi\u00e8ncia. Oferim solucions integrals d'impressi\u00f3 en gran format, PLV i retail, gesti\u00f3 d'esdeveniments i fires, disseny i fabricaci\u00f3 a mida, log\u00edstica i serveis d'instal\u00b7laci\u00f3 a tot el territori. Treballem per a marques, ag\u00e8ncies, espais comercials i institucions que necessiten un partner fiable per desenvolupar campanyes de m\u00e0rqueting, projectes de retail i accions de branding o m\u00e0rqueting. Combinem tecnologia avan\u00e7ada d\u00b4impressi\u00f3 digital, un equip expert i una gesti\u00f3 completa de projectes per garantir qualitat, agilitat i resultats a mida per a cada client. Disposem de plataformes B2B que faciliten als nostres clients la gesti\u00f3 de les comandes de materials impresos aix\u00ed com la log\u00edstica dels mateixos.\",\"email\":\"info@artyplan.com\",\"telephone\":\"+34 93 200 87 99\",\"legalName\":\"Artyplan S.L.\",\"vatID\":\"B61963229\",\"numberOfEmployees\":{\"@type\":\"QuantitativeValue\",\"minValue\":\"51\",\"maxValue\":\"200\"}},{\"@type\":\"Person\",\"@id\":\"https:\/\/artyplan.com\/ca\/#\/schema\/person\/0ef19accced432bc277b8d5248cd2cc0\",\"name\":\"Sergio Triguero\",\"image\":{\"@type\":\"ImageObject\",\"inLanguage\":\"ca\",\"@id\":\"https:\/\/artyplan.com\/ca\/#\/schema\/person\/image\/\",\"url\":\"https:\/\/secure.gravatar.com\/avatar\/c742a95811ffbc635a3d111ab446f278cce576575d14970fd5d56e17580c3f23?s=96&d=mm&r=g\",\"contentUrl\":\"https:\/\/secure.gravatar.com\/avatar\/c742a95811ffbc635a3d111ab446f278cce576575d14970fd5d56e17580c3f23?s=96&d=mm&r=g\",\"caption\":\"Sergio Triguero\"}}]}<\/script>\n<!-- \/ Yoast SEO Premium plugin. -->","yoast_head_json":{"title":"Packaging de cartr\u00f3 impr\u00e8s: alternativa ecol\u00f2gica","description":"Realitzar el packagin impres en cartr\u00f3 \u00e9s una gran alternativa ecol\u00f2gica. Descobreix aquesta alternativa de packaging ecol\u00f2gic sostenible.","robots":{"index":"index","follow":"follow","max-snippet":"max-snippet:-1","max-image-preview":"max-image-preview:large","max-video-preview":"max-video-preview:-1"},"canonical":"https:\/\/artyplan.com\/ca\/blog\/packaging-impres-de-cartro-una-gran-alternativa-ecologica\/","og_locale":"ca_ES","og_type":"article","og_title":"Packaging de cartr\u00f3 impr\u00e8s: alternativa ecol\u00f2gica","og_description":"Realitzar el packagin impres en cartr\u00f3 \u00e9s una gran alternativa ecol\u00f2gica. Descobreix aquesta alternativa de packaging ecol\u00f2gic sostenible.","og_url":"https:\/\/artyplan.com\/ca\/blog\/packaging-impres-de-cartro-una-gran-alternativa-ecologica\/","og_site_name":"Artyplan","article_publisher":"https:\/\/www.facebook.com\/artyplan","article_published_time":"2021-10-24T22:00:00+00:00","article_modified_time":"2026-01-30T10:22:26+00:00","og_image":[{"width":1920,"height":600,"url":"https:\/\/artyplan.com\/wp-content\/uploads\/2025\/09\/packaging-impreso-ecologico.jpg","type":"image\/jpeg"}],"author":"Sergio Triguero","twitter_card":"summary_large_image","twitter_misc":{"Escrit per":"Sergio Triguero","Temps estimat de lectura":"4 minuts"},"schema":{"@context":"https:\/\/schema.org","@graph":[{"@type":"Article","@id":"https:\/\/artyplan.com\/ca\/blog\/packaging-impres-de-cartro-una-gran-alternativa-ecologica\/#article","isPartOf":{"@id":"https:\/\/artyplan.com\/ca\/blog\/packaging-impres-de-cartro-una-gran-alternativa-ecologica\/"},"author":{"name":"Sergio Triguero","@id":"https:\/\/artyplan.com\/ca\/#\/schema\/person\/0ef19accced432bc277b8d5248cd2cc0"},"headline":"Packaging de cartr\u00f3 impr\u00e8s: alternativa ecol\u00f2gica","datePublished":"2021-10-24T22:00:00+00:00","dateModified":"2026-01-30T10:22:26+00:00","mainEntityOfPage":{"@id":"https:\/\/artyplan.com\/ca\/blog\/packaging-impres-de-cartro-una-gran-alternativa-ecologica\/"},"wordCount":770,"publisher":{"@id":"https:\/\/artyplan.com\/ca\/#organization"},"image":{"@id":"https:\/\/artyplan.com\/ca\/blog\/packaging-impres-de-cartro-una-gran-alternativa-ecologica\/#primaryimage"},"thumbnailUrl":"https:\/\/artyplan.com\/wp-content\/uploads\/2025\/09\/packaging-impreso-ecologico.jpg","articleSection":["Ecol\u00f2gic","Sense-categoritzar"],"inLanguage":"ca"},{"@type":"WebPage","@id":"https:\/\/artyplan.com\/ca\/blog\/packaging-impres-de-cartro-una-gran-alternativa-ecologica\/","url":"https:\/\/artyplan.com\/ca\/blog\/packaging-impres-de-cartro-una-gran-alternativa-ecologica\/","name":"Packaging de cartr\u00f3 impr\u00e8s: alternativa ecol\u00f2gica","isPartOf":{"@id":"https:\/\/artyplan.com\/ca\/#website"},"primaryImageOfPage":{"@id":"https:\/\/artyplan.com\/ca\/blog\/packaging-impres-de-cartro-una-gran-alternativa-ecologica\/#primaryimage"},"image":{"@id":"https:\/\/artyplan.com\/ca\/blog\/packaging-impres-de-cartro-una-gran-alternativa-ecologica\/#primaryimage"},"thumbnailUrl":"https:\/\/artyplan.com\/wp-content\/uploads\/2025\/09\/packaging-impreso-ecologico.jpg","datePublished":"2021-10-24T22:00:00+00:00","dateModified":"2026-01-30T10:22:26+00:00","description":"Realitzar el packagin impres en cartr\u00f3 \u00e9s una gran alternativa ecol\u00f2gica. Descobreix aquesta alternativa de packaging ecol\u00f2gic sostenible.","breadcrumb":{"@id":"https:\/\/artyplan.com\/ca\/blog\/packaging-impres-de-cartro-una-gran-alternativa-ecologica\/#breadcrumb"},"inLanguage":"ca","potentialAction":[{"@type":"ReadAction","target":["https:\/\/artyplan.com\/ca\/blog\/packaging-impres-de-cartro-una-gran-alternativa-ecologica\/"]}]},{"@type":"ImageObject","inLanguage":"ca","@id":"https:\/\/artyplan.com\/ca\/blog\/packaging-impres-de-cartro-una-gran-alternativa-ecologica\/#primaryimage","url":"https:\/\/artyplan.com\/wp-content\/uploads\/2025\/09\/packaging-impreso-ecologico.jpg","contentUrl":"https:\/\/artyplan.com\/wp-content\/uploads\/2025\/09\/packaging-impreso-ecologico.jpg","width":1920,"height":600,"caption":"packaging-impreso-ecologico"},{"@type":"BreadcrumbList","@id":"https:\/\/artyplan.com\/ca\/blog\/packaging-impres-de-cartro-una-gran-alternativa-ecologica\/#breadcrumb","itemListElement":[{"@type":"ListItem","position":1,"name":"Artyplan","item":"https:\/\/artyplan.com\/ca\/"},{"@type":"ListItem","position":2,"name":"Packaging de cartr\u00f3 impr\u00e8s: alternativa ecol\u00f2gica"}]},{"@type":"WebSite","@id":"https:\/\/artyplan.com\/ca\/#website","url":"https:\/\/artyplan.com\/ca\/","name":"Artyplan","description":"","publisher":{"@id":"https:\/\/artyplan.com\/ca\/#organization"},"potentialAction":[{"@type":"SearchAction","target":{"@type":"EntryPoint","urlTemplate":"https:\/\/artyplan.com\/ca\/?s={search_term_string}"},"query-input":{"@type":"PropertyValueSpecification","valueRequired":true,"valueName":"search_term_string"}}],"inLanguage":"ca"},{"@type":"Organization","@id":"https:\/\/artyplan.com\/ca\/#organization","name":"Artyplan","url":"https:\/\/artyplan.com\/ca\/","logo":{"@type":"ImageObject","inLanguage":"ca","@id":"https:\/\/artyplan.com\/ca\/#\/schema\/logo\/image\/","url":"https:\/\/artyplan.com\/wp-content\/uploads\/2025\/12\/Logo-artyplan-690x690-1.png","contentUrl":"https:\/\/artyplan.com\/wp-content\/uploads\/2025\/12\/Logo-artyplan-690x690-1.png","width":690,"height":690,"caption":"Artyplan"},"image":{"@id":"https:\/\/artyplan.com\/ca\/#\/schema\/logo\/image\/"},"sameAs":["https:\/\/www.facebook.com\/artyplan","https:\/\/www.instagram.com\/artyplan\/","https:\/\/www.linkedin.com\/company\/artyplan"],"description":"Artyplan \u00e9s una empresa especialitzada en producci\u00f3 gr\u00e0fica i comunicaci\u00f3 visual amb 60 anys dexperi\u00e8ncia. Oferim solucions integrals d'impressi\u00f3 en gran format, PLV i retail, gesti\u00f3 d'esdeveniments i fires, disseny i fabricaci\u00f3 a mida, log\u00edstica i serveis d'instal\u00b7laci\u00f3 a tot el territori. Treballem per a marques, ag\u00e8ncies, espais comercials i institucions que necessiten un partner fiable per desenvolupar campanyes de m\u00e0rqueting, projectes de retail i accions de branding o m\u00e0rqueting. Combinem tecnologia avan\u00e7ada d\u00b4impressi\u00f3 digital, un equip expert i una gesti\u00f3 completa de projectes per garantir qualitat, agilitat i resultats a mida per a cada client. Disposem de plataformes B2B que faciliten als nostres clients la gesti\u00f3 de les comandes de materials impresos aix\u00ed com la log\u00edstica dels mateixos.","email":"info@artyplan.com","telephone":"+34 93 200 87 99","legalName":"Artyplan S.L.","vatID":"B61963229","numberOfEmployees":{"@type":"QuantitativeValue","minValue":"51","maxValue":"200"}},{"@type":"Person","@id":"https:\/\/artyplan.com\/ca\/#\/schema\/person\/0ef19accced432bc277b8d5248cd2cc0","name":"Sergio Triguero","image":{"@type":"ImageObject","inLanguage":"ca","@id":"https:\/\/artyplan.com\/ca\/#\/schema\/person\/image\/","url":"https:\/\/secure.gravatar.com\/avatar\/c742a95811ffbc635a3d111ab446f278cce576575d14970fd5d56e17580c3f23?s=96&d=mm&r=g","contentUrl":"https:\/\/secure.gravatar.com\/avatar\/c742a95811ffbc635a3d111ab446f278cce576575d14970fd5d56e17580c3f23?s=96&d=mm&r=g","caption":"Sergio Triguero"}}]}},"_links":{"self":[{"href":"https:\/\/artyplan.com\/ca\/wp-json\/wp\/v2\/posts\/5213","targetHints":{"allow":["GET"]}}],"collection":[{"href":"https:\/\/artyplan.com\/ca\/wp-json\/wp\/v2\/posts"}],"about":[{"href":"https:\/\/artyplan.com\/ca\/wp-json\/wp\/v2\/types\/post"}],"author":[{"embeddable":true,"href":"https:\/\/artyplan.com\/ca\/wp-json\/wp\/v2\/users\/3"}],"replies":[{"embeddable":true,"href":"https:\/\/artyplan.com\/ca\/wp-json\/wp\/v2\/comments?post=5213"}],"version-history":[{"count":2,"href":"https:\/\/artyplan.com\/ca\/wp-json\/wp\/v2\/posts\/5213\/revisions"}],"predecessor-version":[{"id":13605,"href":"https:\/\/artyplan.com\/ca\/wp-json\/wp\/v2\/posts\/5213\/revisions\/13605"}],"wp:featuredmedia":[{"embeddable":true,"href":"https:\/\/artyplan.com\/ca\/wp-json\/wp\/v2\/media\/5212"}],"wp:attachment":[{"href":"https:\/\/artyplan.com\/ca\/wp-json\/wp\/v2\/media?parent=5213"}],"wp:term":[{"taxonomy":"category","embeddable":true,"href":"https:\/\/artyplan.com\/ca\/wp-json\/wp\/v2\/categories?post=5213"},{"taxonomy":"post_tag","embeddable":true,"href":"https:\/\/artyplan.com\/ca\/wp-json\/wp\/v2\/tags?post=5213"}],"curies":[{"name":"wp","href":"https:\/\/api.w.org\/{rel}","templated":true}]}}