{"id":5231,"date":"2021-12-20T00:00:00","date_gmt":"2021-12-19T22:00:00","guid":{"rendered":"https:\/\/preweb.artyplan.com\/sin-categorizar\/passos-per-crear-un-estand-eficac-i-sostenible\/"},"modified":"2025-09-07T16:10:21","modified_gmt":"2025-09-07T14:10:21","slug":"passos-per-crear-un-estand-eficac-i-sostenible","status":"publish","type":"post","link":"https:\/\/artyplan.com\/ca\/blog\/passos-per-crear-un-estand-eficac-i-sostenible\/","title":{"rendered":"Passos per crear un estand efica\u00e7 i sostenible"},"content":{"rendered":"<p>Un\u00a0estand \u00e9s un conjunt d\u2019estructures i elements de decoraci\u00f3 que s\u2019han creat per un esdeveniment, un congr\u00e9s o una fira. Es tracta, per tant, d\u2019arquitectura ef\u00edmera, ja que es crea per un per\u00edode temporal i despr\u00e9s es desmunta, ja sigui per tornar-lo a col\u00b7locar a un altre lloc o no. Saps quins s\u00f3n els millors passos per crear un estand ideal segons els teus objectius? T\u2019ho detallem a continuaci\u00f3.<\/p>\n<h2>La import\u00e0ncia dels estands<\/h2>\n<p>Les fires i els congressos\u00a0<strong>reuneixen a prove\u00efdors, distribu\u00efdors, clients i professionals d\u2019una activitat <\/strong>determinada. \u00c9s, per tant, una magn\u00edfica oportunitat per conquistar mercats, realitzar nous contactes i difondre una imatge positiva.<\/p>\n<p>Permeten mostrar productes o serveis, realitzar presentacions i demostracions i parlar de tu a tu amb els clients potencials. A m\u00e9s a m\u00e9s, els <strong>elements gr\u00e0fics d\u2019un estand <\/strong>s\u00f3n capa\u00e7os de cridar l\u2019atenci\u00f3 i despertar l\u2019inter\u00e8s dels visitants. T\u2019ajuden a desmarcar-te de la compet\u00e8ncia.<\/p>\n<p>Finalment, tots els components que s\u2019utilitzen diuen molt sobre la teva empresa. Tant els <strong>elements de gran format per un e<em>stand<\/em>\u00a0publicitari<\/strong>\u00a0com els\u00a0<strong>elements informatius per l\u2019estand<\/strong>\u00a0reflecteixen una forma de ser i un mode d\u2019entendre la comercialitzaci\u00f3. Per la qual cosa \u00e9s important prendre les millors decisions en crear, dissenyar i executar aquest espai de la marca.<\/p>\n<h2>Principals caracter\u00edstiques del disseny d\u2019estands<\/h2>\n<p>Per aconseguir que el teu\u00a0estand destaqui sobre la resta i t\u2019apropi als teus prop\u00f2sits, has de posar-te en contacte amb professionals del sector.<\/p>\n<p>Aquestes s\u00f3n les pautes que, si o si, has d\u2019exigir en aquesta tasca creativa de comunicaci\u00f3 corporativa:<\/p>\n<ol>\n<li><strong>Aconseguir una gran visibilitat<\/strong>: L\u2019impacte ha de ser total per centrar l\u2019atenci\u00f3 a la quantitat m\u00e9s gran possible de visitants. Aposta pel volum, el ritme, la varietat i els contrastos. Aprofita el m\u00e0xim espai disponible, tamb\u00e9 l\u2019al\u00e7ada.<\/li>\n<li><strong>Cridar l\u2019atenci\u00f3<\/strong>: L\u2019estand \u00e9s un element tridimensional i has de decorar-lo com a tal. Utilitza recursos corbs, primeses, blocs, aix\u00ed com la pres\u00e8ncia de productes i lletres amb molt cos. Els monitors de televisi\u00f3 estan molt b\u00e9, per\u00f2 els cubs amb projecci\u00f3 multi cara s\u00f3n encara millors.<\/li>\n<li><strong>Il\u00b7luminar de forma diferencial<\/strong>: Com m\u00e9s il\u00b7luminats estiguin els teus principals est\u00edmuls, millor ser\u00e0 la teva comunicaci\u00f3. El r\u00e8tol, els productes estrella i els valors distintius han de veure\u2019s des de lluny i en tot moment.<\/li>\n<li><strong>Protegir el medi ambient: <\/strong>Cada vegada m\u00e9s, els clients exigeixen a les empreses una major responsabilitat ecol\u00f2gica. En crear o decorar el teu estand publicitari, inclou il\u00b7luminaci\u00f3 de llums leds, papers i cartons reciclats, a m\u00e9s de materials sostenibles i reutilitzables com la fusta i l\u2019acer, o almenys que siguin biodegradables.<\/li>\n<\/ol>\n<h2>Elements gr\u00e0fics que no han de faltar en un estand<\/h2>\n<p>Cada disseny \u00e9s \u00fanic i, per tant, excepcional. Aix\u00f2 no obstant, en general, sol ser fonamental comptar amb aquests productes i recursos gr\u00e0fics dins del teu estand:<\/p>\n<ul>\n<li><strong>R\u00e8tol corporatiu: <\/strong>Element gr\u00e0fic que identifica l\u2019empresa i les marques. Ha de veure\u2019s b\u00e9 i projectar una imatge estupenda<\/li>\n<li><strong><em>Roll-up<\/em><\/strong>: Expositor enrotllable. \u00c9s un recurs econ\u00f2mic que ajuda a vestir els diferents espais.<\/li>\n<li><strong>Lones<\/strong>: Element visual molt efectiu; que serveix per difondre anuncis sobre els productes i atraure a possibles clients.<\/li>\n<li><strong>Aparadors<\/strong>\u00a0i zones d\u2019atenci\u00f3 al client.<\/li>\n<li><strong>Fulletons i cat\u00e0legs<\/strong>: <strong>\u00a0<\/strong>Una de les formes m\u00e9s efectives de promocionar el teu negoci i de donar al client potencial la informaci\u00f3 necess\u00e0ria.<\/li>\n<li><strong>Cartells<\/strong>: S\u00f3n una alternativa, o un complement, per a la decoraci\u00f3 publicit\u00e0ria.<\/li>\n<li><strong>Mostres i regals: <\/strong>petits exemplars o obsequis que es donen als visitants de l\u2019estand per tal de recordar l\u2019experi\u00e8ncia o fer-se una idea del producte.<\/li>\n<\/ul>\n<p>Utilitza la versi\u00f3 de <a href=\"http:\/\/artyplan.com\/ca\/noticies\/materials-ecologics-per-a-la-impressio\/\" target=\"_blank\" rel=\"noopener\">material m\u00e9s ecol\u00f2gica<\/a> de cadascun d&#8217;aquests elements i crea aix\u00ed un estand totalment sostenible, ecol\u00f2gic i respectu\u00f3s amb el medi ambient.<\/p>\n<h2>Necessites ajuda per crear el teu estand? Artyplan \u00e9s el teu aliat<\/h2>\n<p>A l\u2019hora de\u00a0<strong>concebre i desenvolupar elements gr\u00e0fics d\u2019un estand<\/strong>, a Artyplan comptem en una llarga experi\u00e8ncia. De fet, els nostres professionals es posen a la teva disposici\u00f3 per fer realitat, exactament, el disseny de l\u2019estand que necessites.<\/p>\n<p>Tant en definir com en seguir els <strong>passos per a crear un estand<\/strong>, els treballs dels millors especialistes resulta determinant per l\u2019\u00e8xit. Deixa\u2019t assessorar sobre materials, solucions de disseny i quins recursos utilitza per a la teva proposta. El teu estand ser\u00e0 tot un \u00e8xit!<\/p>\n","protected":false},"excerpt":{"rendered":"<p>Un\u00a0estand \u00e9s un conjunt d\u2019estructures i elements de decoraci\u00f3 que s\u2019han creat per un esdeveniment, un congr\u00e9s o una fira. Es tracta, per tant, d\u2019arquitectura ef\u00edmera, ja que es crea per un per\u00edode temporal i despr\u00e9s es desmunta, ja sigui per tornar-lo a col\u00b7locar a un altre lloc o no. Saps quins s\u00f3n els millors [&hellip;]<\/p>\n","protected":false},"author":3,"featured_media":5230,"comment_status":"closed","ping_status":"closed","sticky":false,"template":"","format":"standard","meta":{"footnotes":""},"categories":[1],"tags":[],"class_list":["post-5231","post","type-post","status-publish","format-standard","has-post-thumbnail","hentry","category-sense-categoritzar"],"yoast_head":"<!-- This site is optimized with the Yoast SEO Premium plugin v26.5 (Yoast SEO v26.5) - https:\/\/yoast.com\/wordpress\/plugins\/seo\/ -->\n<title>Passos per crear un estand efica\u00e7 i sostenible | Artyplan<\/title>\n<meta name=\"description\" content=\"Coneixes quins s\u00f3n els passos per a crear un estand? Des d&#039;Artyplan t&#039;assessorem en els passo per a crear un estand.\" \/>\n<meta name=\"robots\" content=\"index, follow, max-snippet:-1, max-image-preview:large, max-video-preview:-1\" \/>\n<link rel=\"canonical\" href=\"https:\/\/artyplan.com\/ca\/blog\/passos-per-crear-un-estand-eficac-i-sostenible\/\" \/>\n<meta property=\"og:locale\" content=\"ca_ES\" \/>\n<meta property=\"og:type\" content=\"article\" \/>\n<meta property=\"og:title\" content=\"Passos per crear un estand efica\u00e7 i sostenible\" \/>\n<meta property=\"og:description\" content=\"Coneixes quins s\u00f3n els passos per a crear un estand? Des d&#039;Artyplan t&#039;assessorem en els passo per a crear un estand.\" \/>\n<meta property=\"og:url\" content=\"https:\/\/artyplan.com\/ca\/blog\/passos-per-crear-un-estand-eficac-i-sostenible\/\" \/>\n<meta property=\"og:site_name\" content=\"Artyplan\" \/>\n<meta property=\"article:publisher\" content=\"https:\/\/www.facebook.com\/artyplan\" \/>\n<meta property=\"article:published_time\" content=\"2021-12-19T22:00:00+00:00\" \/>\n<meta property=\"article:modified_time\" content=\"2025-09-07T14:10:21+00:00\" \/>\n<meta property=\"og:image\" content=\"https:\/\/artyplan.com\/wp-content\/uploads\/2025\/09\/stand-blog.png\" \/>\n\t<meta property=\"og:image:width\" content=\"1920\" \/>\n\t<meta property=\"og:image:height\" content=\"600\" \/>\n\t<meta property=\"og:image:type\" content=\"image\/png\" \/>\n<meta name=\"author\" content=\"Sergio Triguero\" \/>\n<meta name=\"twitter:card\" content=\"summary_large_image\" \/>\n<meta name=\"twitter:label1\" content=\"Escrit per\" \/>\n\t<meta name=\"twitter:data1\" content=\"Sergio Triguero\" \/>\n\t<meta name=\"twitter:label2\" content=\"Temps estimat de lectura\" \/>\n\t<meta name=\"twitter:data2\" content=\"4 minuts\" \/>\n<script type=\"application\/ld+json\" class=\"yoast-schema-graph\">{\"@context\":\"https:\/\/schema.org\",\"@graph\":[{\"@type\":\"Article\",\"@id\":\"https:\/\/artyplan.com\/ca\/blog\/passos-per-crear-un-estand-eficac-i-sostenible\/#article\",\"isPartOf\":{\"@id\":\"https:\/\/artyplan.com\/ca\/blog\/passos-per-crear-un-estand-eficac-i-sostenible\/\"},\"author\":{\"name\":\"Sergio Triguero\",\"@id\":\"https:\/\/artyplan.com\/ca\/#\/schema\/person\/0ef19accced432bc277b8d5248cd2cc0\"},\"headline\":\"Passos per crear un estand efica\u00e7 i sostenible\",\"datePublished\":\"2021-12-19T22:00:00+00:00\",\"dateModified\":\"2025-09-07T14:10:21+00:00\",\"mainEntityOfPage\":{\"@id\":\"https:\/\/artyplan.com\/ca\/blog\/passos-per-crear-un-estand-eficac-i-sostenible\/\"},\"wordCount\":792,\"publisher\":{\"@id\":\"https:\/\/artyplan.com\/ca\/#organization\"},\"image\":{\"@id\":\"https:\/\/artyplan.com\/ca\/blog\/passos-per-crear-un-estand-eficac-i-sostenible\/#primaryimage\"},\"thumbnailUrl\":\"https:\/\/artyplan.com\/wp-content\/uploads\/2025\/09\/stand-blog.png\",\"articleSection\":[\"Sense-categoritzar\"],\"inLanguage\":\"ca\"},{\"@type\":\"WebPage\",\"@id\":\"https:\/\/artyplan.com\/ca\/blog\/passos-per-crear-un-estand-eficac-i-sostenible\/\",\"url\":\"https:\/\/artyplan.com\/ca\/blog\/passos-per-crear-un-estand-eficac-i-sostenible\/\",\"name\":\"Passos per crear un estand efica\u00e7 i sostenible | Artyplan\",\"isPartOf\":{\"@id\":\"https:\/\/artyplan.com\/ca\/#website\"},\"primaryImageOfPage\":{\"@id\":\"https:\/\/artyplan.com\/ca\/blog\/passos-per-crear-un-estand-eficac-i-sostenible\/#primaryimage\"},\"image\":{\"@id\":\"https:\/\/artyplan.com\/ca\/blog\/passos-per-crear-un-estand-eficac-i-sostenible\/#primaryimage\"},\"thumbnailUrl\":\"https:\/\/artyplan.com\/wp-content\/uploads\/2025\/09\/stand-blog.png\",\"datePublished\":\"2021-12-19T22:00:00+00:00\",\"dateModified\":\"2025-09-07T14:10:21+00:00\",\"description\":\"Coneixes quins s\u00f3n els passos per a crear un estand? Des d'Artyplan t'assessorem en els passo per a crear un estand.\",\"breadcrumb\":{\"@id\":\"https:\/\/artyplan.com\/ca\/blog\/passos-per-crear-un-estand-eficac-i-sostenible\/#breadcrumb\"},\"inLanguage\":\"ca\",\"potentialAction\":[{\"@type\":\"ReadAction\",\"target\":[\"https:\/\/artyplan.com\/ca\/blog\/passos-per-crear-un-estand-eficac-i-sostenible\/\"]}]},{\"@type\":\"ImageObject\",\"inLanguage\":\"ca\",\"@id\":\"https:\/\/artyplan.com\/ca\/blog\/passos-per-crear-un-estand-eficac-i-sostenible\/#primaryimage\",\"url\":\"https:\/\/artyplan.com\/wp-content\/uploads\/2025\/09\/stand-blog.png\",\"contentUrl\":\"https:\/\/artyplan.com\/wp-content\/uploads\/2025\/09\/stand-blog.png\",\"width\":1920,\"height\":600,\"caption\":\"stand blog|passos-per-a-crear-estands\"},{\"@type\":\"BreadcrumbList\",\"@id\":\"https:\/\/artyplan.com\/ca\/blog\/passos-per-crear-un-estand-eficac-i-sostenible\/#breadcrumb\",\"itemListElement\":[{\"@type\":\"ListItem\",\"position\":1,\"name\":\"Artyplan\",\"item\":\"https:\/\/artyplan.com\/ca\/\"},{\"@type\":\"ListItem\",\"position\":2,\"name\":\"Passos per crear un estand efica\u00e7 i sostenible\"}]},{\"@type\":\"WebSite\",\"@id\":\"https:\/\/artyplan.com\/ca\/#website\",\"url\":\"https:\/\/artyplan.com\/ca\/\",\"name\":\"Artyplan\",\"description\":\"\",\"publisher\":{\"@id\":\"https:\/\/artyplan.com\/ca\/#organization\"},\"potentialAction\":[{\"@type\":\"SearchAction\",\"target\":{\"@type\":\"EntryPoint\",\"urlTemplate\":\"https:\/\/artyplan.com\/ca\/?s={search_term_string}\"},\"query-input\":{\"@type\":\"PropertyValueSpecification\",\"valueRequired\":true,\"valueName\":\"search_term_string\"}}],\"inLanguage\":\"ca\"},{\"@type\":\"Organization\",\"@id\":\"https:\/\/artyplan.com\/ca\/#organization\",\"name\":\"Artyplan\",\"url\":\"https:\/\/artyplan.com\/ca\/\",\"logo\":{\"@type\":\"ImageObject\",\"inLanguage\":\"ca\",\"@id\":\"https:\/\/artyplan.com\/ca\/#\/schema\/logo\/image\/\",\"url\":\"https:\/\/artyplan.com\/wp-content\/uploads\/2025\/12\/Logo-artyplan-690x690-1.png\",\"contentUrl\":\"https:\/\/artyplan.com\/wp-content\/uploads\/2025\/12\/Logo-artyplan-690x690-1.png\",\"width\":690,\"height\":690,\"caption\":\"Artyplan\"},\"image\":{\"@id\":\"https:\/\/artyplan.com\/ca\/#\/schema\/logo\/image\/\"},\"sameAs\":[\"https:\/\/www.facebook.com\/artyplan\",\"https:\/\/www.instagram.com\/artyplan\/\",\"https:\/\/www.linkedin.com\/company\/artyplan\"],\"description\":\"Artyplan \u00e9s una empresa especialitzada en producci\u00f3 gr\u00e0fica i comunicaci\u00f3 visual amb 60 anys dexperi\u00e8ncia. Oferim solucions integrals d'impressi\u00f3 en gran format, PLV i retail, gesti\u00f3 d'esdeveniments i fires, disseny i fabricaci\u00f3 a mida, log\u00edstica i serveis d'instal\u00b7laci\u00f3 a tot el territori. Treballem per a marques, ag\u00e8ncies, espais comercials i institucions que necessiten un partner fiable per desenvolupar campanyes de m\u00e0rqueting, projectes de retail i accions de branding o m\u00e0rqueting. Combinem tecnologia avan\u00e7ada d\u00b4impressi\u00f3 digital, un equip expert i una gesti\u00f3 completa de projectes per garantir qualitat, agilitat i resultats a mida per a cada client. Disposem de plataformes B2B que faciliten als nostres clients la gesti\u00f3 de les comandes de materials impresos aix\u00ed com la log\u00edstica dels mateixos.\",\"email\":\"info@artyplan.com\",\"telephone\":\"+34 93 200 87 99\",\"legalName\":\"Artyplan S.L.\",\"vatID\":\"B61963229\",\"numberOfEmployees\":{\"@type\":\"QuantitativeValue\",\"minValue\":\"51\",\"maxValue\":\"200\"}},{\"@type\":\"Person\",\"@id\":\"https:\/\/artyplan.com\/ca\/#\/schema\/person\/0ef19accced432bc277b8d5248cd2cc0\",\"name\":\"Sergio Triguero\",\"image\":{\"@type\":\"ImageObject\",\"inLanguage\":\"ca\",\"@id\":\"https:\/\/artyplan.com\/ca\/#\/schema\/person\/image\/\",\"url\":\"https:\/\/secure.gravatar.com\/avatar\/c742a95811ffbc635a3d111ab446f278cce576575d14970fd5d56e17580c3f23?s=96&d=mm&r=g\",\"contentUrl\":\"https:\/\/secure.gravatar.com\/avatar\/c742a95811ffbc635a3d111ab446f278cce576575d14970fd5d56e17580c3f23?s=96&d=mm&r=g\",\"caption\":\"Sergio Triguero\"}}]}<\/script>\n<!-- \/ Yoast SEO Premium plugin. -->","yoast_head_json":{"title":"Passos per crear un estand efica\u00e7 i sostenible | Artyplan","description":"Coneixes quins s\u00f3n els passos per a crear un estand? Des d'Artyplan t'assessorem en els passo per a crear un estand.","robots":{"index":"index","follow":"follow","max-snippet":"max-snippet:-1","max-image-preview":"max-image-preview:large","max-video-preview":"max-video-preview:-1"},"canonical":"https:\/\/artyplan.com\/ca\/blog\/passos-per-crear-un-estand-eficac-i-sostenible\/","og_locale":"ca_ES","og_type":"article","og_title":"Passos per crear un estand efica\u00e7 i sostenible","og_description":"Coneixes quins s\u00f3n els passos per a crear un estand? Des d'Artyplan t'assessorem en els passo per a crear un estand.","og_url":"https:\/\/artyplan.com\/ca\/blog\/passos-per-crear-un-estand-eficac-i-sostenible\/","og_site_name":"Artyplan","article_publisher":"https:\/\/www.facebook.com\/artyplan","article_published_time":"2021-12-19T22:00:00+00:00","article_modified_time":"2025-09-07T14:10:21+00:00","og_image":[{"width":1920,"height":600,"url":"https:\/\/artyplan.com\/wp-content\/uploads\/2025\/09\/stand-blog.png","type":"image\/png"}],"author":"Sergio Triguero","twitter_card":"summary_large_image","twitter_misc":{"Escrit per":"Sergio Triguero","Temps estimat de lectura":"4 minuts"},"schema":{"@context":"https:\/\/schema.org","@graph":[{"@type":"Article","@id":"https:\/\/artyplan.com\/ca\/blog\/passos-per-crear-un-estand-eficac-i-sostenible\/#article","isPartOf":{"@id":"https:\/\/artyplan.com\/ca\/blog\/passos-per-crear-un-estand-eficac-i-sostenible\/"},"author":{"name":"Sergio Triguero","@id":"https:\/\/artyplan.com\/ca\/#\/schema\/person\/0ef19accced432bc277b8d5248cd2cc0"},"headline":"Passos per crear un estand efica\u00e7 i sostenible","datePublished":"2021-12-19T22:00:00+00:00","dateModified":"2025-09-07T14:10:21+00:00","mainEntityOfPage":{"@id":"https:\/\/artyplan.com\/ca\/blog\/passos-per-crear-un-estand-eficac-i-sostenible\/"},"wordCount":792,"publisher":{"@id":"https:\/\/artyplan.com\/ca\/#organization"},"image":{"@id":"https:\/\/artyplan.com\/ca\/blog\/passos-per-crear-un-estand-eficac-i-sostenible\/#primaryimage"},"thumbnailUrl":"https:\/\/artyplan.com\/wp-content\/uploads\/2025\/09\/stand-blog.png","articleSection":["Sense-categoritzar"],"inLanguage":"ca"},{"@type":"WebPage","@id":"https:\/\/artyplan.com\/ca\/blog\/passos-per-crear-un-estand-eficac-i-sostenible\/","url":"https:\/\/artyplan.com\/ca\/blog\/passos-per-crear-un-estand-eficac-i-sostenible\/","name":"Passos per crear un estand efica\u00e7 i sostenible | Artyplan","isPartOf":{"@id":"https:\/\/artyplan.com\/ca\/#website"},"primaryImageOfPage":{"@id":"https:\/\/artyplan.com\/ca\/blog\/passos-per-crear-un-estand-eficac-i-sostenible\/#primaryimage"},"image":{"@id":"https:\/\/artyplan.com\/ca\/blog\/passos-per-crear-un-estand-eficac-i-sostenible\/#primaryimage"},"thumbnailUrl":"https:\/\/artyplan.com\/wp-content\/uploads\/2025\/09\/stand-blog.png","datePublished":"2021-12-19T22:00:00+00:00","dateModified":"2025-09-07T14:10:21+00:00","description":"Coneixes quins s\u00f3n els passos per a crear un estand? Des d'Artyplan t'assessorem en els passo per a crear un estand.","breadcrumb":{"@id":"https:\/\/artyplan.com\/ca\/blog\/passos-per-crear-un-estand-eficac-i-sostenible\/#breadcrumb"},"inLanguage":"ca","potentialAction":[{"@type":"ReadAction","target":["https:\/\/artyplan.com\/ca\/blog\/passos-per-crear-un-estand-eficac-i-sostenible\/"]}]},{"@type":"ImageObject","inLanguage":"ca","@id":"https:\/\/artyplan.com\/ca\/blog\/passos-per-crear-un-estand-eficac-i-sostenible\/#primaryimage","url":"https:\/\/artyplan.com\/wp-content\/uploads\/2025\/09\/stand-blog.png","contentUrl":"https:\/\/artyplan.com\/wp-content\/uploads\/2025\/09\/stand-blog.png","width":1920,"height":600,"caption":"stand blog|passos-per-a-crear-estands"},{"@type":"BreadcrumbList","@id":"https:\/\/artyplan.com\/ca\/blog\/passos-per-crear-un-estand-eficac-i-sostenible\/#breadcrumb","itemListElement":[{"@type":"ListItem","position":1,"name":"Artyplan","item":"https:\/\/artyplan.com\/ca\/"},{"@type":"ListItem","position":2,"name":"Passos per crear un estand efica\u00e7 i sostenible"}]},{"@type":"WebSite","@id":"https:\/\/artyplan.com\/ca\/#website","url":"https:\/\/artyplan.com\/ca\/","name":"Artyplan","description":"","publisher":{"@id":"https:\/\/artyplan.com\/ca\/#organization"},"potentialAction":[{"@type":"SearchAction","target":{"@type":"EntryPoint","urlTemplate":"https:\/\/artyplan.com\/ca\/?s={search_term_string}"},"query-input":{"@type":"PropertyValueSpecification","valueRequired":true,"valueName":"search_term_string"}}],"inLanguage":"ca"},{"@type":"Organization","@id":"https:\/\/artyplan.com\/ca\/#organization","name":"Artyplan","url":"https:\/\/artyplan.com\/ca\/","logo":{"@type":"ImageObject","inLanguage":"ca","@id":"https:\/\/artyplan.com\/ca\/#\/schema\/logo\/image\/","url":"https:\/\/artyplan.com\/wp-content\/uploads\/2025\/12\/Logo-artyplan-690x690-1.png","contentUrl":"https:\/\/artyplan.com\/wp-content\/uploads\/2025\/12\/Logo-artyplan-690x690-1.png","width":690,"height":690,"caption":"Artyplan"},"image":{"@id":"https:\/\/artyplan.com\/ca\/#\/schema\/logo\/image\/"},"sameAs":["https:\/\/www.facebook.com\/artyplan","https:\/\/www.instagram.com\/artyplan\/","https:\/\/www.linkedin.com\/company\/artyplan"],"description":"Artyplan \u00e9s una empresa especialitzada en producci\u00f3 gr\u00e0fica i comunicaci\u00f3 visual amb 60 anys dexperi\u00e8ncia. Oferim solucions integrals d'impressi\u00f3 en gran format, PLV i retail, gesti\u00f3 d'esdeveniments i fires, disseny i fabricaci\u00f3 a mida, log\u00edstica i serveis d'instal\u00b7laci\u00f3 a tot el territori. Treballem per a marques, ag\u00e8ncies, espais comercials i institucions que necessiten un partner fiable per desenvolupar campanyes de m\u00e0rqueting, projectes de retail i accions de branding o m\u00e0rqueting. Combinem tecnologia avan\u00e7ada d\u00b4impressi\u00f3 digital, un equip expert i una gesti\u00f3 completa de projectes per garantir qualitat, agilitat i resultats a mida per a cada client. Disposem de plataformes B2B que faciliten als nostres clients la gesti\u00f3 de les comandes de materials impresos aix\u00ed com la log\u00edstica dels mateixos.","email":"info@artyplan.com","telephone":"+34 93 200 87 99","legalName":"Artyplan S.L.","vatID":"B61963229","numberOfEmployees":{"@type":"QuantitativeValue","minValue":"51","maxValue":"200"}},{"@type":"Person","@id":"https:\/\/artyplan.com\/ca\/#\/schema\/person\/0ef19accced432bc277b8d5248cd2cc0","name":"Sergio Triguero","image":{"@type":"ImageObject","inLanguage":"ca","@id":"https:\/\/artyplan.com\/ca\/#\/schema\/person\/image\/","url":"https:\/\/secure.gravatar.com\/avatar\/c742a95811ffbc635a3d111ab446f278cce576575d14970fd5d56e17580c3f23?s=96&d=mm&r=g","contentUrl":"https:\/\/secure.gravatar.com\/avatar\/c742a95811ffbc635a3d111ab446f278cce576575d14970fd5d56e17580c3f23?s=96&d=mm&r=g","caption":"Sergio Triguero"}}]}},"_links":{"self":[{"href":"https:\/\/artyplan.com\/ca\/wp-json\/wp\/v2\/posts\/5231","targetHints":{"allow":["GET"]}}],"collection":[{"href":"https:\/\/artyplan.com\/ca\/wp-json\/wp\/v2\/posts"}],"about":[{"href":"https:\/\/artyplan.com\/ca\/wp-json\/wp\/v2\/types\/post"}],"author":[{"embeddable":true,"href":"https:\/\/artyplan.com\/ca\/wp-json\/wp\/v2\/users\/3"}],"replies":[{"embeddable":true,"href":"https:\/\/artyplan.com\/ca\/wp-json\/wp\/v2\/comments?post=5231"}],"version-history":[{"count":1,"href":"https:\/\/artyplan.com\/ca\/wp-json\/wp\/v2\/posts\/5231\/revisions"}],"predecessor-version":[{"id":6340,"href":"https:\/\/artyplan.com\/ca\/wp-json\/wp\/v2\/posts\/5231\/revisions\/6340"}],"wp:featuredmedia":[{"embeddable":true,"href":"https:\/\/artyplan.com\/ca\/wp-json\/wp\/v2\/media\/5230"}],"wp:attachment":[{"href":"https:\/\/artyplan.com\/ca\/wp-json\/wp\/v2\/media?parent=5231"}],"wp:term":[{"taxonomy":"category","embeddable":true,"href":"https:\/\/artyplan.com\/ca\/wp-json\/wp\/v2\/categories?post=5231"},{"taxonomy":"post_tag","embeddable":true,"href":"https:\/\/artyplan.com\/ca\/wp-json\/wp\/v2\/tags?post=5231"}],"curies":[{"name":"wp","href":"https:\/\/api.w.org\/{rel}","templated":true}]}}