{"id":5235,"date":"2021-12-30T00:00:00","date_gmt":"2021-12-29T22:00:00","guid":{"rendered":"https:\/\/preweb.artyplan.com\/sin-categorizar\/arxiu-digital-empresa\/"},"modified":"2025-09-07T16:10:22","modified_gmt":"2025-09-07T14:10:22","slug":"arxiu-digital-empresa","status":"publish","type":"post","link":"https:\/\/artyplan.com\/ca\/blog\/arxiu-digital-empresa\/","title":{"rendered":"Artydoc, l\u2019arxiu digital de la teva empresa"},"content":{"rendered":"<p>L\u2019optimitzaci\u00f3 de recursos i la innovaci\u00f3 de processos en el camp de la gesti\u00f3 documental \u00e9s una tend\u00e8ncia en l\u2019actualitat i s\u2019est\u00e0 convertint en un objectiu prioritari dins les organitzacions.<\/p>\n<p>Les evolucions tecnol\u00f2giques d\u2019avui en dia permeten una automatitzaci\u00f3 de tasques i procediments d\u2019emmagatzematge i consulta que han fet millorar i optimitzar els \u00e0mbits documentals de manera exponencial. Aquesta evoluci\u00f3 del sector ha perm\u00e8s reduir dr\u00e0sticament el volum de documents f\u00edsic circulant i acumulant-se en les nostres instal\u00b7lacions.<\/p>\n<p>Aquesta nova situaci\u00f3 fa variar l\u2019escenari de sales plenes d\u2019arxivadors gr\u00e0cies als nous dispositius d\u2019emmagatzematge, capa\u00e7os de contenir grans quantitats de documents en un m\u00ednim espai i, a m\u00e9s a m\u00e9s, poden ser localitzats i visualitzat en q\u00fcesti\u00f3 de segons.<\/p>\n<p>Tot aix\u00f2 ha portat a Artyplan Document a desenvolupar noves eines i processos que garanteixen uns resultats \u00f2ptims, com l\u2019<strong>Artydoc<\/strong>. Programari desenvolupat com una soluci\u00f3 global i definitiva a la necessitat de gesti\u00f3 documental actual, podent adaptar-la a les necessitats espec\u00edfiques de cada situaci\u00f3.<\/p>\n<h2>Qu\u00e8 \u00e9s Artydoc?<\/h2>\n<p>Artydoc \u00e9s un programari de gesti\u00f3 documental, arxiu digital, pensat per optimitzar temps i recursos en tots aquells \u00e0mbits de la gesti\u00f3 documental que pot necessitar una empresa o organitzaci\u00f3.\u00a0 Els fitxers que cont\u00e9 (guardats en metadades) es busquen i es presenten segons els permisos de gesti\u00f3 que se li ha donat a cada arxiu.<\/p>\n<p>Aquesta eina de gesti\u00f3 permet la seg\u00fcent configuraci\u00f3:<\/p>\n<ul>\n<li>Usuaris il\u00b7limitats.<\/li>\n<li>M\u00f2dul administrador i usuari.<\/li>\n<li>M\u00f2dul de cerca visual.<\/li>\n<li>Sortida a web del client.<\/li>\n<\/ul>\n<p>A m\u00e9s a m\u00e9s, funciona amb un servidor dedicat a Artyplan.<\/p>\n<h3>Caracter\u00edstiques generals<\/h3>\n<p>Aquest programari, arxiu digital, compta en diferents caracter\u00edstiques que permeten agilitzar a l&#8217;usuari la classificaci\u00f3, disposici\u00f3 i emmagatzematge de documents electr\u00f2nics.<\/p>\n<ul>\n<li><strong>No requereix instal\u00b7laci\u00f3:<\/strong> una vegada s\u2019ha instal\u00b7lat l\u2019eina \u00e9s accessible mitjan\u00e7ant el navegador. Per la qual cosa, es poden obrir m\u00faltiples pestanyes i es pot treballar amb diverses inst\u00e0ncies del programa a la vegada.<\/li>\n<li><strong>Independ\u00e8ncia de S.O. i multiplataforma:<\/strong> el programa no dep\u00e8n de hardware, \u00e9s a dir des de qualsevol dispositiu amb navegador es pot accedir al programa. A m\u00e9s a m\u00e9s, el disseny de la plataforma \u00e9s <em>responsive<\/em> fet que permet utilitzar-ho des de qualsevol dispositiu m\u00f2bil (Tablet, PC port\u00e0til, tel\u00e8fon\u2026).<\/li>\n<li><strong>Possibilitat de tenir acc\u00e9s remot:<\/strong> en ser un programari web es pot obrir a Internet i treballar amb l\u2019eina des de qualsevol lloc.<\/li>\n<li><strong>Paginaci\u00f3 de cerques:<\/strong> el programari optimitza el retorn de les dades que es busquen. Nom\u00e9s es visualitza el que es necessita. Permetent aix\u00ed la utilitzaci\u00f3 del programa amb flu\u00efdesa independentment de les dades que hi hagi.<\/li>\n<li><strong>Programari lliure Apache-PHP-MySQL:<\/strong> en utilitzar-se programari lliure es permet que aquest creixi sense haver de realitzar cap inversi\u00f3 en una llic\u00e8ncia addicional. A la vegada que es t\u00e9 l&#8217;\u00faltima versi\u00f3 del codi font.<\/li>\n<li><strong>Autonomia:<\/strong> l\u2019usuari avan\u00e7at se li permet ordenar, organitzar i editar els camps i quadres de classificaci\u00f3 d\u2019una forma \u00e0gil i r\u00e0pida sense necessitar els t\u00e8cnics d\u2019Artyplan Document. Aquesta autonomia tamb\u00e9 permet que el temps d\u2019instal\u00b7laci\u00f3 i adaptaci\u00f3 del programa sigui m\u00e9s curt.<\/li>\n<\/ul>\n<h2>Vols crear el teu arxiu digital amb Artydoc?<\/h2>\n<p>Si tens un arxiu amb un gran volum de fitxers i a la vegada poc espai f\u00edsic per guardar-los. El nostre programari de gesti\u00f3 documental Artydoc pot ser la teva soluci\u00f3. Demana informaci\u00f3 als nostres\u00a0 especialistes en documentaci\u00f3 digital del <a href=\"http:\/\/artyplan.com\/ca\/serveis\/digitalitzacio-i-gestio-documental\/\" target=\"_blank\" rel=\"noopener\">servei de digitalitzaci\u00f3 i gesti\u00f3 documental<\/a>, Artyplan Document,\u00a0 perqu\u00e8 et realitzin un projecte segons les teves necessitats.<\/p>\n","protected":false},"excerpt":{"rendered":"<p>L\u2019optimitzaci\u00f3 de recursos i la innovaci\u00f3 de processos en el camp de la gesti\u00f3 documental \u00e9s una tend\u00e8ncia en l\u2019actualitat i s\u2019est\u00e0 convertint en un objectiu prioritari dins les organitzacions. Les evolucions tecnol\u00f2giques d\u2019avui en dia permeten una automatitzaci\u00f3 de tasques i procediments d\u2019emmagatzematge i consulta que han fet millorar i optimitzar els \u00e0mbits documentals [&hellip;]<\/p>\n","protected":false},"author":3,"featured_media":7018,"comment_status":"closed","ping_status":"closed","sticky":false,"template":"","format":"standard","meta":{"footnotes":""},"categories":[1],"tags":[],"class_list":["post-5235","post","type-post","status-publish","format-standard","has-post-thumbnail","hentry","category-sense-categoritzar"],"yoast_head":"<!-- This site is optimized with the Yoast SEO Premium plugin v26.5 (Yoast SEO v26.5) - https:\/\/yoast.com\/wordpress\/plugins\/seo\/ -->\n<title>Artydoc, l\u2019arxiu digital de la teva empresa | Artyplan Document<\/title>\n<meta name=\"description\" content=\"Artydoc \u00e9s el teu arxiu digital per gestionar documents. Explica el teu projecte de digitalitzaci\u00f3 i crearem el teu arxiu digital a mida.\" \/>\n<meta name=\"robots\" content=\"index, follow, max-snippet:-1, max-image-preview:large, max-video-preview:-1\" \/>\n<link rel=\"canonical\" href=\"https:\/\/artyplan.com\/ca\/blog\/arxiu-digital-empresa\/\" \/>\n<meta property=\"og:locale\" content=\"ca_ES\" \/>\n<meta property=\"og:type\" content=\"article\" \/>\n<meta property=\"og:title\" content=\"Artydoc, l\u2019arxiu digital de la teva empresa\" \/>\n<meta property=\"og:description\" content=\"Artydoc \u00e9s el teu arxiu digital per gestionar documents. Explica el teu projecte de digitalitzaci\u00f3 i crearem el teu arxiu digital a mida.\" \/>\n<meta property=\"og:url\" content=\"https:\/\/artyplan.com\/ca\/blog\/arxiu-digital-empresa\/\" \/>\n<meta property=\"og:site_name\" content=\"Artyplan\" \/>\n<meta property=\"article:publisher\" content=\"https:\/\/www.facebook.com\/artyplan\" \/>\n<meta property=\"article:published_time\" content=\"2021-12-29T22:00:00+00:00\" \/>\n<meta property=\"article:modified_time\" content=\"2025-09-07T14:10:22+00:00\" \/>\n<meta property=\"og:image\" content=\"https:\/\/artyplan.com\/wp-content\/uploads\/2025\/09\/artydoc-archivo-digital.jpg\" \/>\n\t<meta property=\"og:image:width\" content=\"1920\" \/>\n\t<meta property=\"og:image:height\" content=\"600\" \/>\n\t<meta property=\"og:image:type\" content=\"image\/jpeg\" \/>\n<meta name=\"author\" content=\"Sergio Triguero\" \/>\n<meta name=\"twitter:card\" content=\"summary_large_image\" \/>\n<meta name=\"twitter:label1\" content=\"Escrit per\" \/>\n\t<meta name=\"twitter:data1\" content=\"Sergio Triguero\" \/>\n\t<meta name=\"twitter:label2\" content=\"Temps estimat de lectura\" \/>\n\t<meta name=\"twitter:data2\" content=\"3 minuts\" \/>\n<script type=\"application\/ld+json\" class=\"yoast-schema-graph\">{\"@context\":\"https:\/\/schema.org\",\"@graph\":[{\"@type\":\"Article\",\"@id\":\"https:\/\/artyplan.com\/ca\/blog\/arxiu-digital-empresa\/#article\",\"isPartOf\":{\"@id\":\"https:\/\/artyplan.com\/ca\/blog\/arxiu-digital-empresa\/\"},\"author\":{\"name\":\"Sergio Triguero\",\"@id\":\"https:\/\/artyplan.com\/ca\/#\/schema\/person\/0ef19accced432bc277b8d5248cd2cc0\"},\"headline\":\"Artydoc, l\u2019arxiu digital de la teva empresa\",\"datePublished\":\"2021-12-29T22:00:00+00:00\",\"dateModified\":\"2025-09-07T14:10:22+00:00\",\"mainEntityOfPage\":{\"@id\":\"https:\/\/artyplan.com\/ca\/blog\/arxiu-digital-empresa\/\"},\"wordCount\":630,\"publisher\":{\"@id\":\"https:\/\/artyplan.com\/ca\/#organization\"},\"image\":{\"@id\":\"https:\/\/artyplan.com\/ca\/blog\/arxiu-digital-empresa\/#primaryimage\"},\"thumbnailUrl\":\"https:\/\/artyplan.com\/wp-content\/uploads\/2025\/09\/artydoc-archivo-digital.jpg\",\"articleSection\":[\"Sense-categoritzar\"],\"inLanguage\":\"ca\"},{\"@type\":\"WebPage\",\"@id\":\"https:\/\/artyplan.com\/ca\/blog\/arxiu-digital-empresa\/\",\"url\":\"https:\/\/artyplan.com\/ca\/blog\/arxiu-digital-empresa\/\",\"name\":\"Artydoc, l\u2019arxiu digital de la teva empresa | Artyplan Document\",\"isPartOf\":{\"@id\":\"https:\/\/artyplan.com\/ca\/#website\"},\"primaryImageOfPage\":{\"@id\":\"https:\/\/artyplan.com\/ca\/blog\/arxiu-digital-empresa\/#primaryimage\"},\"image\":{\"@id\":\"https:\/\/artyplan.com\/ca\/blog\/arxiu-digital-empresa\/#primaryimage\"},\"thumbnailUrl\":\"https:\/\/artyplan.com\/wp-content\/uploads\/2025\/09\/artydoc-archivo-digital.jpg\",\"datePublished\":\"2021-12-29T22:00:00+00:00\",\"dateModified\":\"2025-09-07T14:10:22+00:00\",\"description\":\"Artydoc \u00e9s el teu arxiu digital per gestionar documents. Explica el teu projecte de digitalitzaci\u00f3 i crearem el teu arxiu digital a mida.\",\"breadcrumb\":{\"@id\":\"https:\/\/artyplan.com\/ca\/blog\/arxiu-digital-empresa\/#breadcrumb\"},\"inLanguage\":\"ca\",\"potentialAction\":[{\"@type\":\"ReadAction\",\"target\":[\"https:\/\/artyplan.com\/ca\/blog\/arxiu-digital-empresa\/\"]}]},{\"@type\":\"ImageObject\",\"inLanguage\":\"ca\",\"@id\":\"https:\/\/artyplan.com\/ca\/blog\/arxiu-digital-empresa\/#primaryimage\",\"url\":\"https:\/\/artyplan.com\/wp-content\/uploads\/2025\/09\/artydoc-archivo-digital.jpg\",\"contentUrl\":\"https:\/\/artyplan.com\/wp-content\/uploads\/2025\/09\/artydoc-archivo-digital.jpg\",\"width\":1920,\"height\":600,\"caption\":\"artydoc-archivo-digital\"},{\"@type\":\"BreadcrumbList\",\"@id\":\"https:\/\/artyplan.com\/ca\/blog\/arxiu-digital-empresa\/#breadcrumb\",\"itemListElement\":[{\"@type\":\"ListItem\",\"position\":1,\"name\":\"Artyplan\",\"item\":\"https:\/\/artyplan.com\/ca\/\"},{\"@type\":\"ListItem\",\"position\":2,\"name\":\"Artydoc, l\u2019arxiu digital de la teva empresa\"}]},{\"@type\":\"WebSite\",\"@id\":\"https:\/\/artyplan.com\/ca\/#website\",\"url\":\"https:\/\/artyplan.com\/ca\/\",\"name\":\"Artyplan\",\"description\":\"\",\"publisher\":{\"@id\":\"https:\/\/artyplan.com\/ca\/#organization\"},\"potentialAction\":[{\"@type\":\"SearchAction\",\"target\":{\"@type\":\"EntryPoint\",\"urlTemplate\":\"https:\/\/artyplan.com\/ca\/?s={search_term_string}\"},\"query-input\":{\"@type\":\"PropertyValueSpecification\",\"valueRequired\":true,\"valueName\":\"search_term_string\"}}],\"inLanguage\":\"ca\"},{\"@type\":\"Organization\",\"@id\":\"https:\/\/artyplan.com\/ca\/#organization\",\"name\":\"Artyplan\",\"url\":\"https:\/\/artyplan.com\/ca\/\",\"logo\":{\"@type\":\"ImageObject\",\"inLanguage\":\"ca\",\"@id\":\"https:\/\/artyplan.com\/ca\/#\/schema\/logo\/image\/\",\"url\":\"https:\/\/artyplan.com\/wp-content\/uploads\/2025\/12\/Logo-artyplan-690x690-1.png\",\"contentUrl\":\"https:\/\/artyplan.com\/wp-content\/uploads\/2025\/12\/Logo-artyplan-690x690-1.png\",\"width\":690,\"height\":690,\"caption\":\"Artyplan\"},\"image\":{\"@id\":\"https:\/\/artyplan.com\/ca\/#\/schema\/logo\/image\/\"},\"sameAs\":[\"https:\/\/www.facebook.com\/artyplan\",\"https:\/\/www.instagram.com\/artyplan\/\",\"https:\/\/www.linkedin.com\/company\/artyplan\"],\"description\":\"Artyplan \u00e9s una empresa especialitzada en producci\u00f3 gr\u00e0fica i comunicaci\u00f3 visual amb 60 anys dexperi\u00e8ncia. Oferim solucions integrals d'impressi\u00f3 en gran format, PLV i retail, gesti\u00f3 d'esdeveniments i fires, disseny i fabricaci\u00f3 a mida, log\u00edstica i serveis d'instal\u00b7laci\u00f3 a tot el territori. Treballem per a marques, ag\u00e8ncies, espais comercials i institucions que necessiten un partner fiable per desenvolupar campanyes de m\u00e0rqueting, projectes de retail i accions de branding o m\u00e0rqueting. Combinem tecnologia avan\u00e7ada d\u00b4impressi\u00f3 digital, un equip expert i una gesti\u00f3 completa de projectes per garantir qualitat, agilitat i resultats a mida per a cada client. Disposem de plataformes B2B que faciliten als nostres clients la gesti\u00f3 de les comandes de materials impresos aix\u00ed com la log\u00edstica dels mateixos.\",\"email\":\"info@artyplan.com\",\"telephone\":\"+34 93 200 87 99\",\"legalName\":\"Artyplan S.L.\",\"vatID\":\"B61963229\",\"numberOfEmployees\":{\"@type\":\"QuantitativeValue\",\"minValue\":\"51\",\"maxValue\":\"200\"}},{\"@type\":\"Person\",\"@id\":\"https:\/\/artyplan.com\/ca\/#\/schema\/person\/0ef19accced432bc277b8d5248cd2cc0\",\"name\":\"Sergio Triguero\",\"image\":{\"@type\":\"ImageObject\",\"inLanguage\":\"ca\",\"@id\":\"https:\/\/artyplan.com\/ca\/#\/schema\/person\/image\/\",\"url\":\"https:\/\/secure.gravatar.com\/avatar\/c742a95811ffbc635a3d111ab446f278cce576575d14970fd5d56e17580c3f23?s=96&d=mm&r=g\",\"contentUrl\":\"https:\/\/secure.gravatar.com\/avatar\/c742a95811ffbc635a3d111ab446f278cce576575d14970fd5d56e17580c3f23?s=96&d=mm&r=g\",\"caption\":\"Sergio Triguero\"}}]}<\/script>\n<!-- \/ Yoast SEO Premium plugin. -->","yoast_head_json":{"title":"Artydoc, l\u2019arxiu digital de la teva empresa | Artyplan Document","description":"Artydoc \u00e9s el teu arxiu digital per gestionar documents. Explica el teu projecte de digitalitzaci\u00f3 i crearem el teu arxiu digital a mida.","robots":{"index":"index","follow":"follow","max-snippet":"max-snippet:-1","max-image-preview":"max-image-preview:large","max-video-preview":"max-video-preview:-1"},"canonical":"https:\/\/artyplan.com\/ca\/blog\/arxiu-digital-empresa\/","og_locale":"ca_ES","og_type":"article","og_title":"Artydoc, l\u2019arxiu digital de la teva empresa","og_description":"Artydoc \u00e9s el teu arxiu digital per gestionar documents. Explica el teu projecte de digitalitzaci\u00f3 i crearem el teu arxiu digital a mida.","og_url":"https:\/\/artyplan.com\/ca\/blog\/arxiu-digital-empresa\/","og_site_name":"Artyplan","article_publisher":"https:\/\/www.facebook.com\/artyplan","article_published_time":"2021-12-29T22:00:00+00:00","article_modified_time":"2025-09-07T14:10:22+00:00","og_image":[{"width":1920,"height":600,"url":"https:\/\/artyplan.com\/wp-content\/uploads\/2025\/09\/artydoc-archivo-digital.jpg","type":"image\/jpeg"}],"author":"Sergio Triguero","twitter_card":"summary_large_image","twitter_misc":{"Escrit per":"Sergio Triguero","Temps estimat de lectura":"3 minuts"},"schema":{"@context":"https:\/\/schema.org","@graph":[{"@type":"Article","@id":"https:\/\/artyplan.com\/ca\/blog\/arxiu-digital-empresa\/#article","isPartOf":{"@id":"https:\/\/artyplan.com\/ca\/blog\/arxiu-digital-empresa\/"},"author":{"name":"Sergio Triguero","@id":"https:\/\/artyplan.com\/ca\/#\/schema\/person\/0ef19accced432bc277b8d5248cd2cc0"},"headline":"Artydoc, l\u2019arxiu digital de la teva empresa","datePublished":"2021-12-29T22:00:00+00:00","dateModified":"2025-09-07T14:10:22+00:00","mainEntityOfPage":{"@id":"https:\/\/artyplan.com\/ca\/blog\/arxiu-digital-empresa\/"},"wordCount":630,"publisher":{"@id":"https:\/\/artyplan.com\/ca\/#organization"},"image":{"@id":"https:\/\/artyplan.com\/ca\/blog\/arxiu-digital-empresa\/#primaryimage"},"thumbnailUrl":"https:\/\/artyplan.com\/wp-content\/uploads\/2025\/09\/artydoc-archivo-digital.jpg","articleSection":["Sense-categoritzar"],"inLanguage":"ca"},{"@type":"WebPage","@id":"https:\/\/artyplan.com\/ca\/blog\/arxiu-digital-empresa\/","url":"https:\/\/artyplan.com\/ca\/blog\/arxiu-digital-empresa\/","name":"Artydoc, l\u2019arxiu digital de la teva empresa | Artyplan Document","isPartOf":{"@id":"https:\/\/artyplan.com\/ca\/#website"},"primaryImageOfPage":{"@id":"https:\/\/artyplan.com\/ca\/blog\/arxiu-digital-empresa\/#primaryimage"},"image":{"@id":"https:\/\/artyplan.com\/ca\/blog\/arxiu-digital-empresa\/#primaryimage"},"thumbnailUrl":"https:\/\/artyplan.com\/wp-content\/uploads\/2025\/09\/artydoc-archivo-digital.jpg","datePublished":"2021-12-29T22:00:00+00:00","dateModified":"2025-09-07T14:10:22+00:00","description":"Artydoc \u00e9s el teu arxiu digital per gestionar documents. Explica el teu projecte de digitalitzaci\u00f3 i crearem el teu arxiu digital a mida.","breadcrumb":{"@id":"https:\/\/artyplan.com\/ca\/blog\/arxiu-digital-empresa\/#breadcrumb"},"inLanguage":"ca","potentialAction":[{"@type":"ReadAction","target":["https:\/\/artyplan.com\/ca\/blog\/arxiu-digital-empresa\/"]}]},{"@type":"ImageObject","inLanguage":"ca","@id":"https:\/\/artyplan.com\/ca\/blog\/arxiu-digital-empresa\/#primaryimage","url":"https:\/\/artyplan.com\/wp-content\/uploads\/2025\/09\/artydoc-archivo-digital.jpg","contentUrl":"https:\/\/artyplan.com\/wp-content\/uploads\/2025\/09\/artydoc-archivo-digital.jpg","width":1920,"height":600,"caption":"artydoc-archivo-digital"},{"@type":"BreadcrumbList","@id":"https:\/\/artyplan.com\/ca\/blog\/arxiu-digital-empresa\/#breadcrumb","itemListElement":[{"@type":"ListItem","position":1,"name":"Artyplan","item":"https:\/\/artyplan.com\/ca\/"},{"@type":"ListItem","position":2,"name":"Artydoc, l\u2019arxiu digital de la teva empresa"}]},{"@type":"WebSite","@id":"https:\/\/artyplan.com\/ca\/#website","url":"https:\/\/artyplan.com\/ca\/","name":"Artyplan","description":"","publisher":{"@id":"https:\/\/artyplan.com\/ca\/#organization"},"potentialAction":[{"@type":"SearchAction","target":{"@type":"EntryPoint","urlTemplate":"https:\/\/artyplan.com\/ca\/?s={search_term_string}"},"query-input":{"@type":"PropertyValueSpecification","valueRequired":true,"valueName":"search_term_string"}}],"inLanguage":"ca"},{"@type":"Organization","@id":"https:\/\/artyplan.com\/ca\/#organization","name":"Artyplan","url":"https:\/\/artyplan.com\/ca\/","logo":{"@type":"ImageObject","inLanguage":"ca","@id":"https:\/\/artyplan.com\/ca\/#\/schema\/logo\/image\/","url":"https:\/\/artyplan.com\/wp-content\/uploads\/2025\/12\/Logo-artyplan-690x690-1.png","contentUrl":"https:\/\/artyplan.com\/wp-content\/uploads\/2025\/12\/Logo-artyplan-690x690-1.png","width":690,"height":690,"caption":"Artyplan"},"image":{"@id":"https:\/\/artyplan.com\/ca\/#\/schema\/logo\/image\/"},"sameAs":["https:\/\/www.facebook.com\/artyplan","https:\/\/www.instagram.com\/artyplan\/","https:\/\/www.linkedin.com\/company\/artyplan"],"description":"Artyplan \u00e9s una empresa especialitzada en producci\u00f3 gr\u00e0fica i comunicaci\u00f3 visual amb 60 anys dexperi\u00e8ncia. Oferim solucions integrals d'impressi\u00f3 en gran format, PLV i retail, gesti\u00f3 d'esdeveniments i fires, disseny i fabricaci\u00f3 a mida, log\u00edstica i serveis d'instal\u00b7laci\u00f3 a tot el territori. Treballem per a marques, ag\u00e8ncies, espais comercials i institucions que necessiten un partner fiable per desenvolupar campanyes de m\u00e0rqueting, projectes de retail i accions de branding o m\u00e0rqueting. Combinem tecnologia avan\u00e7ada d\u00b4impressi\u00f3 digital, un equip expert i una gesti\u00f3 completa de projectes per garantir qualitat, agilitat i resultats a mida per a cada client. Disposem de plataformes B2B que faciliten als nostres clients la gesti\u00f3 de les comandes de materials impresos aix\u00ed com la log\u00edstica dels mateixos.","email":"info@artyplan.com","telephone":"+34 93 200 87 99","legalName":"Artyplan S.L.","vatID":"B61963229","numberOfEmployees":{"@type":"QuantitativeValue","minValue":"51","maxValue":"200"}},{"@type":"Person","@id":"https:\/\/artyplan.com\/ca\/#\/schema\/person\/0ef19accced432bc277b8d5248cd2cc0","name":"Sergio Triguero","image":{"@type":"ImageObject","inLanguage":"ca","@id":"https:\/\/artyplan.com\/ca\/#\/schema\/person\/image\/","url":"https:\/\/secure.gravatar.com\/avatar\/c742a95811ffbc635a3d111ab446f278cce576575d14970fd5d56e17580c3f23?s=96&d=mm&r=g","contentUrl":"https:\/\/secure.gravatar.com\/avatar\/c742a95811ffbc635a3d111ab446f278cce576575d14970fd5d56e17580c3f23?s=96&d=mm&r=g","caption":"Sergio Triguero"}}]}},"_links":{"self":[{"href":"https:\/\/artyplan.com\/ca\/wp-json\/wp\/v2\/posts\/5235","targetHints":{"allow":["GET"]}}],"collection":[{"href":"https:\/\/artyplan.com\/ca\/wp-json\/wp\/v2\/posts"}],"about":[{"href":"https:\/\/artyplan.com\/ca\/wp-json\/wp\/v2\/types\/post"}],"author":[{"embeddable":true,"href":"https:\/\/artyplan.com\/ca\/wp-json\/wp\/v2\/users\/3"}],"replies":[{"embeddable":true,"href":"https:\/\/artyplan.com\/ca\/wp-json\/wp\/v2\/comments?post=5235"}],"version-history":[{"count":1,"href":"https:\/\/artyplan.com\/ca\/wp-json\/wp\/v2\/posts\/5235\/revisions"}],"predecessor-version":[{"id":6343,"href":"https:\/\/artyplan.com\/ca\/wp-json\/wp\/v2\/posts\/5235\/revisions\/6343"}],"wp:featuredmedia":[{"embeddable":true,"href":"https:\/\/artyplan.com\/ca\/wp-json\/wp\/v2\/media\/7018"}],"wp:attachment":[{"href":"https:\/\/artyplan.com\/ca\/wp-json\/wp\/v2\/media?parent=5235"}],"wp:term":[{"taxonomy":"category","embeddable":true,"href":"https:\/\/artyplan.com\/ca\/wp-json\/wp\/v2\/categories?post=5235"},{"taxonomy":"post_tag","embeddable":true,"href":"https:\/\/artyplan.com\/ca\/wp-json\/wp\/v2\/tags?post=5235"}],"curies":[{"name":"wp","href":"https:\/\/api.w.org\/{rel}","templated":true}]}}