{"id":5240,"date":"2022-01-10T00:00:00","date_gmt":"2022-01-09T22:00:00","guid":{"rendered":"https:\/\/preweb.artyplan.com\/sin-categorizar\/vinils-decoratius-personalitza-la-teva-llar\/"},"modified":"2025-09-07T16:10:23","modified_gmt":"2025-09-07T14:10:23","slug":"vinils-decoratius-personalitza-la-teva-llar","status":"publish","type":"post","link":"https:\/\/artyplan.com\/ca\/blog\/vinils-decoratius-personalitza-la-teva-llar\/","title":{"rendered":"Vinils decoratius: personalitza la teva llar"},"content":{"rendered":"<p>Els\u00a0<strong>vinils decoratius<\/strong> s\u00f3n una de les m\u00e9s importants i exitoses novetats per decorar parets, vidres i altres elements de la teva llar a un preu baix. S\u00f3n perfectes per posar un toc de personalitat irreconeixible en el teu interiorisme i fugir del convencional amb un plus creatiu.<\/p>\n<p>Anomenades tamb\u00e9 adhesius decoratius, s\u00f3n <strong>elements pl\u00e0stics o de PVC que s&#8217;adhereixen a les superf\u00edcies llises. <\/strong>Mitjan\u00e7ant diferents t\u00e8cniques, que s\u00f3n capaces de reproduir qualsevol disseny, tant fotografies com il\u00b7lustracions.<\/p>\n<p>Aix\u00ed mateix, cal comentar que en el mercat i per aquells que volen apostar per una impressi\u00f3 ecol\u00f2gica i sostenible, es pot utilitzar com a suport tamb\u00e9, el <a href=\"http:\/\/artyplan.com\/ca\/ecologic\/vinils-ecologics-sostenible-lliure-pvc\/\" target=\"_blank\" rel=\"noopener\">vinil ecol\u00f2gic lliure de PVC<\/a>.<\/p>\n<h2>Consells \u00fatils per escollir vinil decoratiu<\/h2>\n<p>Abans que res, has de con\u00e8ixer que existeixen diversos tipus de vinil <strong>segons les seves t\u00e8cniques d\u2019elaboraci\u00f3: <\/strong><\/p>\n<ol>\n<li><a href=\"http:\/\/artyplan.com\/ca\/productes-impressio\/serveis-dimpressio-de-gran-format\/vinils-de-tall\/\" target=\"_blank\" rel=\"noopener\"><strong>Vinils de tall<\/strong>.<\/a> S\u00f3n d\u2019un \u00fanic color i es retallen amb formes pr\u00e8viament definides, sigui per crear siluetes o texts.<\/li>\n<li><strong><a href=\"http:\/\/artyplan.com\/ca\/productes-impressio\/serveis-dimpressio-de-gran-format\/vinils-impres\/\" target=\"_blank\" rel=\"noopener\">Vinils d\u2019impressi\u00f3<\/a>. <\/strong>Es creen amb un proc\u00e9s de colors en quadricromia i permeten qualsevol disseny.<\/li>\n<li><strong>Vinils combinats<\/strong>. Fusionen ambdues opcions per a realitzar creacions impreses i encunyades.<\/li>\n<\/ol>\n<p>L&#8217;elecci\u00f3 dels vinils apropiats dep\u00e8n d\u2019on els col\u00b7locar\u00e0s i vas a col\u00b7locar-los i quina funci\u00f3 han d\u2019exercir. Les seg\u00fcents pautes t\u2019ajudaran a encertar a l&#8217;hora d\u2019utilitzar-lo per guarnir la teva llar o el teu centre de treball:<\/p>\n<ul>\n<li>Els vinils adhesius s\u00f3n ideals per utilitzar-los en interiors, com parets i mobles.<\/li>\n<li>Els que es col\u00b7loquen amb aigua i sab\u00f3 s\u00f3n m\u00e9s apropiats per exteriors. Dues opcions s\u00f3n la terrassa d\u2019una casa o en el r\u00e8tol d\u2019una porta, entre d\u2019altres.<\/li>\n<li>Els vinils electroest\u00e0tics, que no porten adhesius, s\u00f3n \u00f2ptims quan els utilitzar\u00e0s durant poc temps. Per exemple, s\u00f3n adequats si montes una festa dom\u00e8stica i vols col\u00b7locar missatges, motius o imatges espec\u00edfiques.<\/li>\n<\/ul>\n<p>La\u00a0<strong>decoraci\u00f3 amb vinils <\/strong>\u00e9s molt m\u00e9s econ\u00f2mica del que t\u2019imagines. Instal\u00b7lar-los, a m\u00e9s a m\u00e9s, \u00e9s bastant senzill: nom\u00e9s cal tenir una mica de compte i s\u2019aconseguir\u00e0 uns efectes impactats. Si creus que no te\u2019n sortir\u00e0s demana-l\u2019hi al teu prove\u00efdor que un t\u00e8cnic s\u2019encarregui de realitzar la seva col\u00b7locaci\u00f3.<\/p>\n<h2>On i com col\u00b7locar els vinils decoratius per la llar?<\/h2>\n<p>Decorar amb vinils t\u2019ofereix molta versatilitat i grans possibilitats creatives. Per descomptat, les parets i els miralls s\u00f3n espais on es poden situar vinils per la llar.<\/p>\n<p>Tamb\u00e9 tens la possibilitat de fer-ho sobre els laterals dels mobles, en el sostre, en els electrodom\u00e8stics, en els s\u00f2cols, en les plaques de cocci\u00f3, sobre paper pintat, en les mampares, en els cristalls de les finestres i, en general, en qualsevol superf\u00edcie llisa i dura que no sigui rugosa.<\/p>\n<p>Has d\u2019assegurar-te, aix\u00f2 s\u00ed, del fet que <strong>la superf\u00edcie es trobi absolutament neta, <\/strong>sense greix ni pols; en cas contrari, no quedar\u00e0 ben fixat. Evita, per una part, les parets estucades o de gotel\u00e9, ja que el resultat no sol ser el desitjat.<\/p>\n<h2>Pautes de col\u00b7locaci\u00f3<\/h2>\n<p>A l&#8217;hora de posar-los, solament has de seguir les instruccions facilitades pel fabricant. B\u00e0sicament, es tracta d\u2019<strong>utilitzar una rasqueta per anar enganxant el vinil a poc a poc<\/strong>, fent que es separi del suport. Ocasionalment, pot apar\u00e8ixer alguna bombolla, encara que solen desapar\u00e8ixer despr\u00e9s de dos o tres dies. Si no \u00e9s aix\u00ed, pots punxar-les amb una fina agulla.<\/p>\n<p>La llibertat que t\u2019ofereix la decoraci\u00f3 amb vinils \u00e9s incre\u00efble, ja que et dona l&#8217;opci\u00f3 de crear els teus propis dissenys o aprofitar imatges, il\u00b7lustracions o recursos ja disponibles. Les possibilitats no coneixen el l\u00edmit!<\/p>\n<h2>Amb el suport d\u2019Artyplan<\/h2>\n<p>Som especialistes en sistemes d\u2019impressi\u00f3. Comptem amb<strong> 50 anys d\u2019experi\u00e8ncia <\/strong>i una exitosa traject\u00f2ria creant vinils.<\/p>\n<p>Vols apostar per aquesta decoraci\u00f3 a casa teva? Et donem un assessorament expert personalitzat, creem les dimensions i el format desitjats i fem servi <strong>tecnologies sostenibles d\u2019impressi\u00f3<\/strong>, aix\u00ed com tintes i suports ecol\u00f2gics.<\/p>\n<p>Fem realitat qualsevol projecte amb <strong>vinils decoratius: <\/strong>explica\u2019ns la teva idea i els nostres creatius i dissenyadors es posaran a treballar per fer-la realitat. Contacte amb nosaltres!<\/p>\n","protected":false},"excerpt":{"rendered":"<p>Els\u00a0vinils decoratius s\u00f3n una de les m\u00e9s importants i exitoses novetats per decorar parets, vidres i altres elements de la teva llar a un preu baix. S\u00f3n perfectes per posar un toc de personalitat irreconeixible en el teu interiorisme i fugir del convencional amb un plus creatiu. Anomenades tamb\u00e9 adhesius decoratius, s\u00f3n elements pl\u00e0stics o [&hellip;]<\/p>\n","protected":false},"author":3,"featured_media":5239,"comment_status":"closed","ping_status":"closed","sticky":false,"template":"","format":"standard","meta":{"footnotes":""},"categories":[1],"tags":[],"class_list":["post-5240","post","type-post","status-publish","format-standard","has-post-thumbnail","hentry","category-sense-categoritzar"],"yoast_head":"<!-- This site is optimized with the Yoast SEO Premium plugin v26.5 (Yoast SEO v26.5) - https:\/\/yoast.com\/wordpress\/plugins\/seo\/ -->\n<title>Vinils decoratius: personalitza la teva llar | Artyplan<\/title>\n<meta name=\"description\" content=\"Els vinils decoratius embelleixen la llar amb un toc personal, carism\u00e0tic i m\u00e9s econ\u00f2mic del que imagines. Coneix les seves caracter\u00edstiques.\" \/>\n<meta name=\"robots\" content=\"index, follow, max-snippet:-1, max-image-preview:large, max-video-preview:-1\" \/>\n<link rel=\"canonical\" href=\"https:\/\/artyplan.com\/ca\/blog\/vinils-decoratius-personalitza-la-teva-llar\/\" \/>\n<meta property=\"og:locale\" content=\"ca_ES\" \/>\n<meta property=\"og:type\" content=\"article\" \/>\n<meta property=\"og:title\" content=\"Vinils decoratius: personalitza la teva llar\" \/>\n<meta property=\"og:description\" content=\"Els vinils decoratius embelleixen la llar amb un toc personal, carism\u00e0tic i m\u00e9s econ\u00f2mic del que imagines. Coneix les seves caracter\u00edstiques.\" \/>\n<meta property=\"og:url\" content=\"https:\/\/artyplan.com\/ca\/blog\/vinils-decoratius-personalitza-la-teva-llar\/\" \/>\n<meta property=\"og:site_name\" content=\"Artyplan\" \/>\n<meta property=\"article:publisher\" content=\"https:\/\/www.facebook.com\/artyplan\" \/>\n<meta property=\"article:published_time\" content=\"2022-01-09T22:00:00+00:00\" \/>\n<meta property=\"article:modified_time\" content=\"2025-09-07T14:10:23+00:00\" \/>\n<meta property=\"og:image\" content=\"https:\/\/artyplan.com\/wp-content\/uploads\/2025\/09\/vinilos-decorativos.jpg\" \/>\n\t<meta property=\"og:image:width\" content=\"1920\" \/>\n\t<meta property=\"og:image:height\" content=\"600\" \/>\n\t<meta property=\"og:image:type\" content=\"image\/jpeg\" \/>\n<meta name=\"author\" content=\"Sergio Triguero\" \/>\n<meta name=\"twitter:card\" content=\"summary_large_image\" \/>\n<meta name=\"twitter:label1\" content=\"Escrit per\" \/>\n\t<meta name=\"twitter:data1\" content=\"Sergio Triguero\" \/>\n\t<meta name=\"twitter:label2\" content=\"Temps estimat de lectura\" \/>\n\t<meta name=\"twitter:data2\" content=\"4 minuts\" \/>\n<script type=\"application\/ld+json\" class=\"yoast-schema-graph\">{\"@context\":\"https:\/\/schema.org\",\"@graph\":[{\"@type\":\"Article\",\"@id\":\"https:\/\/artyplan.com\/ca\/blog\/vinils-decoratius-personalitza-la-teva-llar\/#article\",\"isPartOf\":{\"@id\":\"https:\/\/artyplan.com\/ca\/blog\/vinils-decoratius-personalitza-la-teva-llar\/\"},\"author\":{\"name\":\"Sergio Triguero\",\"@id\":\"https:\/\/artyplan.com\/ca\/#\/schema\/person\/0ef19accced432bc277b8d5248cd2cc0\"},\"headline\":\"Vinils decoratius: personalitza la teva llar\",\"datePublished\":\"2022-01-09T22:00:00+00:00\",\"dateModified\":\"2025-09-07T14:10:23+00:00\",\"mainEntityOfPage\":{\"@id\":\"https:\/\/artyplan.com\/ca\/blog\/vinils-decoratius-personalitza-la-teva-llar\/\"},\"wordCount\":744,\"publisher\":{\"@id\":\"https:\/\/artyplan.com\/ca\/#organization\"},\"image\":{\"@id\":\"https:\/\/artyplan.com\/ca\/blog\/vinils-decoratius-personalitza-la-teva-llar\/#primaryimage\"},\"thumbnailUrl\":\"https:\/\/artyplan.com\/wp-content\/uploads\/2025\/09\/vinilos-decorativos.jpg\",\"articleSection\":[\"Sense-categoritzar\"],\"inLanguage\":\"ca\"},{\"@type\":\"WebPage\",\"@id\":\"https:\/\/artyplan.com\/ca\/blog\/vinils-decoratius-personalitza-la-teva-llar\/\",\"url\":\"https:\/\/artyplan.com\/ca\/blog\/vinils-decoratius-personalitza-la-teva-llar\/\",\"name\":\"Vinils decoratius: personalitza la teva llar | Artyplan\",\"isPartOf\":{\"@id\":\"https:\/\/artyplan.com\/ca\/#website\"},\"primaryImageOfPage\":{\"@id\":\"https:\/\/artyplan.com\/ca\/blog\/vinils-decoratius-personalitza-la-teva-llar\/#primaryimage\"},\"image\":{\"@id\":\"https:\/\/artyplan.com\/ca\/blog\/vinils-decoratius-personalitza-la-teva-llar\/#primaryimage\"},\"thumbnailUrl\":\"https:\/\/artyplan.com\/wp-content\/uploads\/2025\/09\/vinilos-decorativos.jpg\",\"datePublished\":\"2022-01-09T22:00:00+00:00\",\"dateModified\":\"2025-09-07T14:10:23+00:00\",\"description\":\"Els vinils decoratius embelleixen la llar amb un toc personal, carism\u00e0tic i m\u00e9s econ\u00f2mic del que imagines. Coneix les seves caracter\u00edstiques.\",\"breadcrumb\":{\"@id\":\"https:\/\/artyplan.com\/ca\/blog\/vinils-decoratius-personalitza-la-teva-llar\/#breadcrumb\"},\"inLanguage\":\"ca\",\"potentialAction\":[{\"@type\":\"ReadAction\",\"target\":[\"https:\/\/artyplan.com\/ca\/blog\/vinils-decoratius-personalitza-la-teva-llar\/\"]}]},{\"@type\":\"ImageObject\",\"inLanguage\":\"ca\",\"@id\":\"https:\/\/artyplan.com\/ca\/blog\/vinils-decoratius-personalitza-la-teva-llar\/#primaryimage\",\"url\":\"https:\/\/artyplan.com\/wp-content\/uploads\/2025\/09\/vinilos-decorativos.jpg\",\"contentUrl\":\"https:\/\/artyplan.com\/wp-content\/uploads\/2025\/09\/vinilos-decorativos.jpg\",\"width\":1920,\"height\":600,\"caption\":\"vinilos-decoratius\"},{\"@type\":\"BreadcrumbList\",\"@id\":\"https:\/\/artyplan.com\/ca\/blog\/vinils-decoratius-personalitza-la-teva-llar\/#breadcrumb\",\"itemListElement\":[{\"@type\":\"ListItem\",\"position\":1,\"name\":\"Artyplan\",\"item\":\"https:\/\/artyplan.com\/ca\/\"},{\"@type\":\"ListItem\",\"position\":2,\"name\":\"Vinils decoratius: personalitza la teva llar\"}]},{\"@type\":\"WebSite\",\"@id\":\"https:\/\/artyplan.com\/ca\/#website\",\"url\":\"https:\/\/artyplan.com\/ca\/\",\"name\":\"Artyplan\",\"description\":\"\",\"publisher\":{\"@id\":\"https:\/\/artyplan.com\/ca\/#organization\"},\"potentialAction\":[{\"@type\":\"SearchAction\",\"target\":{\"@type\":\"EntryPoint\",\"urlTemplate\":\"https:\/\/artyplan.com\/ca\/?s={search_term_string}\"},\"query-input\":{\"@type\":\"PropertyValueSpecification\",\"valueRequired\":true,\"valueName\":\"search_term_string\"}}],\"inLanguage\":\"ca\"},{\"@type\":\"Organization\",\"@id\":\"https:\/\/artyplan.com\/ca\/#organization\",\"name\":\"Artyplan\",\"url\":\"https:\/\/artyplan.com\/ca\/\",\"logo\":{\"@type\":\"ImageObject\",\"inLanguage\":\"ca\",\"@id\":\"https:\/\/artyplan.com\/ca\/#\/schema\/logo\/image\/\",\"url\":\"https:\/\/artyplan.com\/wp-content\/uploads\/2025\/12\/Logo-artyplan-690x690-1.png\",\"contentUrl\":\"https:\/\/artyplan.com\/wp-content\/uploads\/2025\/12\/Logo-artyplan-690x690-1.png\",\"width\":690,\"height\":690,\"caption\":\"Artyplan\"},\"image\":{\"@id\":\"https:\/\/artyplan.com\/ca\/#\/schema\/logo\/image\/\"},\"sameAs\":[\"https:\/\/www.facebook.com\/artyplan\",\"https:\/\/www.instagram.com\/artyplan\/\",\"https:\/\/www.linkedin.com\/company\/artyplan\"],\"description\":\"Artyplan \u00e9s una empresa especialitzada en producci\u00f3 gr\u00e0fica i comunicaci\u00f3 visual amb 60 anys dexperi\u00e8ncia. Oferim solucions integrals d'impressi\u00f3 en gran format, PLV i retail, gesti\u00f3 d'esdeveniments i fires, disseny i fabricaci\u00f3 a mida, log\u00edstica i serveis d'instal\u00b7laci\u00f3 a tot el territori. Treballem per a marques, ag\u00e8ncies, espais comercials i institucions que necessiten un partner fiable per desenvolupar campanyes de m\u00e0rqueting, projectes de retail i accions de branding o m\u00e0rqueting. Combinem tecnologia avan\u00e7ada d\u00b4impressi\u00f3 digital, un equip expert i una gesti\u00f3 completa de projectes per garantir qualitat, agilitat i resultats a mida per a cada client. Disposem de plataformes B2B que faciliten als nostres clients la gesti\u00f3 de les comandes de materials impresos aix\u00ed com la log\u00edstica dels mateixos.\",\"email\":\"info@artyplan.com\",\"telephone\":\"+34 93 200 87 99\",\"legalName\":\"Artyplan S.L.\",\"vatID\":\"B61963229\",\"numberOfEmployees\":{\"@type\":\"QuantitativeValue\",\"minValue\":\"51\",\"maxValue\":\"200\"}},{\"@type\":\"Person\",\"@id\":\"https:\/\/artyplan.com\/ca\/#\/schema\/person\/0ef19accced432bc277b8d5248cd2cc0\",\"name\":\"Sergio Triguero\",\"image\":{\"@type\":\"ImageObject\",\"inLanguage\":\"ca\",\"@id\":\"https:\/\/artyplan.com\/ca\/#\/schema\/person\/image\/\",\"url\":\"https:\/\/secure.gravatar.com\/avatar\/c742a95811ffbc635a3d111ab446f278cce576575d14970fd5d56e17580c3f23?s=96&d=mm&r=g\",\"contentUrl\":\"https:\/\/secure.gravatar.com\/avatar\/c742a95811ffbc635a3d111ab446f278cce576575d14970fd5d56e17580c3f23?s=96&d=mm&r=g\",\"caption\":\"Sergio Triguero\"}}]}<\/script>\n<!-- \/ Yoast SEO Premium plugin. -->","yoast_head_json":{"title":"Vinils decoratius: personalitza la teva llar | Artyplan","description":"Els vinils decoratius embelleixen la llar amb un toc personal, carism\u00e0tic i m\u00e9s econ\u00f2mic del que imagines. Coneix les seves caracter\u00edstiques.","robots":{"index":"index","follow":"follow","max-snippet":"max-snippet:-1","max-image-preview":"max-image-preview:large","max-video-preview":"max-video-preview:-1"},"canonical":"https:\/\/artyplan.com\/ca\/blog\/vinils-decoratius-personalitza-la-teva-llar\/","og_locale":"ca_ES","og_type":"article","og_title":"Vinils decoratius: personalitza la teva llar","og_description":"Els vinils decoratius embelleixen la llar amb un toc personal, carism\u00e0tic i m\u00e9s econ\u00f2mic del que imagines. Coneix les seves caracter\u00edstiques.","og_url":"https:\/\/artyplan.com\/ca\/blog\/vinils-decoratius-personalitza-la-teva-llar\/","og_site_name":"Artyplan","article_publisher":"https:\/\/www.facebook.com\/artyplan","article_published_time":"2022-01-09T22:00:00+00:00","article_modified_time":"2025-09-07T14:10:23+00:00","og_image":[{"width":1920,"height":600,"url":"https:\/\/artyplan.com\/wp-content\/uploads\/2025\/09\/vinilos-decorativos.jpg","type":"image\/jpeg"}],"author":"Sergio Triguero","twitter_card":"summary_large_image","twitter_misc":{"Escrit per":"Sergio Triguero","Temps estimat de lectura":"4 minuts"},"schema":{"@context":"https:\/\/schema.org","@graph":[{"@type":"Article","@id":"https:\/\/artyplan.com\/ca\/blog\/vinils-decoratius-personalitza-la-teva-llar\/#article","isPartOf":{"@id":"https:\/\/artyplan.com\/ca\/blog\/vinils-decoratius-personalitza-la-teva-llar\/"},"author":{"name":"Sergio Triguero","@id":"https:\/\/artyplan.com\/ca\/#\/schema\/person\/0ef19accced432bc277b8d5248cd2cc0"},"headline":"Vinils decoratius: personalitza la teva llar","datePublished":"2022-01-09T22:00:00+00:00","dateModified":"2025-09-07T14:10:23+00:00","mainEntityOfPage":{"@id":"https:\/\/artyplan.com\/ca\/blog\/vinils-decoratius-personalitza-la-teva-llar\/"},"wordCount":744,"publisher":{"@id":"https:\/\/artyplan.com\/ca\/#organization"},"image":{"@id":"https:\/\/artyplan.com\/ca\/blog\/vinils-decoratius-personalitza-la-teva-llar\/#primaryimage"},"thumbnailUrl":"https:\/\/artyplan.com\/wp-content\/uploads\/2025\/09\/vinilos-decorativos.jpg","articleSection":["Sense-categoritzar"],"inLanguage":"ca"},{"@type":"WebPage","@id":"https:\/\/artyplan.com\/ca\/blog\/vinils-decoratius-personalitza-la-teva-llar\/","url":"https:\/\/artyplan.com\/ca\/blog\/vinils-decoratius-personalitza-la-teva-llar\/","name":"Vinils decoratius: personalitza la teva llar | Artyplan","isPartOf":{"@id":"https:\/\/artyplan.com\/ca\/#website"},"primaryImageOfPage":{"@id":"https:\/\/artyplan.com\/ca\/blog\/vinils-decoratius-personalitza-la-teva-llar\/#primaryimage"},"image":{"@id":"https:\/\/artyplan.com\/ca\/blog\/vinils-decoratius-personalitza-la-teva-llar\/#primaryimage"},"thumbnailUrl":"https:\/\/artyplan.com\/wp-content\/uploads\/2025\/09\/vinilos-decorativos.jpg","datePublished":"2022-01-09T22:00:00+00:00","dateModified":"2025-09-07T14:10:23+00:00","description":"Els vinils decoratius embelleixen la llar amb un toc personal, carism\u00e0tic i m\u00e9s econ\u00f2mic del que imagines. Coneix les seves caracter\u00edstiques.","breadcrumb":{"@id":"https:\/\/artyplan.com\/ca\/blog\/vinils-decoratius-personalitza-la-teva-llar\/#breadcrumb"},"inLanguage":"ca","potentialAction":[{"@type":"ReadAction","target":["https:\/\/artyplan.com\/ca\/blog\/vinils-decoratius-personalitza-la-teva-llar\/"]}]},{"@type":"ImageObject","inLanguage":"ca","@id":"https:\/\/artyplan.com\/ca\/blog\/vinils-decoratius-personalitza-la-teva-llar\/#primaryimage","url":"https:\/\/artyplan.com\/wp-content\/uploads\/2025\/09\/vinilos-decorativos.jpg","contentUrl":"https:\/\/artyplan.com\/wp-content\/uploads\/2025\/09\/vinilos-decorativos.jpg","width":1920,"height":600,"caption":"vinilos-decoratius"},{"@type":"BreadcrumbList","@id":"https:\/\/artyplan.com\/ca\/blog\/vinils-decoratius-personalitza-la-teva-llar\/#breadcrumb","itemListElement":[{"@type":"ListItem","position":1,"name":"Artyplan","item":"https:\/\/artyplan.com\/ca\/"},{"@type":"ListItem","position":2,"name":"Vinils decoratius: personalitza la teva llar"}]},{"@type":"WebSite","@id":"https:\/\/artyplan.com\/ca\/#website","url":"https:\/\/artyplan.com\/ca\/","name":"Artyplan","description":"","publisher":{"@id":"https:\/\/artyplan.com\/ca\/#organization"},"potentialAction":[{"@type":"SearchAction","target":{"@type":"EntryPoint","urlTemplate":"https:\/\/artyplan.com\/ca\/?s={search_term_string}"},"query-input":{"@type":"PropertyValueSpecification","valueRequired":true,"valueName":"search_term_string"}}],"inLanguage":"ca"},{"@type":"Organization","@id":"https:\/\/artyplan.com\/ca\/#organization","name":"Artyplan","url":"https:\/\/artyplan.com\/ca\/","logo":{"@type":"ImageObject","inLanguage":"ca","@id":"https:\/\/artyplan.com\/ca\/#\/schema\/logo\/image\/","url":"https:\/\/artyplan.com\/wp-content\/uploads\/2025\/12\/Logo-artyplan-690x690-1.png","contentUrl":"https:\/\/artyplan.com\/wp-content\/uploads\/2025\/12\/Logo-artyplan-690x690-1.png","width":690,"height":690,"caption":"Artyplan"},"image":{"@id":"https:\/\/artyplan.com\/ca\/#\/schema\/logo\/image\/"},"sameAs":["https:\/\/www.facebook.com\/artyplan","https:\/\/www.instagram.com\/artyplan\/","https:\/\/www.linkedin.com\/company\/artyplan"],"description":"Artyplan \u00e9s una empresa especialitzada en producci\u00f3 gr\u00e0fica i comunicaci\u00f3 visual amb 60 anys dexperi\u00e8ncia. Oferim solucions integrals d'impressi\u00f3 en gran format, PLV i retail, gesti\u00f3 d'esdeveniments i fires, disseny i fabricaci\u00f3 a mida, log\u00edstica i serveis d'instal\u00b7laci\u00f3 a tot el territori. Treballem per a marques, ag\u00e8ncies, espais comercials i institucions que necessiten un partner fiable per desenvolupar campanyes de m\u00e0rqueting, projectes de retail i accions de branding o m\u00e0rqueting. Combinem tecnologia avan\u00e7ada d\u00b4impressi\u00f3 digital, un equip expert i una gesti\u00f3 completa de projectes per garantir qualitat, agilitat i resultats a mida per a cada client. Disposem de plataformes B2B que faciliten als nostres clients la gesti\u00f3 de les comandes de materials impresos aix\u00ed com la log\u00edstica dels mateixos.","email":"info@artyplan.com","telephone":"+34 93 200 87 99","legalName":"Artyplan S.L.","vatID":"B61963229","numberOfEmployees":{"@type":"QuantitativeValue","minValue":"51","maxValue":"200"}},{"@type":"Person","@id":"https:\/\/artyplan.com\/ca\/#\/schema\/person\/0ef19accced432bc277b8d5248cd2cc0","name":"Sergio Triguero","image":{"@type":"ImageObject","inLanguage":"ca","@id":"https:\/\/artyplan.com\/ca\/#\/schema\/person\/image\/","url":"https:\/\/secure.gravatar.com\/avatar\/c742a95811ffbc635a3d111ab446f278cce576575d14970fd5d56e17580c3f23?s=96&d=mm&r=g","contentUrl":"https:\/\/secure.gravatar.com\/avatar\/c742a95811ffbc635a3d111ab446f278cce576575d14970fd5d56e17580c3f23?s=96&d=mm&r=g","caption":"Sergio Triguero"}}]}},"_links":{"self":[{"href":"https:\/\/artyplan.com\/ca\/wp-json\/wp\/v2\/posts\/5240","targetHints":{"allow":["GET"]}}],"collection":[{"href":"https:\/\/artyplan.com\/ca\/wp-json\/wp\/v2\/posts"}],"about":[{"href":"https:\/\/artyplan.com\/ca\/wp-json\/wp\/v2\/types\/post"}],"author":[{"embeddable":true,"href":"https:\/\/artyplan.com\/ca\/wp-json\/wp\/v2\/users\/3"}],"replies":[{"embeddable":true,"href":"https:\/\/artyplan.com\/ca\/wp-json\/wp\/v2\/comments?post=5240"}],"version-history":[{"count":1,"href":"https:\/\/artyplan.com\/ca\/wp-json\/wp\/v2\/posts\/5240\/revisions"}],"predecessor-version":[{"id":6346,"href":"https:\/\/artyplan.com\/ca\/wp-json\/wp\/v2\/posts\/5240\/revisions\/6346"}],"wp:featuredmedia":[{"embeddable":true,"href":"https:\/\/artyplan.com\/ca\/wp-json\/wp\/v2\/media\/5239"}],"wp:attachment":[{"href":"https:\/\/artyplan.com\/ca\/wp-json\/wp\/v2\/media?parent=5240"}],"wp:term":[{"taxonomy":"category","embeddable":true,"href":"https:\/\/artyplan.com\/ca\/wp-json\/wp\/v2\/categories?post=5240"},{"taxonomy":"post_tag","embeddable":true,"href":"https:\/\/artyplan.com\/ca\/wp-json\/wp\/v2\/tags?post=5240"}],"curies":[{"name":"wp","href":"https:\/\/api.w.org\/{rel}","templated":true}]}}