{"id":5246,"date":"2022-01-24T00:00:00","date_gmt":"2022-01-23T22:00:00","guid":{"rendered":"https:\/\/preweb.artyplan.com\/sin-categorizar\/tendencies-disseny-grafic-2022\/"},"modified":"2025-09-07T16:10:24","modified_gmt":"2025-09-07T14:10:24","slug":"tendencies-disseny-grafic-2022","status":"publish","type":"post","link":"https:\/\/artyplan.com\/ca\/blog\/tendencies-disseny-grafic-2022\/","title":{"rendered":"Tend\u00e8ncies del disseny gr\u00e0fic 2022"},"content":{"rendered":"<p>El disseny gr\u00e0fic engloba una \u00e0mplia s\u00e8rie de disciplines que s\u2019entrellacen entre elles. Per\u00f2 la seva funci\u00f3 principal \u00e9s donar a con\u00e8ixer i destacar productes, serveis i marques amb dissenys interessants que atreguin els usuaris.<\/p>\n<p>Avui en dia, el disseny gr\u00e0fic \u00e9s una de les majors maneres de comunicar un missatge. A m\u00e9s, <strong>utilitza imatges, v\u00eddeos i texts<\/strong>\u00a0per a transmetre de forma gr\u00e0fica i visual el missatge que volem donar a con\u00e8ixer al p\u00fablic. Aix\u00ed les empreses i negocis poden donar con\u00e8ixer les seves idees o productes i promocionar la seva identitat corporativa.<\/p>\n<p>Com cada any existeixen unes tend\u00e8ncies clares de la disciplina que est\u00e0 marcant o marcaran les creativitats i maneres de treballar.<\/p>\n<p>A continuaci\u00f3, us expliquem algunes de les tend\u00e8ncies del disseny gr\u00e0fic per aquest 2022.<\/p>\n<h2><strong>Tend\u00e8ncies\u00a0<\/strong><\/h2>\n<p>Es defineix com a tend\u00e8ncia, el patr\u00f3 de comportament dels elements d\u2019un entorn particular durant un per\u00edode o simplement la direcci\u00f3 o rumb del mercat que pren.<\/p>\n<p>Tot seguit, us exposem la direcci\u00f3 que est\u00e0 prenent cada cop m\u00e9s el disseny gr\u00e0fic.<\/p>\n<ul>\n<li><strong>Disseny gr\u00e0fic inclusiu: <\/strong>el disseny es preocupa per mostrar la diversitat que existeix en el m\u00f3n. I les empreses estan buscant adaptar els dissenys perqu\u00e8 les persones es puguin sentir identificades, en comptes de discriminades. Alguns dels consells respecte al disseny gr\u00e0fic inclusiu s\u00f3n utilitzar imatges que transcendeixin als estereotips i incloguin refer\u00e8ncies a la diversitat, i utilitzar dissenys que siguin accessibles a les persones, entre altres coses.<\/li>\n<li><strong>Disseny gr\u00e0fic amb dades: <\/strong>Fer servir les dades en format visual (infografies i altres tipus de disseny) per captar l\u2019atenci\u00f3 del p\u00fablic. Tanmateix, cada vegada les persones es preocupen m\u00e9s per tenir una font d\u2019informaci\u00f3 recolzada en la for\u00e7a de les dades.<\/li>\n<li><strong>Tipografies serif: <\/strong>Les tipografies amb serifa s\u00f3n comunament concebudes com cl\u00e0ssiques, elegants i confiables. Els usuaris volen connectar amb marques que siguin dignes de confian\u00e7a.<\/li>\n<li><strong>Disseny d\u2019il\u00b7lusi\u00f3 \u00f2ptica:<\/strong> Si la teva marca t\u00e9 res relacionat amb la idea de moviment o incl\u00fas si desitges que el disseny destaqui, es quedi gravat a la mem\u00f2ria i tingui aquest factor sorpresa, llavors val la pena considerar el disseny d\u2019il\u00b7lusi\u00f3.<\/li>\n<\/ul>\n<h2><strong>Formes i t\u00e8cniques<\/strong><\/h2>\n<p>Una vegada explicades les tend\u00e8ncies \u00e9s el torn d\u2019explicar quines formes, t\u00e8cniques i color destacaran durant aquest any. A continuaci\u00f3, detallem una llista que permetr\u00e0 ampliar el coneixement en aquesta disciplina i saber quins projectes pots millorar i crear.<\/p>\n<p>A m\u00e9s, tenir una varietat de t\u00e8cniques, far\u00e0 cr\u00e9ixer la teva posici\u00f3 com a professional.<\/p>\n<h3><strong>Color Pantone: 17-3938\u00a0<em>Very Peri<\/em><\/strong><\/h3>\n<p>Per aquest any 2022 ens presenten un nou color anomenat PANTONE 17-3938 Very Peri, que combina la tranquil\u00b7litat del blau amb un extracte en\u00e8rgic del color vermell violeta. A m\u00e9s, porta una perspectiva i visi\u00f3 novadora de la fam\u00edlia dels colors blaus, en comp\u00e0s amb les qualitats dels blaus, i al mateix temps amb un to violeta vermell\u00f3s, mostrant una actitud plena d\u2019energ\u00eda i alegra, a la vegada que una pres\u00e8ncia din\u00e0mica que incentiva creativitat valenta i expressions imaginatives.<\/p>\n<h3><strong>Formes geom\u00e8triques<\/strong><\/h3>\n<p>La simplicitat de les formes geom\u00e8triques ens ajuda a crear missatges visuals amb molta for\u00e7a.<\/p>\n<h3><strong>Letter cutting<\/strong><\/h3>\n<p>Aquesta t\u00e8cnica consisteix a utilitzar\u00a0<strong>lletres i paraules tallades<\/strong>\u00a0amb diferents tipografies, deixant en el tall d\u2019aquestes lletres espais en blanc o b\u00e9 amb elements propis del disseny que s\u2019est\u00e0 realitzant.<\/p>\n<p>L\u2019objectiu \u00e9s generar una pe\u00e7a din\u00e0mica, original i visualment atractiva.<\/p>\n<h3><strong>Il\u00b7lustracions 3D<\/strong><\/h3>\n<p>Pres\u00e8ncia d\u2019objectes 3D en les composicions gr\u00e0fiques est\u00e0 m\u00e9s present que mai. Hi pot haver des d\u2019icones, fins a il\u00b7lustracions complexes.<\/p>\n<h3><strong>Maximalisme<\/strong><\/h3>\n<p>Adopta la disson\u00e0ncia i la disc\u00f2rdia per brindar experi\u00e8ncies \u00faniques, dotant al disseny d\u2019un alt impacte visual i, expressar la \u00a0<strong>creativitat<\/strong>\u00a0de forma lliure i\u00a0<strong>sense regles establertes (<\/strong>aportar un recorregut visual desconegut i apassionant).<\/p>\n<p>Aquesta tend\u00e8ncia consisteix a barrejar formes o objectes de diferents colors sense cap ordre. \u00a0\u00c9s una proposta bastant arriscada en termes visuals, per\u00f2 cada vegada es descobreixen noves peces que han aconseguit inspirar a altres artistes gr\u00e0fics. Dins del maximalisme s\u2019utilitzen colors extravagants i contraposats per obtenir una sensaci\u00f3 de caos. En aquesta t\u00e8cnica no se segueix cap classe de norma, per tant, la imaginaci\u00f3 de cada dissenyador \u00e9s lliure.<\/p>\n<h3><strong>Simplicitat<\/strong><\/h3>\n<p>Els\u00a0detalls s\u2019eliminen a favor de formes<strong> vectorials senzilles i paletes de colors <\/strong>que es redueixen a un <strong>m\u00e0xim de dos colors.<\/strong><\/p>\n<h2><strong>Tend\u00e8ncies del disseny gr\u00e0fic<\/strong><\/h2>\n<p>Les tend\u00e8ncies del disseny gr\u00e0fic pel 2022 s\u00f3n una conseq\u00fc\u00e8ncia directa de la pand\u00e8mia i del canviat panorama sociopol\u00edtic del m\u00f3n. Aquests esdeveniments han tingut un impacte profund en la forma en qu\u00e8 les marques es comuniquen amb els seus clients.<\/p>\n<p>En l\u2019actualitat, les marques intenten donar el millor de si mateixes en tots els aspectes de la seva vida empresarial, i, els elements visuals que adoptin actuaran com a finestra de la seva \u00e8tica i missi\u00f3.<\/p>\n","protected":false},"excerpt":{"rendered":"<p>El disseny gr\u00e0fic engloba una \u00e0mplia s\u00e8rie de disciplines que s\u2019entrellacen entre elles. Per\u00f2 la seva funci\u00f3 principal \u00e9s donar a con\u00e8ixer i destacar productes, serveis i marques amb dissenys interessants que atreguin els usuaris. Avui en dia, el disseny gr\u00e0fic \u00e9s una de les majors maneres de comunicar un missatge. A m\u00e9s, utilitza imatges, [&hellip;]<\/p>\n","protected":false},"author":3,"featured_media":5245,"comment_status":"closed","ping_status":"closed","sticky":false,"template":"","format":"standard","meta":{"footnotes":""},"categories":[1],"tags":[],"class_list":["post-5246","post","type-post","status-publish","format-standard","has-post-thumbnail","hentry","category-sense-categoritzar"],"yoast_head":"<!-- This site is optimized with the Yoast SEO Premium plugin v26.5 (Yoast SEO v26.5) - https:\/\/yoast.com\/wordpress\/plugins\/seo\/ -->\n<title>Tend\u00e8ncies del disseny gr\u00e0fic 2022 | Artyplan<\/title>\n<meta name=\"description\" content=\"Les tend\u00e8ncies del disseny gr\u00e0fic 2022 marquen les creativitat i la forma de treballar. Descobreix les tend\u00e8ncies del disseny gr\u00e0fic 2022.\" \/>\n<meta name=\"robots\" content=\"index, follow, max-snippet:-1, max-image-preview:large, max-video-preview:-1\" \/>\n<link rel=\"canonical\" href=\"https:\/\/artyplan.com\/ca\/blog\/tendencies-disseny-grafic-2022\/\" \/>\n<meta property=\"og:locale\" content=\"ca_ES\" \/>\n<meta property=\"og:type\" content=\"article\" \/>\n<meta property=\"og:title\" content=\"Tend\u00e8ncies del disseny gr\u00e0fic 2022\" \/>\n<meta property=\"og:description\" content=\"Les tend\u00e8ncies del disseny gr\u00e0fic 2022 marquen les creativitat i la forma de treballar. Descobreix les tend\u00e8ncies del disseny gr\u00e0fic 2022.\" \/>\n<meta property=\"og:url\" content=\"https:\/\/artyplan.com\/ca\/blog\/tendencies-disseny-grafic-2022\/\" \/>\n<meta property=\"og:site_name\" content=\"Artyplan\" \/>\n<meta property=\"article:publisher\" content=\"https:\/\/www.facebook.com\/artyplan\" \/>\n<meta property=\"article:published_time\" content=\"2022-01-23T22:00:00+00:00\" \/>\n<meta property=\"article:modified_time\" content=\"2025-09-07T14:10:24+00:00\" \/>\n<meta property=\"og:image\" content=\"https:\/\/artyplan.com\/wp-content\/uploads\/2025\/09\/tendencias-diseno-grafico-2022.jpg\" \/>\n\t<meta property=\"og:image:width\" content=\"1920\" \/>\n\t<meta property=\"og:image:height\" content=\"600\" \/>\n\t<meta property=\"og:image:type\" content=\"image\/jpeg\" \/>\n<meta name=\"author\" content=\"Sergio Triguero\" \/>\n<meta name=\"twitter:card\" content=\"summary_large_image\" \/>\n<meta name=\"twitter:label1\" content=\"Escrit per\" \/>\n\t<meta name=\"twitter:data1\" content=\"Sergio Triguero\" \/>\n\t<meta name=\"twitter:label2\" content=\"Temps estimat de lectura\" \/>\n\t<meta name=\"twitter:data2\" content=\"4 minuts\" \/>\n<script type=\"application\/ld+json\" class=\"yoast-schema-graph\">{\"@context\":\"https:\/\/schema.org\",\"@graph\":[{\"@type\":\"Article\",\"@id\":\"https:\/\/artyplan.com\/ca\/blog\/tendencies-disseny-grafic-2022\/#article\",\"isPartOf\":{\"@id\":\"https:\/\/artyplan.com\/ca\/blog\/tendencies-disseny-grafic-2022\/\"},\"author\":{\"name\":\"Sergio Triguero\",\"@id\":\"https:\/\/artyplan.com\/ca\/#\/schema\/person\/0ef19accced432bc277b8d5248cd2cc0\"},\"headline\":\"Tend\u00e8ncies del disseny gr\u00e0fic 2022\",\"datePublished\":\"2022-01-23T22:00:00+00:00\",\"dateModified\":\"2025-09-07T14:10:24+00:00\",\"mainEntityOfPage\":{\"@id\":\"https:\/\/artyplan.com\/ca\/blog\/tendencies-disseny-grafic-2022\/\"},\"wordCount\":879,\"publisher\":{\"@id\":\"https:\/\/artyplan.com\/ca\/#organization\"},\"image\":{\"@id\":\"https:\/\/artyplan.com\/ca\/blog\/tendencies-disseny-grafic-2022\/#primaryimage\"},\"thumbnailUrl\":\"https:\/\/artyplan.com\/wp-content\/uploads\/2025\/09\/tendencias-diseno-grafico-2022.jpg\",\"articleSection\":[\"Sense-categoritzar\"],\"inLanguage\":\"ca\"},{\"@type\":\"WebPage\",\"@id\":\"https:\/\/artyplan.com\/ca\/blog\/tendencies-disseny-grafic-2022\/\",\"url\":\"https:\/\/artyplan.com\/ca\/blog\/tendencies-disseny-grafic-2022\/\",\"name\":\"Tend\u00e8ncies del disseny gr\u00e0fic 2022 | Artyplan\",\"isPartOf\":{\"@id\":\"https:\/\/artyplan.com\/ca\/#website\"},\"primaryImageOfPage\":{\"@id\":\"https:\/\/artyplan.com\/ca\/blog\/tendencies-disseny-grafic-2022\/#primaryimage\"},\"image\":{\"@id\":\"https:\/\/artyplan.com\/ca\/blog\/tendencies-disseny-grafic-2022\/#primaryimage\"},\"thumbnailUrl\":\"https:\/\/artyplan.com\/wp-content\/uploads\/2025\/09\/tendencias-diseno-grafico-2022.jpg\",\"datePublished\":\"2022-01-23T22:00:00+00:00\",\"dateModified\":\"2025-09-07T14:10:24+00:00\",\"description\":\"Les tend\u00e8ncies del disseny gr\u00e0fic 2022 marquen les creativitat i la forma de treballar. Descobreix les tend\u00e8ncies del disseny gr\u00e0fic 2022.\",\"breadcrumb\":{\"@id\":\"https:\/\/artyplan.com\/ca\/blog\/tendencies-disseny-grafic-2022\/#breadcrumb\"},\"inLanguage\":\"ca\",\"potentialAction\":[{\"@type\":\"ReadAction\",\"target\":[\"https:\/\/artyplan.com\/ca\/blog\/tendencies-disseny-grafic-2022\/\"]}]},{\"@type\":\"ImageObject\",\"inLanguage\":\"ca\",\"@id\":\"https:\/\/artyplan.com\/ca\/blog\/tendencies-disseny-grafic-2022\/#primaryimage\",\"url\":\"https:\/\/artyplan.com\/wp-content\/uploads\/2025\/09\/tendencias-diseno-grafico-2022.jpg\",\"contentUrl\":\"https:\/\/artyplan.com\/wp-content\/uploads\/2025\/09\/tendencias-diseno-grafico-2022.jpg\",\"width\":1920,\"height\":600,\"caption\":\"tendencies-diseny-grafic-2022\"},{\"@type\":\"BreadcrumbList\",\"@id\":\"https:\/\/artyplan.com\/ca\/blog\/tendencies-disseny-grafic-2022\/#breadcrumb\",\"itemListElement\":[{\"@type\":\"ListItem\",\"position\":1,\"name\":\"Artyplan\",\"item\":\"https:\/\/artyplan.com\/ca\/\"},{\"@type\":\"ListItem\",\"position\":2,\"name\":\"Tend\u00e8ncies del disseny gr\u00e0fic 2022\"}]},{\"@type\":\"WebSite\",\"@id\":\"https:\/\/artyplan.com\/ca\/#website\",\"url\":\"https:\/\/artyplan.com\/ca\/\",\"name\":\"Artyplan\",\"description\":\"\",\"publisher\":{\"@id\":\"https:\/\/artyplan.com\/ca\/#organization\"},\"potentialAction\":[{\"@type\":\"SearchAction\",\"target\":{\"@type\":\"EntryPoint\",\"urlTemplate\":\"https:\/\/artyplan.com\/ca\/?s={search_term_string}\"},\"query-input\":{\"@type\":\"PropertyValueSpecification\",\"valueRequired\":true,\"valueName\":\"search_term_string\"}}],\"inLanguage\":\"ca\"},{\"@type\":\"Organization\",\"@id\":\"https:\/\/artyplan.com\/ca\/#organization\",\"name\":\"Artyplan\",\"url\":\"https:\/\/artyplan.com\/ca\/\",\"logo\":{\"@type\":\"ImageObject\",\"inLanguage\":\"ca\",\"@id\":\"https:\/\/artyplan.com\/ca\/#\/schema\/logo\/image\/\",\"url\":\"https:\/\/artyplan.com\/wp-content\/uploads\/2025\/12\/Logo-artyplan-690x690-1.png\",\"contentUrl\":\"https:\/\/artyplan.com\/wp-content\/uploads\/2025\/12\/Logo-artyplan-690x690-1.png\",\"width\":690,\"height\":690,\"caption\":\"Artyplan\"},\"image\":{\"@id\":\"https:\/\/artyplan.com\/ca\/#\/schema\/logo\/image\/\"},\"sameAs\":[\"https:\/\/www.facebook.com\/artyplan\",\"https:\/\/www.instagram.com\/artyplan\/\",\"https:\/\/www.linkedin.com\/company\/artyplan\"],\"description\":\"Artyplan \u00e9s una empresa especialitzada en producci\u00f3 gr\u00e0fica i comunicaci\u00f3 visual amb 60 anys dexperi\u00e8ncia. Oferim solucions integrals d'impressi\u00f3 en gran format, PLV i retail, gesti\u00f3 d'esdeveniments i fires, disseny i fabricaci\u00f3 a mida, log\u00edstica i serveis d'instal\u00b7laci\u00f3 a tot el territori. Treballem per a marques, ag\u00e8ncies, espais comercials i institucions que necessiten un partner fiable per desenvolupar campanyes de m\u00e0rqueting, projectes de retail i accions de branding o m\u00e0rqueting. Combinem tecnologia avan\u00e7ada d\u00b4impressi\u00f3 digital, un equip expert i una gesti\u00f3 completa de projectes per garantir qualitat, agilitat i resultats a mida per a cada client. Disposem de plataformes B2B que faciliten als nostres clients la gesti\u00f3 de les comandes de materials impresos aix\u00ed com la log\u00edstica dels mateixos.\",\"email\":\"info@artyplan.com\",\"telephone\":\"+34 93 200 87 99\",\"legalName\":\"Artyplan S.L.\",\"vatID\":\"B61963229\",\"numberOfEmployees\":{\"@type\":\"QuantitativeValue\",\"minValue\":\"51\",\"maxValue\":\"200\"}},{\"@type\":\"Person\",\"@id\":\"https:\/\/artyplan.com\/ca\/#\/schema\/person\/0ef19accced432bc277b8d5248cd2cc0\",\"name\":\"Sergio Triguero\",\"image\":{\"@type\":\"ImageObject\",\"inLanguage\":\"ca\",\"@id\":\"https:\/\/artyplan.com\/ca\/#\/schema\/person\/image\/\",\"url\":\"https:\/\/secure.gravatar.com\/avatar\/c742a95811ffbc635a3d111ab446f278cce576575d14970fd5d56e17580c3f23?s=96&d=mm&r=g\",\"contentUrl\":\"https:\/\/secure.gravatar.com\/avatar\/c742a95811ffbc635a3d111ab446f278cce576575d14970fd5d56e17580c3f23?s=96&d=mm&r=g\",\"caption\":\"Sergio Triguero\"}}]}<\/script>\n<!-- \/ Yoast SEO Premium plugin. -->","yoast_head_json":{"title":"Tend\u00e8ncies del disseny gr\u00e0fic 2022 | Artyplan","description":"Les tend\u00e8ncies del disseny gr\u00e0fic 2022 marquen les creativitat i la forma de treballar. Descobreix les tend\u00e8ncies del disseny gr\u00e0fic 2022.","robots":{"index":"index","follow":"follow","max-snippet":"max-snippet:-1","max-image-preview":"max-image-preview:large","max-video-preview":"max-video-preview:-1"},"canonical":"https:\/\/artyplan.com\/ca\/blog\/tendencies-disseny-grafic-2022\/","og_locale":"ca_ES","og_type":"article","og_title":"Tend\u00e8ncies del disseny gr\u00e0fic 2022","og_description":"Les tend\u00e8ncies del disseny gr\u00e0fic 2022 marquen les creativitat i la forma de treballar. Descobreix les tend\u00e8ncies del disseny gr\u00e0fic 2022.","og_url":"https:\/\/artyplan.com\/ca\/blog\/tendencies-disseny-grafic-2022\/","og_site_name":"Artyplan","article_publisher":"https:\/\/www.facebook.com\/artyplan","article_published_time":"2022-01-23T22:00:00+00:00","article_modified_time":"2025-09-07T14:10:24+00:00","og_image":[{"width":1920,"height":600,"url":"https:\/\/artyplan.com\/wp-content\/uploads\/2025\/09\/tendencias-diseno-grafico-2022.jpg","type":"image\/jpeg"}],"author":"Sergio Triguero","twitter_card":"summary_large_image","twitter_misc":{"Escrit per":"Sergio Triguero","Temps estimat de lectura":"4 minuts"},"schema":{"@context":"https:\/\/schema.org","@graph":[{"@type":"Article","@id":"https:\/\/artyplan.com\/ca\/blog\/tendencies-disseny-grafic-2022\/#article","isPartOf":{"@id":"https:\/\/artyplan.com\/ca\/blog\/tendencies-disseny-grafic-2022\/"},"author":{"name":"Sergio Triguero","@id":"https:\/\/artyplan.com\/ca\/#\/schema\/person\/0ef19accced432bc277b8d5248cd2cc0"},"headline":"Tend\u00e8ncies del disseny gr\u00e0fic 2022","datePublished":"2022-01-23T22:00:00+00:00","dateModified":"2025-09-07T14:10:24+00:00","mainEntityOfPage":{"@id":"https:\/\/artyplan.com\/ca\/blog\/tendencies-disseny-grafic-2022\/"},"wordCount":879,"publisher":{"@id":"https:\/\/artyplan.com\/ca\/#organization"},"image":{"@id":"https:\/\/artyplan.com\/ca\/blog\/tendencies-disseny-grafic-2022\/#primaryimage"},"thumbnailUrl":"https:\/\/artyplan.com\/wp-content\/uploads\/2025\/09\/tendencias-diseno-grafico-2022.jpg","articleSection":["Sense-categoritzar"],"inLanguage":"ca"},{"@type":"WebPage","@id":"https:\/\/artyplan.com\/ca\/blog\/tendencies-disseny-grafic-2022\/","url":"https:\/\/artyplan.com\/ca\/blog\/tendencies-disseny-grafic-2022\/","name":"Tend\u00e8ncies del disseny gr\u00e0fic 2022 | Artyplan","isPartOf":{"@id":"https:\/\/artyplan.com\/ca\/#website"},"primaryImageOfPage":{"@id":"https:\/\/artyplan.com\/ca\/blog\/tendencies-disseny-grafic-2022\/#primaryimage"},"image":{"@id":"https:\/\/artyplan.com\/ca\/blog\/tendencies-disseny-grafic-2022\/#primaryimage"},"thumbnailUrl":"https:\/\/artyplan.com\/wp-content\/uploads\/2025\/09\/tendencias-diseno-grafico-2022.jpg","datePublished":"2022-01-23T22:00:00+00:00","dateModified":"2025-09-07T14:10:24+00:00","description":"Les tend\u00e8ncies del disseny gr\u00e0fic 2022 marquen les creativitat i la forma de treballar. Descobreix les tend\u00e8ncies del disseny gr\u00e0fic 2022.","breadcrumb":{"@id":"https:\/\/artyplan.com\/ca\/blog\/tendencies-disseny-grafic-2022\/#breadcrumb"},"inLanguage":"ca","potentialAction":[{"@type":"ReadAction","target":["https:\/\/artyplan.com\/ca\/blog\/tendencies-disseny-grafic-2022\/"]}]},{"@type":"ImageObject","inLanguage":"ca","@id":"https:\/\/artyplan.com\/ca\/blog\/tendencies-disseny-grafic-2022\/#primaryimage","url":"https:\/\/artyplan.com\/wp-content\/uploads\/2025\/09\/tendencias-diseno-grafico-2022.jpg","contentUrl":"https:\/\/artyplan.com\/wp-content\/uploads\/2025\/09\/tendencias-diseno-grafico-2022.jpg","width":1920,"height":600,"caption":"tendencies-diseny-grafic-2022"},{"@type":"BreadcrumbList","@id":"https:\/\/artyplan.com\/ca\/blog\/tendencies-disseny-grafic-2022\/#breadcrumb","itemListElement":[{"@type":"ListItem","position":1,"name":"Artyplan","item":"https:\/\/artyplan.com\/ca\/"},{"@type":"ListItem","position":2,"name":"Tend\u00e8ncies del disseny gr\u00e0fic 2022"}]},{"@type":"WebSite","@id":"https:\/\/artyplan.com\/ca\/#website","url":"https:\/\/artyplan.com\/ca\/","name":"Artyplan","description":"","publisher":{"@id":"https:\/\/artyplan.com\/ca\/#organization"},"potentialAction":[{"@type":"SearchAction","target":{"@type":"EntryPoint","urlTemplate":"https:\/\/artyplan.com\/ca\/?s={search_term_string}"},"query-input":{"@type":"PropertyValueSpecification","valueRequired":true,"valueName":"search_term_string"}}],"inLanguage":"ca"},{"@type":"Organization","@id":"https:\/\/artyplan.com\/ca\/#organization","name":"Artyplan","url":"https:\/\/artyplan.com\/ca\/","logo":{"@type":"ImageObject","inLanguage":"ca","@id":"https:\/\/artyplan.com\/ca\/#\/schema\/logo\/image\/","url":"https:\/\/artyplan.com\/wp-content\/uploads\/2025\/12\/Logo-artyplan-690x690-1.png","contentUrl":"https:\/\/artyplan.com\/wp-content\/uploads\/2025\/12\/Logo-artyplan-690x690-1.png","width":690,"height":690,"caption":"Artyplan"},"image":{"@id":"https:\/\/artyplan.com\/ca\/#\/schema\/logo\/image\/"},"sameAs":["https:\/\/www.facebook.com\/artyplan","https:\/\/www.instagram.com\/artyplan\/","https:\/\/www.linkedin.com\/company\/artyplan"],"description":"Artyplan \u00e9s una empresa especialitzada en producci\u00f3 gr\u00e0fica i comunicaci\u00f3 visual amb 60 anys dexperi\u00e8ncia. Oferim solucions integrals d'impressi\u00f3 en gran format, PLV i retail, gesti\u00f3 d'esdeveniments i fires, disseny i fabricaci\u00f3 a mida, log\u00edstica i serveis d'instal\u00b7laci\u00f3 a tot el territori. Treballem per a marques, ag\u00e8ncies, espais comercials i institucions que necessiten un partner fiable per desenvolupar campanyes de m\u00e0rqueting, projectes de retail i accions de branding o m\u00e0rqueting. Combinem tecnologia avan\u00e7ada d\u00b4impressi\u00f3 digital, un equip expert i una gesti\u00f3 completa de projectes per garantir qualitat, agilitat i resultats a mida per a cada client. Disposem de plataformes B2B que faciliten als nostres clients la gesti\u00f3 de les comandes de materials impresos aix\u00ed com la log\u00edstica dels mateixos.","email":"info@artyplan.com","telephone":"+34 93 200 87 99","legalName":"Artyplan S.L.","vatID":"B61963229","numberOfEmployees":{"@type":"QuantitativeValue","minValue":"51","maxValue":"200"}},{"@type":"Person","@id":"https:\/\/artyplan.com\/ca\/#\/schema\/person\/0ef19accced432bc277b8d5248cd2cc0","name":"Sergio Triguero","image":{"@type":"ImageObject","inLanguage":"ca","@id":"https:\/\/artyplan.com\/ca\/#\/schema\/person\/image\/","url":"https:\/\/secure.gravatar.com\/avatar\/c742a95811ffbc635a3d111ab446f278cce576575d14970fd5d56e17580c3f23?s=96&d=mm&r=g","contentUrl":"https:\/\/secure.gravatar.com\/avatar\/c742a95811ffbc635a3d111ab446f278cce576575d14970fd5d56e17580c3f23?s=96&d=mm&r=g","caption":"Sergio Triguero"}}]}},"_links":{"self":[{"href":"https:\/\/artyplan.com\/ca\/wp-json\/wp\/v2\/posts\/5246","targetHints":{"allow":["GET"]}}],"collection":[{"href":"https:\/\/artyplan.com\/ca\/wp-json\/wp\/v2\/posts"}],"about":[{"href":"https:\/\/artyplan.com\/ca\/wp-json\/wp\/v2\/types\/post"}],"author":[{"embeddable":true,"href":"https:\/\/artyplan.com\/ca\/wp-json\/wp\/v2\/users\/3"}],"replies":[{"embeddable":true,"href":"https:\/\/artyplan.com\/ca\/wp-json\/wp\/v2\/comments?post=5246"}],"version-history":[{"count":1,"href":"https:\/\/artyplan.com\/ca\/wp-json\/wp\/v2\/posts\/5246\/revisions"}],"predecessor-version":[{"id":6350,"href":"https:\/\/artyplan.com\/ca\/wp-json\/wp\/v2\/posts\/5246\/revisions\/6350"}],"wp:featuredmedia":[{"embeddable":true,"href":"https:\/\/artyplan.com\/ca\/wp-json\/wp\/v2\/media\/5245"}],"wp:attachment":[{"href":"https:\/\/artyplan.com\/ca\/wp-json\/wp\/v2\/media?parent=5246"}],"wp:term":[{"taxonomy":"category","embeddable":true,"href":"https:\/\/artyplan.com\/ca\/wp-json\/wp\/v2\/categories?post=5246"},{"taxonomy":"post_tag","embeddable":true,"href":"https:\/\/artyplan.com\/ca\/wp-json\/wp\/v2\/tags?post=5246"}],"curies":[{"name":"wp","href":"https:\/\/api.w.org\/{rel}","templated":true}]}}