{"id":5251,"date":"2022-01-28T00:00:00","date_gmt":"2022-01-27T22:00:00","guid":{"rendered":"https:\/\/preweb.artyplan.com\/sin-categorizar\/fulleto-publicitari\/"},"modified":"2025-09-07T16:10:29","modified_gmt":"2025-09-07T14:10:29","slug":"fulleto-publicitari","status":"publish","type":"post","link":"https:\/\/artyplan.com\/ca\/blog\/fulleto-publicitari\/","title":{"rendered":"El fullet\u00f3 publicitari: la informaci\u00f3 que necessites"},"content":{"rendered":"<p>Actualment, en l\u2019era digital, els <a href=\"http:\/\/artyplan.com\/ca\/productes-impressio\/serveis-dimpressio-de-petit-format\/impressio-comercial\/fulletons\/\" target=\"_blank\" rel=\"noopener\"><strong>fulletons publicitaris<\/strong><\/a> impresos encara s\u00f3n imprescindibles entre les accions empresarials de comunicaci\u00f3. Es tracta d\u2019un recurs senzill d\u2019executar, econ\u00f2mic i en general, \u00fatil per aconseguir visibilitat i presentar empreses, productes o serveis. Penses que podria resultar interessant per a la teva marca? Continua llegint, i et resoldrem alguns dubtes.<\/p>\n<h2>Qu\u00e8 s\u00f3n els fulletons publicitaris?<\/h2>\n<p>S\u00f3n\u00a0<strong>cartes de presentaci\u00f3<\/strong>\u00a0d\u2019una empresa o el seu cat\u00e0leg. Estan impresos sobre paper o un altre material similar i es dirigeixen als clients, als accionistes, als prove\u00efdors, als col\u00b7laboradors o el p\u00fablic en general.<\/p>\n<p>S\u2019utilitzen per fer arribar informaci\u00f3 valuosa als destinataris. A m\u00e9s, els seus continguts i el seu disseny generen una <strong>imatge a la ment del p\u00fablic. <\/strong>Un bon treball creatiu, l\u00f2gicament, obtindr\u00e0 causar l\u2019efecte desitjat.<\/p>\n<p>El seu format \u00e9s inferior al dels cat\u00e0legs, els llibres o les revistes, encara que tamb\u00e9 n\u2019hi ha de gran format. En aquests casos, solen incloure molts plegats perqu\u00e8 l\u2019arxiu final sigui manejable.<\/p>\n<p>La seva funci\u00f3 \u00e9s m\u00faltiple. A les fires i als esdeveniments, es reparteixen per a <strong>aportar informaci\u00f3 \u00fatil al p\u00fablic assistent<\/strong>. En altres ocasions, es converteix en un recordatori sobre la conversaci\u00f3 o la negociaci\u00f3 mantingudes. I, sovint tamb\u00e9 serveixen perqu\u00e8 una intermedi\u00e0ria pugui fer arribar el contingut al potencial comprador.<\/p>\n<p>Sol incloure, tamb\u00e9, dades t\u00e8cniques, gr\u00e0fics, fotografies i altres elements valuosos. A la seva funci\u00f3 informativa s\u2019hi afegeixen, sobretot, un enfocament clarament persuasiu, publicitari i seductor. Un cop en mans del p\u00fablic, <strong>representen a la marca i als seus valors.<\/strong> S\u00f3n, en definitiva, un aparador port\u00e0til que els possibles interessats porten amb ells.<\/p>\n<h2>Quines classes de fullet\u00f3 publicitari existeixen?<\/h2>\n<p>A continuaci\u00f3, presentem quines s\u00f3n les principals classes de fulletons disponibles en el mercat:<\/p>\n<ol>\n<li><strong><em>Flyer<\/em><\/strong>: \u00c9s un full volant, impr\u00e8s a una o dues cares, que nom\u00e9s t\u00e9 un cos. \u00c9s el format b\u00e0sic i, per tant, el m\u00e9s econ\u00f2mic. Encara que de vegades s\u2019inclou com <em>encarte <\/em>en altres publicacions, tamb\u00e9 pot entregar-se en m\u00e0, per exemple a les portes de les botigues, restaurants o discoteques per animar a entrar. A la teva b\u00fastia de casa segur que has rebut algun no fa molt.<\/li>\n<li><strong>D\u00edptic<\/strong>: \u00c9s un material impr\u00e8s amb dos cossos; \u00e9s a dir, t\u00e9 un total de quatre p\u00e0gines. Compleix una funci\u00f3 similar a l\u2019anterior, encara permet incloure m\u00e9s informaci\u00f3 i organitzar-la de mode m\u00e9s controlat. En general, la portada desperta l\u2019inter\u00e8s, l\u2019interior desenvolupa les idees i la contraportada crida a l\u2019acci\u00f3.<\/li>\n<li><strong>Tr\u00edptic<\/strong>: T\u00e9 tres cossos (sis p\u00e0gines) i certa capacitat de transmetre un contingut ampli. S\u2019utilitzen com a material de m\u00e0 en rutes tur\u00edstiques o com a guies art\u00edstics en museus. Requereixen, crear nivells de lectura en el text, amb titulars per facilitar l\u2019exposici\u00f3 i comprensi\u00f3 de la informaci\u00f3.<\/li>\n<li><strong>Quadr\u00edptic<\/strong>: Amb quatre cossos (vuit p\u00e0gines), \u00e9s la versi\u00f3 plus de tots els anteriors. Ja que la seva capacitat \u00e9s major, aquest cos addicionar permet incloure m\u00e9s informaci\u00f3 o, millor encara, fotografies m\u00e9s grans i impactats.<\/li>\n<li><strong>Pol\u00edptic<\/strong>: Presenta m\u00e9s de quatre cossos. S\u00f3n habituals en pl\u00e0nols i mapes. En desplegar-los per complet, arriben a adquirir una gran mida.<\/li>\n<\/ol>\n<h3>Segons com es plega<\/h3>\n<p>Un altre factor diferencial \u00e9s com es plega, el qual <strong>influeix en l\u2019organitzaci\u00f3, presentaci\u00f3 i ordre de visualitzaci\u00f3 del contingut.<\/strong> Els plegats m\u00e9s habituals s\u00f3n:<\/p>\n<ul>\n<li><strong>Plegat en acordi\u00f3: <\/strong>Consta de dos o m\u00e9s plegats en paral\u00b7lel, per\u00f2 s\u2019ha de crear cada un d\u2019ells en direcci\u00f3 oposada a l\u2019anterior. \u00c9s la modalitat m\u00e9s indicada per aquells fulletons que tenen molts cossos exceptuant el doble (tr\u00edptics, quadr\u00edptics o pol\u00edptic). Habitualment s\u2019utilitza una grossor de paper menor per facilitar el plec. Quan s\u2019obre, pot fer-se tant des de la part dreta com des de l\u2019esquerra. El contingut ha d\u2019estar disposat de tal forma que tant si s\u2019obre per un costat o per l\u2019altre es mantingui l\u2019ess\u00e8ncia del missatge que es vol transmetre.<\/li>\n<li><strong>Plegat en finestra:<\/strong> Classe de plegat on els dos cossos exteriors es pleguen cap a l\u2019interior. Una vegada realitzat es tornen a plegar les pales o cos resultants. En aquest cas es requereix t\u00e8cnicament que les cares exteriors tinguin 2 mm menys per facilitar el plegat posterior.<\/li>\n<li><strong>Plegat envolant\u00a0o en\u00a0cilindre:<\/strong> Els plecs es doblen sobre ells mateixos. Quan es desplega, el lector accedeix al text o informaci\u00f3 de forma gradual, primer un cos i llavors un altre.<\/li>\n<li><strong>Plegat en creu: <\/strong>\u00c9s la modalitat de plec m\u00e9s complexa. A m\u00e9s a m\u00e9s, requereix que els continguts i informaci\u00f3 estiguin organitzats coherentment i independentment. \u00c9s el plec m\u00e9s utilitzat per mapes de carreteres, directoris de carrers o pl\u00e0nols. Es pot dur a terme aquest plec i donar com a resultat 8 cares, 16 cares o incl\u00f2s 32.<\/li>\n<\/ul>\n<p>A\u00a0<a href=\"http:\/\/artyplan.com\/productos-impresion\/servicio-de-impresion-en-pequeno-formato\/impresion-comercial\/folletos\" target=\"_blank\" rel=\"noopener\">Artyplan<\/a>\u00a0som especialistes en projectes d\u2019impressi\u00f3, atresorem una gran experi\u00e8ncia i resultats satisfactoris per tota classe de clients. Consulta als nostres assessors: t\u2019atendran de forma personalitzada durant tot el projecte, per orientar-te i ajudar-te a aconseguir el fullet\u00f3 publicitari que necessites.<\/p>\n","protected":false},"excerpt":{"rendered":"<p>Actualment, en l\u2019era digital, els fulletons publicitaris impresos encara s\u00f3n imprescindibles entre les accions empresarials de comunicaci\u00f3. Es tracta d\u2019un recurs senzill d\u2019executar, econ\u00f2mic i en general, \u00fatil per aconseguir visibilitat i presentar empreses, productes o serveis. Penses que podria resultar interessant per a la teva marca? Continua llegint, i et resoldrem alguns dubtes. Qu\u00e8 [&hellip;]<\/p>\n","protected":false},"author":3,"featured_media":7023,"comment_status":"closed","ping_status":"closed","sticky":false,"template":"","format":"standard","meta":{"footnotes":""},"categories":[1],"tags":[],"class_list":["post-5251","post","type-post","status-publish","format-standard","has-post-thumbnail","hentry","category-sense-categoritzar"],"yoast_head":"<!-- This site is optimized with the Yoast SEO Premium plugin v26.5 (Yoast SEO v26.5) - https:\/\/yoast.com\/wordpress\/plugins\/seo\/ -->\n<title>El fullet\u00f3 publicitari: la informaci\u00f3 que necessites | Artyplan<\/title>\n<meta name=\"description\" content=\"El fulleto publicitari \u00e9s un material impr\u00e8s de comunicaci\u00f3 necessari i funcional. T&#039;expliquem qu\u00e8 t&#039;aporta i quines classes existeixen.\" \/>\n<meta name=\"robots\" content=\"index, follow, max-snippet:-1, max-image-preview:large, max-video-preview:-1\" \/>\n<link rel=\"canonical\" href=\"https:\/\/artyplan.com\/ca\/blog\/fulleto-publicitari\/\" \/>\n<meta property=\"og:locale\" content=\"ca_ES\" \/>\n<meta property=\"og:type\" content=\"article\" \/>\n<meta property=\"og:title\" content=\"El fullet\u00f3 publicitari: la informaci\u00f3 que necessites\" \/>\n<meta property=\"og:description\" content=\"El fulleto publicitari \u00e9s un material impr\u00e8s de comunicaci\u00f3 necessari i funcional. T&#039;expliquem qu\u00e8 t&#039;aporta i quines classes existeixen.\" \/>\n<meta property=\"og:url\" content=\"https:\/\/artyplan.com\/ca\/blog\/fulleto-publicitari\/\" \/>\n<meta property=\"og:site_name\" content=\"Artyplan\" \/>\n<meta property=\"article:publisher\" content=\"https:\/\/www.facebook.com\/artyplan\" \/>\n<meta property=\"article:published_time\" content=\"2022-01-27T22:00:00+00:00\" \/>\n<meta property=\"article:modified_time\" content=\"2025-09-07T14:10:29+00:00\" \/>\n<meta property=\"og:image\" content=\"https:\/\/artyplan.com\/wp-content\/uploads\/2025\/09\/folleto-publicitario.jpg\" \/>\n\t<meta property=\"og:image:width\" content=\"1920\" \/>\n\t<meta property=\"og:image:height\" content=\"600\" \/>\n\t<meta property=\"og:image:type\" content=\"image\/jpeg\" \/>\n<meta name=\"author\" content=\"Sergio Triguero\" \/>\n<meta name=\"twitter:card\" content=\"summary_large_image\" \/>\n<meta name=\"twitter:label1\" content=\"Escrit per\" \/>\n\t<meta name=\"twitter:data1\" content=\"Sergio Triguero\" \/>\n\t<meta name=\"twitter:label2\" content=\"Temps estimat de lectura\" \/>\n\t<meta name=\"twitter:data2\" content=\"5 minuts\" \/>\n<script type=\"application\/ld+json\" class=\"yoast-schema-graph\">{\"@context\":\"https:\/\/schema.org\",\"@graph\":[{\"@type\":\"Article\",\"@id\":\"https:\/\/artyplan.com\/ca\/blog\/fulleto-publicitari\/#article\",\"isPartOf\":{\"@id\":\"https:\/\/artyplan.com\/ca\/blog\/fulleto-publicitari\/\"},\"author\":{\"name\":\"Sergio Triguero\",\"@id\":\"https:\/\/artyplan.com\/ca\/#\/schema\/person\/0ef19accced432bc277b8d5248cd2cc0\"},\"headline\":\"El fullet\u00f3 publicitari: la informaci\u00f3 que necessites\",\"datePublished\":\"2022-01-27T22:00:00+00:00\",\"dateModified\":\"2025-09-07T14:10:29+00:00\",\"mainEntityOfPage\":{\"@id\":\"https:\/\/artyplan.com\/ca\/blog\/fulleto-publicitari\/\"},\"wordCount\":908,\"publisher\":{\"@id\":\"https:\/\/artyplan.com\/ca\/#organization\"},\"image\":{\"@id\":\"https:\/\/artyplan.com\/ca\/blog\/fulleto-publicitari\/#primaryimage\"},\"thumbnailUrl\":\"https:\/\/artyplan.com\/wp-content\/uploads\/2025\/09\/folleto-publicitario.jpg\",\"articleSection\":[\"Sense-categoritzar\"],\"inLanguage\":\"ca\"},{\"@type\":\"WebPage\",\"@id\":\"https:\/\/artyplan.com\/ca\/blog\/fulleto-publicitari\/\",\"url\":\"https:\/\/artyplan.com\/ca\/blog\/fulleto-publicitari\/\",\"name\":\"El fullet\u00f3 publicitari: la informaci\u00f3 que necessites | Artyplan\",\"isPartOf\":{\"@id\":\"https:\/\/artyplan.com\/ca\/#website\"},\"primaryImageOfPage\":{\"@id\":\"https:\/\/artyplan.com\/ca\/blog\/fulleto-publicitari\/#primaryimage\"},\"image\":{\"@id\":\"https:\/\/artyplan.com\/ca\/blog\/fulleto-publicitari\/#primaryimage\"},\"thumbnailUrl\":\"https:\/\/artyplan.com\/wp-content\/uploads\/2025\/09\/folleto-publicitario.jpg\",\"datePublished\":\"2022-01-27T22:00:00+00:00\",\"dateModified\":\"2025-09-07T14:10:29+00:00\",\"description\":\"El fulleto publicitari \u00e9s un material impr\u00e8s de comunicaci\u00f3 necessari i funcional. T'expliquem qu\u00e8 t'aporta i quines classes existeixen.\",\"breadcrumb\":{\"@id\":\"https:\/\/artyplan.com\/ca\/blog\/fulleto-publicitari\/#breadcrumb\"},\"inLanguage\":\"ca\",\"potentialAction\":[{\"@type\":\"ReadAction\",\"target\":[\"https:\/\/artyplan.com\/ca\/blog\/fulleto-publicitari\/\"]}]},{\"@type\":\"ImageObject\",\"inLanguage\":\"ca\",\"@id\":\"https:\/\/artyplan.com\/ca\/blog\/fulleto-publicitari\/#primaryimage\",\"url\":\"https:\/\/artyplan.com\/wp-content\/uploads\/2025\/09\/folleto-publicitario.jpg\",\"contentUrl\":\"https:\/\/artyplan.com\/wp-content\/uploads\/2025\/09\/folleto-publicitario.jpg\",\"width\":1920,\"height\":600,\"caption\":\"folletos publicitarios|folletos publicitarios impresos\"},{\"@type\":\"BreadcrumbList\",\"@id\":\"https:\/\/artyplan.com\/ca\/blog\/fulleto-publicitari\/#breadcrumb\",\"itemListElement\":[{\"@type\":\"ListItem\",\"position\":1,\"name\":\"Artyplan\",\"item\":\"https:\/\/artyplan.com\/ca\/\"},{\"@type\":\"ListItem\",\"position\":2,\"name\":\"El fullet\u00f3 publicitari: la informaci\u00f3 que necessites\"}]},{\"@type\":\"WebSite\",\"@id\":\"https:\/\/artyplan.com\/ca\/#website\",\"url\":\"https:\/\/artyplan.com\/ca\/\",\"name\":\"Artyplan\",\"description\":\"\",\"publisher\":{\"@id\":\"https:\/\/artyplan.com\/ca\/#organization\"},\"potentialAction\":[{\"@type\":\"SearchAction\",\"target\":{\"@type\":\"EntryPoint\",\"urlTemplate\":\"https:\/\/artyplan.com\/ca\/?s={search_term_string}\"},\"query-input\":{\"@type\":\"PropertyValueSpecification\",\"valueRequired\":true,\"valueName\":\"search_term_string\"}}],\"inLanguage\":\"ca\"},{\"@type\":\"Organization\",\"@id\":\"https:\/\/artyplan.com\/ca\/#organization\",\"name\":\"Artyplan\",\"url\":\"https:\/\/artyplan.com\/ca\/\",\"logo\":{\"@type\":\"ImageObject\",\"inLanguage\":\"ca\",\"@id\":\"https:\/\/artyplan.com\/ca\/#\/schema\/logo\/image\/\",\"url\":\"https:\/\/artyplan.com\/wp-content\/uploads\/2025\/12\/Logo-artyplan-690x690-1.png\",\"contentUrl\":\"https:\/\/artyplan.com\/wp-content\/uploads\/2025\/12\/Logo-artyplan-690x690-1.png\",\"width\":690,\"height\":690,\"caption\":\"Artyplan\"},\"image\":{\"@id\":\"https:\/\/artyplan.com\/ca\/#\/schema\/logo\/image\/\"},\"sameAs\":[\"https:\/\/www.facebook.com\/artyplan\",\"https:\/\/www.instagram.com\/artyplan\/\",\"https:\/\/www.linkedin.com\/company\/artyplan\"],\"description\":\"Artyplan \u00e9s una empresa especialitzada en producci\u00f3 gr\u00e0fica i comunicaci\u00f3 visual amb 60 anys dexperi\u00e8ncia. Oferim solucions integrals d'impressi\u00f3 en gran format, PLV i retail, gesti\u00f3 d'esdeveniments i fires, disseny i fabricaci\u00f3 a mida, log\u00edstica i serveis d'instal\u00b7laci\u00f3 a tot el territori. Treballem per a marques, ag\u00e8ncies, espais comercials i institucions que necessiten un partner fiable per desenvolupar campanyes de m\u00e0rqueting, projectes de retail i accions de branding o m\u00e0rqueting. Combinem tecnologia avan\u00e7ada d\u00b4impressi\u00f3 digital, un equip expert i una gesti\u00f3 completa de projectes per garantir qualitat, agilitat i resultats a mida per a cada client. Disposem de plataformes B2B que faciliten als nostres clients la gesti\u00f3 de les comandes de materials impresos aix\u00ed com la log\u00edstica dels mateixos.\",\"email\":\"info@artyplan.com\",\"telephone\":\"+34 93 200 87 99\",\"legalName\":\"Artyplan S.L.\",\"vatID\":\"B61963229\",\"numberOfEmployees\":{\"@type\":\"QuantitativeValue\",\"minValue\":\"51\",\"maxValue\":\"200\"}},{\"@type\":\"Person\",\"@id\":\"https:\/\/artyplan.com\/ca\/#\/schema\/person\/0ef19accced432bc277b8d5248cd2cc0\",\"name\":\"Sergio Triguero\",\"image\":{\"@type\":\"ImageObject\",\"inLanguage\":\"ca\",\"@id\":\"https:\/\/artyplan.com\/ca\/#\/schema\/person\/image\/\",\"url\":\"https:\/\/secure.gravatar.com\/avatar\/c742a95811ffbc635a3d111ab446f278cce576575d14970fd5d56e17580c3f23?s=96&d=mm&r=g\",\"contentUrl\":\"https:\/\/secure.gravatar.com\/avatar\/c742a95811ffbc635a3d111ab446f278cce576575d14970fd5d56e17580c3f23?s=96&d=mm&r=g\",\"caption\":\"Sergio Triguero\"}}]}<\/script>\n<!-- \/ Yoast SEO Premium plugin. -->","yoast_head_json":{"title":"El fullet\u00f3 publicitari: la informaci\u00f3 que necessites | Artyplan","description":"El fulleto publicitari \u00e9s un material impr\u00e8s de comunicaci\u00f3 necessari i funcional. T'expliquem qu\u00e8 t'aporta i quines classes existeixen.","robots":{"index":"index","follow":"follow","max-snippet":"max-snippet:-1","max-image-preview":"max-image-preview:large","max-video-preview":"max-video-preview:-1"},"canonical":"https:\/\/artyplan.com\/ca\/blog\/fulleto-publicitari\/","og_locale":"ca_ES","og_type":"article","og_title":"El fullet\u00f3 publicitari: la informaci\u00f3 que necessites","og_description":"El fulleto publicitari \u00e9s un material impr\u00e8s de comunicaci\u00f3 necessari i funcional. T'expliquem qu\u00e8 t'aporta i quines classes existeixen.","og_url":"https:\/\/artyplan.com\/ca\/blog\/fulleto-publicitari\/","og_site_name":"Artyplan","article_publisher":"https:\/\/www.facebook.com\/artyplan","article_published_time":"2022-01-27T22:00:00+00:00","article_modified_time":"2025-09-07T14:10:29+00:00","og_image":[{"width":1920,"height":600,"url":"https:\/\/artyplan.com\/wp-content\/uploads\/2025\/09\/folleto-publicitario.jpg","type":"image\/jpeg"}],"author":"Sergio Triguero","twitter_card":"summary_large_image","twitter_misc":{"Escrit per":"Sergio Triguero","Temps estimat de lectura":"5 minuts"},"schema":{"@context":"https:\/\/schema.org","@graph":[{"@type":"Article","@id":"https:\/\/artyplan.com\/ca\/blog\/fulleto-publicitari\/#article","isPartOf":{"@id":"https:\/\/artyplan.com\/ca\/blog\/fulleto-publicitari\/"},"author":{"name":"Sergio Triguero","@id":"https:\/\/artyplan.com\/ca\/#\/schema\/person\/0ef19accced432bc277b8d5248cd2cc0"},"headline":"El fullet\u00f3 publicitari: la informaci\u00f3 que necessites","datePublished":"2022-01-27T22:00:00+00:00","dateModified":"2025-09-07T14:10:29+00:00","mainEntityOfPage":{"@id":"https:\/\/artyplan.com\/ca\/blog\/fulleto-publicitari\/"},"wordCount":908,"publisher":{"@id":"https:\/\/artyplan.com\/ca\/#organization"},"image":{"@id":"https:\/\/artyplan.com\/ca\/blog\/fulleto-publicitari\/#primaryimage"},"thumbnailUrl":"https:\/\/artyplan.com\/wp-content\/uploads\/2025\/09\/folleto-publicitario.jpg","articleSection":["Sense-categoritzar"],"inLanguage":"ca"},{"@type":"WebPage","@id":"https:\/\/artyplan.com\/ca\/blog\/fulleto-publicitari\/","url":"https:\/\/artyplan.com\/ca\/blog\/fulleto-publicitari\/","name":"El fullet\u00f3 publicitari: la informaci\u00f3 que necessites | Artyplan","isPartOf":{"@id":"https:\/\/artyplan.com\/ca\/#website"},"primaryImageOfPage":{"@id":"https:\/\/artyplan.com\/ca\/blog\/fulleto-publicitari\/#primaryimage"},"image":{"@id":"https:\/\/artyplan.com\/ca\/blog\/fulleto-publicitari\/#primaryimage"},"thumbnailUrl":"https:\/\/artyplan.com\/wp-content\/uploads\/2025\/09\/folleto-publicitario.jpg","datePublished":"2022-01-27T22:00:00+00:00","dateModified":"2025-09-07T14:10:29+00:00","description":"El fulleto publicitari \u00e9s un material impr\u00e8s de comunicaci\u00f3 necessari i funcional. T'expliquem qu\u00e8 t'aporta i quines classes existeixen.","breadcrumb":{"@id":"https:\/\/artyplan.com\/ca\/blog\/fulleto-publicitari\/#breadcrumb"},"inLanguage":"ca","potentialAction":[{"@type":"ReadAction","target":["https:\/\/artyplan.com\/ca\/blog\/fulleto-publicitari\/"]}]},{"@type":"ImageObject","inLanguage":"ca","@id":"https:\/\/artyplan.com\/ca\/blog\/fulleto-publicitari\/#primaryimage","url":"https:\/\/artyplan.com\/wp-content\/uploads\/2025\/09\/folleto-publicitario.jpg","contentUrl":"https:\/\/artyplan.com\/wp-content\/uploads\/2025\/09\/folleto-publicitario.jpg","width":1920,"height":600,"caption":"folletos publicitarios|folletos publicitarios impresos"},{"@type":"BreadcrumbList","@id":"https:\/\/artyplan.com\/ca\/blog\/fulleto-publicitari\/#breadcrumb","itemListElement":[{"@type":"ListItem","position":1,"name":"Artyplan","item":"https:\/\/artyplan.com\/ca\/"},{"@type":"ListItem","position":2,"name":"El fullet\u00f3 publicitari: la informaci\u00f3 que necessites"}]},{"@type":"WebSite","@id":"https:\/\/artyplan.com\/ca\/#website","url":"https:\/\/artyplan.com\/ca\/","name":"Artyplan","description":"","publisher":{"@id":"https:\/\/artyplan.com\/ca\/#organization"},"potentialAction":[{"@type":"SearchAction","target":{"@type":"EntryPoint","urlTemplate":"https:\/\/artyplan.com\/ca\/?s={search_term_string}"},"query-input":{"@type":"PropertyValueSpecification","valueRequired":true,"valueName":"search_term_string"}}],"inLanguage":"ca"},{"@type":"Organization","@id":"https:\/\/artyplan.com\/ca\/#organization","name":"Artyplan","url":"https:\/\/artyplan.com\/ca\/","logo":{"@type":"ImageObject","inLanguage":"ca","@id":"https:\/\/artyplan.com\/ca\/#\/schema\/logo\/image\/","url":"https:\/\/artyplan.com\/wp-content\/uploads\/2025\/12\/Logo-artyplan-690x690-1.png","contentUrl":"https:\/\/artyplan.com\/wp-content\/uploads\/2025\/12\/Logo-artyplan-690x690-1.png","width":690,"height":690,"caption":"Artyplan"},"image":{"@id":"https:\/\/artyplan.com\/ca\/#\/schema\/logo\/image\/"},"sameAs":["https:\/\/www.facebook.com\/artyplan","https:\/\/www.instagram.com\/artyplan\/","https:\/\/www.linkedin.com\/company\/artyplan"],"description":"Artyplan \u00e9s una empresa especialitzada en producci\u00f3 gr\u00e0fica i comunicaci\u00f3 visual amb 60 anys dexperi\u00e8ncia. Oferim solucions integrals d'impressi\u00f3 en gran format, PLV i retail, gesti\u00f3 d'esdeveniments i fires, disseny i fabricaci\u00f3 a mida, log\u00edstica i serveis d'instal\u00b7laci\u00f3 a tot el territori. Treballem per a marques, ag\u00e8ncies, espais comercials i institucions que necessiten un partner fiable per desenvolupar campanyes de m\u00e0rqueting, projectes de retail i accions de branding o m\u00e0rqueting. Combinem tecnologia avan\u00e7ada d\u00b4impressi\u00f3 digital, un equip expert i una gesti\u00f3 completa de projectes per garantir qualitat, agilitat i resultats a mida per a cada client. Disposem de plataformes B2B que faciliten als nostres clients la gesti\u00f3 de les comandes de materials impresos aix\u00ed com la log\u00edstica dels mateixos.","email":"info@artyplan.com","telephone":"+34 93 200 87 99","legalName":"Artyplan S.L.","vatID":"B61963229","numberOfEmployees":{"@type":"QuantitativeValue","minValue":"51","maxValue":"200"}},{"@type":"Person","@id":"https:\/\/artyplan.com\/ca\/#\/schema\/person\/0ef19accced432bc277b8d5248cd2cc0","name":"Sergio Triguero","image":{"@type":"ImageObject","inLanguage":"ca","@id":"https:\/\/artyplan.com\/ca\/#\/schema\/person\/image\/","url":"https:\/\/secure.gravatar.com\/avatar\/c742a95811ffbc635a3d111ab446f278cce576575d14970fd5d56e17580c3f23?s=96&d=mm&r=g","contentUrl":"https:\/\/secure.gravatar.com\/avatar\/c742a95811ffbc635a3d111ab446f278cce576575d14970fd5d56e17580c3f23?s=96&d=mm&r=g","caption":"Sergio Triguero"}}]}},"_links":{"self":[{"href":"https:\/\/artyplan.com\/ca\/wp-json\/wp\/v2\/posts\/5251","targetHints":{"allow":["GET"]}}],"collection":[{"href":"https:\/\/artyplan.com\/ca\/wp-json\/wp\/v2\/posts"}],"about":[{"href":"https:\/\/artyplan.com\/ca\/wp-json\/wp\/v2\/types\/post"}],"author":[{"embeddable":true,"href":"https:\/\/artyplan.com\/ca\/wp-json\/wp\/v2\/users\/3"}],"replies":[{"embeddable":true,"href":"https:\/\/artyplan.com\/ca\/wp-json\/wp\/v2\/comments?post=5251"}],"version-history":[{"count":1,"href":"https:\/\/artyplan.com\/ca\/wp-json\/wp\/v2\/posts\/5251\/revisions"}],"predecessor-version":[{"id":6353,"href":"https:\/\/artyplan.com\/ca\/wp-json\/wp\/v2\/posts\/5251\/revisions\/6353"}],"wp:featuredmedia":[{"embeddable":true,"href":"https:\/\/artyplan.com\/ca\/wp-json\/wp\/v2\/media\/7023"}],"wp:attachment":[{"href":"https:\/\/artyplan.com\/ca\/wp-json\/wp\/v2\/media?parent=5251"}],"wp:term":[{"taxonomy":"category","embeddable":true,"href":"https:\/\/artyplan.com\/ca\/wp-json\/wp\/v2\/categories?post=5251"},{"taxonomy":"post_tag","embeddable":true,"href":"https:\/\/artyplan.com\/ca\/wp-json\/wp\/v2\/tags?post=5251"}],"curies":[{"name":"wp","href":"https:\/\/api.w.org\/{rel}","templated":true}]}}