{"id":5273,"date":"2022-03-25T00:00:00","date_gmt":"2022-03-24T22:00:00","guid":{"rendered":"https:\/\/preweb.artyplan.com\/sin-categorizar\/crea-i-imprimeix-el-teu-punt-de-llibre\/"},"modified":"2025-09-07T16:10:49","modified_gmt":"2025-09-07T14:10:49","slug":"crea-i-imprimeix-el-teu-punt-de-llibre","status":"publish","type":"post","link":"https:\/\/artyplan.com\/ca\/blog\/crea-i-imprimeix-el-teu-punt-de-llibre\/","title":{"rendered":"Crea i imprimeix el teu punt de llibre"},"content":{"rendered":"<p>Els punts de llibre s\u00f3n tires de paper impreses a una doble cara que serveixen per marcar les p\u00e0gines del llibre i no perdre el fil de la hist\u00f2ria. A m\u00e9s a m\u00e9s, \u00e9s un regal promocional molt \u00fatil i durador i ideal per la festivitat de Sant Jordi, dia Mundial del llibre, ja que \u00e9s un bonic detall per a regalar juntament amb un llibre.<\/p>\n<p>A l\u2019hora de crear i imprimir un punt de llibre s\u2019han de tenir en compte diferents par\u00e0metres, com: la mida, el suport i l\u2019acabat que li volem donar per aix\u00ed aconseguir el punt de llibre desitjat.<\/p>\n<h2>Mida del punt de llibre<\/h2>\n<p>La mida del punt de llibre pot ser diversa depenent sempre de la mida del llibre on es vol utilitzar.\u00a0 \u00a0La mesura est\u00e0ndard del punt de llibre \u00e9s de 200x55mm, en un format A4 hi caben 5 unitats.<\/p>\n<p>Aix\u00ed mateix, es pot realitzar qualsevol mida que es necessiti i personalitzar el punt de llibre segons la sol\u00b7licitud i finalitat demanada. \u00a0A Artyplan hem impr\u00e8s punts de llibre des de 50x180mm a 85x236mm.<\/p>\n<h2>Tipus de suport a escollir per imprimir el punt de llibre<\/h2>\n<p>En el moment de crear un punt de llibre pot sorgir el dubte de quin suport fer servir, ja que en el mercat existeixen una gran varietat. Alguns dels m\u00e9s emprats s\u00f3n:<\/p>\n<ul>\n<li><strong>Paper estucat (en mat o brillant)<\/strong>: compost per un suport de cel\u00b7lulosa al qual se li afegeixen una s\u00e8rie de capes d\u2019estucat que contenen component minerals i org\u00e0nics donant-li al paper noves propietats per rebre tinta durant el proc\u00e9s d\u2019impressi\u00f3.<\/li>\n<li><strong>Paper \u00f2fset<\/strong>: \u00e9s el\u00a0paper t\u00edpic de fotocopiadora o foli cl\u00e0ssic. \u00c9s un paper sense revestir i amb bastant porus amb major capacitat d\u2019absorci\u00f3 de tinta.<\/li>\n<li><strong>Paper \u00f2fset reciclat<\/strong>: classe de paper produ\u00eft a partir de fibra reciclada i amb la possibilitat d\u2019acabats amb diferents blancs.<\/li>\n<li><strong>Paper creatiu<\/strong>: s\u00f3n productes amb caracter\u00edstiques especials dissenyats per un gran nombre d\u2019aplicacions empresarials i comercials, amb una \u00e0mplia gamma de terminacions, textures, colors, acabats i especialitats art\u00edstiques, orientats generalment a potenciar la idea.<\/li>\n<li><strong>Cartolina gr\u00e0fica<\/strong>: es compon d\u2019una o dues cares estucades i t\u00e9 un calibre major que un estucat del mateix gramatge, \u00e9s m\u00e9s robust.<\/li>\n<\/ul>\n<p>\u00c9s recomanable utilitzar un gramatge en cada un dels suports entre 200 i 350 grams per aconseguir aix\u00ed la qualitat desitjada.<\/p>\n<h2>Classe d&#8217;acabats per imprimir un punt de llibre<\/h2>\n<p>Amb tot aix\u00f2, no solament s\u2019ha d\u2019escollir el suport i el gramatge dels punts de llibre, sin\u00f3 que se li ha d\u2019afegir altres caracter\u00edstiques a tenir en compte s\u00f3n els acabats, el conjunt de t\u00e8cniques que marquen el punt final d\u2019un proc\u00e9s de producci\u00f3 de material impr\u00e8s i li donen valor afegit.<\/p>\n<ul>\n<li><strong>Laminat mat:<\/strong> pel\u00b7l\u00edcula mat de polipropil\u00e8 (BOPP) per a la laminaci\u00f3. Ideal per obtenir superf\u00edcies no reflectants, resistent a la llum UV, magn\u00edfica resist\u00e8ncia a subst\u00e0ncies qu\u00edmiques i a l\u2019abrasi\u00f3.<\/li>\n<li><strong>Laminat brillant:<\/strong> pel\u00b7l\u00edcula transparent de polipropil\u00e8 bio orientat (BOPP) per laminaci\u00f3. Molt bona transpar\u00e8ncia, resistent a la llum UV, excel\u00b7lent resist\u00e8ncia a subst\u00e0ncies qu\u00edmiques i a l\u2019abrasi\u00f3.<\/li>\n<li><strong>Laminat softtouch:<\/strong> pel\u00b7l\u00edcula de propil\u00e8 bio orientat amb propietats t\u00e0ctils per a la laminaci\u00f3 que ofereixen una meravellosa adher\u00e8ncia d\u2019estampats i vernissos.<\/li>\n<li><strong>Reserva UVI:<\/strong> proc\u00e9s que consisteix a aplicar un vern\u00eds sobre el disseny que aconsegueix ressaltar zones concretes.<\/li>\n<li><strong>Stamping:<\/strong> t\u00e8cnica que consisteix a transferir una pel\u00b7l\u00edcula per mitj\u00e0 de pressi\u00f3 i temperatura; normalment es fa servir en acabats platejats o daurats.<\/li>\n<\/ul>\n<h2>Artyplan el teu prove\u00efdor de confian\u00e7a<\/h2>\n<p>Com has pogut comprovar existeixen una gran varietat de suports i acabats a tenir en compte a l\u2019hora d\u2019imprimir un punt de llibre. Parla amb els <a href=\"http:\/\/artyplan.com\/ca\/contacte\/\" target=\"_blank\" rel=\"noopener\">nostres assessors<\/a> de la teva idea per aix\u00ed poder plasmar-la!<\/p>\n","protected":false},"excerpt":{"rendered":"<p>Els punts de llibre s\u00f3n tires de paper impreses a una doble cara que serveixen per marcar les p\u00e0gines del llibre i no perdre el fil de la hist\u00f2ria. A m\u00e9s a m\u00e9s, \u00e9s un regal promocional molt \u00fatil i durador i ideal per la festivitat de Sant Jordi, dia Mundial del llibre, ja que [&hellip;]<\/p>\n","protected":false},"author":3,"featured_media":5272,"comment_status":"closed","ping_status":"closed","sticky":false,"template":"","format":"standard","meta":{"footnotes":""},"categories":[1],"tags":[],"class_list":["post-5273","post","type-post","status-publish","format-standard","has-post-thumbnail","hentry","category-sense-categoritzar"],"yoast_head":"<!-- This site is optimized with the Yoast SEO Premium plugin v26.5 (Yoast SEO v26.5) - https:\/\/yoast.com\/wordpress\/plugins\/seo\/ -->\n<title>Crea i imprimeix el teu punt de llibre | Artyplan<\/title>\n<meta name=\"description\" content=\"Per a crear i imprimir un punt de llibre has de tenir en compte diferents factors com la mida, el suport i l&#039;acabat.\" \/>\n<meta name=\"robots\" content=\"index, follow, max-snippet:-1, max-image-preview:large, max-video-preview:-1\" \/>\n<link rel=\"canonical\" href=\"https:\/\/artyplan.com\/ca\/blog\/crea-i-imprimeix-el-teu-punt-de-llibre\/\" \/>\n<meta property=\"og:locale\" content=\"ca_ES\" \/>\n<meta property=\"og:type\" content=\"article\" \/>\n<meta property=\"og:title\" content=\"Crea i imprimeix el teu punt de llibre\" \/>\n<meta property=\"og:description\" content=\"Per a crear i imprimir un punt de llibre has de tenir en compte diferents factors com la mida, el suport i l&#039;acabat.\" \/>\n<meta property=\"og:url\" content=\"https:\/\/artyplan.com\/ca\/blog\/crea-i-imprimeix-el-teu-punt-de-llibre\/\" \/>\n<meta property=\"og:site_name\" content=\"Artyplan\" \/>\n<meta property=\"article:publisher\" content=\"https:\/\/www.facebook.com\/artyplan\" \/>\n<meta property=\"article:published_time\" content=\"2022-03-24T22:00:00+00:00\" \/>\n<meta property=\"article:modified_time\" content=\"2025-09-07T14:10:49+00:00\" \/>\n<meta property=\"og:image\" content=\"https:\/\/artyplan.com\/wp-content\/uploads\/2025\/09\/punto-libro-imprimir.jpg\" \/>\n\t<meta property=\"og:image:width\" content=\"1920\" \/>\n\t<meta property=\"og:image:height\" content=\"600\" \/>\n\t<meta property=\"og:image:type\" content=\"image\/jpeg\" \/>\n<meta name=\"author\" content=\"Sergio Triguero\" \/>\n<meta name=\"twitter:card\" content=\"summary_large_image\" \/>\n<meta name=\"twitter:label1\" content=\"Escrit per\" \/>\n\t<meta name=\"twitter:data1\" content=\"Sergio Triguero\" \/>\n\t<meta name=\"twitter:label2\" content=\"Temps estimat de lectura\" \/>\n\t<meta name=\"twitter:data2\" content=\"3 minuts\" \/>\n<script type=\"application\/ld+json\" class=\"yoast-schema-graph\">{\"@context\":\"https:\/\/schema.org\",\"@graph\":[{\"@type\":\"Article\",\"@id\":\"https:\/\/artyplan.com\/ca\/blog\/crea-i-imprimeix-el-teu-punt-de-llibre\/#article\",\"isPartOf\":{\"@id\":\"https:\/\/artyplan.com\/ca\/blog\/crea-i-imprimeix-el-teu-punt-de-llibre\/\"},\"author\":{\"name\":\"Sergio Triguero\",\"@id\":\"https:\/\/artyplan.com\/ca\/#\/schema\/person\/0ef19accced432bc277b8d5248cd2cc0\"},\"headline\":\"Crea i imprimeix el teu punt de llibre\",\"datePublished\":\"2022-03-24T22:00:00+00:00\",\"dateModified\":\"2025-09-07T14:10:49+00:00\",\"mainEntityOfPage\":{\"@id\":\"https:\/\/artyplan.com\/ca\/blog\/crea-i-imprimeix-el-teu-punt-de-llibre\/\"},\"wordCount\":687,\"publisher\":{\"@id\":\"https:\/\/artyplan.com\/ca\/#organization\"},\"image\":{\"@id\":\"https:\/\/artyplan.com\/ca\/blog\/crea-i-imprimeix-el-teu-punt-de-llibre\/#primaryimage\"},\"thumbnailUrl\":\"https:\/\/artyplan.com\/wp-content\/uploads\/2025\/09\/punto-libro-imprimir.jpg\",\"articleSection\":[\"Sense-categoritzar\"],\"inLanguage\":\"ca\"},{\"@type\":\"WebPage\",\"@id\":\"https:\/\/artyplan.com\/ca\/blog\/crea-i-imprimeix-el-teu-punt-de-llibre\/\",\"url\":\"https:\/\/artyplan.com\/ca\/blog\/crea-i-imprimeix-el-teu-punt-de-llibre\/\",\"name\":\"Crea i imprimeix el teu punt de llibre | Artyplan\",\"isPartOf\":{\"@id\":\"https:\/\/artyplan.com\/ca\/#website\"},\"primaryImageOfPage\":{\"@id\":\"https:\/\/artyplan.com\/ca\/blog\/crea-i-imprimeix-el-teu-punt-de-llibre\/#primaryimage\"},\"image\":{\"@id\":\"https:\/\/artyplan.com\/ca\/blog\/crea-i-imprimeix-el-teu-punt-de-llibre\/#primaryimage\"},\"thumbnailUrl\":\"https:\/\/artyplan.com\/wp-content\/uploads\/2025\/09\/punto-libro-imprimir.jpg\",\"datePublished\":\"2022-03-24T22:00:00+00:00\",\"dateModified\":\"2025-09-07T14:10:49+00:00\",\"description\":\"Per a crear i imprimir un punt de llibre has de tenir en compte diferents factors com la mida, el suport i l'acabat.\",\"breadcrumb\":{\"@id\":\"https:\/\/artyplan.com\/ca\/blog\/crea-i-imprimeix-el-teu-punt-de-llibre\/#breadcrumb\"},\"inLanguage\":\"ca\",\"potentialAction\":[{\"@type\":\"ReadAction\",\"target\":[\"https:\/\/artyplan.com\/ca\/blog\/crea-i-imprimeix-el-teu-punt-de-llibre\/\"]}]},{\"@type\":\"ImageObject\",\"inLanguage\":\"ca\",\"@id\":\"https:\/\/artyplan.com\/ca\/blog\/crea-i-imprimeix-el-teu-punt-de-llibre\/#primaryimage\",\"url\":\"https:\/\/artyplan.com\/wp-content\/uploads\/2025\/09\/punto-libro-imprimir.jpg\",\"contentUrl\":\"https:\/\/artyplan.com\/wp-content\/uploads\/2025\/09\/punto-libro-imprimir.jpg\",\"width\":1920,\"height\":600,\"caption\":\"punt-llibre-imprimir\"},{\"@type\":\"BreadcrumbList\",\"@id\":\"https:\/\/artyplan.com\/ca\/blog\/crea-i-imprimeix-el-teu-punt-de-llibre\/#breadcrumb\",\"itemListElement\":[{\"@type\":\"ListItem\",\"position\":1,\"name\":\"Artyplan\",\"item\":\"https:\/\/artyplan.com\/ca\/\"},{\"@type\":\"ListItem\",\"position\":2,\"name\":\"Crea i imprimeix el teu punt de llibre\"}]},{\"@type\":\"WebSite\",\"@id\":\"https:\/\/artyplan.com\/ca\/#website\",\"url\":\"https:\/\/artyplan.com\/ca\/\",\"name\":\"Artyplan\",\"description\":\"\",\"publisher\":{\"@id\":\"https:\/\/artyplan.com\/ca\/#organization\"},\"potentialAction\":[{\"@type\":\"SearchAction\",\"target\":{\"@type\":\"EntryPoint\",\"urlTemplate\":\"https:\/\/artyplan.com\/ca\/?s={search_term_string}\"},\"query-input\":{\"@type\":\"PropertyValueSpecification\",\"valueRequired\":true,\"valueName\":\"search_term_string\"}}],\"inLanguage\":\"ca\"},{\"@type\":\"Organization\",\"@id\":\"https:\/\/artyplan.com\/ca\/#organization\",\"name\":\"Artyplan\",\"url\":\"https:\/\/artyplan.com\/ca\/\",\"logo\":{\"@type\":\"ImageObject\",\"inLanguage\":\"ca\",\"@id\":\"https:\/\/artyplan.com\/ca\/#\/schema\/logo\/image\/\",\"url\":\"https:\/\/artyplan.com\/wp-content\/uploads\/2025\/12\/Logo-artyplan-690x690-1.png\",\"contentUrl\":\"https:\/\/artyplan.com\/wp-content\/uploads\/2025\/12\/Logo-artyplan-690x690-1.png\",\"width\":690,\"height\":690,\"caption\":\"Artyplan\"},\"image\":{\"@id\":\"https:\/\/artyplan.com\/ca\/#\/schema\/logo\/image\/\"},\"sameAs\":[\"https:\/\/www.facebook.com\/artyplan\",\"https:\/\/www.instagram.com\/artyplan\/\",\"https:\/\/www.linkedin.com\/company\/artyplan\"],\"description\":\"Artyplan \u00e9s una empresa especialitzada en producci\u00f3 gr\u00e0fica i comunicaci\u00f3 visual amb 60 anys dexperi\u00e8ncia. Oferim solucions integrals d'impressi\u00f3 en gran format, PLV i retail, gesti\u00f3 d'esdeveniments i fires, disseny i fabricaci\u00f3 a mida, log\u00edstica i serveis d'instal\u00b7laci\u00f3 a tot el territori. Treballem per a marques, ag\u00e8ncies, espais comercials i institucions que necessiten un partner fiable per desenvolupar campanyes de m\u00e0rqueting, projectes de retail i accions de branding o m\u00e0rqueting. Combinem tecnologia avan\u00e7ada d\u00b4impressi\u00f3 digital, un equip expert i una gesti\u00f3 completa de projectes per garantir qualitat, agilitat i resultats a mida per a cada client. Disposem de plataformes B2B que faciliten als nostres clients la gesti\u00f3 de les comandes de materials impresos aix\u00ed com la log\u00edstica dels mateixos.\",\"email\":\"info@artyplan.com\",\"telephone\":\"+34 93 200 87 99\",\"legalName\":\"Artyplan S.L.\",\"vatID\":\"B61963229\",\"numberOfEmployees\":{\"@type\":\"QuantitativeValue\",\"minValue\":\"51\",\"maxValue\":\"200\"}},{\"@type\":\"Person\",\"@id\":\"https:\/\/artyplan.com\/ca\/#\/schema\/person\/0ef19accced432bc277b8d5248cd2cc0\",\"name\":\"Sergio Triguero\",\"image\":{\"@type\":\"ImageObject\",\"inLanguage\":\"ca\",\"@id\":\"https:\/\/artyplan.com\/ca\/#\/schema\/person\/image\/\",\"url\":\"https:\/\/secure.gravatar.com\/avatar\/c742a95811ffbc635a3d111ab446f278cce576575d14970fd5d56e17580c3f23?s=96&d=mm&r=g\",\"contentUrl\":\"https:\/\/secure.gravatar.com\/avatar\/c742a95811ffbc635a3d111ab446f278cce576575d14970fd5d56e17580c3f23?s=96&d=mm&r=g\",\"caption\":\"Sergio Triguero\"}}]}<\/script>\n<!-- \/ Yoast SEO Premium plugin. -->","yoast_head_json":{"title":"Crea i imprimeix el teu punt de llibre | Artyplan","description":"Per a crear i imprimir un punt de llibre has de tenir en compte diferents factors com la mida, el suport i l'acabat.","robots":{"index":"index","follow":"follow","max-snippet":"max-snippet:-1","max-image-preview":"max-image-preview:large","max-video-preview":"max-video-preview:-1"},"canonical":"https:\/\/artyplan.com\/ca\/blog\/crea-i-imprimeix-el-teu-punt-de-llibre\/","og_locale":"ca_ES","og_type":"article","og_title":"Crea i imprimeix el teu punt de llibre","og_description":"Per a crear i imprimir un punt de llibre has de tenir en compte diferents factors com la mida, el suport i l'acabat.","og_url":"https:\/\/artyplan.com\/ca\/blog\/crea-i-imprimeix-el-teu-punt-de-llibre\/","og_site_name":"Artyplan","article_publisher":"https:\/\/www.facebook.com\/artyplan","article_published_time":"2022-03-24T22:00:00+00:00","article_modified_time":"2025-09-07T14:10:49+00:00","og_image":[{"width":1920,"height":600,"url":"https:\/\/artyplan.com\/wp-content\/uploads\/2025\/09\/punto-libro-imprimir.jpg","type":"image\/jpeg"}],"author":"Sergio Triguero","twitter_card":"summary_large_image","twitter_misc":{"Escrit per":"Sergio Triguero","Temps estimat de lectura":"3 minuts"},"schema":{"@context":"https:\/\/schema.org","@graph":[{"@type":"Article","@id":"https:\/\/artyplan.com\/ca\/blog\/crea-i-imprimeix-el-teu-punt-de-llibre\/#article","isPartOf":{"@id":"https:\/\/artyplan.com\/ca\/blog\/crea-i-imprimeix-el-teu-punt-de-llibre\/"},"author":{"name":"Sergio Triguero","@id":"https:\/\/artyplan.com\/ca\/#\/schema\/person\/0ef19accced432bc277b8d5248cd2cc0"},"headline":"Crea i imprimeix el teu punt de llibre","datePublished":"2022-03-24T22:00:00+00:00","dateModified":"2025-09-07T14:10:49+00:00","mainEntityOfPage":{"@id":"https:\/\/artyplan.com\/ca\/blog\/crea-i-imprimeix-el-teu-punt-de-llibre\/"},"wordCount":687,"publisher":{"@id":"https:\/\/artyplan.com\/ca\/#organization"},"image":{"@id":"https:\/\/artyplan.com\/ca\/blog\/crea-i-imprimeix-el-teu-punt-de-llibre\/#primaryimage"},"thumbnailUrl":"https:\/\/artyplan.com\/wp-content\/uploads\/2025\/09\/punto-libro-imprimir.jpg","articleSection":["Sense-categoritzar"],"inLanguage":"ca"},{"@type":"WebPage","@id":"https:\/\/artyplan.com\/ca\/blog\/crea-i-imprimeix-el-teu-punt-de-llibre\/","url":"https:\/\/artyplan.com\/ca\/blog\/crea-i-imprimeix-el-teu-punt-de-llibre\/","name":"Crea i imprimeix el teu punt de llibre | Artyplan","isPartOf":{"@id":"https:\/\/artyplan.com\/ca\/#website"},"primaryImageOfPage":{"@id":"https:\/\/artyplan.com\/ca\/blog\/crea-i-imprimeix-el-teu-punt-de-llibre\/#primaryimage"},"image":{"@id":"https:\/\/artyplan.com\/ca\/blog\/crea-i-imprimeix-el-teu-punt-de-llibre\/#primaryimage"},"thumbnailUrl":"https:\/\/artyplan.com\/wp-content\/uploads\/2025\/09\/punto-libro-imprimir.jpg","datePublished":"2022-03-24T22:00:00+00:00","dateModified":"2025-09-07T14:10:49+00:00","description":"Per a crear i imprimir un punt de llibre has de tenir en compte diferents factors com la mida, el suport i l'acabat.","breadcrumb":{"@id":"https:\/\/artyplan.com\/ca\/blog\/crea-i-imprimeix-el-teu-punt-de-llibre\/#breadcrumb"},"inLanguage":"ca","potentialAction":[{"@type":"ReadAction","target":["https:\/\/artyplan.com\/ca\/blog\/crea-i-imprimeix-el-teu-punt-de-llibre\/"]}]},{"@type":"ImageObject","inLanguage":"ca","@id":"https:\/\/artyplan.com\/ca\/blog\/crea-i-imprimeix-el-teu-punt-de-llibre\/#primaryimage","url":"https:\/\/artyplan.com\/wp-content\/uploads\/2025\/09\/punto-libro-imprimir.jpg","contentUrl":"https:\/\/artyplan.com\/wp-content\/uploads\/2025\/09\/punto-libro-imprimir.jpg","width":1920,"height":600,"caption":"punt-llibre-imprimir"},{"@type":"BreadcrumbList","@id":"https:\/\/artyplan.com\/ca\/blog\/crea-i-imprimeix-el-teu-punt-de-llibre\/#breadcrumb","itemListElement":[{"@type":"ListItem","position":1,"name":"Artyplan","item":"https:\/\/artyplan.com\/ca\/"},{"@type":"ListItem","position":2,"name":"Crea i imprimeix el teu punt de llibre"}]},{"@type":"WebSite","@id":"https:\/\/artyplan.com\/ca\/#website","url":"https:\/\/artyplan.com\/ca\/","name":"Artyplan","description":"","publisher":{"@id":"https:\/\/artyplan.com\/ca\/#organization"},"potentialAction":[{"@type":"SearchAction","target":{"@type":"EntryPoint","urlTemplate":"https:\/\/artyplan.com\/ca\/?s={search_term_string}"},"query-input":{"@type":"PropertyValueSpecification","valueRequired":true,"valueName":"search_term_string"}}],"inLanguage":"ca"},{"@type":"Organization","@id":"https:\/\/artyplan.com\/ca\/#organization","name":"Artyplan","url":"https:\/\/artyplan.com\/ca\/","logo":{"@type":"ImageObject","inLanguage":"ca","@id":"https:\/\/artyplan.com\/ca\/#\/schema\/logo\/image\/","url":"https:\/\/artyplan.com\/wp-content\/uploads\/2025\/12\/Logo-artyplan-690x690-1.png","contentUrl":"https:\/\/artyplan.com\/wp-content\/uploads\/2025\/12\/Logo-artyplan-690x690-1.png","width":690,"height":690,"caption":"Artyplan"},"image":{"@id":"https:\/\/artyplan.com\/ca\/#\/schema\/logo\/image\/"},"sameAs":["https:\/\/www.facebook.com\/artyplan","https:\/\/www.instagram.com\/artyplan\/","https:\/\/www.linkedin.com\/company\/artyplan"],"description":"Artyplan \u00e9s una empresa especialitzada en producci\u00f3 gr\u00e0fica i comunicaci\u00f3 visual amb 60 anys dexperi\u00e8ncia. Oferim solucions integrals d'impressi\u00f3 en gran format, PLV i retail, gesti\u00f3 d'esdeveniments i fires, disseny i fabricaci\u00f3 a mida, log\u00edstica i serveis d'instal\u00b7laci\u00f3 a tot el territori. Treballem per a marques, ag\u00e8ncies, espais comercials i institucions que necessiten un partner fiable per desenvolupar campanyes de m\u00e0rqueting, projectes de retail i accions de branding o m\u00e0rqueting. Combinem tecnologia avan\u00e7ada d\u00b4impressi\u00f3 digital, un equip expert i una gesti\u00f3 completa de projectes per garantir qualitat, agilitat i resultats a mida per a cada client. Disposem de plataformes B2B que faciliten als nostres clients la gesti\u00f3 de les comandes de materials impresos aix\u00ed com la log\u00edstica dels mateixos.","email":"info@artyplan.com","telephone":"+34 93 200 87 99","legalName":"Artyplan S.L.","vatID":"B61963229","numberOfEmployees":{"@type":"QuantitativeValue","minValue":"51","maxValue":"200"}},{"@type":"Person","@id":"https:\/\/artyplan.com\/ca\/#\/schema\/person\/0ef19accced432bc277b8d5248cd2cc0","name":"Sergio Triguero","image":{"@type":"ImageObject","inLanguage":"ca","@id":"https:\/\/artyplan.com\/ca\/#\/schema\/person\/image\/","url":"https:\/\/secure.gravatar.com\/avatar\/c742a95811ffbc635a3d111ab446f278cce576575d14970fd5d56e17580c3f23?s=96&d=mm&r=g","contentUrl":"https:\/\/secure.gravatar.com\/avatar\/c742a95811ffbc635a3d111ab446f278cce576575d14970fd5d56e17580c3f23?s=96&d=mm&r=g","caption":"Sergio Triguero"}}]}},"_links":{"self":[{"href":"https:\/\/artyplan.com\/ca\/wp-json\/wp\/v2\/posts\/5273","targetHints":{"allow":["GET"]}}],"collection":[{"href":"https:\/\/artyplan.com\/ca\/wp-json\/wp\/v2\/posts"}],"about":[{"href":"https:\/\/artyplan.com\/ca\/wp-json\/wp\/v2\/types\/post"}],"author":[{"embeddable":true,"href":"https:\/\/artyplan.com\/ca\/wp-json\/wp\/v2\/users\/3"}],"replies":[{"embeddable":true,"href":"https:\/\/artyplan.com\/ca\/wp-json\/wp\/v2\/comments?post=5273"}],"version-history":[{"count":1,"href":"https:\/\/artyplan.com\/ca\/wp-json\/wp\/v2\/posts\/5273\/revisions"}],"predecessor-version":[{"id":6368,"href":"https:\/\/artyplan.com\/ca\/wp-json\/wp\/v2\/posts\/5273\/revisions\/6368"}],"wp:featuredmedia":[{"embeddable":true,"href":"https:\/\/artyplan.com\/ca\/wp-json\/wp\/v2\/media\/5272"}],"wp:attachment":[{"href":"https:\/\/artyplan.com\/ca\/wp-json\/wp\/v2\/media?parent=5273"}],"wp:term":[{"taxonomy":"category","embeddable":true,"href":"https:\/\/artyplan.com\/ca\/wp-json\/wp\/v2\/categories?post=5273"},{"taxonomy":"post_tag","embeddable":true,"href":"https:\/\/artyplan.com\/ca\/wp-json\/wp\/v2\/tags?post=5273"}],"curies":[{"name":"wp","href":"https:\/\/api.w.org\/{rel}","templated":true}]}}