{"id":5279,"date":"2022-04-11T00:00:00","date_gmt":"2022-04-10T22:00:00","guid":{"rendered":"https:\/\/preweb.artyplan.com\/sin-categorizar\/produccio-de-grafiques-per-esdeveniments\/"},"modified":"2026-01-30T13:52:48","modified_gmt":"2026-01-30T11:52:48","slug":"produccio-de-grafiques-per-esdeveniments","status":"publish","type":"post","link":"https:\/\/artyplan.com\/ca\/blog\/produccio-de-grafiques-per-esdeveniments\/","title":{"rendered":"Producci\u00f3 gr\u00e0fica per a esdeveniments amb Artyplan"},"content":{"rendered":"<p>La\u00a0<strong>producci\u00f3 de gr\u00e0fiques per esdeveniments<\/strong>\u00a0\u00e9s cada cop m\u00e9s demandada. Aquests actes de comunicaci\u00f3, en l\u2019\u00e8poca del m\u00e0rqueting<em>\u00a0<\/em>experiencial, s\u00f3n una gran oportunitat per realitzar\u00a0<em>branding<\/em>, fidelitzar, millorar el reconeixement de marca i ser medi\u00e0tics. Per aconseguir-ho, \u00e9s imprescindible cuidar cada detall al m\u00e0xim, amb coher\u00e8ncia, adequaci\u00f3 i qualitat.<\/p>\n<h2><strong>La producci\u00f3 de gr\u00e0fiques per esdeveniments <\/strong><\/h2>\n<p>El suport gr\u00e0fic, l\u2019ambientaci\u00f3 i la pres\u00e8ncia impactant dels missatges de marca s\u00f3n decisius per a generar en els invitats els efectes desitjats. \u00c9s cert, que l\u2019experi\u00e8ncia de l\u2019acte ha de ser memorable, per\u00f2 la influ\u00e8ncia publicit\u00e0ria espec\u00edfica dep\u00e8n de l\u2019acompanyament gr\u00e0fic.<\/p>\n<p>Atraure, interessar, emocionar, memoritzar i enamorar s\u00f3n les funcions d\u2019aquesta part de la comunicaci\u00f3 en esdeveniments. En aquest sentit, les <strong>opcions disponibles<\/strong> s\u00f3n molt variades, per la qual cosa qualsevol acte quedar\u00e0 impecable si es treballa amb creativitat, coneixement i bons col\u00b7laboradors.<\/p>\n<h3>Diferents gr\u00e0fiques per esdeveniments<\/h3>\n<ul>\n<li><strong>Cartell publicitari. <\/strong>L\u00e0mina de paper o un altre material impr\u00e8s amb algun missatge (verbal, visual o combinat). T\u00e9 diferents mides i sol col\u00b7locar-se sobre: paret, estanteria, estructura fixa o penjat al sostre.<\/li>\n<li><strong>Cart\u00f3 ploma publicitari<\/strong>. Es tracta d\u2019una variant impresa sobre cart\u00f3 encoixinat, m\u00e9s consistent i resistent que el paper.<\/li>\n<li><strong>Lona publicit\u00e0ria<\/strong>. Sol emprar-se per a mostrar anuncis de gran mida, per exemple, en fa\u00e7anes o accessos a l\u2019acte. Aquest t\u00e8xtil compta amb una gran resist\u00e8ncia, incl\u00fas a l\u2019aire lliure, i projecta bona imatge.<\/li>\n<li><strong>P\u00f2ster t\u00e8xtil<\/strong>. La versi\u00f3 en teixit dels cartells de paper. S\u2019utilitzen, especialment, t\u00e8cniques de sublimaci\u00f3 per a mostrar una imatge excel\u00b7lent.<\/li>\n<li><strong>Estructures\u00a0<em>rollup<\/em><\/strong>. Suport auto enrotllable, port\u00e0til, autosostenible i f\u00e0cil de muntar. Consta d\u2019una base plegable i lones impreses que es col\u00b7loquen i es retiren f\u00e0cilment.<\/li>\n<li><strong>XBanner<\/strong>. Un altre expositor publicitari port\u00e0til, l\u2019estructura en forma de \u201cics\u201d i est\u00e0 feta d\u2019alumini o PVC. \u00a0Admet la col\u00b7laci\u00f3 i retirada d\u2019impressions gr\u00e0fiques, sobretot de la lona.<\/li>\n<li><strong>Banderola publicit\u00e0ria<\/strong>. Producte de gran mida que s\u2019imprimeix en tela. Habitualment, se\u2019n combinen m\u00e9s d\u2019una. Permet incorporar logos, esl\u00f2gans i cromatismes de campanya. Solen emprar-se com a senyalitzadors en els accessos i per\u00edmetres dels esdeveniments comercials.<\/li>\n<li><strong><em>Photocall<\/em><\/strong>. Tot el m\u00f3n vol fer-se <em>selfies<\/em>, tamb\u00e9 en els teus esdeveniments. Aquestes estructures s\u00f3n el fons perfecte per aquestes fotos que despr\u00e9s en difonen en les xarxes. Decora\u2019ls amb la teva marca i els teus missatges comercials!<\/li>\n<li><strong>Expositor per a fulletons<\/strong>. En l\u2019actualitat, existeix una gran diversitat. No solament ofereixen el material gr\u00e0fic adequat, tamb\u00e9 els pots personalitzar perqu\u00e8 cridin l\u2019atenci\u00f3.<\/li>\n<li><strong>Taulell port\u00e0til<\/strong>. L\u2019atenci\u00f3 humana segueix encara \u00e9s un cl\u00e0ssic molt necessari en aquests actes. Els taulells de posar i treure, estables i il\u00b7lustrats amb els missatges de campanya, s\u00f3n pr\u00e0ctics, projecten bona imatge i afavoreixen la interacci\u00f3 amb el p\u00fablic.<\/li>\n<li><strong>Expositor\u00a0<em>display<\/em><\/strong>. Element impr\u00e8s i tridimensional per a destacar productes f\u00edsics i oferir-los al p\u00fablic de forma atractiva.<\/li>\n<li><strong>Stand modular<\/strong>. Amb aquestes solucions impreses d\u2019arquitectura ef\u00edmera o multi usos, pots definir el teu espai comercial segons les teves necessitats. Aix\u00ed, aconseguir\u00e0s un disseny amb un impacte visual excepcional.<\/li>\n<\/ul>\n<h2><strong>Esdeveniments m\u00e9s sostenibles i ecol\u00f2gics <\/strong><\/h2>\n<p>Les tecnologies d\u2019impressi\u00f3 avancen de manera excepcional. Vols organitzar un esdeveniment <em>top\u00a0<\/em><strong>respectant al m\u00e0xim el medi ambient<\/strong>? A Artyplan t\u2019oferim solucions d\u2019\u00faltima generaci\u00f3 per aconseguir-ho. Els nostres especialistes en <a href=\"http:\/\/artyplan.com\/ca\/productes-impressio\/packaging\/packaging-promocional\/\" target=\"_blank\" rel=\"noopener\">impressi\u00f3 digital de\u00a0<em>packaging<\/em>\u00a0promocional<\/a>\u00a0et facilitaran les claus per fer-ho.<\/p>\n<p>D\u2019entrada, que et semblen aquestes alternatives?:<\/p>\n<ul>\n<li>Lones lliures de PVC.<\/li>\n<li>Vinils ecol\u00f2gics.<\/li>\n<li><em>Rollup\u00a0<\/em>ecol\u00f2gics.<\/li>\n<li>P\u00f2sters impresos amb paper reciclat i\/o reciclable.<\/li>\n<li>Aplicaci\u00f3 de tintes especials.<\/li>\n<\/ul>\n<h2><strong>Qualitat, innovaci\u00f3 i suport d\u2019impressi\u00f3 en els teus esdeveniments<\/strong><\/h2>\n<p>Organitzar un esdeveniment d\u2019\u00e8xit \u00e9s una labor complexa i exigent. No et compliques la vida m\u00e9s del necessari: escull un <strong>prove\u00efdor de producci\u00f3 de gr\u00e0fiques per a esdeveniments<\/strong>\u00a0que t\u2019asseguri un bon impacte, qualitat, solucions personalitzades i molt bones idees. Contacta amb els nostres assessors i fes realitat l\u2019esdeveniment que has somiat amb materials sostenibles.<\/p>\n","protected":false},"excerpt":{"rendered":"<p>La\u00a0producci\u00f3 de gr\u00e0fiques per esdeveniments\u00a0\u00e9s cada cop m\u00e9s demandada. Aquests actes de comunicaci\u00f3, en l\u2019\u00e8poca del m\u00e0rqueting\u00a0experiencial, s\u00f3n una gran oportunitat per realitzar\u00a0branding, fidelitzar, millorar el reconeixement de marca i ser medi\u00e0tics. Per aconseguir-ho, \u00e9s imprescindible cuidar cada detall al m\u00e0xim, amb coher\u00e8ncia, adequaci\u00f3 i qualitat. La producci\u00f3 de gr\u00e0fiques per esdeveniments El suport gr\u00e0fic, [&hellip;]<\/p>\n","protected":false},"author":3,"featured_media":5278,"comment_status":"closed","ping_status":"closed","sticky":false,"template":"","format":"standard","meta":{"footnotes":""},"categories":[52,54,1],"tags":[],"class_list":["post-5279","post","type-post","status-publish","format-standard","has-post-thumbnail","hentry","category-ecologic-ca","category-noticies-ca","category-sense-categoritzar"],"yoast_head":"<!-- This site is optimized with the Yoast SEO Premium plugin v26.5 (Yoast SEO v26.5) - https:\/\/yoast.com\/wordpress\/plugins\/seo\/ -->\n<title>Producci\u00f3 gr\u00e0fica per a esdeveniments amb Artyplan<\/title>\n<meta name=\"description\" content=\"Necesites un prove\u00efdor de confian\u00e7a per a la producci\u00f3 gr\u00e0fica per a esdeveniments? Artyplan \u00e9s l&#039;opci\u00f3 sostenible que necesites.\" \/>\n<meta name=\"robots\" content=\"index, follow, max-snippet:-1, max-image-preview:large, max-video-preview:-1\" \/>\n<link rel=\"canonical\" href=\"https:\/\/artyplan.com\/ca\/blog\/produccio-de-grafiques-per-esdeveniments\/\" \/>\n<meta property=\"og:locale\" content=\"ca_ES\" \/>\n<meta property=\"og:type\" content=\"article\" \/>\n<meta property=\"og:title\" content=\"Producci\u00f3 gr\u00e0fica per a esdeveniments amb Artyplan\" \/>\n<meta property=\"og:description\" content=\"Necesites un prove\u00efdor de confian\u00e7a per a la producci\u00f3 gr\u00e0fica per a esdeveniments? Artyplan \u00e9s l&#039;opci\u00f3 sostenible que necesites.\" \/>\n<meta property=\"og:url\" content=\"https:\/\/artyplan.com\/ca\/blog\/produccio-de-grafiques-per-esdeveniments\/\" \/>\n<meta property=\"og:site_name\" content=\"Artyplan\" \/>\n<meta property=\"article:publisher\" content=\"https:\/\/www.facebook.com\/artyplan\" \/>\n<meta property=\"article:published_time\" content=\"2022-04-10T22:00:00+00:00\" \/>\n<meta property=\"article:modified_time\" content=\"2026-01-30T11:52:48+00:00\" \/>\n<meta property=\"og:image\" content=\"https:\/\/artyplan.com\/wp-content\/uploads\/2025\/09\/produccion-grafica-eventos.jpg\" \/>\n\t<meta property=\"og:image:width\" content=\"1920\" \/>\n\t<meta property=\"og:image:height\" content=\"600\" \/>\n\t<meta property=\"og:image:type\" content=\"image\/jpeg\" \/>\n<meta name=\"author\" content=\"Sergio Triguero\" \/>\n<meta name=\"twitter:card\" content=\"summary_large_image\" \/>\n<meta name=\"twitter:label1\" content=\"Escrit per\" \/>\n\t<meta name=\"twitter:data1\" content=\"Sergio Triguero\" \/>\n\t<meta name=\"twitter:label2\" content=\"Temps estimat de lectura\" \/>\n\t<meta name=\"twitter:data2\" content=\"4 minuts\" \/>\n<script type=\"application\/ld+json\" class=\"yoast-schema-graph\">{\"@context\":\"https:\/\/schema.org\",\"@graph\":[{\"@type\":\"Article\",\"@id\":\"https:\/\/artyplan.com\/ca\/blog\/produccio-de-grafiques-per-esdeveniments\/#article\",\"isPartOf\":{\"@id\":\"https:\/\/artyplan.com\/ca\/blog\/produccio-de-grafiques-per-esdeveniments\/\"},\"author\":{\"name\":\"Sergio Triguero\",\"@id\":\"https:\/\/artyplan.com\/ca\/#\/schema\/person\/0ef19accced432bc277b8d5248cd2cc0\"},\"headline\":\"Producci\u00f3 gr\u00e0fica per a esdeveniments amb Artyplan\",\"datePublished\":\"2022-04-10T22:00:00+00:00\",\"dateModified\":\"2026-01-30T11:52:48+00:00\",\"mainEntityOfPage\":{\"@id\":\"https:\/\/artyplan.com\/ca\/blog\/produccio-de-grafiques-per-esdeveniments\/\"},\"wordCount\":731,\"publisher\":{\"@id\":\"https:\/\/artyplan.com\/ca\/#organization\"},\"image\":{\"@id\":\"https:\/\/artyplan.com\/ca\/blog\/produccio-de-grafiques-per-esdeveniments\/#primaryimage\"},\"thumbnailUrl\":\"https:\/\/artyplan.com\/wp-content\/uploads\/2025\/09\/produccion-grafica-eventos.jpg\",\"articleSection\":[\"Ecol\u00f2gic\",\"Noticies\",\"Sense-categoritzar\"],\"inLanguage\":\"ca\"},{\"@type\":\"WebPage\",\"@id\":\"https:\/\/artyplan.com\/ca\/blog\/produccio-de-grafiques-per-esdeveniments\/\",\"url\":\"https:\/\/artyplan.com\/ca\/blog\/produccio-de-grafiques-per-esdeveniments\/\",\"name\":\"Producci\u00f3 gr\u00e0fica per a esdeveniments amb Artyplan\",\"isPartOf\":{\"@id\":\"https:\/\/artyplan.com\/ca\/#website\"},\"primaryImageOfPage\":{\"@id\":\"https:\/\/artyplan.com\/ca\/blog\/produccio-de-grafiques-per-esdeveniments\/#primaryimage\"},\"image\":{\"@id\":\"https:\/\/artyplan.com\/ca\/blog\/produccio-de-grafiques-per-esdeveniments\/#primaryimage\"},\"thumbnailUrl\":\"https:\/\/artyplan.com\/wp-content\/uploads\/2025\/09\/produccion-grafica-eventos.jpg\",\"datePublished\":\"2022-04-10T22:00:00+00:00\",\"dateModified\":\"2026-01-30T11:52:48+00:00\",\"description\":\"Necesites un prove\u00efdor de confian\u00e7a per a la producci\u00f3 gr\u00e0fica per a esdeveniments? Artyplan \u00e9s l'opci\u00f3 sostenible que necesites.\",\"breadcrumb\":{\"@id\":\"https:\/\/artyplan.com\/ca\/blog\/produccio-de-grafiques-per-esdeveniments\/#breadcrumb\"},\"inLanguage\":\"ca\",\"potentialAction\":[{\"@type\":\"ReadAction\",\"target\":[\"https:\/\/artyplan.com\/ca\/blog\/produccio-de-grafiques-per-esdeveniments\/\"]}]},{\"@type\":\"ImageObject\",\"inLanguage\":\"ca\",\"@id\":\"https:\/\/artyplan.com\/ca\/blog\/produccio-de-grafiques-per-esdeveniments\/#primaryimage\",\"url\":\"https:\/\/artyplan.com\/wp-content\/uploads\/2025\/09\/produccion-grafica-eventos.jpg\",\"contentUrl\":\"https:\/\/artyplan.com\/wp-content\/uploads\/2025\/09\/produccion-grafica-eventos.jpg\",\"width\":1920,\"height\":600,\"caption\":\"produccio-grafica-esdeveniments\"},{\"@type\":\"BreadcrumbList\",\"@id\":\"https:\/\/artyplan.com\/ca\/blog\/produccio-de-grafiques-per-esdeveniments\/#breadcrumb\",\"itemListElement\":[{\"@type\":\"ListItem\",\"position\":1,\"name\":\"Artyplan\",\"item\":\"https:\/\/artyplan.com\/ca\/\"},{\"@type\":\"ListItem\",\"position\":2,\"name\":\"Producci\u00f3 gr\u00e0fica per a esdeveniments amb Artyplan\"}]},{\"@type\":\"WebSite\",\"@id\":\"https:\/\/artyplan.com\/ca\/#website\",\"url\":\"https:\/\/artyplan.com\/ca\/\",\"name\":\"Artyplan\",\"description\":\"\",\"publisher\":{\"@id\":\"https:\/\/artyplan.com\/ca\/#organization\"},\"potentialAction\":[{\"@type\":\"SearchAction\",\"target\":{\"@type\":\"EntryPoint\",\"urlTemplate\":\"https:\/\/artyplan.com\/ca\/?s={search_term_string}\"},\"query-input\":{\"@type\":\"PropertyValueSpecification\",\"valueRequired\":true,\"valueName\":\"search_term_string\"}}],\"inLanguage\":\"ca\"},{\"@type\":\"Organization\",\"@id\":\"https:\/\/artyplan.com\/ca\/#organization\",\"name\":\"Artyplan\",\"url\":\"https:\/\/artyplan.com\/ca\/\",\"logo\":{\"@type\":\"ImageObject\",\"inLanguage\":\"ca\",\"@id\":\"https:\/\/artyplan.com\/ca\/#\/schema\/logo\/image\/\",\"url\":\"https:\/\/artyplan.com\/wp-content\/uploads\/2025\/12\/Logo-artyplan-690x690-1.png\",\"contentUrl\":\"https:\/\/artyplan.com\/wp-content\/uploads\/2025\/12\/Logo-artyplan-690x690-1.png\",\"width\":690,\"height\":690,\"caption\":\"Artyplan\"},\"image\":{\"@id\":\"https:\/\/artyplan.com\/ca\/#\/schema\/logo\/image\/\"},\"sameAs\":[\"https:\/\/www.facebook.com\/artyplan\",\"https:\/\/www.instagram.com\/artyplan\/\",\"https:\/\/www.linkedin.com\/company\/artyplan\"],\"description\":\"Artyplan \u00e9s una empresa especialitzada en producci\u00f3 gr\u00e0fica i comunicaci\u00f3 visual amb 60 anys dexperi\u00e8ncia. Oferim solucions integrals d'impressi\u00f3 en gran format, PLV i retail, gesti\u00f3 d'esdeveniments i fires, disseny i fabricaci\u00f3 a mida, log\u00edstica i serveis d'instal\u00b7laci\u00f3 a tot el territori. Treballem per a marques, ag\u00e8ncies, espais comercials i institucions que necessiten un partner fiable per desenvolupar campanyes de m\u00e0rqueting, projectes de retail i accions de branding o m\u00e0rqueting. Combinem tecnologia avan\u00e7ada d\u00b4impressi\u00f3 digital, un equip expert i una gesti\u00f3 completa de projectes per garantir qualitat, agilitat i resultats a mida per a cada client. Disposem de plataformes B2B que faciliten als nostres clients la gesti\u00f3 de les comandes de materials impresos aix\u00ed com la log\u00edstica dels mateixos.\",\"email\":\"info@artyplan.com\",\"telephone\":\"+34 93 200 87 99\",\"legalName\":\"Artyplan S.L.\",\"vatID\":\"B61963229\",\"numberOfEmployees\":{\"@type\":\"QuantitativeValue\",\"minValue\":\"51\",\"maxValue\":\"200\"}},{\"@type\":\"Person\",\"@id\":\"https:\/\/artyplan.com\/ca\/#\/schema\/person\/0ef19accced432bc277b8d5248cd2cc0\",\"name\":\"Sergio Triguero\",\"image\":{\"@type\":\"ImageObject\",\"inLanguage\":\"ca\",\"@id\":\"https:\/\/artyplan.com\/ca\/#\/schema\/person\/image\/\",\"url\":\"https:\/\/secure.gravatar.com\/avatar\/c742a95811ffbc635a3d111ab446f278cce576575d14970fd5d56e17580c3f23?s=96&d=mm&r=g\",\"contentUrl\":\"https:\/\/secure.gravatar.com\/avatar\/c742a95811ffbc635a3d111ab446f278cce576575d14970fd5d56e17580c3f23?s=96&d=mm&r=g\",\"caption\":\"Sergio Triguero\"}}]}<\/script>\n<!-- \/ Yoast SEO Premium plugin. -->","yoast_head_json":{"title":"Producci\u00f3 gr\u00e0fica per a esdeveniments amb Artyplan","description":"Necesites un prove\u00efdor de confian\u00e7a per a la producci\u00f3 gr\u00e0fica per a esdeveniments? Artyplan \u00e9s l'opci\u00f3 sostenible que necesites.","robots":{"index":"index","follow":"follow","max-snippet":"max-snippet:-1","max-image-preview":"max-image-preview:large","max-video-preview":"max-video-preview:-1"},"canonical":"https:\/\/artyplan.com\/ca\/blog\/produccio-de-grafiques-per-esdeveniments\/","og_locale":"ca_ES","og_type":"article","og_title":"Producci\u00f3 gr\u00e0fica per a esdeveniments amb Artyplan","og_description":"Necesites un prove\u00efdor de confian\u00e7a per a la producci\u00f3 gr\u00e0fica per a esdeveniments? Artyplan \u00e9s l'opci\u00f3 sostenible que necesites.","og_url":"https:\/\/artyplan.com\/ca\/blog\/produccio-de-grafiques-per-esdeveniments\/","og_site_name":"Artyplan","article_publisher":"https:\/\/www.facebook.com\/artyplan","article_published_time":"2022-04-10T22:00:00+00:00","article_modified_time":"2026-01-30T11:52:48+00:00","og_image":[{"width":1920,"height":600,"url":"https:\/\/artyplan.com\/wp-content\/uploads\/2025\/09\/produccion-grafica-eventos.jpg","type":"image\/jpeg"}],"author":"Sergio Triguero","twitter_card":"summary_large_image","twitter_misc":{"Escrit per":"Sergio Triguero","Temps estimat de lectura":"4 minuts"},"schema":{"@context":"https:\/\/schema.org","@graph":[{"@type":"Article","@id":"https:\/\/artyplan.com\/ca\/blog\/produccio-de-grafiques-per-esdeveniments\/#article","isPartOf":{"@id":"https:\/\/artyplan.com\/ca\/blog\/produccio-de-grafiques-per-esdeveniments\/"},"author":{"name":"Sergio Triguero","@id":"https:\/\/artyplan.com\/ca\/#\/schema\/person\/0ef19accced432bc277b8d5248cd2cc0"},"headline":"Producci\u00f3 gr\u00e0fica per a esdeveniments amb Artyplan","datePublished":"2022-04-10T22:00:00+00:00","dateModified":"2026-01-30T11:52:48+00:00","mainEntityOfPage":{"@id":"https:\/\/artyplan.com\/ca\/blog\/produccio-de-grafiques-per-esdeveniments\/"},"wordCount":731,"publisher":{"@id":"https:\/\/artyplan.com\/ca\/#organization"},"image":{"@id":"https:\/\/artyplan.com\/ca\/blog\/produccio-de-grafiques-per-esdeveniments\/#primaryimage"},"thumbnailUrl":"https:\/\/artyplan.com\/wp-content\/uploads\/2025\/09\/produccion-grafica-eventos.jpg","articleSection":["Ecol\u00f2gic","Noticies","Sense-categoritzar"],"inLanguage":"ca"},{"@type":"WebPage","@id":"https:\/\/artyplan.com\/ca\/blog\/produccio-de-grafiques-per-esdeveniments\/","url":"https:\/\/artyplan.com\/ca\/blog\/produccio-de-grafiques-per-esdeveniments\/","name":"Producci\u00f3 gr\u00e0fica per a esdeveniments amb Artyplan","isPartOf":{"@id":"https:\/\/artyplan.com\/ca\/#website"},"primaryImageOfPage":{"@id":"https:\/\/artyplan.com\/ca\/blog\/produccio-de-grafiques-per-esdeveniments\/#primaryimage"},"image":{"@id":"https:\/\/artyplan.com\/ca\/blog\/produccio-de-grafiques-per-esdeveniments\/#primaryimage"},"thumbnailUrl":"https:\/\/artyplan.com\/wp-content\/uploads\/2025\/09\/produccion-grafica-eventos.jpg","datePublished":"2022-04-10T22:00:00+00:00","dateModified":"2026-01-30T11:52:48+00:00","description":"Necesites un prove\u00efdor de confian\u00e7a per a la producci\u00f3 gr\u00e0fica per a esdeveniments? Artyplan \u00e9s l'opci\u00f3 sostenible que necesites.","breadcrumb":{"@id":"https:\/\/artyplan.com\/ca\/blog\/produccio-de-grafiques-per-esdeveniments\/#breadcrumb"},"inLanguage":"ca","potentialAction":[{"@type":"ReadAction","target":["https:\/\/artyplan.com\/ca\/blog\/produccio-de-grafiques-per-esdeveniments\/"]}]},{"@type":"ImageObject","inLanguage":"ca","@id":"https:\/\/artyplan.com\/ca\/blog\/produccio-de-grafiques-per-esdeveniments\/#primaryimage","url":"https:\/\/artyplan.com\/wp-content\/uploads\/2025\/09\/produccion-grafica-eventos.jpg","contentUrl":"https:\/\/artyplan.com\/wp-content\/uploads\/2025\/09\/produccion-grafica-eventos.jpg","width":1920,"height":600,"caption":"produccio-grafica-esdeveniments"},{"@type":"BreadcrumbList","@id":"https:\/\/artyplan.com\/ca\/blog\/produccio-de-grafiques-per-esdeveniments\/#breadcrumb","itemListElement":[{"@type":"ListItem","position":1,"name":"Artyplan","item":"https:\/\/artyplan.com\/ca\/"},{"@type":"ListItem","position":2,"name":"Producci\u00f3 gr\u00e0fica per a esdeveniments amb Artyplan"}]},{"@type":"WebSite","@id":"https:\/\/artyplan.com\/ca\/#website","url":"https:\/\/artyplan.com\/ca\/","name":"Artyplan","description":"","publisher":{"@id":"https:\/\/artyplan.com\/ca\/#organization"},"potentialAction":[{"@type":"SearchAction","target":{"@type":"EntryPoint","urlTemplate":"https:\/\/artyplan.com\/ca\/?s={search_term_string}"},"query-input":{"@type":"PropertyValueSpecification","valueRequired":true,"valueName":"search_term_string"}}],"inLanguage":"ca"},{"@type":"Organization","@id":"https:\/\/artyplan.com\/ca\/#organization","name":"Artyplan","url":"https:\/\/artyplan.com\/ca\/","logo":{"@type":"ImageObject","inLanguage":"ca","@id":"https:\/\/artyplan.com\/ca\/#\/schema\/logo\/image\/","url":"https:\/\/artyplan.com\/wp-content\/uploads\/2025\/12\/Logo-artyplan-690x690-1.png","contentUrl":"https:\/\/artyplan.com\/wp-content\/uploads\/2025\/12\/Logo-artyplan-690x690-1.png","width":690,"height":690,"caption":"Artyplan"},"image":{"@id":"https:\/\/artyplan.com\/ca\/#\/schema\/logo\/image\/"},"sameAs":["https:\/\/www.facebook.com\/artyplan","https:\/\/www.instagram.com\/artyplan\/","https:\/\/www.linkedin.com\/company\/artyplan"],"description":"Artyplan \u00e9s una empresa especialitzada en producci\u00f3 gr\u00e0fica i comunicaci\u00f3 visual amb 60 anys dexperi\u00e8ncia. Oferim solucions integrals d'impressi\u00f3 en gran format, PLV i retail, gesti\u00f3 d'esdeveniments i fires, disseny i fabricaci\u00f3 a mida, log\u00edstica i serveis d'instal\u00b7laci\u00f3 a tot el territori. Treballem per a marques, ag\u00e8ncies, espais comercials i institucions que necessiten un partner fiable per desenvolupar campanyes de m\u00e0rqueting, projectes de retail i accions de branding o m\u00e0rqueting. Combinem tecnologia avan\u00e7ada d\u00b4impressi\u00f3 digital, un equip expert i una gesti\u00f3 completa de projectes per garantir qualitat, agilitat i resultats a mida per a cada client. Disposem de plataformes B2B que faciliten als nostres clients la gesti\u00f3 de les comandes de materials impresos aix\u00ed com la log\u00edstica dels mateixos.","email":"info@artyplan.com","telephone":"+34 93 200 87 99","legalName":"Artyplan S.L.","vatID":"B61963229","numberOfEmployees":{"@type":"QuantitativeValue","minValue":"51","maxValue":"200"}},{"@type":"Person","@id":"https:\/\/artyplan.com\/ca\/#\/schema\/person\/0ef19accced432bc277b8d5248cd2cc0","name":"Sergio Triguero","image":{"@type":"ImageObject","inLanguage":"ca","@id":"https:\/\/artyplan.com\/ca\/#\/schema\/person\/image\/","url":"https:\/\/secure.gravatar.com\/avatar\/c742a95811ffbc635a3d111ab446f278cce576575d14970fd5d56e17580c3f23?s=96&d=mm&r=g","contentUrl":"https:\/\/secure.gravatar.com\/avatar\/c742a95811ffbc635a3d111ab446f278cce576575d14970fd5d56e17580c3f23?s=96&d=mm&r=g","caption":"Sergio Triguero"}}]}},"_links":{"self":[{"href":"https:\/\/artyplan.com\/ca\/wp-json\/wp\/v2\/posts\/5279","targetHints":{"allow":["GET"]}}],"collection":[{"href":"https:\/\/artyplan.com\/ca\/wp-json\/wp\/v2\/posts"}],"about":[{"href":"https:\/\/artyplan.com\/ca\/wp-json\/wp\/v2\/types\/post"}],"author":[{"embeddable":true,"href":"https:\/\/artyplan.com\/ca\/wp-json\/wp\/v2\/users\/3"}],"replies":[{"embeddable":true,"href":"https:\/\/artyplan.com\/ca\/wp-json\/wp\/v2\/comments?post=5279"}],"version-history":[{"count":3,"href":"https:\/\/artyplan.com\/ca\/wp-json\/wp\/v2\/posts\/5279\/revisions"}],"predecessor-version":[{"id":13638,"href":"https:\/\/artyplan.com\/ca\/wp-json\/wp\/v2\/posts\/5279\/revisions\/13638"}],"wp:featuredmedia":[{"embeddable":true,"href":"https:\/\/artyplan.com\/ca\/wp-json\/wp\/v2\/media\/5278"}],"wp:attachment":[{"href":"https:\/\/artyplan.com\/ca\/wp-json\/wp\/v2\/media?parent=5279"}],"wp:term":[{"taxonomy":"category","embeddable":true,"href":"https:\/\/artyplan.com\/ca\/wp-json\/wp\/v2\/categories?post=5279"},{"taxonomy":"post_tag","embeddable":true,"href":"https:\/\/artyplan.com\/ca\/wp-json\/wp\/v2\/tags?post=5279"}],"curies":[{"name":"wp","href":"https:\/\/api.w.org\/{rel}","templated":true}]}}