{"id":5288,"date":"2022-04-29T00:00:00","date_gmt":"2022-04-28T22:00:00","guid":{"rendered":"https:\/\/preweb.artyplan.com\/sin-categorizar\/conceptes-clau-sobre-els-formats-darxiu-per-a-impressio\/"},"modified":"2025-09-07T16:10:51","modified_gmt":"2025-09-07T14:10:51","slug":"conceptes-clau-sobre-els-formats-darxiu-per-a-impressio","status":"publish","type":"post","link":"https:\/\/artyplan.com\/ca\/blog\/conceptes-clau-sobre-els-formats-darxiu-per-a-impressio\/","title":{"rendered":"Conceptes clau sobre els formats d&#8217;arxiu per a impressi\u00f3"},"content":{"rendered":"<p>El disseny gr\u00e0fic i la impressi\u00f3 de material gr\u00e0fic tenen alt component de creativitat i art. Per aconseguir el millor resultat, la t\u00e8cnica \u00e9s fonamental, sobretot a l\u2019hora d\u2019enviar el treballa en <strong>formats d\u2019arxiu \u00f2ptims per a cada impressi\u00f3<\/strong>&#8230; A continuaci\u00f3, us explicarem algunes claus per fer-ho b\u00e9.<\/p>\n<h2><strong>Quin tipus de formats d\u2019arxius existeixen? Quins s\u00f3n els formats d\u2019impressi\u00f3?<\/strong><\/h2>\n<p>Tot i que\u00a0 la tecnologia ha simplificat molt els processos d\u2019impressi\u00f3 professionals,\u00a0 \u00e9s necessari tenir coneixement t\u00e8cnic per dur a terme aquesta tasca.<\/p>\n<p>Un dels elements important, \u00e9s el format en qu\u00e8 es guarden i s&#8217;envien els arxius.\u00a0 Aquests s\u00f3n, a la pr\u00e0ctica, els <strong>principals formats d\u2019arxiu<\/strong>\u00a0amb els quals les impremtes poden fer el seu treball:<\/p>\n<ul>\n<li><strong>PDF<\/strong>. Format est\u00e0ndard, preparat en alta resoluci\u00f3, agilitza la preimpressi\u00f3 i aporta fiabilitat. S\u2019hauria d\u2019utilitzar sempre que sigui possible.<\/li>\n<li><strong>TIFF<\/strong>. Idoni per a treballs a gran escala. La qualitat de les imatges es conserva perfectament i resulta compatible amb els programes habituals. El seu h\u00e0ndicap? Pesa molt, per la qual cosa pot resultar inc\u00f2mode.<\/li>\n<li><strong>EPS<\/strong>. \u00c9s recomanable quan s\u2019incorporen imatges per extraure, material en vectorial o mapes de bits.<\/li>\n<li><strong>JPEG<\/strong>. Encara que \u00e9s molt popular i emprat, no \u00e9s especialment recomanable: \u00a0les imatges perden molta qualitat inicial. Nom\u00e9s \u00e9s admissible, en termes d\u2019excel\u00b7l\u00e8ncia, quan les seves imatges es destinen a material POP.<\/li>\n<li><strong>Material en obert<\/strong>. Consisteix a adjuntar el material d\u2019impressi\u00f3 en els arxius oberts dels programes en els quals s\u2019ha creat: Ilustrator, InDesign, QuarkXpress&#8230; Aix\u00f2 inclou les fotos vinculades i les fonts tipogr\u00e0fiques. La conseq\u00fc\u00e8ncia \u00e9s una major exig\u00e8ncia de treball en la impremta i el risc que quelcom surti malament. Tot i que a vegades s\u2019accepten aquests formats, solen generar costos extres i errors, pel que \u00e9s preferible evitar-ho.<\/li>\n<\/ul>\n<h3><strong>Formats de la mida de l\u2019arxiu<\/strong><\/h3>\n<p>Altrament,\u00a0 tamb\u00e9 s&#8217;ha de tenir en compte que\u00a0 la mida dels arxius enviats han de ser els correctes. En cas contrari, el resultat final no ser\u00e0 l\u2019esperat o necessitar\u00e0 modificacions abans de realitzar la impressi\u00f3 amb error. La <strong>norma DIN \u00e9s la que prima<\/strong>\u00a0habitualment i aquestes s\u00f3n les dades a tenir en compte:<\/p>\n<ul>\n<li>Targetes de visita: 8,5 x 5,5 cm \/ 9,0 x 5,0 cm.<\/li>\n<li>B6: 10,0 x 21,0 cm.<\/li>\n<li>A6: 14,8 x 10,5 cm.<\/li>\n<li>A5: 21,0 x 14,8 cm.<\/li>\n<li>A4: 29,7 x 21,0 cm.<\/li>\n<li>A3: 42,0 x 29,7 cm.<\/li>\n<li>A2: 59,4 x 42,0 cm.<\/li>\n<li>A1: 84,1 x 59,4 cm.<\/li>\n<li>B2: 50,0 x 70,0 cm.<\/li>\n<\/ul>\n<p>Al preparar aquests arxius, s\u2019ha de considerar que incloure, i com, i tamb\u00e9 la sang per poder tallar.<\/p>\n<h2><strong>Consells i passos per a preparar un arxiu d\u2019impressi\u00f3<\/strong><\/h2>\n<p>Per a facilitar-te aquesta tasca, et mostrem quins s\u00f3n els passos t\u00e8cnics d\u2019elaboraci\u00f3 d\u2019un arxiu d\u2019impressi\u00f3 que sempre s\u2019ha de contemplar. En general, segueixen aquest ordre:<\/p>\n<ol>\n<li>Ajusta i\u00a0<strong>comprova la mida <\/strong>perqu\u00e8 sigui la correcta.<\/li>\n<li>Utilitza sempre\u00a0<strong>colors CMYK<\/strong>. Si apliques RGB, les difer\u00e8ncies en imprimir seran not\u00f2ries.<\/li>\n<li>Incloure un\u00a0<strong>marge addicional de 3 a 5 mm<\/strong>, especialment si el disseny ocupar\u00e0 tot el paper.<\/li>\n<li>Treballa i envia les teves <strong>fotos amb una resoluci\u00f3 de 300 dpi<\/strong> o la seva qualitat menysprear\u00e0 el resultat final. Per a gran format, oscil\u00b7la entre 72 i 150 ppp, consulta-ho abans.<\/li>\n<li>Incrusta les\u00a0<strong>imatges vinculades<\/strong>.<\/li>\n<li>Converteix les\u00a0<strong>tipografies en corbes<\/strong>.<\/li>\n<li>Fes una\u00a0<strong>prova d\u2019impressi\u00f3 <\/strong>o demana que te la realitzin per a verificar que tot est\u00e0 correcte, sobretot els degradats.<\/li>\n<li>Revisa l\u2019<strong>ortografia<\/strong>\u00a0a consci\u00e8ncia abans de donar el vistiplau.<\/li>\n<\/ol>\n<h2><strong>Sens dubte amb Artyplan<\/strong><\/h2>\n<p>Si treballes amb nosaltres, et resultar\u00e0 tot m\u00e9s f\u00e0cil. \u00a0\u00a0A Artyplan comptem amb professionals especialitzats que t\u2019assessoren i resolen els teus dubtes sobre els formats d\u2019arxiu i les<strong> mides d\u2019impressi\u00f3 <\/strong>adequades. Contacta amb el nostre\u00a0<a href=\"http:\/\/artyplan.com\/ca\/serveis\/centre-atencio-al-client\/\" target=\"_blank\" rel=\"noopener\">centre d\u2019atenci\u00f3 al client<\/a>\u00a0i rep l\u2019assessorament que precises per a portar a bon port el teu projecte.<\/p>\n","protected":false},"excerpt":{"rendered":"<p>El disseny gr\u00e0fic i la impressi\u00f3 de material gr\u00e0fic tenen alt component de creativitat i art. Per aconseguir el millor resultat, la t\u00e8cnica \u00e9s fonamental, sobretot a l\u2019hora d\u2019enviar el treballa en formats d\u2019arxiu \u00f2ptims per a cada impressi\u00f3&#8230; A continuaci\u00f3, us explicarem algunes claus per fer-ho b\u00e9. Quin tipus de formats d\u2019arxius existeixen? Quins [&hellip;]<\/p>\n","protected":false},"author":3,"featured_media":5287,"comment_status":"closed","ping_status":"closed","sticky":false,"template":"","format":"standard","meta":{"footnotes":""},"categories":[54,1],"tags":[],"class_list":["post-5288","post","type-post","status-publish","format-standard","has-post-thumbnail","hentry","category-noticies-ca","category-sense-categoritzar"],"yoast_head":"<!-- This site is optimized with the Yoast SEO Premium plugin v26.5 (Yoast SEO v26.5) - https:\/\/yoast.com\/wordpress\/plugins\/seo\/ -->\n<title>Conceptes clau sobre els formats d&#039;arxiu per a impressi\u00f3 | Artyplan<\/title>\n<meta name=\"description\" content=\"Els formats d&#039;arxiu i les mides d&#039;impressi\u00f3 s\u00f3n imprescindibles per aconseguir la qualitat en la impressi\u00f3 final.\" \/>\n<meta name=\"robots\" content=\"index, follow, max-snippet:-1, max-image-preview:large, max-video-preview:-1\" \/>\n<link rel=\"canonical\" href=\"https:\/\/artyplan.com\/ca\/blog\/conceptes-clau-sobre-els-formats-darxiu-per-a-impressio\/\" \/>\n<meta property=\"og:locale\" content=\"ca_ES\" \/>\n<meta property=\"og:type\" content=\"article\" \/>\n<meta property=\"og:title\" content=\"Conceptes clau sobre els formats d&#039;arxiu per a impressi\u00f3\" \/>\n<meta property=\"og:description\" content=\"Els formats d&#039;arxiu i les mides d&#039;impressi\u00f3 s\u00f3n imprescindibles per aconseguir la qualitat en la impressi\u00f3 final.\" \/>\n<meta property=\"og:url\" content=\"https:\/\/artyplan.com\/ca\/blog\/conceptes-clau-sobre-els-formats-darxiu-per-a-impressio\/\" \/>\n<meta property=\"og:site_name\" content=\"Artyplan\" \/>\n<meta property=\"article:publisher\" content=\"https:\/\/www.facebook.com\/artyplan\" \/>\n<meta property=\"article:published_time\" content=\"2022-04-28T22:00:00+00:00\" \/>\n<meta property=\"article:modified_time\" content=\"2025-09-07T14:10:51+00:00\" \/>\n<meta property=\"og:image\" content=\"https:\/\/artyplan.com\/wp-content\/uploads\/2025\/09\/formatos-archivo-imprenta.jpg\" \/>\n\t<meta property=\"og:image:width\" content=\"1920\" \/>\n\t<meta property=\"og:image:height\" content=\"600\" \/>\n\t<meta property=\"og:image:type\" content=\"image\/jpeg\" \/>\n<meta name=\"author\" content=\"Sergio Triguero\" \/>\n<meta name=\"twitter:card\" content=\"summary_large_image\" \/>\n<meta name=\"twitter:label1\" content=\"Escrit per\" \/>\n\t<meta name=\"twitter:data1\" content=\"Sergio Triguero\" \/>\n\t<meta name=\"twitter:label2\" content=\"Temps estimat de lectura\" \/>\n\t<meta name=\"twitter:data2\" content=\"3 minuts\" \/>\n<script type=\"application\/ld+json\" class=\"yoast-schema-graph\">{\"@context\":\"https:\/\/schema.org\",\"@graph\":[{\"@type\":\"Article\",\"@id\":\"https:\/\/artyplan.com\/ca\/blog\/conceptes-clau-sobre-els-formats-darxiu-per-a-impressio\/#article\",\"isPartOf\":{\"@id\":\"https:\/\/artyplan.com\/ca\/blog\/conceptes-clau-sobre-els-formats-darxiu-per-a-impressio\/\"},\"author\":{\"name\":\"Sergio Triguero\",\"@id\":\"https:\/\/artyplan.com\/ca\/#\/schema\/person\/0ef19accced432bc277b8d5248cd2cc0\"},\"headline\":\"Conceptes clau sobre els formats d&#8217;arxiu per a impressi\u00f3\",\"datePublished\":\"2022-04-28T22:00:00+00:00\",\"dateModified\":\"2025-09-07T14:10:51+00:00\",\"mainEntityOfPage\":{\"@id\":\"https:\/\/artyplan.com\/ca\/blog\/conceptes-clau-sobre-els-formats-darxiu-per-a-impressio\/\"},\"wordCount\":658,\"publisher\":{\"@id\":\"https:\/\/artyplan.com\/ca\/#organization\"},\"image\":{\"@id\":\"https:\/\/artyplan.com\/ca\/blog\/conceptes-clau-sobre-els-formats-darxiu-per-a-impressio\/#primaryimage\"},\"thumbnailUrl\":\"https:\/\/artyplan.com\/wp-content\/uploads\/2025\/09\/formatos-archivo-imprenta.jpg\",\"articleSection\":[\"Noticies\",\"Sense-categoritzar\"],\"inLanguage\":\"ca\"},{\"@type\":\"WebPage\",\"@id\":\"https:\/\/artyplan.com\/ca\/blog\/conceptes-clau-sobre-els-formats-darxiu-per-a-impressio\/\",\"url\":\"https:\/\/artyplan.com\/ca\/blog\/conceptes-clau-sobre-els-formats-darxiu-per-a-impressio\/\",\"name\":\"Conceptes clau sobre els formats d'arxiu per a impressi\u00f3 | Artyplan\",\"isPartOf\":{\"@id\":\"https:\/\/artyplan.com\/ca\/#website\"},\"primaryImageOfPage\":{\"@id\":\"https:\/\/artyplan.com\/ca\/blog\/conceptes-clau-sobre-els-formats-darxiu-per-a-impressio\/#primaryimage\"},\"image\":{\"@id\":\"https:\/\/artyplan.com\/ca\/blog\/conceptes-clau-sobre-els-formats-darxiu-per-a-impressio\/#primaryimage\"},\"thumbnailUrl\":\"https:\/\/artyplan.com\/wp-content\/uploads\/2025\/09\/formatos-archivo-imprenta.jpg\",\"datePublished\":\"2022-04-28T22:00:00+00:00\",\"dateModified\":\"2025-09-07T14:10:51+00:00\",\"description\":\"Els formats d'arxiu i les mides d'impressi\u00f3 s\u00f3n imprescindibles per aconseguir la qualitat en la impressi\u00f3 final.\",\"breadcrumb\":{\"@id\":\"https:\/\/artyplan.com\/ca\/blog\/conceptes-clau-sobre-els-formats-darxiu-per-a-impressio\/#breadcrumb\"},\"inLanguage\":\"ca\",\"potentialAction\":[{\"@type\":\"ReadAction\",\"target\":[\"https:\/\/artyplan.com\/ca\/blog\/conceptes-clau-sobre-els-formats-darxiu-per-a-impressio\/\"]}]},{\"@type\":\"ImageObject\",\"inLanguage\":\"ca\",\"@id\":\"https:\/\/artyplan.com\/ca\/blog\/conceptes-clau-sobre-els-formats-darxiu-per-a-impressio\/#primaryimage\",\"url\":\"https:\/\/artyplan.com\/wp-content\/uploads\/2025\/09\/formatos-archivo-imprenta.jpg\",\"contentUrl\":\"https:\/\/artyplan.com\/wp-content\/uploads\/2025\/09\/formatos-archivo-imprenta.jpg\",\"width\":1920,\"height\":600,\"caption\":\"formats-arxiu-imprimir\"},{\"@type\":\"BreadcrumbList\",\"@id\":\"https:\/\/artyplan.com\/ca\/blog\/conceptes-clau-sobre-els-formats-darxiu-per-a-impressio\/#breadcrumb\",\"itemListElement\":[{\"@type\":\"ListItem\",\"position\":1,\"name\":\"Artyplan\",\"item\":\"https:\/\/artyplan.com\/ca\/\"},{\"@type\":\"ListItem\",\"position\":2,\"name\":\"Conceptes clau sobre els formats d&#8217;arxiu per a impressi\u00f3\"}]},{\"@type\":\"WebSite\",\"@id\":\"https:\/\/artyplan.com\/ca\/#website\",\"url\":\"https:\/\/artyplan.com\/ca\/\",\"name\":\"Artyplan\",\"description\":\"\",\"publisher\":{\"@id\":\"https:\/\/artyplan.com\/ca\/#organization\"},\"potentialAction\":[{\"@type\":\"SearchAction\",\"target\":{\"@type\":\"EntryPoint\",\"urlTemplate\":\"https:\/\/artyplan.com\/ca\/?s={search_term_string}\"},\"query-input\":{\"@type\":\"PropertyValueSpecification\",\"valueRequired\":true,\"valueName\":\"search_term_string\"}}],\"inLanguage\":\"ca\"},{\"@type\":\"Organization\",\"@id\":\"https:\/\/artyplan.com\/ca\/#organization\",\"name\":\"Artyplan\",\"url\":\"https:\/\/artyplan.com\/ca\/\",\"logo\":{\"@type\":\"ImageObject\",\"inLanguage\":\"ca\",\"@id\":\"https:\/\/artyplan.com\/ca\/#\/schema\/logo\/image\/\",\"url\":\"https:\/\/artyplan.com\/wp-content\/uploads\/2025\/12\/Logo-artyplan-690x690-1.png\",\"contentUrl\":\"https:\/\/artyplan.com\/wp-content\/uploads\/2025\/12\/Logo-artyplan-690x690-1.png\",\"width\":690,\"height\":690,\"caption\":\"Artyplan\"},\"image\":{\"@id\":\"https:\/\/artyplan.com\/ca\/#\/schema\/logo\/image\/\"},\"sameAs\":[\"https:\/\/www.facebook.com\/artyplan\",\"https:\/\/www.instagram.com\/artyplan\/\",\"https:\/\/www.linkedin.com\/company\/artyplan\"],\"description\":\"Artyplan \u00e9s una empresa especialitzada en producci\u00f3 gr\u00e0fica i comunicaci\u00f3 visual amb 60 anys dexperi\u00e8ncia. Oferim solucions integrals d'impressi\u00f3 en gran format, PLV i retail, gesti\u00f3 d'esdeveniments i fires, disseny i fabricaci\u00f3 a mida, log\u00edstica i serveis d'instal\u00b7laci\u00f3 a tot el territori. Treballem per a marques, ag\u00e8ncies, espais comercials i institucions que necessiten un partner fiable per desenvolupar campanyes de m\u00e0rqueting, projectes de retail i accions de branding o m\u00e0rqueting. Combinem tecnologia avan\u00e7ada d\u00b4impressi\u00f3 digital, un equip expert i una gesti\u00f3 completa de projectes per garantir qualitat, agilitat i resultats a mida per a cada client. Disposem de plataformes B2B que faciliten als nostres clients la gesti\u00f3 de les comandes de materials impresos aix\u00ed com la log\u00edstica dels mateixos.\",\"email\":\"info@artyplan.com\",\"telephone\":\"+34 93 200 87 99\",\"legalName\":\"Artyplan S.L.\",\"vatID\":\"B61963229\",\"numberOfEmployees\":{\"@type\":\"QuantitativeValue\",\"minValue\":\"51\",\"maxValue\":\"200\"}},{\"@type\":\"Person\",\"@id\":\"https:\/\/artyplan.com\/ca\/#\/schema\/person\/0ef19accced432bc277b8d5248cd2cc0\",\"name\":\"Sergio Triguero\",\"image\":{\"@type\":\"ImageObject\",\"inLanguage\":\"ca\",\"@id\":\"https:\/\/artyplan.com\/ca\/#\/schema\/person\/image\/\",\"url\":\"https:\/\/secure.gravatar.com\/avatar\/c742a95811ffbc635a3d111ab446f278cce576575d14970fd5d56e17580c3f23?s=96&d=mm&r=g\",\"contentUrl\":\"https:\/\/secure.gravatar.com\/avatar\/c742a95811ffbc635a3d111ab446f278cce576575d14970fd5d56e17580c3f23?s=96&d=mm&r=g\",\"caption\":\"Sergio Triguero\"}}]}<\/script>\n<!-- \/ Yoast SEO Premium plugin. -->","yoast_head_json":{"title":"Conceptes clau sobre els formats d'arxiu per a impressi\u00f3 | Artyplan","description":"Els formats d'arxiu i les mides d'impressi\u00f3 s\u00f3n imprescindibles per aconseguir la qualitat en la impressi\u00f3 final.","robots":{"index":"index","follow":"follow","max-snippet":"max-snippet:-1","max-image-preview":"max-image-preview:large","max-video-preview":"max-video-preview:-1"},"canonical":"https:\/\/artyplan.com\/ca\/blog\/conceptes-clau-sobre-els-formats-darxiu-per-a-impressio\/","og_locale":"ca_ES","og_type":"article","og_title":"Conceptes clau sobre els formats d'arxiu per a impressi\u00f3","og_description":"Els formats d'arxiu i les mides d'impressi\u00f3 s\u00f3n imprescindibles per aconseguir la qualitat en la impressi\u00f3 final.","og_url":"https:\/\/artyplan.com\/ca\/blog\/conceptes-clau-sobre-els-formats-darxiu-per-a-impressio\/","og_site_name":"Artyplan","article_publisher":"https:\/\/www.facebook.com\/artyplan","article_published_time":"2022-04-28T22:00:00+00:00","article_modified_time":"2025-09-07T14:10:51+00:00","og_image":[{"width":1920,"height":600,"url":"https:\/\/artyplan.com\/wp-content\/uploads\/2025\/09\/formatos-archivo-imprenta.jpg","type":"image\/jpeg"}],"author":"Sergio Triguero","twitter_card":"summary_large_image","twitter_misc":{"Escrit per":"Sergio Triguero","Temps estimat de lectura":"3 minuts"},"schema":{"@context":"https:\/\/schema.org","@graph":[{"@type":"Article","@id":"https:\/\/artyplan.com\/ca\/blog\/conceptes-clau-sobre-els-formats-darxiu-per-a-impressio\/#article","isPartOf":{"@id":"https:\/\/artyplan.com\/ca\/blog\/conceptes-clau-sobre-els-formats-darxiu-per-a-impressio\/"},"author":{"name":"Sergio Triguero","@id":"https:\/\/artyplan.com\/ca\/#\/schema\/person\/0ef19accced432bc277b8d5248cd2cc0"},"headline":"Conceptes clau sobre els formats d&#8217;arxiu per a impressi\u00f3","datePublished":"2022-04-28T22:00:00+00:00","dateModified":"2025-09-07T14:10:51+00:00","mainEntityOfPage":{"@id":"https:\/\/artyplan.com\/ca\/blog\/conceptes-clau-sobre-els-formats-darxiu-per-a-impressio\/"},"wordCount":658,"publisher":{"@id":"https:\/\/artyplan.com\/ca\/#organization"},"image":{"@id":"https:\/\/artyplan.com\/ca\/blog\/conceptes-clau-sobre-els-formats-darxiu-per-a-impressio\/#primaryimage"},"thumbnailUrl":"https:\/\/artyplan.com\/wp-content\/uploads\/2025\/09\/formatos-archivo-imprenta.jpg","articleSection":["Noticies","Sense-categoritzar"],"inLanguage":"ca"},{"@type":"WebPage","@id":"https:\/\/artyplan.com\/ca\/blog\/conceptes-clau-sobre-els-formats-darxiu-per-a-impressio\/","url":"https:\/\/artyplan.com\/ca\/blog\/conceptes-clau-sobre-els-formats-darxiu-per-a-impressio\/","name":"Conceptes clau sobre els formats d'arxiu per a impressi\u00f3 | Artyplan","isPartOf":{"@id":"https:\/\/artyplan.com\/ca\/#website"},"primaryImageOfPage":{"@id":"https:\/\/artyplan.com\/ca\/blog\/conceptes-clau-sobre-els-formats-darxiu-per-a-impressio\/#primaryimage"},"image":{"@id":"https:\/\/artyplan.com\/ca\/blog\/conceptes-clau-sobre-els-formats-darxiu-per-a-impressio\/#primaryimage"},"thumbnailUrl":"https:\/\/artyplan.com\/wp-content\/uploads\/2025\/09\/formatos-archivo-imprenta.jpg","datePublished":"2022-04-28T22:00:00+00:00","dateModified":"2025-09-07T14:10:51+00:00","description":"Els formats d'arxiu i les mides d'impressi\u00f3 s\u00f3n imprescindibles per aconseguir la qualitat en la impressi\u00f3 final.","breadcrumb":{"@id":"https:\/\/artyplan.com\/ca\/blog\/conceptes-clau-sobre-els-formats-darxiu-per-a-impressio\/#breadcrumb"},"inLanguage":"ca","potentialAction":[{"@type":"ReadAction","target":["https:\/\/artyplan.com\/ca\/blog\/conceptes-clau-sobre-els-formats-darxiu-per-a-impressio\/"]}]},{"@type":"ImageObject","inLanguage":"ca","@id":"https:\/\/artyplan.com\/ca\/blog\/conceptes-clau-sobre-els-formats-darxiu-per-a-impressio\/#primaryimage","url":"https:\/\/artyplan.com\/wp-content\/uploads\/2025\/09\/formatos-archivo-imprenta.jpg","contentUrl":"https:\/\/artyplan.com\/wp-content\/uploads\/2025\/09\/formatos-archivo-imprenta.jpg","width":1920,"height":600,"caption":"formats-arxiu-imprimir"},{"@type":"BreadcrumbList","@id":"https:\/\/artyplan.com\/ca\/blog\/conceptes-clau-sobre-els-formats-darxiu-per-a-impressio\/#breadcrumb","itemListElement":[{"@type":"ListItem","position":1,"name":"Artyplan","item":"https:\/\/artyplan.com\/ca\/"},{"@type":"ListItem","position":2,"name":"Conceptes clau sobre els formats d&#8217;arxiu per a impressi\u00f3"}]},{"@type":"WebSite","@id":"https:\/\/artyplan.com\/ca\/#website","url":"https:\/\/artyplan.com\/ca\/","name":"Artyplan","description":"","publisher":{"@id":"https:\/\/artyplan.com\/ca\/#organization"},"potentialAction":[{"@type":"SearchAction","target":{"@type":"EntryPoint","urlTemplate":"https:\/\/artyplan.com\/ca\/?s={search_term_string}"},"query-input":{"@type":"PropertyValueSpecification","valueRequired":true,"valueName":"search_term_string"}}],"inLanguage":"ca"},{"@type":"Organization","@id":"https:\/\/artyplan.com\/ca\/#organization","name":"Artyplan","url":"https:\/\/artyplan.com\/ca\/","logo":{"@type":"ImageObject","inLanguage":"ca","@id":"https:\/\/artyplan.com\/ca\/#\/schema\/logo\/image\/","url":"https:\/\/artyplan.com\/wp-content\/uploads\/2025\/12\/Logo-artyplan-690x690-1.png","contentUrl":"https:\/\/artyplan.com\/wp-content\/uploads\/2025\/12\/Logo-artyplan-690x690-1.png","width":690,"height":690,"caption":"Artyplan"},"image":{"@id":"https:\/\/artyplan.com\/ca\/#\/schema\/logo\/image\/"},"sameAs":["https:\/\/www.facebook.com\/artyplan","https:\/\/www.instagram.com\/artyplan\/","https:\/\/www.linkedin.com\/company\/artyplan"],"description":"Artyplan \u00e9s una empresa especialitzada en producci\u00f3 gr\u00e0fica i comunicaci\u00f3 visual amb 60 anys dexperi\u00e8ncia. Oferim solucions integrals d'impressi\u00f3 en gran format, PLV i retail, gesti\u00f3 d'esdeveniments i fires, disseny i fabricaci\u00f3 a mida, log\u00edstica i serveis d'instal\u00b7laci\u00f3 a tot el territori. Treballem per a marques, ag\u00e8ncies, espais comercials i institucions que necessiten un partner fiable per desenvolupar campanyes de m\u00e0rqueting, projectes de retail i accions de branding o m\u00e0rqueting. Combinem tecnologia avan\u00e7ada d\u00b4impressi\u00f3 digital, un equip expert i una gesti\u00f3 completa de projectes per garantir qualitat, agilitat i resultats a mida per a cada client. Disposem de plataformes B2B que faciliten als nostres clients la gesti\u00f3 de les comandes de materials impresos aix\u00ed com la log\u00edstica dels mateixos.","email":"info@artyplan.com","telephone":"+34 93 200 87 99","legalName":"Artyplan S.L.","vatID":"B61963229","numberOfEmployees":{"@type":"QuantitativeValue","minValue":"51","maxValue":"200"}},{"@type":"Person","@id":"https:\/\/artyplan.com\/ca\/#\/schema\/person\/0ef19accced432bc277b8d5248cd2cc0","name":"Sergio Triguero","image":{"@type":"ImageObject","inLanguage":"ca","@id":"https:\/\/artyplan.com\/ca\/#\/schema\/person\/image\/","url":"https:\/\/secure.gravatar.com\/avatar\/c742a95811ffbc635a3d111ab446f278cce576575d14970fd5d56e17580c3f23?s=96&d=mm&r=g","contentUrl":"https:\/\/secure.gravatar.com\/avatar\/c742a95811ffbc635a3d111ab446f278cce576575d14970fd5d56e17580c3f23?s=96&d=mm&r=g","caption":"Sergio Triguero"}}]}},"_links":{"self":[{"href":"https:\/\/artyplan.com\/ca\/wp-json\/wp\/v2\/posts\/5288","targetHints":{"allow":["GET"]}}],"collection":[{"href":"https:\/\/artyplan.com\/ca\/wp-json\/wp\/v2\/posts"}],"about":[{"href":"https:\/\/artyplan.com\/ca\/wp-json\/wp\/v2\/types\/post"}],"author":[{"embeddable":true,"href":"https:\/\/artyplan.com\/ca\/wp-json\/wp\/v2\/users\/3"}],"replies":[{"embeddable":true,"href":"https:\/\/artyplan.com\/ca\/wp-json\/wp\/v2\/comments?post=5288"}],"version-history":[{"count":1,"href":"https:\/\/artyplan.com\/ca\/wp-json\/wp\/v2\/posts\/5288\/revisions"}],"predecessor-version":[{"id":6378,"href":"https:\/\/artyplan.com\/ca\/wp-json\/wp\/v2\/posts\/5288\/revisions\/6378"}],"wp:featuredmedia":[{"embeddable":true,"href":"https:\/\/artyplan.com\/ca\/wp-json\/wp\/v2\/media\/5287"}],"wp:attachment":[{"href":"https:\/\/artyplan.com\/ca\/wp-json\/wp\/v2\/media?parent=5288"}],"wp:term":[{"taxonomy":"category","embeddable":true,"href":"https:\/\/artyplan.com\/ca\/wp-json\/wp\/v2\/categories?post=5288"},{"taxonomy":"post_tag","embeddable":true,"href":"https:\/\/artyplan.com\/ca\/wp-json\/wp\/v2\/tags?post=5288"}],"curies":[{"name":"wp","href":"https:\/\/api.w.org\/{rel}","templated":true}]}}