{"id":5291,"date":"2022-05-09T00:00:00","date_gmt":"2022-05-08T22:00:00","guid":{"rendered":"https:\/\/preweb.artyplan.com\/sin-categorizar\/els-suports-flexibles-per-a-imprimir\/"},"modified":"2025-09-07T16:10:52","modified_gmt":"2025-09-07T14:10:52","slug":"els-suports-flexibles-per-a-imprimir","status":"publish","type":"post","link":"https:\/\/artyplan.com\/ca\/blog\/els-suports-flexibles-per-a-imprimir\/","title":{"rendered":"Els suports flexibles per a imprimir"},"content":{"rendered":"<p>Quan s\u2019imprimeix en gran format, aquesta Impressi\u00f3 es pot realitzar en dos suports diferents, el suport r\u00edgid que contempla la Impressi\u00f3 directa o no directa (subjectar amb adhesiu l\u2019element impr\u00e8s al suport) i el suport flexible que nom\u00e9s es contempla amb impressi\u00f3 directa. A continuaci\u00f3, us expliquem alguns detalls dels suports flexibles per a imprimir.<\/p>\n<h2>Qu\u00e8 s\u00f3n els suports flexibles per a imprimir?<\/h2>\n<p>Els suports flexibles s\u00f3n tots aquells suports que es presenten en una bobina. Les amplades poden variar, des dels 105 cent\u00edmetres fins als 320, amb una \u00e0mplia varietat en funci\u00f3 de la classe de material.<\/p>\n<p>\u00c9s important, tenir en compte la mida de l\u2019arxiu a imprimir, ja que s\u2019ha de considerar l\u2019amplada del suport perqu\u00e8 aquest marcar\u00e0 si el document ser\u00e0 \u00edntegre o separat per parts.<\/p>\n<h2>Tecnologia emprada en la Impressi\u00f3 sobre suports flexibles<\/h2>\n<p>En tots els m\u00e8todes d\u2019impressi\u00f3 segons s\u2019utilitza una tecnologia o una altra s\u2019aconsegueix diferents beneficis, a continuaci\u00f3, detallem els que s\u2019aconsegueixen amb els suports flexibles:<\/p>\n<ul>\n<li>Tintes UV: quan es realitza en una Impressi\u00f3 de gran format en suports flexibles, s\u2019atorga una adhesi\u00f3 \u00f2ptima i una gran durabilitat, i \u00e9s apta tant per interiors com per a exteriors.<\/li>\n<li>Base aquosa: sistema d\u2019impressi\u00f3 que ofereix un entorn m\u00e9s saludable, satisfent els m\u00e9s exigents criteris de protecci\u00f3 mediambiental i amb resultats de qualitat excel\u00b7lent.<\/li>\n<li>Tintes l\u00e0tex: procediment d\u2019impressi\u00f3 sobre suports flexibles que presenta imatges m\u00e9s n\u00edtides i de gran qualitat, amb colors m\u00e9s vius i brillants.<\/li>\n<\/ul>\n<h2>Classificaci\u00f3 de suports flexibles para la impressi\u00f3<\/h2>\n<p>Tot seguit, t\u2019expliquem alguns dels suports flexibles m\u00e9s comuns que s\u2019empren en la impressi\u00f3 de gran formato:<\/p>\n<ul>\n<li><a href=\"http:\/\/artyplan.com\/ca\/productes-impressio\/serveis-dimpressio-de-gran-format\/lones\/\" target=\"_blank\" rel=\"noopener\">Lones<\/a>: estan fetes d\u2019un material molt resistent, ideal per tanques publicit\u00e0ries, cartells, gr\u00e0fiques de roll-up, pop-up i x-banner.<\/li>\n<li><a href=\"http:\/\/artyplan.com\/ca\/productes-impressio\/serveis-dimpressio-de-gran-format\/vinils-impres\/\" target=\"_blank\" rel=\"noopener\">Vinils<\/a>:\u00a0material adhesiu i sensible a la pressi\u00f3, elaborat amb pol\u00edmer de vinil i un pol\u00edmer de metacrilat. Es poden aplicar en diverses superf\u00edcies.<\/li>\n<li><a href=\"http:\/\/artyplan.com\/ca\/productes-impressio\/serveis-dimpressio-de-gran-format\/textil\/\" target=\"_blank\" rel=\"noopener\">T\u00e8xtils<\/a>: permet un acabat d\u2019alta qualitat fotogr\u00e0fica i una gran resist\u00e8ncia al pas del temps. Segons la tipologia de la tela (frontlight, backlight o mesh) t\u00e9 una aplicaci\u00f3 o una altra.<\/li>\n<\/ul>\n<h3>Suports flexibles tamb\u00e9 ecol\u00f2gics<\/h3>\n<p>A mesura, que va avan\u00e7ant la consci\u00e8ncia global sobre el medi ambient cada cop \u00e9s m\u00e9s \u00e0mplia, la l\u00ednia de productes dels suports flexibles ecol\u00f2gics, com les <a href=\"http:\/\/artyplan.com\/ca\/noticies\/lones-ecologiques\/\" target=\"_blank\" rel=\"noopener\">lones ecol\u00f2giques<\/a>, els <a href=\"http:\/\/artyplan.com\/ca\/ecologic\/vinils-ecologics-sostenible-lliure-pvc\/\" target=\"_blank\" rel=\"noopener\">vinils ecol\u00f2gics<\/a> i els <a href=\"http:\/\/artyplan.com\/ca\/noticies\/displays-ecologics-aposta-per-una-grafica-sostenible\/\" target=\"_blank\" rel=\"noopener\">displays<\/a> (roll ups i X-banners) ecol\u00f2gics; tots lliures de PVC.<\/p>\n<h2>Artyplan experts en impressi\u00f3 de suports flexibles de gran format<\/h2>\n<p>A Artyplan comptem amb una \u00e0mplia gamma de suports flexibles. Explica als nostres assessors en impressi\u00f3 el teu projecte de gran format i ells t\u2019aconsellaran sobre quin \u00e9s el millor suport flexible a escollir.<\/p>\n","protected":false},"excerpt":{"rendered":"<p>Quan s\u2019imprimeix en gran format, aquesta Impressi\u00f3 es pot realitzar en dos suports diferents, el suport r\u00edgid que contempla la Impressi\u00f3 directa o no directa (subjectar amb adhesiu l\u2019element impr\u00e8s al suport) i el suport flexible que nom\u00e9s es contempla amb impressi\u00f3 directa. A continuaci\u00f3, us expliquem alguns detalls dels suports flexibles per a imprimir. [&hellip;]<\/p>\n","protected":false},"author":3,"featured_media":5290,"comment_status":"closed","ping_status":"closed","sticky":false,"template":"","format":"standard","meta":{"footnotes":""},"categories":[1],"tags":[],"class_list":["post-5291","post","type-post","status-publish","format-standard","has-post-thumbnail","hentry","category-sense-categoritzar"],"yoast_head":"<!-- This site is optimized with the Yoast SEO Premium plugin v26.5 (Yoast SEO v26.5) - https:\/\/yoast.com\/wordpress\/plugins\/seo\/ -->\n<title>Els suports flexibles per a imprimir | Artyplan<\/title>\n<meta name=\"description\" content=\"En la impressi\u00f3 a gran format existeix els suports r\u00edgids i els flexibles. Coneixes quins s\u00f3n els suports flexibles per a imprimir.\" \/>\n<meta name=\"robots\" content=\"index, follow, max-snippet:-1, max-image-preview:large, max-video-preview:-1\" \/>\n<link rel=\"canonical\" href=\"https:\/\/artyplan.com\/ca\/blog\/els-suports-flexibles-per-a-imprimir\/\" \/>\n<meta property=\"og:locale\" content=\"ca_ES\" \/>\n<meta property=\"og:type\" content=\"article\" \/>\n<meta property=\"og:title\" content=\"Els suports flexibles per a imprimir\" \/>\n<meta property=\"og:description\" content=\"En la impressi\u00f3 a gran format existeix els suports r\u00edgids i els flexibles. Coneixes quins s\u00f3n els suports flexibles per a imprimir.\" \/>\n<meta property=\"og:url\" content=\"https:\/\/artyplan.com\/ca\/blog\/els-suports-flexibles-per-a-imprimir\/\" \/>\n<meta property=\"og:site_name\" content=\"Artyplan\" \/>\n<meta property=\"article:publisher\" content=\"https:\/\/www.facebook.com\/artyplan\" \/>\n<meta property=\"article:published_time\" content=\"2022-05-08T22:00:00+00:00\" \/>\n<meta property=\"article:modified_time\" content=\"2025-09-07T14:10:52+00:00\" \/>\n<meta property=\"og:image\" content=\"https:\/\/artyplan.com\/wp-content\/uploads\/2025\/09\/impresion-soportes-flexibles-artyplan.jpg\" \/>\n\t<meta property=\"og:image:width\" content=\"1920\" \/>\n\t<meta property=\"og:image:height\" content=\"600\" \/>\n\t<meta property=\"og:image:type\" content=\"image\/jpeg\" \/>\n<meta name=\"author\" content=\"Sergio Triguero\" \/>\n<meta name=\"twitter:card\" content=\"summary_large_image\" \/>\n<meta name=\"twitter:label1\" content=\"Escrit per\" \/>\n\t<meta name=\"twitter:data1\" content=\"Sergio Triguero\" \/>\n\t<meta name=\"twitter:label2\" content=\"Temps estimat de lectura\" \/>\n\t<meta name=\"twitter:data2\" content=\"2 minuts\" \/>\n<script type=\"application\/ld+json\" class=\"yoast-schema-graph\">{\"@context\":\"https:\/\/schema.org\",\"@graph\":[{\"@type\":\"Article\",\"@id\":\"https:\/\/artyplan.com\/ca\/blog\/els-suports-flexibles-per-a-imprimir\/#article\",\"isPartOf\":{\"@id\":\"https:\/\/artyplan.com\/ca\/blog\/els-suports-flexibles-per-a-imprimir\/\"},\"author\":{\"name\":\"Sergio Triguero\",\"@id\":\"https:\/\/artyplan.com\/ca\/#\/schema\/person\/0ef19accced432bc277b8d5248cd2cc0\"},\"headline\":\"Els suports flexibles per a imprimir\",\"datePublished\":\"2022-05-08T22:00:00+00:00\",\"dateModified\":\"2025-09-07T14:10:52+00:00\",\"mainEntityOfPage\":{\"@id\":\"https:\/\/artyplan.com\/ca\/blog\/els-suports-flexibles-per-a-imprimir\/\"},\"wordCount\":482,\"publisher\":{\"@id\":\"https:\/\/artyplan.com\/ca\/#organization\"},\"image\":{\"@id\":\"https:\/\/artyplan.com\/ca\/blog\/els-suports-flexibles-per-a-imprimir\/#primaryimage\"},\"thumbnailUrl\":\"https:\/\/artyplan.com\/wp-content\/uploads\/2025\/09\/impresion-soportes-flexibles-artyplan.jpg\",\"articleSection\":[\"Sense-categoritzar\"],\"inLanguage\":\"ca\"},{\"@type\":\"WebPage\",\"@id\":\"https:\/\/artyplan.com\/ca\/blog\/els-suports-flexibles-per-a-imprimir\/\",\"url\":\"https:\/\/artyplan.com\/ca\/blog\/els-suports-flexibles-per-a-imprimir\/\",\"name\":\"Els suports flexibles per a imprimir | Artyplan\",\"isPartOf\":{\"@id\":\"https:\/\/artyplan.com\/ca\/#website\"},\"primaryImageOfPage\":{\"@id\":\"https:\/\/artyplan.com\/ca\/blog\/els-suports-flexibles-per-a-imprimir\/#primaryimage\"},\"image\":{\"@id\":\"https:\/\/artyplan.com\/ca\/blog\/els-suports-flexibles-per-a-imprimir\/#primaryimage\"},\"thumbnailUrl\":\"https:\/\/artyplan.com\/wp-content\/uploads\/2025\/09\/impresion-soportes-flexibles-artyplan.jpg\",\"datePublished\":\"2022-05-08T22:00:00+00:00\",\"dateModified\":\"2025-09-07T14:10:52+00:00\",\"description\":\"En la impressi\u00f3 a gran format existeix els suports r\u00edgids i els flexibles. Coneixes quins s\u00f3n els suports flexibles per a imprimir.\",\"breadcrumb\":{\"@id\":\"https:\/\/artyplan.com\/ca\/blog\/els-suports-flexibles-per-a-imprimir\/#breadcrumb\"},\"inLanguage\":\"ca\",\"potentialAction\":[{\"@type\":\"ReadAction\",\"target\":[\"https:\/\/artyplan.com\/ca\/blog\/els-suports-flexibles-per-a-imprimir\/\"]}]},{\"@type\":\"ImageObject\",\"inLanguage\":\"ca\",\"@id\":\"https:\/\/artyplan.com\/ca\/blog\/els-suports-flexibles-per-a-imprimir\/#primaryimage\",\"url\":\"https:\/\/artyplan.com\/wp-content\/uploads\/2025\/09\/impresion-soportes-flexibles-artyplan.jpg\",\"contentUrl\":\"https:\/\/artyplan.com\/wp-content\/uploads\/2025\/09\/impresion-soportes-flexibles-artyplan.jpg\",\"width\":1920,\"height\":600,\"caption\":\"impressi\u00f3n-suports-flexibles-artyplan\"},{\"@type\":\"BreadcrumbList\",\"@id\":\"https:\/\/artyplan.com\/ca\/blog\/els-suports-flexibles-per-a-imprimir\/#breadcrumb\",\"itemListElement\":[{\"@type\":\"ListItem\",\"position\":1,\"name\":\"Artyplan\",\"item\":\"https:\/\/artyplan.com\/ca\/\"},{\"@type\":\"ListItem\",\"position\":2,\"name\":\"Els suports flexibles per a imprimir\"}]},{\"@type\":\"WebSite\",\"@id\":\"https:\/\/artyplan.com\/ca\/#website\",\"url\":\"https:\/\/artyplan.com\/ca\/\",\"name\":\"Artyplan\",\"description\":\"\",\"publisher\":{\"@id\":\"https:\/\/artyplan.com\/ca\/#organization\"},\"potentialAction\":[{\"@type\":\"SearchAction\",\"target\":{\"@type\":\"EntryPoint\",\"urlTemplate\":\"https:\/\/artyplan.com\/ca\/?s={search_term_string}\"},\"query-input\":{\"@type\":\"PropertyValueSpecification\",\"valueRequired\":true,\"valueName\":\"search_term_string\"}}],\"inLanguage\":\"ca\"},{\"@type\":\"Organization\",\"@id\":\"https:\/\/artyplan.com\/ca\/#organization\",\"name\":\"Artyplan\",\"url\":\"https:\/\/artyplan.com\/ca\/\",\"logo\":{\"@type\":\"ImageObject\",\"inLanguage\":\"ca\",\"@id\":\"https:\/\/artyplan.com\/ca\/#\/schema\/logo\/image\/\",\"url\":\"https:\/\/artyplan.com\/wp-content\/uploads\/2025\/12\/Logo-artyplan-690x690-1.png\",\"contentUrl\":\"https:\/\/artyplan.com\/wp-content\/uploads\/2025\/12\/Logo-artyplan-690x690-1.png\",\"width\":690,\"height\":690,\"caption\":\"Artyplan\"},\"image\":{\"@id\":\"https:\/\/artyplan.com\/ca\/#\/schema\/logo\/image\/\"},\"sameAs\":[\"https:\/\/www.facebook.com\/artyplan\",\"https:\/\/www.instagram.com\/artyplan\/\",\"https:\/\/www.linkedin.com\/company\/artyplan\"],\"description\":\"Artyplan \u00e9s una empresa especialitzada en producci\u00f3 gr\u00e0fica i comunicaci\u00f3 visual amb 60 anys dexperi\u00e8ncia. Oferim solucions integrals d'impressi\u00f3 en gran format, PLV i retail, gesti\u00f3 d'esdeveniments i fires, disseny i fabricaci\u00f3 a mida, log\u00edstica i serveis d'instal\u00b7laci\u00f3 a tot el territori. Treballem per a marques, ag\u00e8ncies, espais comercials i institucions que necessiten un partner fiable per desenvolupar campanyes de m\u00e0rqueting, projectes de retail i accions de branding o m\u00e0rqueting. Combinem tecnologia avan\u00e7ada d\u00b4impressi\u00f3 digital, un equip expert i una gesti\u00f3 completa de projectes per garantir qualitat, agilitat i resultats a mida per a cada client. Disposem de plataformes B2B que faciliten als nostres clients la gesti\u00f3 de les comandes de materials impresos aix\u00ed com la log\u00edstica dels mateixos.\",\"email\":\"info@artyplan.com\",\"telephone\":\"+34 93 200 87 99\",\"legalName\":\"Artyplan S.L.\",\"vatID\":\"B61963229\",\"numberOfEmployees\":{\"@type\":\"QuantitativeValue\",\"minValue\":\"51\",\"maxValue\":\"200\"}},{\"@type\":\"Person\",\"@id\":\"https:\/\/artyplan.com\/ca\/#\/schema\/person\/0ef19accced432bc277b8d5248cd2cc0\",\"name\":\"Sergio Triguero\",\"image\":{\"@type\":\"ImageObject\",\"inLanguage\":\"ca\",\"@id\":\"https:\/\/artyplan.com\/ca\/#\/schema\/person\/image\/\",\"url\":\"https:\/\/secure.gravatar.com\/avatar\/c742a95811ffbc635a3d111ab446f278cce576575d14970fd5d56e17580c3f23?s=96&d=mm&r=g\",\"contentUrl\":\"https:\/\/secure.gravatar.com\/avatar\/c742a95811ffbc635a3d111ab446f278cce576575d14970fd5d56e17580c3f23?s=96&d=mm&r=g\",\"caption\":\"Sergio Triguero\"}}]}<\/script>\n<!-- \/ Yoast SEO Premium plugin. -->","yoast_head_json":{"title":"Els suports flexibles per a imprimir | Artyplan","description":"En la impressi\u00f3 a gran format existeix els suports r\u00edgids i els flexibles. Coneixes quins s\u00f3n els suports flexibles per a imprimir.","robots":{"index":"index","follow":"follow","max-snippet":"max-snippet:-1","max-image-preview":"max-image-preview:large","max-video-preview":"max-video-preview:-1"},"canonical":"https:\/\/artyplan.com\/ca\/blog\/els-suports-flexibles-per-a-imprimir\/","og_locale":"ca_ES","og_type":"article","og_title":"Els suports flexibles per a imprimir","og_description":"En la impressi\u00f3 a gran format existeix els suports r\u00edgids i els flexibles. Coneixes quins s\u00f3n els suports flexibles per a imprimir.","og_url":"https:\/\/artyplan.com\/ca\/blog\/els-suports-flexibles-per-a-imprimir\/","og_site_name":"Artyplan","article_publisher":"https:\/\/www.facebook.com\/artyplan","article_published_time":"2022-05-08T22:00:00+00:00","article_modified_time":"2025-09-07T14:10:52+00:00","og_image":[{"width":1920,"height":600,"url":"https:\/\/artyplan.com\/wp-content\/uploads\/2025\/09\/impresion-soportes-flexibles-artyplan.jpg","type":"image\/jpeg"}],"author":"Sergio Triguero","twitter_card":"summary_large_image","twitter_misc":{"Escrit per":"Sergio Triguero","Temps estimat de lectura":"2 minuts"},"schema":{"@context":"https:\/\/schema.org","@graph":[{"@type":"Article","@id":"https:\/\/artyplan.com\/ca\/blog\/els-suports-flexibles-per-a-imprimir\/#article","isPartOf":{"@id":"https:\/\/artyplan.com\/ca\/blog\/els-suports-flexibles-per-a-imprimir\/"},"author":{"name":"Sergio Triguero","@id":"https:\/\/artyplan.com\/ca\/#\/schema\/person\/0ef19accced432bc277b8d5248cd2cc0"},"headline":"Els suports flexibles per a imprimir","datePublished":"2022-05-08T22:00:00+00:00","dateModified":"2025-09-07T14:10:52+00:00","mainEntityOfPage":{"@id":"https:\/\/artyplan.com\/ca\/blog\/els-suports-flexibles-per-a-imprimir\/"},"wordCount":482,"publisher":{"@id":"https:\/\/artyplan.com\/ca\/#organization"},"image":{"@id":"https:\/\/artyplan.com\/ca\/blog\/els-suports-flexibles-per-a-imprimir\/#primaryimage"},"thumbnailUrl":"https:\/\/artyplan.com\/wp-content\/uploads\/2025\/09\/impresion-soportes-flexibles-artyplan.jpg","articleSection":["Sense-categoritzar"],"inLanguage":"ca"},{"@type":"WebPage","@id":"https:\/\/artyplan.com\/ca\/blog\/els-suports-flexibles-per-a-imprimir\/","url":"https:\/\/artyplan.com\/ca\/blog\/els-suports-flexibles-per-a-imprimir\/","name":"Els suports flexibles per a imprimir | Artyplan","isPartOf":{"@id":"https:\/\/artyplan.com\/ca\/#website"},"primaryImageOfPage":{"@id":"https:\/\/artyplan.com\/ca\/blog\/els-suports-flexibles-per-a-imprimir\/#primaryimage"},"image":{"@id":"https:\/\/artyplan.com\/ca\/blog\/els-suports-flexibles-per-a-imprimir\/#primaryimage"},"thumbnailUrl":"https:\/\/artyplan.com\/wp-content\/uploads\/2025\/09\/impresion-soportes-flexibles-artyplan.jpg","datePublished":"2022-05-08T22:00:00+00:00","dateModified":"2025-09-07T14:10:52+00:00","description":"En la impressi\u00f3 a gran format existeix els suports r\u00edgids i els flexibles. Coneixes quins s\u00f3n els suports flexibles per a imprimir.","breadcrumb":{"@id":"https:\/\/artyplan.com\/ca\/blog\/els-suports-flexibles-per-a-imprimir\/#breadcrumb"},"inLanguage":"ca","potentialAction":[{"@type":"ReadAction","target":["https:\/\/artyplan.com\/ca\/blog\/els-suports-flexibles-per-a-imprimir\/"]}]},{"@type":"ImageObject","inLanguage":"ca","@id":"https:\/\/artyplan.com\/ca\/blog\/els-suports-flexibles-per-a-imprimir\/#primaryimage","url":"https:\/\/artyplan.com\/wp-content\/uploads\/2025\/09\/impresion-soportes-flexibles-artyplan.jpg","contentUrl":"https:\/\/artyplan.com\/wp-content\/uploads\/2025\/09\/impresion-soportes-flexibles-artyplan.jpg","width":1920,"height":600,"caption":"impressi\u00f3n-suports-flexibles-artyplan"},{"@type":"BreadcrumbList","@id":"https:\/\/artyplan.com\/ca\/blog\/els-suports-flexibles-per-a-imprimir\/#breadcrumb","itemListElement":[{"@type":"ListItem","position":1,"name":"Artyplan","item":"https:\/\/artyplan.com\/ca\/"},{"@type":"ListItem","position":2,"name":"Els suports flexibles per a imprimir"}]},{"@type":"WebSite","@id":"https:\/\/artyplan.com\/ca\/#website","url":"https:\/\/artyplan.com\/ca\/","name":"Artyplan","description":"","publisher":{"@id":"https:\/\/artyplan.com\/ca\/#organization"},"potentialAction":[{"@type":"SearchAction","target":{"@type":"EntryPoint","urlTemplate":"https:\/\/artyplan.com\/ca\/?s={search_term_string}"},"query-input":{"@type":"PropertyValueSpecification","valueRequired":true,"valueName":"search_term_string"}}],"inLanguage":"ca"},{"@type":"Organization","@id":"https:\/\/artyplan.com\/ca\/#organization","name":"Artyplan","url":"https:\/\/artyplan.com\/ca\/","logo":{"@type":"ImageObject","inLanguage":"ca","@id":"https:\/\/artyplan.com\/ca\/#\/schema\/logo\/image\/","url":"https:\/\/artyplan.com\/wp-content\/uploads\/2025\/12\/Logo-artyplan-690x690-1.png","contentUrl":"https:\/\/artyplan.com\/wp-content\/uploads\/2025\/12\/Logo-artyplan-690x690-1.png","width":690,"height":690,"caption":"Artyplan"},"image":{"@id":"https:\/\/artyplan.com\/ca\/#\/schema\/logo\/image\/"},"sameAs":["https:\/\/www.facebook.com\/artyplan","https:\/\/www.instagram.com\/artyplan\/","https:\/\/www.linkedin.com\/company\/artyplan"],"description":"Artyplan \u00e9s una empresa especialitzada en producci\u00f3 gr\u00e0fica i comunicaci\u00f3 visual amb 60 anys dexperi\u00e8ncia. Oferim solucions integrals d'impressi\u00f3 en gran format, PLV i retail, gesti\u00f3 d'esdeveniments i fires, disseny i fabricaci\u00f3 a mida, log\u00edstica i serveis d'instal\u00b7laci\u00f3 a tot el territori. Treballem per a marques, ag\u00e8ncies, espais comercials i institucions que necessiten un partner fiable per desenvolupar campanyes de m\u00e0rqueting, projectes de retail i accions de branding o m\u00e0rqueting. Combinem tecnologia avan\u00e7ada d\u00b4impressi\u00f3 digital, un equip expert i una gesti\u00f3 completa de projectes per garantir qualitat, agilitat i resultats a mida per a cada client. Disposem de plataformes B2B que faciliten als nostres clients la gesti\u00f3 de les comandes de materials impresos aix\u00ed com la log\u00edstica dels mateixos.","email":"info@artyplan.com","telephone":"+34 93 200 87 99","legalName":"Artyplan S.L.","vatID":"B61963229","numberOfEmployees":{"@type":"QuantitativeValue","minValue":"51","maxValue":"200"}},{"@type":"Person","@id":"https:\/\/artyplan.com\/ca\/#\/schema\/person\/0ef19accced432bc277b8d5248cd2cc0","name":"Sergio Triguero","image":{"@type":"ImageObject","inLanguage":"ca","@id":"https:\/\/artyplan.com\/ca\/#\/schema\/person\/image\/","url":"https:\/\/secure.gravatar.com\/avatar\/c742a95811ffbc635a3d111ab446f278cce576575d14970fd5d56e17580c3f23?s=96&d=mm&r=g","contentUrl":"https:\/\/secure.gravatar.com\/avatar\/c742a95811ffbc635a3d111ab446f278cce576575d14970fd5d56e17580c3f23?s=96&d=mm&r=g","caption":"Sergio Triguero"}}]}},"_links":{"self":[{"href":"https:\/\/artyplan.com\/ca\/wp-json\/wp\/v2\/posts\/5291","targetHints":{"allow":["GET"]}}],"collection":[{"href":"https:\/\/artyplan.com\/ca\/wp-json\/wp\/v2\/posts"}],"about":[{"href":"https:\/\/artyplan.com\/ca\/wp-json\/wp\/v2\/types\/post"}],"author":[{"embeddable":true,"href":"https:\/\/artyplan.com\/ca\/wp-json\/wp\/v2\/users\/3"}],"replies":[{"embeddable":true,"href":"https:\/\/artyplan.com\/ca\/wp-json\/wp\/v2\/comments?post=5291"}],"version-history":[{"count":1,"href":"https:\/\/artyplan.com\/ca\/wp-json\/wp\/v2\/posts\/5291\/revisions"}],"predecessor-version":[{"id":6380,"href":"https:\/\/artyplan.com\/ca\/wp-json\/wp\/v2\/posts\/5291\/revisions\/6380"}],"wp:featuredmedia":[{"embeddable":true,"href":"https:\/\/artyplan.com\/ca\/wp-json\/wp\/v2\/media\/5290"}],"wp:attachment":[{"href":"https:\/\/artyplan.com\/ca\/wp-json\/wp\/v2\/media?parent=5291"}],"wp:term":[{"taxonomy":"category","embeddable":true,"href":"https:\/\/artyplan.com\/ca\/wp-json\/wp\/v2\/categories?post=5291"},{"taxonomy":"post_tag","embeddable":true,"href":"https:\/\/artyplan.com\/ca\/wp-json\/wp\/v2\/tags?post=5291"}],"curies":[{"name":"wp","href":"https:\/\/api.w.org\/{rel}","templated":true}]}}