{"id":5303,"date":"2022-06-03T00:00:00","date_gmt":"2022-06-02T22:00:00","guid":{"rendered":"https:\/\/preweb.artyplan.com\/sin-categorizar\/catelleria-material-grafic-rebaixes\/"},"modified":"2026-01-30T12:09:29","modified_gmt":"2026-01-30T10:09:29","slug":"catelleria-material-grafic-rebaixes","status":"publish","type":"post","link":"https:\/\/artyplan.com\/ca\/blog\/catelleria-material-grafic-rebaixes\/","title":{"rendered":"Material gr\u00e0fic per a rebaixes i promocions"},"content":{"rendered":"<p>Els <strong>per\u00edodes de rebaixes<\/strong> s\u00f3n les dates m\u00e9s importants pels comer\u00e7os. Per aix\u00f2, conv\u00e9 potenciar-les amb la <strong>cartelleria <\/strong>i als <strong>elements gr\u00e0fics<\/strong> idonis per a cridar l\u2019atenci\u00f3 i atraure cap a la teva botiga a tothom que passi. Un cop dins, les compres en promoci\u00f3 s\u00f3n emocionals i impulsives, pel qual una publicitat adequada sempre augmentar\u00e0 les vendes.<\/p>\n<h2>Elements gr\u00e0fics: com promocionar les rebaixes<\/h2>\n<p>Quan arriben les rebaixes, has de treure tots els elements publicitaris en el punt de venda. Si ho fas, podr\u00e0s treure\u2019n el m\u00e0xim partit i <strong>vendre molt m\u00e9s<\/strong>. Per aix\u00f2, tens a la teva disposici\u00f3 una gran quantitat d\u2019alternatives gr\u00e0fiques i de <a href=\"http:\/\/artyplan.com\/ca\/productes-impressio\/packaging\/plv\/\" target=\"_blank\" rel=\"noopener\">PLV<\/a> a les que pots rec\u00f3rrer.<\/p>\n<h3>Cartelleria<\/h3>\n<p>S\u00f3n, en general, cartells de gran formato que <strong>criden l\u2019atenci\u00f3 des de lluny. \u00a0<\/strong>Resulten molt \u00fatils en els aparadors i, aix\u00ed mateix, en l\u2019interior de la botiga per a ajudar en certes zones i destacar productes. En aquestes \u00e8poques comercials, s\u2019utilitzen molt per a destacar el descompte m\u00e0xim aplicat, tot un reclam per a la compra.<\/p>\n<h3>Aeris<\/h3>\n<p>Els <strong>cartells aeris o penjants <\/strong>s\u00f3n especialment valuosos per a <strong>delimitar zones i despertar l\u2019inter\u00e8s<\/strong> amb ofertes i preus especials. Es col\u00b7loquen a diferents al\u00e7ades, suspesos des del sostre i, per aix\u00f2, solen veure\u2019s molt b\u00e9 des de lluny.<\/p>\n<h3>Vinils<\/h3>\n<p><strong>L\u2019\u00fas de vinils aporta versatilitat i economia <\/strong>en promocionar les rebaixes. Funcionen molt b\u00e9 en els aparadors i, tamb\u00e9, en les parets, els lineals i els vidres de la botiga. La seva principal virtut \u00e9s que, per la seva economia, poden canviar-los amb freq\u00fc\u00e8ncia i personalitzar-los quan vulguis.<\/p>\n<h3><em>Roll up<\/em><\/h3>\n<p><strong>Els expositors enrotllables o <em>roll up <\/em>s\u00f3n<\/strong> <strong>formats autosostenibles<\/strong>. Es col\u00b7loquen, es recullen i es traslladen amb facilitat, i per aix\u00f2 pots reubicar-los segons les circumst\u00e0ncies. Habitualment, la zona d\u2019impressi\u00f3 \u00a0\u00e9s una lona de tela que es pot decorar amb un gran impacte fotogr\u00e0fic. A m\u00e9s a m\u00e9s, la seva base cont\u00e9 el material t\u00e8xtil una vegada que s\u2019ha enrotllat i serveis de suport per mantenir estable la publicitat.<\/p>\n<h3>Lones<\/h3>\n<p>Aquest suport \u00e9s molt <strong>polifac\u00e8tic i altament recomanable <\/strong>en les rebaixes. De fet, no s\u00f3n poques les marques comercials que folren la fa\u00e7ana del seu edifici amb un gran reclam publicitari que inviti a gaudir-les. En els aparadors i la zona de venda, les <strong>lones <\/strong>tamb\u00e9 exerceixen una funci\u00f3 important.<\/p>\n<h3>Cubs<\/h3>\n<p>Els <strong>cubs publicitaris<\/strong> de cart\u00f3, PLV o altres materials s\u00f3n molt vistosos i sempre criden l\u2019atenci\u00f3. La seva <strong>comunicaci\u00f3 tridimensional<\/strong> permet crear volums i multiplicar els impactes del missatge. Les sis cares s\u00f3n imprimibles, la qual cosa augmenta la notorietat i fa d\u2019aquest exhibidor un recurs promocional molt efica\u00e7.<\/p>\n<h3>Fulletons<\/h3>\n<p>Entre els <strong>elements gr\u00e0fics<\/strong> que no han de faltar per a donar a con\u00e8ixer les teves rebaixes figuren els fulletons desplegables. Pots <strong>repartir-los a m\u00e0, realitzar un bustiatge, col\u00b7locar-los en expositors o enviar-los per correu<\/strong> als teus possibles clients. A la botiga, et serviran per a transmetre ofertes especials, ampliar la teva base de dades de clients o afavorir a la fidelitzaci\u00f3.<\/p>\n<h3><em>Flyers<\/em><\/h3>\n<p>S\u00f3n similars als anteriors i compleixen les mateixes funcions. No obstant aix\u00f2, els <em>flyers <\/em>s\u00f3n m\u00e9s econ\u00f2mics, ja que <strong>solament tenen un cos, impr\u00e8s a una o ambdues cares. <\/strong>Requereixen, aix\u00f2 si, un esfor\u00e7 major en sintesis i contingut. Aquest format \u00e9s ideal per a la seva difusi\u00f3 massiva perqu\u00e8 el cost per impacte publicitari es redueix respecte als anteriors. En canvi, el missatge ha de ser m\u00e9s breu i directa.<\/p>\n<h3>Etiquetes<\/h3>\n<p>S\u00f3n essencials per a senyalitzar i destacar els preus i tots els descomptes aplicats. Aporta creativitat a l&#8217;escollir-les!<\/p>\n<h2>En les millors mans<\/h2>\n<p>A <strong>Artyplan <\/strong>possem a la teva disposici\u00f3 un gran equip d\u2019experts en <strong>elements gr\u00e0fics<\/strong>, <strong>cartelleria <\/strong>i altres molts suports publicitaris per a les rebaixes. Contacta amb nosaltres i t\u2019assessorem de manera personalitzada sobre els millors recursos per la teva situaci\u00f3. Deixa\u2019ns ajudar-te i, sens dubte, optimitzar\u00e0s al m\u00e0xim la inversi\u00f3 realitzada.<\/p>\n","protected":false},"excerpt":{"rendered":"<p>Els per\u00edodes de rebaixes s\u00f3n les dates m\u00e9s importants pels comer\u00e7os. Per aix\u00f2, conv\u00e9 potenciar-les amb la cartelleria i als elements gr\u00e0fics idonis per a cridar l\u2019atenci\u00f3 i atraure cap a la teva botiga a tothom que passi. Un cop dins, les compres en promoci\u00f3 s\u00f3n emocionals i impulsives, pel qual una publicitat adequada sempre [&hellip;]<\/p>\n","protected":false},"author":3,"featured_media":5302,"comment_status":"closed","ping_status":"closed","sticky":false,"template":"","format":"standard","meta":{"footnotes":""},"categories":[54,1],"tags":[],"class_list":["post-5303","post","type-post","status-publish","format-standard","has-post-thumbnail","hentry","category-noticies-ca","category-sense-categoritzar"],"yoast_head":"<!-- This site is optimized with the Yoast SEO Premium plugin v26.5 (Yoast SEO v26.5) - https:\/\/yoast.com\/wordpress\/plugins\/seo\/ -->\n<title>Material gr\u00e0fic per a rebaixes i promocions<\/title>\n<meta name=\"description\" content=\"La cartelleria \u00e9s un dels materals de PLV m\u00e9s recomenables a rebaixes. Vols con\u00e8ixer aquesta i altres opcions?\" \/>\n<meta name=\"robots\" content=\"index, follow, max-snippet:-1, max-image-preview:large, max-video-preview:-1\" \/>\n<link rel=\"canonical\" href=\"https:\/\/artyplan.com\/ca\/blog\/catelleria-material-grafic-rebaixes\/\" \/>\n<meta property=\"og:locale\" content=\"ca_ES\" \/>\n<meta property=\"og:type\" content=\"article\" \/>\n<meta property=\"og:title\" content=\"Material gr\u00e0fic per a rebaixes i promocions\" \/>\n<meta property=\"og:description\" content=\"La cartelleria \u00e9s un dels materals de PLV m\u00e9s recomenables a rebaixes. Vols con\u00e8ixer aquesta i altres opcions?\" \/>\n<meta property=\"og:url\" content=\"https:\/\/artyplan.com\/ca\/blog\/catelleria-material-grafic-rebaixes\/\" \/>\n<meta property=\"og:site_name\" content=\"Artyplan\" \/>\n<meta property=\"article:publisher\" content=\"https:\/\/www.facebook.com\/artyplan\" \/>\n<meta property=\"article:published_time\" content=\"2022-06-02T22:00:00+00:00\" \/>\n<meta property=\"article:modified_time\" content=\"2026-01-30T10:09:29+00:00\" \/>\n<meta property=\"og:image\" content=\"https:\/\/artyplan.com\/wp-content\/uploads\/2025\/09\/material-grafico-rebajas.jpg\" \/>\n\t<meta property=\"og:image:width\" content=\"1920\" \/>\n\t<meta property=\"og:image:height\" content=\"600\" \/>\n\t<meta property=\"og:image:type\" content=\"image\/jpeg\" \/>\n<meta name=\"author\" content=\"Sergio Triguero\" \/>\n<meta name=\"twitter:card\" content=\"summary_large_image\" \/>\n<meta name=\"twitter:label1\" content=\"Escrit per\" \/>\n\t<meta name=\"twitter:data1\" content=\"Sergio Triguero\" \/>\n\t<meta name=\"twitter:label2\" content=\"Temps estimat de lectura\" \/>\n\t<meta name=\"twitter:data2\" content=\"4 minuts\" \/>\n<script type=\"application\/ld+json\" class=\"yoast-schema-graph\">{\"@context\":\"https:\/\/schema.org\",\"@graph\":[{\"@type\":\"Article\",\"@id\":\"https:\/\/artyplan.com\/ca\/blog\/catelleria-material-grafic-rebaixes\/#article\",\"isPartOf\":{\"@id\":\"https:\/\/artyplan.com\/ca\/blog\/catelleria-material-grafic-rebaixes\/\"},\"author\":{\"name\":\"Sergio Triguero\",\"@id\":\"https:\/\/artyplan.com\/ca\/#\/schema\/person\/0ef19accced432bc277b8d5248cd2cc0\"},\"headline\":\"Material gr\u00e0fic per a rebaixes i promocions\",\"datePublished\":\"2022-06-02T22:00:00+00:00\",\"dateModified\":\"2026-01-30T10:09:29+00:00\",\"mainEntityOfPage\":{\"@id\":\"https:\/\/artyplan.com\/ca\/blog\/catelleria-material-grafic-rebaixes\/\"},\"wordCount\":708,\"publisher\":{\"@id\":\"https:\/\/artyplan.com\/ca\/#organization\"},\"image\":{\"@id\":\"https:\/\/artyplan.com\/ca\/blog\/catelleria-material-grafic-rebaixes\/#primaryimage\"},\"thumbnailUrl\":\"https:\/\/artyplan.com\/wp-content\/uploads\/2025\/09\/material-grafico-rebajas.jpg\",\"articleSection\":[\"Noticies\",\"Sense-categoritzar\"],\"inLanguage\":\"ca\"},{\"@type\":\"WebPage\",\"@id\":\"https:\/\/artyplan.com\/ca\/blog\/catelleria-material-grafic-rebaixes\/\",\"url\":\"https:\/\/artyplan.com\/ca\/blog\/catelleria-material-grafic-rebaixes\/\",\"name\":\"Material gr\u00e0fic per a rebaixes i promocions\",\"isPartOf\":{\"@id\":\"https:\/\/artyplan.com\/ca\/#website\"},\"primaryImageOfPage\":{\"@id\":\"https:\/\/artyplan.com\/ca\/blog\/catelleria-material-grafic-rebaixes\/#primaryimage\"},\"image\":{\"@id\":\"https:\/\/artyplan.com\/ca\/blog\/catelleria-material-grafic-rebaixes\/#primaryimage\"},\"thumbnailUrl\":\"https:\/\/artyplan.com\/wp-content\/uploads\/2025\/09\/material-grafico-rebajas.jpg\",\"datePublished\":\"2022-06-02T22:00:00+00:00\",\"dateModified\":\"2026-01-30T10:09:29+00:00\",\"description\":\"La cartelleria \u00e9s un dels materals de PLV m\u00e9s recomenables a rebaixes. Vols con\u00e8ixer aquesta i altres opcions?\",\"breadcrumb\":{\"@id\":\"https:\/\/artyplan.com\/ca\/blog\/catelleria-material-grafic-rebaixes\/#breadcrumb\"},\"inLanguage\":\"ca\",\"potentialAction\":[{\"@type\":\"ReadAction\",\"target\":[\"https:\/\/artyplan.com\/ca\/blog\/catelleria-material-grafic-rebaixes\/\"]}]},{\"@type\":\"ImageObject\",\"inLanguage\":\"ca\",\"@id\":\"https:\/\/artyplan.com\/ca\/blog\/catelleria-material-grafic-rebaixes\/#primaryimage\",\"url\":\"https:\/\/artyplan.com\/wp-content\/uploads\/2025\/09\/material-grafico-rebajas.jpg\",\"contentUrl\":\"https:\/\/artyplan.com\/wp-content\/uploads\/2025\/09\/material-grafico-rebajas.jpg\",\"width\":1920,\"height\":600,\"caption\":\"material-grafic-rebaixes\"},{\"@type\":\"BreadcrumbList\",\"@id\":\"https:\/\/artyplan.com\/ca\/blog\/catelleria-material-grafic-rebaixes\/#breadcrumb\",\"itemListElement\":[{\"@type\":\"ListItem\",\"position\":1,\"name\":\"Artyplan\",\"item\":\"https:\/\/artyplan.com\/ca\/\"},{\"@type\":\"ListItem\",\"position\":2,\"name\":\"Material gr\u00e0fic per a rebaixes i promocions\"}]},{\"@type\":\"WebSite\",\"@id\":\"https:\/\/artyplan.com\/ca\/#website\",\"url\":\"https:\/\/artyplan.com\/ca\/\",\"name\":\"Artyplan\",\"description\":\"\",\"publisher\":{\"@id\":\"https:\/\/artyplan.com\/ca\/#organization\"},\"potentialAction\":[{\"@type\":\"SearchAction\",\"target\":{\"@type\":\"EntryPoint\",\"urlTemplate\":\"https:\/\/artyplan.com\/ca\/?s={search_term_string}\"},\"query-input\":{\"@type\":\"PropertyValueSpecification\",\"valueRequired\":true,\"valueName\":\"search_term_string\"}}],\"inLanguage\":\"ca\"},{\"@type\":\"Organization\",\"@id\":\"https:\/\/artyplan.com\/ca\/#organization\",\"name\":\"Artyplan\",\"url\":\"https:\/\/artyplan.com\/ca\/\",\"logo\":{\"@type\":\"ImageObject\",\"inLanguage\":\"ca\",\"@id\":\"https:\/\/artyplan.com\/ca\/#\/schema\/logo\/image\/\",\"url\":\"https:\/\/artyplan.com\/wp-content\/uploads\/2025\/12\/Logo-artyplan-690x690-1.png\",\"contentUrl\":\"https:\/\/artyplan.com\/wp-content\/uploads\/2025\/12\/Logo-artyplan-690x690-1.png\",\"width\":690,\"height\":690,\"caption\":\"Artyplan\"},\"image\":{\"@id\":\"https:\/\/artyplan.com\/ca\/#\/schema\/logo\/image\/\"},\"sameAs\":[\"https:\/\/www.facebook.com\/artyplan\",\"https:\/\/www.instagram.com\/artyplan\/\",\"https:\/\/www.linkedin.com\/company\/artyplan\"],\"description\":\"Artyplan \u00e9s una empresa especialitzada en producci\u00f3 gr\u00e0fica i comunicaci\u00f3 visual amb 60 anys dexperi\u00e8ncia. Oferim solucions integrals d'impressi\u00f3 en gran format, PLV i retail, gesti\u00f3 d'esdeveniments i fires, disseny i fabricaci\u00f3 a mida, log\u00edstica i serveis d'instal\u00b7laci\u00f3 a tot el territori. Treballem per a marques, ag\u00e8ncies, espais comercials i institucions que necessiten un partner fiable per desenvolupar campanyes de m\u00e0rqueting, projectes de retail i accions de branding o m\u00e0rqueting. Combinem tecnologia avan\u00e7ada d\u00b4impressi\u00f3 digital, un equip expert i una gesti\u00f3 completa de projectes per garantir qualitat, agilitat i resultats a mida per a cada client. Disposem de plataformes B2B que faciliten als nostres clients la gesti\u00f3 de les comandes de materials impresos aix\u00ed com la log\u00edstica dels mateixos.\",\"email\":\"info@artyplan.com\",\"telephone\":\"+34 93 200 87 99\",\"legalName\":\"Artyplan S.L.\",\"vatID\":\"B61963229\",\"numberOfEmployees\":{\"@type\":\"QuantitativeValue\",\"minValue\":\"51\",\"maxValue\":\"200\"}},{\"@type\":\"Person\",\"@id\":\"https:\/\/artyplan.com\/ca\/#\/schema\/person\/0ef19accced432bc277b8d5248cd2cc0\",\"name\":\"Sergio Triguero\",\"image\":{\"@type\":\"ImageObject\",\"inLanguage\":\"ca\",\"@id\":\"https:\/\/artyplan.com\/ca\/#\/schema\/person\/image\/\",\"url\":\"https:\/\/secure.gravatar.com\/avatar\/c742a95811ffbc635a3d111ab446f278cce576575d14970fd5d56e17580c3f23?s=96&d=mm&r=g\",\"contentUrl\":\"https:\/\/secure.gravatar.com\/avatar\/c742a95811ffbc635a3d111ab446f278cce576575d14970fd5d56e17580c3f23?s=96&d=mm&r=g\",\"caption\":\"Sergio Triguero\"}}]}<\/script>\n<!-- \/ Yoast SEO Premium plugin. -->","yoast_head_json":{"title":"Material gr\u00e0fic per a rebaixes i promocions","description":"La cartelleria \u00e9s un dels materals de PLV m\u00e9s recomenables a rebaixes. Vols con\u00e8ixer aquesta i altres opcions?","robots":{"index":"index","follow":"follow","max-snippet":"max-snippet:-1","max-image-preview":"max-image-preview:large","max-video-preview":"max-video-preview:-1"},"canonical":"https:\/\/artyplan.com\/ca\/blog\/catelleria-material-grafic-rebaixes\/","og_locale":"ca_ES","og_type":"article","og_title":"Material gr\u00e0fic per a rebaixes i promocions","og_description":"La cartelleria \u00e9s un dels materals de PLV m\u00e9s recomenables a rebaixes. Vols con\u00e8ixer aquesta i altres opcions?","og_url":"https:\/\/artyplan.com\/ca\/blog\/catelleria-material-grafic-rebaixes\/","og_site_name":"Artyplan","article_publisher":"https:\/\/www.facebook.com\/artyplan","article_published_time":"2022-06-02T22:00:00+00:00","article_modified_time":"2026-01-30T10:09:29+00:00","og_image":[{"width":1920,"height":600,"url":"https:\/\/artyplan.com\/wp-content\/uploads\/2025\/09\/material-grafico-rebajas.jpg","type":"image\/jpeg"}],"author":"Sergio Triguero","twitter_card":"summary_large_image","twitter_misc":{"Escrit per":"Sergio Triguero","Temps estimat de lectura":"4 minuts"},"schema":{"@context":"https:\/\/schema.org","@graph":[{"@type":"Article","@id":"https:\/\/artyplan.com\/ca\/blog\/catelleria-material-grafic-rebaixes\/#article","isPartOf":{"@id":"https:\/\/artyplan.com\/ca\/blog\/catelleria-material-grafic-rebaixes\/"},"author":{"name":"Sergio Triguero","@id":"https:\/\/artyplan.com\/ca\/#\/schema\/person\/0ef19accced432bc277b8d5248cd2cc0"},"headline":"Material gr\u00e0fic per a rebaixes i promocions","datePublished":"2022-06-02T22:00:00+00:00","dateModified":"2026-01-30T10:09:29+00:00","mainEntityOfPage":{"@id":"https:\/\/artyplan.com\/ca\/blog\/catelleria-material-grafic-rebaixes\/"},"wordCount":708,"publisher":{"@id":"https:\/\/artyplan.com\/ca\/#organization"},"image":{"@id":"https:\/\/artyplan.com\/ca\/blog\/catelleria-material-grafic-rebaixes\/#primaryimage"},"thumbnailUrl":"https:\/\/artyplan.com\/wp-content\/uploads\/2025\/09\/material-grafico-rebajas.jpg","articleSection":["Noticies","Sense-categoritzar"],"inLanguage":"ca"},{"@type":"WebPage","@id":"https:\/\/artyplan.com\/ca\/blog\/catelleria-material-grafic-rebaixes\/","url":"https:\/\/artyplan.com\/ca\/blog\/catelleria-material-grafic-rebaixes\/","name":"Material gr\u00e0fic per a rebaixes i promocions","isPartOf":{"@id":"https:\/\/artyplan.com\/ca\/#website"},"primaryImageOfPage":{"@id":"https:\/\/artyplan.com\/ca\/blog\/catelleria-material-grafic-rebaixes\/#primaryimage"},"image":{"@id":"https:\/\/artyplan.com\/ca\/blog\/catelleria-material-grafic-rebaixes\/#primaryimage"},"thumbnailUrl":"https:\/\/artyplan.com\/wp-content\/uploads\/2025\/09\/material-grafico-rebajas.jpg","datePublished":"2022-06-02T22:00:00+00:00","dateModified":"2026-01-30T10:09:29+00:00","description":"La cartelleria \u00e9s un dels materals de PLV m\u00e9s recomenables a rebaixes. Vols con\u00e8ixer aquesta i altres opcions?","breadcrumb":{"@id":"https:\/\/artyplan.com\/ca\/blog\/catelleria-material-grafic-rebaixes\/#breadcrumb"},"inLanguage":"ca","potentialAction":[{"@type":"ReadAction","target":["https:\/\/artyplan.com\/ca\/blog\/catelleria-material-grafic-rebaixes\/"]}]},{"@type":"ImageObject","inLanguage":"ca","@id":"https:\/\/artyplan.com\/ca\/blog\/catelleria-material-grafic-rebaixes\/#primaryimage","url":"https:\/\/artyplan.com\/wp-content\/uploads\/2025\/09\/material-grafico-rebajas.jpg","contentUrl":"https:\/\/artyplan.com\/wp-content\/uploads\/2025\/09\/material-grafico-rebajas.jpg","width":1920,"height":600,"caption":"material-grafic-rebaixes"},{"@type":"BreadcrumbList","@id":"https:\/\/artyplan.com\/ca\/blog\/catelleria-material-grafic-rebaixes\/#breadcrumb","itemListElement":[{"@type":"ListItem","position":1,"name":"Artyplan","item":"https:\/\/artyplan.com\/ca\/"},{"@type":"ListItem","position":2,"name":"Material gr\u00e0fic per a rebaixes i promocions"}]},{"@type":"WebSite","@id":"https:\/\/artyplan.com\/ca\/#website","url":"https:\/\/artyplan.com\/ca\/","name":"Artyplan","description":"","publisher":{"@id":"https:\/\/artyplan.com\/ca\/#organization"},"potentialAction":[{"@type":"SearchAction","target":{"@type":"EntryPoint","urlTemplate":"https:\/\/artyplan.com\/ca\/?s={search_term_string}"},"query-input":{"@type":"PropertyValueSpecification","valueRequired":true,"valueName":"search_term_string"}}],"inLanguage":"ca"},{"@type":"Organization","@id":"https:\/\/artyplan.com\/ca\/#organization","name":"Artyplan","url":"https:\/\/artyplan.com\/ca\/","logo":{"@type":"ImageObject","inLanguage":"ca","@id":"https:\/\/artyplan.com\/ca\/#\/schema\/logo\/image\/","url":"https:\/\/artyplan.com\/wp-content\/uploads\/2025\/12\/Logo-artyplan-690x690-1.png","contentUrl":"https:\/\/artyplan.com\/wp-content\/uploads\/2025\/12\/Logo-artyplan-690x690-1.png","width":690,"height":690,"caption":"Artyplan"},"image":{"@id":"https:\/\/artyplan.com\/ca\/#\/schema\/logo\/image\/"},"sameAs":["https:\/\/www.facebook.com\/artyplan","https:\/\/www.instagram.com\/artyplan\/","https:\/\/www.linkedin.com\/company\/artyplan"],"description":"Artyplan \u00e9s una empresa especialitzada en producci\u00f3 gr\u00e0fica i comunicaci\u00f3 visual amb 60 anys dexperi\u00e8ncia. Oferim solucions integrals d'impressi\u00f3 en gran format, PLV i retail, gesti\u00f3 d'esdeveniments i fires, disseny i fabricaci\u00f3 a mida, log\u00edstica i serveis d'instal\u00b7laci\u00f3 a tot el territori. Treballem per a marques, ag\u00e8ncies, espais comercials i institucions que necessiten un partner fiable per desenvolupar campanyes de m\u00e0rqueting, projectes de retail i accions de branding o m\u00e0rqueting. Combinem tecnologia avan\u00e7ada d\u00b4impressi\u00f3 digital, un equip expert i una gesti\u00f3 completa de projectes per garantir qualitat, agilitat i resultats a mida per a cada client. Disposem de plataformes B2B que faciliten als nostres clients la gesti\u00f3 de les comandes de materials impresos aix\u00ed com la log\u00edstica dels mateixos.","email":"info@artyplan.com","telephone":"+34 93 200 87 99","legalName":"Artyplan S.L.","vatID":"B61963229","numberOfEmployees":{"@type":"QuantitativeValue","minValue":"51","maxValue":"200"}},{"@type":"Person","@id":"https:\/\/artyplan.com\/ca\/#\/schema\/person\/0ef19accced432bc277b8d5248cd2cc0","name":"Sergio Triguero","image":{"@type":"ImageObject","inLanguage":"ca","@id":"https:\/\/artyplan.com\/ca\/#\/schema\/person\/image\/","url":"https:\/\/secure.gravatar.com\/avatar\/c742a95811ffbc635a3d111ab446f278cce576575d14970fd5d56e17580c3f23?s=96&d=mm&r=g","contentUrl":"https:\/\/secure.gravatar.com\/avatar\/c742a95811ffbc635a3d111ab446f278cce576575d14970fd5d56e17580c3f23?s=96&d=mm&r=g","caption":"Sergio Triguero"}}]}},"_links":{"self":[{"href":"https:\/\/artyplan.com\/ca\/wp-json\/wp\/v2\/posts\/5303","targetHints":{"allow":["GET"]}}],"collection":[{"href":"https:\/\/artyplan.com\/ca\/wp-json\/wp\/v2\/posts"}],"about":[{"href":"https:\/\/artyplan.com\/ca\/wp-json\/wp\/v2\/types\/post"}],"author":[{"embeddable":true,"href":"https:\/\/artyplan.com\/ca\/wp-json\/wp\/v2\/users\/3"}],"replies":[{"embeddable":true,"href":"https:\/\/artyplan.com\/ca\/wp-json\/wp\/v2\/comments?post=5303"}],"version-history":[{"count":2,"href":"https:\/\/artyplan.com\/ca\/wp-json\/wp\/v2\/posts\/5303\/revisions"}],"predecessor-version":[{"id":13574,"href":"https:\/\/artyplan.com\/ca\/wp-json\/wp\/v2\/posts\/5303\/revisions\/13574"}],"wp:featuredmedia":[{"embeddable":true,"href":"https:\/\/artyplan.com\/ca\/wp-json\/wp\/v2\/media\/5302"}],"wp:attachment":[{"href":"https:\/\/artyplan.com\/ca\/wp-json\/wp\/v2\/media?parent=5303"}],"wp:term":[{"taxonomy":"category","embeddable":true,"href":"https:\/\/artyplan.com\/ca\/wp-json\/wp\/v2\/categories?post=5303"},{"taxonomy":"post_tag","embeddable":true,"href":"https:\/\/artyplan.com\/ca\/wp-json\/wp\/v2\/tags?post=5303"}],"curies":[{"name":"wp","href":"https:\/\/api.w.org\/{rel}","templated":true}]}}