{"id":5306,"date":"2022-06-13T00:00:00","date_gmt":"2022-06-12T22:00:00","guid":{"rendered":"https:\/\/preweb.artyplan.com\/sin-categorizar\/renova-la-imatge-de-la-teva-empresa-amb-vinils-decoratius\/"},"modified":"2026-02-04T10:28:49","modified_gmt":"2026-02-04T08:28:49","slug":"renova-la-imatge-de-la-teva-empresa-amb-vinils-decoratius","status":"publish","type":"post","link":"https:\/\/artyplan.com\/ca\/blog\/renova-la-imatge-de-la-teva-empresa-amb-vinils-decoratius\/","title":{"rendered":"Vinils decoratius: renova la imatge del teu negoci"},"content":{"rendered":"<p>Els vinils decoratius transformen qualsevol ambient de treball en pocs minuts.<\/p>\n<p>Crear i renovar la imatge de la teva oficina amb vinils decoratius et permetr\u00e0 actualitzar i refor\u00e7ar la imatge corporativa de la teva empresa en el lloc de treball dels teus treballadors.<\/p>\n<p>Els vinils es poden instal\u00b7lar en interiors de despatxos, f\u00e0briques, sales de reunions, o espais on es desitgi personalitzar amb la imatge corporativa, donant un toc de distinci\u00f3 en qualsevol \u00e0rea de les teves instal\u00b7lacions, naus o locals.<\/p>\n<h2>QU\u00c8 \u00c9S UN VINIL DE PARET?<\/h2>\n<p>Els\u00a0<strong>vinils<\/strong>\u00a0decoratius o\u00a0<strong>vinils de paret<\/strong>\u00a0s\u00f3n una pel\u00b7l\u00edcula de film fi amb adhesiu.<\/p>\n<p>Els vinils s\u00f3n suports de PVC (material pl\u00e0stic voluble) 100% flexibles.<br \/>\nCompten amb una cara adhesiva i una altra acabada en diferents colors, brillants, tons metal\u00b7litzats, ne\u00f3, entre d\u2019altres.<\/p>\n<p>Encara que hi ha altres classes de vinils, els vinils autoadhesius s\u00f3n els que tenen grans possibilitats per usos empresarials.<\/p>\n<h3>VINIL ECOL\u00d2GIC<\/h3>\n<p>El <a href=\"http:\/\/artyplan.com\/ca\/ecologic\/vinils-ecologics-sostenible-lliure-pvc\/\" target=\"_blank\" rel=\"noopener\">vinil ecol\u00f2gic<\/a> \u00e9s un vinil impr\u00e8s o de tall sense PVC i amb un adhesiu en base aigua, donant una soluci\u00f3 perfecta a qualsevol projecte amb consci\u00e8ncia ecol\u00f2gica.<\/p>\n<h2>AVANTATGES DELS VINILS DECORATIUS PER LES OFICINES<\/h2>\n<p>La creativitat dels equips de treball dep\u00e8n de l\u2019ambient en que \u00e9s desenvolupes les tasques di\u00e0ries. Amb la instal\u00b7laci\u00f3 de vinils decoratius s\u2019arriba a aconseguir una gran harmonia en els centres laborals, estimulant la productivitat i efici\u00e8ncia dels equips de treball.<\/p>\n<p>A continuaci\u00f3, es detalla alguns avantatges d\u2019apostar per renovar la teva oficina amb vinils autoadhesius.<\/p>\n<ul>\n<li>Vehicular un sentiment de confian\u00e7a i professionalisme als teus treballadors, clients i prove\u00efdors.<\/li>\n<li>Treballar en ambients estimulants es fonamental per a la productivitat.<\/li>\n<\/ul>\n<ul>\n<li>Senyalitzar correctament tots los espais de l\u2019entorn laboral i potencial aix\u00ed la seguretat i el correcte \u00fas de les instal\u00b7lacions.<\/li>\n<\/ul>\n<h2>QUANT \u00a0TEMPS DURA UN VINIL DECORATIU?<\/h2>\n<p>En funci\u00f3 del vinil, es pot col\u00b7locar en superf\u00edcies interiors o exteriors, aquestes qualitats determinen la seva durabilitat. Per exemple, hi ha vinils que es mantindran en bones condicions en 5 anys i n\u2019hi ha d\u2019altres que duren entre 2 i 3 anys.<\/p>\n<p>Tot aix\u00f2 dep\u00e8n de la incid\u00e8ncia directa del sol, inclem\u00e8ncies ambientals amb pluja, protecci\u00f3 en general dels vinils amb una llum directa constant&#8230; Ja que qualsevol factor influeix sobre la vida dels colors del vinil.<\/p>\n<h2>ARTYPLAN ESPECIALISTES EN INSTAL\u00b7LACI\u00d3 DE VINILS<\/h2>\n<p>A Artyplan portem molt temps realitzant diferents projectes de creaci\u00f3 d\u2019espais laboral amb vinils decoratius. Ens encarreguem d\u2019ajudar-te a dissenyar un lloc on els teus equips es sentin c\u00f2modes desenvolupant les seves tasques.<\/p>\n","protected":false},"excerpt":{"rendered":"<p>Els vinils decoratius transformen qualsevol ambient de treball en pocs minuts. Crear i renovar la imatge de la teva oficina amb vinils decoratius et permetr\u00e0 actualitzar i refor\u00e7ar la imatge corporativa de la teva empresa en el lloc de treball dels teus treballadors. Els vinils es poden instal\u00b7lar en interiors de despatxos, f\u00e0briques, sales de [&hellip;]<\/p>\n","protected":false},"author":3,"featured_media":5305,"comment_status":"closed","ping_status":"closed","sticky":false,"template":"","format":"standard","meta":{"footnotes":""},"categories":[54,1],"tags":[],"class_list":["post-5306","post","type-post","status-publish","format-standard","has-post-thumbnail","hentry","category-noticies-ca","category-sense-categoritzar"],"yoast_head":"<!-- This site is optimized with the Yoast SEO Premium plugin v26.5 (Yoast SEO v26.5) - https:\/\/yoast.com\/wordpress\/plugins\/seo\/ -->\n<title>Vinils decoratius: renova la imatge del teu negoci<\/title>\n<meta name=\"description\" content=\"Descobreix com els vinils decoratius poden ajudar-te a renovar la imatge de la teva empresa i millorar els teus espais.\" \/>\n<meta name=\"robots\" content=\"index, follow, max-snippet:-1, max-image-preview:large, max-video-preview:-1\" \/>\n<link rel=\"canonical\" href=\"https:\/\/artyplan.com\/ca\/blog\/renova-la-imatge-de-la-teva-empresa-amb-vinils-decoratius\/\" \/>\n<meta property=\"og:locale\" content=\"ca_ES\" \/>\n<meta property=\"og:type\" content=\"article\" \/>\n<meta property=\"og:title\" content=\"Vinils decoratius: renova la imatge del teu negoci\" \/>\n<meta property=\"og:description\" content=\"Descobreix com els vinils decoratius poden ajudar-te a renovar la imatge de la teva empresa i millorar els teus espais.\" \/>\n<meta property=\"og:url\" content=\"https:\/\/artyplan.com\/ca\/blog\/renova-la-imatge-de-la-teva-empresa-amb-vinils-decoratius\/\" \/>\n<meta property=\"og:site_name\" content=\"Artyplan\" \/>\n<meta property=\"article:publisher\" content=\"https:\/\/www.facebook.com\/artyplan\" \/>\n<meta property=\"article:published_time\" content=\"2022-06-12T22:00:00+00:00\" \/>\n<meta property=\"article:modified_time\" content=\"2026-02-04T08:28:49+00:00\" \/>\n<meta property=\"og:image\" content=\"https:\/\/artyplan.com\/wp-content\/uploads\/2025\/09\/vinilo-decorativo-empresa-1.jpg\" \/>\n\t<meta property=\"og:image:width\" content=\"1920\" \/>\n\t<meta property=\"og:image:height\" content=\"600\" \/>\n\t<meta property=\"og:image:type\" content=\"image\/jpeg\" \/>\n<meta name=\"author\" content=\"Sergio Triguero\" \/>\n<meta name=\"twitter:card\" content=\"summary_large_image\" \/>\n<meta name=\"twitter:label1\" content=\"Escrit per\" \/>\n\t<meta name=\"twitter:data1\" content=\"Sergio Triguero\" \/>\n\t<meta name=\"twitter:label2\" content=\"Temps estimat de lectura\" \/>\n\t<meta name=\"twitter:data2\" content=\"3 minuts\" \/>\n<script type=\"application\/ld+json\" class=\"yoast-schema-graph\">{\"@context\":\"https:\/\/schema.org\",\"@graph\":[{\"@type\":\"Article\",\"@id\":\"https:\/\/artyplan.com\/ca\/blog\/renova-la-imatge-de-la-teva-empresa-amb-vinils-decoratius\/#article\",\"isPartOf\":{\"@id\":\"https:\/\/artyplan.com\/ca\/blog\/renova-la-imatge-de-la-teva-empresa-amb-vinils-decoratius\/\"},\"author\":{\"name\":\"Sergio Triguero\",\"@id\":\"https:\/\/artyplan.com\/ca\/#\/schema\/person\/0ef19accced432bc277b8d5248cd2cc0\"},\"headline\":\"Vinils decoratius: renova la imatge del teu negoci\",\"datePublished\":\"2022-06-12T22:00:00+00:00\",\"dateModified\":\"2026-02-04T08:28:49+00:00\",\"mainEntityOfPage\":{\"@id\":\"https:\/\/artyplan.com\/ca\/blog\/renova-la-imatge-de-la-teva-empresa-amb-vinils-decoratius\/\"},\"wordCount\":454,\"publisher\":{\"@id\":\"https:\/\/artyplan.com\/ca\/#organization\"},\"image\":{\"@id\":\"https:\/\/artyplan.com\/ca\/blog\/renova-la-imatge-de-la-teva-empresa-amb-vinils-decoratius\/#primaryimage\"},\"thumbnailUrl\":\"https:\/\/artyplan.com\/wp-content\/uploads\/2025\/09\/vinilo-decorativo-empresa-1.jpg\",\"articleSection\":[\"Noticies\",\"Sense-categoritzar\"],\"inLanguage\":\"ca\"},{\"@type\":\"WebPage\",\"@id\":\"https:\/\/artyplan.com\/ca\/blog\/renova-la-imatge-de-la-teva-empresa-amb-vinils-decoratius\/\",\"url\":\"https:\/\/artyplan.com\/ca\/blog\/renova-la-imatge-de-la-teva-empresa-amb-vinils-decoratius\/\",\"name\":\"Vinils decoratius: renova la imatge del teu negoci\",\"isPartOf\":{\"@id\":\"https:\/\/artyplan.com\/ca\/#website\"},\"primaryImageOfPage\":{\"@id\":\"https:\/\/artyplan.com\/ca\/blog\/renova-la-imatge-de-la-teva-empresa-amb-vinils-decoratius\/#primaryimage\"},\"image\":{\"@id\":\"https:\/\/artyplan.com\/ca\/blog\/renova-la-imatge-de-la-teva-empresa-amb-vinils-decoratius\/#primaryimage\"},\"thumbnailUrl\":\"https:\/\/artyplan.com\/wp-content\/uploads\/2025\/09\/vinilo-decorativo-empresa-1.jpg\",\"datePublished\":\"2022-06-12T22:00:00+00:00\",\"dateModified\":\"2026-02-04T08:28:49+00:00\",\"description\":\"Descobreix com els vinils decoratius poden ajudar-te a renovar la imatge de la teva empresa i millorar els teus espais.\",\"breadcrumb\":{\"@id\":\"https:\/\/artyplan.com\/ca\/blog\/renova-la-imatge-de-la-teva-empresa-amb-vinils-decoratius\/#breadcrumb\"},\"inLanguage\":\"ca\",\"potentialAction\":[{\"@type\":\"ReadAction\",\"target\":[\"https:\/\/artyplan.com\/ca\/blog\/renova-la-imatge-de-la-teva-empresa-amb-vinils-decoratius\/\"]}]},{\"@type\":\"ImageObject\",\"inLanguage\":\"ca\",\"@id\":\"https:\/\/artyplan.com\/ca\/blog\/renova-la-imatge-de-la-teva-empresa-amb-vinils-decoratius\/#primaryimage\",\"url\":\"https:\/\/artyplan.com\/wp-content\/uploads\/2025\/09\/vinilo-decorativo-empresa-1.jpg\",\"contentUrl\":\"https:\/\/artyplan.com\/wp-content\/uploads\/2025\/09\/vinilo-decorativo-empresa-1.jpg\",\"width\":1920,\"height\":600,\"caption\":\"vinil-decoratiu-empresa||vinilo-decorativo-empresa\"},{\"@type\":\"BreadcrumbList\",\"@id\":\"https:\/\/artyplan.com\/ca\/blog\/renova-la-imatge-de-la-teva-empresa-amb-vinils-decoratius\/#breadcrumb\",\"itemListElement\":[{\"@type\":\"ListItem\",\"position\":1,\"name\":\"Artyplan\",\"item\":\"https:\/\/artyplan.com\/ca\/\"},{\"@type\":\"ListItem\",\"position\":2,\"name\":\"Vinils decoratius: renova la imatge del teu negoci\"}]},{\"@type\":\"WebSite\",\"@id\":\"https:\/\/artyplan.com\/ca\/#website\",\"url\":\"https:\/\/artyplan.com\/ca\/\",\"name\":\"Artyplan\",\"description\":\"\",\"publisher\":{\"@id\":\"https:\/\/artyplan.com\/ca\/#organization\"},\"potentialAction\":[{\"@type\":\"SearchAction\",\"target\":{\"@type\":\"EntryPoint\",\"urlTemplate\":\"https:\/\/artyplan.com\/ca\/?s={search_term_string}\"},\"query-input\":{\"@type\":\"PropertyValueSpecification\",\"valueRequired\":true,\"valueName\":\"search_term_string\"}}],\"inLanguage\":\"ca\"},{\"@type\":\"Organization\",\"@id\":\"https:\/\/artyplan.com\/ca\/#organization\",\"name\":\"Artyplan\",\"url\":\"https:\/\/artyplan.com\/ca\/\",\"logo\":{\"@type\":\"ImageObject\",\"inLanguage\":\"ca\",\"@id\":\"https:\/\/artyplan.com\/ca\/#\/schema\/logo\/image\/\",\"url\":\"https:\/\/artyplan.com\/wp-content\/uploads\/2025\/12\/Logo-artyplan-690x690-1.png\",\"contentUrl\":\"https:\/\/artyplan.com\/wp-content\/uploads\/2025\/12\/Logo-artyplan-690x690-1.png\",\"width\":690,\"height\":690,\"caption\":\"Artyplan\"},\"image\":{\"@id\":\"https:\/\/artyplan.com\/ca\/#\/schema\/logo\/image\/\"},\"sameAs\":[\"https:\/\/www.facebook.com\/artyplan\",\"https:\/\/www.instagram.com\/artyplan\/\",\"https:\/\/www.linkedin.com\/company\/artyplan\"],\"description\":\"Artyplan \u00e9s una empresa especialitzada en producci\u00f3 gr\u00e0fica i comunicaci\u00f3 visual amb 60 anys dexperi\u00e8ncia. Oferim solucions integrals d'impressi\u00f3 en gran format, PLV i retail, gesti\u00f3 d'esdeveniments i fires, disseny i fabricaci\u00f3 a mida, log\u00edstica i serveis d'instal\u00b7laci\u00f3 a tot el territori. Treballem per a marques, ag\u00e8ncies, espais comercials i institucions que necessiten un partner fiable per desenvolupar campanyes de m\u00e0rqueting, projectes de retail i accions de branding o m\u00e0rqueting. Combinem tecnologia avan\u00e7ada d\u00b4impressi\u00f3 digital, un equip expert i una gesti\u00f3 completa de projectes per garantir qualitat, agilitat i resultats a mida per a cada client. Disposem de plataformes B2B que faciliten als nostres clients la gesti\u00f3 de les comandes de materials impresos aix\u00ed com la log\u00edstica dels mateixos.\",\"email\":\"info@artyplan.com\",\"telephone\":\"+34 93 200 87 99\",\"legalName\":\"Artyplan S.L.\",\"vatID\":\"B61963229\",\"numberOfEmployees\":{\"@type\":\"QuantitativeValue\",\"minValue\":\"51\",\"maxValue\":\"200\"}},{\"@type\":\"Person\",\"@id\":\"https:\/\/artyplan.com\/ca\/#\/schema\/person\/0ef19accced432bc277b8d5248cd2cc0\",\"name\":\"Sergio Triguero\",\"image\":{\"@type\":\"ImageObject\",\"inLanguage\":\"ca\",\"@id\":\"https:\/\/artyplan.com\/ca\/#\/schema\/person\/image\/\",\"url\":\"https:\/\/secure.gravatar.com\/avatar\/c742a95811ffbc635a3d111ab446f278cce576575d14970fd5d56e17580c3f23?s=96&d=mm&r=g\",\"contentUrl\":\"https:\/\/secure.gravatar.com\/avatar\/c742a95811ffbc635a3d111ab446f278cce576575d14970fd5d56e17580c3f23?s=96&d=mm&r=g\",\"caption\":\"Sergio Triguero\"}}]}<\/script>\n<!-- \/ Yoast SEO Premium plugin. -->","yoast_head_json":{"title":"Vinils decoratius: renova la imatge del teu negoci","description":"Descobreix com els vinils decoratius poden ajudar-te a renovar la imatge de la teva empresa i millorar els teus espais.","robots":{"index":"index","follow":"follow","max-snippet":"max-snippet:-1","max-image-preview":"max-image-preview:large","max-video-preview":"max-video-preview:-1"},"canonical":"https:\/\/artyplan.com\/ca\/blog\/renova-la-imatge-de-la-teva-empresa-amb-vinils-decoratius\/","og_locale":"ca_ES","og_type":"article","og_title":"Vinils decoratius: renova la imatge del teu negoci","og_description":"Descobreix com els vinils decoratius poden ajudar-te a renovar la imatge de la teva empresa i millorar els teus espais.","og_url":"https:\/\/artyplan.com\/ca\/blog\/renova-la-imatge-de-la-teva-empresa-amb-vinils-decoratius\/","og_site_name":"Artyplan","article_publisher":"https:\/\/www.facebook.com\/artyplan","article_published_time":"2022-06-12T22:00:00+00:00","article_modified_time":"2026-02-04T08:28:49+00:00","og_image":[{"width":1920,"height":600,"url":"https:\/\/artyplan.com\/wp-content\/uploads\/2025\/09\/vinilo-decorativo-empresa-1.jpg","type":"image\/jpeg"}],"author":"Sergio Triguero","twitter_card":"summary_large_image","twitter_misc":{"Escrit per":"Sergio Triguero","Temps estimat de lectura":"3 minuts"},"schema":{"@context":"https:\/\/schema.org","@graph":[{"@type":"Article","@id":"https:\/\/artyplan.com\/ca\/blog\/renova-la-imatge-de-la-teva-empresa-amb-vinils-decoratius\/#article","isPartOf":{"@id":"https:\/\/artyplan.com\/ca\/blog\/renova-la-imatge-de-la-teva-empresa-amb-vinils-decoratius\/"},"author":{"name":"Sergio Triguero","@id":"https:\/\/artyplan.com\/ca\/#\/schema\/person\/0ef19accced432bc277b8d5248cd2cc0"},"headline":"Vinils decoratius: renova la imatge del teu negoci","datePublished":"2022-06-12T22:00:00+00:00","dateModified":"2026-02-04T08:28:49+00:00","mainEntityOfPage":{"@id":"https:\/\/artyplan.com\/ca\/blog\/renova-la-imatge-de-la-teva-empresa-amb-vinils-decoratius\/"},"wordCount":454,"publisher":{"@id":"https:\/\/artyplan.com\/ca\/#organization"},"image":{"@id":"https:\/\/artyplan.com\/ca\/blog\/renova-la-imatge-de-la-teva-empresa-amb-vinils-decoratius\/#primaryimage"},"thumbnailUrl":"https:\/\/artyplan.com\/wp-content\/uploads\/2025\/09\/vinilo-decorativo-empresa-1.jpg","articleSection":["Noticies","Sense-categoritzar"],"inLanguage":"ca"},{"@type":"WebPage","@id":"https:\/\/artyplan.com\/ca\/blog\/renova-la-imatge-de-la-teva-empresa-amb-vinils-decoratius\/","url":"https:\/\/artyplan.com\/ca\/blog\/renova-la-imatge-de-la-teva-empresa-amb-vinils-decoratius\/","name":"Vinils decoratius: renova la imatge del teu negoci","isPartOf":{"@id":"https:\/\/artyplan.com\/ca\/#website"},"primaryImageOfPage":{"@id":"https:\/\/artyplan.com\/ca\/blog\/renova-la-imatge-de-la-teva-empresa-amb-vinils-decoratius\/#primaryimage"},"image":{"@id":"https:\/\/artyplan.com\/ca\/blog\/renova-la-imatge-de-la-teva-empresa-amb-vinils-decoratius\/#primaryimage"},"thumbnailUrl":"https:\/\/artyplan.com\/wp-content\/uploads\/2025\/09\/vinilo-decorativo-empresa-1.jpg","datePublished":"2022-06-12T22:00:00+00:00","dateModified":"2026-02-04T08:28:49+00:00","description":"Descobreix com els vinils decoratius poden ajudar-te a renovar la imatge de la teva empresa i millorar els teus espais.","breadcrumb":{"@id":"https:\/\/artyplan.com\/ca\/blog\/renova-la-imatge-de-la-teva-empresa-amb-vinils-decoratius\/#breadcrumb"},"inLanguage":"ca","potentialAction":[{"@type":"ReadAction","target":["https:\/\/artyplan.com\/ca\/blog\/renova-la-imatge-de-la-teva-empresa-amb-vinils-decoratius\/"]}]},{"@type":"ImageObject","inLanguage":"ca","@id":"https:\/\/artyplan.com\/ca\/blog\/renova-la-imatge-de-la-teva-empresa-amb-vinils-decoratius\/#primaryimage","url":"https:\/\/artyplan.com\/wp-content\/uploads\/2025\/09\/vinilo-decorativo-empresa-1.jpg","contentUrl":"https:\/\/artyplan.com\/wp-content\/uploads\/2025\/09\/vinilo-decorativo-empresa-1.jpg","width":1920,"height":600,"caption":"vinil-decoratiu-empresa||vinilo-decorativo-empresa"},{"@type":"BreadcrumbList","@id":"https:\/\/artyplan.com\/ca\/blog\/renova-la-imatge-de-la-teva-empresa-amb-vinils-decoratius\/#breadcrumb","itemListElement":[{"@type":"ListItem","position":1,"name":"Artyplan","item":"https:\/\/artyplan.com\/ca\/"},{"@type":"ListItem","position":2,"name":"Vinils decoratius: renova la imatge del teu negoci"}]},{"@type":"WebSite","@id":"https:\/\/artyplan.com\/ca\/#website","url":"https:\/\/artyplan.com\/ca\/","name":"Artyplan","description":"","publisher":{"@id":"https:\/\/artyplan.com\/ca\/#organization"},"potentialAction":[{"@type":"SearchAction","target":{"@type":"EntryPoint","urlTemplate":"https:\/\/artyplan.com\/ca\/?s={search_term_string}"},"query-input":{"@type":"PropertyValueSpecification","valueRequired":true,"valueName":"search_term_string"}}],"inLanguage":"ca"},{"@type":"Organization","@id":"https:\/\/artyplan.com\/ca\/#organization","name":"Artyplan","url":"https:\/\/artyplan.com\/ca\/","logo":{"@type":"ImageObject","inLanguage":"ca","@id":"https:\/\/artyplan.com\/ca\/#\/schema\/logo\/image\/","url":"https:\/\/artyplan.com\/wp-content\/uploads\/2025\/12\/Logo-artyplan-690x690-1.png","contentUrl":"https:\/\/artyplan.com\/wp-content\/uploads\/2025\/12\/Logo-artyplan-690x690-1.png","width":690,"height":690,"caption":"Artyplan"},"image":{"@id":"https:\/\/artyplan.com\/ca\/#\/schema\/logo\/image\/"},"sameAs":["https:\/\/www.facebook.com\/artyplan","https:\/\/www.instagram.com\/artyplan\/","https:\/\/www.linkedin.com\/company\/artyplan"],"description":"Artyplan \u00e9s una empresa especialitzada en producci\u00f3 gr\u00e0fica i comunicaci\u00f3 visual amb 60 anys dexperi\u00e8ncia. Oferim solucions integrals d'impressi\u00f3 en gran format, PLV i retail, gesti\u00f3 d'esdeveniments i fires, disseny i fabricaci\u00f3 a mida, log\u00edstica i serveis d'instal\u00b7laci\u00f3 a tot el territori. Treballem per a marques, ag\u00e8ncies, espais comercials i institucions que necessiten un partner fiable per desenvolupar campanyes de m\u00e0rqueting, projectes de retail i accions de branding o m\u00e0rqueting. Combinem tecnologia avan\u00e7ada d\u00b4impressi\u00f3 digital, un equip expert i una gesti\u00f3 completa de projectes per garantir qualitat, agilitat i resultats a mida per a cada client. Disposem de plataformes B2B que faciliten als nostres clients la gesti\u00f3 de les comandes de materials impresos aix\u00ed com la log\u00edstica dels mateixos.","email":"info@artyplan.com","telephone":"+34 93 200 87 99","legalName":"Artyplan S.L.","vatID":"B61963229","numberOfEmployees":{"@type":"QuantitativeValue","minValue":"51","maxValue":"200"}},{"@type":"Person","@id":"https:\/\/artyplan.com\/ca\/#\/schema\/person\/0ef19accced432bc277b8d5248cd2cc0","name":"Sergio Triguero","image":{"@type":"ImageObject","inLanguage":"ca","@id":"https:\/\/artyplan.com\/ca\/#\/schema\/person\/image\/","url":"https:\/\/secure.gravatar.com\/avatar\/c742a95811ffbc635a3d111ab446f278cce576575d14970fd5d56e17580c3f23?s=96&d=mm&r=g","contentUrl":"https:\/\/secure.gravatar.com\/avatar\/c742a95811ffbc635a3d111ab446f278cce576575d14970fd5d56e17580c3f23?s=96&d=mm&r=g","caption":"Sergio Triguero"}}]}},"_links":{"self":[{"href":"https:\/\/artyplan.com\/ca\/wp-json\/wp\/v2\/posts\/5306","targetHints":{"allow":["GET"]}}],"collection":[{"href":"https:\/\/artyplan.com\/ca\/wp-json\/wp\/v2\/posts"}],"about":[{"href":"https:\/\/artyplan.com\/ca\/wp-json\/wp\/v2\/types\/post"}],"author":[{"embeddable":true,"href":"https:\/\/artyplan.com\/ca\/wp-json\/wp\/v2\/users\/3"}],"replies":[{"embeddable":true,"href":"https:\/\/artyplan.com\/ca\/wp-json\/wp\/v2\/comments?post=5306"}],"version-history":[{"count":2,"href":"https:\/\/artyplan.com\/ca\/wp-json\/wp\/v2\/posts\/5306\/revisions"}],"predecessor-version":[{"id":13500,"href":"https:\/\/artyplan.com\/ca\/wp-json\/wp\/v2\/posts\/5306\/revisions\/13500"}],"wp:featuredmedia":[{"embeddable":true,"href":"https:\/\/artyplan.com\/ca\/wp-json\/wp\/v2\/media\/5305"}],"wp:attachment":[{"href":"https:\/\/artyplan.com\/ca\/wp-json\/wp\/v2\/media?parent=5306"}],"wp:term":[{"taxonomy":"category","embeddable":true,"href":"https:\/\/artyplan.com\/ca\/wp-json\/wp\/v2\/categories?post=5306"},{"taxonomy":"post_tag","embeddable":true,"href":"https:\/\/artyplan.com\/ca\/wp-json\/wp\/v2\/tags?post=5306"}],"curies":[{"name":"wp","href":"https:\/\/api.w.org\/{rel}","templated":true}]}}