{"id":5309,"date":"2022-06-17T00:00:00","date_gmt":"2022-06-16T22:00:00","guid":{"rendered":"https:\/\/preweb.artyplan.com\/sin-categorizar\/com-aconseguir-el-mateix-color-rgb-i-cmyk\/"},"modified":"2025-09-07T16:11:02","modified_gmt":"2025-09-07T14:11:02","slug":"com-aconseguir-el-mateix-color-rgb-i-cmyk","status":"publish","type":"post","link":"https:\/\/artyplan.com\/ca\/blog\/com-aconseguir-el-mateix-color-rgb-i-cmyk\/","title":{"rendered":"Com aconseguir el mateix color RGB i CMYK"},"content":{"rendered":"<p>El <strong>color RGB<\/strong> \u00e9s en els arxius digitals com el <strong>color CMYK<\/strong> en els arxius d\u2019impressi\u00f3. Els primers nom\u00e9s es poden veure mitjan\u00e7ant un dispositiu m\u00f2bil: un <em>smartphone<\/em>, una <em>tablet <\/em>o un ordinador. Els segons donen lloc a un disseny impr\u00e8s que, finalment l\u2019usuari podr\u00e0 tenir entre les seves mans.<\/p>\n<h2>Saps com obtenir un CMYK comparable al color RGB d\u2019un arxiu digital?<\/h2>\n<p>El <strong>color RGB<\/strong> s\u2019aconsegueix a partir de <strong>tres colors primaris additius: blau, verd i vermell.<\/strong> Quan totstres es sumen en id\u00e8ntica proporci\u00f3, el resultat \u00e9s la llum blanca.<\/p>\n<p>Per la seva part, el <strong>color CMYK<\/strong> s\u2019obt\u00e9 <strong>de forma sostractiva<\/strong> a partir dels tres colors primaris: el groc, el cian i el magenta, als que es suma tamb\u00e9 el negre. La seva pres\u00e8ncia \u00e9s imprescindible per a poder obtenir i reproduir negres molt purs. Curiosament, la superposici\u00f3 del groc, el cian i el magenta sol oferir un marr\u00f3 fosc, similar a un negre desgastat i molt poc impactant.<\/p>\n<p>Tanmateix, <strong>la gamma crom\u00e0tica del RGB \u00e9s m\u00e9s \u00e0mplia que la del CMYK<\/strong>. Per aix\u00f2, si has de treballar un disseny en ambdues versions \u2014per a un fullet\u00f3 i una web, per exemple\u2014, el nostre consell \u00e9s que primer o facis en CMYK. Aix\u00f2 \u00e9s degut, fonamentalment, a qu\u00e8 la conversi\u00f3 des d\u2019arxius d\u2019impressi\u00f3 a colors llum \u00e9s m\u00e9s precisa que si aquesta es produeix en sentit contrari.<\/p>\n<h2>Com canviar de RGB a CMYK en els programes m\u00e9s habituals de disseny<\/h2>\n<p>A la majoria dels programes, <strong>la refer\u00e8ncia crom\u00e0tica RGB<\/strong> \u00e9s la que s\u2019estableix <strong>per defecte<\/strong>. Per aquesta ra\u00f3, a l\u2019hora de dissenyar arxius d\u2019impressi\u00f3 has de realitzar l\u2019ajustament. La nostra recomanaci\u00f3? Fes-ho quan abans per evitar desajustos al transformar els colors que transmeten falta de professionalitat. Les teves creacions s&#8217;han de veure igual en tots els formats.<\/p>\n<p>A l\u2019<strong>Adobe Photoshop CS6<\/strong>, els passos a seguir s\u00f3n aquests:<\/p>\n<ul>\n<li>Escull l&#8217;opci\u00f3 <em>Objetos <\/em>a la barra del men\u00fa.<\/li>\n<li>Selecciona, a continuaci\u00f3, <em>Imagen<\/em>.<\/li>\n<li>Seguidament, escull la indicaci\u00f3 <em>Modo<\/em>.<\/li>\n<li>Un cop aqu\u00ed, busca la refer\u00e8ncia <em>Color CMYK<\/em> i clica.<\/li>\n<\/ul>\n<p>El procediment a seguir en <strong>Adobe Illustrator CS6<\/strong> \u00e9s molt similar:<\/p>\n<ul>\n<li>Prem a la barra de men\u00fa i selecciona <em>Objetos<\/em>.<\/li>\n<li>Despr\u00e9s, escull l\u2019alternativa <em>Editar<\/em>.<\/li>\n<li>Localitza la refer\u00e8ncia <em>Editar colors<\/em> i clica-la.<\/li>\n<li>Per acabar, prem llegenda <em>Convertir a CMYK<\/em>.<\/li>\n<\/ul>\n<p>Quant a <strong>Adobe InDesign<\/strong>, els passos s\u00f3n tamb\u00e9 molt semblants:<\/p>\n<ul>\n<li>Accedeix al men\u00fa <em>Archivo<\/em>.<\/li>\n<li>Entra en el submen\u00fa <em>Modo de color<\/em>.<\/li>\n<li>Escull l&#8217;opci\u00f3 <em>Color CMYK<\/em>.<\/li>\n<\/ul>\n<p>Per \u00faltim, a <strong>Corel Draw<\/strong> la guia a seguir \u00e9s aquesta:<\/p>\n<ul>\n<li>Localitza la <em>Herramienta de llenado<\/em>.<\/li>\n<li>Accedeix al quadre de di\u00e0leg <em>Rellenar el color<\/em>.<\/li>\n<li>Escull l&#8217;opci\u00f3 <em>CMYK <\/em>(les altres alternatives s\u00f3n escala de grises, RGB y HLS).<\/li>\n<li>Confirma els canvis clicant a <em>OK<\/em>.<\/li>\n<\/ul>\n<p>En tots aquests casos, la conversi\u00f3 crom\u00e0tica es realitza de manera autom\u00e0tica. Has de recordar, no obstant aix\u00f2, que no sempre aquestes conversions s\u00f3n similars: <strong>alguns colors llum no acaben d\u2019aconseguir-se amb mode massa<\/strong>.<\/p>\n<p>Per aix\u00f2, conv\u00e9 que tinguis una <strong>carta de conversi\u00f3 crom\u00e0tica<\/strong> a m\u00e0. En ella figuren les equival\u00e8ncies CMYK i RGB, de manera que pots personalitzar aquests ajustaments. Si et fa falta, aplica un pas final als processos anteriors: incloent els percentatges de cian, magenta, negre i blau que m\u00e9s t\u2019hagin conven\u00e7ut de la carta crom\u00e0tica per obtenir el color desitjat.<\/p>\n<h2>T\u2019ajudem a aconseguir-ho<\/h2>\n<p>A <strong>Artyplan <\/strong>atenem a cada client de manera personalitzada i comptem amb professionals especialitzats que t\u2019ajudaran a adaptar les conversions de color RGB a CMYK dels teus projectes. Contacta amb nosaltres i deixa\u2019t orienta pels millors professionals durant el <a href=\"http:\/\/artyplan.com\/ca\/serveis\/creativitat-disseny-grafic-i-continguts\/\">proc\u00e9s de disseny gr\u00e0fic dels teus arxius d\u2019impressi\u00f3.<\/a> El resultat ser\u00e0 superior al que t\u2019imaginaves.<\/p>\n","protected":false},"excerpt":{"rendered":"<p>El color RGB \u00e9s en els arxius digitals com el color CMYK en els arxius d\u2019impressi\u00f3. Els primers nom\u00e9s es poden veure mitjan\u00e7ant un dispositiu m\u00f2bil: un smartphone, una tablet o un ordinador. Els segons donen lloc a un disseny impr\u00e8s que, finalment l\u2019usuari podr\u00e0 tenir entre les seves mans. Saps com obtenir un CMYK [&hellip;]<\/p>\n","protected":false},"author":3,"featured_media":5308,"comment_status":"closed","ping_status":"closed","sticky":false,"template":"","format":"standard","meta":{"footnotes":""},"categories":[1],"tags":[],"class_list":["post-5309","post","type-post","status-publish","format-standard","has-post-thumbnail","hentry","category-sense-categoritzar"],"yoast_head":"<!-- This site is optimized with the Yoast SEO Premium plugin v26.5 (Yoast SEO v26.5) - https:\/\/yoast.com\/wordpress\/plugins\/seo\/ -->\n<title>Com aconseguir el mateix color RGB i CMYK | Artyplan<\/title>\n<meta name=\"description\" content=\"El color RGB no serveix pels arxius d&#039;impressi\u00f3, ja que s&#039;han de presentar en CMYK. Saps convertir-los? T&#039;ho expliquem.\" \/>\n<meta name=\"robots\" content=\"index, follow, max-snippet:-1, max-image-preview:large, max-video-preview:-1\" \/>\n<link rel=\"canonical\" href=\"https:\/\/artyplan.com\/ca\/blog\/com-aconseguir-el-mateix-color-rgb-i-cmyk\/\" \/>\n<meta property=\"og:locale\" content=\"ca_ES\" \/>\n<meta property=\"og:type\" content=\"article\" \/>\n<meta property=\"og:title\" content=\"Com aconseguir el mateix color RGB i CMYK\" \/>\n<meta property=\"og:description\" content=\"El color RGB no serveix pels arxius d&#039;impressi\u00f3, ja que s&#039;han de presentar en CMYK. Saps convertir-los? T&#039;ho expliquem.\" \/>\n<meta property=\"og:url\" content=\"https:\/\/artyplan.com\/ca\/blog\/com-aconseguir-el-mateix-color-rgb-i-cmyk\/\" \/>\n<meta property=\"og:site_name\" content=\"Artyplan\" \/>\n<meta property=\"article:publisher\" content=\"https:\/\/www.facebook.com\/artyplan\" \/>\n<meta property=\"article:published_time\" content=\"2022-06-16T22:00:00+00:00\" \/>\n<meta property=\"article:modified_time\" content=\"2025-09-07T14:11:02+00:00\" \/>\n<meta property=\"og:image\" content=\"https:\/\/artyplan.com\/wp-content\/uploads\/2025\/09\/conseguir-mismo-color-RGB-CMYK.jpg\" \/>\n\t<meta property=\"og:image:width\" content=\"1920\" \/>\n\t<meta property=\"og:image:height\" content=\"600\" \/>\n\t<meta property=\"og:image:type\" content=\"image\/jpeg\" \/>\n<meta name=\"author\" content=\"Sergio Triguero\" \/>\n<meta name=\"twitter:card\" content=\"summary_large_image\" \/>\n<meta name=\"twitter:label1\" content=\"Escrit per\" \/>\n\t<meta name=\"twitter:data1\" content=\"Sergio Triguero\" \/>\n\t<meta name=\"twitter:label2\" content=\"Temps estimat de lectura\" \/>\n\t<meta name=\"twitter:data2\" content=\"3 minuts\" \/>\n<script type=\"application\/ld+json\" class=\"yoast-schema-graph\">{\"@context\":\"https:\/\/schema.org\",\"@graph\":[{\"@type\":\"Article\",\"@id\":\"https:\/\/artyplan.com\/ca\/blog\/com-aconseguir-el-mateix-color-rgb-i-cmyk\/#article\",\"isPartOf\":{\"@id\":\"https:\/\/artyplan.com\/ca\/blog\/com-aconseguir-el-mateix-color-rgb-i-cmyk\/\"},\"author\":{\"name\":\"Sergio Triguero\",\"@id\":\"https:\/\/artyplan.com\/ca\/#\/schema\/person\/0ef19accced432bc277b8d5248cd2cc0\"},\"headline\":\"Com aconseguir el mateix color RGB i CMYK\",\"datePublished\":\"2022-06-16T22:00:00+00:00\",\"dateModified\":\"2025-09-07T14:11:02+00:00\",\"mainEntityOfPage\":{\"@id\":\"https:\/\/artyplan.com\/ca\/blog\/com-aconseguir-el-mateix-color-rgb-i-cmyk\/\"},\"wordCount\":652,\"publisher\":{\"@id\":\"https:\/\/artyplan.com\/ca\/#organization\"},\"image\":{\"@id\":\"https:\/\/artyplan.com\/ca\/blog\/com-aconseguir-el-mateix-color-rgb-i-cmyk\/#primaryimage\"},\"thumbnailUrl\":\"https:\/\/artyplan.com\/wp-content\/uploads\/2025\/09\/conseguir-mismo-color-RGB-CMYK.jpg\",\"articleSection\":[\"Sense-categoritzar\"],\"inLanguage\":\"ca\"},{\"@type\":\"WebPage\",\"@id\":\"https:\/\/artyplan.com\/ca\/blog\/com-aconseguir-el-mateix-color-rgb-i-cmyk\/\",\"url\":\"https:\/\/artyplan.com\/ca\/blog\/com-aconseguir-el-mateix-color-rgb-i-cmyk\/\",\"name\":\"Com aconseguir el mateix color RGB i CMYK | Artyplan\",\"isPartOf\":{\"@id\":\"https:\/\/artyplan.com\/ca\/#website\"},\"primaryImageOfPage\":{\"@id\":\"https:\/\/artyplan.com\/ca\/blog\/com-aconseguir-el-mateix-color-rgb-i-cmyk\/#primaryimage\"},\"image\":{\"@id\":\"https:\/\/artyplan.com\/ca\/blog\/com-aconseguir-el-mateix-color-rgb-i-cmyk\/#primaryimage\"},\"thumbnailUrl\":\"https:\/\/artyplan.com\/wp-content\/uploads\/2025\/09\/conseguir-mismo-color-RGB-CMYK.jpg\",\"datePublished\":\"2022-06-16T22:00:00+00:00\",\"dateModified\":\"2025-09-07T14:11:02+00:00\",\"description\":\"El color RGB no serveix pels arxius d'impressi\u00f3, ja que s'han de presentar en CMYK. Saps convertir-los? T'ho expliquem.\",\"breadcrumb\":{\"@id\":\"https:\/\/artyplan.com\/ca\/blog\/com-aconseguir-el-mateix-color-rgb-i-cmyk\/#breadcrumb\"},\"inLanguage\":\"ca\",\"potentialAction\":[{\"@type\":\"ReadAction\",\"target\":[\"https:\/\/artyplan.com\/ca\/blog\/com-aconseguir-el-mateix-color-rgb-i-cmyk\/\"]}]},{\"@type\":\"ImageObject\",\"inLanguage\":\"ca\",\"@id\":\"https:\/\/artyplan.com\/ca\/blog\/com-aconseguir-el-mateix-color-rgb-i-cmyk\/#primaryimage\",\"url\":\"https:\/\/artyplan.com\/wp-content\/uploads\/2025\/09\/conseguir-mismo-color-RGB-CMYK.jpg\",\"contentUrl\":\"https:\/\/artyplan.com\/wp-content\/uploads\/2025\/09\/conseguir-mismo-color-RGB-CMYK.jpg\",\"width\":1920,\"height\":600},{\"@type\":\"BreadcrumbList\",\"@id\":\"https:\/\/artyplan.com\/ca\/blog\/com-aconseguir-el-mateix-color-rgb-i-cmyk\/#breadcrumb\",\"itemListElement\":[{\"@type\":\"ListItem\",\"position\":1,\"name\":\"Artyplan\",\"item\":\"https:\/\/artyplan.com\/ca\/\"},{\"@type\":\"ListItem\",\"position\":2,\"name\":\"Com aconseguir el mateix color RGB i CMYK\"}]},{\"@type\":\"WebSite\",\"@id\":\"https:\/\/artyplan.com\/ca\/#website\",\"url\":\"https:\/\/artyplan.com\/ca\/\",\"name\":\"Artyplan\",\"description\":\"\",\"publisher\":{\"@id\":\"https:\/\/artyplan.com\/ca\/#organization\"},\"potentialAction\":[{\"@type\":\"SearchAction\",\"target\":{\"@type\":\"EntryPoint\",\"urlTemplate\":\"https:\/\/artyplan.com\/ca\/?s={search_term_string}\"},\"query-input\":{\"@type\":\"PropertyValueSpecification\",\"valueRequired\":true,\"valueName\":\"search_term_string\"}}],\"inLanguage\":\"ca\"},{\"@type\":\"Organization\",\"@id\":\"https:\/\/artyplan.com\/ca\/#organization\",\"name\":\"Artyplan\",\"url\":\"https:\/\/artyplan.com\/ca\/\",\"logo\":{\"@type\":\"ImageObject\",\"inLanguage\":\"ca\",\"@id\":\"https:\/\/artyplan.com\/ca\/#\/schema\/logo\/image\/\",\"url\":\"https:\/\/artyplan.com\/wp-content\/uploads\/2025\/12\/Logo-artyplan-690x690-1.png\",\"contentUrl\":\"https:\/\/artyplan.com\/wp-content\/uploads\/2025\/12\/Logo-artyplan-690x690-1.png\",\"width\":690,\"height\":690,\"caption\":\"Artyplan\"},\"image\":{\"@id\":\"https:\/\/artyplan.com\/ca\/#\/schema\/logo\/image\/\"},\"sameAs\":[\"https:\/\/www.facebook.com\/artyplan\",\"https:\/\/www.instagram.com\/artyplan\/\",\"https:\/\/www.linkedin.com\/company\/artyplan\"],\"description\":\"Artyplan \u00e9s una empresa especialitzada en producci\u00f3 gr\u00e0fica i comunicaci\u00f3 visual amb 60 anys dexperi\u00e8ncia. Oferim solucions integrals d'impressi\u00f3 en gran format, PLV i retail, gesti\u00f3 d'esdeveniments i fires, disseny i fabricaci\u00f3 a mida, log\u00edstica i serveis d'instal\u00b7laci\u00f3 a tot el territori. Treballem per a marques, ag\u00e8ncies, espais comercials i institucions que necessiten un partner fiable per desenvolupar campanyes de m\u00e0rqueting, projectes de retail i accions de branding o m\u00e0rqueting. Combinem tecnologia avan\u00e7ada d\u00b4impressi\u00f3 digital, un equip expert i una gesti\u00f3 completa de projectes per garantir qualitat, agilitat i resultats a mida per a cada client. Disposem de plataformes B2B que faciliten als nostres clients la gesti\u00f3 de les comandes de materials impresos aix\u00ed com la log\u00edstica dels mateixos.\",\"email\":\"info@artyplan.com\",\"telephone\":\"+34 93 200 87 99\",\"legalName\":\"Artyplan S.L.\",\"vatID\":\"B61963229\",\"numberOfEmployees\":{\"@type\":\"QuantitativeValue\",\"minValue\":\"51\",\"maxValue\":\"200\"}},{\"@type\":\"Person\",\"@id\":\"https:\/\/artyplan.com\/ca\/#\/schema\/person\/0ef19accced432bc277b8d5248cd2cc0\",\"name\":\"Sergio Triguero\",\"image\":{\"@type\":\"ImageObject\",\"inLanguage\":\"ca\",\"@id\":\"https:\/\/artyplan.com\/ca\/#\/schema\/person\/image\/\",\"url\":\"https:\/\/secure.gravatar.com\/avatar\/c742a95811ffbc635a3d111ab446f278cce576575d14970fd5d56e17580c3f23?s=96&d=mm&r=g\",\"contentUrl\":\"https:\/\/secure.gravatar.com\/avatar\/c742a95811ffbc635a3d111ab446f278cce576575d14970fd5d56e17580c3f23?s=96&d=mm&r=g\",\"caption\":\"Sergio Triguero\"}}]}<\/script>\n<!-- \/ Yoast SEO Premium plugin. -->","yoast_head_json":{"title":"Com aconseguir el mateix color RGB i CMYK | Artyplan","description":"El color RGB no serveix pels arxius d'impressi\u00f3, ja que s'han de presentar en CMYK. Saps convertir-los? T'ho expliquem.","robots":{"index":"index","follow":"follow","max-snippet":"max-snippet:-1","max-image-preview":"max-image-preview:large","max-video-preview":"max-video-preview:-1"},"canonical":"https:\/\/artyplan.com\/ca\/blog\/com-aconseguir-el-mateix-color-rgb-i-cmyk\/","og_locale":"ca_ES","og_type":"article","og_title":"Com aconseguir el mateix color RGB i CMYK","og_description":"El color RGB no serveix pels arxius d'impressi\u00f3, ja que s'han de presentar en CMYK. Saps convertir-los? T'ho expliquem.","og_url":"https:\/\/artyplan.com\/ca\/blog\/com-aconseguir-el-mateix-color-rgb-i-cmyk\/","og_site_name":"Artyplan","article_publisher":"https:\/\/www.facebook.com\/artyplan","article_published_time":"2022-06-16T22:00:00+00:00","article_modified_time":"2025-09-07T14:11:02+00:00","og_image":[{"width":1920,"height":600,"url":"https:\/\/artyplan.com\/wp-content\/uploads\/2025\/09\/conseguir-mismo-color-RGB-CMYK.jpg","type":"image\/jpeg"}],"author":"Sergio Triguero","twitter_card":"summary_large_image","twitter_misc":{"Escrit per":"Sergio Triguero","Temps estimat de lectura":"3 minuts"},"schema":{"@context":"https:\/\/schema.org","@graph":[{"@type":"Article","@id":"https:\/\/artyplan.com\/ca\/blog\/com-aconseguir-el-mateix-color-rgb-i-cmyk\/#article","isPartOf":{"@id":"https:\/\/artyplan.com\/ca\/blog\/com-aconseguir-el-mateix-color-rgb-i-cmyk\/"},"author":{"name":"Sergio Triguero","@id":"https:\/\/artyplan.com\/ca\/#\/schema\/person\/0ef19accced432bc277b8d5248cd2cc0"},"headline":"Com aconseguir el mateix color RGB i CMYK","datePublished":"2022-06-16T22:00:00+00:00","dateModified":"2025-09-07T14:11:02+00:00","mainEntityOfPage":{"@id":"https:\/\/artyplan.com\/ca\/blog\/com-aconseguir-el-mateix-color-rgb-i-cmyk\/"},"wordCount":652,"publisher":{"@id":"https:\/\/artyplan.com\/ca\/#organization"},"image":{"@id":"https:\/\/artyplan.com\/ca\/blog\/com-aconseguir-el-mateix-color-rgb-i-cmyk\/#primaryimage"},"thumbnailUrl":"https:\/\/artyplan.com\/wp-content\/uploads\/2025\/09\/conseguir-mismo-color-RGB-CMYK.jpg","articleSection":["Sense-categoritzar"],"inLanguage":"ca"},{"@type":"WebPage","@id":"https:\/\/artyplan.com\/ca\/blog\/com-aconseguir-el-mateix-color-rgb-i-cmyk\/","url":"https:\/\/artyplan.com\/ca\/blog\/com-aconseguir-el-mateix-color-rgb-i-cmyk\/","name":"Com aconseguir el mateix color RGB i CMYK | Artyplan","isPartOf":{"@id":"https:\/\/artyplan.com\/ca\/#website"},"primaryImageOfPage":{"@id":"https:\/\/artyplan.com\/ca\/blog\/com-aconseguir-el-mateix-color-rgb-i-cmyk\/#primaryimage"},"image":{"@id":"https:\/\/artyplan.com\/ca\/blog\/com-aconseguir-el-mateix-color-rgb-i-cmyk\/#primaryimage"},"thumbnailUrl":"https:\/\/artyplan.com\/wp-content\/uploads\/2025\/09\/conseguir-mismo-color-RGB-CMYK.jpg","datePublished":"2022-06-16T22:00:00+00:00","dateModified":"2025-09-07T14:11:02+00:00","description":"El color RGB no serveix pels arxius d'impressi\u00f3, ja que s'han de presentar en CMYK. Saps convertir-los? T'ho expliquem.","breadcrumb":{"@id":"https:\/\/artyplan.com\/ca\/blog\/com-aconseguir-el-mateix-color-rgb-i-cmyk\/#breadcrumb"},"inLanguage":"ca","potentialAction":[{"@type":"ReadAction","target":["https:\/\/artyplan.com\/ca\/blog\/com-aconseguir-el-mateix-color-rgb-i-cmyk\/"]}]},{"@type":"ImageObject","inLanguage":"ca","@id":"https:\/\/artyplan.com\/ca\/blog\/com-aconseguir-el-mateix-color-rgb-i-cmyk\/#primaryimage","url":"https:\/\/artyplan.com\/wp-content\/uploads\/2025\/09\/conseguir-mismo-color-RGB-CMYK.jpg","contentUrl":"https:\/\/artyplan.com\/wp-content\/uploads\/2025\/09\/conseguir-mismo-color-RGB-CMYK.jpg","width":1920,"height":600},{"@type":"BreadcrumbList","@id":"https:\/\/artyplan.com\/ca\/blog\/com-aconseguir-el-mateix-color-rgb-i-cmyk\/#breadcrumb","itemListElement":[{"@type":"ListItem","position":1,"name":"Artyplan","item":"https:\/\/artyplan.com\/ca\/"},{"@type":"ListItem","position":2,"name":"Com aconseguir el mateix color RGB i CMYK"}]},{"@type":"WebSite","@id":"https:\/\/artyplan.com\/ca\/#website","url":"https:\/\/artyplan.com\/ca\/","name":"Artyplan","description":"","publisher":{"@id":"https:\/\/artyplan.com\/ca\/#organization"},"potentialAction":[{"@type":"SearchAction","target":{"@type":"EntryPoint","urlTemplate":"https:\/\/artyplan.com\/ca\/?s={search_term_string}"},"query-input":{"@type":"PropertyValueSpecification","valueRequired":true,"valueName":"search_term_string"}}],"inLanguage":"ca"},{"@type":"Organization","@id":"https:\/\/artyplan.com\/ca\/#organization","name":"Artyplan","url":"https:\/\/artyplan.com\/ca\/","logo":{"@type":"ImageObject","inLanguage":"ca","@id":"https:\/\/artyplan.com\/ca\/#\/schema\/logo\/image\/","url":"https:\/\/artyplan.com\/wp-content\/uploads\/2025\/12\/Logo-artyplan-690x690-1.png","contentUrl":"https:\/\/artyplan.com\/wp-content\/uploads\/2025\/12\/Logo-artyplan-690x690-1.png","width":690,"height":690,"caption":"Artyplan"},"image":{"@id":"https:\/\/artyplan.com\/ca\/#\/schema\/logo\/image\/"},"sameAs":["https:\/\/www.facebook.com\/artyplan","https:\/\/www.instagram.com\/artyplan\/","https:\/\/www.linkedin.com\/company\/artyplan"],"description":"Artyplan \u00e9s una empresa especialitzada en producci\u00f3 gr\u00e0fica i comunicaci\u00f3 visual amb 60 anys dexperi\u00e8ncia. Oferim solucions integrals d'impressi\u00f3 en gran format, PLV i retail, gesti\u00f3 d'esdeveniments i fires, disseny i fabricaci\u00f3 a mida, log\u00edstica i serveis d'instal\u00b7laci\u00f3 a tot el territori. Treballem per a marques, ag\u00e8ncies, espais comercials i institucions que necessiten un partner fiable per desenvolupar campanyes de m\u00e0rqueting, projectes de retail i accions de branding o m\u00e0rqueting. Combinem tecnologia avan\u00e7ada d\u00b4impressi\u00f3 digital, un equip expert i una gesti\u00f3 completa de projectes per garantir qualitat, agilitat i resultats a mida per a cada client. Disposem de plataformes B2B que faciliten als nostres clients la gesti\u00f3 de les comandes de materials impresos aix\u00ed com la log\u00edstica dels mateixos.","email":"info@artyplan.com","telephone":"+34 93 200 87 99","legalName":"Artyplan S.L.","vatID":"B61963229","numberOfEmployees":{"@type":"QuantitativeValue","minValue":"51","maxValue":"200"}},{"@type":"Person","@id":"https:\/\/artyplan.com\/ca\/#\/schema\/person\/0ef19accced432bc277b8d5248cd2cc0","name":"Sergio Triguero","image":{"@type":"ImageObject","inLanguage":"ca","@id":"https:\/\/artyplan.com\/ca\/#\/schema\/person\/image\/","url":"https:\/\/secure.gravatar.com\/avatar\/c742a95811ffbc635a3d111ab446f278cce576575d14970fd5d56e17580c3f23?s=96&d=mm&r=g","contentUrl":"https:\/\/secure.gravatar.com\/avatar\/c742a95811ffbc635a3d111ab446f278cce576575d14970fd5d56e17580c3f23?s=96&d=mm&r=g","caption":"Sergio Triguero"}}]}},"_links":{"self":[{"href":"https:\/\/artyplan.com\/ca\/wp-json\/wp\/v2\/posts\/5309","targetHints":{"allow":["GET"]}}],"collection":[{"href":"https:\/\/artyplan.com\/ca\/wp-json\/wp\/v2\/posts"}],"about":[{"href":"https:\/\/artyplan.com\/ca\/wp-json\/wp\/v2\/types\/post"}],"author":[{"embeddable":true,"href":"https:\/\/artyplan.com\/ca\/wp-json\/wp\/v2\/users\/3"}],"replies":[{"embeddable":true,"href":"https:\/\/artyplan.com\/ca\/wp-json\/wp\/v2\/comments?post=5309"}],"version-history":[{"count":1,"href":"https:\/\/artyplan.com\/ca\/wp-json\/wp\/v2\/posts\/5309\/revisions"}],"predecessor-version":[{"id":6392,"href":"https:\/\/artyplan.com\/ca\/wp-json\/wp\/v2\/posts\/5309\/revisions\/6392"}],"wp:featuredmedia":[{"embeddable":true,"href":"https:\/\/artyplan.com\/ca\/wp-json\/wp\/v2\/media\/5308"}],"wp:attachment":[{"href":"https:\/\/artyplan.com\/ca\/wp-json\/wp\/v2\/media?parent=5309"}],"wp:term":[{"taxonomy":"category","embeddable":true,"href":"https:\/\/artyplan.com\/ca\/wp-json\/wp\/v2\/categories?post=5309"},{"taxonomy":"post_tag","embeddable":true,"href":"https:\/\/artyplan.com\/ca\/wp-json\/wp\/v2\/tags?post=5309"}],"curies":[{"name":"wp","href":"https:\/\/api.w.org\/{rel}","templated":true}]}}