{"id":5312,"date":"2022-06-28T00:00:00","date_gmt":"2022-06-27T22:00:00","guid":{"rendered":"https:\/\/preweb.artyplan.com\/sin-categorizar\/digitalitzar-arxius-fotografics\/"},"modified":"2025-09-07T16:11:03","modified_gmt":"2025-09-07T14:11:03","slug":"digitalitzar-arxius-fotografics","status":"publish","type":"post","link":"https:\/\/artyplan.com\/ca\/blog\/digitalitzar-arxius-fotografics\/","title":{"rendered":"Digitalitzar arxius fotogr\u00e0fics"},"content":{"rendered":"<p>Les tasques que comporta un proc\u00e9s de digitalitzar arxius fotogr\u00e0fics s\u00f3n complexes i abasten diferents camps d\u2019actuaci\u00f3. La divisi\u00f3 de digitalitzaci\u00f3, gesti\u00f3 documental i preservaci\u00f3 digital d&#8217;Artyplan, <a href=\"http:\/\/artyplan.com\/ca\/serveis\/digitalitzacio-i-gestio-documental\/\" target=\"_blank\" rel=\"noopener\">Artyplan Document<\/a>, ha evolucionat gr\u00e0cies a la seva f\u00e0cil adaptaci\u00f3 als canvis que han anat sorgint.<\/p>\n<p>Des dels seus inicis, aquesta divisi\u00f3 va dissenyar un protocol per establir i unificar unes pautes i acordar uns criteris d\u2019actuaci\u00f3, aix\u00ed com crear una pol\u00edtica de qualitat revisada anualment on es garanteix la professionalitat del servei.<\/p>\n<h2>Procediment de digitalitzaci\u00f3 de fotografies<\/h2>\n<p>\u00c9s molt important la identificaci\u00f3 correcta del procediment a realitzar, a l&#8217;hora de digitalitzar les fotografies, perqu\u00e8 els arxius fotogr\u00e0fics originals poden ser molt sensibles a la llum, a la calor o a l\u2019erosi\u00f3 a causa d&#8217;una incorrecta manipulaci\u00f3.<\/p>\n<p>Tot i treballar amb esc\u00e0ners espec\u00edfics de fotografia, hi ha arxius fotogr\u00e0fics que s&#8217;alteren amb un focus de llum intens com el de l\u2019esc\u00e0ner o d\u2019altres que ja han iniciat un proc\u00e9s d\u2019alteraci\u00f3 i qualsevol alteraci\u00f3 de calor pot accelerar-ne la degradaci\u00f3.<\/p>\n<p>La identificaci\u00f3 del procediment a dur a terme \u00e9s un aspecte clau en la definici\u00f3 del sistema de digitalitzaci\u00f3. Aquest, sovint, pot estar condicionat per l\u2019estat de conservaci\u00f3 de l&#8217;arxiu original.<\/p>\n<h3>Passos a seguir per digitalitzar d&#8217;arxius fotogr\u00e0fics<\/h3>\n<p>El procediment de treball a seguir pel personal d\u2019Artyplan Document en el proc\u00e9s de digitalitzaci\u00f3 de fotografies pot comptar en diferents accions, com:<\/p>\n<ul>\n<li>Ajustar la posici\u00f3 de l\u2019original sobre la taula i l\u2019al\u00e7ada de la c\u00e0mera.<\/li>\n<li>Adaptarl\u2019enfocament de l\u2019objectiu.<\/li>\n<li>Realitzar un test d\u2019exposici\u00f3 i ajustar-la amb mesura d\u2019altes llums (blanc per sota de 255).<\/li>\n<li>Comprovar que l\u2019exposici\u00f3 dels originals es mant\u00e9 correcta al llarg de la sessi\u00f3.<\/li>\n<li>Revisar i ajustar peri\u00f2dicament el calibratge de color del monitor.<\/li>\n<\/ul>\n<h2>Unitat m\u00f2bil per a digitalitzar fotografies d&#8217;Artyplan Document<\/h2>\n<p>Si les fotografies no poden sortir de l\u2019arxiu per motius de conservaci\u00f3 (mantenir-se a certa temperatura), l\u2019equip de la divisi\u00f3 d\u2019Artyplan Document es trasllada f\u00edsicament cap al centre on es troben els originals. Aix\u00f2, permet per un costat, conservar l\u2019estat dels originals i per altre costat, una supervisi\u00f3 directa si s\u2019escau del t\u00e8cnic de l\u2019empresa o instituci\u00f3.<\/p>\n<h2>Artyplan Document el teu equip de confian\u00e7a per digitalitzar originals fotogr\u00e0fics hist\u00f2rics<\/h2>\n<p>Segons hem explicat abans d\u2019iniciar un proc\u00e9s de digitalitzaci\u00f3 \u00e9s important analitzar b\u00e9 les necessitats de cada cas i preveure el sistema de digitalitzaci\u00f3 que s\u2019haur\u00e0 d\u2019aplicar. El sistema implica establir el recorregut i el flux de treball que ha de realitzar l\u2019equip de digitalitzaci\u00f3.<\/p>\n<p>\u00c9s per aix\u00f2, que la divisi\u00f3 d\u2019Artyplan Document compta amb professionals que coneixen a la perfecci\u00f3 les pautes a seguir en tot el procediment per tal de gestionar adequadament la conservaci\u00f3 d\u2019un fons fotogr\u00e0fic atenent les necessitats de preservaci\u00f3 i conservaci\u00f3.<\/p>\n","protected":false},"excerpt":{"rendered":"<p>Les tasques que comporta un proc\u00e9s de digitalitzar arxius fotogr\u00e0fics s\u00f3n complexes i abasten diferents camps d\u2019actuaci\u00f3. La divisi\u00f3 de digitalitzaci\u00f3, gesti\u00f3 documental i preservaci\u00f3 digital d&#8217;Artyplan, Artyplan Document, ha evolucionat gr\u00e0cies a la seva f\u00e0cil adaptaci\u00f3 als canvis que han anat sorgint. Des dels seus inicis, aquesta divisi\u00f3 va dissenyar un protocol per establir [&hellip;]<\/p>\n","protected":false},"author":3,"featured_media":5311,"comment_status":"closed","ping_status":"closed","sticky":false,"template":"","format":"standard","meta":{"footnotes":""},"categories":[1],"tags":[],"class_list":["post-5312","post","type-post","status-publish","format-standard","has-post-thumbnail","hentry","category-sense-categoritzar"],"yoast_head":"<!-- This site is optimized with the Yoast SEO Premium plugin v26.5 (Yoast SEO v26.5) - https:\/\/yoast.com\/wordpress\/plugins\/seo\/ -->\n<title>Digitalitzar arxius fotogr\u00e0fics | Artyplan<\/title>\n<meta name=\"description\" content=\"A Artyplan Document digitalitzem fotografies. Vols digitalitzar arxius fotogr\u00e0fics? Demana&#039;ns informaci\u00f3 i t&#039;ho expliquem.\" \/>\n<meta name=\"robots\" content=\"index, follow, max-snippet:-1, max-image-preview:large, max-video-preview:-1\" \/>\n<link rel=\"canonical\" href=\"https:\/\/artyplan.com\/ca\/blog\/digitalitzar-arxius-fotografics\/\" \/>\n<meta property=\"og:locale\" content=\"ca_ES\" \/>\n<meta property=\"og:type\" content=\"article\" \/>\n<meta property=\"og:title\" content=\"Digitalitzar arxius fotogr\u00e0fics\" \/>\n<meta property=\"og:description\" content=\"A Artyplan Document digitalitzem fotografies. Vols digitalitzar arxius fotogr\u00e0fics? Demana&#039;ns informaci\u00f3 i t&#039;ho expliquem.\" \/>\n<meta property=\"og:url\" content=\"https:\/\/artyplan.com\/ca\/blog\/digitalitzar-arxius-fotografics\/\" \/>\n<meta property=\"og:site_name\" content=\"Artyplan\" \/>\n<meta property=\"article:publisher\" content=\"https:\/\/www.facebook.com\/artyplan\" \/>\n<meta property=\"article:published_time\" content=\"2022-06-27T22:00:00+00:00\" \/>\n<meta property=\"article:modified_time\" content=\"2025-09-07T14:11:03+00:00\" \/>\n<meta property=\"og:image\" content=\"https:\/\/artyplan.com\/wp-content\/uploads\/2025\/09\/digitalizar-archivos-fotograficos.jpg\" \/>\n\t<meta property=\"og:image:width\" content=\"1920\" \/>\n\t<meta property=\"og:image:height\" content=\"600\" \/>\n\t<meta property=\"og:image:type\" content=\"image\/jpeg\" \/>\n<meta name=\"author\" content=\"Sergio Triguero\" \/>\n<meta name=\"twitter:card\" content=\"summary_large_image\" \/>\n<meta name=\"twitter:label1\" content=\"Escrit per\" \/>\n\t<meta name=\"twitter:data1\" content=\"Sergio Triguero\" \/>\n\t<meta name=\"twitter:label2\" content=\"Temps estimat de lectura\" \/>\n\t<meta name=\"twitter:data2\" content=\"2 minuts\" \/>\n<script type=\"application\/ld+json\" class=\"yoast-schema-graph\">{\"@context\":\"https:\/\/schema.org\",\"@graph\":[{\"@type\":\"Article\",\"@id\":\"https:\/\/artyplan.com\/ca\/blog\/digitalitzar-arxius-fotografics\/#article\",\"isPartOf\":{\"@id\":\"https:\/\/artyplan.com\/ca\/blog\/digitalitzar-arxius-fotografics\/\"},\"author\":{\"name\":\"Sergio Triguero\",\"@id\":\"https:\/\/artyplan.com\/ca\/#\/schema\/person\/0ef19accced432bc277b8d5248cd2cc0\"},\"headline\":\"Digitalitzar arxius fotogr\u00e0fics\",\"datePublished\":\"2022-06-27T22:00:00+00:00\",\"dateModified\":\"2025-09-07T14:11:03+00:00\",\"mainEntityOfPage\":{\"@id\":\"https:\/\/artyplan.com\/ca\/blog\/digitalitzar-arxius-fotografics\/\"},\"wordCount\":506,\"publisher\":{\"@id\":\"https:\/\/artyplan.com\/ca\/#organization\"},\"image\":{\"@id\":\"https:\/\/artyplan.com\/ca\/blog\/digitalitzar-arxius-fotografics\/#primaryimage\"},\"thumbnailUrl\":\"https:\/\/artyplan.com\/wp-content\/uploads\/2025\/09\/digitalizar-archivos-fotograficos.jpg\",\"articleSection\":[\"Sense-categoritzar\"],\"inLanguage\":\"ca\"},{\"@type\":\"WebPage\",\"@id\":\"https:\/\/artyplan.com\/ca\/blog\/digitalitzar-arxius-fotografics\/\",\"url\":\"https:\/\/artyplan.com\/ca\/blog\/digitalitzar-arxius-fotografics\/\",\"name\":\"Digitalitzar arxius fotogr\u00e0fics | Artyplan\",\"isPartOf\":{\"@id\":\"https:\/\/artyplan.com\/ca\/#website\"},\"primaryImageOfPage\":{\"@id\":\"https:\/\/artyplan.com\/ca\/blog\/digitalitzar-arxius-fotografics\/#primaryimage\"},\"image\":{\"@id\":\"https:\/\/artyplan.com\/ca\/blog\/digitalitzar-arxius-fotografics\/#primaryimage\"},\"thumbnailUrl\":\"https:\/\/artyplan.com\/wp-content\/uploads\/2025\/09\/digitalizar-archivos-fotograficos.jpg\",\"datePublished\":\"2022-06-27T22:00:00+00:00\",\"dateModified\":\"2025-09-07T14:11:03+00:00\",\"description\":\"A Artyplan Document digitalitzem fotografies. Vols digitalitzar arxius fotogr\u00e0fics? Demana'ns informaci\u00f3 i t'ho expliquem.\",\"breadcrumb\":{\"@id\":\"https:\/\/artyplan.com\/ca\/blog\/digitalitzar-arxius-fotografics\/#breadcrumb\"},\"inLanguage\":\"ca\",\"potentialAction\":[{\"@type\":\"ReadAction\",\"target\":[\"https:\/\/artyplan.com\/ca\/blog\/digitalitzar-arxius-fotografics\/\"]}]},{\"@type\":\"ImageObject\",\"inLanguage\":\"ca\",\"@id\":\"https:\/\/artyplan.com\/ca\/blog\/digitalitzar-arxius-fotografics\/#primaryimage\",\"url\":\"https:\/\/artyplan.com\/wp-content\/uploads\/2025\/09\/digitalizar-archivos-fotograficos.jpg\",\"contentUrl\":\"https:\/\/artyplan.com\/wp-content\/uploads\/2025\/09\/digitalizar-archivos-fotograficos.jpg\",\"width\":1920,\"height\":600,\"caption\":\"digitalitzar-arxius-fotografics\"},{\"@type\":\"BreadcrumbList\",\"@id\":\"https:\/\/artyplan.com\/ca\/blog\/digitalitzar-arxius-fotografics\/#breadcrumb\",\"itemListElement\":[{\"@type\":\"ListItem\",\"position\":1,\"name\":\"Artyplan\",\"item\":\"https:\/\/artyplan.com\/ca\/\"},{\"@type\":\"ListItem\",\"position\":2,\"name\":\"Digitalitzar arxius fotogr\u00e0fics\"}]},{\"@type\":\"WebSite\",\"@id\":\"https:\/\/artyplan.com\/ca\/#website\",\"url\":\"https:\/\/artyplan.com\/ca\/\",\"name\":\"Artyplan\",\"description\":\"\",\"publisher\":{\"@id\":\"https:\/\/artyplan.com\/ca\/#organization\"},\"potentialAction\":[{\"@type\":\"SearchAction\",\"target\":{\"@type\":\"EntryPoint\",\"urlTemplate\":\"https:\/\/artyplan.com\/ca\/?s={search_term_string}\"},\"query-input\":{\"@type\":\"PropertyValueSpecification\",\"valueRequired\":true,\"valueName\":\"search_term_string\"}}],\"inLanguage\":\"ca\"},{\"@type\":\"Organization\",\"@id\":\"https:\/\/artyplan.com\/ca\/#organization\",\"name\":\"Artyplan\",\"url\":\"https:\/\/artyplan.com\/ca\/\",\"logo\":{\"@type\":\"ImageObject\",\"inLanguage\":\"ca\",\"@id\":\"https:\/\/artyplan.com\/ca\/#\/schema\/logo\/image\/\",\"url\":\"https:\/\/artyplan.com\/wp-content\/uploads\/2025\/12\/Logo-artyplan-690x690-1.png\",\"contentUrl\":\"https:\/\/artyplan.com\/wp-content\/uploads\/2025\/12\/Logo-artyplan-690x690-1.png\",\"width\":690,\"height\":690,\"caption\":\"Artyplan\"},\"image\":{\"@id\":\"https:\/\/artyplan.com\/ca\/#\/schema\/logo\/image\/\"},\"sameAs\":[\"https:\/\/www.facebook.com\/artyplan\",\"https:\/\/www.instagram.com\/artyplan\/\",\"https:\/\/www.linkedin.com\/company\/artyplan\"],\"description\":\"Artyplan \u00e9s una empresa especialitzada en producci\u00f3 gr\u00e0fica i comunicaci\u00f3 visual amb 60 anys dexperi\u00e8ncia. Oferim solucions integrals d'impressi\u00f3 en gran format, PLV i retail, gesti\u00f3 d'esdeveniments i fires, disseny i fabricaci\u00f3 a mida, log\u00edstica i serveis d'instal\u00b7laci\u00f3 a tot el territori. Treballem per a marques, ag\u00e8ncies, espais comercials i institucions que necessiten un partner fiable per desenvolupar campanyes de m\u00e0rqueting, projectes de retail i accions de branding o m\u00e0rqueting. Combinem tecnologia avan\u00e7ada d\u00b4impressi\u00f3 digital, un equip expert i una gesti\u00f3 completa de projectes per garantir qualitat, agilitat i resultats a mida per a cada client. Disposem de plataformes B2B que faciliten als nostres clients la gesti\u00f3 de les comandes de materials impresos aix\u00ed com la log\u00edstica dels mateixos.\",\"email\":\"info@artyplan.com\",\"telephone\":\"+34 93 200 87 99\",\"legalName\":\"Artyplan S.L.\",\"vatID\":\"B61963229\",\"numberOfEmployees\":{\"@type\":\"QuantitativeValue\",\"minValue\":\"51\",\"maxValue\":\"200\"}},{\"@type\":\"Person\",\"@id\":\"https:\/\/artyplan.com\/ca\/#\/schema\/person\/0ef19accced432bc277b8d5248cd2cc0\",\"name\":\"Sergio Triguero\",\"image\":{\"@type\":\"ImageObject\",\"inLanguage\":\"ca\",\"@id\":\"https:\/\/artyplan.com\/ca\/#\/schema\/person\/image\/\",\"url\":\"https:\/\/secure.gravatar.com\/avatar\/c742a95811ffbc635a3d111ab446f278cce576575d14970fd5d56e17580c3f23?s=96&d=mm&r=g\",\"contentUrl\":\"https:\/\/secure.gravatar.com\/avatar\/c742a95811ffbc635a3d111ab446f278cce576575d14970fd5d56e17580c3f23?s=96&d=mm&r=g\",\"caption\":\"Sergio Triguero\"}}]}<\/script>\n<!-- \/ Yoast SEO Premium plugin. -->","yoast_head_json":{"title":"Digitalitzar arxius fotogr\u00e0fics | Artyplan","description":"A Artyplan Document digitalitzem fotografies. Vols digitalitzar arxius fotogr\u00e0fics? Demana'ns informaci\u00f3 i t'ho expliquem.","robots":{"index":"index","follow":"follow","max-snippet":"max-snippet:-1","max-image-preview":"max-image-preview:large","max-video-preview":"max-video-preview:-1"},"canonical":"https:\/\/artyplan.com\/ca\/blog\/digitalitzar-arxius-fotografics\/","og_locale":"ca_ES","og_type":"article","og_title":"Digitalitzar arxius fotogr\u00e0fics","og_description":"A Artyplan Document digitalitzem fotografies. Vols digitalitzar arxius fotogr\u00e0fics? Demana'ns informaci\u00f3 i t'ho expliquem.","og_url":"https:\/\/artyplan.com\/ca\/blog\/digitalitzar-arxius-fotografics\/","og_site_name":"Artyplan","article_publisher":"https:\/\/www.facebook.com\/artyplan","article_published_time":"2022-06-27T22:00:00+00:00","article_modified_time":"2025-09-07T14:11:03+00:00","og_image":[{"width":1920,"height":600,"url":"https:\/\/artyplan.com\/wp-content\/uploads\/2025\/09\/digitalizar-archivos-fotograficos.jpg","type":"image\/jpeg"}],"author":"Sergio Triguero","twitter_card":"summary_large_image","twitter_misc":{"Escrit per":"Sergio Triguero","Temps estimat de lectura":"2 minuts"},"schema":{"@context":"https:\/\/schema.org","@graph":[{"@type":"Article","@id":"https:\/\/artyplan.com\/ca\/blog\/digitalitzar-arxius-fotografics\/#article","isPartOf":{"@id":"https:\/\/artyplan.com\/ca\/blog\/digitalitzar-arxius-fotografics\/"},"author":{"name":"Sergio Triguero","@id":"https:\/\/artyplan.com\/ca\/#\/schema\/person\/0ef19accced432bc277b8d5248cd2cc0"},"headline":"Digitalitzar arxius fotogr\u00e0fics","datePublished":"2022-06-27T22:00:00+00:00","dateModified":"2025-09-07T14:11:03+00:00","mainEntityOfPage":{"@id":"https:\/\/artyplan.com\/ca\/blog\/digitalitzar-arxius-fotografics\/"},"wordCount":506,"publisher":{"@id":"https:\/\/artyplan.com\/ca\/#organization"},"image":{"@id":"https:\/\/artyplan.com\/ca\/blog\/digitalitzar-arxius-fotografics\/#primaryimage"},"thumbnailUrl":"https:\/\/artyplan.com\/wp-content\/uploads\/2025\/09\/digitalizar-archivos-fotograficos.jpg","articleSection":["Sense-categoritzar"],"inLanguage":"ca"},{"@type":"WebPage","@id":"https:\/\/artyplan.com\/ca\/blog\/digitalitzar-arxius-fotografics\/","url":"https:\/\/artyplan.com\/ca\/blog\/digitalitzar-arxius-fotografics\/","name":"Digitalitzar arxius fotogr\u00e0fics | Artyplan","isPartOf":{"@id":"https:\/\/artyplan.com\/ca\/#website"},"primaryImageOfPage":{"@id":"https:\/\/artyplan.com\/ca\/blog\/digitalitzar-arxius-fotografics\/#primaryimage"},"image":{"@id":"https:\/\/artyplan.com\/ca\/blog\/digitalitzar-arxius-fotografics\/#primaryimage"},"thumbnailUrl":"https:\/\/artyplan.com\/wp-content\/uploads\/2025\/09\/digitalizar-archivos-fotograficos.jpg","datePublished":"2022-06-27T22:00:00+00:00","dateModified":"2025-09-07T14:11:03+00:00","description":"A Artyplan Document digitalitzem fotografies. Vols digitalitzar arxius fotogr\u00e0fics? Demana'ns informaci\u00f3 i t'ho expliquem.","breadcrumb":{"@id":"https:\/\/artyplan.com\/ca\/blog\/digitalitzar-arxius-fotografics\/#breadcrumb"},"inLanguage":"ca","potentialAction":[{"@type":"ReadAction","target":["https:\/\/artyplan.com\/ca\/blog\/digitalitzar-arxius-fotografics\/"]}]},{"@type":"ImageObject","inLanguage":"ca","@id":"https:\/\/artyplan.com\/ca\/blog\/digitalitzar-arxius-fotografics\/#primaryimage","url":"https:\/\/artyplan.com\/wp-content\/uploads\/2025\/09\/digitalizar-archivos-fotograficos.jpg","contentUrl":"https:\/\/artyplan.com\/wp-content\/uploads\/2025\/09\/digitalizar-archivos-fotograficos.jpg","width":1920,"height":600,"caption":"digitalitzar-arxius-fotografics"},{"@type":"BreadcrumbList","@id":"https:\/\/artyplan.com\/ca\/blog\/digitalitzar-arxius-fotografics\/#breadcrumb","itemListElement":[{"@type":"ListItem","position":1,"name":"Artyplan","item":"https:\/\/artyplan.com\/ca\/"},{"@type":"ListItem","position":2,"name":"Digitalitzar arxius fotogr\u00e0fics"}]},{"@type":"WebSite","@id":"https:\/\/artyplan.com\/ca\/#website","url":"https:\/\/artyplan.com\/ca\/","name":"Artyplan","description":"","publisher":{"@id":"https:\/\/artyplan.com\/ca\/#organization"},"potentialAction":[{"@type":"SearchAction","target":{"@type":"EntryPoint","urlTemplate":"https:\/\/artyplan.com\/ca\/?s={search_term_string}"},"query-input":{"@type":"PropertyValueSpecification","valueRequired":true,"valueName":"search_term_string"}}],"inLanguage":"ca"},{"@type":"Organization","@id":"https:\/\/artyplan.com\/ca\/#organization","name":"Artyplan","url":"https:\/\/artyplan.com\/ca\/","logo":{"@type":"ImageObject","inLanguage":"ca","@id":"https:\/\/artyplan.com\/ca\/#\/schema\/logo\/image\/","url":"https:\/\/artyplan.com\/wp-content\/uploads\/2025\/12\/Logo-artyplan-690x690-1.png","contentUrl":"https:\/\/artyplan.com\/wp-content\/uploads\/2025\/12\/Logo-artyplan-690x690-1.png","width":690,"height":690,"caption":"Artyplan"},"image":{"@id":"https:\/\/artyplan.com\/ca\/#\/schema\/logo\/image\/"},"sameAs":["https:\/\/www.facebook.com\/artyplan","https:\/\/www.instagram.com\/artyplan\/","https:\/\/www.linkedin.com\/company\/artyplan"],"description":"Artyplan \u00e9s una empresa especialitzada en producci\u00f3 gr\u00e0fica i comunicaci\u00f3 visual amb 60 anys dexperi\u00e8ncia. Oferim solucions integrals d'impressi\u00f3 en gran format, PLV i retail, gesti\u00f3 d'esdeveniments i fires, disseny i fabricaci\u00f3 a mida, log\u00edstica i serveis d'instal\u00b7laci\u00f3 a tot el territori. Treballem per a marques, ag\u00e8ncies, espais comercials i institucions que necessiten un partner fiable per desenvolupar campanyes de m\u00e0rqueting, projectes de retail i accions de branding o m\u00e0rqueting. Combinem tecnologia avan\u00e7ada d\u00b4impressi\u00f3 digital, un equip expert i una gesti\u00f3 completa de projectes per garantir qualitat, agilitat i resultats a mida per a cada client. Disposem de plataformes B2B que faciliten als nostres clients la gesti\u00f3 de les comandes de materials impresos aix\u00ed com la log\u00edstica dels mateixos.","email":"info@artyplan.com","telephone":"+34 93 200 87 99","legalName":"Artyplan S.L.","vatID":"B61963229","numberOfEmployees":{"@type":"QuantitativeValue","minValue":"51","maxValue":"200"}},{"@type":"Person","@id":"https:\/\/artyplan.com\/ca\/#\/schema\/person\/0ef19accced432bc277b8d5248cd2cc0","name":"Sergio Triguero","image":{"@type":"ImageObject","inLanguage":"ca","@id":"https:\/\/artyplan.com\/ca\/#\/schema\/person\/image\/","url":"https:\/\/secure.gravatar.com\/avatar\/c742a95811ffbc635a3d111ab446f278cce576575d14970fd5d56e17580c3f23?s=96&d=mm&r=g","contentUrl":"https:\/\/secure.gravatar.com\/avatar\/c742a95811ffbc635a3d111ab446f278cce576575d14970fd5d56e17580c3f23?s=96&d=mm&r=g","caption":"Sergio Triguero"}}]}},"_links":{"self":[{"href":"https:\/\/artyplan.com\/ca\/wp-json\/wp\/v2\/posts\/5312","targetHints":{"allow":["GET"]}}],"collection":[{"href":"https:\/\/artyplan.com\/ca\/wp-json\/wp\/v2\/posts"}],"about":[{"href":"https:\/\/artyplan.com\/ca\/wp-json\/wp\/v2\/types\/post"}],"author":[{"embeddable":true,"href":"https:\/\/artyplan.com\/ca\/wp-json\/wp\/v2\/users\/3"}],"replies":[{"embeddable":true,"href":"https:\/\/artyplan.com\/ca\/wp-json\/wp\/v2\/comments?post=5312"}],"version-history":[{"count":1,"href":"https:\/\/artyplan.com\/ca\/wp-json\/wp\/v2\/posts\/5312\/revisions"}],"predecessor-version":[{"id":6394,"href":"https:\/\/artyplan.com\/ca\/wp-json\/wp\/v2\/posts\/5312\/revisions\/6394"}],"wp:featuredmedia":[{"embeddable":true,"href":"https:\/\/artyplan.com\/ca\/wp-json\/wp\/v2\/media\/5311"}],"wp:attachment":[{"href":"https:\/\/artyplan.com\/ca\/wp-json\/wp\/v2\/media?parent=5312"}],"wp:term":[{"taxonomy":"category","embeddable":true,"href":"https:\/\/artyplan.com\/ca\/wp-json\/wp\/v2\/categories?post=5312"},{"taxonomy":"post_tag","embeddable":true,"href":"https:\/\/artyplan.com\/ca\/wp-json\/wp\/v2\/tags?post=5312"}],"curies":[{"name":"wp","href":"https:\/\/api.w.org\/{rel}","templated":true}]}}