{"id":5321,"date":"2022-07-19T00:00:00","date_gmt":"2022-07-18T22:00:00","guid":{"rendered":"https:\/\/preweb.artyplan.com\/sin-categorizar\/quin-paper-escollir-per-la-teva-impressio\/"},"modified":"2025-09-07T16:11:04","modified_gmt":"2025-09-07T14:11:04","slug":"quin-paper-escollir-per-la-teva-impressio","status":"publish","type":"post","link":"https:\/\/artyplan.com\/ca\/blog\/quin-paper-escollir-per-la-teva-impressio\/","title":{"rendered":"Quin paper escollir per la teva impressi\u00f3"},"content":{"rendered":"<p>Escollir el paper adequat pel teu material gr\u00e0fic \u00e9s essencial per transmetre la teva marca, empresa o organitzaci\u00f3. Depenent de la qualitat d\u2019aquest, es donar\u00e0 una imatge o una altra.<\/p>\n<p>El paper \u00e9s un element cr\u00edtic en el proc\u00e9s de comunicaci\u00f3, ja que \u00e9s el suport on s\u2019imprimir\u00e0 la vostra comunicaci\u00f3 influint en tot moment en la reputaci\u00f3 i la imatge de la marca.<\/p>\n<h2>De qu\u00e8 est\u00e0 fet el paper?<\/h2>\n<p>El paper es fabrica amb les fibres de cel\u00b7lulosa que hi ha a la fusta, si s\u2019empra per primer cop es fibra verge, en canvi, si la recuperem, s\u2019anomena fibra reciclada.<\/p>\n<p>Aquesta cel\u00b7lulosa es barreja amb fibres vegetals, despr\u00e9s se suspenen en aigua i posteriorment s\u2019endureixen en ser assecades.<\/p>\n<p>El color normal del paper \u00e9s blanc, per\u00f2 aquest li \u00e9s donat a causa que s\u2019ha produ\u00eft a partir de fibres blanques o que la cel\u00b7lulosa s\u2019ha blanquejat durant el proc\u00e9s de fabricaci\u00f3.<\/p>\n<p>Aix\u00ed mateix, el paper pot ser brillant, mat o setinant, en diversos graus; aquest grau ve donant pel proc\u00e9s d\u2019assecament i pels diferents productes que s\u2019han distribu\u00eft sobre la barreja per produir diversos efectes.<\/p>\n<h2>Classes de paper<\/h2>\n<p>Una de les coses que no es t\u00e9 en compte a l&#8217;hora d\u2019imprimir \u00e9s la qualitat i la textura de la base, el paper, sobre la qual volem imprimir. Emprar un gramatge baix, base fina, podria no absorbir tota la tinta i, per tant, la impressi\u00f3 no sigui l&#8217;esperada.<\/p>\n<p>Existeixen moltes classes de paper a continuaci\u00f3 anomenem les 5 classes de paper m\u00e9s comunes:<\/p>\n<ol>\n<li>Paper <em>couch\u00e9<\/em>: Tacte setinat, es pot adquirir en brillant o mat. Mostra una bona qualitat de les imatges, per\u00f2 t\u00e9 una absorci\u00f3 de la tinta i un assecatge lent.<\/li>\n<li>Paper creatiu: Tacte i resist\u00e8ncia d\u2019alta qualitat, normalment es fa servir per a documents d\u2019alta resoluci\u00f3.<\/li>\n<li>Paper \u00f2fset: Paper natural. T\u00e9 una bona blancor per\u00f2 no brilla. El paper absorbeix molt la tinta.<\/li>\n<li>Paper reciclat: S\u2019obt\u00e9 mitjan\u00e7ant la recuperaci\u00f3 de residus de paper. La tonalitat no arriba a ser un blanc pur.<\/li>\n<li>Paper autoadhesiu: Una de les seves cares porta una cinta de cola. \u00c9s el\u00e0stic, es pot trobar en brillant o mat.<\/li>\n<\/ol>\n<h2>Quin gramatge \u00e9s recomanable utilitzar?<\/h2>\n<p>Quan s\u2019escull un paper no nom\u00e9s s\u2019ha de tenir en compte la classe sin\u00f3 tamb\u00e9 el gramatge, el gramatge tamb\u00e9 t\u2019ajudar\u00e0 a escollir la classe de paper, ja que no tots els papers es realitzen amb tots els gramatges.<\/p>\n<p>Per tal, d\u2019escollir el gramatge s\u2019ha de pensar amb el projecte de disseny que est\u00e0s realitzant i quin \u00e9s el resultat final que vols tenir (que tingui brillantor, que sigui reciclat, etc.) amb aquestes premisses podr\u00e0s triar el paper adient.<\/p>\n<p>A continuaci\u00f3 detallem una recomanaci\u00f3 del gramatge emprat per cada classe d&#8217;impressi\u00f3.<\/p>\n<ul>\n<li>Gramatge de 80 a 100 grams: folis comuns utilitzats en oficines i per imprimir treballs.<\/li>\n<li>Gramatge de 90 a 170 grams: usat per imprimir fullets i cartells.<\/li>\n<li>Gramatge de 200 a 250 grams: es fa servir per imprimir portades de revista i flyers.<\/li>\n<li>Gramatge de 250 a 350 grams: per a la impressi\u00f3 de postals i targetes de visita.<\/li>\n<li>Gramatge de 350 a 450 grams: per a cobertes de llibres o de revistes especials.<\/li>\n<\/ul>\n<h2>Artyplan assessors en impressi\u00f3<\/h2>\n<p>Si tens algun dubte per escollir el millor paper per imprimir el teu projecte gr\u00e0fic els nostres professionals en impressi\u00f3 t\u2019assessoraran perqu\u00e8 obtinguis el resultat desitjat.<\/p>\n<p>No dubtis en contactar amb el nostre <a href=\"http:\/\/artyplan.com\/ca\/serveis\/centre-atencio-al-client\/\" target=\"_blank\" rel=\"noopener\">centre d\u2019atenci\u00f3 al client<\/a> per con\u00e8ixer quin \u00e9s el paper m\u00e9s adequat pel teu projecte.<\/p>\n","protected":false},"excerpt":{"rendered":"<p>Escollir el paper adequat pel teu material gr\u00e0fic \u00e9s essencial per transmetre la teva marca, empresa o organitzaci\u00f3. Depenent de la qualitat d\u2019aquest, es donar\u00e0 una imatge o una altra. El paper \u00e9s un element cr\u00edtic en el proc\u00e9s de comunicaci\u00f3, ja que \u00e9s el suport on s\u2019imprimir\u00e0 la vostra comunicaci\u00f3 influint en tot moment [&hellip;]<\/p>\n","protected":false},"author":3,"featured_media":5320,"comment_status":"closed","ping_status":"closed","sticky":false,"template":"","format":"standard","meta":{"footnotes":""},"categories":[1],"tags":[],"class_list":["post-5321","post","type-post","status-publish","format-standard","has-post-thumbnail","hentry","category-sense-categoritzar"],"yoast_head":"<!-- This site is optimized with the Yoast SEO Premium plugin v26.5 (Yoast SEO v26.5) - https:\/\/yoast.com\/wordpress\/plugins\/seo\/ -->\n<title>Quin paper escollir per la teva impressi\u00f3 | Artyplan<\/title>\n<meta name=\"description\" content=\"\u00c9s important escollir el paper on imprimir\u00e0s perqu\u00e8 el teu projecte tingui un bon resultat. Demana&#039;ns informaci\u00f3 per escollir el teu paper!\" \/>\n<meta name=\"robots\" content=\"index, follow, max-snippet:-1, max-image-preview:large, max-video-preview:-1\" \/>\n<link rel=\"canonical\" href=\"https:\/\/artyplan.com\/ca\/blog\/quin-paper-escollir-per-la-teva-impressio\/\" \/>\n<meta property=\"og:locale\" content=\"ca_ES\" \/>\n<meta property=\"og:type\" content=\"article\" \/>\n<meta property=\"og:title\" content=\"Quin paper escollir per la teva impressi\u00f3\" \/>\n<meta property=\"og:description\" content=\"\u00c9s important escollir el paper on imprimir\u00e0s perqu\u00e8 el teu projecte tingui un bon resultat. Demana&#039;ns informaci\u00f3 per escollir el teu paper!\" \/>\n<meta property=\"og:url\" content=\"https:\/\/artyplan.com\/ca\/blog\/quin-paper-escollir-per-la-teva-impressio\/\" \/>\n<meta property=\"og:site_name\" content=\"Artyplan\" \/>\n<meta property=\"article:publisher\" content=\"https:\/\/www.facebook.com\/artyplan\" \/>\n<meta property=\"article:published_time\" content=\"2022-07-18T22:00:00+00:00\" \/>\n<meta property=\"article:modified_time\" content=\"2025-09-07T14:11:04+00:00\" \/>\n<meta property=\"og:image\" content=\"https:\/\/artyplan.com\/wp-content\/uploads\/2025\/09\/con-que-papel-imprimir.jpg\" \/>\n\t<meta property=\"og:image:width\" content=\"1920\" \/>\n\t<meta property=\"og:image:height\" content=\"600\" \/>\n\t<meta property=\"og:image:type\" content=\"image\/jpeg\" \/>\n<meta name=\"author\" content=\"Sergio Triguero\" \/>\n<meta name=\"twitter:card\" content=\"summary_large_image\" \/>\n<meta name=\"twitter:label1\" content=\"Escrit per\" \/>\n\t<meta name=\"twitter:data1\" content=\"Sergio Triguero\" \/>\n\t<meta name=\"twitter:label2\" content=\"Temps estimat de lectura\" \/>\n\t<meta name=\"twitter:data2\" content=\"3 minuts\" \/>\n<script type=\"application\/ld+json\" class=\"yoast-schema-graph\">{\"@context\":\"https:\/\/schema.org\",\"@graph\":[{\"@type\":\"Article\",\"@id\":\"https:\/\/artyplan.com\/ca\/blog\/quin-paper-escollir-per-la-teva-impressio\/#article\",\"isPartOf\":{\"@id\":\"https:\/\/artyplan.com\/ca\/blog\/quin-paper-escollir-per-la-teva-impressio\/\"},\"author\":{\"name\":\"Sergio Triguero\",\"@id\":\"https:\/\/artyplan.com\/ca\/#\/schema\/person\/0ef19accced432bc277b8d5248cd2cc0\"},\"headline\":\"Quin paper escollir per la teva impressi\u00f3\",\"datePublished\":\"2022-07-18T22:00:00+00:00\",\"dateModified\":\"2025-09-07T14:11:04+00:00\",\"mainEntityOfPage\":{\"@id\":\"https:\/\/artyplan.com\/ca\/blog\/quin-paper-escollir-per-la-teva-impressio\/\"},\"wordCount\":617,\"publisher\":{\"@id\":\"https:\/\/artyplan.com\/ca\/#organization\"},\"image\":{\"@id\":\"https:\/\/artyplan.com\/ca\/blog\/quin-paper-escollir-per-la-teva-impressio\/#primaryimage\"},\"thumbnailUrl\":\"https:\/\/artyplan.com\/wp-content\/uploads\/2025\/09\/con-que-papel-imprimir.jpg\",\"articleSection\":[\"Sense-categoritzar\"],\"inLanguage\":\"ca\"},{\"@type\":\"WebPage\",\"@id\":\"https:\/\/artyplan.com\/ca\/blog\/quin-paper-escollir-per-la-teva-impressio\/\",\"url\":\"https:\/\/artyplan.com\/ca\/blog\/quin-paper-escollir-per-la-teva-impressio\/\",\"name\":\"Quin paper escollir per la teva impressi\u00f3 | Artyplan\",\"isPartOf\":{\"@id\":\"https:\/\/artyplan.com\/ca\/#website\"},\"primaryImageOfPage\":{\"@id\":\"https:\/\/artyplan.com\/ca\/blog\/quin-paper-escollir-per-la-teva-impressio\/#primaryimage\"},\"image\":{\"@id\":\"https:\/\/artyplan.com\/ca\/blog\/quin-paper-escollir-per-la-teva-impressio\/#primaryimage\"},\"thumbnailUrl\":\"https:\/\/artyplan.com\/wp-content\/uploads\/2025\/09\/con-que-papel-imprimir.jpg\",\"datePublished\":\"2022-07-18T22:00:00+00:00\",\"dateModified\":\"2025-09-07T14:11:04+00:00\",\"description\":\"\u00c9s important escollir el paper on imprimir\u00e0s perqu\u00e8 el teu projecte tingui un bon resultat. Demana'ns informaci\u00f3 per escollir el teu paper!\",\"breadcrumb\":{\"@id\":\"https:\/\/artyplan.com\/ca\/blog\/quin-paper-escollir-per-la-teva-impressio\/#breadcrumb\"},\"inLanguage\":\"ca\",\"potentialAction\":[{\"@type\":\"ReadAction\",\"target\":[\"https:\/\/artyplan.com\/ca\/blog\/quin-paper-escollir-per-la-teva-impressio\/\"]}]},{\"@type\":\"ImageObject\",\"inLanguage\":\"ca\",\"@id\":\"https:\/\/artyplan.com\/ca\/blog\/quin-paper-escollir-per-la-teva-impressio\/#primaryimage\",\"url\":\"https:\/\/artyplan.com\/wp-content\/uploads\/2025\/09\/con-que-papel-imprimir.jpg\",\"contentUrl\":\"https:\/\/artyplan.com\/wp-content\/uploads\/2025\/09\/con-que-papel-imprimir.jpg\",\"width\":1920,\"height\":600},{\"@type\":\"BreadcrumbList\",\"@id\":\"https:\/\/artyplan.com\/ca\/blog\/quin-paper-escollir-per-la-teva-impressio\/#breadcrumb\",\"itemListElement\":[{\"@type\":\"ListItem\",\"position\":1,\"name\":\"Artyplan\",\"item\":\"https:\/\/artyplan.com\/ca\/\"},{\"@type\":\"ListItem\",\"position\":2,\"name\":\"Quin paper escollir per la teva impressi\u00f3\"}]},{\"@type\":\"WebSite\",\"@id\":\"https:\/\/artyplan.com\/ca\/#website\",\"url\":\"https:\/\/artyplan.com\/ca\/\",\"name\":\"Artyplan\",\"description\":\"\",\"publisher\":{\"@id\":\"https:\/\/artyplan.com\/ca\/#organization\"},\"potentialAction\":[{\"@type\":\"SearchAction\",\"target\":{\"@type\":\"EntryPoint\",\"urlTemplate\":\"https:\/\/artyplan.com\/ca\/?s={search_term_string}\"},\"query-input\":{\"@type\":\"PropertyValueSpecification\",\"valueRequired\":true,\"valueName\":\"search_term_string\"}}],\"inLanguage\":\"ca\"},{\"@type\":\"Organization\",\"@id\":\"https:\/\/artyplan.com\/ca\/#organization\",\"name\":\"Artyplan\",\"url\":\"https:\/\/artyplan.com\/ca\/\",\"logo\":{\"@type\":\"ImageObject\",\"inLanguage\":\"ca\",\"@id\":\"https:\/\/artyplan.com\/ca\/#\/schema\/logo\/image\/\",\"url\":\"https:\/\/artyplan.com\/wp-content\/uploads\/2025\/12\/Logo-artyplan-690x690-1.png\",\"contentUrl\":\"https:\/\/artyplan.com\/wp-content\/uploads\/2025\/12\/Logo-artyplan-690x690-1.png\",\"width\":690,\"height\":690,\"caption\":\"Artyplan\"},\"image\":{\"@id\":\"https:\/\/artyplan.com\/ca\/#\/schema\/logo\/image\/\"},\"sameAs\":[\"https:\/\/www.facebook.com\/artyplan\",\"https:\/\/www.instagram.com\/artyplan\/\",\"https:\/\/www.linkedin.com\/company\/artyplan\"],\"description\":\"Artyplan \u00e9s una empresa especialitzada en producci\u00f3 gr\u00e0fica i comunicaci\u00f3 visual amb 60 anys dexperi\u00e8ncia. Oferim solucions integrals d'impressi\u00f3 en gran format, PLV i retail, gesti\u00f3 d'esdeveniments i fires, disseny i fabricaci\u00f3 a mida, log\u00edstica i serveis d'instal\u00b7laci\u00f3 a tot el territori. Treballem per a marques, ag\u00e8ncies, espais comercials i institucions que necessiten un partner fiable per desenvolupar campanyes de m\u00e0rqueting, projectes de retail i accions de branding o m\u00e0rqueting. Combinem tecnologia avan\u00e7ada d\u00b4impressi\u00f3 digital, un equip expert i una gesti\u00f3 completa de projectes per garantir qualitat, agilitat i resultats a mida per a cada client. Disposem de plataformes B2B que faciliten als nostres clients la gesti\u00f3 de les comandes de materials impresos aix\u00ed com la log\u00edstica dels mateixos.\",\"email\":\"info@artyplan.com\",\"telephone\":\"+34 93 200 87 99\",\"legalName\":\"Artyplan S.L.\",\"vatID\":\"B61963229\",\"numberOfEmployees\":{\"@type\":\"QuantitativeValue\",\"minValue\":\"51\",\"maxValue\":\"200\"}},{\"@type\":\"Person\",\"@id\":\"https:\/\/artyplan.com\/ca\/#\/schema\/person\/0ef19accced432bc277b8d5248cd2cc0\",\"name\":\"Sergio Triguero\",\"image\":{\"@type\":\"ImageObject\",\"inLanguage\":\"ca\",\"@id\":\"https:\/\/artyplan.com\/ca\/#\/schema\/person\/image\/\",\"url\":\"https:\/\/secure.gravatar.com\/avatar\/c742a95811ffbc635a3d111ab446f278cce576575d14970fd5d56e17580c3f23?s=96&d=mm&r=g\",\"contentUrl\":\"https:\/\/secure.gravatar.com\/avatar\/c742a95811ffbc635a3d111ab446f278cce576575d14970fd5d56e17580c3f23?s=96&d=mm&r=g\",\"caption\":\"Sergio Triguero\"}}]}<\/script>\n<!-- \/ Yoast SEO Premium plugin. -->","yoast_head_json":{"title":"Quin paper escollir per la teva impressi\u00f3 | Artyplan","description":"\u00c9s important escollir el paper on imprimir\u00e0s perqu\u00e8 el teu projecte tingui un bon resultat. Demana'ns informaci\u00f3 per escollir el teu paper!","robots":{"index":"index","follow":"follow","max-snippet":"max-snippet:-1","max-image-preview":"max-image-preview:large","max-video-preview":"max-video-preview:-1"},"canonical":"https:\/\/artyplan.com\/ca\/blog\/quin-paper-escollir-per-la-teva-impressio\/","og_locale":"ca_ES","og_type":"article","og_title":"Quin paper escollir per la teva impressi\u00f3","og_description":"\u00c9s important escollir el paper on imprimir\u00e0s perqu\u00e8 el teu projecte tingui un bon resultat. Demana'ns informaci\u00f3 per escollir el teu paper!","og_url":"https:\/\/artyplan.com\/ca\/blog\/quin-paper-escollir-per-la-teva-impressio\/","og_site_name":"Artyplan","article_publisher":"https:\/\/www.facebook.com\/artyplan","article_published_time":"2022-07-18T22:00:00+00:00","article_modified_time":"2025-09-07T14:11:04+00:00","og_image":[{"width":1920,"height":600,"url":"https:\/\/artyplan.com\/wp-content\/uploads\/2025\/09\/con-que-papel-imprimir.jpg","type":"image\/jpeg"}],"author":"Sergio Triguero","twitter_card":"summary_large_image","twitter_misc":{"Escrit per":"Sergio Triguero","Temps estimat de lectura":"3 minuts"},"schema":{"@context":"https:\/\/schema.org","@graph":[{"@type":"Article","@id":"https:\/\/artyplan.com\/ca\/blog\/quin-paper-escollir-per-la-teva-impressio\/#article","isPartOf":{"@id":"https:\/\/artyplan.com\/ca\/blog\/quin-paper-escollir-per-la-teva-impressio\/"},"author":{"name":"Sergio Triguero","@id":"https:\/\/artyplan.com\/ca\/#\/schema\/person\/0ef19accced432bc277b8d5248cd2cc0"},"headline":"Quin paper escollir per la teva impressi\u00f3","datePublished":"2022-07-18T22:00:00+00:00","dateModified":"2025-09-07T14:11:04+00:00","mainEntityOfPage":{"@id":"https:\/\/artyplan.com\/ca\/blog\/quin-paper-escollir-per-la-teva-impressio\/"},"wordCount":617,"publisher":{"@id":"https:\/\/artyplan.com\/ca\/#organization"},"image":{"@id":"https:\/\/artyplan.com\/ca\/blog\/quin-paper-escollir-per-la-teva-impressio\/#primaryimage"},"thumbnailUrl":"https:\/\/artyplan.com\/wp-content\/uploads\/2025\/09\/con-que-papel-imprimir.jpg","articleSection":["Sense-categoritzar"],"inLanguage":"ca"},{"@type":"WebPage","@id":"https:\/\/artyplan.com\/ca\/blog\/quin-paper-escollir-per-la-teva-impressio\/","url":"https:\/\/artyplan.com\/ca\/blog\/quin-paper-escollir-per-la-teva-impressio\/","name":"Quin paper escollir per la teva impressi\u00f3 | Artyplan","isPartOf":{"@id":"https:\/\/artyplan.com\/ca\/#website"},"primaryImageOfPage":{"@id":"https:\/\/artyplan.com\/ca\/blog\/quin-paper-escollir-per-la-teva-impressio\/#primaryimage"},"image":{"@id":"https:\/\/artyplan.com\/ca\/blog\/quin-paper-escollir-per-la-teva-impressio\/#primaryimage"},"thumbnailUrl":"https:\/\/artyplan.com\/wp-content\/uploads\/2025\/09\/con-que-papel-imprimir.jpg","datePublished":"2022-07-18T22:00:00+00:00","dateModified":"2025-09-07T14:11:04+00:00","description":"\u00c9s important escollir el paper on imprimir\u00e0s perqu\u00e8 el teu projecte tingui un bon resultat. Demana'ns informaci\u00f3 per escollir el teu paper!","breadcrumb":{"@id":"https:\/\/artyplan.com\/ca\/blog\/quin-paper-escollir-per-la-teva-impressio\/#breadcrumb"},"inLanguage":"ca","potentialAction":[{"@type":"ReadAction","target":["https:\/\/artyplan.com\/ca\/blog\/quin-paper-escollir-per-la-teva-impressio\/"]}]},{"@type":"ImageObject","inLanguage":"ca","@id":"https:\/\/artyplan.com\/ca\/blog\/quin-paper-escollir-per-la-teva-impressio\/#primaryimage","url":"https:\/\/artyplan.com\/wp-content\/uploads\/2025\/09\/con-que-papel-imprimir.jpg","contentUrl":"https:\/\/artyplan.com\/wp-content\/uploads\/2025\/09\/con-que-papel-imprimir.jpg","width":1920,"height":600},{"@type":"BreadcrumbList","@id":"https:\/\/artyplan.com\/ca\/blog\/quin-paper-escollir-per-la-teva-impressio\/#breadcrumb","itemListElement":[{"@type":"ListItem","position":1,"name":"Artyplan","item":"https:\/\/artyplan.com\/ca\/"},{"@type":"ListItem","position":2,"name":"Quin paper escollir per la teva impressi\u00f3"}]},{"@type":"WebSite","@id":"https:\/\/artyplan.com\/ca\/#website","url":"https:\/\/artyplan.com\/ca\/","name":"Artyplan","description":"","publisher":{"@id":"https:\/\/artyplan.com\/ca\/#organization"},"potentialAction":[{"@type":"SearchAction","target":{"@type":"EntryPoint","urlTemplate":"https:\/\/artyplan.com\/ca\/?s={search_term_string}"},"query-input":{"@type":"PropertyValueSpecification","valueRequired":true,"valueName":"search_term_string"}}],"inLanguage":"ca"},{"@type":"Organization","@id":"https:\/\/artyplan.com\/ca\/#organization","name":"Artyplan","url":"https:\/\/artyplan.com\/ca\/","logo":{"@type":"ImageObject","inLanguage":"ca","@id":"https:\/\/artyplan.com\/ca\/#\/schema\/logo\/image\/","url":"https:\/\/artyplan.com\/wp-content\/uploads\/2025\/12\/Logo-artyplan-690x690-1.png","contentUrl":"https:\/\/artyplan.com\/wp-content\/uploads\/2025\/12\/Logo-artyplan-690x690-1.png","width":690,"height":690,"caption":"Artyplan"},"image":{"@id":"https:\/\/artyplan.com\/ca\/#\/schema\/logo\/image\/"},"sameAs":["https:\/\/www.facebook.com\/artyplan","https:\/\/www.instagram.com\/artyplan\/","https:\/\/www.linkedin.com\/company\/artyplan"],"description":"Artyplan \u00e9s una empresa especialitzada en producci\u00f3 gr\u00e0fica i comunicaci\u00f3 visual amb 60 anys dexperi\u00e8ncia. Oferim solucions integrals d'impressi\u00f3 en gran format, PLV i retail, gesti\u00f3 d'esdeveniments i fires, disseny i fabricaci\u00f3 a mida, log\u00edstica i serveis d'instal\u00b7laci\u00f3 a tot el territori. Treballem per a marques, ag\u00e8ncies, espais comercials i institucions que necessiten un partner fiable per desenvolupar campanyes de m\u00e0rqueting, projectes de retail i accions de branding o m\u00e0rqueting. Combinem tecnologia avan\u00e7ada d\u00b4impressi\u00f3 digital, un equip expert i una gesti\u00f3 completa de projectes per garantir qualitat, agilitat i resultats a mida per a cada client. Disposem de plataformes B2B que faciliten als nostres clients la gesti\u00f3 de les comandes de materials impresos aix\u00ed com la log\u00edstica dels mateixos.","email":"info@artyplan.com","telephone":"+34 93 200 87 99","legalName":"Artyplan S.L.","vatID":"B61963229","numberOfEmployees":{"@type":"QuantitativeValue","minValue":"51","maxValue":"200"}},{"@type":"Person","@id":"https:\/\/artyplan.com\/ca\/#\/schema\/person\/0ef19accced432bc277b8d5248cd2cc0","name":"Sergio Triguero","image":{"@type":"ImageObject","inLanguage":"ca","@id":"https:\/\/artyplan.com\/ca\/#\/schema\/person\/image\/","url":"https:\/\/secure.gravatar.com\/avatar\/c742a95811ffbc635a3d111ab446f278cce576575d14970fd5d56e17580c3f23?s=96&d=mm&r=g","contentUrl":"https:\/\/secure.gravatar.com\/avatar\/c742a95811ffbc635a3d111ab446f278cce576575d14970fd5d56e17580c3f23?s=96&d=mm&r=g","caption":"Sergio Triguero"}}]}},"_links":{"self":[{"href":"https:\/\/artyplan.com\/ca\/wp-json\/wp\/v2\/posts\/5321","targetHints":{"allow":["GET"]}}],"collection":[{"href":"https:\/\/artyplan.com\/ca\/wp-json\/wp\/v2\/posts"}],"about":[{"href":"https:\/\/artyplan.com\/ca\/wp-json\/wp\/v2\/types\/post"}],"author":[{"embeddable":true,"href":"https:\/\/artyplan.com\/ca\/wp-json\/wp\/v2\/users\/3"}],"replies":[{"embeddable":true,"href":"https:\/\/artyplan.com\/ca\/wp-json\/wp\/v2\/comments?post=5321"}],"version-history":[{"count":1,"href":"https:\/\/artyplan.com\/ca\/wp-json\/wp\/v2\/posts\/5321\/revisions"}],"predecessor-version":[{"id":6400,"href":"https:\/\/artyplan.com\/ca\/wp-json\/wp\/v2\/posts\/5321\/revisions\/6400"}],"wp:featuredmedia":[{"embeddable":true,"href":"https:\/\/artyplan.com\/ca\/wp-json\/wp\/v2\/media\/5320"}],"wp:attachment":[{"href":"https:\/\/artyplan.com\/ca\/wp-json\/wp\/v2\/media?parent=5321"}],"wp:term":[{"taxonomy":"category","embeddable":true,"href":"https:\/\/artyplan.com\/ca\/wp-json\/wp\/v2\/categories?post=5321"},{"taxonomy":"post_tag","embeddable":true,"href":"https:\/\/artyplan.com\/ca\/wp-json\/wp\/v2\/tags?post=5321"}],"curies":[{"name":"wp","href":"https:\/\/api.w.org\/{rel}","templated":true}]}}