{"id":5324,"date":"2022-07-27T00:00:00","date_gmt":"2022-07-26T22:00:00","guid":{"rendered":"https:\/\/preweb.artyplan.com\/sin-categorizar\/coneixes-el-packaging-sostenible-personalitzat\/"},"modified":"2025-09-07T16:11:05","modified_gmt":"2025-09-07T14:11:05","slug":"coneixes-el-packaging-sostenible-personalitzat","status":"publish","type":"post","link":"https:\/\/artyplan.com\/ca\/blog\/coneixes-el-packaging-sostenible-personalitzat\/","title":{"rendered":"Coneixes el packaging sostenible personalitzat?"},"content":{"rendered":"<p>El terme angl\u00e8s <em><strong>packaging <\/strong><\/em>es tradueix com embalatge, \u00e9s a dir, el que envolta al producte. Compleix una doble funci\u00f3: protegir el contingut i millorar la comunicaci\u00f3, ja que aporta informaci\u00f3 valuosa i optimitza la imatge projectada. Avui, les noves tend\u00e8ncies aposten pel \u00a0 <em><strong>packaging <\/strong><\/em><strong>personalitzat<\/strong> i sostenible.<\/p>\n<h2>Avantatges del <em>packaging <\/em>personalizat<\/h2>\n<p>Ja \u00e9s possible comptar amb envasos i embolcalls totalment personalitzats pels teus productes. Les noves tecnologies i els sistemes d\u2019impressi\u00f3 afavoreixen la seva realitzaci\u00f3 individualitzada. En conseq\u00fc\u00e8ncia, mai com fins ara el m\u00e0rqueting<em>\u00a0<\/em>ha pogut determinar l\u2019acabat final del teu <em>pack<\/em><em>\u00a0<\/em>amb tanta exactitud. La creativitat decideix i les impremtes executem.<\/p>\n<p>Comptar amb embalatges personalitzats ofereix un gran avantatge a les marques. En primer lloc, diferenciar-se dels competidors i, tot seguit, proporcionar noves prestacions als clients.<\/p>\n<h3>Beneficis d\u2019apostar per un <em>packaging <\/em>personalitzat<\/h3>\n<p>Abans de decidir com dissenyar i imprimir el teu p<em>ackaging<\/em> has de tenir present tots els avantatges:<\/p>\n<ol>\n<li><strong>Fidelitza als teus usuaris: <\/strong>Adapta millor aquesta parcel\u00b7la a les seves expectatives i necessitats.<\/li>\n<li><strong>Capta nous consumidors: <\/strong>Qui troba m\u00e9s efica\u00e7 o atractiu les presentacions personalitzades.<\/li>\n<li><strong>Eleva la imatge de marca: <\/strong>Aporta nous valors diferencials i, a vegades, s\u2019associa amb la innovaci\u00f3 i l&#8217;avantguarda.<\/li>\n<li><strong>Es grava millor en la memoria: <\/strong>Ajuda a recordar i a valorar m\u00e9s aquests productes.<\/li>\n<li><strong>Aporta una major flexibilitat i versatilitat: <\/strong>Es pot canviar per adaptar-lo a les noves tend\u00e8ncies o desitjos dels clients.<\/li>\n<li><strong>Impulsa el creixement de la marca: <\/strong>Augmenta l&#8217;impacte generat i s\u2019associa en la ment de l\u2019usuari amb una major capacitat i autoritat comercial.<\/li>\n<li><strong>Genera proximitat i simpatia: <\/strong>El consumidor se sent m\u00e9s escoltat i tingut en compte.<\/li>\n<\/ol>\n<h2>Materials sostenibles pels <em>packs <\/em>personalitzats<\/h2>\n<p>Avui en dia, <strong>el p\u00fablic t\u2019exigeix un comprom\u00eds medi ambiental absolut. <\/strong>\u00c9s un dels valors m\u00e9s firmament consolidats amb els clients actuals. El respecte ecol\u00f2gic \u00e9s innegociable. I no nom\u00e9s cal dir-ho, s\u2019ha de demostrar en fets.<\/p>\n<p>Per aix\u00f2, en aquesta faceta concreta, tamb\u00e9 els <em>packs <\/em>i els embalatges han de ser sostenible. La bona not\u00edcia \u00e9s que existeixen materials amb aquestes caracter\u00edstiques que es poden aplicar al packaging <strong>personalitzat<\/strong>. La innovaci\u00f3 en aquest aspecte \u00e9s m\u00e0xima, no cessen de sorgir noves alternatives molt interessants.<\/p>\n<p>Les <strong>raons per utilitzar-los s\u00f3n <\/strong>inq\u00fcestionables:<\/p>\n<ul>\n<li><strong>\u00c8tica: <\/strong>Tots ens hem de conscienciar i actuar amb vocaci\u00f3 ecol\u00f2gica.<\/li>\n<li><strong>Imatge:<\/strong> Les marques que no ho fan perden impacte i fiabilitat. Les que ho fan b\u00e9 son molt m\u00e9s apreciades.<\/li>\n<li><strong>Coher\u00e8ncia: <\/strong>Si anuncies el teu comprom\u00eds medi ambient, has de reflectir-ho en cada acci\u00f3 de la teva empresa. Recorda que l\u2019embalatge \u00e9s el primer que perceben els teus usuaris.<\/li>\n<li><strong>Economia:<\/strong> El pressupost no augmenta en decantar-se per aquestes f\u00f3rmules. A vegades, succeeix el contrari.<\/li>\n<\/ul>\n<h3>Principals materials sostenibles<\/h3>\n<p>Pren nota, aquests s\u00f3n algunes de les opcions disponibles per personalitzar el teu <em>packaging<\/em>:<\/p>\n<ul>\n<li><strong>Niu d&#8217;abella: <\/strong>material fet a partir de cel\u00b7lulosa i papers especials, que presenta una estructura cel\u00b7lular hexagonal. T\u00e9 una gran resist\u00e8ncia, flexi\u00f3, comprensi\u00f3 i lleugeresa.<\/li>\n<li><strong>Abiplex: <\/strong>material vers\u00e0til i de baix pes compost de mat\u00e8ries primeres derivades de la cel\u00b7lulosa. Ideal per la creaci\u00f3 d&#8217;estructures complexes.<\/li>\n<li><strong>Microcanal (1,5mm i 3mm): <\/strong>material amb gran resist\u00e8ncia i durabilitat amb un pes redu\u00eft. \u00c9s de qualitat, te planimetria i una capacitat amortidora i protectora<\/li>\n<li><strong>Kraft: <\/strong>material que s&#8217;obt\u00e9 a partir de la polpa de la fibra de fusta o de cartr\u00f3 reciclat. \u00c9s un material de poc pes i molt resistent.<\/li>\n<li><strong>Folding: <\/strong>material resistent amb una superf\u00edcie llisa perfecta i una gran blancor.<\/li>\n<li><strong>Dispa:<\/strong> material amb una \u00f2ptima planicitat, una superf\u00edcie homog\u00e8nia.<\/li>\n<\/ul>\n<h2>El teu prove\u00efdor de confian\u00e7a<\/h2>\n<p>A <strong>Artyplan<\/strong> t\u2019ajudem a fer realitat <a href=\"http:\/\/artyplan.com\/ca\/productes-impressio\/packaging\/\">cada projecte de <em><strong>packaging<\/strong><\/em><\/a><strong>.<\/strong> Els nostres experts t\u2019assessoraran per trobar la millor soluci\u00f3. Contacta amb nosaltres!<\/p>\n","protected":false},"excerpt":{"rendered":"<p>El terme angl\u00e8s packaging es tradueix com embalatge, \u00e9s a dir, el que envolta al producte. Compleix una doble funci\u00f3: protegir el contingut i millorar la comunicaci\u00f3, ja que aporta informaci\u00f3 valuosa i optimitza la imatge projectada. Avui, les noves tend\u00e8ncies aposten pel \u00a0 packaging personalitzat i sostenible. Avantatges del packaging personalizat Ja \u00e9s possible [&hellip;]<\/p>\n","protected":false},"author":3,"featured_media":5323,"comment_status":"closed","ping_status":"closed","sticky":false,"template":"","format":"standard","meta":{"footnotes":""},"categories":[1],"tags":[],"class_list":["post-5324","post","type-post","status-publish","format-standard","has-post-thumbnail","hentry","category-sense-categoritzar"],"yoast_head":"<!-- This site is optimized with the Yoast SEO Premium plugin v26.5 (Yoast SEO v26.5) - https:\/\/yoast.com\/wordpress\/plugins\/seo\/ -->\n<title>Packaging diferencial: personalitzat i sostenible amb Artyplan<\/title>\n<meta name=\"description\" content=\"Packaging personalitzat sostenible: t&#039;expliquem quins son els avantatges i quins materials son les principals opcions al respecte. Contacta&#039;ns!\" \/>\n<meta name=\"robots\" content=\"index, follow, max-snippet:-1, max-image-preview:large, max-video-preview:-1\" \/>\n<link rel=\"canonical\" href=\"https:\/\/artyplan.com\/ca\/blog\/coneixes-el-packaging-sostenible-personalitzat\/\" \/>\n<meta property=\"og:locale\" content=\"ca_ES\" \/>\n<meta property=\"og:type\" content=\"article\" \/>\n<meta property=\"og:title\" content=\"Coneixes el packaging sostenible personalitzat?\" \/>\n<meta property=\"og:description\" content=\"Packaging personalitzat sostenible: t&#039;expliquem quins son els avantatges i quins materials son les principals opcions al respecte. Contacta&#039;ns!\" \/>\n<meta property=\"og:url\" content=\"https:\/\/artyplan.com\/ca\/blog\/coneixes-el-packaging-sostenible-personalitzat\/\" \/>\n<meta property=\"og:site_name\" content=\"Artyplan\" \/>\n<meta property=\"article:publisher\" content=\"https:\/\/www.facebook.com\/artyplan\" \/>\n<meta property=\"article:published_time\" content=\"2022-07-26T22:00:00+00:00\" \/>\n<meta property=\"article:modified_time\" content=\"2025-09-07T14:11:05+00:00\" \/>\n<meta property=\"og:image\" content=\"https:\/\/artyplan.com\/wp-content\/uploads\/2025\/09\/packaging-sostenible-ecologico.jpg\" \/>\n\t<meta property=\"og:image:width\" content=\"1920\" \/>\n\t<meta property=\"og:image:height\" content=\"600\" \/>\n\t<meta property=\"og:image:type\" content=\"image\/jpeg\" \/>\n<meta name=\"author\" content=\"Sergio Triguero\" \/>\n<meta name=\"twitter:card\" content=\"summary_large_image\" \/>\n<meta name=\"twitter:label1\" content=\"Escrit per\" \/>\n\t<meta name=\"twitter:data1\" content=\"Sergio Triguero\" \/>\n\t<meta name=\"twitter:label2\" content=\"Temps estimat de lectura\" \/>\n\t<meta name=\"twitter:data2\" content=\"3 minuts\" \/>\n<script type=\"application\/ld+json\" class=\"yoast-schema-graph\">{\"@context\":\"https:\/\/schema.org\",\"@graph\":[{\"@type\":\"Article\",\"@id\":\"https:\/\/artyplan.com\/ca\/blog\/coneixes-el-packaging-sostenible-personalitzat\/#article\",\"isPartOf\":{\"@id\":\"https:\/\/artyplan.com\/ca\/blog\/coneixes-el-packaging-sostenible-personalitzat\/\"},\"author\":{\"name\":\"Sergio Triguero\",\"@id\":\"https:\/\/artyplan.com\/ca\/#\/schema\/person\/0ef19accced432bc277b8d5248cd2cc0\"},\"headline\":\"Coneixes el packaging sostenible personalitzat?\",\"datePublished\":\"2022-07-26T22:00:00+00:00\",\"dateModified\":\"2025-09-07T14:11:05+00:00\",\"mainEntityOfPage\":{\"@id\":\"https:\/\/artyplan.com\/ca\/blog\/coneixes-el-packaging-sostenible-personalitzat\/\"},\"wordCount\":658,\"publisher\":{\"@id\":\"https:\/\/artyplan.com\/ca\/#organization\"},\"image\":{\"@id\":\"https:\/\/artyplan.com\/ca\/blog\/coneixes-el-packaging-sostenible-personalitzat\/#primaryimage\"},\"thumbnailUrl\":\"https:\/\/artyplan.com\/wp-content\/uploads\/2025\/09\/packaging-sostenible-ecologico.jpg\",\"articleSection\":[\"Sense-categoritzar\"],\"inLanguage\":\"ca\"},{\"@type\":\"WebPage\",\"@id\":\"https:\/\/artyplan.com\/ca\/blog\/coneixes-el-packaging-sostenible-personalitzat\/\",\"url\":\"https:\/\/artyplan.com\/ca\/blog\/coneixes-el-packaging-sostenible-personalitzat\/\",\"name\":\"Packaging diferencial: personalitzat i sostenible amb Artyplan\",\"isPartOf\":{\"@id\":\"https:\/\/artyplan.com\/ca\/#website\"},\"primaryImageOfPage\":{\"@id\":\"https:\/\/artyplan.com\/ca\/blog\/coneixes-el-packaging-sostenible-personalitzat\/#primaryimage\"},\"image\":{\"@id\":\"https:\/\/artyplan.com\/ca\/blog\/coneixes-el-packaging-sostenible-personalitzat\/#primaryimage\"},\"thumbnailUrl\":\"https:\/\/artyplan.com\/wp-content\/uploads\/2025\/09\/packaging-sostenible-ecologico.jpg\",\"datePublished\":\"2022-07-26T22:00:00+00:00\",\"dateModified\":\"2025-09-07T14:11:05+00:00\",\"description\":\"Packaging personalitzat sostenible: t'expliquem quins son els avantatges i quins materials son les principals opcions al respecte. Contacta'ns!\",\"breadcrumb\":{\"@id\":\"https:\/\/artyplan.com\/ca\/blog\/coneixes-el-packaging-sostenible-personalitzat\/#breadcrumb\"},\"inLanguage\":\"ca\",\"potentialAction\":[{\"@type\":\"ReadAction\",\"target\":[\"https:\/\/artyplan.com\/ca\/blog\/coneixes-el-packaging-sostenible-personalitzat\/\"]}]},{\"@type\":\"ImageObject\",\"inLanguage\":\"ca\",\"@id\":\"https:\/\/artyplan.com\/ca\/blog\/coneixes-el-packaging-sostenible-personalitzat\/#primaryimage\",\"url\":\"https:\/\/artyplan.com\/wp-content\/uploads\/2025\/09\/packaging-sostenible-ecologico.jpg\",\"contentUrl\":\"https:\/\/artyplan.com\/wp-content\/uploads\/2025\/09\/packaging-sostenible-ecologico.jpg\",\"width\":1920,\"height\":600,\"caption\":\"packaging-sostenible-ecologic\"},{\"@type\":\"BreadcrumbList\",\"@id\":\"https:\/\/artyplan.com\/ca\/blog\/coneixes-el-packaging-sostenible-personalitzat\/#breadcrumb\",\"itemListElement\":[{\"@type\":\"ListItem\",\"position\":1,\"name\":\"Artyplan\",\"item\":\"https:\/\/artyplan.com\/ca\/\"},{\"@type\":\"ListItem\",\"position\":2,\"name\":\"Coneixes el packaging sostenible personalitzat?\"}]},{\"@type\":\"WebSite\",\"@id\":\"https:\/\/artyplan.com\/ca\/#website\",\"url\":\"https:\/\/artyplan.com\/ca\/\",\"name\":\"Artyplan\",\"description\":\"\",\"publisher\":{\"@id\":\"https:\/\/artyplan.com\/ca\/#organization\"},\"potentialAction\":[{\"@type\":\"SearchAction\",\"target\":{\"@type\":\"EntryPoint\",\"urlTemplate\":\"https:\/\/artyplan.com\/ca\/?s={search_term_string}\"},\"query-input\":{\"@type\":\"PropertyValueSpecification\",\"valueRequired\":true,\"valueName\":\"search_term_string\"}}],\"inLanguage\":\"ca\"},{\"@type\":\"Organization\",\"@id\":\"https:\/\/artyplan.com\/ca\/#organization\",\"name\":\"Artyplan\",\"url\":\"https:\/\/artyplan.com\/ca\/\",\"logo\":{\"@type\":\"ImageObject\",\"inLanguage\":\"ca\",\"@id\":\"https:\/\/artyplan.com\/ca\/#\/schema\/logo\/image\/\",\"url\":\"https:\/\/artyplan.com\/wp-content\/uploads\/2025\/12\/Logo-artyplan-690x690-1.png\",\"contentUrl\":\"https:\/\/artyplan.com\/wp-content\/uploads\/2025\/12\/Logo-artyplan-690x690-1.png\",\"width\":690,\"height\":690,\"caption\":\"Artyplan\"},\"image\":{\"@id\":\"https:\/\/artyplan.com\/ca\/#\/schema\/logo\/image\/\"},\"sameAs\":[\"https:\/\/www.facebook.com\/artyplan\",\"https:\/\/www.instagram.com\/artyplan\/\",\"https:\/\/www.linkedin.com\/company\/artyplan\"],\"description\":\"Artyplan \u00e9s una empresa especialitzada en producci\u00f3 gr\u00e0fica i comunicaci\u00f3 visual amb 60 anys dexperi\u00e8ncia. Oferim solucions integrals d'impressi\u00f3 en gran format, PLV i retail, gesti\u00f3 d'esdeveniments i fires, disseny i fabricaci\u00f3 a mida, log\u00edstica i serveis d'instal\u00b7laci\u00f3 a tot el territori. Treballem per a marques, ag\u00e8ncies, espais comercials i institucions que necessiten un partner fiable per desenvolupar campanyes de m\u00e0rqueting, projectes de retail i accions de branding o m\u00e0rqueting. Combinem tecnologia avan\u00e7ada d\u00b4impressi\u00f3 digital, un equip expert i una gesti\u00f3 completa de projectes per garantir qualitat, agilitat i resultats a mida per a cada client. Disposem de plataformes B2B que faciliten als nostres clients la gesti\u00f3 de les comandes de materials impresos aix\u00ed com la log\u00edstica dels mateixos.\",\"email\":\"info@artyplan.com\",\"telephone\":\"+34 93 200 87 99\",\"legalName\":\"Artyplan S.L.\",\"vatID\":\"B61963229\",\"numberOfEmployees\":{\"@type\":\"QuantitativeValue\",\"minValue\":\"51\",\"maxValue\":\"200\"}},{\"@type\":\"Person\",\"@id\":\"https:\/\/artyplan.com\/ca\/#\/schema\/person\/0ef19accced432bc277b8d5248cd2cc0\",\"name\":\"Sergio Triguero\",\"image\":{\"@type\":\"ImageObject\",\"inLanguage\":\"ca\",\"@id\":\"https:\/\/artyplan.com\/ca\/#\/schema\/person\/image\/\",\"url\":\"https:\/\/secure.gravatar.com\/avatar\/c742a95811ffbc635a3d111ab446f278cce576575d14970fd5d56e17580c3f23?s=96&d=mm&r=g\",\"contentUrl\":\"https:\/\/secure.gravatar.com\/avatar\/c742a95811ffbc635a3d111ab446f278cce576575d14970fd5d56e17580c3f23?s=96&d=mm&r=g\",\"caption\":\"Sergio Triguero\"}}]}<\/script>\n<!-- \/ Yoast SEO Premium plugin. -->","yoast_head_json":{"title":"Packaging diferencial: personalitzat i sostenible amb Artyplan","description":"Packaging personalitzat sostenible: t'expliquem quins son els avantatges i quins materials son les principals opcions al respecte. Contacta'ns!","robots":{"index":"index","follow":"follow","max-snippet":"max-snippet:-1","max-image-preview":"max-image-preview:large","max-video-preview":"max-video-preview:-1"},"canonical":"https:\/\/artyplan.com\/ca\/blog\/coneixes-el-packaging-sostenible-personalitzat\/","og_locale":"ca_ES","og_type":"article","og_title":"Coneixes el packaging sostenible personalitzat?","og_description":"Packaging personalitzat sostenible: t'expliquem quins son els avantatges i quins materials son les principals opcions al respecte. Contacta'ns!","og_url":"https:\/\/artyplan.com\/ca\/blog\/coneixes-el-packaging-sostenible-personalitzat\/","og_site_name":"Artyplan","article_publisher":"https:\/\/www.facebook.com\/artyplan","article_published_time":"2022-07-26T22:00:00+00:00","article_modified_time":"2025-09-07T14:11:05+00:00","og_image":[{"width":1920,"height":600,"url":"https:\/\/artyplan.com\/wp-content\/uploads\/2025\/09\/packaging-sostenible-ecologico.jpg","type":"image\/jpeg"}],"author":"Sergio Triguero","twitter_card":"summary_large_image","twitter_misc":{"Escrit per":"Sergio Triguero","Temps estimat de lectura":"3 minuts"},"schema":{"@context":"https:\/\/schema.org","@graph":[{"@type":"Article","@id":"https:\/\/artyplan.com\/ca\/blog\/coneixes-el-packaging-sostenible-personalitzat\/#article","isPartOf":{"@id":"https:\/\/artyplan.com\/ca\/blog\/coneixes-el-packaging-sostenible-personalitzat\/"},"author":{"name":"Sergio Triguero","@id":"https:\/\/artyplan.com\/ca\/#\/schema\/person\/0ef19accced432bc277b8d5248cd2cc0"},"headline":"Coneixes el packaging sostenible personalitzat?","datePublished":"2022-07-26T22:00:00+00:00","dateModified":"2025-09-07T14:11:05+00:00","mainEntityOfPage":{"@id":"https:\/\/artyplan.com\/ca\/blog\/coneixes-el-packaging-sostenible-personalitzat\/"},"wordCount":658,"publisher":{"@id":"https:\/\/artyplan.com\/ca\/#organization"},"image":{"@id":"https:\/\/artyplan.com\/ca\/blog\/coneixes-el-packaging-sostenible-personalitzat\/#primaryimage"},"thumbnailUrl":"https:\/\/artyplan.com\/wp-content\/uploads\/2025\/09\/packaging-sostenible-ecologico.jpg","articleSection":["Sense-categoritzar"],"inLanguage":"ca"},{"@type":"WebPage","@id":"https:\/\/artyplan.com\/ca\/blog\/coneixes-el-packaging-sostenible-personalitzat\/","url":"https:\/\/artyplan.com\/ca\/blog\/coneixes-el-packaging-sostenible-personalitzat\/","name":"Packaging diferencial: personalitzat i sostenible amb Artyplan","isPartOf":{"@id":"https:\/\/artyplan.com\/ca\/#website"},"primaryImageOfPage":{"@id":"https:\/\/artyplan.com\/ca\/blog\/coneixes-el-packaging-sostenible-personalitzat\/#primaryimage"},"image":{"@id":"https:\/\/artyplan.com\/ca\/blog\/coneixes-el-packaging-sostenible-personalitzat\/#primaryimage"},"thumbnailUrl":"https:\/\/artyplan.com\/wp-content\/uploads\/2025\/09\/packaging-sostenible-ecologico.jpg","datePublished":"2022-07-26T22:00:00+00:00","dateModified":"2025-09-07T14:11:05+00:00","description":"Packaging personalitzat sostenible: t'expliquem quins son els avantatges i quins materials son les principals opcions al respecte. Contacta'ns!","breadcrumb":{"@id":"https:\/\/artyplan.com\/ca\/blog\/coneixes-el-packaging-sostenible-personalitzat\/#breadcrumb"},"inLanguage":"ca","potentialAction":[{"@type":"ReadAction","target":["https:\/\/artyplan.com\/ca\/blog\/coneixes-el-packaging-sostenible-personalitzat\/"]}]},{"@type":"ImageObject","inLanguage":"ca","@id":"https:\/\/artyplan.com\/ca\/blog\/coneixes-el-packaging-sostenible-personalitzat\/#primaryimage","url":"https:\/\/artyplan.com\/wp-content\/uploads\/2025\/09\/packaging-sostenible-ecologico.jpg","contentUrl":"https:\/\/artyplan.com\/wp-content\/uploads\/2025\/09\/packaging-sostenible-ecologico.jpg","width":1920,"height":600,"caption":"packaging-sostenible-ecologic"},{"@type":"BreadcrumbList","@id":"https:\/\/artyplan.com\/ca\/blog\/coneixes-el-packaging-sostenible-personalitzat\/#breadcrumb","itemListElement":[{"@type":"ListItem","position":1,"name":"Artyplan","item":"https:\/\/artyplan.com\/ca\/"},{"@type":"ListItem","position":2,"name":"Coneixes el packaging sostenible personalitzat?"}]},{"@type":"WebSite","@id":"https:\/\/artyplan.com\/ca\/#website","url":"https:\/\/artyplan.com\/ca\/","name":"Artyplan","description":"","publisher":{"@id":"https:\/\/artyplan.com\/ca\/#organization"},"potentialAction":[{"@type":"SearchAction","target":{"@type":"EntryPoint","urlTemplate":"https:\/\/artyplan.com\/ca\/?s={search_term_string}"},"query-input":{"@type":"PropertyValueSpecification","valueRequired":true,"valueName":"search_term_string"}}],"inLanguage":"ca"},{"@type":"Organization","@id":"https:\/\/artyplan.com\/ca\/#organization","name":"Artyplan","url":"https:\/\/artyplan.com\/ca\/","logo":{"@type":"ImageObject","inLanguage":"ca","@id":"https:\/\/artyplan.com\/ca\/#\/schema\/logo\/image\/","url":"https:\/\/artyplan.com\/wp-content\/uploads\/2025\/12\/Logo-artyplan-690x690-1.png","contentUrl":"https:\/\/artyplan.com\/wp-content\/uploads\/2025\/12\/Logo-artyplan-690x690-1.png","width":690,"height":690,"caption":"Artyplan"},"image":{"@id":"https:\/\/artyplan.com\/ca\/#\/schema\/logo\/image\/"},"sameAs":["https:\/\/www.facebook.com\/artyplan","https:\/\/www.instagram.com\/artyplan\/","https:\/\/www.linkedin.com\/company\/artyplan"],"description":"Artyplan \u00e9s una empresa especialitzada en producci\u00f3 gr\u00e0fica i comunicaci\u00f3 visual amb 60 anys dexperi\u00e8ncia. Oferim solucions integrals d'impressi\u00f3 en gran format, PLV i retail, gesti\u00f3 d'esdeveniments i fires, disseny i fabricaci\u00f3 a mida, log\u00edstica i serveis d'instal\u00b7laci\u00f3 a tot el territori. Treballem per a marques, ag\u00e8ncies, espais comercials i institucions que necessiten un partner fiable per desenvolupar campanyes de m\u00e0rqueting, projectes de retail i accions de branding o m\u00e0rqueting. Combinem tecnologia avan\u00e7ada d\u00b4impressi\u00f3 digital, un equip expert i una gesti\u00f3 completa de projectes per garantir qualitat, agilitat i resultats a mida per a cada client. Disposem de plataformes B2B que faciliten als nostres clients la gesti\u00f3 de les comandes de materials impresos aix\u00ed com la log\u00edstica dels mateixos.","email":"info@artyplan.com","telephone":"+34 93 200 87 99","legalName":"Artyplan S.L.","vatID":"B61963229","numberOfEmployees":{"@type":"QuantitativeValue","minValue":"51","maxValue":"200"}},{"@type":"Person","@id":"https:\/\/artyplan.com\/ca\/#\/schema\/person\/0ef19accced432bc277b8d5248cd2cc0","name":"Sergio Triguero","image":{"@type":"ImageObject","inLanguage":"ca","@id":"https:\/\/artyplan.com\/ca\/#\/schema\/person\/image\/","url":"https:\/\/secure.gravatar.com\/avatar\/c742a95811ffbc635a3d111ab446f278cce576575d14970fd5d56e17580c3f23?s=96&d=mm&r=g","contentUrl":"https:\/\/secure.gravatar.com\/avatar\/c742a95811ffbc635a3d111ab446f278cce576575d14970fd5d56e17580c3f23?s=96&d=mm&r=g","caption":"Sergio Triguero"}}]}},"_links":{"self":[{"href":"https:\/\/artyplan.com\/ca\/wp-json\/wp\/v2\/posts\/5324","targetHints":{"allow":["GET"]}}],"collection":[{"href":"https:\/\/artyplan.com\/ca\/wp-json\/wp\/v2\/posts"}],"about":[{"href":"https:\/\/artyplan.com\/ca\/wp-json\/wp\/v2\/types\/post"}],"author":[{"embeddable":true,"href":"https:\/\/artyplan.com\/ca\/wp-json\/wp\/v2\/users\/3"}],"replies":[{"embeddable":true,"href":"https:\/\/artyplan.com\/ca\/wp-json\/wp\/v2\/comments?post=5324"}],"version-history":[{"count":1,"href":"https:\/\/artyplan.com\/ca\/wp-json\/wp\/v2\/posts\/5324\/revisions"}],"predecessor-version":[{"id":6402,"href":"https:\/\/artyplan.com\/ca\/wp-json\/wp\/v2\/posts\/5324\/revisions\/6402"}],"wp:featuredmedia":[{"embeddable":true,"href":"https:\/\/artyplan.com\/ca\/wp-json\/wp\/v2\/media\/5323"}],"wp:attachment":[{"href":"https:\/\/artyplan.com\/ca\/wp-json\/wp\/v2\/media?parent=5324"}],"wp:term":[{"taxonomy":"category","embeddable":true,"href":"https:\/\/artyplan.com\/ca\/wp-json\/wp\/v2\/categories?post=5324"},{"taxonomy":"post_tag","embeddable":true,"href":"https:\/\/artyplan.com\/ca\/wp-json\/wp\/v2\/tags?post=5324"}],"curies":[{"name":"wp","href":"https:\/\/api.w.org\/{rel}","templated":true}]}}