{"id":5334,"date":"2022-08-29T00:00:00","date_gmt":"2022-08-28T22:00:00","guid":{"rendered":"https:\/\/preweb.artyplan.com\/sin-categorizar\/materials-grafics-per-a-congressos-aspectes-principals\/"},"modified":"2025-09-07T16:11:10","modified_gmt":"2025-09-07T14:11:10","slug":"materials-grafics-per-a-congressos-aspectes-principals","status":"publish","type":"post","link":"https:\/\/artyplan.com\/ca\/blog\/materials-grafics-per-a-congressos-aspectes-principals\/","title":{"rendered":"Materials gr\u00e0fics per a congressos: aspectes principals"},"content":{"rendered":"<p>Els <strong>materials gr\u00e0fics per a congressos<\/strong> permeten oferir una imatge global dels promotors i, d\u2019aquesta manera, transmetre la identitat de marca que es desitja projectar.<\/p>\n<h2><strong>Quins s\u00f3n els elements gr\u00e0fics per a congressos<\/strong><\/h2>\n<p>Com saps, els congressos s\u00f3n reunions m\u00e9s o menys peri\u00f2diques que es prolonguen durant un o m\u00e9s dies. Participen persones de diferents llocs que, en general, compateixen, una mateixa activitat o professi\u00f3. El seu objectiu sol ser <strong>intercanviar continguts i debatre <\/strong>sobre aquests.<\/p>\n<p>Els organitzadors persegueixen una doble finalitat: divulgar coneixements sectorials i consolidar la seva pr\u00f2pia imatge en aquest \u00e0mbit. Tant per un com per un altre prop\u00f2sit, la pres\u00e8ncia d\u2019<strong>elements gr\u00e0fics per a congressos <\/strong>resulta imprescindible.<\/p>\n<h3>Elements gr\u00e0fics per a congressos<\/h3>\n<ul>\n<li><strong>Carpetes personalitzades<\/strong>: Permeten guardar i compartimentar tota la informaci\u00f3 rebuda. N\u2019hi ha de simples o amb encunys elaborats per a incloure butxaques i pestanyes. Els logotips i missatges personalitzats aporten un valor diferencial.<\/li>\n<li><strong>Llibretes i blocs de notes:<\/strong> Sovint, els assistents necessiten prendre notes sobre la informaci\u00f3 compartida. Aquests quaderns corporatius resulten molt \u00fatils i se\u2019l poden endur a casa.<\/li>\n<li><strong>Fulles corporatives<\/strong>: Permet anotar les idees i informaci\u00f3. S\u2019ha d\u2019incloure en cada una d\u2019elles la cap\u00e7alera amb el logo.<\/li>\n<li><strong>Calendaris<\/strong>. \u00c9s una opci\u00f3 original entregar aquest material gr\u00e0fic i destacar-ne les dates i els actes del congr\u00e9s.<\/li>\n<li><strong><em>Seating plan<\/em><\/strong><strong> i <em>sittings<\/em><\/strong>. S\u2019utilitzen per determinar on s\u2019ha de col\u00b7locar cada assistent.<\/li>\n<li><strong>Bol\u00edgrafs i llapis. <\/strong>\u00a0S\u00f3n un complement ideal perqu\u00e8 l\u2019assistent prengui nota de la informaci\u00f3 rebuda.<\/li>\n<li><strong>Bosses<\/strong>. Serveixen per a traslladar tot el que s\u2019ha rebut. Poden ser de paper o materials ecol\u00f2gics.<\/li>\n<li><strong><em>Merchandising<\/em><\/strong><strong> i altres elements de <em>packaging<\/em><\/strong>. Agendes, caixes i multitud de regals funcionals.<\/li>\n<li><strong>Elements de senyalitzaci\u00f3<\/strong>. Inclouen qualsevol cartell, lona, <em>roll up<\/em>, r\u00e8tol o element de senyal\u00edstica que permeti localitzar el lloc i ajudin al correcte despla\u00e7ament. Tamb\u00e9 serveixen per a decorar i projectar la imatge des de la tribuna dels oradors.<\/li>\n<li><strong>Taulells d\u2019acreditaci\u00f3<\/strong>. Existeixen atractives solucions gr\u00e0fiques per a personalitzar aquests recursos, incl\u00fas n\u2019hi ha de plegables o modular. Una o m\u00e9s persones de l\u2019organitzaci\u00f3 gestionen els accessos i les acreditacions.<\/li>\n<li><strong>Acreditacions<\/strong>. Targetes o documents que identifiquen l\u2019invitat, \u00a0participant o ponent en aquest esdeveniment.<\/li>\n<li><strong>Faristols<\/strong>. Suports de peu que els oradors utilitzen durant les seves intervencions p\u00fabliques. Sempre \u00e9s possible personalitzar-los amb diferents materials gr\u00e0fics.<\/li>\n<li><strong><em>Lanyards<\/em><\/strong>. S\u00f3n articles promocionals multifuncionals. Es coneixen tamb\u00e9 com cintes, identificadors o cordons identificatius.<\/li>\n<\/ul>\n<h2><strong>Com influeixen els materials gr\u00e0fics per a congressos en la imatge projectada <\/strong><\/h2>\n<p>A l\u2019hora de seleccionar els<strong> materials gr\u00e0fics d\u2019un congr\u00e9s<\/strong>, has de tenir en compte el p\u00fablic objectiu, la distribuci\u00f3 i difusi\u00f3 que se\u2019n far\u00e0, quin tipus d\u2019esdeveniment \u00e9s i quin \u00e9s el pressupost disponible.<\/p>\n<p>Amb independ\u00e8ncia d\u2019aquests factors previs, hi ha una q\u00fcesti\u00f3 priorit\u00e0ria que no has d\u2019oblidar: \u00a0<strong>tots aquests materials gr\u00e0fics conformen la imatge projectada<\/strong>. En aquest sentit, no s\u00f3n elements independents, sin\u00f3 que formen un col\u00b7lectiu que ha de refor\u00e7ar la impressi\u00f3 positiva que es vol transmetre.<\/p>\n<p>La <strong>coher\u00e8ncia <\/strong>entre cada element plantejat i la imatge de l\u2019empresa en q\u00fcesti\u00f3 \u00e9s fonamental. Nom\u00e9s si aquests materials gr\u00e0fics s\u00f3n atractius i correctes, podrem emocionar als presents i atraure nous assistents. A m\u00e9s a m\u00e9s, <strong>l\u2019empremta generada ser\u00e0 molt m\u00e9s positiva<\/strong>, per la qual cosa es parlar\u00e0 molt i b\u00e9 sobre el congr\u00e9s. Sens dubte, m\u00e9s persones voldran repetir en la seg\u00fcent edici\u00f3 i animaran a altres a assistir.<\/p>\n<h2><strong>M\u00e0 a m\u00e0 amb Artyplan<\/strong><\/h2>\n<p>Els nostres<a href=\"http:\/\/artyplan.com\/ca\/serveis\/centre-atencio-al-client\/\" target=\"_blank\" rel=\"noopener\"> professionals<\/a> t\u2019ajudaran a escollir els millors <strong>materials gr\u00e0fics per a congressos<\/strong> i a desenvolupar correctament. Truca\u2019ns ara!<\/p>\n","protected":false},"excerpt":{"rendered":"<p>Els materials gr\u00e0fics per a congressos permeten oferir una imatge global dels promotors i, d\u2019aquesta manera, transmetre la identitat de marca que es desitja projectar. Quins s\u00f3n els elements gr\u00e0fics per a congressos Com saps, els congressos s\u00f3n reunions m\u00e9s o menys peri\u00f2diques que es prolonguen durant un o m\u00e9s dies. Participen persones de diferents [&hellip;]<\/p>\n","protected":false},"author":3,"featured_media":5333,"comment_status":"closed","ping_status":"closed","sticky":false,"template":"","format":"standard","meta":{"footnotes":""},"categories":[54,1],"tags":[],"class_list":["post-5334","post","type-post","status-publish","format-standard","has-post-thumbnail","hentry","category-noticies-ca","category-sense-categoritzar"],"yoast_head":"<!-- This site is optimized with the Yoast SEO Premium plugin v26.5 (Yoast SEO v26.5) - https:\/\/yoast.com\/wordpress\/plugins\/seo\/ -->\n<title>Materials gr\u00e0fics per a congressos: aspectes principals | Artyplan<\/title>\n<meta name=\"description\" content=\"Saps com escollir els millors materials gr\u00e0fics per a congressos? T&#039;expliquem quines s\u00f3n les opcions i com escollir-les amb Artyplan.\" \/>\n<meta name=\"robots\" content=\"index, follow, max-snippet:-1, max-image-preview:large, max-video-preview:-1\" \/>\n<link rel=\"canonical\" href=\"https:\/\/artyplan.com\/ca\/blog\/materials-grafics-per-a-congressos-aspectes-principals\/\" \/>\n<meta property=\"og:locale\" content=\"ca_ES\" \/>\n<meta property=\"og:type\" content=\"article\" \/>\n<meta property=\"og:title\" content=\"Materials gr\u00e0fics per a congressos: aspectes principals\" \/>\n<meta property=\"og:description\" content=\"Saps com escollir els millors materials gr\u00e0fics per a congressos? T&#039;expliquem quines s\u00f3n les opcions i com escollir-les amb Artyplan.\" \/>\n<meta property=\"og:url\" content=\"https:\/\/artyplan.com\/ca\/blog\/materials-grafics-per-a-congressos-aspectes-principals\/\" \/>\n<meta property=\"og:site_name\" content=\"Artyplan\" \/>\n<meta property=\"article:publisher\" content=\"https:\/\/www.facebook.com\/artyplan\" \/>\n<meta property=\"article:published_time\" content=\"2022-08-28T22:00:00+00:00\" \/>\n<meta property=\"article:modified_time\" content=\"2025-09-07T14:11:10+00:00\" \/>\n<meta property=\"og:image\" content=\"https:\/\/artyplan.com\/wp-content\/uploads\/2025\/09\/material-grafico-congresos.jpg\" \/>\n\t<meta property=\"og:image:width\" content=\"1920\" \/>\n\t<meta property=\"og:image:height\" content=\"600\" \/>\n\t<meta property=\"og:image:type\" content=\"image\/jpeg\" \/>\n<meta name=\"author\" content=\"Sergio Triguero\" \/>\n<meta name=\"twitter:card\" content=\"summary_large_image\" \/>\n<meta name=\"twitter:label1\" content=\"Escrit per\" \/>\n\t<meta name=\"twitter:data1\" content=\"Sergio Triguero\" \/>\n\t<meta name=\"twitter:label2\" content=\"Temps estimat de lectura\" \/>\n\t<meta name=\"twitter:data2\" content=\"3 minuts\" \/>\n<script type=\"application\/ld+json\" class=\"yoast-schema-graph\">{\"@context\":\"https:\/\/schema.org\",\"@graph\":[{\"@type\":\"Article\",\"@id\":\"https:\/\/artyplan.com\/ca\/blog\/materials-grafics-per-a-congressos-aspectes-principals\/#article\",\"isPartOf\":{\"@id\":\"https:\/\/artyplan.com\/ca\/blog\/materials-grafics-per-a-congressos-aspectes-principals\/\"},\"author\":{\"name\":\"Sergio Triguero\",\"@id\":\"https:\/\/artyplan.com\/ca\/#\/schema\/person\/0ef19accced432bc277b8d5248cd2cc0\"},\"headline\":\"Materials gr\u00e0fics per a congressos: aspectes principals\",\"datePublished\":\"2022-08-28T22:00:00+00:00\",\"dateModified\":\"2025-09-07T14:11:10+00:00\",\"mainEntityOfPage\":{\"@id\":\"https:\/\/artyplan.com\/ca\/blog\/materials-grafics-per-a-congressos-aspectes-principals\/\"},\"wordCount\":657,\"publisher\":{\"@id\":\"https:\/\/artyplan.com\/ca\/#organization\"},\"image\":{\"@id\":\"https:\/\/artyplan.com\/ca\/blog\/materials-grafics-per-a-congressos-aspectes-principals\/#primaryimage\"},\"thumbnailUrl\":\"https:\/\/artyplan.com\/wp-content\/uploads\/2025\/09\/material-grafico-congresos.jpg\",\"articleSection\":[\"Noticies\",\"Sense-categoritzar\"],\"inLanguage\":\"ca\"},{\"@type\":\"WebPage\",\"@id\":\"https:\/\/artyplan.com\/ca\/blog\/materials-grafics-per-a-congressos-aspectes-principals\/\",\"url\":\"https:\/\/artyplan.com\/ca\/blog\/materials-grafics-per-a-congressos-aspectes-principals\/\",\"name\":\"Materials gr\u00e0fics per a congressos: aspectes principals | Artyplan\",\"isPartOf\":{\"@id\":\"https:\/\/artyplan.com\/ca\/#website\"},\"primaryImageOfPage\":{\"@id\":\"https:\/\/artyplan.com\/ca\/blog\/materials-grafics-per-a-congressos-aspectes-principals\/#primaryimage\"},\"image\":{\"@id\":\"https:\/\/artyplan.com\/ca\/blog\/materials-grafics-per-a-congressos-aspectes-principals\/#primaryimage\"},\"thumbnailUrl\":\"https:\/\/artyplan.com\/wp-content\/uploads\/2025\/09\/material-grafico-congresos.jpg\",\"datePublished\":\"2022-08-28T22:00:00+00:00\",\"dateModified\":\"2025-09-07T14:11:10+00:00\",\"description\":\"Saps com escollir els millors materials gr\u00e0fics per a congressos? T'expliquem quines s\u00f3n les opcions i com escollir-les amb Artyplan.\",\"breadcrumb\":{\"@id\":\"https:\/\/artyplan.com\/ca\/blog\/materials-grafics-per-a-congressos-aspectes-principals\/#breadcrumb\"},\"inLanguage\":\"ca\",\"potentialAction\":[{\"@type\":\"ReadAction\",\"target\":[\"https:\/\/artyplan.com\/ca\/blog\/materials-grafics-per-a-congressos-aspectes-principals\/\"]}]},{\"@type\":\"ImageObject\",\"inLanguage\":\"ca\",\"@id\":\"https:\/\/artyplan.com\/ca\/blog\/materials-grafics-per-a-congressos-aspectes-principals\/#primaryimage\",\"url\":\"https:\/\/artyplan.com\/wp-content\/uploads\/2025\/09\/material-grafico-congresos.jpg\",\"contentUrl\":\"https:\/\/artyplan.com\/wp-content\/uploads\/2025\/09\/material-grafico-congresos.jpg\",\"width\":1920,\"height\":600,\"caption\":\"|material-grafico-eventos|material-grafico-eventos\"},{\"@type\":\"BreadcrumbList\",\"@id\":\"https:\/\/artyplan.com\/ca\/blog\/materials-grafics-per-a-congressos-aspectes-principals\/#breadcrumb\",\"itemListElement\":[{\"@type\":\"ListItem\",\"position\":1,\"name\":\"Artyplan\",\"item\":\"https:\/\/artyplan.com\/ca\/\"},{\"@type\":\"ListItem\",\"position\":2,\"name\":\"Materials gr\u00e0fics per a congressos: aspectes principals\"}]},{\"@type\":\"WebSite\",\"@id\":\"https:\/\/artyplan.com\/ca\/#website\",\"url\":\"https:\/\/artyplan.com\/ca\/\",\"name\":\"Artyplan\",\"description\":\"\",\"publisher\":{\"@id\":\"https:\/\/artyplan.com\/ca\/#organization\"},\"potentialAction\":[{\"@type\":\"SearchAction\",\"target\":{\"@type\":\"EntryPoint\",\"urlTemplate\":\"https:\/\/artyplan.com\/ca\/?s={search_term_string}\"},\"query-input\":{\"@type\":\"PropertyValueSpecification\",\"valueRequired\":true,\"valueName\":\"search_term_string\"}}],\"inLanguage\":\"ca\"},{\"@type\":\"Organization\",\"@id\":\"https:\/\/artyplan.com\/ca\/#organization\",\"name\":\"Artyplan\",\"url\":\"https:\/\/artyplan.com\/ca\/\",\"logo\":{\"@type\":\"ImageObject\",\"inLanguage\":\"ca\",\"@id\":\"https:\/\/artyplan.com\/ca\/#\/schema\/logo\/image\/\",\"url\":\"https:\/\/artyplan.com\/wp-content\/uploads\/2025\/12\/Logo-artyplan-690x690-1.png\",\"contentUrl\":\"https:\/\/artyplan.com\/wp-content\/uploads\/2025\/12\/Logo-artyplan-690x690-1.png\",\"width\":690,\"height\":690,\"caption\":\"Artyplan\"},\"image\":{\"@id\":\"https:\/\/artyplan.com\/ca\/#\/schema\/logo\/image\/\"},\"sameAs\":[\"https:\/\/www.facebook.com\/artyplan\",\"https:\/\/www.instagram.com\/artyplan\/\",\"https:\/\/www.linkedin.com\/company\/artyplan\"],\"description\":\"Artyplan \u00e9s una empresa especialitzada en producci\u00f3 gr\u00e0fica i comunicaci\u00f3 visual amb 60 anys dexperi\u00e8ncia. Oferim solucions integrals d'impressi\u00f3 en gran format, PLV i retail, gesti\u00f3 d'esdeveniments i fires, disseny i fabricaci\u00f3 a mida, log\u00edstica i serveis d'instal\u00b7laci\u00f3 a tot el territori. Treballem per a marques, ag\u00e8ncies, espais comercials i institucions que necessiten un partner fiable per desenvolupar campanyes de m\u00e0rqueting, projectes de retail i accions de branding o m\u00e0rqueting. Combinem tecnologia avan\u00e7ada d\u00b4impressi\u00f3 digital, un equip expert i una gesti\u00f3 completa de projectes per garantir qualitat, agilitat i resultats a mida per a cada client. Disposem de plataformes B2B que faciliten als nostres clients la gesti\u00f3 de les comandes de materials impresos aix\u00ed com la log\u00edstica dels mateixos.\",\"email\":\"info@artyplan.com\",\"telephone\":\"+34 93 200 87 99\",\"legalName\":\"Artyplan S.L.\",\"vatID\":\"B61963229\",\"numberOfEmployees\":{\"@type\":\"QuantitativeValue\",\"minValue\":\"51\",\"maxValue\":\"200\"}},{\"@type\":\"Person\",\"@id\":\"https:\/\/artyplan.com\/ca\/#\/schema\/person\/0ef19accced432bc277b8d5248cd2cc0\",\"name\":\"Sergio Triguero\",\"image\":{\"@type\":\"ImageObject\",\"inLanguage\":\"ca\",\"@id\":\"https:\/\/artyplan.com\/ca\/#\/schema\/person\/image\/\",\"url\":\"https:\/\/secure.gravatar.com\/avatar\/c742a95811ffbc635a3d111ab446f278cce576575d14970fd5d56e17580c3f23?s=96&d=mm&r=g\",\"contentUrl\":\"https:\/\/secure.gravatar.com\/avatar\/c742a95811ffbc635a3d111ab446f278cce576575d14970fd5d56e17580c3f23?s=96&d=mm&r=g\",\"caption\":\"Sergio Triguero\"}}]}<\/script>\n<!-- \/ Yoast SEO Premium plugin. -->","yoast_head_json":{"title":"Materials gr\u00e0fics per a congressos: aspectes principals | Artyplan","description":"Saps com escollir els millors materials gr\u00e0fics per a congressos? T'expliquem quines s\u00f3n les opcions i com escollir-les amb Artyplan.","robots":{"index":"index","follow":"follow","max-snippet":"max-snippet:-1","max-image-preview":"max-image-preview:large","max-video-preview":"max-video-preview:-1"},"canonical":"https:\/\/artyplan.com\/ca\/blog\/materials-grafics-per-a-congressos-aspectes-principals\/","og_locale":"ca_ES","og_type":"article","og_title":"Materials gr\u00e0fics per a congressos: aspectes principals","og_description":"Saps com escollir els millors materials gr\u00e0fics per a congressos? T'expliquem quines s\u00f3n les opcions i com escollir-les amb Artyplan.","og_url":"https:\/\/artyplan.com\/ca\/blog\/materials-grafics-per-a-congressos-aspectes-principals\/","og_site_name":"Artyplan","article_publisher":"https:\/\/www.facebook.com\/artyplan","article_published_time":"2022-08-28T22:00:00+00:00","article_modified_time":"2025-09-07T14:11:10+00:00","og_image":[{"width":1920,"height":600,"url":"https:\/\/artyplan.com\/wp-content\/uploads\/2025\/09\/material-grafico-congresos.jpg","type":"image\/jpeg"}],"author":"Sergio Triguero","twitter_card":"summary_large_image","twitter_misc":{"Escrit per":"Sergio Triguero","Temps estimat de lectura":"3 minuts"},"schema":{"@context":"https:\/\/schema.org","@graph":[{"@type":"Article","@id":"https:\/\/artyplan.com\/ca\/blog\/materials-grafics-per-a-congressos-aspectes-principals\/#article","isPartOf":{"@id":"https:\/\/artyplan.com\/ca\/blog\/materials-grafics-per-a-congressos-aspectes-principals\/"},"author":{"name":"Sergio Triguero","@id":"https:\/\/artyplan.com\/ca\/#\/schema\/person\/0ef19accced432bc277b8d5248cd2cc0"},"headline":"Materials gr\u00e0fics per a congressos: aspectes principals","datePublished":"2022-08-28T22:00:00+00:00","dateModified":"2025-09-07T14:11:10+00:00","mainEntityOfPage":{"@id":"https:\/\/artyplan.com\/ca\/blog\/materials-grafics-per-a-congressos-aspectes-principals\/"},"wordCount":657,"publisher":{"@id":"https:\/\/artyplan.com\/ca\/#organization"},"image":{"@id":"https:\/\/artyplan.com\/ca\/blog\/materials-grafics-per-a-congressos-aspectes-principals\/#primaryimage"},"thumbnailUrl":"https:\/\/artyplan.com\/wp-content\/uploads\/2025\/09\/material-grafico-congresos.jpg","articleSection":["Noticies","Sense-categoritzar"],"inLanguage":"ca"},{"@type":"WebPage","@id":"https:\/\/artyplan.com\/ca\/blog\/materials-grafics-per-a-congressos-aspectes-principals\/","url":"https:\/\/artyplan.com\/ca\/blog\/materials-grafics-per-a-congressos-aspectes-principals\/","name":"Materials gr\u00e0fics per a congressos: aspectes principals | Artyplan","isPartOf":{"@id":"https:\/\/artyplan.com\/ca\/#website"},"primaryImageOfPage":{"@id":"https:\/\/artyplan.com\/ca\/blog\/materials-grafics-per-a-congressos-aspectes-principals\/#primaryimage"},"image":{"@id":"https:\/\/artyplan.com\/ca\/blog\/materials-grafics-per-a-congressos-aspectes-principals\/#primaryimage"},"thumbnailUrl":"https:\/\/artyplan.com\/wp-content\/uploads\/2025\/09\/material-grafico-congresos.jpg","datePublished":"2022-08-28T22:00:00+00:00","dateModified":"2025-09-07T14:11:10+00:00","description":"Saps com escollir els millors materials gr\u00e0fics per a congressos? T'expliquem quines s\u00f3n les opcions i com escollir-les amb Artyplan.","breadcrumb":{"@id":"https:\/\/artyplan.com\/ca\/blog\/materials-grafics-per-a-congressos-aspectes-principals\/#breadcrumb"},"inLanguage":"ca","potentialAction":[{"@type":"ReadAction","target":["https:\/\/artyplan.com\/ca\/blog\/materials-grafics-per-a-congressos-aspectes-principals\/"]}]},{"@type":"ImageObject","inLanguage":"ca","@id":"https:\/\/artyplan.com\/ca\/blog\/materials-grafics-per-a-congressos-aspectes-principals\/#primaryimage","url":"https:\/\/artyplan.com\/wp-content\/uploads\/2025\/09\/material-grafico-congresos.jpg","contentUrl":"https:\/\/artyplan.com\/wp-content\/uploads\/2025\/09\/material-grafico-congresos.jpg","width":1920,"height":600,"caption":"|material-grafico-eventos|material-grafico-eventos"},{"@type":"BreadcrumbList","@id":"https:\/\/artyplan.com\/ca\/blog\/materials-grafics-per-a-congressos-aspectes-principals\/#breadcrumb","itemListElement":[{"@type":"ListItem","position":1,"name":"Artyplan","item":"https:\/\/artyplan.com\/ca\/"},{"@type":"ListItem","position":2,"name":"Materials gr\u00e0fics per a congressos: aspectes principals"}]},{"@type":"WebSite","@id":"https:\/\/artyplan.com\/ca\/#website","url":"https:\/\/artyplan.com\/ca\/","name":"Artyplan","description":"","publisher":{"@id":"https:\/\/artyplan.com\/ca\/#organization"},"potentialAction":[{"@type":"SearchAction","target":{"@type":"EntryPoint","urlTemplate":"https:\/\/artyplan.com\/ca\/?s={search_term_string}"},"query-input":{"@type":"PropertyValueSpecification","valueRequired":true,"valueName":"search_term_string"}}],"inLanguage":"ca"},{"@type":"Organization","@id":"https:\/\/artyplan.com\/ca\/#organization","name":"Artyplan","url":"https:\/\/artyplan.com\/ca\/","logo":{"@type":"ImageObject","inLanguage":"ca","@id":"https:\/\/artyplan.com\/ca\/#\/schema\/logo\/image\/","url":"https:\/\/artyplan.com\/wp-content\/uploads\/2025\/12\/Logo-artyplan-690x690-1.png","contentUrl":"https:\/\/artyplan.com\/wp-content\/uploads\/2025\/12\/Logo-artyplan-690x690-1.png","width":690,"height":690,"caption":"Artyplan"},"image":{"@id":"https:\/\/artyplan.com\/ca\/#\/schema\/logo\/image\/"},"sameAs":["https:\/\/www.facebook.com\/artyplan","https:\/\/www.instagram.com\/artyplan\/","https:\/\/www.linkedin.com\/company\/artyplan"],"description":"Artyplan \u00e9s una empresa especialitzada en producci\u00f3 gr\u00e0fica i comunicaci\u00f3 visual amb 60 anys dexperi\u00e8ncia. Oferim solucions integrals d'impressi\u00f3 en gran format, PLV i retail, gesti\u00f3 d'esdeveniments i fires, disseny i fabricaci\u00f3 a mida, log\u00edstica i serveis d'instal\u00b7laci\u00f3 a tot el territori. Treballem per a marques, ag\u00e8ncies, espais comercials i institucions que necessiten un partner fiable per desenvolupar campanyes de m\u00e0rqueting, projectes de retail i accions de branding o m\u00e0rqueting. Combinem tecnologia avan\u00e7ada d\u00b4impressi\u00f3 digital, un equip expert i una gesti\u00f3 completa de projectes per garantir qualitat, agilitat i resultats a mida per a cada client. Disposem de plataformes B2B que faciliten als nostres clients la gesti\u00f3 de les comandes de materials impresos aix\u00ed com la log\u00edstica dels mateixos.","email":"info@artyplan.com","telephone":"+34 93 200 87 99","legalName":"Artyplan S.L.","vatID":"B61963229","numberOfEmployees":{"@type":"QuantitativeValue","minValue":"51","maxValue":"200"}},{"@type":"Person","@id":"https:\/\/artyplan.com\/ca\/#\/schema\/person\/0ef19accced432bc277b8d5248cd2cc0","name":"Sergio Triguero","image":{"@type":"ImageObject","inLanguage":"ca","@id":"https:\/\/artyplan.com\/ca\/#\/schema\/person\/image\/","url":"https:\/\/secure.gravatar.com\/avatar\/c742a95811ffbc635a3d111ab446f278cce576575d14970fd5d56e17580c3f23?s=96&d=mm&r=g","contentUrl":"https:\/\/secure.gravatar.com\/avatar\/c742a95811ffbc635a3d111ab446f278cce576575d14970fd5d56e17580c3f23?s=96&d=mm&r=g","caption":"Sergio Triguero"}}]}},"_links":{"self":[{"href":"https:\/\/artyplan.com\/ca\/wp-json\/wp\/v2\/posts\/5334","targetHints":{"allow":["GET"]}}],"collection":[{"href":"https:\/\/artyplan.com\/ca\/wp-json\/wp\/v2\/posts"}],"about":[{"href":"https:\/\/artyplan.com\/ca\/wp-json\/wp\/v2\/types\/post"}],"author":[{"embeddable":true,"href":"https:\/\/artyplan.com\/ca\/wp-json\/wp\/v2\/users\/3"}],"replies":[{"embeddable":true,"href":"https:\/\/artyplan.com\/ca\/wp-json\/wp\/v2\/comments?post=5334"}],"version-history":[{"count":1,"href":"https:\/\/artyplan.com\/ca\/wp-json\/wp\/v2\/posts\/5334\/revisions"}],"predecessor-version":[{"id":6409,"href":"https:\/\/artyplan.com\/ca\/wp-json\/wp\/v2\/posts\/5334\/revisions\/6409"}],"wp:featuredmedia":[{"embeddable":true,"href":"https:\/\/artyplan.com\/ca\/wp-json\/wp\/v2\/media\/5333"}],"wp:attachment":[{"href":"https:\/\/artyplan.com\/ca\/wp-json\/wp\/v2\/media?parent=5334"}],"wp:term":[{"taxonomy":"category","embeddable":true,"href":"https:\/\/artyplan.com\/ca\/wp-json\/wp\/v2\/categories?post=5334"},{"taxonomy":"post_tag","embeddable":true,"href":"https:\/\/artyplan.com\/ca\/wp-json\/wp\/v2\/tags?post=5334"}],"curies":[{"name":"wp","href":"https:\/\/api.w.org\/{rel}","templated":true}]}}