{"id":5337,"date":"2022-09-05T00:00:00","date_gmt":"2022-09-04T22:00:00","guid":{"rendered":"https:\/\/preweb.artyplan.com\/sin-categorizar\/lones-publicitaries-i-pancartes-ecologiques-com-poden-impactar-en-la-teva-comunicacio\/"},"modified":"2026-01-30T11:10:36","modified_gmt":"2026-01-30T09:10:36","slug":"lones-publicitaries-i-pancartes-ecologiques-com-poden-impactar-en-la-teva-comunicacio","status":"publish","type":"post","link":"https:\/\/artyplan.com\/ca\/blog\/lones-publicitaries-i-pancartes-ecologiques-com-poden-impactar-en-la-teva-comunicacio\/","title":{"rendered":"Lones i pancartes ecol\u00f2giques: impacte en comunicaci\u00f3"},"content":{"rendered":"<p>Les lones t\u00e8xtils publicit\u00e0ries s\u00f3n el suport de gran format m\u00e9s conegut. Aquestes poden ser instal\u00b7lades tant a interior com a l\u2019exterior per a promocionar productes o esdeveniments. Gr\u00e0cies a l\u2019avan\u00e7ament tecnol\u00f2gic dels \u00faltims anys i a una millora en la consci\u00e8ncia social de la sostenibilitat i la cura amb el medi ambient, podem trobar avui en dia lones publicit\u00e0ries ecol\u00f2giques al mercat.<\/p>\n<h2>Les lones ecol\u00f2giques un gran suport per la teva comunicaci\u00f3<\/h2>\n<p>Les aplicacions de les lones s\u00f3n infinites des de pop-ups o roll ups fins a pancartes de grans dimensions, per aquest motiu utilitzar una lona ecol\u00f2gica \u00e9s la millor soluci\u00f3 per a tenir un menor impacte mediambiental.<\/p>\n<p>Depenent de la campanya i del lloc on vagi col\u00b7locada la lona t\u00e8xtil s\u2019emprar\u00e0 una classe o una altra. A continuaci\u00f3, detallem les classes de lona m\u00e9s utilitzades en el mercat i les seves aplicacions.<\/p>\n<ul>\n<li>Terra Banner \u00e9s f\u00e0cil d&#8217;instal\u00b7lar i perfecta per a la il\u00b7luminaci\u00f3 frontal, ja que \u00e9s molt semblant a la lona frontlite.<\/li>\n<li>Polymesh \u00e9s micro perforada i \u00e9s ideal per a instal\u00b7lar-la a l\u2019exterior i en zones exposades al vent.<\/li>\n<li>Green blockout es pot imprimir en dues cares i \u00e9s resistent al fred.<\/li>\n<\/ul>\n<h2>Avantatges<\/h2>\n<p>La lona ecol\u00f2gica abasta tantes possibilitats com qualsevol altra. El fet que no contingui PVC, no l\u2019exclou de poder adaptar-se a qualsevol classe de demanda. El resultat o acabat de la lona pot variar. La lona de poli\u00e8ster \u00e9s molt menys pesada que la de PVC. Per tant, m\u00e9s f\u00e0cil de manipular i transportar. Els materials utilitzats per a la seva fabricaci\u00f3 s\u00f3n supervisats. Es descarten els components nocius, doncs, representen una amena\u00e7a pel medi ambient, el qual no resulta compatible amb aquest producte.<\/p>\n<h2>Lones ecol\u00f2giques i sostenibles<\/h2>\n<p>Les lones sostenibles destaquen per ser m\u00e9s respectuoses amb la natura. Ni la seva incineraci\u00f3 ni inhumaci\u00f3 causen contaminaci\u00f3 gasosa o t\u00f2xica. A m\u00e9s a m\u00e9s, la lona ecol\u00f2gica \u00e9s reciclable, aix\u00ed que poden donar lloc a altres productes. Amb el pas del temps, han millorat tant en qualitat d\u2019acabats com en resist\u00e8ncia.<\/p>\n<h2>Artyplan tu partner d\u2019impressi\u00f3 sostenible<\/h2>\n<p>A Artyplan fomentem l\u2019\u00fas de tecnologies, processos de producci\u00f3 i mat\u00e8ries primeres que redueixen l\u2019impacte mediambiental. Innovacions ecol\u00f2giques que contribueixen a fer un \u00fas m\u00e9s responsable dels recursos del planeta. Cuidem i respectem el medi ambient. T&#8217;ho expliquem en el nostre apartat de <a href=\"http:\/\/artyplan.com\/ca\/sostenibilitat-medioambiental\/\" target=\"_blank\" rel=\"noopener\">sostenibilitat mediambiental.<\/a><\/p>\n","protected":false},"excerpt":{"rendered":"<p>Les lones t\u00e8xtils publicit\u00e0ries s\u00f3n el suport de gran format m\u00e9s conegut. Aquestes poden ser instal\u00b7lades tant a interior com a l\u2019exterior per a promocionar productes o esdeveniments. Gr\u00e0cies a l\u2019avan\u00e7ament tecnol\u00f2gic dels \u00faltims anys i a una millora en la consci\u00e8ncia social de la sostenibilitat i la cura amb el medi ambient, podem trobar [&hellip;]<\/p>\n","protected":false},"author":3,"featured_media":5336,"comment_status":"closed","ping_status":"closed","sticky":false,"template":"","format":"standard","meta":{"footnotes":""},"categories":[52,54,1],"tags":[],"class_list":["post-5337","post","type-post","status-publish","format-standard","has-post-thumbnail","hentry","category-ecologic-ca","category-noticies-ca","category-sense-categoritzar"],"yoast_head":"<!-- This site is optimized with the Yoast SEO Premium plugin v26.5 (Yoast SEO v26.5) - https:\/\/yoast.com\/wordpress\/plugins\/seo\/ -->\n<title>Lones i pancartes ecol\u00f2giques: impacte en comunicaci\u00f3<\/title>\n<meta name=\"description\" content=\"Les lones publicit\u00e0ries ecol\u00f2giques s\u00f3n clau per a crear suports de gran format ecol\u00f2gics i sostenibles. Descubreix-les amb Artyplan!\" \/>\n<meta name=\"robots\" content=\"index, follow, max-snippet:-1, max-image-preview:large, max-video-preview:-1\" \/>\n<link rel=\"canonical\" href=\"https:\/\/artyplan.com\/ca\/blog\/lones-publicitaries-i-pancartes-ecologiques-com-poden-impactar-en-la-teva-comunicacio\/\" \/>\n<meta property=\"og:locale\" content=\"ca_ES\" \/>\n<meta property=\"og:type\" content=\"article\" \/>\n<meta property=\"og:title\" content=\"Lones i pancartes ecol\u00f2giques: impacte en comunicaci\u00f3\" \/>\n<meta property=\"og:description\" content=\"Les lones publicit\u00e0ries ecol\u00f2giques s\u00f3n clau per a crear suports de gran format ecol\u00f2gics i sostenibles. Descubreix-les amb Artyplan!\" \/>\n<meta property=\"og:url\" content=\"https:\/\/artyplan.com\/ca\/blog\/lones-publicitaries-i-pancartes-ecologiques-com-poden-impactar-en-la-teva-comunicacio\/\" \/>\n<meta property=\"og:site_name\" content=\"Artyplan\" \/>\n<meta property=\"article:publisher\" content=\"https:\/\/www.facebook.com\/artyplan\" \/>\n<meta property=\"article:published_time\" content=\"2022-09-04T22:00:00+00:00\" \/>\n<meta property=\"article:modified_time\" content=\"2026-01-30T09:10:36+00:00\" \/>\n<meta property=\"og:image\" content=\"https:\/\/artyplan.com\/wp-content\/uploads\/2025\/09\/lonas-ecologicas-sostenible.jpg\" \/>\n\t<meta property=\"og:image:width\" content=\"1420\" \/>\n\t<meta property=\"og:image:height\" content=\"600\" \/>\n\t<meta property=\"og:image:type\" content=\"image\/jpeg\" \/>\n<meta name=\"author\" content=\"Sergio Triguero\" \/>\n<meta name=\"twitter:card\" content=\"summary_large_image\" \/>\n<meta name=\"twitter:label1\" content=\"Escrit per\" \/>\n\t<meta name=\"twitter:data1\" content=\"Sergio Triguero\" \/>\n\t<meta name=\"twitter:label2\" content=\"Temps estimat de lectura\" \/>\n\t<meta name=\"twitter:data2\" content=\"2 minuts\" \/>\n<script type=\"application\/ld+json\" class=\"yoast-schema-graph\">{\"@context\":\"https:\/\/schema.org\",\"@graph\":[{\"@type\":\"Article\",\"@id\":\"https:\/\/artyplan.com\/ca\/blog\/lones-publicitaries-i-pancartes-ecologiques-com-poden-impactar-en-la-teva-comunicacio\/#article\",\"isPartOf\":{\"@id\":\"https:\/\/artyplan.com\/ca\/blog\/lones-publicitaries-i-pancartes-ecologiques-com-poden-impactar-en-la-teva-comunicacio\/\"},\"author\":{\"name\":\"Sergio Triguero\",\"@id\":\"https:\/\/artyplan.com\/ca\/#\/schema\/person\/0ef19accced432bc277b8d5248cd2cc0\"},\"headline\":\"Lones i pancartes ecol\u00f2giques: impacte en comunicaci\u00f3\",\"datePublished\":\"2022-09-04T22:00:00+00:00\",\"dateModified\":\"2026-01-30T09:10:36+00:00\",\"mainEntityOfPage\":{\"@id\":\"https:\/\/artyplan.com\/ca\/blog\/lones-publicitaries-i-pancartes-ecologiques-com-poden-impactar-en-la-teva-comunicacio\/\"},\"wordCount\":445,\"publisher\":{\"@id\":\"https:\/\/artyplan.com\/ca\/#organization\"},\"image\":{\"@id\":\"https:\/\/artyplan.com\/ca\/blog\/lones-publicitaries-i-pancartes-ecologiques-com-poden-impactar-en-la-teva-comunicacio\/#primaryimage\"},\"thumbnailUrl\":\"https:\/\/artyplan.com\/wp-content\/uploads\/2025\/09\/lonas-ecologicas-sostenible.jpg\",\"articleSection\":[\"Ecol\u00f2gic\",\"Noticies\",\"Sense-categoritzar\"],\"inLanguage\":\"ca\"},{\"@type\":\"WebPage\",\"@id\":\"https:\/\/artyplan.com\/ca\/blog\/lones-publicitaries-i-pancartes-ecologiques-com-poden-impactar-en-la-teva-comunicacio\/\",\"url\":\"https:\/\/artyplan.com\/ca\/blog\/lones-publicitaries-i-pancartes-ecologiques-com-poden-impactar-en-la-teva-comunicacio\/\",\"name\":\"Lones i pancartes ecol\u00f2giques: impacte en comunicaci\u00f3\",\"isPartOf\":{\"@id\":\"https:\/\/artyplan.com\/ca\/#website\"},\"primaryImageOfPage\":{\"@id\":\"https:\/\/artyplan.com\/ca\/blog\/lones-publicitaries-i-pancartes-ecologiques-com-poden-impactar-en-la-teva-comunicacio\/#primaryimage\"},\"image\":{\"@id\":\"https:\/\/artyplan.com\/ca\/blog\/lones-publicitaries-i-pancartes-ecologiques-com-poden-impactar-en-la-teva-comunicacio\/#primaryimage\"},\"thumbnailUrl\":\"https:\/\/artyplan.com\/wp-content\/uploads\/2025\/09\/lonas-ecologicas-sostenible.jpg\",\"datePublished\":\"2022-09-04T22:00:00+00:00\",\"dateModified\":\"2026-01-30T09:10:36+00:00\",\"description\":\"Les lones publicit\u00e0ries ecol\u00f2giques s\u00f3n clau per a crear suports de gran format ecol\u00f2gics i sostenibles. Descubreix-les amb Artyplan!\",\"breadcrumb\":{\"@id\":\"https:\/\/artyplan.com\/ca\/blog\/lones-publicitaries-i-pancartes-ecologiques-com-poden-impactar-en-la-teva-comunicacio\/#breadcrumb\"},\"inLanguage\":\"ca\",\"potentialAction\":[{\"@type\":\"ReadAction\",\"target\":[\"https:\/\/artyplan.com\/ca\/blog\/lones-publicitaries-i-pancartes-ecologiques-com-poden-impactar-en-la-teva-comunicacio\/\"]}]},{\"@type\":\"ImageObject\",\"inLanguage\":\"ca\",\"@id\":\"https:\/\/artyplan.com\/ca\/blog\/lones-publicitaries-i-pancartes-ecologiques-com-poden-impactar-en-la-teva-comunicacio\/#primaryimage\",\"url\":\"https:\/\/artyplan.com\/wp-content\/uploads\/2025\/09\/lonas-ecologicas-sostenible.jpg\",\"contentUrl\":\"https:\/\/artyplan.com\/wp-content\/uploads\/2025\/09\/lonas-ecologicas-sostenible.jpg\",\"width\":1420,\"height\":600,\"caption\":\"lonas-ecologicas-sostenible\"},{\"@type\":\"BreadcrumbList\",\"@id\":\"https:\/\/artyplan.com\/ca\/blog\/lones-publicitaries-i-pancartes-ecologiques-com-poden-impactar-en-la-teva-comunicacio\/#breadcrumb\",\"itemListElement\":[{\"@type\":\"ListItem\",\"position\":1,\"name\":\"Artyplan\",\"item\":\"https:\/\/artyplan.com\/ca\/\"},{\"@type\":\"ListItem\",\"position\":2,\"name\":\"Lones i pancartes ecol\u00f2giques: impacte en comunicaci\u00f3\"}]},{\"@type\":\"WebSite\",\"@id\":\"https:\/\/artyplan.com\/ca\/#website\",\"url\":\"https:\/\/artyplan.com\/ca\/\",\"name\":\"Artyplan\",\"description\":\"\",\"publisher\":{\"@id\":\"https:\/\/artyplan.com\/ca\/#organization\"},\"potentialAction\":[{\"@type\":\"SearchAction\",\"target\":{\"@type\":\"EntryPoint\",\"urlTemplate\":\"https:\/\/artyplan.com\/ca\/?s={search_term_string}\"},\"query-input\":{\"@type\":\"PropertyValueSpecification\",\"valueRequired\":true,\"valueName\":\"search_term_string\"}}],\"inLanguage\":\"ca\"},{\"@type\":\"Organization\",\"@id\":\"https:\/\/artyplan.com\/ca\/#organization\",\"name\":\"Artyplan\",\"url\":\"https:\/\/artyplan.com\/ca\/\",\"logo\":{\"@type\":\"ImageObject\",\"inLanguage\":\"ca\",\"@id\":\"https:\/\/artyplan.com\/ca\/#\/schema\/logo\/image\/\",\"url\":\"https:\/\/artyplan.com\/wp-content\/uploads\/2025\/12\/Logo-artyplan-690x690-1.png\",\"contentUrl\":\"https:\/\/artyplan.com\/wp-content\/uploads\/2025\/12\/Logo-artyplan-690x690-1.png\",\"width\":690,\"height\":690,\"caption\":\"Artyplan\"},\"image\":{\"@id\":\"https:\/\/artyplan.com\/ca\/#\/schema\/logo\/image\/\"},\"sameAs\":[\"https:\/\/www.facebook.com\/artyplan\",\"https:\/\/www.instagram.com\/artyplan\/\",\"https:\/\/www.linkedin.com\/company\/artyplan\"],\"description\":\"Artyplan \u00e9s una empresa especialitzada en producci\u00f3 gr\u00e0fica i comunicaci\u00f3 visual amb 60 anys dexperi\u00e8ncia. Oferim solucions integrals d'impressi\u00f3 en gran format, PLV i retail, gesti\u00f3 d'esdeveniments i fires, disseny i fabricaci\u00f3 a mida, log\u00edstica i serveis d'instal\u00b7laci\u00f3 a tot el territori. Treballem per a marques, ag\u00e8ncies, espais comercials i institucions que necessiten un partner fiable per desenvolupar campanyes de m\u00e0rqueting, projectes de retail i accions de branding o m\u00e0rqueting. Combinem tecnologia avan\u00e7ada d\u00b4impressi\u00f3 digital, un equip expert i una gesti\u00f3 completa de projectes per garantir qualitat, agilitat i resultats a mida per a cada client. Disposem de plataformes B2B que faciliten als nostres clients la gesti\u00f3 de les comandes de materials impresos aix\u00ed com la log\u00edstica dels mateixos.\",\"email\":\"info@artyplan.com\",\"telephone\":\"+34 93 200 87 99\",\"legalName\":\"Artyplan S.L.\",\"vatID\":\"B61963229\",\"numberOfEmployees\":{\"@type\":\"QuantitativeValue\",\"minValue\":\"51\",\"maxValue\":\"200\"}},{\"@type\":\"Person\",\"@id\":\"https:\/\/artyplan.com\/ca\/#\/schema\/person\/0ef19accced432bc277b8d5248cd2cc0\",\"name\":\"Sergio Triguero\",\"image\":{\"@type\":\"ImageObject\",\"inLanguage\":\"ca\",\"@id\":\"https:\/\/artyplan.com\/ca\/#\/schema\/person\/image\/\",\"url\":\"https:\/\/secure.gravatar.com\/avatar\/c742a95811ffbc635a3d111ab446f278cce576575d14970fd5d56e17580c3f23?s=96&d=mm&r=g\",\"contentUrl\":\"https:\/\/secure.gravatar.com\/avatar\/c742a95811ffbc635a3d111ab446f278cce576575d14970fd5d56e17580c3f23?s=96&d=mm&r=g\",\"caption\":\"Sergio Triguero\"}}]}<\/script>\n<!-- \/ Yoast SEO Premium plugin. -->","yoast_head_json":{"title":"Lones i pancartes ecol\u00f2giques: impacte en comunicaci\u00f3","description":"Les lones publicit\u00e0ries ecol\u00f2giques s\u00f3n clau per a crear suports de gran format ecol\u00f2gics i sostenibles. Descubreix-les amb Artyplan!","robots":{"index":"index","follow":"follow","max-snippet":"max-snippet:-1","max-image-preview":"max-image-preview:large","max-video-preview":"max-video-preview:-1"},"canonical":"https:\/\/artyplan.com\/ca\/blog\/lones-publicitaries-i-pancartes-ecologiques-com-poden-impactar-en-la-teva-comunicacio\/","og_locale":"ca_ES","og_type":"article","og_title":"Lones i pancartes ecol\u00f2giques: impacte en comunicaci\u00f3","og_description":"Les lones publicit\u00e0ries ecol\u00f2giques s\u00f3n clau per a crear suports de gran format ecol\u00f2gics i sostenibles. Descubreix-les amb Artyplan!","og_url":"https:\/\/artyplan.com\/ca\/blog\/lones-publicitaries-i-pancartes-ecologiques-com-poden-impactar-en-la-teva-comunicacio\/","og_site_name":"Artyplan","article_publisher":"https:\/\/www.facebook.com\/artyplan","article_published_time":"2022-09-04T22:00:00+00:00","article_modified_time":"2026-01-30T09:10:36+00:00","og_image":[{"width":1420,"height":600,"url":"https:\/\/artyplan.com\/wp-content\/uploads\/2025\/09\/lonas-ecologicas-sostenible.jpg","type":"image\/jpeg"}],"author":"Sergio Triguero","twitter_card":"summary_large_image","twitter_misc":{"Escrit per":"Sergio Triguero","Temps estimat de lectura":"2 minuts"},"schema":{"@context":"https:\/\/schema.org","@graph":[{"@type":"Article","@id":"https:\/\/artyplan.com\/ca\/blog\/lones-publicitaries-i-pancartes-ecologiques-com-poden-impactar-en-la-teva-comunicacio\/#article","isPartOf":{"@id":"https:\/\/artyplan.com\/ca\/blog\/lones-publicitaries-i-pancartes-ecologiques-com-poden-impactar-en-la-teva-comunicacio\/"},"author":{"name":"Sergio Triguero","@id":"https:\/\/artyplan.com\/ca\/#\/schema\/person\/0ef19accced432bc277b8d5248cd2cc0"},"headline":"Lones i pancartes ecol\u00f2giques: impacte en comunicaci\u00f3","datePublished":"2022-09-04T22:00:00+00:00","dateModified":"2026-01-30T09:10:36+00:00","mainEntityOfPage":{"@id":"https:\/\/artyplan.com\/ca\/blog\/lones-publicitaries-i-pancartes-ecologiques-com-poden-impactar-en-la-teva-comunicacio\/"},"wordCount":445,"publisher":{"@id":"https:\/\/artyplan.com\/ca\/#organization"},"image":{"@id":"https:\/\/artyplan.com\/ca\/blog\/lones-publicitaries-i-pancartes-ecologiques-com-poden-impactar-en-la-teva-comunicacio\/#primaryimage"},"thumbnailUrl":"https:\/\/artyplan.com\/wp-content\/uploads\/2025\/09\/lonas-ecologicas-sostenible.jpg","articleSection":["Ecol\u00f2gic","Noticies","Sense-categoritzar"],"inLanguage":"ca"},{"@type":"WebPage","@id":"https:\/\/artyplan.com\/ca\/blog\/lones-publicitaries-i-pancartes-ecologiques-com-poden-impactar-en-la-teva-comunicacio\/","url":"https:\/\/artyplan.com\/ca\/blog\/lones-publicitaries-i-pancartes-ecologiques-com-poden-impactar-en-la-teva-comunicacio\/","name":"Lones i pancartes ecol\u00f2giques: impacte en comunicaci\u00f3","isPartOf":{"@id":"https:\/\/artyplan.com\/ca\/#website"},"primaryImageOfPage":{"@id":"https:\/\/artyplan.com\/ca\/blog\/lones-publicitaries-i-pancartes-ecologiques-com-poden-impactar-en-la-teva-comunicacio\/#primaryimage"},"image":{"@id":"https:\/\/artyplan.com\/ca\/blog\/lones-publicitaries-i-pancartes-ecologiques-com-poden-impactar-en-la-teva-comunicacio\/#primaryimage"},"thumbnailUrl":"https:\/\/artyplan.com\/wp-content\/uploads\/2025\/09\/lonas-ecologicas-sostenible.jpg","datePublished":"2022-09-04T22:00:00+00:00","dateModified":"2026-01-30T09:10:36+00:00","description":"Les lones publicit\u00e0ries ecol\u00f2giques s\u00f3n clau per a crear suports de gran format ecol\u00f2gics i sostenibles. Descubreix-les amb Artyplan!","breadcrumb":{"@id":"https:\/\/artyplan.com\/ca\/blog\/lones-publicitaries-i-pancartes-ecologiques-com-poden-impactar-en-la-teva-comunicacio\/#breadcrumb"},"inLanguage":"ca","potentialAction":[{"@type":"ReadAction","target":["https:\/\/artyplan.com\/ca\/blog\/lones-publicitaries-i-pancartes-ecologiques-com-poden-impactar-en-la-teva-comunicacio\/"]}]},{"@type":"ImageObject","inLanguage":"ca","@id":"https:\/\/artyplan.com\/ca\/blog\/lones-publicitaries-i-pancartes-ecologiques-com-poden-impactar-en-la-teva-comunicacio\/#primaryimage","url":"https:\/\/artyplan.com\/wp-content\/uploads\/2025\/09\/lonas-ecologicas-sostenible.jpg","contentUrl":"https:\/\/artyplan.com\/wp-content\/uploads\/2025\/09\/lonas-ecologicas-sostenible.jpg","width":1420,"height":600,"caption":"lonas-ecologicas-sostenible"},{"@type":"BreadcrumbList","@id":"https:\/\/artyplan.com\/ca\/blog\/lones-publicitaries-i-pancartes-ecologiques-com-poden-impactar-en-la-teva-comunicacio\/#breadcrumb","itemListElement":[{"@type":"ListItem","position":1,"name":"Artyplan","item":"https:\/\/artyplan.com\/ca\/"},{"@type":"ListItem","position":2,"name":"Lones i pancartes ecol\u00f2giques: impacte en comunicaci\u00f3"}]},{"@type":"WebSite","@id":"https:\/\/artyplan.com\/ca\/#website","url":"https:\/\/artyplan.com\/ca\/","name":"Artyplan","description":"","publisher":{"@id":"https:\/\/artyplan.com\/ca\/#organization"},"potentialAction":[{"@type":"SearchAction","target":{"@type":"EntryPoint","urlTemplate":"https:\/\/artyplan.com\/ca\/?s={search_term_string}"},"query-input":{"@type":"PropertyValueSpecification","valueRequired":true,"valueName":"search_term_string"}}],"inLanguage":"ca"},{"@type":"Organization","@id":"https:\/\/artyplan.com\/ca\/#organization","name":"Artyplan","url":"https:\/\/artyplan.com\/ca\/","logo":{"@type":"ImageObject","inLanguage":"ca","@id":"https:\/\/artyplan.com\/ca\/#\/schema\/logo\/image\/","url":"https:\/\/artyplan.com\/wp-content\/uploads\/2025\/12\/Logo-artyplan-690x690-1.png","contentUrl":"https:\/\/artyplan.com\/wp-content\/uploads\/2025\/12\/Logo-artyplan-690x690-1.png","width":690,"height":690,"caption":"Artyplan"},"image":{"@id":"https:\/\/artyplan.com\/ca\/#\/schema\/logo\/image\/"},"sameAs":["https:\/\/www.facebook.com\/artyplan","https:\/\/www.instagram.com\/artyplan\/","https:\/\/www.linkedin.com\/company\/artyplan"],"description":"Artyplan \u00e9s una empresa especialitzada en producci\u00f3 gr\u00e0fica i comunicaci\u00f3 visual amb 60 anys dexperi\u00e8ncia. Oferim solucions integrals d'impressi\u00f3 en gran format, PLV i retail, gesti\u00f3 d'esdeveniments i fires, disseny i fabricaci\u00f3 a mida, log\u00edstica i serveis d'instal\u00b7laci\u00f3 a tot el territori. Treballem per a marques, ag\u00e8ncies, espais comercials i institucions que necessiten un partner fiable per desenvolupar campanyes de m\u00e0rqueting, projectes de retail i accions de branding o m\u00e0rqueting. Combinem tecnologia avan\u00e7ada d\u00b4impressi\u00f3 digital, un equip expert i una gesti\u00f3 completa de projectes per garantir qualitat, agilitat i resultats a mida per a cada client. Disposem de plataformes B2B que faciliten als nostres clients la gesti\u00f3 de les comandes de materials impresos aix\u00ed com la log\u00edstica dels mateixos.","email":"info@artyplan.com","telephone":"+34 93 200 87 99","legalName":"Artyplan S.L.","vatID":"B61963229","numberOfEmployees":{"@type":"QuantitativeValue","minValue":"51","maxValue":"200"}},{"@type":"Person","@id":"https:\/\/artyplan.com\/ca\/#\/schema\/person\/0ef19accced432bc277b8d5248cd2cc0","name":"Sergio Triguero","image":{"@type":"ImageObject","inLanguage":"ca","@id":"https:\/\/artyplan.com\/ca\/#\/schema\/person\/image\/","url":"https:\/\/secure.gravatar.com\/avatar\/c742a95811ffbc635a3d111ab446f278cce576575d14970fd5d56e17580c3f23?s=96&d=mm&r=g","contentUrl":"https:\/\/secure.gravatar.com\/avatar\/c742a95811ffbc635a3d111ab446f278cce576575d14970fd5d56e17580c3f23?s=96&d=mm&r=g","caption":"Sergio Triguero"}}]}},"_links":{"self":[{"href":"https:\/\/artyplan.com\/ca\/wp-json\/wp\/v2\/posts\/5337","targetHints":{"allow":["GET"]}}],"collection":[{"href":"https:\/\/artyplan.com\/ca\/wp-json\/wp\/v2\/posts"}],"about":[{"href":"https:\/\/artyplan.com\/ca\/wp-json\/wp\/v2\/types\/post"}],"author":[{"embeddable":true,"href":"https:\/\/artyplan.com\/ca\/wp-json\/wp\/v2\/users\/3"}],"replies":[{"embeddable":true,"href":"https:\/\/artyplan.com\/ca\/wp-json\/wp\/v2\/comments?post=5337"}],"version-history":[{"count":2,"href":"https:\/\/artyplan.com\/ca\/wp-json\/wp\/v2\/posts\/5337\/revisions"}],"predecessor-version":[{"id":13501,"href":"https:\/\/artyplan.com\/ca\/wp-json\/wp\/v2\/posts\/5337\/revisions\/13501"}],"wp:featuredmedia":[{"embeddable":true,"href":"https:\/\/artyplan.com\/ca\/wp-json\/wp\/v2\/media\/5336"}],"wp:attachment":[{"href":"https:\/\/artyplan.com\/ca\/wp-json\/wp\/v2\/media?parent=5337"}],"wp:term":[{"taxonomy":"category","embeddable":true,"href":"https:\/\/artyplan.com\/ca\/wp-json\/wp\/v2\/categories?post=5337"},{"taxonomy":"post_tag","embeddable":true,"href":"https:\/\/artyplan.com\/ca\/wp-json\/wp\/v2\/tags?post=5337"}],"curies":[{"name":"wp","href":"https:\/\/api.w.org\/{rel}","templated":true}]}}