{"id":5358,"date":"2022-10-10T00:00:00","date_gmt":"2022-10-09T22:00:00","guid":{"rendered":"https:\/\/preweb.artyplan.com\/sin-categorizar\/impressio-de-calendaris-caracteristiques-i-avantatges\/"},"modified":"2025-09-07T16:11:22","modified_gmt":"2025-09-07T14:11:22","slug":"impressio-de-calendaris-caracteristiques-i-avantatges","status":"publish","type":"post","link":"https:\/\/artyplan.com\/ca\/blog\/impressio-de-calendaris-caracteristiques-i-avantatges\/","title":{"rendered":"Impressi\u00f3 de calendaris: caracter\u00edstiques i avantatges"},"content":{"rendered":"<p>La <strong>impressi\u00f3 de calendaris <\/strong>\u00e9s una oportunitat de comunicaci\u00f3 molt rendible. Aposta per ella i mantindr\u00e0s a prop els teus clients tot l\u2019any.<\/p>\n<h2>Quina classe d\u2019impressi\u00f3 de calendaris existeixen?<\/h2>\n<p><u><a href=\"http:\/\/artyplan.com\/ca\/productes-impressio\/serveis-dimpressio-de-petit-format\/\" target=\"_blank\" rel=\"noopener\">Regalar calendaris personalitzats\u00a0<\/a><\/u>\u00e9s una eina de m\u00e0rqueting amb un alt retorn, ja que es tracta d\u2019una acci\u00f3 de comunicaci\u00f3 que sempre agrada als seus destinataris. Pensa que, si imprimeixes un calendari bonic i funcional, ser\u00e0 utilitzat pel seu receptor durant tot l\u2019any. En conseq\u00fc\u00e8ncia, el teu logotip sempre estar\u00e0 present al teu p\u00fablic!<\/p>\n<p>Et presentem <strong>quins s\u00f3n els calendaris m\u00e9s demanats<\/strong> i, per tant, els que has de tenir en compte si et planteges imprimir-los.<\/p>\n<h3>Calendaris de butxaca<\/h3>\n<p>Es porta a sobre en tot moment, normalment, a la cartera. Els\u00a0<strong>calendaris de butxaca<\/strong> tenen una mida<strong> petita<\/strong>\u00a0(9 x 6 cm) i resulten molt pr\u00e0ctic. A m\u00e9s de la cara amb la informaci\u00f3 de les dates, en el dors es pot incloure una imatge o la informaci\u00f3 corporativa desitjada.<\/p>\n<h3>Calendari de sobre taula<\/h3>\n<p>Quan et dirigeixes a professionals i empreses, \u00a0els\u00a0<strong>calendaris de sobre taula<\/strong>\u00a0s\u00f3n un encert absolut. \u00a0Poden tenir 12 fulles m\u00e9s una portada (unides per una espiral, habitualment) o estar formats per una pe\u00e7a \u00fanica que es munta construint un triangle. La seva idone\u00eftat dep\u00e8n de la seva utilitat: se solen mantenir sobre la taula, durant tot l\u2019any, per a consultar i realitzar anotacions. Tamb\u00e9 molts particulars els tenen en les seves habitacions i cuines! Una altra alternativa minimalista \u00e9s la de <strong>suport pl\u00e0stic: una Caixa de CD <\/strong>que actual com a continent i suport de les fulles, que estan soltes.<\/p>\n<p>Com a element publicitari, la primera opci\u00f3 \u00e9s millor: t\u2019assegura un espai visible cada mes que pots personalitzar al teu gust.<\/p>\n<h3>Calendaris de paret<\/h3>\n<p>El\u00a0<strong>calendari de paret<\/strong>\u00a0tenen a la vegada funci\u00f3 consultiva i decorativa. Per aix\u00f2, \u00e9s important crear dissenys atractius perqu\u00e8 estiguin col\u00b7locats en un lloc visible de la casa o en el centre de treball. Tens la possibilitat d\u2019incloure imatges i textos personalitzats, siguin comercials o personals.<\/p>\n<p>Principalment, es fan en\u00a0<strong>formats normalitzats (A3 i A4)<\/strong>, encara que tamb\u00e9 \u00e9s possible crear-los amb mides personalitzades. Permet fer anotacions i incloure fotografies i missatges molt potents, un al mes i a la portada. Si encertes l\u2019est\u00e8tica, moltes persones entraran en contacte amb la teva imatge.<\/p>\n<h3>Calendaris amb imant<\/h3>\n<p>Els frigor\u00edfics s\u2019han convertit en epicentre informatiu de molts domicilis. A m\u00e9s a m\u00e9s, un gran nombre d\u2019empreses compten amb taulells d\u2019anunci imantats que admeten la seva col\u00b7locaci\u00f3. En aquest sentit, el\u00a0\u00a0 \u00a0<strong>calendari amb imant<\/strong>\u00a0est\u00e0 disponible en grans quantitats de formats.<\/p>\n<h2>Altres classes de calendaris<\/h2>\n<p>Existeixen altres criteris per classificar els calendaris, per exemple, en funci\u00f3 de la <strong>presentaci\u00f3 de les dates: <\/strong><\/p>\n<ol>\n<li><strong>Vista di\u00e0ria<\/strong>. M\u00e9s volumin\u00f3s en dedicar una p\u00e0gina a cada dia de l\u2019any. Se solen acompanyar de cites, santorals i espais per anotacions.<\/li>\n<li><strong>Vista mensual<\/strong>. Cada p\u00e0gina es dedica a un mes complert, per la qual cosa cada dia disposa d\u2019un espai propi m\u00e9s o menys gran.<\/li>\n<li><strong>Vista trimestral<\/strong>. Inclou en cada fulla, conjuntament, els tres mesos de cada per\u00edode<\/li>\n<li><strong>Vista semestral<\/strong>. Una p\u00e0gina es destina al primer semestre i l\u2019altra al segon.<\/li>\n<li><strong>Vista anual<\/strong>. Tot l\u2019any es presenta en un \u00fanic espai. Per tant, la informaci\u00f3 es consulta en un moment.<\/li>\n<\/ol>\n<p>Pel que fa als materials que s\u2019usen, els m\u00e9s freq\u00fcents s\u00f3n:<\/p>\n<ul>\n<li><strong>Paper<\/strong>. Amb brillant o mat, el m\u00e9s recomanable \u00e9s escollir que sigui ecol\u00f2gic. Sobre ell, es poden aplicar plastificats i altres tractaments.<\/li>\n<li><strong>Cartolina o cart\u00f3<\/strong>. Aporten m\u00e9s consist\u00e8ncia i s\u2019apliquen, sobretot, als calendaris montables.<\/li>\n<\/ul>\n<h2>Imprimeix-los a Artyplan<\/h2>\n<p>Necessites un\u00a0<strong><em>partner<\/em>\u00a0per a la impressi\u00f3 de calendaris<\/strong>? A Artyplan oferim experi\u00e8ncia, qualitat, tecnologia, servei i bon preu. \u00a0Contacta amb nosaltres!<\/p>\n","protected":false},"excerpt":{"rendered":"<p>La impressi\u00f3 de calendaris \u00e9s una oportunitat de comunicaci\u00f3 molt rendible. Aposta per ella i mantindr\u00e0s a prop els teus clients tot l\u2019any. Quina classe d\u2019impressi\u00f3 de calendaris existeixen? Regalar calendaris personalitzats\u00a0\u00e9s una eina de m\u00e0rqueting amb un alt retorn, ja que es tracta d\u2019una acci\u00f3 de comunicaci\u00f3 que sempre agrada als seus destinataris. Pensa [&hellip;]<\/p>\n","protected":false},"author":3,"featured_media":5357,"comment_status":"closed","ping_status":"closed","sticky":false,"template":"","format":"standard","meta":{"footnotes":""},"categories":[1],"tags":[],"class_list":["post-5358","post","type-post","status-publish","format-standard","has-post-thumbnail","hentry","category-sense-categoritzar"],"yoast_head":"<!-- This site is optimized with the Yoast SEO Premium plugin v26.5 (Yoast SEO v26.5) - https:\/\/yoast.com\/wordpress\/plugins\/seo\/ -->\n<title>Impressi\u00f3 de calendaris: caracter\u00edstiques i avantatges | Artyplan<\/title>\n<meta name=\"description\" content=\"T&#039;expliquem quines son les classes de calendaris existents i les millors alternatives. \u00a1Escull la que millor enxaixi amb el teu projecte!\" \/>\n<meta name=\"robots\" content=\"index, follow, max-snippet:-1, max-image-preview:large, max-video-preview:-1\" \/>\n<link rel=\"canonical\" href=\"https:\/\/artyplan.com\/ca\/blog\/impressio-de-calendaris-caracteristiques-i-avantatges\/\" \/>\n<meta property=\"og:locale\" content=\"ca_ES\" \/>\n<meta property=\"og:type\" content=\"article\" \/>\n<meta property=\"og:title\" content=\"Impressi\u00f3 de calendaris: caracter\u00edstiques i avantatges\" \/>\n<meta property=\"og:description\" content=\"T&#039;expliquem quines son les classes de calendaris existents i les millors alternatives. \u00a1Escull la que millor enxaixi amb el teu projecte!\" \/>\n<meta property=\"og:url\" content=\"https:\/\/artyplan.com\/ca\/blog\/impressio-de-calendaris-caracteristiques-i-avantatges\/\" \/>\n<meta property=\"og:site_name\" content=\"Artyplan\" \/>\n<meta property=\"article:publisher\" content=\"https:\/\/www.facebook.com\/artyplan\" \/>\n<meta property=\"article:published_time\" content=\"2022-10-09T22:00:00+00:00\" \/>\n<meta property=\"article:modified_time\" content=\"2025-09-07T14:11:22+00:00\" \/>\n<meta property=\"og:image\" content=\"https:\/\/artyplan.com\/wp-content\/uploads\/2025\/09\/impresion-calendarios.jpg\" \/>\n\t<meta property=\"og:image:width\" content=\"1920\" \/>\n\t<meta property=\"og:image:height\" content=\"600\" \/>\n\t<meta property=\"og:image:type\" content=\"image\/jpeg\" \/>\n<meta name=\"author\" content=\"Sergio Triguero\" \/>\n<meta name=\"twitter:card\" content=\"summary_large_image\" \/>\n<meta name=\"twitter:label1\" content=\"Escrit per\" \/>\n\t<meta name=\"twitter:data1\" content=\"Sergio Triguero\" \/>\n\t<meta name=\"twitter:label2\" content=\"Temps estimat de lectura\" \/>\n\t<meta name=\"twitter:data2\" content=\"3 minuts\" \/>\n<script type=\"application\/ld+json\" class=\"yoast-schema-graph\">{\"@context\":\"https:\/\/schema.org\",\"@graph\":[{\"@type\":\"Article\",\"@id\":\"https:\/\/artyplan.com\/ca\/blog\/impressio-de-calendaris-caracteristiques-i-avantatges\/#article\",\"isPartOf\":{\"@id\":\"https:\/\/artyplan.com\/ca\/blog\/impressio-de-calendaris-caracteristiques-i-avantatges\/\"},\"author\":{\"name\":\"Sergio Triguero\",\"@id\":\"https:\/\/artyplan.com\/ca\/#\/schema\/person\/0ef19accced432bc277b8d5248cd2cc0\"},\"headline\":\"Impressi\u00f3 de calendaris: caracter\u00edstiques i avantatges\",\"datePublished\":\"2022-10-09T22:00:00+00:00\",\"dateModified\":\"2025-09-07T14:11:22+00:00\",\"mainEntityOfPage\":{\"@id\":\"https:\/\/artyplan.com\/ca\/blog\/impressio-de-calendaris-caracteristiques-i-avantatges\/\"},\"wordCount\":667,\"publisher\":{\"@id\":\"https:\/\/artyplan.com\/ca\/#organization\"},\"image\":{\"@id\":\"https:\/\/artyplan.com\/ca\/blog\/impressio-de-calendaris-caracteristiques-i-avantatges\/#primaryimage\"},\"thumbnailUrl\":\"https:\/\/artyplan.com\/wp-content\/uploads\/2025\/09\/impresion-calendarios.jpg\",\"articleSection\":[\"Sense-categoritzar\"],\"inLanguage\":\"ca\"},{\"@type\":\"WebPage\",\"@id\":\"https:\/\/artyplan.com\/ca\/blog\/impressio-de-calendaris-caracteristiques-i-avantatges\/\",\"url\":\"https:\/\/artyplan.com\/ca\/blog\/impressio-de-calendaris-caracteristiques-i-avantatges\/\",\"name\":\"Impressi\u00f3 de calendaris: caracter\u00edstiques i avantatges | Artyplan\",\"isPartOf\":{\"@id\":\"https:\/\/artyplan.com\/ca\/#website\"},\"primaryImageOfPage\":{\"@id\":\"https:\/\/artyplan.com\/ca\/blog\/impressio-de-calendaris-caracteristiques-i-avantatges\/#primaryimage\"},\"image\":{\"@id\":\"https:\/\/artyplan.com\/ca\/blog\/impressio-de-calendaris-caracteristiques-i-avantatges\/#primaryimage\"},\"thumbnailUrl\":\"https:\/\/artyplan.com\/wp-content\/uploads\/2025\/09\/impresion-calendarios.jpg\",\"datePublished\":\"2022-10-09T22:00:00+00:00\",\"dateModified\":\"2025-09-07T14:11:22+00:00\",\"description\":\"T'expliquem quines son les classes de calendaris existents i les millors alternatives. \u00a1Escull la que millor enxaixi amb el teu projecte!\",\"breadcrumb\":{\"@id\":\"https:\/\/artyplan.com\/ca\/blog\/impressio-de-calendaris-caracteristiques-i-avantatges\/#breadcrumb\"},\"inLanguage\":\"ca\",\"potentialAction\":[{\"@type\":\"ReadAction\",\"target\":[\"https:\/\/artyplan.com\/ca\/blog\/impressio-de-calendaris-caracteristiques-i-avantatges\/\"]}]},{\"@type\":\"ImageObject\",\"inLanguage\":\"ca\",\"@id\":\"https:\/\/artyplan.com\/ca\/blog\/impressio-de-calendaris-caracteristiques-i-avantatges\/#primaryimage\",\"url\":\"https:\/\/artyplan.com\/wp-content\/uploads\/2025\/09\/impresion-calendarios.jpg\",\"contentUrl\":\"https:\/\/artyplan.com\/wp-content\/uploads\/2025\/09\/impresion-calendarios.jpg\",\"width\":1920,\"height\":600,\"caption\":\"impressi\u00f3-calendaris\"},{\"@type\":\"BreadcrumbList\",\"@id\":\"https:\/\/artyplan.com\/ca\/blog\/impressio-de-calendaris-caracteristiques-i-avantatges\/#breadcrumb\",\"itemListElement\":[{\"@type\":\"ListItem\",\"position\":1,\"name\":\"Artyplan\",\"item\":\"https:\/\/artyplan.com\/ca\/\"},{\"@type\":\"ListItem\",\"position\":2,\"name\":\"Impressi\u00f3 de calendaris: caracter\u00edstiques i avantatges\"}]},{\"@type\":\"WebSite\",\"@id\":\"https:\/\/artyplan.com\/ca\/#website\",\"url\":\"https:\/\/artyplan.com\/ca\/\",\"name\":\"Artyplan\",\"description\":\"\",\"publisher\":{\"@id\":\"https:\/\/artyplan.com\/ca\/#organization\"},\"potentialAction\":[{\"@type\":\"SearchAction\",\"target\":{\"@type\":\"EntryPoint\",\"urlTemplate\":\"https:\/\/artyplan.com\/ca\/?s={search_term_string}\"},\"query-input\":{\"@type\":\"PropertyValueSpecification\",\"valueRequired\":true,\"valueName\":\"search_term_string\"}}],\"inLanguage\":\"ca\"},{\"@type\":\"Organization\",\"@id\":\"https:\/\/artyplan.com\/ca\/#organization\",\"name\":\"Artyplan\",\"url\":\"https:\/\/artyplan.com\/ca\/\",\"logo\":{\"@type\":\"ImageObject\",\"inLanguage\":\"ca\",\"@id\":\"https:\/\/artyplan.com\/ca\/#\/schema\/logo\/image\/\",\"url\":\"https:\/\/artyplan.com\/wp-content\/uploads\/2025\/12\/Logo-artyplan-690x690-1.png\",\"contentUrl\":\"https:\/\/artyplan.com\/wp-content\/uploads\/2025\/12\/Logo-artyplan-690x690-1.png\",\"width\":690,\"height\":690,\"caption\":\"Artyplan\"},\"image\":{\"@id\":\"https:\/\/artyplan.com\/ca\/#\/schema\/logo\/image\/\"},\"sameAs\":[\"https:\/\/www.facebook.com\/artyplan\",\"https:\/\/www.instagram.com\/artyplan\/\",\"https:\/\/www.linkedin.com\/company\/artyplan\"],\"description\":\"Artyplan \u00e9s una empresa especialitzada en producci\u00f3 gr\u00e0fica i comunicaci\u00f3 visual amb 60 anys dexperi\u00e8ncia. Oferim solucions integrals d'impressi\u00f3 en gran format, PLV i retail, gesti\u00f3 d'esdeveniments i fires, disseny i fabricaci\u00f3 a mida, log\u00edstica i serveis d'instal\u00b7laci\u00f3 a tot el territori. Treballem per a marques, ag\u00e8ncies, espais comercials i institucions que necessiten un partner fiable per desenvolupar campanyes de m\u00e0rqueting, projectes de retail i accions de branding o m\u00e0rqueting. Combinem tecnologia avan\u00e7ada d\u00b4impressi\u00f3 digital, un equip expert i una gesti\u00f3 completa de projectes per garantir qualitat, agilitat i resultats a mida per a cada client. Disposem de plataformes B2B que faciliten als nostres clients la gesti\u00f3 de les comandes de materials impresos aix\u00ed com la log\u00edstica dels mateixos.\",\"email\":\"info@artyplan.com\",\"telephone\":\"+34 93 200 87 99\",\"legalName\":\"Artyplan S.L.\",\"vatID\":\"B61963229\",\"numberOfEmployees\":{\"@type\":\"QuantitativeValue\",\"minValue\":\"51\",\"maxValue\":\"200\"}},{\"@type\":\"Person\",\"@id\":\"https:\/\/artyplan.com\/ca\/#\/schema\/person\/0ef19accced432bc277b8d5248cd2cc0\",\"name\":\"Sergio Triguero\",\"image\":{\"@type\":\"ImageObject\",\"inLanguage\":\"ca\",\"@id\":\"https:\/\/artyplan.com\/ca\/#\/schema\/person\/image\/\",\"url\":\"https:\/\/secure.gravatar.com\/avatar\/c742a95811ffbc635a3d111ab446f278cce576575d14970fd5d56e17580c3f23?s=96&d=mm&r=g\",\"contentUrl\":\"https:\/\/secure.gravatar.com\/avatar\/c742a95811ffbc635a3d111ab446f278cce576575d14970fd5d56e17580c3f23?s=96&d=mm&r=g\",\"caption\":\"Sergio Triguero\"}}]}<\/script>\n<!-- \/ Yoast SEO Premium plugin. -->","yoast_head_json":{"title":"Impressi\u00f3 de calendaris: caracter\u00edstiques i avantatges | Artyplan","description":"T'expliquem quines son les classes de calendaris existents i les millors alternatives. \u00a1Escull la que millor enxaixi amb el teu projecte!","robots":{"index":"index","follow":"follow","max-snippet":"max-snippet:-1","max-image-preview":"max-image-preview:large","max-video-preview":"max-video-preview:-1"},"canonical":"https:\/\/artyplan.com\/ca\/blog\/impressio-de-calendaris-caracteristiques-i-avantatges\/","og_locale":"ca_ES","og_type":"article","og_title":"Impressi\u00f3 de calendaris: caracter\u00edstiques i avantatges","og_description":"T'expliquem quines son les classes de calendaris existents i les millors alternatives. \u00a1Escull la que millor enxaixi amb el teu projecte!","og_url":"https:\/\/artyplan.com\/ca\/blog\/impressio-de-calendaris-caracteristiques-i-avantatges\/","og_site_name":"Artyplan","article_publisher":"https:\/\/www.facebook.com\/artyplan","article_published_time":"2022-10-09T22:00:00+00:00","article_modified_time":"2025-09-07T14:11:22+00:00","og_image":[{"width":1920,"height":600,"url":"https:\/\/artyplan.com\/wp-content\/uploads\/2025\/09\/impresion-calendarios.jpg","type":"image\/jpeg"}],"author":"Sergio Triguero","twitter_card":"summary_large_image","twitter_misc":{"Escrit per":"Sergio Triguero","Temps estimat de lectura":"3 minuts"},"schema":{"@context":"https:\/\/schema.org","@graph":[{"@type":"Article","@id":"https:\/\/artyplan.com\/ca\/blog\/impressio-de-calendaris-caracteristiques-i-avantatges\/#article","isPartOf":{"@id":"https:\/\/artyplan.com\/ca\/blog\/impressio-de-calendaris-caracteristiques-i-avantatges\/"},"author":{"name":"Sergio Triguero","@id":"https:\/\/artyplan.com\/ca\/#\/schema\/person\/0ef19accced432bc277b8d5248cd2cc0"},"headline":"Impressi\u00f3 de calendaris: caracter\u00edstiques i avantatges","datePublished":"2022-10-09T22:00:00+00:00","dateModified":"2025-09-07T14:11:22+00:00","mainEntityOfPage":{"@id":"https:\/\/artyplan.com\/ca\/blog\/impressio-de-calendaris-caracteristiques-i-avantatges\/"},"wordCount":667,"publisher":{"@id":"https:\/\/artyplan.com\/ca\/#organization"},"image":{"@id":"https:\/\/artyplan.com\/ca\/blog\/impressio-de-calendaris-caracteristiques-i-avantatges\/#primaryimage"},"thumbnailUrl":"https:\/\/artyplan.com\/wp-content\/uploads\/2025\/09\/impresion-calendarios.jpg","articleSection":["Sense-categoritzar"],"inLanguage":"ca"},{"@type":"WebPage","@id":"https:\/\/artyplan.com\/ca\/blog\/impressio-de-calendaris-caracteristiques-i-avantatges\/","url":"https:\/\/artyplan.com\/ca\/blog\/impressio-de-calendaris-caracteristiques-i-avantatges\/","name":"Impressi\u00f3 de calendaris: caracter\u00edstiques i avantatges | Artyplan","isPartOf":{"@id":"https:\/\/artyplan.com\/ca\/#website"},"primaryImageOfPage":{"@id":"https:\/\/artyplan.com\/ca\/blog\/impressio-de-calendaris-caracteristiques-i-avantatges\/#primaryimage"},"image":{"@id":"https:\/\/artyplan.com\/ca\/blog\/impressio-de-calendaris-caracteristiques-i-avantatges\/#primaryimage"},"thumbnailUrl":"https:\/\/artyplan.com\/wp-content\/uploads\/2025\/09\/impresion-calendarios.jpg","datePublished":"2022-10-09T22:00:00+00:00","dateModified":"2025-09-07T14:11:22+00:00","description":"T'expliquem quines son les classes de calendaris existents i les millors alternatives. \u00a1Escull la que millor enxaixi amb el teu projecte!","breadcrumb":{"@id":"https:\/\/artyplan.com\/ca\/blog\/impressio-de-calendaris-caracteristiques-i-avantatges\/#breadcrumb"},"inLanguage":"ca","potentialAction":[{"@type":"ReadAction","target":["https:\/\/artyplan.com\/ca\/blog\/impressio-de-calendaris-caracteristiques-i-avantatges\/"]}]},{"@type":"ImageObject","inLanguage":"ca","@id":"https:\/\/artyplan.com\/ca\/blog\/impressio-de-calendaris-caracteristiques-i-avantatges\/#primaryimage","url":"https:\/\/artyplan.com\/wp-content\/uploads\/2025\/09\/impresion-calendarios.jpg","contentUrl":"https:\/\/artyplan.com\/wp-content\/uploads\/2025\/09\/impresion-calendarios.jpg","width":1920,"height":600,"caption":"impressi\u00f3-calendaris"},{"@type":"BreadcrumbList","@id":"https:\/\/artyplan.com\/ca\/blog\/impressio-de-calendaris-caracteristiques-i-avantatges\/#breadcrumb","itemListElement":[{"@type":"ListItem","position":1,"name":"Artyplan","item":"https:\/\/artyplan.com\/ca\/"},{"@type":"ListItem","position":2,"name":"Impressi\u00f3 de calendaris: caracter\u00edstiques i avantatges"}]},{"@type":"WebSite","@id":"https:\/\/artyplan.com\/ca\/#website","url":"https:\/\/artyplan.com\/ca\/","name":"Artyplan","description":"","publisher":{"@id":"https:\/\/artyplan.com\/ca\/#organization"},"potentialAction":[{"@type":"SearchAction","target":{"@type":"EntryPoint","urlTemplate":"https:\/\/artyplan.com\/ca\/?s={search_term_string}"},"query-input":{"@type":"PropertyValueSpecification","valueRequired":true,"valueName":"search_term_string"}}],"inLanguage":"ca"},{"@type":"Organization","@id":"https:\/\/artyplan.com\/ca\/#organization","name":"Artyplan","url":"https:\/\/artyplan.com\/ca\/","logo":{"@type":"ImageObject","inLanguage":"ca","@id":"https:\/\/artyplan.com\/ca\/#\/schema\/logo\/image\/","url":"https:\/\/artyplan.com\/wp-content\/uploads\/2025\/12\/Logo-artyplan-690x690-1.png","contentUrl":"https:\/\/artyplan.com\/wp-content\/uploads\/2025\/12\/Logo-artyplan-690x690-1.png","width":690,"height":690,"caption":"Artyplan"},"image":{"@id":"https:\/\/artyplan.com\/ca\/#\/schema\/logo\/image\/"},"sameAs":["https:\/\/www.facebook.com\/artyplan","https:\/\/www.instagram.com\/artyplan\/","https:\/\/www.linkedin.com\/company\/artyplan"],"description":"Artyplan \u00e9s una empresa especialitzada en producci\u00f3 gr\u00e0fica i comunicaci\u00f3 visual amb 60 anys dexperi\u00e8ncia. Oferim solucions integrals d'impressi\u00f3 en gran format, PLV i retail, gesti\u00f3 d'esdeveniments i fires, disseny i fabricaci\u00f3 a mida, log\u00edstica i serveis d'instal\u00b7laci\u00f3 a tot el territori. Treballem per a marques, ag\u00e8ncies, espais comercials i institucions que necessiten un partner fiable per desenvolupar campanyes de m\u00e0rqueting, projectes de retail i accions de branding o m\u00e0rqueting. Combinem tecnologia avan\u00e7ada d\u00b4impressi\u00f3 digital, un equip expert i una gesti\u00f3 completa de projectes per garantir qualitat, agilitat i resultats a mida per a cada client. Disposem de plataformes B2B que faciliten als nostres clients la gesti\u00f3 de les comandes de materials impresos aix\u00ed com la log\u00edstica dels mateixos.","email":"info@artyplan.com","telephone":"+34 93 200 87 99","legalName":"Artyplan S.L.","vatID":"B61963229","numberOfEmployees":{"@type":"QuantitativeValue","minValue":"51","maxValue":"200"}},{"@type":"Person","@id":"https:\/\/artyplan.com\/ca\/#\/schema\/person\/0ef19accced432bc277b8d5248cd2cc0","name":"Sergio Triguero","image":{"@type":"ImageObject","inLanguage":"ca","@id":"https:\/\/artyplan.com\/ca\/#\/schema\/person\/image\/","url":"https:\/\/secure.gravatar.com\/avatar\/c742a95811ffbc635a3d111ab446f278cce576575d14970fd5d56e17580c3f23?s=96&d=mm&r=g","contentUrl":"https:\/\/secure.gravatar.com\/avatar\/c742a95811ffbc635a3d111ab446f278cce576575d14970fd5d56e17580c3f23?s=96&d=mm&r=g","caption":"Sergio Triguero"}}]}},"_links":{"self":[{"href":"https:\/\/artyplan.com\/ca\/wp-json\/wp\/v2\/posts\/5358","targetHints":{"allow":["GET"]}}],"collection":[{"href":"https:\/\/artyplan.com\/ca\/wp-json\/wp\/v2\/posts"}],"about":[{"href":"https:\/\/artyplan.com\/ca\/wp-json\/wp\/v2\/types\/post"}],"author":[{"embeddable":true,"href":"https:\/\/artyplan.com\/ca\/wp-json\/wp\/v2\/users\/3"}],"replies":[{"embeddable":true,"href":"https:\/\/artyplan.com\/ca\/wp-json\/wp\/v2\/comments?post=5358"}],"version-history":[{"count":1,"href":"https:\/\/artyplan.com\/ca\/wp-json\/wp\/v2\/posts\/5358\/revisions"}],"predecessor-version":[{"id":6424,"href":"https:\/\/artyplan.com\/ca\/wp-json\/wp\/v2\/posts\/5358\/revisions\/6424"}],"wp:featuredmedia":[{"embeddable":true,"href":"https:\/\/artyplan.com\/ca\/wp-json\/wp\/v2\/media\/5357"}],"wp:attachment":[{"href":"https:\/\/artyplan.com\/ca\/wp-json\/wp\/v2\/media?parent=5358"}],"wp:term":[{"taxonomy":"category","embeddable":true,"href":"https:\/\/artyplan.com\/ca\/wp-json\/wp\/v2\/categories?post=5358"},{"taxonomy":"post_tag","embeddable":true,"href":"https:\/\/artyplan.com\/ca\/wp-json\/wp\/v2\/tags?post=5358"}],"curies":[{"name":"wp","href":"https:\/\/api.w.org\/{rel}","templated":true}]}}