{"id":5371,"date":"2022-11-07T00:00:00","date_gmt":"2022-11-06T22:00:00","guid":{"rendered":"https:\/\/preweb.artyplan.com\/sin-categorizar\/claus-per-autoedicio-de-llibres\/"},"modified":"2025-09-07T16:11:28","modified_gmt":"2025-09-07T14:11:28","slug":"claus-per-autoedicio-de-llibres","status":"publish","type":"post","link":"https:\/\/artyplan.com\/ca\/blog\/claus-per-autoedicio-de-llibres\/","title":{"rendered":"Claus per a l&#8217;autoedici\u00f3 de llibres"},"content":{"rendered":"<p>La <strong>impressi\u00f3 de llibres personalitzats<\/strong> permet obtenir solucions individualitzades, tant en grans com en petites tirades. Les editorials petites, l&#8217;autoedici\u00f3 de llibres en l&#8217;\u00e0mbit literari o acad\u00e8mic \u2014sobretot, els professors d&#8217;universitat per a publicar les seves tesis i recerques\u2014 i algunes institucions recorren habitualment a aquest servei. T&#8217;interessa el tema? Atent als seg\u00fcents detalls.<\/p>\n<h2>Com autoeditar el teu llibre?<\/h2>\n<p>Redactar, il\u00b7lustrar i editar un llibre \u00e9s un proc\u00e9s complex, per\u00f2 tamb\u00e9 meravell\u00f3s. La<strong> impressi\u00f3 de llibres sota demanda<\/strong> permet comptar amb un n\u00famero molt redu\u00eft d&#8217;ells sense renunciar a les seves caracter\u00edstiques f\u00edsiques m\u00e9s cridaneres. Aix\u00ed, es poden <strong>imprimir llibres de tapa dura o tova<\/strong> en molt diferents formats.<\/p>\n<p>Per a aconseguir els millors resultats el <strong>sistema d&#8217;impressi\u00f3<\/strong> \u00e9s fonamental a l&#8217;hora d&#8217;imprimir llibres. Tens dues grans opcions:<\/p>\n<h3>Impressi\u00f3 digital llibres sota demanda<\/h3>\n<p>Ideal per a imprimir quantitats redu\u00efdes i\/o llibres personalitzats. Avui dia, la impressi\u00f3 digital ofereix una alta qualitat i la possibilitat d&#8217;utilitzar molts tipus de paper i efectes com\u00a0Stamping, Reserva UVI&#8230; Si parlem de quantitats que es puguin imprimir, van des <strong>d&#8217;1 unitat fins a unes 200 0 250 unitats<\/strong>.<\/p>\n<h3>Impressi\u00f3 offset de llibres<\/h3>\n<p>Si necessites m\u00e9s quantitats (a partir de <strong>250 exemplars<\/strong>, aproximadament), pots rec\u00f3rrer a la impressi\u00f3 offset. Ens ofereix una alta qualitat amb les mateixes caracter\u00edstiques que la impressi\u00f3 digital, quant a papers i acabats, aix\u00f2 s\u00ed, afegeix la possibilitat <strong>d&#8217;imprimir colors directes (Pantone)<\/strong>. S&#8217;utilitza per a imprimir llibres de text, cat\u00e0legs d&#8217;art, literatura d&#8217;edici\u00f3 cuidada, etc.<\/p>\n<h2>Quin \u00e9s el format ideal per a un llibre?<\/h2>\n<p>En l&#8217;edici\u00f3 de llibres, la creativitat no t\u00e9 l\u00edmits i, tampoc, tamanys. En general, aquests s\u00f3n els <strong>tamanys normalitzats m\u00e9s populars<\/strong>:<\/p>\n<p>&#8211; Llibres de butxaca. 148 x 210 mm (A5), 170 x 240 mm i 152 x 230 mm.<br \/>\n&#8211; Llibres de poesia. El 120 x 180 i l&#8217;A5 s\u00f3n molt habituals.<br \/>\n&#8211; Contes infantils i llibres de fotos. 210 x 210 i 210 x 297 (A4).<br \/>\n&#8211; Llibres de text. L&#8217;A4.<\/p>\n<h2>Quin tipus de paper s&#8217;usa per als llibres?<\/h2>\n<p>Actualment, es poden utilitzar molts tipus de paper, des del paper m\u00e9s com\u00fa al m\u00e9s especial. Per exemple, per a llibres de novel\u00b7la el m\u00e9s utilitzat \u00e9s el paper offset, que podem trobar-lo en <strong>offset blanc com l&#8217;offset ahuesado, amb un gramatge entre 70 i 120 grams.<\/strong><\/p>\n<p>Tamb\u00e9 els <strong>papers estucats<\/strong>, amb un acabat m\u00e9s suau i delicat, s\u00f3n una bona <strong>alternativa per a llibres amb imatges m\u00e9s vives<\/strong> i donar una sensaci\u00f3 de m\u00e9s contrast. A m\u00e9s, s&#8217;ha de triar el gramatge \u2014per als llibres, <strong>normalment entre 90 i 200 grams<\/strong>\u2014, l&#8217;aspecte en lluentor o mat i el color. En un llibre f\u00edsic, sempre s\u00f3n decisions determinants per a la satisfacci\u00f3 final.<\/p>\n<h3>Tipus d&#8217;enquadernaci\u00f3 de llibres<\/h3>\n<p>Per a finalitzar haurem de triar el tipus d&#8217;enquadernaci\u00f3 que ens pot ajudar a donar el toc final al nostre llibre.<\/p>\n<p>Podem triar un <strong>encolat en tapa tova o tapa dura.<\/strong> O si volem que el nostre llibre tingui m\u00e9s resist\u00e8ncia, podrem optar pel<strong> cosit tapa tova o tapa dura<\/strong>.<\/p>\n<p>La tapa dura dona un acabat m\u00e9s elegant i t\u00e9 una major excel\u00b7l\u00e8ncia en llegir-lo, mentre que la tapa tova fa al llibre m\u00e9s manejable i c\u00f2mode en el dia a dia. Pots triar entre l&#8217;una o l&#8217;altra segons les teves necessitats o expectatives.<\/p>\n<h2>Impressi\u00f3 de llibres a demanda. Quant costa imprimir un llibre?<\/h2>\n<p>La tecnologia actual permet imprimir llibres sota demanda. A vegades fins a un! Aix\u00f2 s\u00ed, el cost unitari surt molt m\u00e9s ajustat a partir de 25 o 50 unitats, en funci\u00f3 de les caracter\u00edstiques del llibre.<\/p>\n<p>En aquest sentit, factors com el tamany, el nombre de p\u00e0gines, si va a color o en blanc i negre, la qualitat del paper, el tipus d&#8217;enquadernaci\u00f3 i els tractaments especials <strong>condicionen el preu final del projecte<\/strong>.<\/p>\n<p>El millor \u00e9s que acudeixis a una <a href=\"http:\/\/artyplan.com\/ca\/contacte\" target=\"_blank\" rel=\"noopener\">impremta de llibres a Barcelona<\/a> de m\u00e0xima confian\u00e7a. En\u00a0Artyplan\u00a0t&#8217;ajudarem a decidir correctament per a <strong>aconseguir la impressi\u00f3 de llibres personalitzats<\/strong> que desitges. Ho farem mirant per tu i ajustant el pressupost al que realment est\u00e0s buscant.<\/p>\n","protected":false},"excerpt":{"rendered":"<p>La impressi\u00f3 de llibres personalitzats permet obtenir solucions individualitzades, tant en grans com en petites tirades. Les editorials petites, l&#8217;autoedici\u00f3 de llibres en l&#8217;\u00e0mbit literari o acad\u00e8mic \u2014sobretot, els professors d&#8217;universitat per a publicar les seves tesis i recerques\u2014 i algunes institucions recorren habitualment a aquest servei. T&#8217;interessa el tema? Atent als seg\u00fcents detalls. Com [&hellip;]<\/p>\n","protected":false},"author":3,"featured_media":5370,"comment_status":"closed","ping_status":"closed","sticky":false,"template":"","format":"standard","meta":{"footnotes":""},"categories":[1],"tags":[],"class_list":["post-5371","post","type-post","status-publish","format-standard","has-post-thumbnail","hentry","category-sense-categoritzar"],"yoast_head":"<!-- This site is optimized with the Yoast SEO Premium plugin v26.5 (Yoast SEO v26.5) - https:\/\/yoast.com\/wordpress\/plugins\/seo\/ -->\n<title>Claus per a la autoedici\u00f3 de llibres | Artyplan<\/title>\n<meta name=\"description\" content=\"Com realitzar la autoedici\u00f3 de llibres i la seva impressi\u00f3: tipus de paper, formats, enquadernacions i altres aspectes a tenir en compte.\" \/>\n<meta name=\"robots\" content=\"index, follow, max-snippet:-1, max-image-preview:large, max-video-preview:-1\" \/>\n<link rel=\"canonical\" href=\"https:\/\/artyplan.com\/ca\/blog\/claus-per-autoedicio-de-llibres\/\" \/>\n<meta property=\"og:locale\" content=\"ca_ES\" \/>\n<meta property=\"og:type\" content=\"article\" \/>\n<meta property=\"og:title\" content=\"Claus per a l&#039;autoedici\u00f3 de llibres\" \/>\n<meta property=\"og:description\" content=\"Com realitzar la autoedici\u00f3 de llibres i la seva impressi\u00f3: tipus de paper, formats, enquadernacions i altres aspectes a tenir en compte.\" \/>\n<meta property=\"og:url\" content=\"https:\/\/artyplan.com\/ca\/blog\/claus-per-autoedicio-de-llibres\/\" \/>\n<meta property=\"og:site_name\" content=\"Artyplan\" \/>\n<meta property=\"article:publisher\" content=\"https:\/\/www.facebook.com\/artyplan\" \/>\n<meta property=\"article:published_time\" content=\"2022-11-06T22:00:00+00:00\" \/>\n<meta property=\"article:modified_time\" content=\"2025-09-07T14:11:28+00:00\" \/>\n<meta property=\"og:image\" content=\"https:\/\/artyplan.com\/wp-content\/uploads\/2025\/09\/autoedicion-de-libros-scaled-1.jpg\" \/>\n\t<meta property=\"og:image:width\" content=\"2560\" \/>\n\t<meta property=\"og:image:height\" content=\"1707\" \/>\n\t<meta property=\"og:image:type\" content=\"image\/jpeg\" \/>\n<meta name=\"author\" content=\"Sergio Triguero\" \/>\n<meta name=\"twitter:card\" content=\"summary_large_image\" \/>\n<meta name=\"twitter:label1\" content=\"Escrit per\" \/>\n\t<meta name=\"twitter:data1\" content=\"Sergio Triguero\" \/>\n\t<meta name=\"twitter:label2\" content=\"Temps estimat de lectura\" \/>\n\t<meta name=\"twitter:data2\" content=\"3 minuts\" \/>\n<script type=\"application\/ld+json\" class=\"yoast-schema-graph\">{\"@context\":\"https:\/\/schema.org\",\"@graph\":[{\"@type\":\"Article\",\"@id\":\"https:\/\/artyplan.com\/ca\/blog\/claus-per-autoedicio-de-llibres\/#article\",\"isPartOf\":{\"@id\":\"https:\/\/artyplan.com\/ca\/blog\/claus-per-autoedicio-de-llibres\/\"},\"author\":{\"name\":\"Sergio Triguero\",\"@id\":\"https:\/\/artyplan.com\/ca\/#\/schema\/person\/0ef19accced432bc277b8d5248cd2cc0\"},\"headline\":\"Claus per a l&#8217;autoedici\u00f3 de llibres\",\"datePublished\":\"2022-11-06T22:00:00+00:00\",\"dateModified\":\"2025-09-07T14:11:28+00:00\",\"mainEntityOfPage\":{\"@id\":\"https:\/\/artyplan.com\/ca\/blog\/claus-per-autoedicio-de-llibres\/\"},\"wordCount\":727,\"publisher\":{\"@id\":\"https:\/\/artyplan.com\/ca\/#organization\"},\"image\":{\"@id\":\"https:\/\/artyplan.com\/ca\/blog\/claus-per-autoedicio-de-llibres\/#primaryimage\"},\"thumbnailUrl\":\"https:\/\/artyplan.com\/wp-content\/uploads\/2025\/09\/autoedicion-de-libros-scaled-1.jpg\",\"articleSection\":[\"Sense-categoritzar\"],\"inLanguage\":\"ca\"},{\"@type\":\"WebPage\",\"@id\":\"https:\/\/artyplan.com\/ca\/blog\/claus-per-autoedicio-de-llibres\/\",\"url\":\"https:\/\/artyplan.com\/ca\/blog\/claus-per-autoedicio-de-llibres\/\",\"name\":\"Claus per a la autoedici\u00f3 de llibres | Artyplan\",\"isPartOf\":{\"@id\":\"https:\/\/artyplan.com\/ca\/#website\"},\"primaryImageOfPage\":{\"@id\":\"https:\/\/artyplan.com\/ca\/blog\/claus-per-autoedicio-de-llibres\/#primaryimage\"},\"image\":{\"@id\":\"https:\/\/artyplan.com\/ca\/blog\/claus-per-autoedicio-de-llibres\/#primaryimage\"},\"thumbnailUrl\":\"https:\/\/artyplan.com\/wp-content\/uploads\/2025\/09\/autoedicion-de-libros-scaled-1.jpg\",\"datePublished\":\"2022-11-06T22:00:00+00:00\",\"dateModified\":\"2025-09-07T14:11:28+00:00\",\"description\":\"Com realitzar la autoedici\u00f3 de llibres i la seva impressi\u00f3: tipus de paper, formats, enquadernacions i altres aspectes a tenir en compte.\",\"breadcrumb\":{\"@id\":\"https:\/\/artyplan.com\/ca\/blog\/claus-per-autoedicio-de-llibres\/#breadcrumb\"},\"inLanguage\":\"ca\",\"potentialAction\":[{\"@type\":\"ReadAction\",\"target\":[\"https:\/\/artyplan.com\/ca\/blog\/claus-per-autoedicio-de-llibres\/\"]}]},{\"@type\":\"ImageObject\",\"inLanguage\":\"ca\",\"@id\":\"https:\/\/artyplan.com\/ca\/blog\/claus-per-autoedicio-de-llibres\/#primaryimage\",\"url\":\"https:\/\/artyplan.com\/wp-content\/uploads\/2025\/09\/autoedicion-de-libros-scaled-1.jpg\",\"contentUrl\":\"https:\/\/artyplan.com\/wp-content\/uploads\/2025\/09\/autoedicion-de-libros-scaled-1.jpg\",\"width\":2560,\"height\":1707,\"caption\":\"autoedici\u00f3 de llibres|autoedici\u00f3-llibres|autoedici\u00f3n de libros\"},{\"@type\":\"BreadcrumbList\",\"@id\":\"https:\/\/artyplan.com\/ca\/blog\/claus-per-autoedicio-de-llibres\/#breadcrumb\",\"itemListElement\":[{\"@type\":\"ListItem\",\"position\":1,\"name\":\"Artyplan\",\"item\":\"https:\/\/artyplan.com\/ca\/\"},{\"@type\":\"ListItem\",\"position\":2,\"name\":\"Claus per a l&#8217;autoedici\u00f3 de llibres\"}]},{\"@type\":\"WebSite\",\"@id\":\"https:\/\/artyplan.com\/ca\/#website\",\"url\":\"https:\/\/artyplan.com\/ca\/\",\"name\":\"Artyplan\",\"description\":\"\",\"publisher\":{\"@id\":\"https:\/\/artyplan.com\/ca\/#organization\"},\"potentialAction\":[{\"@type\":\"SearchAction\",\"target\":{\"@type\":\"EntryPoint\",\"urlTemplate\":\"https:\/\/artyplan.com\/ca\/?s={search_term_string}\"},\"query-input\":{\"@type\":\"PropertyValueSpecification\",\"valueRequired\":true,\"valueName\":\"search_term_string\"}}],\"inLanguage\":\"ca\"},{\"@type\":\"Organization\",\"@id\":\"https:\/\/artyplan.com\/ca\/#organization\",\"name\":\"Artyplan\",\"url\":\"https:\/\/artyplan.com\/ca\/\",\"logo\":{\"@type\":\"ImageObject\",\"inLanguage\":\"ca\",\"@id\":\"https:\/\/artyplan.com\/ca\/#\/schema\/logo\/image\/\",\"url\":\"https:\/\/artyplan.com\/wp-content\/uploads\/2025\/12\/Logo-artyplan-690x690-1.png\",\"contentUrl\":\"https:\/\/artyplan.com\/wp-content\/uploads\/2025\/12\/Logo-artyplan-690x690-1.png\",\"width\":690,\"height\":690,\"caption\":\"Artyplan\"},\"image\":{\"@id\":\"https:\/\/artyplan.com\/ca\/#\/schema\/logo\/image\/\"},\"sameAs\":[\"https:\/\/www.facebook.com\/artyplan\",\"https:\/\/www.instagram.com\/artyplan\/\",\"https:\/\/www.linkedin.com\/company\/artyplan\"],\"description\":\"Artyplan \u00e9s una empresa especialitzada en producci\u00f3 gr\u00e0fica i comunicaci\u00f3 visual amb 60 anys dexperi\u00e8ncia. Oferim solucions integrals d'impressi\u00f3 en gran format, PLV i retail, gesti\u00f3 d'esdeveniments i fires, disseny i fabricaci\u00f3 a mida, log\u00edstica i serveis d'instal\u00b7laci\u00f3 a tot el territori. Treballem per a marques, ag\u00e8ncies, espais comercials i institucions que necessiten un partner fiable per desenvolupar campanyes de m\u00e0rqueting, projectes de retail i accions de branding o m\u00e0rqueting. Combinem tecnologia avan\u00e7ada d\u00b4impressi\u00f3 digital, un equip expert i una gesti\u00f3 completa de projectes per garantir qualitat, agilitat i resultats a mida per a cada client. Disposem de plataformes B2B que faciliten als nostres clients la gesti\u00f3 de les comandes de materials impresos aix\u00ed com la log\u00edstica dels mateixos.\",\"email\":\"info@artyplan.com\",\"telephone\":\"+34 93 200 87 99\",\"legalName\":\"Artyplan S.L.\",\"vatID\":\"B61963229\",\"numberOfEmployees\":{\"@type\":\"QuantitativeValue\",\"minValue\":\"51\",\"maxValue\":\"200\"}},{\"@type\":\"Person\",\"@id\":\"https:\/\/artyplan.com\/ca\/#\/schema\/person\/0ef19accced432bc277b8d5248cd2cc0\",\"name\":\"Sergio Triguero\",\"image\":{\"@type\":\"ImageObject\",\"inLanguage\":\"ca\",\"@id\":\"https:\/\/artyplan.com\/ca\/#\/schema\/person\/image\/\",\"url\":\"https:\/\/secure.gravatar.com\/avatar\/c742a95811ffbc635a3d111ab446f278cce576575d14970fd5d56e17580c3f23?s=96&d=mm&r=g\",\"contentUrl\":\"https:\/\/secure.gravatar.com\/avatar\/c742a95811ffbc635a3d111ab446f278cce576575d14970fd5d56e17580c3f23?s=96&d=mm&r=g\",\"caption\":\"Sergio Triguero\"}}]}<\/script>\n<!-- \/ Yoast SEO Premium plugin. -->","yoast_head_json":{"title":"Claus per a la autoedici\u00f3 de llibres | Artyplan","description":"Com realitzar la autoedici\u00f3 de llibres i la seva impressi\u00f3: tipus de paper, formats, enquadernacions i altres aspectes a tenir en compte.","robots":{"index":"index","follow":"follow","max-snippet":"max-snippet:-1","max-image-preview":"max-image-preview:large","max-video-preview":"max-video-preview:-1"},"canonical":"https:\/\/artyplan.com\/ca\/blog\/claus-per-autoedicio-de-llibres\/","og_locale":"ca_ES","og_type":"article","og_title":"Claus per a l'autoedici\u00f3 de llibres","og_description":"Com realitzar la autoedici\u00f3 de llibres i la seva impressi\u00f3: tipus de paper, formats, enquadernacions i altres aspectes a tenir en compte.","og_url":"https:\/\/artyplan.com\/ca\/blog\/claus-per-autoedicio-de-llibres\/","og_site_name":"Artyplan","article_publisher":"https:\/\/www.facebook.com\/artyplan","article_published_time":"2022-11-06T22:00:00+00:00","article_modified_time":"2025-09-07T14:11:28+00:00","og_image":[{"width":2560,"height":1707,"url":"https:\/\/artyplan.com\/wp-content\/uploads\/2025\/09\/autoedicion-de-libros-scaled-1.jpg","type":"image\/jpeg"}],"author":"Sergio Triguero","twitter_card":"summary_large_image","twitter_misc":{"Escrit per":"Sergio Triguero","Temps estimat de lectura":"3 minuts"},"schema":{"@context":"https:\/\/schema.org","@graph":[{"@type":"Article","@id":"https:\/\/artyplan.com\/ca\/blog\/claus-per-autoedicio-de-llibres\/#article","isPartOf":{"@id":"https:\/\/artyplan.com\/ca\/blog\/claus-per-autoedicio-de-llibres\/"},"author":{"name":"Sergio Triguero","@id":"https:\/\/artyplan.com\/ca\/#\/schema\/person\/0ef19accced432bc277b8d5248cd2cc0"},"headline":"Claus per a l&#8217;autoedici\u00f3 de llibres","datePublished":"2022-11-06T22:00:00+00:00","dateModified":"2025-09-07T14:11:28+00:00","mainEntityOfPage":{"@id":"https:\/\/artyplan.com\/ca\/blog\/claus-per-autoedicio-de-llibres\/"},"wordCount":727,"publisher":{"@id":"https:\/\/artyplan.com\/ca\/#organization"},"image":{"@id":"https:\/\/artyplan.com\/ca\/blog\/claus-per-autoedicio-de-llibres\/#primaryimage"},"thumbnailUrl":"https:\/\/artyplan.com\/wp-content\/uploads\/2025\/09\/autoedicion-de-libros-scaled-1.jpg","articleSection":["Sense-categoritzar"],"inLanguage":"ca"},{"@type":"WebPage","@id":"https:\/\/artyplan.com\/ca\/blog\/claus-per-autoedicio-de-llibres\/","url":"https:\/\/artyplan.com\/ca\/blog\/claus-per-autoedicio-de-llibres\/","name":"Claus per a la autoedici\u00f3 de llibres | Artyplan","isPartOf":{"@id":"https:\/\/artyplan.com\/ca\/#website"},"primaryImageOfPage":{"@id":"https:\/\/artyplan.com\/ca\/blog\/claus-per-autoedicio-de-llibres\/#primaryimage"},"image":{"@id":"https:\/\/artyplan.com\/ca\/blog\/claus-per-autoedicio-de-llibres\/#primaryimage"},"thumbnailUrl":"https:\/\/artyplan.com\/wp-content\/uploads\/2025\/09\/autoedicion-de-libros-scaled-1.jpg","datePublished":"2022-11-06T22:00:00+00:00","dateModified":"2025-09-07T14:11:28+00:00","description":"Com realitzar la autoedici\u00f3 de llibres i la seva impressi\u00f3: tipus de paper, formats, enquadernacions i altres aspectes a tenir en compte.","breadcrumb":{"@id":"https:\/\/artyplan.com\/ca\/blog\/claus-per-autoedicio-de-llibres\/#breadcrumb"},"inLanguage":"ca","potentialAction":[{"@type":"ReadAction","target":["https:\/\/artyplan.com\/ca\/blog\/claus-per-autoedicio-de-llibres\/"]}]},{"@type":"ImageObject","inLanguage":"ca","@id":"https:\/\/artyplan.com\/ca\/blog\/claus-per-autoedicio-de-llibres\/#primaryimage","url":"https:\/\/artyplan.com\/wp-content\/uploads\/2025\/09\/autoedicion-de-libros-scaled-1.jpg","contentUrl":"https:\/\/artyplan.com\/wp-content\/uploads\/2025\/09\/autoedicion-de-libros-scaled-1.jpg","width":2560,"height":1707,"caption":"autoedici\u00f3 de llibres|autoedici\u00f3-llibres|autoedici\u00f3n de libros"},{"@type":"BreadcrumbList","@id":"https:\/\/artyplan.com\/ca\/blog\/claus-per-autoedicio-de-llibres\/#breadcrumb","itemListElement":[{"@type":"ListItem","position":1,"name":"Artyplan","item":"https:\/\/artyplan.com\/ca\/"},{"@type":"ListItem","position":2,"name":"Claus per a l&#8217;autoedici\u00f3 de llibres"}]},{"@type":"WebSite","@id":"https:\/\/artyplan.com\/ca\/#website","url":"https:\/\/artyplan.com\/ca\/","name":"Artyplan","description":"","publisher":{"@id":"https:\/\/artyplan.com\/ca\/#organization"},"potentialAction":[{"@type":"SearchAction","target":{"@type":"EntryPoint","urlTemplate":"https:\/\/artyplan.com\/ca\/?s={search_term_string}"},"query-input":{"@type":"PropertyValueSpecification","valueRequired":true,"valueName":"search_term_string"}}],"inLanguage":"ca"},{"@type":"Organization","@id":"https:\/\/artyplan.com\/ca\/#organization","name":"Artyplan","url":"https:\/\/artyplan.com\/ca\/","logo":{"@type":"ImageObject","inLanguage":"ca","@id":"https:\/\/artyplan.com\/ca\/#\/schema\/logo\/image\/","url":"https:\/\/artyplan.com\/wp-content\/uploads\/2025\/12\/Logo-artyplan-690x690-1.png","contentUrl":"https:\/\/artyplan.com\/wp-content\/uploads\/2025\/12\/Logo-artyplan-690x690-1.png","width":690,"height":690,"caption":"Artyplan"},"image":{"@id":"https:\/\/artyplan.com\/ca\/#\/schema\/logo\/image\/"},"sameAs":["https:\/\/www.facebook.com\/artyplan","https:\/\/www.instagram.com\/artyplan\/","https:\/\/www.linkedin.com\/company\/artyplan"],"description":"Artyplan \u00e9s una empresa especialitzada en producci\u00f3 gr\u00e0fica i comunicaci\u00f3 visual amb 60 anys dexperi\u00e8ncia. Oferim solucions integrals d'impressi\u00f3 en gran format, PLV i retail, gesti\u00f3 d'esdeveniments i fires, disseny i fabricaci\u00f3 a mida, log\u00edstica i serveis d'instal\u00b7laci\u00f3 a tot el territori. Treballem per a marques, ag\u00e8ncies, espais comercials i institucions que necessiten un partner fiable per desenvolupar campanyes de m\u00e0rqueting, projectes de retail i accions de branding o m\u00e0rqueting. Combinem tecnologia avan\u00e7ada d\u00b4impressi\u00f3 digital, un equip expert i una gesti\u00f3 completa de projectes per garantir qualitat, agilitat i resultats a mida per a cada client. Disposem de plataformes B2B que faciliten als nostres clients la gesti\u00f3 de les comandes de materials impresos aix\u00ed com la log\u00edstica dels mateixos.","email":"info@artyplan.com","telephone":"+34 93 200 87 99","legalName":"Artyplan S.L.","vatID":"B61963229","numberOfEmployees":{"@type":"QuantitativeValue","minValue":"51","maxValue":"200"}},{"@type":"Person","@id":"https:\/\/artyplan.com\/ca\/#\/schema\/person\/0ef19accced432bc277b8d5248cd2cc0","name":"Sergio Triguero","image":{"@type":"ImageObject","inLanguage":"ca","@id":"https:\/\/artyplan.com\/ca\/#\/schema\/person\/image\/","url":"https:\/\/secure.gravatar.com\/avatar\/c742a95811ffbc635a3d111ab446f278cce576575d14970fd5d56e17580c3f23?s=96&d=mm&r=g","contentUrl":"https:\/\/secure.gravatar.com\/avatar\/c742a95811ffbc635a3d111ab446f278cce576575d14970fd5d56e17580c3f23?s=96&d=mm&r=g","caption":"Sergio Triguero"}}]}},"_links":{"self":[{"href":"https:\/\/artyplan.com\/ca\/wp-json\/wp\/v2\/posts\/5371","targetHints":{"allow":["GET"]}}],"collection":[{"href":"https:\/\/artyplan.com\/ca\/wp-json\/wp\/v2\/posts"}],"about":[{"href":"https:\/\/artyplan.com\/ca\/wp-json\/wp\/v2\/types\/post"}],"author":[{"embeddable":true,"href":"https:\/\/artyplan.com\/ca\/wp-json\/wp\/v2\/users\/3"}],"replies":[{"embeddable":true,"href":"https:\/\/artyplan.com\/ca\/wp-json\/wp\/v2\/comments?post=5371"}],"version-history":[{"count":1,"href":"https:\/\/artyplan.com\/ca\/wp-json\/wp\/v2\/posts\/5371\/revisions"}],"predecessor-version":[{"id":6433,"href":"https:\/\/artyplan.com\/ca\/wp-json\/wp\/v2\/posts\/5371\/revisions\/6433"}],"wp:featuredmedia":[{"embeddable":true,"href":"https:\/\/artyplan.com\/ca\/wp-json\/wp\/v2\/media\/5370"}],"wp:attachment":[{"href":"https:\/\/artyplan.com\/ca\/wp-json\/wp\/v2\/media?parent=5371"}],"wp:term":[{"taxonomy":"category","embeddable":true,"href":"https:\/\/artyplan.com\/ca\/wp-json\/wp\/v2\/categories?post=5371"},{"taxonomy":"post_tag","embeddable":true,"href":"https:\/\/artyplan.com\/ca\/wp-json\/wp\/v2\/tags?post=5371"}],"curies":[{"name":"wp","href":"https:\/\/api.w.org\/{rel}","templated":true}]}}