{"id":5379,"date":"2022-11-16T00:00:00","date_gmt":"2022-11-15T22:00:00","guid":{"rendered":"https:\/\/preweb.artyplan.com\/sin-categorizar\/com-decorar-un-negoci-per-nadal-amb-materials-grafics-sostenibles\/"},"modified":"2026-01-30T13:55:02","modified_gmt":"2026-01-30T11:55:02","slug":"com-decorar-un-negoci-per-nadal-amb-materials-grafics-sostenibles","status":"publish","type":"post","link":"https:\/\/artyplan.com\/ca\/blog\/com-decorar-un-negoci-per-nadal-amb-materials-grafics-sostenibles\/","title":{"rendered":"Decoraci\u00f3 de Nadal per a negocis sostenibles"},"content":{"rendered":"<div class=\"btns-llengues row\">\n<div class=\"col-xs-12\"><strong>\u00c9s moment de decorar el teu negoci per Nadal!<\/strong> No ho dubtis, \u00e9s un factor determinant per a incrementar l&#8217;aflu\u00e8ncia i les vendes en el teu establiment. \u00c9s igual si tens un petit comer\u00e7 o un gran negoci. En aquestes dates tan entranyables i vistoses, la <strong>decoraci\u00f3 nadalenca per a aparadors i botigues<\/strong> \u00e9s una eina de m\u00e0rqueting irrenunciable.<\/div>\n<\/div>\n<form class=\"formulari form-horizontal\">\n<div class=\"traductor-textarea form-group\">\n<div class=\"textarea-desti col-xs-12 col-sm-6\">\n<div><\/div>\n<div class=\"form-control second-textarea\">L&#8217;\u00e8poca nadalenca \u00e9s una gran oportunitat per a atreure a molts clients amb una est\u00e8tica cuidada, sostenible i en base amb aquestes celebracions.<\/div>\n<h2 class=\"form-control second-textarea\">La decoraci\u00f3 d&#8217;aparadors per Nadal<\/h2>\n<div class=\"form-control second-textarea\">\n<p>En aquestes dates, les fam\u00edlies surten al carrer, passegen juntes i <strong>busquen regals per als seus familiars<\/strong>. Els carrers estan engalanats i especialment il\u00b7luminats. Com a comerciant, no has de quedar-te enrere. Aprofita per a causar una excel\u00b7lent impressi\u00f3 <strong>per Nadal!<\/strong> Destaca i crida l&#8217;atenci\u00f3 per a atreure a una gran quantitat de persones cap al teu negoci. Les possibilitats s\u00f3n moltes. Per exemple, si vens joguines o articles infantils, podries col\u00b7locar un ninot de neu confeccionat amb cart\u00f3 i diferents rens i avets de paper. Qu\u00e8 et sembla posar un <a href=\"http:\/\/artyplan.com\/ca\/productes-impressio\/serveis-dimpressio-de-gran-format\/vinils-impres\/\"><strong>vinil de Nadal<\/strong><\/a>?<\/p>\n<p>Si vens moda, pots incloure <strong>cartells impresos en paper recicla<\/strong>t amb llegendes i imatges sobre les celebracions m\u00e9s t\u00edpiques en aquest per\u00edode. Estrenar conjunt en la Nit de Nadal, la Nit de Cap d&#8217;Any, Reis o el sopar d&#8217;empresa s\u00f3n bons est\u00edmuls per al teu p\u00fablic.<\/p>\n<p>En un supermercat o grans superf\u00edcies \u00e9s procedent col\u00b7locar <a href=\"http:\/\/artyplan.com\/ca\/productes-impressio\/packaging\/plv\/\"><strong>expositors per a botigues<\/strong><\/a> al costat de les caixes de pagament per a afavorir les compres per impuls. A m\u00e9s, hi ha la possibilitat d&#8217;anunciar receptes per als banquets familiars, elaborades amb productes de l&#8217;establiment.<\/p>\n<p>Tamb\u00e9 les <a href=\"http:\/\/artyplan.com\/ca\/productes-impressio\/serveis-dimpressio-de-gran-format\/lones\/\"><strong>lones publicit\u00e0ries<\/strong><\/a>, els cartells i els vinils al\u00b7lusius a la compra de regals, per exemple per a l&#8217;amic invisible, Pare Nadal o el Dia de Reis, s\u00f3n excel\u00b7lents reclams per a animar a con\u00e8ixer una botiga.<\/p>\n<p>A m\u00e9s, els protagonistes tradicionals d&#8217;aquestes dates tenen un poder magn\u00e8tic per a tots. Quin nen deixa de mirar a un Pare Nadal impactant que aparegui en un cartell de gran format, molt ben il\u00b7luminat en un aparador? Quin adult passa de llarg davant la imatge d&#8217;una persona famosa disfressada de Rei Mag que l&#8217;informa sobre una promoci\u00f3 irresistible?<\/p>\n<p>Els teus aparadors, si els treballes b\u00e9 per al teu p\u00fablic objectiu, no sols serveixen per a <strong>decorar comer\u00e7os per Nadal<\/strong>. S\u00f3n un recurs de comercialitzaci\u00f3 efica\u00e7 i amb retorn.<\/p>\n<h2>Materials gr\u00e0fics sostenibles per Nadal<\/h2>\n<p>Entre l&#8217;oferta de materials gr\u00e0fics ecol\u00f2gics al teu abast destaquen les seg\u00fcents alternatives per a decorar el teu negoci per Nadal:<\/p>\n<ul>\n<li><strong>Vinils decoratius<\/strong> realitzats amb tintes ecol\u00f2giques no contaminants, per exemple, la de l\u00e0tex.<strong><img fetchpriority=\"high\" decoding=\"async\" class=\" wp-image-8379 alignright\" src=\"https:\/\/preweb.artyplan.com\/wp-content\/uploads\/2025\/09\/arbol-rojo-203x300.png\" alt=\"arbre nadal carto\" width=\"262\" height=\"387\" \/><\/strong><\/li>\n<li><strong>Lones publicit\u00e0ries<\/strong> elaborades en poli\u00e8ster sense PVC i altres materials t\u00e8xtils sostenibles.<\/li>\n<li><strong>Elements de PLV<\/strong>. Des de b\u00e0ners de diferents formats a r\u00e8tols i <strong>expositors per a promocions nadalenques<\/strong>.<\/li>\n<li><strong>Cartelleria impresa sobre paper<\/strong> o cart\u00f3 reciclat o ecol\u00f2gic.<\/li>\n<li><a href=\"http:\/\/artyplan.com\/ca\/productes-impressio\/serveis-dimpressio-de-gran-format\/retolacio\/\"><strong>Retolacions<\/strong><\/a>. Llegendes, frases, preus i diferents missatges promocionals no poden faltar en el teu local comercial<\/li>\n<li><strong>Corporis<\/strong>. En aquestes dates, aquests recursos tridimensionals, sovint elaborats amb cart\u00f3 reciclat i materials ecol\u00f2gics, criden molt l&#8217;atenci\u00f3.<\/li>\n<\/ul>\n<h2>Avantatges d&#8217;una decoraci\u00f3 nadalenca sostenible<\/h2>\n<p>En aquestes dates, i durant tot l&#8217;any, la <strong>decoraci\u00f3 comercial ha de ser ecol\u00f2gica i sostenible<\/strong>. D&#8217;aquesta manera reforces la teva imatge d&#8217;empresa socialment responsable i contribueixes a millorar el futur del nostre planeta. Aquests valors encanten al p\u00fablic actual, sobretot als joves, que s&#8217;identificaran amb la teva marca.<\/p>\n<p>A m\u00e9s, aquests elements i suports s\u00f3n bastant assequibles. No dubtis a <a href=\"http:\/\/artyplan.com\/ca\/contacte\/\"><strong>contactar ara amb\u00a0Artyplan<\/strong><\/a>, demana&#8217;ns un projecte personalitzat per al teu establiment. Prepararem un pressupost i una soluci\u00f3 a mesura.<\/p>\n<\/div>\n<\/div>\n<\/div>\n<\/form>\n","protected":false},"excerpt":{"rendered":"<p>\u00c9s moment de decorar el teu negoci per Nadal! No ho dubtis, \u00e9s un factor determinant per a incrementar l&#8217;aflu\u00e8ncia i les vendes en el teu establiment. \u00c9s igual si tens un petit comer\u00e7 o un gran negoci. En aquestes dates tan entranyables i vistoses, la decoraci\u00f3 nadalenca per a aparadors i botigues \u00e9s una [&hellip;]<\/p>\n","protected":false},"author":3,"featured_media":7069,"comment_status":"closed","ping_status":"closed","sticky":false,"template":"","format":"standard","meta":{"footnotes":""},"categories":[52,54,1],"tags":[],"class_list":["post-5379","post","type-post","status-publish","format-standard","has-post-thumbnail","hentry","category-ecologic-ca","category-noticies-ca","category-sense-categoritzar"],"yoast_head":"<!-- This site is optimized with the Yoast SEO Premium plugin v26.5 (Yoast SEO v26.5) - https:\/\/yoast.com\/wordpress\/plugins\/seo\/ -->\n<title>Decoraci\u00f3 de Nadal per a negocis sostenibles<\/title>\n<meta name=\"description\" content=\"La imatge del teu establiment dep\u00e8n de la decoraci\u00f3 i m\u00e9s, en \u00e8poca nadalenca. \u00c9s moment de decorar el teu negoci per Nadal!\" \/>\n<meta name=\"robots\" content=\"index, follow, max-snippet:-1, max-image-preview:large, max-video-preview:-1\" \/>\n<link rel=\"canonical\" href=\"https:\/\/artyplan.com\/ca\/blog\/com-decorar-un-negoci-per-nadal-amb-materials-grafics-sostenibles\/\" \/>\n<meta property=\"og:locale\" content=\"ca_ES\" \/>\n<meta property=\"og:type\" content=\"article\" \/>\n<meta property=\"og:title\" content=\"Decoraci\u00f3 de Nadal per a negocis sostenibles\" \/>\n<meta property=\"og:description\" content=\"La imatge del teu establiment dep\u00e8n de la decoraci\u00f3 i m\u00e9s, en \u00e8poca nadalenca. \u00c9s moment de decorar el teu negoci per Nadal!\" \/>\n<meta property=\"og:url\" content=\"https:\/\/artyplan.com\/ca\/blog\/com-decorar-un-negoci-per-nadal-amb-materials-grafics-sostenibles\/\" \/>\n<meta property=\"og:site_name\" content=\"Artyplan\" \/>\n<meta property=\"article:publisher\" content=\"https:\/\/www.facebook.com\/artyplan\" \/>\n<meta property=\"article:published_time\" content=\"2022-11-15T22:00:00+00:00\" \/>\n<meta property=\"article:modified_time\" content=\"2026-01-30T11:55:02+00:00\" \/>\n<meta property=\"og:image\" content=\"https:\/\/artyplan.com\/wp-content\/uploads\/2025\/09\/escaparate-navidad.png\" \/>\n\t<meta property=\"og:image:width\" content=\"1920\" \/>\n\t<meta property=\"og:image:height\" content=\"600\" \/>\n\t<meta property=\"og:image:type\" content=\"image\/png\" \/>\n<meta name=\"author\" content=\"Sergio Triguero\" \/>\n<meta name=\"twitter:card\" content=\"summary_large_image\" \/>\n<meta name=\"twitter:label1\" content=\"Escrit per\" \/>\n\t<meta name=\"twitter:data1\" content=\"Sergio Triguero\" \/>\n\t<meta name=\"twitter:label2\" content=\"Temps estimat de lectura\" \/>\n\t<meta name=\"twitter:data2\" content=\"3 minuts\" \/>\n<script type=\"application\/ld+json\" class=\"yoast-schema-graph\">{\"@context\":\"https:\/\/schema.org\",\"@graph\":[{\"@type\":\"Article\",\"@id\":\"https:\/\/artyplan.com\/ca\/blog\/com-decorar-un-negoci-per-nadal-amb-materials-grafics-sostenibles\/#article\",\"isPartOf\":{\"@id\":\"https:\/\/artyplan.com\/ca\/blog\/com-decorar-un-negoci-per-nadal-amb-materials-grafics-sostenibles\/\"},\"author\":{\"name\":\"Sergio Triguero\",\"@id\":\"https:\/\/artyplan.com\/ca\/#\/schema\/person\/0ef19accced432bc277b8d5248cd2cc0\"},\"headline\":\"Decoraci\u00f3 de Nadal per a negocis sostenibles\",\"datePublished\":\"2022-11-15T22:00:00+00:00\",\"dateModified\":\"2026-01-30T11:55:02+00:00\",\"mainEntityOfPage\":{\"@id\":\"https:\/\/artyplan.com\/ca\/blog\/com-decorar-un-negoci-per-nadal-amb-materials-grafics-sostenibles\/\"},\"wordCount\":667,\"publisher\":{\"@id\":\"https:\/\/artyplan.com\/ca\/#organization\"},\"image\":{\"@id\":\"https:\/\/artyplan.com\/ca\/blog\/com-decorar-un-negoci-per-nadal-amb-materials-grafics-sostenibles\/#primaryimage\"},\"thumbnailUrl\":\"https:\/\/artyplan.com\/wp-content\/uploads\/2025\/09\/escaparate-navidad.png\",\"articleSection\":[\"Ecol\u00f2gic\",\"Noticies\",\"Sense-categoritzar\"],\"inLanguage\":\"ca\"},{\"@type\":\"WebPage\",\"@id\":\"https:\/\/artyplan.com\/ca\/blog\/com-decorar-un-negoci-per-nadal-amb-materials-grafics-sostenibles\/\",\"url\":\"https:\/\/artyplan.com\/ca\/blog\/com-decorar-un-negoci-per-nadal-amb-materials-grafics-sostenibles\/\",\"name\":\"Decoraci\u00f3 de Nadal per a negocis sostenibles\",\"isPartOf\":{\"@id\":\"https:\/\/artyplan.com\/ca\/#website\"},\"primaryImageOfPage\":{\"@id\":\"https:\/\/artyplan.com\/ca\/blog\/com-decorar-un-negoci-per-nadal-amb-materials-grafics-sostenibles\/#primaryimage\"},\"image\":{\"@id\":\"https:\/\/artyplan.com\/ca\/blog\/com-decorar-un-negoci-per-nadal-amb-materials-grafics-sostenibles\/#primaryimage\"},\"thumbnailUrl\":\"https:\/\/artyplan.com\/wp-content\/uploads\/2025\/09\/escaparate-navidad.png\",\"datePublished\":\"2022-11-15T22:00:00+00:00\",\"dateModified\":\"2026-01-30T11:55:02+00:00\",\"description\":\"La imatge del teu establiment dep\u00e8n de la decoraci\u00f3 i m\u00e9s, en \u00e8poca nadalenca. \u00c9s moment de decorar el teu negoci per Nadal!\",\"breadcrumb\":{\"@id\":\"https:\/\/artyplan.com\/ca\/blog\/com-decorar-un-negoci-per-nadal-amb-materials-grafics-sostenibles\/#breadcrumb\"},\"inLanguage\":\"ca\",\"potentialAction\":[{\"@type\":\"ReadAction\",\"target\":[\"https:\/\/artyplan.com\/ca\/blog\/com-decorar-un-negoci-per-nadal-amb-materials-grafics-sostenibles\/\"]}]},{\"@type\":\"ImageObject\",\"inLanguage\":\"ca\",\"@id\":\"https:\/\/artyplan.com\/ca\/blog\/com-decorar-un-negoci-per-nadal-amb-materials-grafics-sostenibles\/#primaryimage\",\"url\":\"https:\/\/artyplan.com\/wp-content\/uploads\/2025\/09\/escaparate-navidad.png\",\"contentUrl\":\"https:\/\/artyplan.com\/wp-content\/uploads\/2025\/09\/escaparate-navidad.png\",\"width\":1920,\"height\":600,\"caption\":\"escaparate navidad|arbre nadal carto\"},{\"@type\":\"BreadcrumbList\",\"@id\":\"https:\/\/artyplan.com\/ca\/blog\/com-decorar-un-negoci-per-nadal-amb-materials-grafics-sostenibles\/#breadcrumb\",\"itemListElement\":[{\"@type\":\"ListItem\",\"position\":1,\"name\":\"Artyplan\",\"item\":\"https:\/\/artyplan.com\/ca\/\"},{\"@type\":\"ListItem\",\"position\":2,\"name\":\"Decoraci\u00f3 de Nadal per a negocis sostenibles\"}]},{\"@type\":\"WebSite\",\"@id\":\"https:\/\/artyplan.com\/ca\/#website\",\"url\":\"https:\/\/artyplan.com\/ca\/\",\"name\":\"Artyplan\",\"description\":\"\",\"publisher\":{\"@id\":\"https:\/\/artyplan.com\/ca\/#organization\"},\"potentialAction\":[{\"@type\":\"SearchAction\",\"target\":{\"@type\":\"EntryPoint\",\"urlTemplate\":\"https:\/\/artyplan.com\/ca\/?s={search_term_string}\"},\"query-input\":{\"@type\":\"PropertyValueSpecification\",\"valueRequired\":true,\"valueName\":\"search_term_string\"}}],\"inLanguage\":\"ca\"},{\"@type\":\"Organization\",\"@id\":\"https:\/\/artyplan.com\/ca\/#organization\",\"name\":\"Artyplan\",\"url\":\"https:\/\/artyplan.com\/ca\/\",\"logo\":{\"@type\":\"ImageObject\",\"inLanguage\":\"ca\",\"@id\":\"https:\/\/artyplan.com\/ca\/#\/schema\/logo\/image\/\",\"url\":\"https:\/\/artyplan.com\/wp-content\/uploads\/2025\/12\/Logo-artyplan-690x690-1.png\",\"contentUrl\":\"https:\/\/artyplan.com\/wp-content\/uploads\/2025\/12\/Logo-artyplan-690x690-1.png\",\"width\":690,\"height\":690,\"caption\":\"Artyplan\"},\"image\":{\"@id\":\"https:\/\/artyplan.com\/ca\/#\/schema\/logo\/image\/\"},\"sameAs\":[\"https:\/\/www.facebook.com\/artyplan\",\"https:\/\/www.instagram.com\/artyplan\/\",\"https:\/\/www.linkedin.com\/company\/artyplan\"],\"description\":\"Artyplan \u00e9s una empresa especialitzada en producci\u00f3 gr\u00e0fica i comunicaci\u00f3 visual amb 60 anys dexperi\u00e8ncia. Oferim solucions integrals d'impressi\u00f3 en gran format, PLV i retail, gesti\u00f3 d'esdeveniments i fires, disseny i fabricaci\u00f3 a mida, log\u00edstica i serveis d'instal\u00b7laci\u00f3 a tot el territori. Treballem per a marques, ag\u00e8ncies, espais comercials i institucions que necessiten un partner fiable per desenvolupar campanyes de m\u00e0rqueting, projectes de retail i accions de branding o m\u00e0rqueting. Combinem tecnologia avan\u00e7ada d\u00b4impressi\u00f3 digital, un equip expert i una gesti\u00f3 completa de projectes per garantir qualitat, agilitat i resultats a mida per a cada client. Disposem de plataformes B2B que faciliten als nostres clients la gesti\u00f3 de les comandes de materials impresos aix\u00ed com la log\u00edstica dels mateixos.\",\"email\":\"info@artyplan.com\",\"telephone\":\"+34 93 200 87 99\",\"legalName\":\"Artyplan S.L.\",\"vatID\":\"B61963229\",\"numberOfEmployees\":{\"@type\":\"QuantitativeValue\",\"minValue\":\"51\",\"maxValue\":\"200\"}},{\"@type\":\"Person\",\"@id\":\"https:\/\/artyplan.com\/ca\/#\/schema\/person\/0ef19accced432bc277b8d5248cd2cc0\",\"name\":\"Sergio Triguero\",\"image\":{\"@type\":\"ImageObject\",\"inLanguage\":\"ca\",\"@id\":\"https:\/\/artyplan.com\/ca\/#\/schema\/person\/image\/\",\"url\":\"https:\/\/secure.gravatar.com\/avatar\/c742a95811ffbc635a3d111ab446f278cce576575d14970fd5d56e17580c3f23?s=96&d=mm&r=g\",\"contentUrl\":\"https:\/\/secure.gravatar.com\/avatar\/c742a95811ffbc635a3d111ab446f278cce576575d14970fd5d56e17580c3f23?s=96&d=mm&r=g\",\"caption\":\"Sergio Triguero\"}}]}<\/script>\n<!-- \/ Yoast SEO Premium plugin. -->","yoast_head_json":{"title":"Decoraci\u00f3 de Nadal per a negocis sostenibles","description":"La imatge del teu establiment dep\u00e8n de la decoraci\u00f3 i m\u00e9s, en \u00e8poca nadalenca. \u00c9s moment de decorar el teu negoci per Nadal!","robots":{"index":"index","follow":"follow","max-snippet":"max-snippet:-1","max-image-preview":"max-image-preview:large","max-video-preview":"max-video-preview:-1"},"canonical":"https:\/\/artyplan.com\/ca\/blog\/com-decorar-un-negoci-per-nadal-amb-materials-grafics-sostenibles\/","og_locale":"ca_ES","og_type":"article","og_title":"Decoraci\u00f3 de Nadal per a negocis sostenibles","og_description":"La imatge del teu establiment dep\u00e8n de la decoraci\u00f3 i m\u00e9s, en \u00e8poca nadalenca. \u00c9s moment de decorar el teu negoci per Nadal!","og_url":"https:\/\/artyplan.com\/ca\/blog\/com-decorar-un-negoci-per-nadal-amb-materials-grafics-sostenibles\/","og_site_name":"Artyplan","article_publisher":"https:\/\/www.facebook.com\/artyplan","article_published_time":"2022-11-15T22:00:00+00:00","article_modified_time":"2026-01-30T11:55:02+00:00","og_image":[{"width":1920,"height":600,"url":"https:\/\/artyplan.com\/wp-content\/uploads\/2025\/09\/escaparate-navidad.png","type":"image\/png"}],"author":"Sergio Triguero","twitter_card":"summary_large_image","twitter_misc":{"Escrit per":"Sergio Triguero","Temps estimat de lectura":"3 minuts"},"schema":{"@context":"https:\/\/schema.org","@graph":[{"@type":"Article","@id":"https:\/\/artyplan.com\/ca\/blog\/com-decorar-un-negoci-per-nadal-amb-materials-grafics-sostenibles\/#article","isPartOf":{"@id":"https:\/\/artyplan.com\/ca\/blog\/com-decorar-un-negoci-per-nadal-amb-materials-grafics-sostenibles\/"},"author":{"name":"Sergio Triguero","@id":"https:\/\/artyplan.com\/ca\/#\/schema\/person\/0ef19accced432bc277b8d5248cd2cc0"},"headline":"Decoraci\u00f3 de Nadal per a negocis sostenibles","datePublished":"2022-11-15T22:00:00+00:00","dateModified":"2026-01-30T11:55:02+00:00","mainEntityOfPage":{"@id":"https:\/\/artyplan.com\/ca\/blog\/com-decorar-un-negoci-per-nadal-amb-materials-grafics-sostenibles\/"},"wordCount":667,"publisher":{"@id":"https:\/\/artyplan.com\/ca\/#organization"},"image":{"@id":"https:\/\/artyplan.com\/ca\/blog\/com-decorar-un-negoci-per-nadal-amb-materials-grafics-sostenibles\/#primaryimage"},"thumbnailUrl":"https:\/\/artyplan.com\/wp-content\/uploads\/2025\/09\/escaparate-navidad.png","articleSection":["Ecol\u00f2gic","Noticies","Sense-categoritzar"],"inLanguage":"ca"},{"@type":"WebPage","@id":"https:\/\/artyplan.com\/ca\/blog\/com-decorar-un-negoci-per-nadal-amb-materials-grafics-sostenibles\/","url":"https:\/\/artyplan.com\/ca\/blog\/com-decorar-un-negoci-per-nadal-amb-materials-grafics-sostenibles\/","name":"Decoraci\u00f3 de Nadal per a negocis sostenibles","isPartOf":{"@id":"https:\/\/artyplan.com\/ca\/#website"},"primaryImageOfPage":{"@id":"https:\/\/artyplan.com\/ca\/blog\/com-decorar-un-negoci-per-nadal-amb-materials-grafics-sostenibles\/#primaryimage"},"image":{"@id":"https:\/\/artyplan.com\/ca\/blog\/com-decorar-un-negoci-per-nadal-amb-materials-grafics-sostenibles\/#primaryimage"},"thumbnailUrl":"https:\/\/artyplan.com\/wp-content\/uploads\/2025\/09\/escaparate-navidad.png","datePublished":"2022-11-15T22:00:00+00:00","dateModified":"2026-01-30T11:55:02+00:00","description":"La imatge del teu establiment dep\u00e8n de la decoraci\u00f3 i m\u00e9s, en \u00e8poca nadalenca. \u00c9s moment de decorar el teu negoci per Nadal!","breadcrumb":{"@id":"https:\/\/artyplan.com\/ca\/blog\/com-decorar-un-negoci-per-nadal-amb-materials-grafics-sostenibles\/#breadcrumb"},"inLanguage":"ca","potentialAction":[{"@type":"ReadAction","target":["https:\/\/artyplan.com\/ca\/blog\/com-decorar-un-negoci-per-nadal-amb-materials-grafics-sostenibles\/"]}]},{"@type":"ImageObject","inLanguage":"ca","@id":"https:\/\/artyplan.com\/ca\/blog\/com-decorar-un-negoci-per-nadal-amb-materials-grafics-sostenibles\/#primaryimage","url":"https:\/\/artyplan.com\/wp-content\/uploads\/2025\/09\/escaparate-navidad.png","contentUrl":"https:\/\/artyplan.com\/wp-content\/uploads\/2025\/09\/escaparate-navidad.png","width":1920,"height":600,"caption":"escaparate navidad|arbre nadal carto"},{"@type":"BreadcrumbList","@id":"https:\/\/artyplan.com\/ca\/blog\/com-decorar-un-negoci-per-nadal-amb-materials-grafics-sostenibles\/#breadcrumb","itemListElement":[{"@type":"ListItem","position":1,"name":"Artyplan","item":"https:\/\/artyplan.com\/ca\/"},{"@type":"ListItem","position":2,"name":"Decoraci\u00f3 de Nadal per a negocis sostenibles"}]},{"@type":"WebSite","@id":"https:\/\/artyplan.com\/ca\/#website","url":"https:\/\/artyplan.com\/ca\/","name":"Artyplan","description":"","publisher":{"@id":"https:\/\/artyplan.com\/ca\/#organization"},"potentialAction":[{"@type":"SearchAction","target":{"@type":"EntryPoint","urlTemplate":"https:\/\/artyplan.com\/ca\/?s={search_term_string}"},"query-input":{"@type":"PropertyValueSpecification","valueRequired":true,"valueName":"search_term_string"}}],"inLanguage":"ca"},{"@type":"Organization","@id":"https:\/\/artyplan.com\/ca\/#organization","name":"Artyplan","url":"https:\/\/artyplan.com\/ca\/","logo":{"@type":"ImageObject","inLanguage":"ca","@id":"https:\/\/artyplan.com\/ca\/#\/schema\/logo\/image\/","url":"https:\/\/artyplan.com\/wp-content\/uploads\/2025\/12\/Logo-artyplan-690x690-1.png","contentUrl":"https:\/\/artyplan.com\/wp-content\/uploads\/2025\/12\/Logo-artyplan-690x690-1.png","width":690,"height":690,"caption":"Artyplan"},"image":{"@id":"https:\/\/artyplan.com\/ca\/#\/schema\/logo\/image\/"},"sameAs":["https:\/\/www.facebook.com\/artyplan","https:\/\/www.instagram.com\/artyplan\/","https:\/\/www.linkedin.com\/company\/artyplan"],"description":"Artyplan \u00e9s una empresa especialitzada en producci\u00f3 gr\u00e0fica i comunicaci\u00f3 visual amb 60 anys dexperi\u00e8ncia. Oferim solucions integrals d'impressi\u00f3 en gran format, PLV i retail, gesti\u00f3 d'esdeveniments i fires, disseny i fabricaci\u00f3 a mida, log\u00edstica i serveis d'instal\u00b7laci\u00f3 a tot el territori. Treballem per a marques, ag\u00e8ncies, espais comercials i institucions que necessiten un partner fiable per desenvolupar campanyes de m\u00e0rqueting, projectes de retail i accions de branding o m\u00e0rqueting. Combinem tecnologia avan\u00e7ada d\u00b4impressi\u00f3 digital, un equip expert i una gesti\u00f3 completa de projectes per garantir qualitat, agilitat i resultats a mida per a cada client. Disposem de plataformes B2B que faciliten als nostres clients la gesti\u00f3 de les comandes de materials impresos aix\u00ed com la log\u00edstica dels mateixos.","email":"info@artyplan.com","telephone":"+34 93 200 87 99","legalName":"Artyplan S.L.","vatID":"B61963229","numberOfEmployees":{"@type":"QuantitativeValue","minValue":"51","maxValue":"200"}},{"@type":"Person","@id":"https:\/\/artyplan.com\/ca\/#\/schema\/person\/0ef19accced432bc277b8d5248cd2cc0","name":"Sergio Triguero","image":{"@type":"ImageObject","inLanguage":"ca","@id":"https:\/\/artyplan.com\/ca\/#\/schema\/person\/image\/","url":"https:\/\/secure.gravatar.com\/avatar\/c742a95811ffbc635a3d111ab446f278cce576575d14970fd5d56e17580c3f23?s=96&d=mm&r=g","contentUrl":"https:\/\/secure.gravatar.com\/avatar\/c742a95811ffbc635a3d111ab446f278cce576575d14970fd5d56e17580c3f23?s=96&d=mm&r=g","caption":"Sergio Triguero"}}]}},"_links":{"self":[{"href":"https:\/\/artyplan.com\/ca\/wp-json\/wp\/v2\/posts\/5379","targetHints":{"allow":["GET"]}}],"collection":[{"href":"https:\/\/artyplan.com\/ca\/wp-json\/wp\/v2\/posts"}],"about":[{"href":"https:\/\/artyplan.com\/ca\/wp-json\/wp\/v2\/types\/post"}],"author":[{"embeddable":true,"href":"https:\/\/artyplan.com\/ca\/wp-json\/wp\/v2\/users\/3"}],"replies":[{"embeddable":true,"href":"https:\/\/artyplan.com\/ca\/wp-json\/wp\/v2\/comments?post=5379"}],"version-history":[{"count":8,"href":"https:\/\/artyplan.com\/ca\/wp-json\/wp\/v2\/posts\/5379\/revisions"}],"predecessor-version":[{"id":13641,"href":"https:\/\/artyplan.com\/ca\/wp-json\/wp\/v2\/posts\/5379\/revisions\/13641"}],"wp:featuredmedia":[{"embeddable":true,"href":"https:\/\/artyplan.com\/ca\/wp-json\/wp\/v2\/media\/7069"}],"wp:attachment":[{"href":"https:\/\/artyplan.com\/ca\/wp-json\/wp\/v2\/media?parent=5379"}],"wp:term":[{"taxonomy":"category","embeddable":true,"href":"https:\/\/artyplan.com\/ca\/wp-json\/wp\/v2\/categories?post=5379"},{"taxonomy":"post_tag","embeddable":true,"href":"https:\/\/artyplan.com\/ca\/wp-json\/wp\/v2\/tags?post=5379"}],"curies":[{"name":"wp","href":"https:\/\/api.w.org\/{rel}","templated":true}]}}