{"id":5449,"date":"2020-05-15T00:00:00","date_gmt":"2020-05-14T22:00:00","guid":{"rendered":"https:\/\/preweb.artyplan.com\/sin-categorizar\/com-preparar-una-imatge-per-a-la-impressio-en-gran-format\/"},"modified":"2026-01-30T13:04:37","modified_gmt":"2026-01-30T11:04:37","slug":"com-preparar-una-imatge-per-a-la-impressio-en-gran-format","status":"publish","type":"post","link":"https:\/\/artyplan.com\/ca\/blog\/com-preparar-una-imatge-per-a-la-impressio-en-gran-format\/","title":{"rendered":"Com preparar una imatge per a la impressi\u00f3 en gran format"},"content":{"rendered":"<p><strong>Preparar una imatge per a impressi\u00f3 en gran format \u00e9s indispensable per a uns resultats de qualitat<\/strong>. A l&#8217;hora de dissenyar el teu anunci per a una tanca publicit\u00e0ria o per a una lona\u00a0es fa necessari preparar-la\u00a0adequadament per al format que ocupar\u00e0. D&#8217;una altra manera, acabar\u00e0s amb una imatge borrosa o amb fallades d&#8217;impressi\u00f3.<\/p>\n<p>Un proc\u00e9s\u00a0senzill<\/p>\n<p><strong>\u00c9s fonamental que tri\u00efs un programa adequat per a adaptar la imatge al format que necessitis<\/strong>. Per a aquest fi solen utilitzar-se dos tipus de programes: els que usen mapes de bits i els vectorials. El millor representant\u00a0de la primera classe \u00e9s\u00a0Photoshop, un\u00a0programari\u00a0potent i molt utilitzat; dins dels vectorials,\u00a0Illustrator\u00a0\u00e9s una de les opcions m\u00e9s interessant.<\/p>\n<p>Una vegada t&#8217;hagis decidit per l&#8217;un o l&#8217;altre, el seg\u00fcent pas consisteix a <strong>verificar la grand\u00e0ria i la resoluci\u00f3 de la imatge<\/strong>. Aix\u00f2 afectar\u00e0 la qualitat de la<a href=\"http:\/\/artyplan.com\/ca\/productes-impressio\/serveis-dimpressio-de-gran-format\/\" target=\"_blank\" rel=\"noopener\"> impressi\u00f3 en gran format<\/a>\u00a0i a com es veur\u00e0. A m\u00e9s, \u00e9s essencial ajustar l&#8217;escala amb la qual treballar\u00e0s la imatge, ja que el pes de l&#8217;arxiu seria massa gran com per a passar-lo d&#8217;un ordinador a un altre.<\/p>\n<p>L&#8217;ideal \u00e9s adaptar tant la resoluci\u00f3 com l&#8217;escala a la grand\u00e0ria de la lona o la tanca en la qual apareixer\u00e0 la imatge. Aix\u00ed, <strong>tindr\u00e0s la seguretat que no hi haur\u00e0 problemes amb la impressi\u00f3 i l&#8217;arxiu ser\u00e0 molt m\u00e9s manejable.<\/strong><\/p>\n<p>Un altre aspecte que tenir en compte \u00e9s el m\u00e8tode d&#8217;impressi\u00f3, el qual <strong>afectar\u00e0 a com veur\u00e0 la imatge<\/strong> el p\u00fablic. Aix\u00ed mateix, el material tamb\u00e9 t&#8217;exigir\u00e0 una resoluci\u00f3 o una altra. Per exemple, per a una lona\u00a0no ha de ser molt gran, alguna cosa que no ocorre amb el vinil.<\/p>\n<p>Al costat d&#8217;aix\u00f2, la manera de color que tri\u00efs afectar\u00e0 la qualitat de la imatge. Per sort, <strong>en l&#8217;actualitat sol triar-se el\u00a0RGB\u00a0<\/strong>quan s&#8217;encarreguen grans formats, ja que ofereix unes millors prestacions i un colorit m\u00e9s n\u00edtid.<\/p>\n<p>Finalment, <strong>no oblidis el tipus d&#8217;arxiu\u00a0\u00a0que lliurar\u00e0s al teu impressor<\/strong>. Cadascun d&#8217;ells est\u00e0 orientat a una mena d&#8217;impressi\u00f3 concret i t&#8217;ofereix mantenir una qualitat o una altra. En aquest cas, \u00e9s recomanable utilitzar el format\u00a0JPG\u00a0en estar pensat per a imatges que es veuran a llarga dist\u00e0ncia. No obstant aix\u00f2, per a tales existeixen tipus d&#8217;arxius com el\u00a0TIFF\u00a0i el PDF, els quals resulten m\u00e9s adequats i s\u00f3n m\u00e9s pesats, per requerir m\u00e9s qualitat d&#8217;imatge.<\/p>\n<p>En definitiva, segueix aquests passos <strong>per a\u00a0preparar una imatge per a imprimir en gran format<\/strong>\u00a0sense esglais. Aix\u00ed, aconseguir\u00e0s uns resultats ajustats a les teves necessitats\u00a0i d&#8217;una qualitat fora de tot dubte. A m\u00e9s, el proc\u00e9s, com has pogut veure, no tanca grans secrets ni \u00e9s excessivament complicat.<\/p>\n","protected":false},"excerpt":{"rendered":"<p>Preparar una imatge per a impressi\u00f3 en gran format \u00e9s indispensable per a uns resultats de qualitat. A l&#8217;hora de dissenyar el teu anunci per a una tanca publicit\u00e0ria o per a una lona\u00a0es fa necessari preparar-la\u00a0adequadament per al format que ocupar\u00e0. D&#8217;una altra manera, acabar\u00e0s amb una imatge borrosa o amb fallades d&#8217;impressi\u00f3. Un [&hellip;]<\/p>\n","protected":false},"author":3,"featured_media":5450,"comment_status":"closed","ping_status":"closed","sticky":false,"template":"","format":"standard","meta":{"footnotes":""},"categories":[54,1],"tags":[],"class_list":["post-5449","post","type-post","status-publish","format-standard","has-post-thumbnail","hentry","category-noticies-ca","category-sense-categoritzar"],"yoast_head":"<!-- This site is optimized with the Yoast SEO Premium plugin v26.5 (Yoast SEO v26.5) - https:\/\/yoast.com\/wordpress\/plugins\/seo\/ -->\n<title>Com preparar una imatge per a la impressi\u00f3 en gran format<\/title>\n<meta name=\"description\" content=\"Si vols que els teus materials impresos tinguin bona qualitat, t&#039;indiquem com has de preparar una imatge per a la impressi\u00f3 en gran format.\" \/>\n<meta name=\"robots\" content=\"index, follow, max-snippet:-1, max-image-preview:large, max-video-preview:-1\" \/>\n<link rel=\"canonical\" href=\"https:\/\/artyplan.com\/ca\/blog\/com-preparar-una-imatge-per-a-la-impressio-en-gran-format\/\" \/>\n<meta property=\"og:locale\" content=\"ca_ES\" \/>\n<meta property=\"og:type\" content=\"article\" \/>\n<meta property=\"og:title\" content=\"Com preparar una imatge per a la impressi\u00f3 en gran format\" \/>\n<meta property=\"og:description\" content=\"Si vols que els teus materials impresos tinguin bona qualitat, t&#039;indiquem com has de preparar una imatge per a la impressi\u00f3 en gran format.\" \/>\n<meta property=\"og:url\" content=\"https:\/\/artyplan.com\/ca\/blog\/com-preparar-una-imatge-per-a-la-impressio-en-gran-format\/\" \/>\n<meta property=\"og:site_name\" content=\"Artyplan\" \/>\n<meta property=\"article:publisher\" content=\"https:\/\/www.facebook.com\/artyplan\" \/>\n<meta property=\"article:published_time\" content=\"2020-05-14T22:00:00+00:00\" \/>\n<meta property=\"article:modified_time\" content=\"2026-01-30T11:04:37+00:00\" \/>\n<meta property=\"og:image\" content=\"https:\/\/artyplan.com\/wp-content\/uploads\/2025\/09\/depositphotos-48253117_xl-2015-scaled-1.jpg\" \/>\n\t<meta property=\"og:image:width\" content=\"2560\" \/>\n\t<meta property=\"og:image:height\" content=\"1696\" \/>\n\t<meta property=\"og:image:type\" content=\"image\/jpeg\" \/>\n<meta name=\"author\" content=\"Sergio Triguero\" \/>\n<meta name=\"twitter:card\" content=\"summary_large_image\" \/>\n<meta name=\"twitter:label1\" content=\"Escrit per\" \/>\n\t<meta name=\"twitter:data1\" content=\"Sergio Triguero\" \/>\n\t<meta name=\"twitter:label2\" content=\"Temps estimat de lectura\" \/>\n\t<meta name=\"twitter:data2\" content=\"3 minuts\" \/>\n<script type=\"application\/ld+json\" class=\"yoast-schema-graph\">{\"@context\":\"https:\/\/schema.org\",\"@graph\":[{\"@type\":\"Article\",\"@id\":\"https:\/\/artyplan.com\/ca\/blog\/com-preparar-una-imatge-per-a-la-impressio-en-gran-format\/#article\",\"isPartOf\":{\"@id\":\"https:\/\/artyplan.com\/ca\/blog\/com-preparar-una-imatge-per-a-la-impressio-en-gran-format\/\"},\"author\":{\"name\":\"Sergio Triguero\",\"@id\":\"https:\/\/artyplan.com\/ca\/#\/schema\/person\/0ef19accced432bc277b8d5248cd2cc0\"},\"headline\":\"Com preparar una imatge per a la impressi\u00f3 en gran format\",\"datePublished\":\"2020-05-14T22:00:00+00:00\",\"dateModified\":\"2026-01-30T11:04:37+00:00\",\"mainEntityOfPage\":{\"@id\":\"https:\/\/artyplan.com\/ca\/blog\/com-preparar-una-imatge-per-a-la-impressio-en-gran-format\/\"},\"wordCount\":507,\"publisher\":{\"@id\":\"https:\/\/artyplan.com\/ca\/#organization\"},\"image\":{\"@id\":\"https:\/\/artyplan.com\/ca\/blog\/com-preparar-una-imatge-per-a-la-impressio-en-gran-format\/#primaryimage\"},\"thumbnailUrl\":\"https:\/\/artyplan.com\/wp-content\/uploads\/2025\/09\/depositphotos-48253117_xl-2015-scaled-1.jpg\",\"articleSection\":[\"Noticies\",\"Sense-categoritzar\"],\"inLanguage\":\"ca\"},{\"@type\":\"WebPage\",\"@id\":\"https:\/\/artyplan.com\/ca\/blog\/com-preparar-una-imatge-per-a-la-impressio-en-gran-format\/\",\"url\":\"https:\/\/artyplan.com\/ca\/blog\/com-preparar-una-imatge-per-a-la-impressio-en-gran-format\/\",\"name\":\"Com preparar una imatge per a la impressi\u00f3 en gran format\",\"isPartOf\":{\"@id\":\"https:\/\/artyplan.com\/ca\/#website\"},\"primaryImageOfPage\":{\"@id\":\"https:\/\/artyplan.com\/ca\/blog\/com-preparar-una-imatge-per-a-la-impressio-en-gran-format\/#primaryimage\"},\"image\":{\"@id\":\"https:\/\/artyplan.com\/ca\/blog\/com-preparar-una-imatge-per-a-la-impressio-en-gran-format\/#primaryimage\"},\"thumbnailUrl\":\"https:\/\/artyplan.com\/wp-content\/uploads\/2025\/09\/depositphotos-48253117_xl-2015-scaled-1.jpg\",\"datePublished\":\"2020-05-14T22:00:00+00:00\",\"dateModified\":\"2026-01-30T11:04:37+00:00\",\"description\":\"Si vols que els teus materials impresos tinguin bona qualitat, t'indiquem com has de preparar una imatge per a la impressi\u00f3 en gran format.\",\"breadcrumb\":{\"@id\":\"https:\/\/artyplan.com\/ca\/blog\/com-preparar-una-imatge-per-a-la-impressio-en-gran-format\/#breadcrumb\"},\"inLanguage\":\"ca\",\"potentialAction\":[{\"@type\":\"ReadAction\",\"target\":[\"https:\/\/artyplan.com\/ca\/blog\/com-preparar-una-imatge-per-a-la-impressio-en-gran-format\/\"]}]},{\"@type\":\"ImageObject\",\"inLanguage\":\"ca\",\"@id\":\"https:\/\/artyplan.com\/ca\/blog\/com-preparar-una-imatge-per-a-la-impressio-en-gran-format\/#primaryimage\",\"url\":\"https:\/\/artyplan.com\/wp-content\/uploads\/2025\/09\/depositphotos-48253117_xl-2015-scaled-1.jpg\",\"contentUrl\":\"https:\/\/artyplan.com\/wp-content\/uploads\/2025\/09\/depositphotos-48253117_xl-2015-scaled-1.jpg\",\"width\":2560,\"height\":1696,\"caption\":\"preparar imatge per a impressi\u00f3\"},{\"@type\":\"BreadcrumbList\",\"@id\":\"https:\/\/artyplan.com\/ca\/blog\/com-preparar-una-imatge-per-a-la-impressio-en-gran-format\/#breadcrumb\",\"itemListElement\":[{\"@type\":\"ListItem\",\"position\":1,\"name\":\"Artyplan\",\"item\":\"https:\/\/artyplan.com\/ca\/\"},{\"@type\":\"ListItem\",\"position\":2,\"name\":\"Com preparar una imatge per a la impressi\u00f3 en gran format\"}]},{\"@type\":\"WebSite\",\"@id\":\"https:\/\/artyplan.com\/ca\/#website\",\"url\":\"https:\/\/artyplan.com\/ca\/\",\"name\":\"Artyplan\",\"description\":\"\",\"publisher\":{\"@id\":\"https:\/\/artyplan.com\/ca\/#organization\"},\"potentialAction\":[{\"@type\":\"SearchAction\",\"target\":{\"@type\":\"EntryPoint\",\"urlTemplate\":\"https:\/\/artyplan.com\/ca\/?s={search_term_string}\"},\"query-input\":{\"@type\":\"PropertyValueSpecification\",\"valueRequired\":true,\"valueName\":\"search_term_string\"}}],\"inLanguage\":\"ca\"},{\"@type\":\"Organization\",\"@id\":\"https:\/\/artyplan.com\/ca\/#organization\",\"name\":\"Artyplan\",\"url\":\"https:\/\/artyplan.com\/ca\/\",\"logo\":{\"@type\":\"ImageObject\",\"inLanguage\":\"ca\",\"@id\":\"https:\/\/artyplan.com\/ca\/#\/schema\/logo\/image\/\",\"url\":\"https:\/\/artyplan.com\/wp-content\/uploads\/2025\/12\/Logo-artyplan-690x690-1.png\",\"contentUrl\":\"https:\/\/artyplan.com\/wp-content\/uploads\/2025\/12\/Logo-artyplan-690x690-1.png\",\"width\":690,\"height\":690,\"caption\":\"Artyplan\"},\"image\":{\"@id\":\"https:\/\/artyplan.com\/ca\/#\/schema\/logo\/image\/\"},\"sameAs\":[\"https:\/\/www.facebook.com\/artyplan\",\"https:\/\/www.instagram.com\/artyplan\/\",\"https:\/\/www.linkedin.com\/company\/artyplan\"],\"description\":\"Artyplan \u00e9s una empresa especialitzada en producci\u00f3 gr\u00e0fica i comunicaci\u00f3 visual amb 60 anys dexperi\u00e8ncia. Oferim solucions integrals d'impressi\u00f3 en gran format, PLV i retail, gesti\u00f3 d'esdeveniments i fires, disseny i fabricaci\u00f3 a mida, log\u00edstica i serveis d'instal\u00b7laci\u00f3 a tot el territori. Treballem per a marques, ag\u00e8ncies, espais comercials i institucions que necessiten un partner fiable per desenvolupar campanyes de m\u00e0rqueting, projectes de retail i accions de branding o m\u00e0rqueting. Combinem tecnologia avan\u00e7ada d\u00b4impressi\u00f3 digital, un equip expert i una gesti\u00f3 completa de projectes per garantir qualitat, agilitat i resultats a mida per a cada client. Disposem de plataformes B2B que faciliten als nostres clients la gesti\u00f3 de les comandes de materials impresos aix\u00ed com la log\u00edstica dels mateixos.\",\"email\":\"info@artyplan.com\",\"telephone\":\"+34 93 200 87 99\",\"legalName\":\"Artyplan S.L.\",\"vatID\":\"B61963229\",\"numberOfEmployees\":{\"@type\":\"QuantitativeValue\",\"minValue\":\"51\",\"maxValue\":\"200\"}},{\"@type\":\"Person\",\"@id\":\"https:\/\/artyplan.com\/ca\/#\/schema\/person\/0ef19accced432bc277b8d5248cd2cc0\",\"name\":\"Sergio Triguero\",\"image\":{\"@type\":\"ImageObject\",\"inLanguage\":\"ca\",\"@id\":\"https:\/\/artyplan.com\/ca\/#\/schema\/person\/image\/\",\"url\":\"https:\/\/secure.gravatar.com\/avatar\/c742a95811ffbc635a3d111ab446f278cce576575d14970fd5d56e17580c3f23?s=96&d=mm&r=g\",\"contentUrl\":\"https:\/\/secure.gravatar.com\/avatar\/c742a95811ffbc635a3d111ab446f278cce576575d14970fd5d56e17580c3f23?s=96&d=mm&r=g\",\"caption\":\"Sergio Triguero\"}}]}<\/script>\n<!-- \/ Yoast SEO Premium plugin. -->","yoast_head_json":{"title":"Com preparar una imatge per a la impressi\u00f3 en gran format","description":"Si vols que els teus materials impresos tinguin bona qualitat, t'indiquem com has de preparar una imatge per a la impressi\u00f3 en gran format.","robots":{"index":"index","follow":"follow","max-snippet":"max-snippet:-1","max-image-preview":"max-image-preview:large","max-video-preview":"max-video-preview:-1"},"canonical":"https:\/\/artyplan.com\/ca\/blog\/com-preparar-una-imatge-per-a-la-impressio-en-gran-format\/","og_locale":"ca_ES","og_type":"article","og_title":"Com preparar una imatge per a la impressi\u00f3 en gran format","og_description":"Si vols que els teus materials impresos tinguin bona qualitat, t'indiquem com has de preparar una imatge per a la impressi\u00f3 en gran format.","og_url":"https:\/\/artyplan.com\/ca\/blog\/com-preparar-una-imatge-per-a-la-impressio-en-gran-format\/","og_site_name":"Artyplan","article_publisher":"https:\/\/www.facebook.com\/artyplan","article_published_time":"2020-05-14T22:00:00+00:00","article_modified_time":"2026-01-30T11:04:37+00:00","og_image":[{"width":2560,"height":1696,"url":"https:\/\/artyplan.com\/wp-content\/uploads\/2025\/09\/depositphotos-48253117_xl-2015-scaled-1.jpg","type":"image\/jpeg"}],"author":"Sergio Triguero","twitter_card":"summary_large_image","twitter_misc":{"Escrit per":"Sergio Triguero","Temps estimat de lectura":"3 minuts"},"schema":{"@context":"https:\/\/schema.org","@graph":[{"@type":"Article","@id":"https:\/\/artyplan.com\/ca\/blog\/com-preparar-una-imatge-per-a-la-impressio-en-gran-format\/#article","isPartOf":{"@id":"https:\/\/artyplan.com\/ca\/blog\/com-preparar-una-imatge-per-a-la-impressio-en-gran-format\/"},"author":{"name":"Sergio Triguero","@id":"https:\/\/artyplan.com\/ca\/#\/schema\/person\/0ef19accced432bc277b8d5248cd2cc0"},"headline":"Com preparar una imatge per a la impressi\u00f3 en gran format","datePublished":"2020-05-14T22:00:00+00:00","dateModified":"2026-01-30T11:04:37+00:00","mainEntityOfPage":{"@id":"https:\/\/artyplan.com\/ca\/blog\/com-preparar-una-imatge-per-a-la-impressio-en-gran-format\/"},"wordCount":507,"publisher":{"@id":"https:\/\/artyplan.com\/ca\/#organization"},"image":{"@id":"https:\/\/artyplan.com\/ca\/blog\/com-preparar-una-imatge-per-a-la-impressio-en-gran-format\/#primaryimage"},"thumbnailUrl":"https:\/\/artyplan.com\/wp-content\/uploads\/2025\/09\/depositphotos-48253117_xl-2015-scaled-1.jpg","articleSection":["Noticies","Sense-categoritzar"],"inLanguage":"ca"},{"@type":"WebPage","@id":"https:\/\/artyplan.com\/ca\/blog\/com-preparar-una-imatge-per-a-la-impressio-en-gran-format\/","url":"https:\/\/artyplan.com\/ca\/blog\/com-preparar-una-imatge-per-a-la-impressio-en-gran-format\/","name":"Com preparar una imatge per a la impressi\u00f3 en gran format","isPartOf":{"@id":"https:\/\/artyplan.com\/ca\/#website"},"primaryImageOfPage":{"@id":"https:\/\/artyplan.com\/ca\/blog\/com-preparar-una-imatge-per-a-la-impressio-en-gran-format\/#primaryimage"},"image":{"@id":"https:\/\/artyplan.com\/ca\/blog\/com-preparar-una-imatge-per-a-la-impressio-en-gran-format\/#primaryimage"},"thumbnailUrl":"https:\/\/artyplan.com\/wp-content\/uploads\/2025\/09\/depositphotos-48253117_xl-2015-scaled-1.jpg","datePublished":"2020-05-14T22:00:00+00:00","dateModified":"2026-01-30T11:04:37+00:00","description":"Si vols que els teus materials impresos tinguin bona qualitat, t'indiquem com has de preparar una imatge per a la impressi\u00f3 en gran format.","breadcrumb":{"@id":"https:\/\/artyplan.com\/ca\/blog\/com-preparar-una-imatge-per-a-la-impressio-en-gran-format\/#breadcrumb"},"inLanguage":"ca","potentialAction":[{"@type":"ReadAction","target":["https:\/\/artyplan.com\/ca\/blog\/com-preparar-una-imatge-per-a-la-impressio-en-gran-format\/"]}]},{"@type":"ImageObject","inLanguage":"ca","@id":"https:\/\/artyplan.com\/ca\/blog\/com-preparar-una-imatge-per-a-la-impressio-en-gran-format\/#primaryimage","url":"https:\/\/artyplan.com\/wp-content\/uploads\/2025\/09\/depositphotos-48253117_xl-2015-scaled-1.jpg","contentUrl":"https:\/\/artyplan.com\/wp-content\/uploads\/2025\/09\/depositphotos-48253117_xl-2015-scaled-1.jpg","width":2560,"height":1696,"caption":"preparar imatge per a impressi\u00f3"},{"@type":"BreadcrumbList","@id":"https:\/\/artyplan.com\/ca\/blog\/com-preparar-una-imatge-per-a-la-impressio-en-gran-format\/#breadcrumb","itemListElement":[{"@type":"ListItem","position":1,"name":"Artyplan","item":"https:\/\/artyplan.com\/ca\/"},{"@type":"ListItem","position":2,"name":"Com preparar una imatge per a la impressi\u00f3 en gran format"}]},{"@type":"WebSite","@id":"https:\/\/artyplan.com\/ca\/#website","url":"https:\/\/artyplan.com\/ca\/","name":"Artyplan","description":"","publisher":{"@id":"https:\/\/artyplan.com\/ca\/#organization"},"potentialAction":[{"@type":"SearchAction","target":{"@type":"EntryPoint","urlTemplate":"https:\/\/artyplan.com\/ca\/?s={search_term_string}"},"query-input":{"@type":"PropertyValueSpecification","valueRequired":true,"valueName":"search_term_string"}}],"inLanguage":"ca"},{"@type":"Organization","@id":"https:\/\/artyplan.com\/ca\/#organization","name":"Artyplan","url":"https:\/\/artyplan.com\/ca\/","logo":{"@type":"ImageObject","inLanguage":"ca","@id":"https:\/\/artyplan.com\/ca\/#\/schema\/logo\/image\/","url":"https:\/\/artyplan.com\/wp-content\/uploads\/2025\/12\/Logo-artyplan-690x690-1.png","contentUrl":"https:\/\/artyplan.com\/wp-content\/uploads\/2025\/12\/Logo-artyplan-690x690-1.png","width":690,"height":690,"caption":"Artyplan"},"image":{"@id":"https:\/\/artyplan.com\/ca\/#\/schema\/logo\/image\/"},"sameAs":["https:\/\/www.facebook.com\/artyplan","https:\/\/www.instagram.com\/artyplan\/","https:\/\/www.linkedin.com\/company\/artyplan"],"description":"Artyplan \u00e9s una empresa especialitzada en producci\u00f3 gr\u00e0fica i comunicaci\u00f3 visual amb 60 anys dexperi\u00e8ncia. Oferim solucions integrals d'impressi\u00f3 en gran format, PLV i retail, gesti\u00f3 d'esdeveniments i fires, disseny i fabricaci\u00f3 a mida, log\u00edstica i serveis d'instal\u00b7laci\u00f3 a tot el territori. Treballem per a marques, ag\u00e8ncies, espais comercials i institucions que necessiten un partner fiable per desenvolupar campanyes de m\u00e0rqueting, projectes de retail i accions de branding o m\u00e0rqueting. Combinem tecnologia avan\u00e7ada d\u00b4impressi\u00f3 digital, un equip expert i una gesti\u00f3 completa de projectes per garantir qualitat, agilitat i resultats a mida per a cada client. Disposem de plataformes B2B que faciliten als nostres clients la gesti\u00f3 de les comandes de materials impresos aix\u00ed com la log\u00edstica dels mateixos.","email":"info@artyplan.com","telephone":"+34 93 200 87 99","legalName":"Artyplan S.L.","vatID":"B61963229","numberOfEmployees":{"@type":"QuantitativeValue","minValue":"51","maxValue":"200"}},{"@type":"Person","@id":"https:\/\/artyplan.com\/ca\/#\/schema\/person\/0ef19accced432bc277b8d5248cd2cc0","name":"Sergio Triguero","image":{"@type":"ImageObject","inLanguage":"ca","@id":"https:\/\/artyplan.com\/ca\/#\/schema\/person\/image\/","url":"https:\/\/secure.gravatar.com\/avatar\/c742a95811ffbc635a3d111ab446f278cce576575d14970fd5d56e17580c3f23?s=96&d=mm&r=g","contentUrl":"https:\/\/secure.gravatar.com\/avatar\/c742a95811ffbc635a3d111ab446f278cce576575d14970fd5d56e17580c3f23?s=96&d=mm&r=g","caption":"Sergio Triguero"}}]}},"_links":{"self":[{"href":"https:\/\/artyplan.com\/ca\/wp-json\/wp\/v2\/posts\/5449","targetHints":{"allow":["GET"]}}],"collection":[{"href":"https:\/\/artyplan.com\/ca\/wp-json\/wp\/v2\/posts"}],"about":[{"href":"https:\/\/artyplan.com\/ca\/wp-json\/wp\/v2\/types\/post"}],"author":[{"embeddable":true,"href":"https:\/\/artyplan.com\/ca\/wp-json\/wp\/v2\/users\/3"}],"replies":[{"embeddable":true,"href":"https:\/\/artyplan.com\/ca\/wp-json\/wp\/v2\/comments?post=5449"}],"version-history":[{"count":1,"href":"https:\/\/artyplan.com\/ca\/wp-json\/wp\/v2\/posts\/5449\/revisions"}],"predecessor-version":[{"id":6480,"href":"https:\/\/artyplan.com\/ca\/wp-json\/wp\/v2\/posts\/5449\/revisions\/6480"}],"wp:featuredmedia":[{"embeddable":true,"href":"https:\/\/artyplan.com\/ca\/wp-json\/wp\/v2\/media\/5450"}],"wp:attachment":[{"href":"https:\/\/artyplan.com\/ca\/wp-json\/wp\/v2\/media?parent=5449"}],"wp:term":[{"taxonomy":"category","embeddable":true,"href":"https:\/\/artyplan.com\/ca\/wp-json\/wp\/v2\/categories?post=5449"},{"taxonomy":"post_tag","embeddable":true,"href":"https:\/\/artyplan.com\/ca\/wp-json\/wp\/v2\/tags?post=5449"}],"curies":[{"name":"wp","href":"https:\/\/api.w.org\/{rel}","templated":true}]}}