{"id":5513,"date":"2023-04-05T00:00:00","date_gmt":"2023-04-04T22:00:00","guid":{"rendered":"https:\/\/preweb.artyplan.com\/sin-categorizar\/autopublicar-un-llibre-i-idees-per-regalar-el-dia-del-llibre-2023\/"},"modified":"2026-01-30T11:16:34","modified_gmt":"2026-01-30T09:16:34","slug":"autopublicar-un-llibre-i-idees-per-regalar-el-dia-del-llibre-2023","status":"publish","type":"post","link":"https:\/\/artyplan.com\/ca\/blog\/autopublicar-un-llibre-i-idees-per-regalar-el-dia-del-llibre-2023\/","title":{"rendered":"Autopublicar un llibre: 4 idees para Sant Jordi"},"content":{"rendered":"<p>El <strong>Dia del Llibre<\/strong> \u00e9s una celebraci\u00f3 anual que es <strong>fa el 23 d&#8217;abril<\/strong> en molts pa\u00efsos del m\u00f3n, amb l&#8217;objectiu de <strong>promoure la lectura, la cultura i l&#8217;educaci\u00f3<\/strong>. La data va ser triada en honor a la defunci\u00f3 de William Shakespeare, Garcilaso de la Vega i Miguel de Cervantes, tres dels escriptors m\u00e9s influents de la hist\u00f2ria de la literatura.<\/p>\n<p>El <strong>sector de la impressi\u00f3 ha tingut un paper fonamental<\/strong> en la difusi\u00f3 de la cultura i la literatura al llarg de la hist\u00f2ria. La impressi\u00f3 digital ha perm\u00e8s a les editorials <strong>produir llibres i publicacions de manera m\u00e9s r\u00e0pida i eficient<\/strong>, eliminant la necessitat d&#8217;imprimir grans tirades per a reduir costos. A m\u00e9s, la tecnologia d&#8217;impressi\u00f3 digital <strong>ha millorat la qualitat de les impressions<\/strong> i ha perm\u00e8s la creaci\u00f3 de dissenys m\u00e9s creatius i personalitzats.<\/p>\n<p>A m\u00e9s de la impressi\u00f3, tamb\u00e9 \u00e9s clau parlar de l&#8217;enquadernaci\u00f3 en la producci\u00f3 de llibres. Hi ha diferents <a href=\"http:\/\/artyplan.com\/ca\/noticies\/tipus-enquadernacio\/\" target=\"_blank\" rel=\"noopener\">t\u00e8cniques d&#8217;enquadernaci\u00f3<\/a>, com l&#8217;enquadernaci\u00f3 r\u00fastica, l&#8217;enquadernaci\u00f3 en tapa dura i l&#8217;enquadernaci\u00f3 cosida, que s&#8217;utilitzen segons les necessitats del projecte.<\/p>\n<p>D&#8217;altra banda, la impressi\u00f3 offset continua sent una t\u00e8cnica molt utilitzada en la producci\u00f3 de llibres i publicacions d&#8217;alta qualitat, ja que ofereix una precisi\u00f3 i qualitat d&#8217;imatge superior.<\/p>\n<p>Avui dia, encara que la lectura en format digital ha guanyat popularitat en els \u00faltims anys, la impressi\u00f3 continua sent una eina fonamental per a la producci\u00f3 i distribuci\u00f3 de llibres a tot el m\u00f3n. La impressi\u00f3 en <strong>paper<\/strong> t\u00e9 <strong>avantatges com la portabilitat, la durabilitat<\/strong>, la facilitat de lectura i el plaer de fullejar un llibre f\u00edsic.<\/p>\n<h2>Publicaci\u00f3 de llibres personalitzats per al Dia del Llibre<\/h2>\n<p><strong>Escriure un llibre<\/strong> \u00e9s un dels somnis de moltes persones i, avui dia, una de les millors opcions per a poder fer-ho \u00e9s <strong>autoeditar el teu propi llibre<\/strong>. Des de Artyplan contribu\u00efm a que qualsevol autor pugui autopublicar el seu llibre. Realitzem la impressi\u00f3 de llibres sota demanda, sigui quina sigui la quantitat d&#8217;exemplars.<\/p>\n<p>El cost de l&#8217;autoedici\u00f3 i publicaci\u00f3 de llibres, dependr\u00e0 de diversos factors com la grand\u00e0ria, el nombre de p\u00e0gines, si va a color o en blanc i negre, la qualitat del paper, el tipus d&#8217;enquadernaci\u00f3, per\u00f2 no dubtis a consultar-nos i tractarem d&#8217;oferir-te la millor soluci\u00f3 per al teu projecte.<\/p>\n<p style=\"text-align: left;\">\u2b07\ufe0f<strong><span style=\"color: #00a3e0;\">Demana&#8217;ns pressupost per l&#8217;autopublicaci\u00f3 de libres<\/span><\/strong>\u2b07\ufe0f<\/p>\n<p style=\"text-align: left;\">[contact-form-7 id=&#8221;2331&#8243; title=&#8221;Pide presupuesto_CAT&#8221;]<\/p>\n<h2 style=\"text-align: left;\">Idees per a regalar en el Dia del Llibre<\/h2>\n<p>Aqu\u00ed tens quatre recomanacions de llibres impresos que poden ser una gran opci\u00f3 com a regal el Dia de Sant Jordi:<\/p>\n<ul>\n<li><strong>&#8220;La noia de neu&#8221; de Javier Castillo<\/strong><\/li>\n<\/ul>\n<p>Aquest thriller psicol\u00f2gic segueix la hist\u00f2ria d&#8217;una jove desapareguda en un poble dels Pirineus espanyols. Una trama plena de girs inesperats i sorpreses que et mantindr\u00e0 en suspens fins al final.<\/p>\n<ul>\n<li><strong>&#8220;L&#8217;infinit en un jonc&#8221; d&#8217;Irene Vallejo<\/strong><\/li>\n<\/ul>\n<p>Aquest assaig \u00e9s una hist\u00f2ria de la lectura des dels primers textos escrits fins a l&#8217;era digital. Vallejo explora el paper que els llibres han tingut en la hist\u00f2ria de la humanitat i reflexiona sobre el valor de la lectura en la societat actual.<\/p>\n<ul>\n<li><strong>&#8220;Per si les veus tornen&#8221; d&#8217;\u00c0ngel Mart\u00edn<\/strong><\/li>\n<\/ul>\n<p>Relata la seva experi\u00e8ncia personal amb l&#8217;esquizofr\u00e8nia. En ell, l&#8217;autor explica com va ser diagnosticat, com ha bregat amb la malaltia i com ha apr\u00e8s a viure amb ella. El llibre tamb\u00e9 inclou reflexions sobre la salut mental i la import\u00e0ncia de l&#8217;empatia cap a les persones que pateixen malalties mentals.<\/p>\n<ul>\n<li><strong>&#8220;La mare de Frankenstein&#8221; d&#8217;Almudena Grandes<\/strong><\/li>\n<\/ul>\n<p>Compte la hist\u00f2ria d&#8217;una jove espanyola, Aurora Rodr\u00edguez, i la seva obsessi\u00f3 per crear un &#8220;\u00e9sser perfecte&#8221;. Ambientada a l&#8217;Espanya dels anys 20 i 30, la novel\u00b7la explora temes com la maternitat, la ci\u00e8ncia, la pol\u00edtica i l&#8217;ambici\u00f3. La trama es basa en la hist\u00f2ria real d&#8217;Aurora Rodr\u00edguez i la seva filla\u00a0Hildegart, qui va ser educada segons les teories de la seva mare i es va convertir en una pianista de renom abans del seu tr\u00e0gic final.<\/p>\n<p>En definitiva, el Dia del Llibre 2023 \u00e9s una oportunitat \u00fanica per a<strong> regalar cultura, coneixement i entreteniment<\/strong> als teus sers estimats. Sense oblidar la import\u00e0ncia del sector de la impressi\u00f3 en la producci\u00f3 de llibres i publicacions d&#8217;alta qualitat.<\/p>\n","protected":false},"excerpt":{"rendered":"<p>El Dia del Llibre \u00e9s una celebraci\u00f3 anual que es fa el 23 d&#8217;abril en molts pa\u00efsos del m\u00f3n, amb l&#8217;objectiu de promoure la lectura, la cultura i l&#8217;educaci\u00f3. La data va ser triada en honor a la defunci\u00f3 de William Shakespeare, Garcilaso de la Vega i Miguel de Cervantes, tres dels escriptors m\u00e9s influents [&hellip;]<\/p>\n","protected":false},"author":3,"featured_media":7153,"comment_status":"closed","ping_status":"closed","sticky":false,"template":"","format":"standard","meta":{"footnotes":""},"categories":[54,1],"tags":[],"class_list":["post-5513","post","type-post","status-publish","format-standard","has-post-thumbnail","hentry","category-noticies-ca","category-sense-categoritzar"],"yoast_head":"<!-- This site is optimized with the Yoast SEO Premium plugin v26.5 (Yoast SEO v26.5) - https:\/\/yoast.com\/wordpress\/plugins\/seo\/ -->\n<title>Autopublicar un llibre: 4 idees para Sant Jordi<\/title>\n<meta name=\"description\" content=\"Est\u00e0s pensant en idees per a regalar en el Dia del llibre? Potser vols autopublicar el teu. Aquestes s\u00f3n algunes idees.\" \/>\n<meta name=\"robots\" content=\"index, follow, max-snippet:-1, max-image-preview:large, max-video-preview:-1\" \/>\n<link rel=\"canonical\" href=\"https:\/\/artyplan.com\/ca\/blog\/autopublicar-un-llibre-i-idees-per-regalar-el-dia-del-llibre-2023\/\" \/>\n<meta property=\"og:locale\" content=\"ca_ES\" \/>\n<meta property=\"og:type\" content=\"article\" \/>\n<meta property=\"og:title\" content=\"Autopublicar un llibre: 4 idees para Sant Jordi\" \/>\n<meta property=\"og:description\" content=\"Est\u00e0s pensant en idees per a regalar en el Dia del llibre? Potser vols autopublicar el teu. Aquestes s\u00f3n algunes idees.\" \/>\n<meta property=\"og:url\" content=\"https:\/\/artyplan.com\/ca\/blog\/autopublicar-un-llibre-i-idees-per-regalar-el-dia-del-llibre-2023\/\" \/>\n<meta property=\"og:site_name\" content=\"Artyplan\" \/>\n<meta property=\"article:publisher\" content=\"https:\/\/www.facebook.com\/artyplan\" \/>\n<meta property=\"article:published_time\" content=\"2023-04-04T22:00:00+00:00\" \/>\n<meta property=\"article:modified_time\" content=\"2026-01-30T09:16:34+00:00\" \/>\n<meta property=\"og:image\" content=\"https:\/\/artyplan.com\/wp-content\/uploads\/2025\/09\/sant-jordi.png\" \/>\n\t<meta property=\"og:image:width\" content=\"1920\" \/>\n\t<meta property=\"og:image:height\" content=\"600\" \/>\n\t<meta property=\"og:image:type\" content=\"image\/png\" \/>\n<meta name=\"author\" content=\"Sergio Triguero\" \/>\n<meta name=\"twitter:card\" content=\"summary_large_image\" \/>\n<meta name=\"twitter:label1\" content=\"Escrit per\" \/>\n\t<meta name=\"twitter:data1\" content=\"Sergio Triguero\" \/>\n\t<meta name=\"twitter:label2\" content=\"Temps estimat de lectura\" \/>\n\t<meta name=\"twitter:data2\" content=\"4 minuts\" \/>\n<script type=\"application\/ld+json\" class=\"yoast-schema-graph\">{\"@context\":\"https:\/\/schema.org\",\"@graph\":[{\"@type\":\"Article\",\"@id\":\"https:\/\/artyplan.com\/ca\/blog\/autopublicar-un-llibre-i-idees-per-regalar-el-dia-del-llibre-2023\/#article\",\"isPartOf\":{\"@id\":\"https:\/\/artyplan.com\/ca\/blog\/autopublicar-un-llibre-i-idees-per-regalar-el-dia-del-llibre-2023\/\"},\"author\":{\"name\":\"Sergio Triguero\",\"@id\":\"https:\/\/artyplan.com\/ca\/#\/schema\/person\/0ef19accced432bc277b8d5248cd2cc0\"},\"headline\":\"Autopublicar un llibre: 4 idees para Sant Jordi\",\"datePublished\":\"2023-04-04T22:00:00+00:00\",\"dateModified\":\"2026-01-30T09:16:34+00:00\",\"mainEntityOfPage\":{\"@id\":\"https:\/\/artyplan.com\/ca\/blog\/autopublicar-un-llibre-i-idees-per-regalar-el-dia-del-llibre-2023\/\"},\"wordCount\":762,\"publisher\":{\"@id\":\"https:\/\/artyplan.com\/ca\/#organization\"},\"image\":{\"@id\":\"https:\/\/artyplan.com\/ca\/blog\/autopublicar-un-llibre-i-idees-per-regalar-el-dia-del-llibre-2023\/#primaryimage\"},\"thumbnailUrl\":\"https:\/\/artyplan.com\/wp-content\/uploads\/2025\/09\/sant-jordi.png\",\"articleSection\":[\"Noticies\",\"Sense-categoritzar\"],\"inLanguage\":\"ca\"},{\"@type\":\"WebPage\",\"@id\":\"https:\/\/artyplan.com\/ca\/blog\/autopublicar-un-llibre-i-idees-per-regalar-el-dia-del-llibre-2023\/\",\"url\":\"https:\/\/artyplan.com\/ca\/blog\/autopublicar-un-llibre-i-idees-per-regalar-el-dia-del-llibre-2023\/\",\"name\":\"Autopublicar un llibre: 4 idees para Sant Jordi\",\"isPartOf\":{\"@id\":\"https:\/\/artyplan.com\/ca\/#website\"},\"primaryImageOfPage\":{\"@id\":\"https:\/\/artyplan.com\/ca\/blog\/autopublicar-un-llibre-i-idees-per-regalar-el-dia-del-llibre-2023\/#primaryimage\"},\"image\":{\"@id\":\"https:\/\/artyplan.com\/ca\/blog\/autopublicar-un-llibre-i-idees-per-regalar-el-dia-del-llibre-2023\/#primaryimage\"},\"thumbnailUrl\":\"https:\/\/artyplan.com\/wp-content\/uploads\/2025\/09\/sant-jordi.png\",\"datePublished\":\"2023-04-04T22:00:00+00:00\",\"dateModified\":\"2026-01-30T09:16:34+00:00\",\"description\":\"Est\u00e0s pensant en idees per a regalar en el Dia del llibre? Potser vols autopublicar el teu. Aquestes s\u00f3n algunes idees.\",\"breadcrumb\":{\"@id\":\"https:\/\/artyplan.com\/ca\/blog\/autopublicar-un-llibre-i-idees-per-regalar-el-dia-del-llibre-2023\/#breadcrumb\"},\"inLanguage\":\"ca\",\"potentialAction\":[{\"@type\":\"ReadAction\",\"target\":[\"https:\/\/artyplan.com\/ca\/blog\/autopublicar-un-llibre-i-idees-per-regalar-el-dia-del-llibre-2023\/\"]}]},{\"@type\":\"ImageObject\",\"inLanguage\":\"ca\",\"@id\":\"https:\/\/artyplan.com\/ca\/blog\/autopublicar-un-llibre-i-idees-per-regalar-el-dia-del-llibre-2023\/#primaryimage\",\"url\":\"https:\/\/artyplan.com\/wp-content\/uploads\/2025\/09\/sant-jordi.png\",\"contentUrl\":\"https:\/\/artyplan.com\/wp-content\/uploads\/2025\/09\/sant-jordi.png\",\"width\":1920,\"height\":600,\"caption\":\"dia del libro\"},{\"@type\":\"BreadcrumbList\",\"@id\":\"https:\/\/artyplan.com\/ca\/blog\/autopublicar-un-llibre-i-idees-per-regalar-el-dia-del-llibre-2023\/#breadcrumb\",\"itemListElement\":[{\"@type\":\"ListItem\",\"position\":1,\"name\":\"Artyplan\",\"item\":\"https:\/\/artyplan.com\/ca\/\"},{\"@type\":\"ListItem\",\"position\":2,\"name\":\"Autopublicar un llibre: 4 idees para Sant Jordi\"}]},{\"@type\":\"WebSite\",\"@id\":\"https:\/\/artyplan.com\/ca\/#website\",\"url\":\"https:\/\/artyplan.com\/ca\/\",\"name\":\"Artyplan\",\"description\":\"\",\"publisher\":{\"@id\":\"https:\/\/artyplan.com\/ca\/#organization\"},\"potentialAction\":[{\"@type\":\"SearchAction\",\"target\":{\"@type\":\"EntryPoint\",\"urlTemplate\":\"https:\/\/artyplan.com\/ca\/?s={search_term_string}\"},\"query-input\":{\"@type\":\"PropertyValueSpecification\",\"valueRequired\":true,\"valueName\":\"search_term_string\"}}],\"inLanguage\":\"ca\"},{\"@type\":\"Organization\",\"@id\":\"https:\/\/artyplan.com\/ca\/#organization\",\"name\":\"Artyplan\",\"url\":\"https:\/\/artyplan.com\/ca\/\",\"logo\":{\"@type\":\"ImageObject\",\"inLanguage\":\"ca\",\"@id\":\"https:\/\/artyplan.com\/ca\/#\/schema\/logo\/image\/\",\"url\":\"https:\/\/artyplan.com\/wp-content\/uploads\/2025\/12\/Logo-artyplan-690x690-1.png\",\"contentUrl\":\"https:\/\/artyplan.com\/wp-content\/uploads\/2025\/12\/Logo-artyplan-690x690-1.png\",\"width\":690,\"height\":690,\"caption\":\"Artyplan\"},\"image\":{\"@id\":\"https:\/\/artyplan.com\/ca\/#\/schema\/logo\/image\/\"},\"sameAs\":[\"https:\/\/www.facebook.com\/artyplan\",\"https:\/\/www.instagram.com\/artyplan\/\",\"https:\/\/www.linkedin.com\/company\/artyplan\"],\"description\":\"Artyplan \u00e9s una empresa especialitzada en producci\u00f3 gr\u00e0fica i comunicaci\u00f3 visual amb 60 anys dexperi\u00e8ncia. Oferim solucions integrals d'impressi\u00f3 en gran format, PLV i retail, gesti\u00f3 d'esdeveniments i fires, disseny i fabricaci\u00f3 a mida, log\u00edstica i serveis d'instal\u00b7laci\u00f3 a tot el territori. Treballem per a marques, ag\u00e8ncies, espais comercials i institucions que necessiten un partner fiable per desenvolupar campanyes de m\u00e0rqueting, projectes de retail i accions de branding o m\u00e0rqueting. Combinem tecnologia avan\u00e7ada d\u00b4impressi\u00f3 digital, un equip expert i una gesti\u00f3 completa de projectes per garantir qualitat, agilitat i resultats a mida per a cada client. Disposem de plataformes B2B que faciliten als nostres clients la gesti\u00f3 de les comandes de materials impresos aix\u00ed com la log\u00edstica dels mateixos.\",\"email\":\"info@artyplan.com\",\"telephone\":\"+34 93 200 87 99\",\"legalName\":\"Artyplan S.L.\",\"vatID\":\"B61963229\",\"numberOfEmployees\":{\"@type\":\"QuantitativeValue\",\"minValue\":\"51\",\"maxValue\":\"200\"}},{\"@type\":\"Person\",\"@id\":\"https:\/\/artyplan.com\/ca\/#\/schema\/person\/0ef19accced432bc277b8d5248cd2cc0\",\"name\":\"Sergio Triguero\",\"image\":{\"@type\":\"ImageObject\",\"inLanguage\":\"ca\",\"@id\":\"https:\/\/artyplan.com\/ca\/#\/schema\/person\/image\/\",\"url\":\"https:\/\/secure.gravatar.com\/avatar\/c742a95811ffbc635a3d111ab446f278cce576575d14970fd5d56e17580c3f23?s=96&d=mm&r=g\",\"contentUrl\":\"https:\/\/secure.gravatar.com\/avatar\/c742a95811ffbc635a3d111ab446f278cce576575d14970fd5d56e17580c3f23?s=96&d=mm&r=g\",\"caption\":\"Sergio Triguero\"}}]}<\/script>\n<!-- \/ Yoast SEO Premium plugin. -->","yoast_head_json":{"title":"Autopublicar un llibre: 4 idees para Sant Jordi","description":"Est\u00e0s pensant en idees per a regalar en el Dia del llibre? Potser vols autopublicar el teu. Aquestes s\u00f3n algunes idees.","robots":{"index":"index","follow":"follow","max-snippet":"max-snippet:-1","max-image-preview":"max-image-preview:large","max-video-preview":"max-video-preview:-1"},"canonical":"https:\/\/artyplan.com\/ca\/blog\/autopublicar-un-llibre-i-idees-per-regalar-el-dia-del-llibre-2023\/","og_locale":"ca_ES","og_type":"article","og_title":"Autopublicar un llibre: 4 idees para Sant Jordi","og_description":"Est\u00e0s pensant en idees per a regalar en el Dia del llibre? Potser vols autopublicar el teu. Aquestes s\u00f3n algunes idees.","og_url":"https:\/\/artyplan.com\/ca\/blog\/autopublicar-un-llibre-i-idees-per-regalar-el-dia-del-llibre-2023\/","og_site_name":"Artyplan","article_publisher":"https:\/\/www.facebook.com\/artyplan","article_published_time":"2023-04-04T22:00:00+00:00","article_modified_time":"2026-01-30T09:16:34+00:00","og_image":[{"width":1920,"height":600,"url":"https:\/\/artyplan.com\/wp-content\/uploads\/2025\/09\/sant-jordi.png","type":"image\/png"}],"author":"Sergio Triguero","twitter_card":"summary_large_image","twitter_misc":{"Escrit per":"Sergio Triguero","Temps estimat de lectura":"4 minuts"},"schema":{"@context":"https:\/\/schema.org","@graph":[{"@type":"Article","@id":"https:\/\/artyplan.com\/ca\/blog\/autopublicar-un-llibre-i-idees-per-regalar-el-dia-del-llibre-2023\/#article","isPartOf":{"@id":"https:\/\/artyplan.com\/ca\/blog\/autopublicar-un-llibre-i-idees-per-regalar-el-dia-del-llibre-2023\/"},"author":{"name":"Sergio Triguero","@id":"https:\/\/artyplan.com\/ca\/#\/schema\/person\/0ef19accced432bc277b8d5248cd2cc0"},"headline":"Autopublicar un llibre: 4 idees para Sant Jordi","datePublished":"2023-04-04T22:00:00+00:00","dateModified":"2026-01-30T09:16:34+00:00","mainEntityOfPage":{"@id":"https:\/\/artyplan.com\/ca\/blog\/autopublicar-un-llibre-i-idees-per-regalar-el-dia-del-llibre-2023\/"},"wordCount":762,"publisher":{"@id":"https:\/\/artyplan.com\/ca\/#organization"},"image":{"@id":"https:\/\/artyplan.com\/ca\/blog\/autopublicar-un-llibre-i-idees-per-regalar-el-dia-del-llibre-2023\/#primaryimage"},"thumbnailUrl":"https:\/\/artyplan.com\/wp-content\/uploads\/2025\/09\/sant-jordi.png","articleSection":["Noticies","Sense-categoritzar"],"inLanguage":"ca"},{"@type":"WebPage","@id":"https:\/\/artyplan.com\/ca\/blog\/autopublicar-un-llibre-i-idees-per-regalar-el-dia-del-llibre-2023\/","url":"https:\/\/artyplan.com\/ca\/blog\/autopublicar-un-llibre-i-idees-per-regalar-el-dia-del-llibre-2023\/","name":"Autopublicar un llibre: 4 idees para Sant Jordi","isPartOf":{"@id":"https:\/\/artyplan.com\/ca\/#website"},"primaryImageOfPage":{"@id":"https:\/\/artyplan.com\/ca\/blog\/autopublicar-un-llibre-i-idees-per-regalar-el-dia-del-llibre-2023\/#primaryimage"},"image":{"@id":"https:\/\/artyplan.com\/ca\/blog\/autopublicar-un-llibre-i-idees-per-regalar-el-dia-del-llibre-2023\/#primaryimage"},"thumbnailUrl":"https:\/\/artyplan.com\/wp-content\/uploads\/2025\/09\/sant-jordi.png","datePublished":"2023-04-04T22:00:00+00:00","dateModified":"2026-01-30T09:16:34+00:00","description":"Est\u00e0s pensant en idees per a regalar en el Dia del llibre? Potser vols autopublicar el teu. Aquestes s\u00f3n algunes idees.","breadcrumb":{"@id":"https:\/\/artyplan.com\/ca\/blog\/autopublicar-un-llibre-i-idees-per-regalar-el-dia-del-llibre-2023\/#breadcrumb"},"inLanguage":"ca","potentialAction":[{"@type":"ReadAction","target":["https:\/\/artyplan.com\/ca\/blog\/autopublicar-un-llibre-i-idees-per-regalar-el-dia-del-llibre-2023\/"]}]},{"@type":"ImageObject","inLanguage":"ca","@id":"https:\/\/artyplan.com\/ca\/blog\/autopublicar-un-llibre-i-idees-per-regalar-el-dia-del-llibre-2023\/#primaryimage","url":"https:\/\/artyplan.com\/wp-content\/uploads\/2025\/09\/sant-jordi.png","contentUrl":"https:\/\/artyplan.com\/wp-content\/uploads\/2025\/09\/sant-jordi.png","width":1920,"height":600,"caption":"dia del libro"},{"@type":"BreadcrumbList","@id":"https:\/\/artyplan.com\/ca\/blog\/autopublicar-un-llibre-i-idees-per-regalar-el-dia-del-llibre-2023\/#breadcrumb","itemListElement":[{"@type":"ListItem","position":1,"name":"Artyplan","item":"https:\/\/artyplan.com\/ca\/"},{"@type":"ListItem","position":2,"name":"Autopublicar un llibre: 4 idees para Sant Jordi"}]},{"@type":"WebSite","@id":"https:\/\/artyplan.com\/ca\/#website","url":"https:\/\/artyplan.com\/ca\/","name":"Artyplan","description":"","publisher":{"@id":"https:\/\/artyplan.com\/ca\/#organization"},"potentialAction":[{"@type":"SearchAction","target":{"@type":"EntryPoint","urlTemplate":"https:\/\/artyplan.com\/ca\/?s={search_term_string}"},"query-input":{"@type":"PropertyValueSpecification","valueRequired":true,"valueName":"search_term_string"}}],"inLanguage":"ca"},{"@type":"Organization","@id":"https:\/\/artyplan.com\/ca\/#organization","name":"Artyplan","url":"https:\/\/artyplan.com\/ca\/","logo":{"@type":"ImageObject","inLanguage":"ca","@id":"https:\/\/artyplan.com\/ca\/#\/schema\/logo\/image\/","url":"https:\/\/artyplan.com\/wp-content\/uploads\/2025\/12\/Logo-artyplan-690x690-1.png","contentUrl":"https:\/\/artyplan.com\/wp-content\/uploads\/2025\/12\/Logo-artyplan-690x690-1.png","width":690,"height":690,"caption":"Artyplan"},"image":{"@id":"https:\/\/artyplan.com\/ca\/#\/schema\/logo\/image\/"},"sameAs":["https:\/\/www.facebook.com\/artyplan","https:\/\/www.instagram.com\/artyplan\/","https:\/\/www.linkedin.com\/company\/artyplan"],"description":"Artyplan \u00e9s una empresa especialitzada en producci\u00f3 gr\u00e0fica i comunicaci\u00f3 visual amb 60 anys dexperi\u00e8ncia. Oferim solucions integrals d'impressi\u00f3 en gran format, PLV i retail, gesti\u00f3 d'esdeveniments i fires, disseny i fabricaci\u00f3 a mida, log\u00edstica i serveis d'instal\u00b7laci\u00f3 a tot el territori. Treballem per a marques, ag\u00e8ncies, espais comercials i institucions que necessiten un partner fiable per desenvolupar campanyes de m\u00e0rqueting, projectes de retail i accions de branding o m\u00e0rqueting. Combinem tecnologia avan\u00e7ada d\u00b4impressi\u00f3 digital, un equip expert i una gesti\u00f3 completa de projectes per garantir qualitat, agilitat i resultats a mida per a cada client. Disposem de plataformes B2B que faciliten als nostres clients la gesti\u00f3 de les comandes de materials impresos aix\u00ed com la log\u00edstica dels mateixos.","email":"info@artyplan.com","telephone":"+34 93 200 87 99","legalName":"Artyplan S.L.","vatID":"B61963229","numberOfEmployees":{"@type":"QuantitativeValue","minValue":"51","maxValue":"200"}},{"@type":"Person","@id":"https:\/\/artyplan.com\/ca\/#\/schema\/person\/0ef19accced432bc277b8d5248cd2cc0","name":"Sergio Triguero","image":{"@type":"ImageObject","inLanguage":"ca","@id":"https:\/\/artyplan.com\/ca\/#\/schema\/person\/image\/","url":"https:\/\/secure.gravatar.com\/avatar\/c742a95811ffbc635a3d111ab446f278cce576575d14970fd5d56e17580c3f23?s=96&d=mm&r=g","contentUrl":"https:\/\/secure.gravatar.com\/avatar\/c742a95811ffbc635a3d111ab446f278cce576575d14970fd5d56e17580c3f23?s=96&d=mm&r=g","caption":"Sergio Triguero"}}]}},"_links":{"self":[{"href":"https:\/\/artyplan.com\/ca\/wp-json\/wp\/v2\/posts\/5513","targetHints":{"allow":["GET"]}}],"collection":[{"href":"https:\/\/artyplan.com\/ca\/wp-json\/wp\/v2\/posts"}],"about":[{"href":"https:\/\/artyplan.com\/ca\/wp-json\/wp\/v2\/types\/post"}],"author":[{"embeddable":true,"href":"https:\/\/artyplan.com\/ca\/wp-json\/wp\/v2\/users\/3"}],"replies":[{"embeddable":true,"href":"https:\/\/artyplan.com\/ca\/wp-json\/wp\/v2\/comments?post=5513"}],"version-history":[{"count":2,"href":"https:\/\/artyplan.com\/ca\/wp-json\/wp\/v2\/posts\/5513\/revisions"}],"predecessor-version":[{"id":13507,"href":"https:\/\/artyplan.com\/ca\/wp-json\/wp\/v2\/posts\/5513\/revisions\/13507"}],"wp:featuredmedia":[{"embeddable":true,"href":"https:\/\/artyplan.com\/ca\/wp-json\/wp\/v2\/media\/7153"}],"wp:attachment":[{"href":"https:\/\/artyplan.com\/ca\/wp-json\/wp\/v2\/media?parent=5513"}],"wp:term":[{"taxonomy":"category","embeddable":true,"href":"https:\/\/artyplan.com\/ca\/wp-json\/wp\/v2\/categories?post=5513"},{"taxonomy":"post_tag","embeddable":true,"href":"https:\/\/artyplan.com\/ca\/wp-json\/wp\/v2\/tags?post=5513"}],"curies":[{"name":"wp","href":"https:\/\/api.w.org\/{rel}","templated":true}]}}