{"id":5546,"date":"2023-05-19T00:00:00","date_gmt":"2023-05-18T22:00:00","guid":{"rendered":"https:\/\/preweb.artyplan.com\/sin-categorizar\/materials-dimpressio-rigids-ecologics\/"},"modified":"2025-12-16T12:32:50","modified_gmt":"2025-12-16T10:32:50","slug":"materials-dimpressio-rigids-ecologics","status":"publish","type":"post","link":"https:\/\/artyplan.com\/ca\/blog\/materials-dimpressio-rigids-ecologics\/","title":{"rendered":"Materials d&#8217;impressi\u00f3 r\u00edgids ecol\u00f2gics"},"content":{"rendered":"<p>La ind\u00fastria de la impressi\u00f3 ha avan\u00e7at significativament en els \u00faltims anys respecte a la consci\u00e8ncia ambiental, la sostenibilitat i, en conseq\u00fc\u00e8ncia en l&#8217;adopci\u00f3 de<strong> materials m\u00e9s sostenibles<\/strong> i ecol\u00f2gics.<\/p>\n<p>Els <strong>suports r\u00edgids s\u00f3n elements clau en la comunicaci\u00f3 visual<\/strong>. Aquests es fabriquen a partir de materials renovables i\/o reciclats i, per tant, s\u00f3n completament reciclables al final de la seva vida \u00fatil. A m\u00e9s, aquests materials ofereixen la mateixa qualitat d&#8217;impressi\u00f3 i durabilitat que els materials convencionals, per la qual cosa no se sacrifica la qualitat per la sostenibilitat.<\/p>\n<p>En utilitzar-los, es <strong>redueix la seva petjada de carboni i promouen pr\u00e0ctiques sostenibles<\/strong> que protegeixin el medi ambient. Entre els materials d&#8217;impressi\u00f3 r\u00edgids ecol\u00f2gics m\u00e9s populars es troben:<\/p>\n<p><strong><img fetchpriority=\"high\" decoding=\"async\" class=\"wp-image-10025 size-medium alignright\" src=\"https:\/\/preweb.artyplan.com\/wp-content\/uploads\/2025\/09\/Dispa-material-rigido-scaled-e1684485290200-300x300-1.jpg\" alt=\"Dispa material r\u00edgido\" width=\"300\" height=\"300\" \/><\/strong><\/p>\n<h2>DISPA\u00a0\/\u00a0DISPA\u00a0CANVAS<\/h2>\n<p>Panell r\u00edgid fabricat amb 100% de paper <strong>fet de fibres de cel\u00b7lulosa<\/strong>. La seva estructura ofereix una superf\u00edcie llisa i suau, rigidesa i estabilitat. El nucli de paper gofrat aporta una \u00f2ptima resist\u00e8ncia a la flexi\u00f3 i permet que l&#8217;aire i la humitat s&#8217;evacu\u00efn f\u00e0cilment, <strong>impedint la curvatura del material<\/strong>.<\/p>\n<p><span style=\"text-decoration: underline;\">Aplicacions<\/span>: Senyalitzaci\u00f3 penjant, Campanyes de publicitat d&#8217;implementaci\u00f3 r\u00e0pida,\u00a0PLV, cartelleria i displays.<\/p>\n<h2>CART\u00d3 COMPACTE<\/h2>\n<figure id=\"attachment_12908\" aria-describedby=\"caption-attachment-12908\" style=\"width: 296px\" class=\"wp-caption alignleft\"><img decoding=\"async\" class=\"wp-image-12908 size-full\" src=\"https:\/\/preweb.artyplan.com\/wp-content\/uploads\/2025\/09\/carton-carton-compacto.jpg\" alt=\"carton compacto\" width=\"296\" height=\"160\" \/><figcaption id=\"caption-attachment-12908\" class=\"wp-caption-text\">Imatge de: Endutex<\/figcaption><\/figure>\n<p>&nbsp;<\/p>\n<p>Tamb\u00e9 conegut com a cart\u00f3 gris o cart\u00f3 gr\u00e0fic, \u00e9s un material d&#8217;impressi\u00f3 r\u00edgid fet de paper reciclat molt vers\u00e0til.<\/p>\n<p><span style=\"text-decoration: underline;\">Aplicacions<\/span>: Campanyes publicit\u00e0ries d&#8217;implementaci\u00f3 r\u00e0pida, cartelleria,\u00a0PLV, senyalitzaci\u00f3, Displays, caixes i etiquetes.<\/p>\n<h2><\/h2>\n<h2>SMART-X<\/h2>\n<figure id=\"attachment_12910\" aria-describedby=\"caption-attachment-12910\" style=\"width: 296px\" class=\"wp-caption alignright\"><img decoding=\"async\" class=\"wp-image-12910 size-full\" src=\"https:\/\/preweb.artyplan.com\/wp-content\/uploads\/2025\/09\/D10037624150ST.jpg\" alt=\"smart x\" width=\"296\" height=\"160\" \/><figcaption id=\"caption-attachment-12910\" class=\"wp-caption-text\">Imatge de: Endutex<\/figcaption><\/figure>\n<p>\u00c9s un material d&#8217;impressi\u00f3 r\u00edgid popular fet de <strong>poliestir\u00e8 reciclat i poliestir\u00e8 expandit<\/strong>, cosa que ho fa lleuger i resistent a les inclem\u00e8ncies del temps a interior i exterior. <strong>Suporta els raigs UV<\/strong> sense doblegar el material i sobretot la humitat.<\/p>\n<p><span style=\"text-decoration: underline;\">Aplicacions<\/span>: Expositors POST\/POV, Campanyes publicit\u00e0ries, senyalitzaci\u00f3, disseny d&#8217;interiors i decoraci\u00f3 de botigues.<\/p>\n<h2><img loading=\"lazy\" decoding=\"async\" class=\"wp-image-10027 size-medium alignleft\" style=\"font-size: 16px;\" src=\"https:\/\/preweb.artyplan.com\/wp-content\/uploads\/2025\/09\/Abiplex-material-rigido-scaled-e1684485349849-294x300.jpg\" alt=\"Abiplex material r\u00edgido\" width=\"294\" height=\"300\" \/><\/h2>\n<p>&nbsp;<\/p>\n<h2>ABIPLEX<\/h2>\n<p>Material disponible en superf\u00edcie blanca o Kraft fet de <strong>mat\u00e8ries primeres derivades de la cel\u00b7lulosa<\/strong>. Molt resistent, lleuger i amb una superf\u00edcie molt llisa, que facilita la seva impressi\u00f3. A m\u00e9s, es poden crear <strong>estructures de f\u00e0cil muntatge<\/strong> gr\u00e0cies al fet que suporta tot tipus de troquelat.<\/p>\n<p><span style=\"text-decoration: underline;\">Aplicacions<\/span>:\u00a0PLV, displays i t\u00f2tems publicitaris, elements de decoraci\u00f3 per a aparadors i esdeveniments, taulells i prestatgeries, taules, cadires i mobiliari en general.<br \/>\n<\/br><\/p>\n<h2>E-PLAST<\/h2>\n<p>L\u00e0mina de <strong>polipropil\u00e8 amb pl\u00e0stic corrugat en el seu interior<\/strong>, ideal tant per a interiors com exteriors. Resistent i amb una gran durabilitat.<\/p>\n<p><span style=\"text-decoration: underline;\">Aplicacions<\/span>: r\u00e8tols, embalatges industrials, embalatge, senyalitzaci\u00f3.<\/p>\n<h2>CART\u00d3 DOBLE MICROCANAL<\/h2>\n<figure id=\"attachment_12912\" aria-describedby=\"caption-attachment-12912\" style=\"width: 300px\" class=\"wp-caption alignright\"><img loading=\"lazy\" decoding=\"async\" class=\"wp-image-12912 size-medium\" src=\"https:\/\/preweb.artyplan.com\/wp-content\/uploads\/2025\/09\/carton-doble-microcanal-300x152.jpg\" alt=\"carton doble microcanal\" width=\"300\" height=\"152\" \/><figcaption id=\"caption-attachment-12912\" class=\"wp-caption-text\">Imatge de: Endutex<\/figcaption><\/figure>\n<p>\u00c9s un material d&#8217;impressi\u00f3 r\u00edgid fet per una <strong>estructura de doble paret que li dona resist\u00e8ncia i durabilitat<\/strong>. De gran lleugeresa, flexibilitat i manipulaci\u00f3.<\/p>\n<p><span style=\"text-decoration: underline;\">Aplicacions<\/span>: Embalatge impr\u00e8s, senyalitzaci\u00f3 penjant i PLV.<\/p>\n<h2>ACR\u00cdLICS TRANSPARENTS<\/h2>\n<p>Encara que no s\u00f3n materials ecol\u00f2gics per se, s\u00f3n una opci\u00f3 sostenible per a la impressi\u00f3 r\u00edgida perqu\u00e8 s\u00f3n 100% reciclables. A m\u00e9s, la seva durabilitat i transpar\u00e8ncia els fan una excel\u00b7lent opci\u00f3 per a la fabricaci\u00f3 de panells de paret, displays i senyalitzaci\u00f3.<\/p>\n<figure id=\"attachment_12914\" aria-describedby=\"caption-attachment-12914\" style=\"width: 296px\" class=\"wp-caption alignleft\"><img loading=\"lazy\" decoding=\"async\" class=\"wp-image-12914 size-full\" src=\"https:\/\/preweb.artyplan.com\/wp-content\/uploads\/2025\/09\/polipropileno-alveolar-e1725352912340.jpg\" alt=\"polipropileno alveolar\" width=\"296\" height=\"160\" \/><figcaption id=\"caption-attachment-12914\" class=\"wp-caption-text\">Imatge de: Endutex<\/figcaption><\/figure>\n<h2>POLIPROPIL\u00c8 ALVEOLAR<\/h2>\n<p>Material amb una <strong>estructura de bresca d&#8217;abella que li dona resist\u00e8ncia i lleugeresa<\/strong>. Resistent als raigs UV, a l&#8217;aigua, a les inclem\u00e8ncies del temps i a olis i productes qu\u00edmics.<\/p>\n<p><span style=\"text-decoration: underline;\">Aplicacions<\/span>: R\u00e8tols, embalatges industrials o senyalitzaci\u00f3 tant en interiors com exteriors.<\/p>\n<p>Si est\u00e0s buscant una opci\u00f3 m\u00e9s ecol\u00f2gica, considera utilitzar un d&#8217;aquests<a href=\"http:\/\/artyplan.com\/ca\/contacte\/\" target=\"_blank\" rel=\"noopener\"> materials d&#8217;impressi\u00f3 r\u00edgids ecol\u00f2gics<\/a>. D&#8217;aquesta manera, estar\u00e0s contribuint a la protecci\u00f3 del medi ambient i cuidant del nostre planeta.<\/p>\n","protected":false},"excerpt":{"rendered":"<p>La ind\u00fastria de la impressi\u00f3 ha avan\u00e7at significativament en els \u00faltims anys respecte a la consci\u00e8ncia ambiental, la sostenibilitat i, en conseq\u00fc\u00e8ncia en l&#8217;adopci\u00f3 de materials m\u00e9s sostenibles i ecol\u00f2gics. Els suports r\u00edgids s\u00f3n elements clau en la comunicaci\u00f3 visual. Aquests es fabriquen a partir de materials renovables i\/o reciclats i, per tant, s\u00f3n completament [&hellip;]<\/p>\n","protected":false},"author":3,"featured_media":7171,"comment_status":"closed","ping_status":"closed","sticky":false,"template":"","format":"standard","meta":{"footnotes":""},"categories":[52,36,35,54],"tags":[],"class_list":["post-5546","post","type-post","status-publish","format-standard","has-post-thumbnail","hentry","category-ecologic-ca","category-ecologico","category-noticias","category-noticies-ca"],"yoast_head":"<!-- This site is optimized with the Yoast SEO Premium plugin v26.5 (Yoast SEO v26.5) - https:\/\/yoast.com\/wordpress\/plugins\/seo\/ -->\n<title>Materials d&#039;impressi\u00f3 r\u00edgids ecol\u00f2gics | Artyplan<\/title>\n<meta name=\"description\" content=\"Busques materials d&#039;impressi\u00f3 r\u00edgids ecol\u00f2gics? Et donem alternatives a materials per a imprimir, respectuoses amb el medi ambient.\" \/>\n<meta name=\"robots\" content=\"index, follow, max-snippet:-1, max-image-preview:large, max-video-preview:-1\" \/>\n<link rel=\"canonical\" href=\"https:\/\/artyplan.com\/ca\/blog\/materials-dimpressio-rigids-ecologics\/\" \/>\n<meta property=\"og:locale\" content=\"ca_ES\" \/>\n<meta property=\"og:type\" content=\"article\" \/>\n<meta property=\"og:title\" content=\"Materials d&#039;impressi\u00f3 r\u00edgids ecol\u00f2gics\" \/>\n<meta property=\"og:description\" content=\"Busques materials d&#039;impressi\u00f3 r\u00edgids ecol\u00f2gics? Et donem alternatives a materials per a imprimir, respectuoses amb el medi ambient.\" \/>\n<meta property=\"og:url\" content=\"https:\/\/artyplan.com\/ca\/blog\/materials-dimpressio-rigids-ecologics\/\" \/>\n<meta property=\"og:site_name\" content=\"Artyplan\" \/>\n<meta property=\"article:publisher\" content=\"https:\/\/www.facebook.com\/artyplan\" \/>\n<meta property=\"article:published_time\" content=\"2023-05-18T22:00:00+00:00\" \/>\n<meta property=\"article:modified_time\" content=\"2025-12-16T10:32:50+00:00\" \/>\n<meta property=\"og:image\" content=\"https:\/\/artyplan.com\/wp-content\/uploads\/2025\/09\/soportes-rigidos-impresion.png\" \/>\n\t<meta property=\"og:image:width\" content=\"1920\" \/>\n\t<meta property=\"og:image:height\" content=\"600\" \/>\n\t<meta property=\"og:image:type\" content=\"image\/png\" \/>\n<meta name=\"author\" content=\"Sergio Triguero\" \/>\n<meta name=\"twitter:card\" content=\"summary_large_image\" \/>\n<meta name=\"twitter:label1\" content=\"Escrit per\" \/>\n\t<meta name=\"twitter:data1\" content=\"Sergio Triguero\" \/>\n\t<meta name=\"twitter:label2\" content=\"Temps estimat de lectura\" \/>\n\t<meta name=\"twitter:data2\" content=\"4 minuts\" \/>\n<script type=\"application\/ld+json\" class=\"yoast-schema-graph\">{\"@context\":\"https:\/\/schema.org\",\"@graph\":[{\"@type\":\"Article\",\"@id\":\"https:\/\/artyplan.com\/ca\/blog\/materials-dimpressio-rigids-ecologics\/#article\",\"isPartOf\":{\"@id\":\"https:\/\/artyplan.com\/ca\/blog\/materials-dimpressio-rigids-ecologics\/\"},\"author\":{\"name\":\"Sergio Triguero\",\"@id\":\"https:\/\/artyplan.com\/ca\/#\/schema\/person\/0ef19accced432bc277b8d5248cd2cc0\"},\"headline\":\"Materials d&#8217;impressi\u00f3 r\u00edgids ecol\u00f2gics\",\"datePublished\":\"2023-05-18T22:00:00+00:00\",\"dateModified\":\"2025-12-16T10:32:50+00:00\",\"mainEntityOfPage\":{\"@id\":\"https:\/\/artyplan.com\/ca\/blog\/materials-dimpressio-rigids-ecologics\/\"},\"wordCount\":652,\"publisher\":{\"@id\":\"https:\/\/artyplan.com\/ca\/#organization\"},\"image\":{\"@id\":\"https:\/\/artyplan.com\/ca\/blog\/materials-dimpressio-rigids-ecologics\/#primaryimage\"},\"thumbnailUrl\":\"https:\/\/artyplan.com\/wp-content\/uploads\/2025\/09\/soportes-rigidos-impresion.png\",\"articleSection\":[\"Ecol\u00f2gic\",\"Ecol\u00f3gico\",\"Noticias\",\"Noticies\"],\"inLanguage\":\"ca\"},{\"@type\":\"WebPage\",\"@id\":\"https:\/\/artyplan.com\/ca\/blog\/materials-dimpressio-rigids-ecologics\/\",\"url\":\"https:\/\/artyplan.com\/ca\/blog\/materials-dimpressio-rigids-ecologics\/\",\"name\":\"Materials d'impressi\u00f3 r\u00edgids ecol\u00f2gics | Artyplan\",\"isPartOf\":{\"@id\":\"https:\/\/artyplan.com\/ca\/#website\"},\"primaryImageOfPage\":{\"@id\":\"https:\/\/artyplan.com\/ca\/blog\/materials-dimpressio-rigids-ecologics\/#primaryimage\"},\"image\":{\"@id\":\"https:\/\/artyplan.com\/ca\/blog\/materials-dimpressio-rigids-ecologics\/#primaryimage\"},\"thumbnailUrl\":\"https:\/\/artyplan.com\/wp-content\/uploads\/2025\/09\/soportes-rigidos-impresion.png\",\"datePublished\":\"2023-05-18T22:00:00+00:00\",\"dateModified\":\"2025-12-16T10:32:50+00:00\",\"description\":\"Busques materials d'impressi\u00f3 r\u00edgids ecol\u00f2gics? Et donem alternatives a materials per a imprimir, respectuoses amb el medi ambient.\",\"breadcrumb\":{\"@id\":\"https:\/\/artyplan.com\/ca\/blog\/materials-dimpressio-rigids-ecologics\/#breadcrumb\"},\"inLanguage\":\"ca\",\"potentialAction\":[{\"@type\":\"ReadAction\",\"target\":[\"https:\/\/artyplan.com\/ca\/blog\/materials-dimpressio-rigids-ecologics\/\"]}]},{\"@type\":\"ImageObject\",\"inLanguage\":\"ca\",\"@id\":\"https:\/\/artyplan.com\/ca\/blog\/materials-dimpressio-rigids-ecologics\/#primaryimage\",\"url\":\"https:\/\/artyplan.com\/wp-content\/uploads\/2025\/09\/soportes-rigidos-impresion.png\",\"contentUrl\":\"https:\/\/artyplan.com\/wp-content\/uploads\/2025\/09\/soportes-rigidos-impresion.png\",\"width\":1920,\"height\":600,\"caption\":\"materials impressi\u00f3 r\u00edgids||Smart X|Dispa||Dispa|||Abiplex|Dispa material r\u00edgido|Abiplex material r\u00edgido|carton compacto|smart x|carton doble microcanal|polipropileno alveolar\"},{\"@type\":\"BreadcrumbList\",\"@id\":\"https:\/\/artyplan.com\/ca\/blog\/materials-dimpressio-rigids-ecologics\/#breadcrumb\",\"itemListElement\":[{\"@type\":\"ListItem\",\"position\":1,\"name\":\"Artyplan\",\"item\":\"https:\/\/artyplan.com\/ca\/\"},{\"@type\":\"ListItem\",\"position\":2,\"name\":\"Materials d&#8217;impressi\u00f3 r\u00edgids ecol\u00f2gics\"}]},{\"@type\":\"WebSite\",\"@id\":\"https:\/\/artyplan.com\/ca\/#website\",\"url\":\"https:\/\/artyplan.com\/ca\/\",\"name\":\"Artyplan\",\"description\":\"\",\"publisher\":{\"@id\":\"https:\/\/artyplan.com\/ca\/#organization\"},\"potentialAction\":[{\"@type\":\"SearchAction\",\"target\":{\"@type\":\"EntryPoint\",\"urlTemplate\":\"https:\/\/artyplan.com\/ca\/?s={search_term_string}\"},\"query-input\":{\"@type\":\"PropertyValueSpecification\",\"valueRequired\":true,\"valueName\":\"search_term_string\"}}],\"inLanguage\":\"ca\"},{\"@type\":\"Organization\",\"@id\":\"https:\/\/artyplan.com\/ca\/#organization\",\"name\":\"Artyplan\",\"url\":\"https:\/\/artyplan.com\/ca\/\",\"logo\":{\"@type\":\"ImageObject\",\"inLanguage\":\"ca\",\"@id\":\"https:\/\/artyplan.com\/ca\/#\/schema\/logo\/image\/\",\"url\":\"https:\/\/artyplan.com\/wp-content\/uploads\/2025\/12\/Logo-artyplan-690x690-1.png\",\"contentUrl\":\"https:\/\/artyplan.com\/wp-content\/uploads\/2025\/12\/Logo-artyplan-690x690-1.png\",\"width\":690,\"height\":690,\"caption\":\"Artyplan\"},\"image\":{\"@id\":\"https:\/\/artyplan.com\/ca\/#\/schema\/logo\/image\/\"},\"sameAs\":[\"https:\/\/www.facebook.com\/artyplan\",\"https:\/\/www.instagram.com\/artyplan\/\",\"https:\/\/www.linkedin.com\/company\/artyplan\"],\"description\":\"Artyplan \u00e9s una empresa especialitzada en producci\u00f3 gr\u00e0fica i comunicaci\u00f3 visual amb 60 anys dexperi\u00e8ncia. Oferim solucions integrals d'impressi\u00f3 en gran format, PLV i retail, gesti\u00f3 d'esdeveniments i fires, disseny i fabricaci\u00f3 a mida, log\u00edstica i serveis d'instal\u00b7laci\u00f3 a tot el territori. Treballem per a marques, ag\u00e8ncies, espais comercials i institucions que necessiten un partner fiable per desenvolupar campanyes de m\u00e0rqueting, projectes de retail i accions de branding o m\u00e0rqueting. Combinem tecnologia avan\u00e7ada d\u00b4impressi\u00f3 digital, un equip expert i una gesti\u00f3 completa de projectes per garantir qualitat, agilitat i resultats a mida per a cada client. Disposem de plataformes B2B que faciliten als nostres clients la gesti\u00f3 de les comandes de materials impresos aix\u00ed com la log\u00edstica dels mateixos.\",\"email\":\"info@artyplan.com\",\"telephone\":\"+34 93 200 87 99\",\"legalName\":\"Artyplan S.L.\",\"vatID\":\"B61963229\",\"numberOfEmployees\":{\"@type\":\"QuantitativeValue\",\"minValue\":\"51\",\"maxValue\":\"200\"}},{\"@type\":\"Person\",\"@id\":\"https:\/\/artyplan.com\/ca\/#\/schema\/person\/0ef19accced432bc277b8d5248cd2cc0\",\"name\":\"Sergio Triguero\",\"image\":{\"@type\":\"ImageObject\",\"inLanguage\":\"ca\",\"@id\":\"https:\/\/artyplan.com\/ca\/#\/schema\/person\/image\/\",\"url\":\"https:\/\/secure.gravatar.com\/avatar\/c742a95811ffbc635a3d111ab446f278cce576575d14970fd5d56e17580c3f23?s=96&d=mm&r=g\",\"contentUrl\":\"https:\/\/secure.gravatar.com\/avatar\/c742a95811ffbc635a3d111ab446f278cce576575d14970fd5d56e17580c3f23?s=96&d=mm&r=g\",\"caption\":\"Sergio Triguero\"}}]}<\/script>\n<!-- \/ Yoast SEO Premium plugin. -->","yoast_head_json":{"title":"Materials d'impressi\u00f3 r\u00edgids ecol\u00f2gics | Artyplan","description":"Busques materials d'impressi\u00f3 r\u00edgids ecol\u00f2gics? Et donem alternatives a materials per a imprimir, respectuoses amb el medi ambient.","robots":{"index":"index","follow":"follow","max-snippet":"max-snippet:-1","max-image-preview":"max-image-preview:large","max-video-preview":"max-video-preview:-1"},"canonical":"https:\/\/artyplan.com\/ca\/blog\/materials-dimpressio-rigids-ecologics\/","og_locale":"ca_ES","og_type":"article","og_title":"Materials d'impressi\u00f3 r\u00edgids ecol\u00f2gics","og_description":"Busques materials d'impressi\u00f3 r\u00edgids ecol\u00f2gics? Et donem alternatives a materials per a imprimir, respectuoses amb el medi ambient.","og_url":"https:\/\/artyplan.com\/ca\/blog\/materials-dimpressio-rigids-ecologics\/","og_site_name":"Artyplan","article_publisher":"https:\/\/www.facebook.com\/artyplan","article_published_time":"2023-05-18T22:00:00+00:00","article_modified_time":"2025-12-16T10:32:50+00:00","og_image":[{"width":1920,"height":600,"url":"https:\/\/artyplan.com\/wp-content\/uploads\/2025\/09\/soportes-rigidos-impresion.png","type":"image\/png"}],"author":"Sergio Triguero","twitter_card":"summary_large_image","twitter_misc":{"Escrit per":"Sergio Triguero","Temps estimat de lectura":"4 minuts"},"schema":{"@context":"https:\/\/schema.org","@graph":[{"@type":"Article","@id":"https:\/\/artyplan.com\/ca\/blog\/materials-dimpressio-rigids-ecologics\/#article","isPartOf":{"@id":"https:\/\/artyplan.com\/ca\/blog\/materials-dimpressio-rigids-ecologics\/"},"author":{"name":"Sergio Triguero","@id":"https:\/\/artyplan.com\/ca\/#\/schema\/person\/0ef19accced432bc277b8d5248cd2cc0"},"headline":"Materials d&#8217;impressi\u00f3 r\u00edgids ecol\u00f2gics","datePublished":"2023-05-18T22:00:00+00:00","dateModified":"2025-12-16T10:32:50+00:00","mainEntityOfPage":{"@id":"https:\/\/artyplan.com\/ca\/blog\/materials-dimpressio-rigids-ecologics\/"},"wordCount":652,"publisher":{"@id":"https:\/\/artyplan.com\/ca\/#organization"},"image":{"@id":"https:\/\/artyplan.com\/ca\/blog\/materials-dimpressio-rigids-ecologics\/#primaryimage"},"thumbnailUrl":"https:\/\/artyplan.com\/wp-content\/uploads\/2025\/09\/soportes-rigidos-impresion.png","articleSection":["Ecol\u00f2gic","Ecol\u00f3gico","Noticias","Noticies"],"inLanguage":"ca"},{"@type":"WebPage","@id":"https:\/\/artyplan.com\/ca\/blog\/materials-dimpressio-rigids-ecologics\/","url":"https:\/\/artyplan.com\/ca\/blog\/materials-dimpressio-rigids-ecologics\/","name":"Materials d'impressi\u00f3 r\u00edgids ecol\u00f2gics | Artyplan","isPartOf":{"@id":"https:\/\/artyplan.com\/ca\/#website"},"primaryImageOfPage":{"@id":"https:\/\/artyplan.com\/ca\/blog\/materials-dimpressio-rigids-ecologics\/#primaryimage"},"image":{"@id":"https:\/\/artyplan.com\/ca\/blog\/materials-dimpressio-rigids-ecologics\/#primaryimage"},"thumbnailUrl":"https:\/\/artyplan.com\/wp-content\/uploads\/2025\/09\/soportes-rigidos-impresion.png","datePublished":"2023-05-18T22:00:00+00:00","dateModified":"2025-12-16T10:32:50+00:00","description":"Busques materials d'impressi\u00f3 r\u00edgids ecol\u00f2gics? Et donem alternatives a materials per a imprimir, respectuoses amb el medi ambient.","breadcrumb":{"@id":"https:\/\/artyplan.com\/ca\/blog\/materials-dimpressio-rigids-ecologics\/#breadcrumb"},"inLanguage":"ca","potentialAction":[{"@type":"ReadAction","target":["https:\/\/artyplan.com\/ca\/blog\/materials-dimpressio-rigids-ecologics\/"]}]},{"@type":"ImageObject","inLanguage":"ca","@id":"https:\/\/artyplan.com\/ca\/blog\/materials-dimpressio-rigids-ecologics\/#primaryimage","url":"https:\/\/artyplan.com\/wp-content\/uploads\/2025\/09\/soportes-rigidos-impresion.png","contentUrl":"https:\/\/artyplan.com\/wp-content\/uploads\/2025\/09\/soportes-rigidos-impresion.png","width":1920,"height":600,"caption":"materials impressi\u00f3 r\u00edgids||Smart X|Dispa||Dispa|||Abiplex|Dispa material r\u00edgido|Abiplex material r\u00edgido|carton compacto|smart x|carton doble microcanal|polipropileno alveolar"},{"@type":"BreadcrumbList","@id":"https:\/\/artyplan.com\/ca\/blog\/materials-dimpressio-rigids-ecologics\/#breadcrumb","itemListElement":[{"@type":"ListItem","position":1,"name":"Artyplan","item":"https:\/\/artyplan.com\/ca\/"},{"@type":"ListItem","position":2,"name":"Materials d&#8217;impressi\u00f3 r\u00edgids ecol\u00f2gics"}]},{"@type":"WebSite","@id":"https:\/\/artyplan.com\/ca\/#website","url":"https:\/\/artyplan.com\/ca\/","name":"Artyplan","description":"","publisher":{"@id":"https:\/\/artyplan.com\/ca\/#organization"},"potentialAction":[{"@type":"SearchAction","target":{"@type":"EntryPoint","urlTemplate":"https:\/\/artyplan.com\/ca\/?s={search_term_string}"},"query-input":{"@type":"PropertyValueSpecification","valueRequired":true,"valueName":"search_term_string"}}],"inLanguage":"ca"},{"@type":"Organization","@id":"https:\/\/artyplan.com\/ca\/#organization","name":"Artyplan","url":"https:\/\/artyplan.com\/ca\/","logo":{"@type":"ImageObject","inLanguage":"ca","@id":"https:\/\/artyplan.com\/ca\/#\/schema\/logo\/image\/","url":"https:\/\/artyplan.com\/wp-content\/uploads\/2025\/12\/Logo-artyplan-690x690-1.png","contentUrl":"https:\/\/artyplan.com\/wp-content\/uploads\/2025\/12\/Logo-artyplan-690x690-1.png","width":690,"height":690,"caption":"Artyplan"},"image":{"@id":"https:\/\/artyplan.com\/ca\/#\/schema\/logo\/image\/"},"sameAs":["https:\/\/www.facebook.com\/artyplan","https:\/\/www.instagram.com\/artyplan\/","https:\/\/www.linkedin.com\/company\/artyplan"],"description":"Artyplan \u00e9s una empresa especialitzada en producci\u00f3 gr\u00e0fica i comunicaci\u00f3 visual amb 60 anys dexperi\u00e8ncia. Oferim solucions integrals d'impressi\u00f3 en gran format, PLV i retail, gesti\u00f3 d'esdeveniments i fires, disseny i fabricaci\u00f3 a mida, log\u00edstica i serveis d'instal\u00b7laci\u00f3 a tot el territori. Treballem per a marques, ag\u00e8ncies, espais comercials i institucions que necessiten un partner fiable per desenvolupar campanyes de m\u00e0rqueting, projectes de retail i accions de branding o m\u00e0rqueting. Combinem tecnologia avan\u00e7ada d\u00b4impressi\u00f3 digital, un equip expert i una gesti\u00f3 completa de projectes per garantir qualitat, agilitat i resultats a mida per a cada client. Disposem de plataformes B2B que faciliten als nostres clients la gesti\u00f3 de les comandes de materials impresos aix\u00ed com la log\u00edstica dels mateixos.","email":"info@artyplan.com","telephone":"+34 93 200 87 99","legalName":"Artyplan S.L.","vatID":"B61963229","numberOfEmployees":{"@type":"QuantitativeValue","minValue":"51","maxValue":"200"}},{"@type":"Person","@id":"https:\/\/artyplan.com\/ca\/#\/schema\/person\/0ef19accced432bc277b8d5248cd2cc0","name":"Sergio Triguero","image":{"@type":"ImageObject","inLanguage":"ca","@id":"https:\/\/artyplan.com\/ca\/#\/schema\/person\/image\/","url":"https:\/\/secure.gravatar.com\/avatar\/c742a95811ffbc635a3d111ab446f278cce576575d14970fd5d56e17580c3f23?s=96&d=mm&r=g","contentUrl":"https:\/\/secure.gravatar.com\/avatar\/c742a95811ffbc635a3d111ab446f278cce576575d14970fd5d56e17580c3f23?s=96&d=mm&r=g","caption":"Sergio Triguero"}}]}},"_links":{"self":[{"href":"https:\/\/artyplan.com\/ca\/wp-json\/wp\/v2\/posts\/5546","targetHints":{"allow":["GET"]}}],"collection":[{"href":"https:\/\/artyplan.com\/ca\/wp-json\/wp\/v2\/posts"}],"about":[{"href":"https:\/\/artyplan.com\/ca\/wp-json\/wp\/v2\/types\/post"}],"author":[{"embeddable":true,"href":"https:\/\/artyplan.com\/ca\/wp-json\/wp\/v2\/users\/3"}],"replies":[{"embeddable":true,"href":"https:\/\/artyplan.com\/ca\/wp-json\/wp\/v2\/comments?post=5546"}],"version-history":[{"count":8,"href":"https:\/\/artyplan.com\/ca\/wp-json\/wp\/v2\/posts\/5546\/revisions"}],"predecessor-version":[{"id":13434,"href":"https:\/\/artyplan.com\/ca\/wp-json\/wp\/v2\/posts\/5546\/revisions\/13434"}],"wp:featuredmedia":[{"embeddable":true,"href":"https:\/\/artyplan.com\/ca\/wp-json\/wp\/v2\/media\/7171"}],"wp:attachment":[{"href":"https:\/\/artyplan.com\/ca\/wp-json\/wp\/v2\/media?parent=5546"}],"wp:term":[{"taxonomy":"category","embeddable":true,"href":"https:\/\/artyplan.com\/ca\/wp-json\/wp\/v2\/categories?post=5546"},{"taxonomy":"post_tag","embeddable":true,"href":"https:\/\/artyplan.com\/ca\/wp-json\/wp\/v2\/tags?post=5546"}],"curies":[{"name":"wp","href":"https:\/\/api.w.org\/{rel}","templated":true}]}}