{"id":5561,"date":"2023-06-02T00:00:00","date_gmt":"2023-06-01T22:00:00","guid":{"rendered":"https:\/\/preweb.artyplan.com\/sin-categorizar\/aparadors-de-rebaixes-2023-quins-elements-usar-i-com-col%c2%b7locar-los\/"},"modified":"2025-09-07T16:14:53","modified_gmt":"2025-09-07T14:14:53","slug":"aparadors-de-rebaixes-2023-quins-elements-usar-i-com-col%c2%b7locar-los","status":"publish","type":"post","link":"https:\/\/artyplan.com\/ca\/blog\/aparadors-de-rebaixes-2023-quins-elements-usar-i-com-collocar-los\/","title":{"rendered":"Aparadors de rebaixes 2023: quins elements usar i com col\u00b7locar-los"},"content":{"rendered":"<p>Les rebaixes s\u00f3n aqu\u00ed i \u00e9s hora d&#8217;atreure als clients a la teva botiga amb impactants cartells i vinils de promoci\u00f3! Si vols destacar davant la compet\u00e8ncia i captar l&#8217;atenci\u00f3 dels compradors, necessites saber els seus avantatges i com has de col\u00b7locar-los en el teu aparador.<\/p>\n<h2>Elements per a aparadors de rebaixes<\/h2>\n<h4>Cartells de rebaixes originals<\/h4>\n<p>Els cartells de rebaixes s\u00f3n un mitj\u00e0 publicitari molt efica\u00e7 per a comunicar de manera clara i atractiva els descomptes, les ofertes i les promocions que tens en el teu establiment. S\u00f3n una manera de captar l&#8217;atenci\u00f3 dels transe\u00fcnts, de generar inter\u00e8s i de convidar a entrar al teu local.<\/p>\n<p>Per\u00f2 perqu\u00e8 els cartells de rebaixes compleixin la seva funci\u00f3, \u00e9s necessari tenir en compte alguns aspectes importants:<\/p>\n<ul>\n<li><span style=\"text-decoration: underline;\">Objectiu del teu cartell<\/span>: abans de dissenyar el cartell per a la teva botiga, has de tenir clar qu\u00e8 vols aconseguir amb ell. Vols informar sobre una oferta especial? Vols destacar una novetat? Vols generar curiositat o emoci\u00f3? Segons l&#8217;objectiu que persegueixis, el missatge i el disseny del cartell seran diferents.<\/li>\n<li><span style=\"text-decoration: underline;\">El disseny<\/span>: els cartells de rebaixes han de ser originals, cridaners i llegibles des de lluny. Han de transmetre un missatge, d&#8217;acord amb la imatge de marca, de manera clara i directa. Tamb\u00e9 pots incloure imatges, icones o s\u00edmbols que reforcin el missatge o que aportin valor afegit sobre els productes o serveis en oferta.\n<p><figure id=\"attachment_10090\" aria-describedby=\"caption-attachment-10090\" style=\"width: 300px\" class=\"wp-caption alignright\"><img fetchpriority=\"high\" decoding=\"async\" class=\"wp-image-10090 size-medium\" src=\"https:\/\/preweb.artyplan.com\/wp-content\/uploads\/2025\/09\/76537-300x200-1.jpg\" alt=\"cartel escaparate rebajas\" width=\"300\" height=\"200\" \/><figcaption id=\"caption-attachment-10090\" class=\"wp-caption-text\">Dise\u00f1ado por Freepik<\/figcaption><\/figure><\/li>\n<li><span style=\"text-decoration: underline;\">Colors i tipografies<\/span>: \u00c9s recomanable usar colors contrastats, tipografies grans i clares per a destacar el missatge principal del teu descompte. Evita posar massa text o elements que distreguin o confonguin al lector.<\/li>\n<li><span style=\"text-decoration: underline;\">El format<\/span>: els cartells de rebaixes han d&#8217;adaptar-se a l&#8217;espai disponible i al tipus de superf\u00edcie on es col\u00b7locaran. Pots triar entre diferents formats. L&#8217;important \u00e9s que el cartell es vegi b\u00e9 des de la dist\u00e0ncia i que no es perdi entre altres elements.<\/li>\n<\/ul>\n<p>Recorda, l&#8217;objectiu \u00e9s crear un impacte durador i fer que els clients associ\u00efn les teves rebaixes amb la teva marca.<\/p>\n<h2>Vinils de rebaixes: la millor manera de decorar el teu aparador<\/h2>\n<p>Vols atreure a m\u00e9s clients a la teva botiga durant les rebaixes? Llavors no pots deixar passar l&#8217;oportunitat de decorar el teu aparador amb vinils de rebaixes.<\/p>\n<p>Els vinils de rebaixes s\u00f3n adhesius que es col\u00b7loquen sobre el vidre i que mostren de manera cridanera i original els descomptes i ofertes que tens en el teu negoci.<\/p>\n<p>Aquests tenen els seg\u00fcents avantatges:<\/p>\n<ul>\n<li><span style=\"text-decoration: underline;\">F\u00e0cil de col\u00b7locar<\/span> i treure sense deixar residus: els vinils de rebaixes s&#8217;adhereixen sobre qualsevol superf\u00edcie llisa i neta sense necessitat d&#8217;eines ni obres.<\/li>\n<li><span style=\"text-decoration: underline;\">Resistents a la intemp\u00e8rie i als raigs UV<\/span>: no es descoloreixen ni es deterioren amb el sol, la pluja o la humitat.<\/li>\n<li><span style=\"text-decoration: underline;\">Personalitzables<\/span>: pots triar el text, el color, la grand\u00e0ria i el disseny que m\u00e9s t&#8217;agradi i que millor s&#8217;adapti a la teva imatge corporativa. Pots incloure el percentatge de descompte, el nom de la teva botiga, el per\u00edode de rebaixes o el missatge que vulguis transmetre.<\/li>\n<\/ul>\n<p>Experimenta amb frases impactants, imatges de productes i patrons festius per a captar l&#8217;atenci\u00f3 dels transe\u00fcnts, i que no tapin massa l&#8217;interior de l&#8217;aparador.<\/p>\n<h2>Cartells i vinils: com col\u00b7locar-los en els aparadors<\/h2>\n<p>Els aparadors de rebaixes han de col\u00b7locar-se de manera estrat\u00e8gica de manera puguin captar l&#8217;atenci\u00f3 dels potencials clients. Alguns consells per a col\u00b7locar els elements de manera adequada s\u00f3n:<\/p>\n<h4>Angle de visi\u00f3<\/h4>\n<p>Has de tenir en compte l&#8217;angle de visi\u00f3 del client, \u00e9s a dir, la zona que m\u00e9s atenci\u00f3 rep i on han de situar-se els elements m\u00e9s importants. Segons els experts, l&#8217;espai que es troba entre 1,50 i 1,70 metres \u00e9s l&#8217;\u00f2ptim, ja que \u00e9s el que coincideix amb l&#8217;altura mitjana de les persones.<\/p>\n<h4>Equilibri<\/h4>\n<p>Has de buscar l&#8217;equilibri entre els elements, \u00e9s a dir, que no hi hagi zones buides ni zones saturades. Per a aix\u00f2, pots utilitzar la regla del ter\u00e7, que consisteix a dividir l&#8217;aparador en tres parts iguals i col\u00b7locar els elements en els punts d&#8217;intersecci\u00f3.<\/p>\n<h3>El focus<\/h3>\n<p>Has de crear un focus d&#8217;atenci\u00f3, \u00e9s a dir, un element que destaqui sobre els altres i que capti la mirada del client. Per a aix\u00f2, pots usar el color, la llum o la grand\u00e0ria com a recursos per a ressaltar aquest element.<\/p>\n<p>En resum, els cartells i <a href=\"http:\/\/artyplan.com\/productos-impresion\/servicio-de-impresion-de-gran-formato\/vinilos-impresos\/\" target=\"_blank\" rel=\"noopener\">vinils<\/a> s\u00f3n eines valuoses per a promocionar les teves rebaixes de manera efectiva, captar l&#8217;atenci\u00f3 dels clients. I, com a conseq\u00fc\u00e8ncia, donar-li un impuls a les teves vendes durant les rebaixes.<\/p>\n","protected":false},"excerpt":{"rendered":"<p>Les rebaixes s\u00f3n aqu\u00ed i \u00e9s hora d&#8217;atreure als clients a la teva botiga amb impactants cartells i vinils de promoci\u00f3! Si vols destacar davant la compet\u00e8ncia i captar l&#8217;atenci\u00f3 dels compradors, necessites saber els seus avantatges i com has de col\u00b7locar-los en el teu aparador. Elements per a aparadors de rebaixes Cartells de rebaixes [&hellip;]<\/p>\n","protected":false},"author":3,"featured_media":7181,"comment_status":"closed","ping_status":"closed","sticky":false,"template":"","format":"standard","meta":{"footnotes":""},"categories":[54,1],"tags":[],"class_list":["post-5561","post","type-post","status-publish","format-standard","has-post-thumbnail","hentry","category-noticies-ca","category-sense-categoritzar"],"yoast_head":"<!-- This site is optimized with the Yoast SEO Premium plugin v26.5 (Yoast SEO v26.5) - https:\/\/yoast.com\/wordpress\/plugins\/seo\/ -->\n<title>Aparadors de rebaixes 2023: elements i com col.locar-los| Artyplan<\/title>\n<meta name=\"description\" content=\"Arriba l&#039;\u00e8poca en qu\u00e8 els aparadors s&#039;omplen de rebaixes. T&#039;expliquem quins elements fer servir i com col\u00b7locar-los per destacar l&#039;aparador.\" \/>\n<meta name=\"robots\" content=\"index, follow, max-snippet:-1, max-image-preview:large, max-video-preview:-1\" \/>\n<link rel=\"canonical\" href=\"https:\/\/artyplan.com\/ca\/blog\/aparadors-de-rebaixes-2023-quins-elements-usar-i-com-collocar-los\/\" \/>\n<meta property=\"og:locale\" content=\"ca_ES\" \/>\n<meta property=\"og:type\" content=\"article\" \/>\n<meta property=\"og:title\" content=\"Aparadors de rebaixes 2023: quins elements usar i com col\u00b7locar-los\" \/>\n<meta property=\"og:description\" content=\"Arriba l&#039;\u00e8poca en qu\u00e8 els aparadors s&#039;omplen de rebaixes. T&#039;expliquem quins elements fer servir i com col\u00b7locar-los per destacar l&#039;aparador.\" \/>\n<meta property=\"og:url\" content=\"https:\/\/artyplan.com\/ca\/blog\/aparadors-de-rebaixes-2023-quins-elements-usar-i-com-collocar-los\/\" \/>\n<meta property=\"og:site_name\" content=\"Artyplan\" \/>\n<meta property=\"article:publisher\" content=\"https:\/\/www.facebook.com\/artyplan\" \/>\n<meta property=\"article:published_time\" content=\"2023-06-01T22:00:00+00:00\" \/>\n<meta property=\"article:modified_time\" content=\"2025-09-07T14:14:53+00:00\" \/>\n<meta property=\"og:image\" content=\"https:\/\/artyplan.com\/wp-content\/uploads\/2025\/09\/escaparates-de-rebajas-scaled-1.jpg\" \/>\n\t<meta property=\"og:image:width\" content=\"2560\" \/>\n\t<meta property=\"og:image:height\" content=\"1708\" \/>\n\t<meta property=\"og:image:type\" content=\"image\/jpeg\" \/>\n<meta name=\"author\" content=\"Sergio Triguero\" \/>\n<meta name=\"twitter:card\" content=\"summary_large_image\" \/>\n<meta name=\"twitter:label1\" content=\"Escrit per\" \/>\n\t<meta name=\"twitter:data1\" content=\"Sergio Triguero\" \/>\n\t<meta name=\"twitter:label2\" content=\"Temps estimat de lectura\" \/>\n\t<meta name=\"twitter:data2\" content=\"4 minuts\" \/>\n<script type=\"application\/ld+json\" class=\"yoast-schema-graph\">{\"@context\":\"https:\/\/schema.org\",\"@graph\":[{\"@type\":\"Article\",\"@id\":\"https:\/\/artyplan.com\/ca\/blog\/aparadors-de-rebaixes-2023-quins-elements-usar-i-com-collocar-los\/#article\",\"isPartOf\":{\"@id\":\"https:\/\/artyplan.com\/ca\/blog\/aparadors-de-rebaixes-2023-quins-elements-usar-i-com-collocar-los\/\"},\"author\":{\"name\":\"Sergio Triguero\",\"@id\":\"https:\/\/artyplan.com\/ca\/#\/schema\/person\/0ef19accced432bc277b8d5248cd2cc0\"},\"headline\":\"Aparadors de rebaixes 2023: quins elements usar i com col\u00b7locar-los\",\"datePublished\":\"2023-06-01T22:00:00+00:00\",\"dateModified\":\"2025-09-07T14:14:53+00:00\",\"mainEntityOfPage\":{\"@id\":\"https:\/\/artyplan.com\/ca\/blog\/aparadors-de-rebaixes-2023-quins-elements-usar-i-com-collocar-los\/\"},\"wordCount\":818,\"publisher\":{\"@id\":\"https:\/\/artyplan.com\/ca\/#organization\"},\"image\":{\"@id\":\"https:\/\/artyplan.com\/ca\/blog\/aparadors-de-rebaixes-2023-quins-elements-usar-i-com-collocar-los\/#primaryimage\"},\"thumbnailUrl\":\"https:\/\/artyplan.com\/wp-content\/uploads\/2025\/09\/escaparates-de-rebajas-scaled-1.jpg\",\"articleSection\":[\"Noticies\",\"Sense-categoritzar\"],\"inLanguage\":\"ca\"},{\"@type\":\"WebPage\",\"@id\":\"https:\/\/artyplan.com\/ca\/blog\/aparadors-de-rebaixes-2023-quins-elements-usar-i-com-collocar-los\/\",\"url\":\"https:\/\/artyplan.com\/ca\/blog\/aparadors-de-rebaixes-2023-quins-elements-usar-i-com-collocar-los\/\",\"name\":\"Aparadors de rebaixes 2023: elements i com col.locar-los| Artyplan\",\"isPartOf\":{\"@id\":\"https:\/\/artyplan.com\/ca\/#website\"},\"primaryImageOfPage\":{\"@id\":\"https:\/\/artyplan.com\/ca\/blog\/aparadors-de-rebaixes-2023-quins-elements-usar-i-com-collocar-los\/#primaryimage\"},\"image\":{\"@id\":\"https:\/\/artyplan.com\/ca\/blog\/aparadors-de-rebaixes-2023-quins-elements-usar-i-com-collocar-los\/#primaryimage\"},\"thumbnailUrl\":\"https:\/\/artyplan.com\/wp-content\/uploads\/2025\/09\/escaparates-de-rebajas-scaled-1.jpg\",\"datePublished\":\"2023-06-01T22:00:00+00:00\",\"dateModified\":\"2025-09-07T14:14:53+00:00\",\"description\":\"Arriba l'\u00e8poca en qu\u00e8 els aparadors s'omplen de rebaixes. T'expliquem quins elements fer servir i com col\u00b7locar-los per destacar l'aparador.\",\"breadcrumb\":{\"@id\":\"https:\/\/artyplan.com\/ca\/blog\/aparadors-de-rebaixes-2023-quins-elements-usar-i-com-collocar-los\/#breadcrumb\"},\"inLanguage\":\"ca\",\"potentialAction\":[{\"@type\":\"ReadAction\",\"target\":[\"https:\/\/artyplan.com\/ca\/blog\/aparadors-de-rebaixes-2023-quins-elements-usar-i-com-collocar-los\/\"]}]},{\"@type\":\"ImageObject\",\"inLanguage\":\"ca\",\"@id\":\"https:\/\/artyplan.com\/ca\/blog\/aparadors-de-rebaixes-2023-quins-elements-usar-i-com-collocar-los\/#primaryimage\",\"url\":\"https:\/\/artyplan.com\/wp-content\/uploads\/2025\/09\/escaparates-de-rebajas-scaled-1.jpg\",\"contentUrl\":\"https:\/\/artyplan.com\/wp-content\/uploads\/2025\/09\/escaparates-de-rebajas-scaled-1.jpg\",\"width\":2560,\"height\":1708,\"caption\":\"escaparates de rebajas|cartel escaparate rebajas\"},{\"@type\":\"BreadcrumbList\",\"@id\":\"https:\/\/artyplan.com\/ca\/blog\/aparadors-de-rebaixes-2023-quins-elements-usar-i-com-collocar-los\/#breadcrumb\",\"itemListElement\":[{\"@type\":\"ListItem\",\"position\":1,\"name\":\"Artyplan\",\"item\":\"https:\/\/artyplan.com\/ca\/\"},{\"@type\":\"ListItem\",\"position\":2,\"name\":\"Aparadors de rebaixes 2023: quins elements usar i com col\u00b7locar-los\"}]},{\"@type\":\"WebSite\",\"@id\":\"https:\/\/artyplan.com\/ca\/#website\",\"url\":\"https:\/\/artyplan.com\/ca\/\",\"name\":\"Artyplan\",\"description\":\"\",\"publisher\":{\"@id\":\"https:\/\/artyplan.com\/ca\/#organization\"},\"potentialAction\":[{\"@type\":\"SearchAction\",\"target\":{\"@type\":\"EntryPoint\",\"urlTemplate\":\"https:\/\/artyplan.com\/ca\/?s={search_term_string}\"},\"query-input\":{\"@type\":\"PropertyValueSpecification\",\"valueRequired\":true,\"valueName\":\"search_term_string\"}}],\"inLanguage\":\"ca\"},{\"@type\":\"Organization\",\"@id\":\"https:\/\/artyplan.com\/ca\/#organization\",\"name\":\"Artyplan\",\"url\":\"https:\/\/artyplan.com\/ca\/\",\"logo\":{\"@type\":\"ImageObject\",\"inLanguage\":\"ca\",\"@id\":\"https:\/\/artyplan.com\/ca\/#\/schema\/logo\/image\/\",\"url\":\"https:\/\/artyplan.com\/wp-content\/uploads\/2025\/12\/Logo-artyplan-690x690-1.png\",\"contentUrl\":\"https:\/\/artyplan.com\/wp-content\/uploads\/2025\/12\/Logo-artyplan-690x690-1.png\",\"width\":690,\"height\":690,\"caption\":\"Artyplan\"},\"image\":{\"@id\":\"https:\/\/artyplan.com\/ca\/#\/schema\/logo\/image\/\"},\"sameAs\":[\"https:\/\/www.facebook.com\/artyplan\",\"https:\/\/www.instagram.com\/artyplan\/\",\"https:\/\/www.linkedin.com\/company\/artyplan\"],\"description\":\"Artyplan \u00e9s una empresa especialitzada en producci\u00f3 gr\u00e0fica i comunicaci\u00f3 visual amb 60 anys dexperi\u00e8ncia. Oferim solucions integrals d'impressi\u00f3 en gran format, PLV i retail, gesti\u00f3 d'esdeveniments i fires, disseny i fabricaci\u00f3 a mida, log\u00edstica i serveis d'instal\u00b7laci\u00f3 a tot el territori. Treballem per a marques, ag\u00e8ncies, espais comercials i institucions que necessiten un partner fiable per desenvolupar campanyes de m\u00e0rqueting, projectes de retail i accions de branding o m\u00e0rqueting. Combinem tecnologia avan\u00e7ada d\u00b4impressi\u00f3 digital, un equip expert i una gesti\u00f3 completa de projectes per garantir qualitat, agilitat i resultats a mida per a cada client. Disposem de plataformes B2B que faciliten als nostres clients la gesti\u00f3 de les comandes de materials impresos aix\u00ed com la log\u00edstica dels mateixos.\",\"email\":\"info@artyplan.com\",\"telephone\":\"+34 93 200 87 99\",\"legalName\":\"Artyplan S.L.\",\"vatID\":\"B61963229\",\"numberOfEmployees\":{\"@type\":\"QuantitativeValue\",\"minValue\":\"51\",\"maxValue\":\"200\"}},{\"@type\":\"Person\",\"@id\":\"https:\/\/artyplan.com\/ca\/#\/schema\/person\/0ef19accced432bc277b8d5248cd2cc0\",\"name\":\"Sergio Triguero\",\"image\":{\"@type\":\"ImageObject\",\"inLanguage\":\"ca\",\"@id\":\"https:\/\/artyplan.com\/ca\/#\/schema\/person\/image\/\",\"url\":\"https:\/\/secure.gravatar.com\/avatar\/c742a95811ffbc635a3d111ab446f278cce576575d14970fd5d56e17580c3f23?s=96&d=mm&r=g\",\"contentUrl\":\"https:\/\/secure.gravatar.com\/avatar\/c742a95811ffbc635a3d111ab446f278cce576575d14970fd5d56e17580c3f23?s=96&d=mm&r=g\",\"caption\":\"Sergio Triguero\"}}]}<\/script>\n<!-- \/ Yoast SEO Premium plugin. -->","yoast_head_json":{"title":"Aparadors de rebaixes 2023: elements i com col.locar-los| Artyplan","description":"Arriba l'\u00e8poca en qu\u00e8 els aparadors s'omplen de rebaixes. T'expliquem quins elements fer servir i com col\u00b7locar-los per destacar l'aparador.","robots":{"index":"index","follow":"follow","max-snippet":"max-snippet:-1","max-image-preview":"max-image-preview:large","max-video-preview":"max-video-preview:-1"},"canonical":"https:\/\/artyplan.com\/ca\/blog\/aparadors-de-rebaixes-2023-quins-elements-usar-i-com-collocar-los\/","og_locale":"ca_ES","og_type":"article","og_title":"Aparadors de rebaixes 2023: quins elements usar i com col\u00b7locar-los","og_description":"Arriba l'\u00e8poca en qu\u00e8 els aparadors s'omplen de rebaixes. T'expliquem quins elements fer servir i com col\u00b7locar-los per destacar l'aparador.","og_url":"https:\/\/artyplan.com\/ca\/blog\/aparadors-de-rebaixes-2023-quins-elements-usar-i-com-collocar-los\/","og_site_name":"Artyplan","article_publisher":"https:\/\/www.facebook.com\/artyplan","article_published_time":"2023-06-01T22:00:00+00:00","article_modified_time":"2025-09-07T14:14:53+00:00","og_image":[{"width":2560,"height":1708,"url":"https:\/\/artyplan.com\/wp-content\/uploads\/2025\/09\/escaparates-de-rebajas-scaled-1.jpg","type":"image\/jpeg"}],"author":"Sergio Triguero","twitter_card":"summary_large_image","twitter_misc":{"Escrit per":"Sergio Triguero","Temps estimat de lectura":"4 minuts"},"schema":{"@context":"https:\/\/schema.org","@graph":[{"@type":"Article","@id":"https:\/\/artyplan.com\/ca\/blog\/aparadors-de-rebaixes-2023-quins-elements-usar-i-com-collocar-los\/#article","isPartOf":{"@id":"https:\/\/artyplan.com\/ca\/blog\/aparadors-de-rebaixes-2023-quins-elements-usar-i-com-collocar-los\/"},"author":{"name":"Sergio Triguero","@id":"https:\/\/artyplan.com\/ca\/#\/schema\/person\/0ef19accced432bc277b8d5248cd2cc0"},"headline":"Aparadors de rebaixes 2023: quins elements usar i com col\u00b7locar-los","datePublished":"2023-06-01T22:00:00+00:00","dateModified":"2025-09-07T14:14:53+00:00","mainEntityOfPage":{"@id":"https:\/\/artyplan.com\/ca\/blog\/aparadors-de-rebaixes-2023-quins-elements-usar-i-com-collocar-los\/"},"wordCount":818,"publisher":{"@id":"https:\/\/artyplan.com\/ca\/#organization"},"image":{"@id":"https:\/\/artyplan.com\/ca\/blog\/aparadors-de-rebaixes-2023-quins-elements-usar-i-com-collocar-los\/#primaryimage"},"thumbnailUrl":"https:\/\/artyplan.com\/wp-content\/uploads\/2025\/09\/escaparates-de-rebajas-scaled-1.jpg","articleSection":["Noticies","Sense-categoritzar"],"inLanguage":"ca"},{"@type":"WebPage","@id":"https:\/\/artyplan.com\/ca\/blog\/aparadors-de-rebaixes-2023-quins-elements-usar-i-com-collocar-los\/","url":"https:\/\/artyplan.com\/ca\/blog\/aparadors-de-rebaixes-2023-quins-elements-usar-i-com-collocar-los\/","name":"Aparadors de rebaixes 2023: elements i com col.locar-los| Artyplan","isPartOf":{"@id":"https:\/\/artyplan.com\/ca\/#website"},"primaryImageOfPage":{"@id":"https:\/\/artyplan.com\/ca\/blog\/aparadors-de-rebaixes-2023-quins-elements-usar-i-com-collocar-los\/#primaryimage"},"image":{"@id":"https:\/\/artyplan.com\/ca\/blog\/aparadors-de-rebaixes-2023-quins-elements-usar-i-com-collocar-los\/#primaryimage"},"thumbnailUrl":"https:\/\/artyplan.com\/wp-content\/uploads\/2025\/09\/escaparates-de-rebajas-scaled-1.jpg","datePublished":"2023-06-01T22:00:00+00:00","dateModified":"2025-09-07T14:14:53+00:00","description":"Arriba l'\u00e8poca en qu\u00e8 els aparadors s'omplen de rebaixes. T'expliquem quins elements fer servir i com col\u00b7locar-los per destacar l'aparador.","breadcrumb":{"@id":"https:\/\/artyplan.com\/ca\/blog\/aparadors-de-rebaixes-2023-quins-elements-usar-i-com-collocar-los\/#breadcrumb"},"inLanguage":"ca","potentialAction":[{"@type":"ReadAction","target":["https:\/\/artyplan.com\/ca\/blog\/aparadors-de-rebaixes-2023-quins-elements-usar-i-com-collocar-los\/"]}]},{"@type":"ImageObject","inLanguage":"ca","@id":"https:\/\/artyplan.com\/ca\/blog\/aparadors-de-rebaixes-2023-quins-elements-usar-i-com-collocar-los\/#primaryimage","url":"https:\/\/artyplan.com\/wp-content\/uploads\/2025\/09\/escaparates-de-rebajas-scaled-1.jpg","contentUrl":"https:\/\/artyplan.com\/wp-content\/uploads\/2025\/09\/escaparates-de-rebajas-scaled-1.jpg","width":2560,"height":1708,"caption":"escaparates de rebajas|cartel escaparate rebajas"},{"@type":"BreadcrumbList","@id":"https:\/\/artyplan.com\/ca\/blog\/aparadors-de-rebaixes-2023-quins-elements-usar-i-com-collocar-los\/#breadcrumb","itemListElement":[{"@type":"ListItem","position":1,"name":"Artyplan","item":"https:\/\/artyplan.com\/ca\/"},{"@type":"ListItem","position":2,"name":"Aparadors de rebaixes 2023: quins elements usar i com col\u00b7locar-los"}]},{"@type":"WebSite","@id":"https:\/\/artyplan.com\/ca\/#website","url":"https:\/\/artyplan.com\/ca\/","name":"Artyplan","description":"","publisher":{"@id":"https:\/\/artyplan.com\/ca\/#organization"},"potentialAction":[{"@type":"SearchAction","target":{"@type":"EntryPoint","urlTemplate":"https:\/\/artyplan.com\/ca\/?s={search_term_string}"},"query-input":{"@type":"PropertyValueSpecification","valueRequired":true,"valueName":"search_term_string"}}],"inLanguage":"ca"},{"@type":"Organization","@id":"https:\/\/artyplan.com\/ca\/#organization","name":"Artyplan","url":"https:\/\/artyplan.com\/ca\/","logo":{"@type":"ImageObject","inLanguage":"ca","@id":"https:\/\/artyplan.com\/ca\/#\/schema\/logo\/image\/","url":"https:\/\/artyplan.com\/wp-content\/uploads\/2025\/12\/Logo-artyplan-690x690-1.png","contentUrl":"https:\/\/artyplan.com\/wp-content\/uploads\/2025\/12\/Logo-artyplan-690x690-1.png","width":690,"height":690,"caption":"Artyplan"},"image":{"@id":"https:\/\/artyplan.com\/ca\/#\/schema\/logo\/image\/"},"sameAs":["https:\/\/www.facebook.com\/artyplan","https:\/\/www.instagram.com\/artyplan\/","https:\/\/www.linkedin.com\/company\/artyplan"],"description":"Artyplan \u00e9s una empresa especialitzada en producci\u00f3 gr\u00e0fica i comunicaci\u00f3 visual amb 60 anys dexperi\u00e8ncia. Oferim solucions integrals d'impressi\u00f3 en gran format, PLV i retail, gesti\u00f3 d'esdeveniments i fires, disseny i fabricaci\u00f3 a mida, log\u00edstica i serveis d'instal\u00b7laci\u00f3 a tot el territori. Treballem per a marques, ag\u00e8ncies, espais comercials i institucions que necessiten un partner fiable per desenvolupar campanyes de m\u00e0rqueting, projectes de retail i accions de branding o m\u00e0rqueting. Combinem tecnologia avan\u00e7ada d\u00b4impressi\u00f3 digital, un equip expert i una gesti\u00f3 completa de projectes per garantir qualitat, agilitat i resultats a mida per a cada client. Disposem de plataformes B2B que faciliten als nostres clients la gesti\u00f3 de les comandes de materials impresos aix\u00ed com la log\u00edstica dels mateixos.","email":"info@artyplan.com","telephone":"+34 93 200 87 99","legalName":"Artyplan S.L.","vatID":"B61963229","numberOfEmployees":{"@type":"QuantitativeValue","minValue":"51","maxValue":"200"}},{"@type":"Person","@id":"https:\/\/artyplan.com\/ca\/#\/schema\/person\/0ef19accced432bc277b8d5248cd2cc0","name":"Sergio Triguero","image":{"@type":"ImageObject","inLanguage":"ca","@id":"https:\/\/artyplan.com\/ca\/#\/schema\/person\/image\/","url":"https:\/\/secure.gravatar.com\/avatar\/c742a95811ffbc635a3d111ab446f278cce576575d14970fd5d56e17580c3f23?s=96&d=mm&r=g","contentUrl":"https:\/\/secure.gravatar.com\/avatar\/c742a95811ffbc635a3d111ab446f278cce576575d14970fd5d56e17580c3f23?s=96&d=mm&r=g","caption":"Sergio Triguero"}}]}},"_links":{"self":[{"href":"https:\/\/artyplan.com\/ca\/wp-json\/wp\/v2\/posts\/5561","targetHints":{"allow":["GET"]}}],"collection":[{"href":"https:\/\/artyplan.com\/ca\/wp-json\/wp\/v2\/posts"}],"about":[{"href":"https:\/\/artyplan.com\/ca\/wp-json\/wp\/v2\/types\/post"}],"author":[{"embeddable":true,"href":"https:\/\/artyplan.com\/ca\/wp-json\/wp\/v2\/users\/3"}],"replies":[{"embeddable":true,"href":"https:\/\/artyplan.com\/ca\/wp-json\/wp\/v2\/comments?post=5561"}],"version-history":[{"count":7,"href":"https:\/\/artyplan.com\/ca\/wp-json\/wp\/v2\/posts\/5561\/revisions"}],"predecessor-version":[{"id":7778,"href":"https:\/\/artyplan.com\/ca\/wp-json\/wp\/v2\/posts\/5561\/revisions\/7778"}],"wp:featuredmedia":[{"embeddable":true,"href":"https:\/\/artyplan.com\/ca\/wp-json\/wp\/v2\/media\/7181"}],"wp:attachment":[{"href":"https:\/\/artyplan.com\/ca\/wp-json\/wp\/v2\/media?parent=5561"}],"wp:term":[{"taxonomy":"category","embeddable":true,"href":"https:\/\/artyplan.com\/ca\/wp-json\/wp\/v2\/categories?post=5561"},{"taxonomy":"post_tag","embeddable":true,"href":"https:\/\/artyplan.com\/ca\/wp-json\/wp\/v2\/tags?post=5561"}],"curies":[{"name":"wp","href":"https:\/\/api.w.org\/{rel}","templated":true}]}}