{"id":5590,"date":"2023-07-10T00:00:00","date_gmt":"2023-07-09T22:00:00","guid":{"rendered":"https:\/\/preweb.artyplan.com\/sin-categorizar\/impressio-invitacions-per-a-la-teva-empresa\/"},"modified":"2025-09-07T16:15:30","modified_gmt":"2025-09-07T14:15:30","slug":"impressio-invitacions-per-a-la-teva-empresa","status":"publish","type":"post","link":"https:\/\/artyplan.com\/ca\/blog\/impressio-invitacions-per-a-la-teva-empresa\/","title":{"rendered":"Impressi\u00f3 d&#8217;invitacions per a la teva Empresa"},"content":{"rendered":"<p>Si vols que els teus esdeveniments corporatius tinguin un toc d&#8217;eleg\u00e0ncia, recorre al poder d&#8217;unes invitacions ben dissenyades i d&#8217;alta qualitat.<\/p>\n<p>En aquest article, veurem com la impressi\u00f3 d&#8217;invitacions marca la difer\u00e8ncia davant la compet\u00e8ncia. Existeixen altres tipus d&#8217;invitacions personalitzades, com les invitacions de noces o aniversaris, per\u00f2 avui ens centrarem en les corporatives: des del disseny fins a l&#8217;elecci\u00f3 de l&#8217;acabat adequat.<\/p>\n<h2>Import\u00e0ncia de les Invitacions per a Empreses<\/h2>\n<p>Les invitacions per a esdeveniments empresarials s\u00f3n molt m\u00e9s que un simple paper. S\u00f3n la carta de presentaci\u00f3 de la teva empresa i transmeten la imatge i la personalitat de la teva marca. Triar correctament el paper per a imprimir de les invitacions, i el seu format: invitacions A5, targetes plegables, targetes tipus sobre, targetes postals o targetes amb solapa, demostra el comprom\u00eds i l&#8217;atenci\u00f3 al detall que caracteritza a la teva empresa.<\/p>\n<h4><strong>Disseny de targetes d&#8217;acord amb la teva Identitat Corporativa<\/strong><\/h4>\n<p>El disseny de les invitacions ha de reflectir la identitat corporativa de la teva empresa. Utilitza els colors, logotips i tipografies que estiguin alineats la teva marca per a crear una experi\u00e8ncia visual coherent i recognoscible. Agrega una gr\u00e0fica impactant per a captar l&#8217;atenci\u00f3, a trav\u00e9s d&#8217;il\u00b7lustracions, fotografies o patrons \u00fanics, far\u00e0s que les teves invitacions destaquin i generin una impressi\u00f3 duradora.<\/p>\n<p>Un disseny d&#8217;invitacions atractiu i de qualitat, que reflecteixi l&#8217;estil i la tem\u00e0tica de l&#8217;esdeveniment, pot generar expectativa i emoci\u00f3 en els teus convidats, augmentant l&#8217;assist\u00e8ncia als teus esdeveniments i promovent el reconeixement de la teva marca.<\/p>\n<p>Assegura&#8217;t de comunicar el missatge en les teves invitacions de manera clara i concisa. Defineix l&#8217;objectiu de l&#8217;esdeveniment, la data, l&#8217;hora i la ubicaci\u00f3. Posa a la disposici\u00f3 dels assistents tota la informaci\u00f3 necess\u00e0ria perqu\u00e8 puguin confirmar sens dubte.<\/p>\n<h4>Materials i acabats del paper per a imprimir invitacions\u00a0<img fetchpriority=\"high\" decoding=\"async\" class=\"size-medium wp-image-10285 alignright\" src=\"https:\/\/preweb.artyplan.com\/wp-content\/uploads\/2025\/09\/invitacio-amb-relleu-300x210.jpg\" alt=\"invitaci\u00f3n con relieve\" width=\"300\" height=\"210\" \/><\/h4>\n<p>Tria un paper de qualitat per a les teves invitacions. El gruix, la textura i l&#8217;acabat del paper poden marcar la difer\u00e8ncia en la percepci\u00f3 de les teves invitacions. Opta per papers que transmetin sofisticaci\u00f3 i qualitat.<\/p>\n<p>L&#8217;elecci\u00f3 del paper \u00e9s crucial per a aconseguir l&#8217;efecte desitjat en les teves targetes d&#8217;invitacions.<\/p>\n<p>Considera la possibilitat d&#8217;agregar acabats especials a les teves invitacions per a donar-los un toc extra d&#8217;eleg\u00e0ncia. Laminatges, vernissis UV, estampats en relleu, encunyacions o daurats s\u00f3n algunes opcions que poden real\u00e7ar el disseny i captar l&#8217;atenci\u00f3 dels teus convidats.<\/p>\n<p>No has d&#8217;oblidar-te dels sobres per a invitacions, que han d&#8217;acompanyar sempre a les targetes que lliuris a tots els assistents al teu esdeveniment.<\/p>\n<h2>Impremta per a invitacions: Una impressi\u00f3 professional<\/h2>\n<p>Quan es tracta d&#8217;impressi\u00f3 d&#8217;invitacions per a empreses, pots triar entre impressi\u00f3 digital i offset. La impressi\u00f3 digital \u00e9s ideal per a tirades m\u00e9s petites i permet una major flexibilitat en el disseny. Imprimir en offset \u00e9s m\u00e9s adequat per a grans tirades, ofereix una qualitat excepcional.<\/p>\n<p>Confia en professionals de la impressi\u00f3 per a garantir resultats impecables. Els experts en impressi\u00f3 tenen el coneixement i l&#8217;experi\u00e8ncia necessaris per a assessorar-te en l&#8217;elecci\u00f3 dels materials adequats, el format i els acabats, assegurant que les teves invitacions tinguin un aspecte professional i sofisticat.<\/p>\n<p>En conclusi\u00f3, la<a href=\"http:\/\/artyplan.com\/ca\/productes-impressio\/serveis-dimpressio-de-petit-format\/papereria-corporativa\/\" target=\"_blank\" rel=\"noopener\"> impressi\u00f3 de targetes d&#8217;invitacions<\/a> enfocada a empreses \u00e9s una eina valuosa per a afegir eleg\u00e0ncia i professionalisme als teus esdeveniments corporatius. Des del disseny creatiu fins a l&#8217;elecci\u00f3 de materials i acabats, cada detall compta per a aconseguir invitacions impactants. No escatimis en la qualitat de la impressi\u00f3 i treballa amb professionals per a garantir resultats excepcionals.<\/p>\n","protected":false},"excerpt":{"rendered":"<p>Si vols que els teus esdeveniments corporatius tinguin un toc d&#8217;eleg\u00e0ncia, recorre al poder d&#8217;unes invitacions ben dissenyades i d&#8217;alta qualitat. En aquest article, veurem com la impressi\u00f3 d&#8217;invitacions marca la difer\u00e8ncia davant la compet\u00e8ncia. Existeixen altres tipus d&#8217;invitacions personalitzades, com les invitacions de noces o aniversaris, per\u00f2 avui ens centrarem en les corporatives: des [&hellip;]<\/p>\n","protected":false},"author":3,"featured_media":7792,"comment_status":"closed","ping_status":"closed","sticky":false,"template":"","format":"standard","meta":{"footnotes":""},"categories":[1],"tags":[],"class_list":["post-5590","post","type-post","status-publish","format-standard","has-post-thumbnail","hentry","category-sense-categoritzar"],"yoast_head":"<!-- This site is optimized with the Yoast SEO Premium plugin v26.5 (Yoast SEO v26.5) - https:\/\/yoast.com\/wordpress\/plugins\/seo\/ -->\n<title>Impressi\u00f3 d&#039;invitacions per a la teva Empresa | Artyplan<\/title>\n<meta name=\"description\" content=\"La impressi\u00f3 d&#039;invitacions corporatives afegeix elegancia als esdeveniment. Impacta amb papers, acabats o disenys personalizats de qualitat.\" \/>\n<meta name=\"robots\" content=\"index, follow, max-snippet:-1, max-image-preview:large, max-video-preview:-1\" \/>\n<link rel=\"canonical\" href=\"https:\/\/artyplan.com\/ca\/blog\/impressio-invitacions-per-a-la-teva-empresa\/\" \/>\n<meta property=\"og:locale\" content=\"ca_ES\" \/>\n<meta property=\"og:type\" content=\"article\" \/>\n<meta property=\"og:title\" content=\"Impressi\u00f3 d&#039;invitacions per a la teva Empresa\" \/>\n<meta property=\"og:description\" content=\"La impressi\u00f3 d&#039;invitacions corporatives afegeix elegancia als esdeveniment. Impacta amb papers, acabats o disenys personalizats de qualitat.\" \/>\n<meta property=\"og:url\" content=\"https:\/\/artyplan.com\/ca\/blog\/impressio-invitacions-per-a-la-teva-empresa\/\" \/>\n<meta property=\"og:site_name\" content=\"Artyplan\" \/>\n<meta property=\"article:publisher\" content=\"https:\/\/www.facebook.com\/artyplan\" \/>\n<meta property=\"article:published_time\" content=\"2023-07-09T22:00:00+00:00\" \/>\n<meta property=\"article:modified_time\" content=\"2025-09-07T14:15:30+00:00\" \/>\n<meta property=\"og:image\" content=\"https:\/\/artyplan.com\/wp-content\/uploads\/2025\/09\/invitacion-con-relieve-300x210-1.jpg\" \/>\n\t<meta property=\"og:image:width\" content=\"300\" \/>\n\t<meta property=\"og:image:height\" content=\"210\" \/>\n\t<meta property=\"og:image:type\" content=\"image\/jpeg\" \/>\n<meta name=\"author\" content=\"Sergio Triguero\" \/>\n<meta name=\"twitter:card\" content=\"summary_large_image\" \/>\n<meta name=\"twitter:label1\" content=\"Escrit per\" \/>\n\t<meta name=\"twitter:data1\" content=\"Sergio Triguero\" \/>\n\t<meta name=\"twitter:label2\" content=\"Temps estimat de lectura\" \/>\n\t<meta name=\"twitter:data2\" content=\"3 minuts\" \/>\n<script type=\"application\/ld+json\" class=\"yoast-schema-graph\">{\"@context\":\"https:\/\/schema.org\",\"@graph\":[{\"@type\":\"Article\",\"@id\":\"https:\/\/artyplan.com\/ca\/blog\/impressio-invitacions-per-a-la-teva-empresa\/#article\",\"isPartOf\":{\"@id\":\"https:\/\/artyplan.com\/ca\/blog\/impressio-invitacions-per-a-la-teva-empresa\/\"},\"author\":{\"name\":\"Sergio Triguero\",\"@id\":\"https:\/\/artyplan.com\/ca\/#\/schema\/person\/0ef19accced432bc277b8d5248cd2cc0\"},\"headline\":\"Impressi\u00f3 d&#8217;invitacions per a la teva Empresa\",\"datePublished\":\"2023-07-09T22:00:00+00:00\",\"dateModified\":\"2025-09-07T14:15:30+00:00\",\"mainEntityOfPage\":{\"@id\":\"https:\/\/artyplan.com\/ca\/blog\/impressio-invitacions-per-a-la-teva-empresa\/\"},\"wordCount\":640,\"publisher\":{\"@id\":\"https:\/\/artyplan.com\/ca\/#organization\"},\"image\":{\"@id\":\"https:\/\/artyplan.com\/ca\/blog\/impressio-invitacions-per-a-la-teva-empresa\/#primaryimage\"},\"thumbnailUrl\":\"https:\/\/artyplan.com\/wp-content\/uploads\/2025\/09\/invitacion-con-relieve-300x210-1.jpg\",\"articleSection\":[\"Sense-categoritzar\"],\"inLanguage\":\"ca\"},{\"@type\":\"WebPage\",\"@id\":\"https:\/\/artyplan.com\/ca\/blog\/impressio-invitacions-per-a-la-teva-empresa\/\",\"url\":\"https:\/\/artyplan.com\/ca\/blog\/impressio-invitacions-per-a-la-teva-empresa\/\",\"name\":\"Impressi\u00f3 d'invitacions per a la teva Empresa | Artyplan\",\"isPartOf\":{\"@id\":\"https:\/\/artyplan.com\/ca\/#website\"},\"primaryImageOfPage\":{\"@id\":\"https:\/\/artyplan.com\/ca\/blog\/impressio-invitacions-per-a-la-teva-empresa\/#primaryimage\"},\"image\":{\"@id\":\"https:\/\/artyplan.com\/ca\/blog\/impressio-invitacions-per-a-la-teva-empresa\/#primaryimage\"},\"thumbnailUrl\":\"https:\/\/artyplan.com\/wp-content\/uploads\/2025\/09\/invitacion-con-relieve-300x210-1.jpg\",\"datePublished\":\"2023-07-09T22:00:00+00:00\",\"dateModified\":\"2025-09-07T14:15:30+00:00\",\"description\":\"La impressi\u00f3 d'invitacions corporatives afegeix elegancia als esdeveniment. Impacta amb papers, acabats o disenys personalizats de qualitat.\",\"breadcrumb\":{\"@id\":\"https:\/\/artyplan.com\/ca\/blog\/impressio-invitacions-per-a-la-teva-empresa\/#breadcrumb\"},\"inLanguage\":\"ca\",\"potentialAction\":[{\"@type\":\"ReadAction\",\"target\":[\"https:\/\/artyplan.com\/ca\/blog\/impressio-invitacions-per-a-la-teva-empresa\/\"]}]},{\"@type\":\"ImageObject\",\"inLanguage\":\"ca\",\"@id\":\"https:\/\/artyplan.com\/ca\/blog\/impressio-invitacions-per-a-la-teva-empresa\/#primaryimage\",\"url\":\"https:\/\/artyplan.com\/wp-content\/uploads\/2025\/09\/invitacion-con-relieve-300x210-1.jpg\",\"contentUrl\":\"https:\/\/artyplan.com\/wp-content\/uploads\/2025\/09\/invitacion-con-relieve-300x210-1.jpg\",\"width\":300,\"height\":210,\"caption\":\"Impresi\u00f3n con relieve\"},{\"@type\":\"BreadcrumbList\",\"@id\":\"https:\/\/artyplan.com\/ca\/blog\/impressio-invitacions-per-a-la-teva-empresa\/#breadcrumb\",\"itemListElement\":[{\"@type\":\"ListItem\",\"position\":1,\"name\":\"Artyplan\",\"item\":\"https:\/\/artyplan.com\/ca\/\"},{\"@type\":\"ListItem\",\"position\":2,\"name\":\"Impressi\u00f3 d&#8217;invitacions per a la teva Empresa\"}]},{\"@type\":\"WebSite\",\"@id\":\"https:\/\/artyplan.com\/ca\/#website\",\"url\":\"https:\/\/artyplan.com\/ca\/\",\"name\":\"Artyplan\",\"description\":\"\",\"publisher\":{\"@id\":\"https:\/\/artyplan.com\/ca\/#organization\"},\"potentialAction\":[{\"@type\":\"SearchAction\",\"target\":{\"@type\":\"EntryPoint\",\"urlTemplate\":\"https:\/\/artyplan.com\/ca\/?s={search_term_string}\"},\"query-input\":{\"@type\":\"PropertyValueSpecification\",\"valueRequired\":true,\"valueName\":\"search_term_string\"}}],\"inLanguage\":\"ca\"},{\"@type\":\"Organization\",\"@id\":\"https:\/\/artyplan.com\/ca\/#organization\",\"name\":\"Artyplan\",\"url\":\"https:\/\/artyplan.com\/ca\/\",\"logo\":{\"@type\":\"ImageObject\",\"inLanguage\":\"ca\",\"@id\":\"https:\/\/artyplan.com\/ca\/#\/schema\/logo\/image\/\",\"url\":\"https:\/\/artyplan.com\/wp-content\/uploads\/2025\/12\/Logo-artyplan-690x690-1.png\",\"contentUrl\":\"https:\/\/artyplan.com\/wp-content\/uploads\/2025\/12\/Logo-artyplan-690x690-1.png\",\"width\":690,\"height\":690,\"caption\":\"Artyplan\"},\"image\":{\"@id\":\"https:\/\/artyplan.com\/ca\/#\/schema\/logo\/image\/\"},\"sameAs\":[\"https:\/\/www.facebook.com\/artyplan\",\"https:\/\/www.instagram.com\/artyplan\/\",\"https:\/\/www.linkedin.com\/company\/artyplan\"],\"description\":\"Artyplan \u00e9s una empresa especialitzada en producci\u00f3 gr\u00e0fica i comunicaci\u00f3 visual amb 60 anys dexperi\u00e8ncia. Oferim solucions integrals d'impressi\u00f3 en gran format, PLV i retail, gesti\u00f3 d'esdeveniments i fires, disseny i fabricaci\u00f3 a mida, log\u00edstica i serveis d'instal\u00b7laci\u00f3 a tot el territori. Treballem per a marques, ag\u00e8ncies, espais comercials i institucions que necessiten un partner fiable per desenvolupar campanyes de m\u00e0rqueting, projectes de retail i accions de branding o m\u00e0rqueting. Combinem tecnologia avan\u00e7ada d\u00b4impressi\u00f3 digital, un equip expert i una gesti\u00f3 completa de projectes per garantir qualitat, agilitat i resultats a mida per a cada client. Disposem de plataformes B2B que faciliten als nostres clients la gesti\u00f3 de les comandes de materials impresos aix\u00ed com la log\u00edstica dels mateixos.\",\"email\":\"info@artyplan.com\",\"telephone\":\"+34 93 200 87 99\",\"legalName\":\"Artyplan S.L.\",\"vatID\":\"B61963229\",\"numberOfEmployees\":{\"@type\":\"QuantitativeValue\",\"minValue\":\"51\",\"maxValue\":\"200\"}},{\"@type\":\"Person\",\"@id\":\"https:\/\/artyplan.com\/ca\/#\/schema\/person\/0ef19accced432bc277b8d5248cd2cc0\",\"name\":\"Sergio Triguero\",\"image\":{\"@type\":\"ImageObject\",\"inLanguage\":\"ca\",\"@id\":\"https:\/\/artyplan.com\/ca\/#\/schema\/person\/image\/\",\"url\":\"https:\/\/secure.gravatar.com\/avatar\/c742a95811ffbc635a3d111ab446f278cce576575d14970fd5d56e17580c3f23?s=96&d=mm&r=g\",\"contentUrl\":\"https:\/\/secure.gravatar.com\/avatar\/c742a95811ffbc635a3d111ab446f278cce576575d14970fd5d56e17580c3f23?s=96&d=mm&r=g\",\"caption\":\"Sergio Triguero\"}}]}<\/script>\n<!-- \/ Yoast SEO Premium plugin. -->","yoast_head_json":{"title":"Impressi\u00f3 d'invitacions per a la teva Empresa | Artyplan","description":"La impressi\u00f3 d'invitacions corporatives afegeix elegancia als esdeveniment. Impacta amb papers, acabats o disenys personalizats de qualitat.","robots":{"index":"index","follow":"follow","max-snippet":"max-snippet:-1","max-image-preview":"max-image-preview:large","max-video-preview":"max-video-preview:-1"},"canonical":"https:\/\/artyplan.com\/ca\/blog\/impressio-invitacions-per-a-la-teva-empresa\/","og_locale":"ca_ES","og_type":"article","og_title":"Impressi\u00f3 d'invitacions per a la teva Empresa","og_description":"La impressi\u00f3 d'invitacions corporatives afegeix elegancia als esdeveniment. Impacta amb papers, acabats o disenys personalizats de qualitat.","og_url":"https:\/\/artyplan.com\/ca\/blog\/impressio-invitacions-per-a-la-teva-empresa\/","og_site_name":"Artyplan","article_publisher":"https:\/\/www.facebook.com\/artyplan","article_published_time":"2023-07-09T22:00:00+00:00","article_modified_time":"2025-09-07T14:15:30+00:00","og_image":[{"width":300,"height":210,"url":"https:\/\/artyplan.com\/wp-content\/uploads\/2025\/09\/invitacion-con-relieve-300x210-1.jpg","type":"image\/jpeg"}],"author":"Sergio Triguero","twitter_card":"summary_large_image","twitter_misc":{"Escrit per":"Sergio Triguero","Temps estimat de lectura":"3 minuts"},"schema":{"@context":"https:\/\/schema.org","@graph":[{"@type":"Article","@id":"https:\/\/artyplan.com\/ca\/blog\/impressio-invitacions-per-a-la-teva-empresa\/#article","isPartOf":{"@id":"https:\/\/artyplan.com\/ca\/blog\/impressio-invitacions-per-a-la-teva-empresa\/"},"author":{"name":"Sergio Triguero","@id":"https:\/\/artyplan.com\/ca\/#\/schema\/person\/0ef19accced432bc277b8d5248cd2cc0"},"headline":"Impressi\u00f3 d&#8217;invitacions per a la teva Empresa","datePublished":"2023-07-09T22:00:00+00:00","dateModified":"2025-09-07T14:15:30+00:00","mainEntityOfPage":{"@id":"https:\/\/artyplan.com\/ca\/blog\/impressio-invitacions-per-a-la-teva-empresa\/"},"wordCount":640,"publisher":{"@id":"https:\/\/artyplan.com\/ca\/#organization"},"image":{"@id":"https:\/\/artyplan.com\/ca\/blog\/impressio-invitacions-per-a-la-teva-empresa\/#primaryimage"},"thumbnailUrl":"https:\/\/artyplan.com\/wp-content\/uploads\/2025\/09\/invitacion-con-relieve-300x210-1.jpg","articleSection":["Sense-categoritzar"],"inLanguage":"ca"},{"@type":"WebPage","@id":"https:\/\/artyplan.com\/ca\/blog\/impressio-invitacions-per-a-la-teva-empresa\/","url":"https:\/\/artyplan.com\/ca\/blog\/impressio-invitacions-per-a-la-teva-empresa\/","name":"Impressi\u00f3 d'invitacions per a la teva Empresa | Artyplan","isPartOf":{"@id":"https:\/\/artyplan.com\/ca\/#website"},"primaryImageOfPage":{"@id":"https:\/\/artyplan.com\/ca\/blog\/impressio-invitacions-per-a-la-teva-empresa\/#primaryimage"},"image":{"@id":"https:\/\/artyplan.com\/ca\/blog\/impressio-invitacions-per-a-la-teva-empresa\/#primaryimage"},"thumbnailUrl":"https:\/\/artyplan.com\/wp-content\/uploads\/2025\/09\/invitacion-con-relieve-300x210-1.jpg","datePublished":"2023-07-09T22:00:00+00:00","dateModified":"2025-09-07T14:15:30+00:00","description":"La impressi\u00f3 d'invitacions corporatives afegeix elegancia als esdeveniment. Impacta amb papers, acabats o disenys personalizats de qualitat.","breadcrumb":{"@id":"https:\/\/artyplan.com\/ca\/blog\/impressio-invitacions-per-a-la-teva-empresa\/#breadcrumb"},"inLanguage":"ca","potentialAction":[{"@type":"ReadAction","target":["https:\/\/artyplan.com\/ca\/blog\/impressio-invitacions-per-a-la-teva-empresa\/"]}]},{"@type":"ImageObject","inLanguage":"ca","@id":"https:\/\/artyplan.com\/ca\/blog\/impressio-invitacions-per-a-la-teva-empresa\/#primaryimage","url":"https:\/\/artyplan.com\/wp-content\/uploads\/2025\/09\/invitacion-con-relieve-300x210-1.jpg","contentUrl":"https:\/\/artyplan.com\/wp-content\/uploads\/2025\/09\/invitacion-con-relieve-300x210-1.jpg","width":300,"height":210,"caption":"Impresi\u00f3n con relieve"},{"@type":"BreadcrumbList","@id":"https:\/\/artyplan.com\/ca\/blog\/impressio-invitacions-per-a-la-teva-empresa\/#breadcrumb","itemListElement":[{"@type":"ListItem","position":1,"name":"Artyplan","item":"https:\/\/artyplan.com\/ca\/"},{"@type":"ListItem","position":2,"name":"Impressi\u00f3 d&#8217;invitacions per a la teva Empresa"}]},{"@type":"WebSite","@id":"https:\/\/artyplan.com\/ca\/#website","url":"https:\/\/artyplan.com\/ca\/","name":"Artyplan","description":"","publisher":{"@id":"https:\/\/artyplan.com\/ca\/#organization"},"potentialAction":[{"@type":"SearchAction","target":{"@type":"EntryPoint","urlTemplate":"https:\/\/artyplan.com\/ca\/?s={search_term_string}"},"query-input":{"@type":"PropertyValueSpecification","valueRequired":true,"valueName":"search_term_string"}}],"inLanguage":"ca"},{"@type":"Organization","@id":"https:\/\/artyplan.com\/ca\/#organization","name":"Artyplan","url":"https:\/\/artyplan.com\/ca\/","logo":{"@type":"ImageObject","inLanguage":"ca","@id":"https:\/\/artyplan.com\/ca\/#\/schema\/logo\/image\/","url":"https:\/\/artyplan.com\/wp-content\/uploads\/2025\/12\/Logo-artyplan-690x690-1.png","contentUrl":"https:\/\/artyplan.com\/wp-content\/uploads\/2025\/12\/Logo-artyplan-690x690-1.png","width":690,"height":690,"caption":"Artyplan"},"image":{"@id":"https:\/\/artyplan.com\/ca\/#\/schema\/logo\/image\/"},"sameAs":["https:\/\/www.facebook.com\/artyplan","https:\/\/www.instagram.com\/artyplan\/","https:\/\/www.linkedin.com\/company\/artyplan"],"description":"Artyplan \u00e9s una empresa especialitzada en producci\u00f3 gr\u00e0fica i comunicaci\u00f3 visual amb 60 anys dexperi\u00e8ncia. Oferim solucions integrals d'impressi\u00f3 en gran format, PLV i retail, gesti\u00f3 d'esdeveniments i fires, disseny i fabricaci\u00f3 a mida, log\u00edstica i serveis d'instal\u00b7laci\u00f3 a tot el territori. Treballem per a marques, ag\u00e8ncies, espais comercials i institucions que necessiten un partner fiable per desenvolupar campanyes de m\u00e0rqueting, projectes de retail i accions de branding o m\u00e0rqueting. Combinem tecnologia avan\u00e7ada d\u00b4impressi\u00f3 digital, un equip expert i una gesti\u00f3 completa de projectes per garantir qualitat, agilitat i resultats a mida per a cada client. Disposem de plataformes B2B que faciliten als nostres clients la gesti\u00f3 de les comandes de materials impresos aix\u00ed com la log\u00edstica dels mateixos.","email":"info@artyplan.com","telephone":"+34 93 200 87 99","legalName":"Artyplan S.L.","vatID":"B61963229","numberOfEmployees":{"@type":"QuantitativeValue","minValue":"51","maxValue":"200"}},{"@type":"Person","@id":"https:\/\/artyplan.com\/ca\/#\/schema\/person\/0ef19accced432bc277b8d5248cd2cc0","name":"Sergio Triguero","image":{"@type":"ImageObject","inLanguage":"ca","@id":"https:\/\/artyplan.com\/ca\/#\/schema\/person\/image\/","url":"https:\/\/secure.gravatar.com\/avatar\/c742a95811ffbc635a3d111ab446f278cce576575d14970fd5d56e17580c3f23?s=96&d=mm&r=g","contentUrl":"https:\/\/secure.gravatar.com\/avatar\/c742a95811ffbc635a3d111ab446f278cce576575d14970fd5d56e17580c3f23?s=96&d=mm&r=g","caption":"Sergio Triguero"}}]}},"_links":{"self":[{"href":"https:\/\/artyplan.com\/ca\/wp-json\/wp\/v2\/posts\/5590","targetHints":{"allow":["GET"]}}],"collection":[{"href":"https:\/\/artyplan.com\/ca\/wp-json\/wp\/v2\/posts"}],"about":[{"href":"https:\/\/artyplan.com\/ca\/wp-json\/wp\/v2\/types\/post"}],"author":[{"embeddable":true,"href":"https:\/\/artyplan.com\/ca\/wp-json\/wp\/v2\/users\/3"}],"replies":[{"embeddable":true,"href":"https:\/\/artyplan.com\/ca\/wp-json\/wp\/v2\/comments?post=5590"}],"version-history":[{"count":7,"href":"https:\/\/artyplan.com\/ca\/wp-json\/wp\/v2\/posts\/5590\/revisions"}],"predecessor-version":[{"id":7793,"href":"https:\/\/artyplan.com\/ca\/wp-json\/wp\/v2\/posts\/5590\/revisions\/7793"}],"wp:featuredmedia":[{"embeddable":true,"href":"https:\/\/artyplan.com\/ca\/wp-json\/wp\/v2\/media\/7792"}],"wp:attachment":[{"href":"https:\/\/artyplan.com\/ca\/wp-json\/wp\/v2\/media?parent=5590"}],"wp:term":[{"taxonomy":"category","embeddable":true,"href":"https:\/\/artyplan.com\/ca\/wp-json\/wp\/v2\/categories?post=5590"},{"taxonomy":"post_tag","embeddable":true,"href":"https:\/\/artyplan.com\/ca\/wp-json\/wp\/v2\/tags?post=5590"}],"curies":[{"name":"wp","href":"https:\/\/api.w.org\/{rel}","templated":true}]}}